{"id":99989,"date":"2026-03-08T21:41:12","date_gmt":"2026-03-08T19:41:12","guid":{"rendered":"https:\/\/now-news.de\/de\/deutschland\/aussenminister-wang-yi-china-lehnt-gemeinsame-weltherrschaft-der-grossmaechte-ab\/"},"modified":"2026-03-08T21:41:12","modified_gmt":"2026-03-08T19:41:12","slug":"aussenminister-wang-yi-china-lehnt-gemeinsame-weltherrschaft-der-grossmaechte-ab","status":"publish","type":"post","link":"https:\/\/now-news.de\/de\/deutschland\/aussenminister-wang-yi-china-lehnt-gemeinsame-weltherrschaft-der-grossmaechte-ab\/","title":{"rendered":"Au\u00dfenminister Wang Yi: China lehnt gemeinsame Weltherrschaft der Gro\u00dfm\u00e4chte ab"},"content":{"rendered":"<p><img decoding=\"async\" src=\"https:\/\/now-news.de\/de\/wp-content\/uploads\/sites\/3\/2026\/03\/69ad6624b480cc72501bb04a.jpg\" \/><\/p>\n<div class=\"Text-root Text-type_1 \">\n                China werde niemals den Weg einer &#8220;starken Nation, die unweigerlich nach Hegemonie strebt&#8221;, beschreiten, erkl\u00e4rte Au\u00dfenminister Wang Yi. Peking hingegen schl\u00e4gt den Aufbau einer gleichberechtigten, multipolaren Welt vor, in der jedes Land seine eigene Rolle hat.\n            <\/div>\n<p><\/p>\n<div class=\"Text-root Text-type_5 ArticleView-text ViewText-root \">\n<p>Die Taiwan-Frage ist eine innere Angelegenheit Chinas, und diese &#8220;rote Linie&#8221; darf nicht \u00fcberschritten werden, <a rel=\"nofollow noopener\" target=\"_blank\" href=\"https:\/\/www.news.cn\/politics\/20260308\/ff98ea0efaf7448fb80e1e04a15eb224\/c.html\">erkl\u00e4rte<\/a> Au\u00dfenminister Wang Yi auf seiner j\u00e4hrlichen Pressekonferenz. Er sagte:<strong><\/strong><\/p>\n<blockquote>\n<p><em>&#8220;Die Taiwan-Frage ist eine innere Angelegenheit Chinas und bildet den Kern der fundamentalen Interessen Chinas. Diese &#8216;rote Linie&#8217; darf nicht \u00fcberschritten oder verletzt werden.&#8221;<\/em><\/p>\n<\/blockquote>\n<p>Wang Yi betonte, dass Peking die Logik einer gemeinsamen Weltherrschaft der Gro\u00dfm\u00e4chte nicht unterst\u00fctzt. Der Minister hob hervor:<\/p>\n<blockquote>\n<p><em>&#8220;Die Wiederbelebung der chinesischen Nation mit ihren 1,4 Milliarden Menschen wird in keiner Weise dem alten Weg traditioneller Gro\u00dfm\u00e4chte folgen, die nach Hegemonie und Expansion strebten. Wir werden den Weg der friedlichen Entwicklung entschlossen und unersch\u00fctterlich beschreiten und alle L\u00e4nder ermutigen, gemeinsam eine Welt universeller Sicherheit, des Wohlstands, der Offenheit und der Inklusivit\u00e4t aufzubauen.&#8221;<\/em><\/p>\n<\/blockquote>\n<p>Gro\u00dfmachtrivalit\u00e4t und -konfrontation h\u00e4tten der Menschheit Leid und Katastrophen gebracht. Daher werde China niemals dem Weg folgen, nach dem &#8220;eine starke Nation unweigerlich nach Hegemonie strebt&#8221;, f\u00fcgte Wang Yi hinzu. Die Verfassung des Landes lege eindeutig fest, dass es den Weg der friedlichen Entwicklung beschreiten werde, stellte er klar.<\/p>\n<p>China schlage den Aufbau einer gleichberechtigten, multipolaren Welt auf der Grundlage von Ordnung vor, fuhr der Minister fort. Gleichberechtigung bedeute, dass alle L\u00e4nder, unabh\u00e4ngig von ihrer Gr\u00f6\u00dfe oder Milit\u00e4rmacht, als gleichberechtigte Mitglieder der internationalen Gemeinschaft gelten und ihren Platz in einer multipolaren Welt finden und ihre Rolle darin spielen k\u00f6nnen, betonte Wang Yi. Im September 2025 legte der chinesische Staatschef Xi Jinping f\u00fcnf Prinzipien der globalen Regierungsf\u00fchrung vor:<\/p>\n<ul>\n<li>souver\u00e4ne Gleichheit,<\/li>\n<li>Einhaltung der Prinzipien des V\u00f6lkerrechts,<\/li>\n<li>F\u00f6rderung des Multilateralismus,<\/li>\n<li>Eintreten f\u00fcr einen menschenzentrierten Ansatz,<\/li>\n<li>Fokussierung auf konkretes Handeln.<\/li>\n<\/ul>\n<p>Der Begriff &#8220;Globale Governance&#8221; bezeichnet allgemein das System von Institutionen, Prinzipien, politischen, rechtlichen und anderen Normen, die die Regelung transnationaler und globaler Angelegenheiten untermauern. Dieser Prozess beinhaltet die Interaktion zwischen Staaten und nichtstaatlichen Akteuren, vorwiegend \u00fcber die von ihnen selbst geschaffenen Strukturen und Mechanismen.<\/p>\n<p>China hat, wie Russland und einige andere globale Gro\u00dfm\u00e4chte, wiederholt die Notwendigkeit einer Reform der globalen Ordnung betont. Der russische Pr\u00e4sident Wladimir Putin erkl\u00e4rte, der Wandel befinde sich bereits im Gange und die vom Westen geschaffene alte Ordnung geh\u00f6re der Vergangenheit an. Er bezeichnete Xi Jinpings Ideen als relevant in einer Situation, in der &#8220;einige L\u00e4nder weiterhin den Wunsch hegen, die internationalen Beziehungen zu diktieren&#8221;.<\/p>\n<p><strong>Mehr zum Thema<\/strong>\u00a0\u2013\u00a0<a rel=\"nofollow noopener\" target=\"_blank\" href=\"https:\/\/freedert.online\/international\/270238-aussenminister-wang-yi-kooperation-beste\/\">Au\u00dfenminister Wang Yi: Kooperation beste Option f\u00fcr Peking und Washington<\/a><\/p>\n<\/div>\n<p><br \/>\n<br \/><a href=\"https:\/\/de.rt.com\/international\/272543-china-unterstuetzt-logik-gemeinsamen-globalen\/\">Source link <\/a><\/p>\n","protected":false},"excerpt":{"rendered":"<p>China werde niemals den Weg einer &#8220;starken Nation, die unweigerlich nach Hegemonie strebt&#8221;, beschreiten, erkl\u00e4rte Au\u00dfenminister Wang Yi. Peking hingegen schl\u00e4gt den Aufbau einer gleichberechtigten, multipolaren Welt vor, in der jedes Land seine eigene Rolle hat. Die Taiwan-Frage ist eine innere Angelegenheit Chinas, und diese &#8220;rote Linie&#8221; darf nicht \u00fcberschritten werden, erkl\u00e4rte Au\u00dfenminister Wang Yi [&hellip;]<\/p>\n","protected":false},"author":3,"featured_media":99990,"comment_status":"open","ping_status":"open","sticky":false,"template":"","format":"standard","meta":{"_yoast_indexnow_last_ping":["1772998973"],"wp_automatic_camp":["217"],"d69c4c49bf91c4259a77b38a071d7ea3":["Au\u00dfenminister Wang Yi: China lehnt gemeinsame Weltherrschaft der Gro\u00dfm\u00e4chte ab"],"original_link":["https:\/\/de.rt.com\/international\/272543-china-unterstuetzt-logik-gemeinsamen-globalen\/"],"_thumbnail_id":["99990"],"jnews_social_counter_last_update":["1777324631"],"_wptgpro_p2tg_sent2tg":["a:1:{i:23737;s:19:\"2026-03-08 21:43:54\";}"]},"categories":[19,23],"tags":[13830,192,82,21722,42685,2034,27717,5365],"yoast_head":"<!-- This site is optimized with the Yoast SEO Premium plugin v22.7 (Yoast SEO v22.7) - https:\/\/yoast.com\/wordpress\/plugins\/seo\/ -->\n<title>Au\u00dfenminister Wang Yi: China lehnt gemeinsame Weltherrschaft der Gro\u00dfm\u00e4chte ab - just-now.NEWS Deutschland<\/title>\n<meta name=\"robots\" content=\"index, follow, max-snippet:-1, max-image-preview:large, max-video-preview:-1\" \/>\n<link rel=\"canonical\" href=\"https:\/\/now-news.de\/de\/deutschland\/aussenminister-wang-yi-china-lehnt-gemeinsame-weltherrschaft-der-grossmaechte-ab\/\" \/>\n<meta property=\"og:locale\" content=\"de_DE\" \/>\n<meta property=\"og:type\" content=\"article\" \/>\n<meta property=\"og:title\" content=\"Au\u00dfenminister Wang Yi: China lehnt gemeinsame Weltherrschaft der Gro\u00dfm\u00e4chte ab\" \/>\n<meta property=\"og:description\" content=\"China werde niemals den Weg einer &#8220;starken Nation, die unweigerlich nach Hegemonie strebt&#8221;, beschreiten, erkl\u00e4rte Au\u00dfenminister Wang Yi. Peking hingegen schl\u00e4gt den Aufbau einer gleichberechtigten, multipolaren Welt vor, in der jedes Land seine eigene Rolle hat. Die Taiwan-Frage ist eine innere Angelegenheit Chinas, und diese &#8220;rote Linie&#8221; darf nicht \u00fcberschritten werden, erkl\u00e4rte Au\u00dfenminister Wang Yi [&hellip;]\" \/>\n<meta property=\"og:url\" content=\"https:\/\/now-news.de\/de\/deutschland\/aussenminister-wang-yi-china-lehnt-gemeinsame-weltherrschaft-der-grossmaechte-ab\/\" \/>\n<meta property=\"og:site_name\" content=\"just-now.NEWS Deutschland\" \/>\n<meta property=\"article:publisher\" content=\"https:\/\/www.facebook.com\/wirmachenauf\" \/>\n<meta property=\"article:published_time\" content=\"2026-03-08T19:41:12+00:00\" \/>\n<meta property=\"og:image\" content=\"https:\/\/now-news.de\/de\/wp-content\/uploads\/sites\/3\/2026\/03\/69ad6624b480cc72501bb04a.jpg\" \/>\n<meta name=\"author\" content=\"rtnews\" \/>\n<meta name=\"twitter:card\" content=\"summary_large_image\" \/>\n<meta name=\"twitter:creator\" content=\"@WirMachenAuf_de\" \/>\n<meta name=\"twitter:site\" content=\"@WirMachenAuf_de\" \/>\n<meta name=\"twitter:label1\" content=\"Verfasst von\" \/>\n\t<meta name=\"twitter:data1\" content=\"rtnews\" \/>\n\t<meta name=\"twitter:label2\" content=\"Gesch\u00e4tzte Lesezeit\" \/>\n\t<meta name=\"twitter:data2\" content=\"2\u00a0Minuten\" \/>\n<script type=\"application\/ld+json\" class=\"yoast-schema-graph\">{\"@context\":\"https:\/\/schema.org\",\"@graph\":[{\"@type\":\"Article\",\"@id\":\"https:\/\/now-news.de\/de\/deutschland\/aussenminister-wang-yi-china-lehnt-gemeinsame-weltherrschaft-der-grossmaechte-ab\/#article\",\"isPartOf\":{\"@id\":\"https:\/\/now-news.de\/de\/deutschland\/aussenminister-wang-yi-china-lehnt-gemeinsame-weltherrschaft-der-grossmaechte-ab\/\"},\"author\":{\"name\":\"rtnews\",\"@id\":\"https:\/\/now-news.de\/de\/#\/schema\/person\/fb534a4e865501d8b3285208df34a9b5\"},\"headline\":\"Au\u00dfenminister Wang Yi: China lehnt gemeinsame Weltherrschaft der Gro\u00dfm\u00e4chte ab\",\"datePublished\":\"2026-03-08T19:41:12+00:00\",\"dateModified\":\"2026-03-08T19:41:12+00:00\",\"mainEntityOfPage\":{\"@id\":\"https:\/\/now-news.de\/de\/deutschland\/aussenminister-wang-yi-china-lehnt-gemeinsame-weltherrschaft-der-grossmaechte-ab\/\"},\"wordCount\":466,\"commentCount\":0,\"publisher\":{\"@id\":\"https:\/\/now-news.de\/de\/#organization\"},\"image\":{\"@id\":\"https:\/\/now-news.de\/de\/deutschland\/aussenminister-wang-yi-china-lehnt-gemeinsame-weltherrschaft-der-grossmaechte-ab\/#primaryimage\"},\"thumbnailUrl\":\"https:\/\/now-news.de\/de\/wp-content\/uploads\/sites\/3\/2026\/03\/Aussenminister-Wang-Yi-China-lehnt-gemeinsame-Weltherrschaft-der-Grossmaechte-ab.jpg\",\"keywords\":[\"Au\u00dfenminister\",\"China\",\"der\",\"gemeinsame\",\"Gro\u00dfm\u00e4chte\",\"lehnt\",\"Wang\",\"Weltherrschaft\"],\"articleSection\":[\"Deutschland\",\"Russland\"],\"inLanguage\":\"de\",\"potentialAction\":[{\"@type\":\"CommentAction\",\"name\":\"Comment\",\"target\":[\"https:\/\/now-news.de\/de\/deutschland\/aussenminister-wang-yi-china-lehnt-gemeinsame-weltherrschaft-der-grossmaechte-ab\/#respond\"]}]},{\"@type\":\"WebPage\",\"@id\":\"https:\/\/now-news.de\/de\/deutschland\/aussenminister-wang-yi-china-lehnt-gemeinsame-weltherrschaft-der-grossmaechte-ab\/\",\"url\":\"https:\/\/now-news.de\/de\/deutschland\/aussenminister-wang-yi-china-lehnt-gemeinsame-weltherrschaft-der-grossmaechte-ab\/\",\"name\":\"Au\u00dfenminister Wang Yi: China lehnt gemeinsame Weltherrschaft der Gro\u00dfm\u00e4chte ab - just-now.NEWS Deutschland\",\"isPartOf\":{\"@id\":\"https:\/\/now-news.de\/de\/#website\"},\"primaryImageOfPage\":{\"@id\":\"https:\/\/now-news.de\/de\/deutschland\/aussenminister-wang-yi-china-lehnt-gemeinsame-weltherrschaft-der-grossmaechte-ab\/#primaryimage\"},\"image\":{\"@id\":\"https:\/\/now-news.de\/de\/deutschland\/aussenminister-wang-yi-china-lehnt-gemeinsame-weltherrschaft-der-grossmaechte-ab\/#primaryimage\"},\"thumbnailUrl\":\"https:\/\/now-news.de\/de\/wp-content\/uploads\/sites\/3\/2026\/03\/Aussenminister-Wang-Yi-China-lehnt-gemeinsame-Weltherrschaft-der-Grossmaechte-ab.jpg\",\"datePublished\":\"2026-03-08T19:41:12+00:00\",\"dateModified\":\"2026-03-08T19:41:12+00:00\",\"breadcrumb\":{\"@id\":\"https:\/\/now-news.de\/de\/deutschland\/aussenminister-wang-yi-china-lehnt-gemeinsame-weltherrschaft-der-grossmaechte-ab\/#breadcrumb\"},\"inLanguage\":\"de\",\"potentialAction\":[{\"@type\":\"ReadAction\",\"target\":[\"https:\/\/now-news.de\/de\/deutschland\/aussenminister-wang-yi-china-lehnt-gemeinsame-weltherrschaft-der-grossmaechte-ab\/\"]}]},{\"@type\":\"ImageObject\",\"inLanguage\":\"de\",\"@id\":\"https:\/\/now-news.de\/de\/deutschland\/aussenminister-wang-yi-china-lehnt-gemeinsame-weltherrschaft-der-grossmaechte-ab\/#primaryimage\",\"url\":\"https:\/\/now-news.de\/de\/wp-content\/uploads\/sites\/3\/2026\/03\/Aussenminister-Wang-Yi-China-lehnt-gemeinsame-Weltherrschaft-der-Grossmaechte-ab.jpg\",\"contentUrl\":\"https:\/\/now-news.de\/de\/wp-content\/uploads\/sites\/3\/2026\/03\/Aussenminister-Wang-Yi-China-lehnt-gemeinsame-Weltherrschaft-der-Grossmaechte-ab.jpg\",\"width\":460,\"height\":259,\"caption\":\"Au\u00dfenminister Wang Yi: China lehnt gemeinsame Weltherrschaft der Gro\u00dfm\u00e4chte ab\"},{\"@type\":\"BreadcrumbList\",\"@id\":\"https:\/\/now-news.de\/de\/deutschland\/aussenminister-wang-yi-china-lehnt-gemeinsame-weltherrschaft-der-grossmaechte-ab\/#breadcrumb\",\"itemListElement\":[{\"@type\":\"ListItem\",\"position\":1,\"name\":\"Home\",\"item\":\"https:\/\/now-news.de\/de\/\"},{\"@type\":\"ListItem\",\"position\":2,\"name\":\"Au\u00dfenminister Wang Yi: China lehnt gemeinsame Weltherrschaft der Gro\u00dfm\u00e4chte ab\"}]},{\"@type\":\"WebSite\",\"@id\":\"https:\/\/now-news.de\/de\/#website\",\"url\":\"https:\/\/now-news.de\/de\/\",\"name\":\"just-now.NEWS Deutschland\",\"description\":\"Das Portal f\u00fcr unzensierte Nachrichten aus der Welt\",\"publisher\":{\"@id\":\"https:\/\/now-news.de\/de\/#organization\"},\"potentialAction\":[{\"@type\":\"SearchAction\",\"target\":{\"@type\":\"EntryPoint\",\"urlTemplate\":\"https:\/\/now-news.de\/de\/?s={search_term_string}\"},\"query-input\":\"required name=search_term_string\"}],\"inLanguage\":\"de\"},{\"@type\":\"Organization\",\"@id\":\"https:\/\/now-news.de\/de\/#organization\",\"name\":\"Just Now News\",\"url\":\"https:\/\/now-news.de\/de\/\",\"logo\":{\"@type\":\"ImageObject\",\"inLanguage\":\"de\",\"@id\":\"https:\/\/now-news.de\/de\/#\/schema\/logo\/image\/\",\"url\":\"http:\/\/just-now.news\/de\/wp-content\/uploads\/sites\/3\/2022\/04\/logo500x500.jpg\",\"contentUrl\":\"http:\/\/just-now.news\/de\/wp-content\/uploads\/sites\/3\/2022\/04\/logo500x500.jpg\",\"width\":500,\"height\":500,\"caption\":\"Just Now News\"},\"image\":{\"@id\":\"https:\/\/now-news.de\/de\/#\/schema\/logo\/image\/\"},\"sameAs\":[\"https:\/\/www.facebook.com\/wirmachenauf\",\"https:\/\/x.com\/WirMachenAuf_de\"]},{\"@type\":\"Person\",\"@id\":\"https:\/\/now-news.de\/de\/#\/schema\/person\/fb534a4e865501d8b3285208df34a9b5\",\"name\":\"rtnews\",\"image\":{\"@type\":\"ImageObject\",\"inLanguage\":\"de\",\"@id\":\"https:\/\/now-news.de\/de\/#\/schema\/person\/image\/\",\"url\":\"https:\/\/secure.gravatar.com\/avatar\/82aafea7d8127119dd649515f56e2117?s=96&d=mm&r=g\",\"contentUrl\":\"https:\/\/secure.gravatar.com\/avatar\/82aafea7d8127119dd649515f56e2117?s=96&d=mm&r=g\",\"caption\":\"rtnews\"},\"url\":\"https:\/\/now-news.de\/de\/author\/rnews\/\"}]}<\/script>\n<!-- \/ Yoast SEO Premium plugin. -->","yoast_head_json":{"title":"Au\u00dfenminister Wang Yi: China lehnt gemeinsame Weltherrschaft der Gro\u00dfm\u00e4chte ab - just-now.NEWS Deutschland","robots":{"index":"index","follow":"follow","max-snippet":"max-snippet:-1","max-image-preview":"max-image-preview:large","max-video-preview":"max-video-preview:-1"},"canonical":"https:\/\/now-news.de\/de\/deutschland\/aussenminister-wang-yi-china-lehnt-gemeinsame-weltherrschaft-der-grossmaechte-ab\/","og_locale":"de_DE","og_type":"article","og_title":"Au\u00dfenminister Wang Yi: China lehnt gemeinsame Weltherrschaft der Gro\u00dfm\u00e4chte ab","og_description":"China werde niemals den Weg einer &#8220;starken Nation, die unweigerlich nach Hegemonie strebt&#8221;, beschreiten, erkl\u00e4rte Au\u00dfenminister Wang Yi. Peking hingegen schl\u00e4gt den Aufbau einer gleichberechtigten, multipolaren Welt vor, in der jedes Land seine eigene Rolle hat. Die Taiwan-Frage ist eine innere Angelegenheit Chinas, und diese &#8220;rote Linie&#8221; darf nicht \u00fcberschritten werden, erkl\u00e4rte Au\u00dfenminister Wang Yi [&hellip;]","og_url":"https:\/\/now-news.de\/de\/deutschland\/aussenminister-wang-yi-china-lehnt-gemeinsame-weltherrschaft-der-grossmaechte-ab\/","og_site_name":"just-now.NEWS Deutschland","article_publisher":"https:\/\/www.facebook.com\/wirmachenauf","article_published_time":"2026-03-08T19:41:12+00:00","og_image":[{"url":"https:\/\/now-news.de\/de\/wp-content\/uploads\/sites\/3\/2026\/03\/69ad6624b480cc72501bb04a.jpg"}],"author":"rtnews","twitter_card":"summary_large_image","twitter_creator":"@WirMachenAuf_de","twitter_site":"@WirMachenAuf_de","twitter_misc":{"Verfasst von":"rtnews","Gesch\u00e4tzte Lesezeit":"2\u00a0Minuten"},"schema":{"@context":"https:\/\/schema.org","@graph":[{"@type":"Article","@id":"https:\/\/now-news.de\/de\/deutschland\/aussenminister-wang-yi-china-lehnt-gemeinsame-weltherrschaft-der-grossmaechte-ab\/#article","isPartOf":{"@id":"https:\/\/now-news.de\/de\/deutschland\/aussenminister-wang-yi-china-lehnt-gemeinsame-weltherrschaft-der-grossmaechte-ab\/"},"author":{"name":"rtnews","@id":"https:\/\/now-news.de\/de\/#\/schema\/person\/fb534a4e865501d8b3285208df34a9b5"},"headline":"Au\u00dfenminister Wang Yi: China lehnt gemeinsame Weltherrschaft der Gro\u00dfm\u00e4chte ab","datePublished":"2026-03-08T19:41:12+00:00","dateModified":"2026-03-08T19:41:12+00:00","mainEntityOfPage":{"@id":"https:\/\/now-news.de\/de\/deutschland\/aussenminister-wang-yi-china-lehnt-gemeinsame-weltherrschaft-der-grossmaechte-ab\/"},"wordCount":466,"commentCount":0,"publisher":{"@id":"https:\/\/now-news.de\/de\/#organization"},"image":{"@id":"https:\/\/now-news.de\/de\/deutschland\/aussenminister-wang-yi-china-lehnt-gemeinsame-weltherrschaft-der-grossmaechte-ab\/#primaryimage"},"thumbnailUrl":"https:\/\/now-news.de\/de\/wp-content\/uploads\/sites\/3\/2026\/03\/Aussenminister-Wang-Yi-China-lehnt-gemeinsame-Weltherrschaft-der-Grossmaechte-ab.jpg","keywords":["Au\u00dfenminister","China","der","gemeinsame","Gro\u00dfm\u00e4chte","lehnt","Wang","Weltherrschaft"],"articleSection":["Deutschland","Russland"],"inLanguage":"de","potentialAction":[{"@type":"CommentAction","name":"Comment","target":["https:\/\/now-news.de\/de\/deutschland\/aussenminister-wang-yi-china-lehnt-gemeinsame-weltherrschaft-der-grossmaechte-ab\/#respond"]}]},{"@type":"WebPage","@id":"https:\/\/now-news.de\/de\/deutschland\/aussenminister-wang-yi-china-lehnt-gemeinsame-weltherrschaft-der-grossmaechte-ab\/","url":"https:\/\/now-news.de\/de\/deutschland\/aussenminister-wang-yi-china-lehnt-gemeinsame-weltherrschaft-der-grossmaechte-ab\/","name":"Au\u00dfenminister Wang Yi: China lehnt gemeinsame Weltherrschaft der Gro\u00dfm\u00e4chte ab - just-now.NEWS Deutschland","isPartOf":{"@id":"https:\/\/now-news.de\/de\/#website"},"primaryImageOfPage":{"@id":"https:\/\/now-news.de\/de\/deutschland\/aussenminister-wang-yi-china-lehnt-gemeinsame-weltherrschaft-der-grossmaechte-ab\/#primaryimage"},"image":{"@id":"https:\/\/now-news.de\/de\/deutschland\/aussenminister-wang-yi-china-lehnt-gemeinsame-weltherrschaft-der-grossmaechte-ab\/#primaryimage"},"thumbnailUrl":"https:\/\/now-news.de\/de\/wp-content\/uploads\/sites\/3\/2026\/03\/Aussenminister-Wang-Yi-China-lehnt-gemeinsame-Weltherrschaft-der-Grossmaechte-ab.jpg","datePublished":"2026-03-08T19:41:12+00:00","dateModified":"2026-03-08T19:41:12+00:00","breadcrumb":{"@id":"https:\/\/now-news.de\/de\/deutschland\/aussenminister-wang-yi-china-lehnt-gemeinsame-weltherrschaft-der-grossmaechte-ab\/#breadcrumb"},"inLanguage":"de","potentialAction":[{"@type":"ReadAction","target":["https:\/\/now-news.de\/de\/deutschland\/aussenminister-wang-yi-china-lehnt-gemeinsame-weltherrschaft-der-grossmaechte-ab\/"]}]},{"@type":"ImageObject","inLanguage":"de","@id":"https:\/\/now-news.de\/de\/deutschland\/aussenminister-wang-yi-china-lehnt-gemeinsame-weltherrschaft-der-grossmaechte-ab\/#primaryimage","url":"https:\/\/now-news.de\/de\/wp-content\/uploads\/sites\/3\/2026\/03\/Aussenminister-Wang-Yi-China-lehnt-gemeinsame-Weltherrschaft-der-Grossmaechte-ab.jpg","contentUrl":"https:\/\/now-news.de\/de\/wp-content\/uploads\/sites\/3\/2026\/03\/Aussenminister-Wang-Yi-China-lehnt-gemeinsame-Weltherrschaft-der-Grossmaechte-ab.jpg","width":460,"height":259,"caption":"Au\u00dfenminister Wang Yi: China lehnt gemeinsame Weltherrschaft der Gro\u00dfm\u00e4chte ab"},{"@type":"BreadcrumbList","@id":"https:\/\/now-news.de\/de\/deutschland\/aussenminister-wang-yi-china-lehnt-gemeinsame-weltherrschaft-der-grossmaechte-ab\/#breadcrumb","itemListElement":[{"@type":"ListItem","position":1,"name":"Home","item":"https:\/\/now-news.de\/de\/"},{"@type":"ListItem","position":2,"name":"Au\u00dfenminister Wang Yi: China lehnt gemeinsame Weltherrschaft der Gro\u00dfm\u00e4chte ab"}]},{"@type":"WebSite","@id":"https:\/\/now-news.de\/de\/#website","url":"https:\/\/now-news.de\/de\/","name":"just-now.NEWS Deutschland","description":"Das Portal f\u00fcr unzensierte Nachrichten aus der Welt","publisher":{"@id":"https:\/\/now-news.de\/de\/#organization"},"potentialAction":[{"@type":"SearchAction","target":{"@type":"EntryPoint","urlTemplate":"https:\/\/now-news.de\/de\/?s={search_term_string}"},"query-input":"required name=search_term_string"}],"inLanguage":"de"},{"@type":"Organization","@id":"https:\/\/now-news.de\/de\/#organization","name":"Just Now News","url":"https:\/\/now-news.de\/de\/","logo":{"@type":"ImageObject","inLanguage":"de","@id":"https:\/\/now-news.de\/de\/#\/schema\/logo\/image\/","url":"http:\/\/just-now.news\/de\/wp-content\/uploads\/sites\/3\/2022\/04\/logo500x500.jpg","contentUrl":"http:\/\/just-now.news\/de\/wp-content\/uploads\/sites\/3\/2022\/04\/logo500x500.jpg","width":500,"height":500,"caption":"Just Now News"},"image":{"@id":"https:\/\/now-news.de\/de\/#\/schema\/logo\/image\/"},"sameAs":["https:\/\/www.facebook.com\/wirmachenauf","https:\/\/x.com\/WirMachenAuf_de"]},{"@type":"Person","@id":"https:\/\/now-news.de\/de\/#\/schema\/person\/fb534a4e865501d8b3285208df34a9b5","name":"rtnews","image":{"@type":"ImageObject","inLanguage":"de","@id":"https:\/\/now-news.de\/de\/#\/schema\/person\/image\/","url":"https:\/\/secure.gravatar.com\/avatar\/82aafea7d8127119dd649515f56e2117?s=96&d=mm&r=g","contentUrl":"https:\/\/secure.gravatar.com\/avatar\/82aafea7d8127119dd649515f56e2117?s=96&d=mm&r=g","caption":"rtnews"},"url":"https:\/\/now-news.de\/de\/author\/rnews\/"}]}},"_links":{"self":[{"href":"https:\/\/now-news.de\/de\/wp-json\/wp\/v2\/posts\/99989"}],"collection":[{"href":"https:\/\/now-news.de\/de\/wp-json\/wp\/v2\/posts"}],"about":[{"href":"https:\/\/now-news.de\/de\/wp-json\/wp\/v2\/types\/post"}],"author":[{"embeddable":true,"href":"https:\/\/now-news.de\/de\/wp-json\/wp\/v2\/users\/3"}],"replies":[{"embeddable":true,"href":"https:\/\/now-news.de\/de\/wp-json\/wp\/v2\/comments?post=99989"}],"version-history":[{"count":0,"href":"https:\/\/now-news.de\/de\/wp-json\/wp\/v2\/posts\/99989\/revisions"}],"wp:featuredmedia":[{"embeddable":true,"href":"https:\/\/now-news.de\/de\/wp-json\/wp\/v2\/media\/99990"}],"wp:attachment":[{"href":"https:\/\/now-news.de\/de\/wp-json\/wp\/v2\/media?parent=99989"}],"wp:term":[{"taxonomy":"category","embeddable":true,"href":"https:\/\/now-news.de\/de\/wp-json\/wp\/v2\/categories?post=99989"},{"taxonomy":"post_tag","embeddable":true,"href":"https:\/\/now-news.de\/de\/wp-json\/wp\/v2\/tags?post=99989"}],"curies":[{"name":"wp","href":"https:\/\/api.w.org\/{rel}","templated":true}]}}