{"id":99986,"date":"2026-03-08T19:07:21","date_gmt":"2026-03-08T17:07:21","guid":{"rendered":"https:\/\/now-news.de\/de\/deutschland\/hochrechung-baden-wuerttemberg-gruene-fuehren-vor-cdu-afd-kann-sich-fast-verdoppeln\/"},"modified":"2026-03-08T19:07:21","modified_gmt":"2026-03-08T17:07:21","slug":"hochrechung-baden-wuerttemberg-gruene-fuehren-vor-cdu-afd-kann-sich-fast-verdoppeln","status":"publish","type":"post","link":"https:\/\/now-news.de\/de\/deutschland\/hochrechung-baden-wuerttemberg-gruene-fuehren-vor-cdu-afd-kann-sich-fast-verdoppeln\/","title":{"rendered":"Hochrechung Baden-W\u00fcrttemberg: Gr\u00fcne f\u00fchren vor CDU, AfD kann sich fast verdoppeln"},"content":{"rendered":"<p><img decoding=\"async\" src=\"https:\/\/now-news.de\/de\/wp-content\/uploads\/sites\/3\/2024\/05\/breaking3.jpg\" \/><\/p>\n<div class=\"Text-root Text-type_1 \">\n                Donnerschlag im &#8220;L\u00e4ndle&#8221;: Die Gr\u00fcnen sind wieder da &#8211; mit 32 Prozent liegt die Ok\u00f6partei von Spitzenkandidat Cem \u00d6zdemir vor der CDU mit 29 Prozent. SPD, FDP und Linke bangen um den Einzug in den Landtag, AfD steht bei 17,5 Prozent.\n            <\/div>\n<p><\/p>\n<div class=\"Text-root Text-type_5 ArticleView-text ViewText-root \">\n<p><em>Laut erster Hochrrechnung der ARD kommen die Parteien bei der Landtagswahl in Baden-W\u00fcrttemberg auf folgende Ergebnisse:<\/em><\/p>\n<h3>Prognose der ARD:<\/h3>\n<p>Gr\u00fcne: 32 Prozent<\/p>\n<p>CDU: 29 Prozent<\/p>\n<p>AfD: 17,5 Prozent<\/p>\n<p>SPD: 5,5 Prozent<\/p>\n<p>FDP: 4,5 Prozent<\/p>\n<p>Linke: 4,5 Prozent<\/p>\n<p>Andere: 7,0 Prozent<\/p>\n<p><em>&#8230;mehr Informationen in K\u00fcrze &#8230;<\/em><\/p>\n<\/div>\n<p><br \/>\n<br \/><a href=\"https:\/\/de.rt.com\/inland\/272572-hochrechung-baden-wuerttemberg-gruene-fuehren\/\">Source link <\/a><\/p>\n","protected":false},"excerpt":{"rendered":"<p>Donnerschlag im &#8220;L\u00e4ndle&#8221;: Die Gr\u00fcnen sind wieder da &#8211; mit 32 Prozent liegt die Ok\u00f6partei von Spitzenkandidat Cem \u00d6zdemir vor der CDU mit 29 Prozent. SPD, FDP und Linke bangen um den Einzug in den Landtag, AfD steht bei 17,5 Prozent. Laut erster Hochrrechnung der ARD kommen die Parteien bei der Landtagswahl in Baden-W\u00fcrttemberg auf [&hellip;]<\/p>\n","protected":false},"author":3,"featured_media":58637,"comment_status":"open","ping_status":"open","sticky":false,"template":"","format":"standard","meta":{"_yoast_indexnow_last_ping":["1772990271"],"wp_automatic_camp":["217"],"292ed9af8e731b53407dcb799fbc720a":["Hochrechung Baden-W\u00fcrttemberg: Gr\u00fcne f\u00fchren vor CDU, AfD kann sich fast verdoppeln"],"original_link":["https:\/\/de.rt.com\/inland\/272572-hochrechung-baden-wuerttemberg-gruene-fuehren\/"],"_thumbnail_id":["58637"],"jnews_social_counter_last_update":["1777527456"],"_wptgpro_p2tg_sent2tg":["a:1:{i:23737;s:19:\"2026-03-08 19:18:49\";}"]},"categories":[19,23],"tags":[3815,25665,3795,260,1402,1434,49828,838,434,23348,320],"yoast_head":"<!-- This site is optimized with the Yoast SEO Premium plugin v22.7 (Yoast SEO v22.7) - https:\/\/yoast.com\/wordpress\/plugins\/seo\/ -->\n<title>Hochrechung Baden-W\u00fcrttemberg: Gr\u00fcne f\u00fchren vor CDU, AfD kann sich fast verdoppeln - just-now.NEWS Deutschland<\/title>\n<meta name=\"robots\" content=\"index, follow, max-snippet:-1, max-image-preview:large, max-video-preview:-1\" \/>\n<link rel=\"canonical\" href=\"https:\/\/now-news.de\/de\/deutschland\/hochrechung-baden-wuerttemberg-gruene-fuehren-vor-cdu-afd-kann-sich-fast-verdoppeln\/\" \/>\n<meta property=\"og:locale\" content=\"de_DE\" \/>\n<meta property=\"og:type\" content=\"article\" \/>\n<meta property=\"og:title\" content=\"Hochrechung Baden-W\u00fcrttemberg: Gr\u00fcne f\u00fchren vor CDU, AfD kann sich fast verdoppeln\" \/>\n<meta property=\"og:description\" content=\"Donnerschlag im &#8220;L\u00e4ndle&#8221;: Die Gr\u00fcnen sind wieder da &#8211; mit 32 Prozent liegt die Ok\u00f6partei von Spitzenkandidat Cem \u00d6zdemir vor der CDU mit 29 Prozent. SPD, FDP und Linke bangen um den Einzug in den Landtag, AfD steht bei 17,5 Prozent. Laut erster Hochrrechnung der ARD kommen die Parteien bei der Landtagswahl in Baden-W\u00fcrttemberg auf [&hellip;]\" \/>\n<meta property=\"og:url\" content=\"https:\/\/now-news.de\/de\/deutschland\/hochrechung-baden-wuerttemberg-gruene-fuehren-vor-cdu-afd-kann-sich-fast-verdoppeln\/\" \/>\n<meta property=\"og:site_name\" content=\"just-now.NEWS Deutschland\" \/>\n<meta property=\"article:publisher\" content=\"https:\/\/www.facebook.com\/wirmachenauf\" \/>\n<meta property=\"article:published_time\" content=\"2026-03-08T17:07:21+00:00\" \/>\n<meta property=\"og:image\" content=\"https:\/\/now-news.de\/de\/wp-content\/uploads\/sites\/3\/2024\/05\/breaking3.jpg\" \/>\n<meta name=\"author\" content=\"rtnews\" \/>\n<meta name=\"twitter:card\" content=\"summary_large_image\" \/>\n<meta name=\"twitter:creator\" content=\"@WirMachenAuf_de\" \/>\n<meta name=\"twitter:site\" content=\"@WirMachenAuf_de\" \/>\n<meta name=\"twitter:label1\" content=\"Verfasst von\" \/>\n\t<meta name=\"twitter:data1\" content=\"rtnews\" \/>\n<script type=\"application\/ld+json\" class=\"yoast-schema-graph\">{\"@context\":\"https:\/\/schema.org\",\"@graph\":[{\"@type\":\"Article\",\"@id\":\"https:\/\/now-news.de\/de\/deutschland\/hochrechung-baden-wuerttemberg-gruene-fuehren-vor-cdu-afd-kann-sich-fast-verdoppeln\/#article\",\"isPartOf\":{\"@id\":\"https:\/\/now-news.de\/de\/deutschland\/hochrechung-baden-wuerttemberg-gruene-fuehren-vor-cdu-afd-kann-sich-fast-verdoppeln\/\"},\"author\":{\"name\":\"rtnews\",\"@id\":\"https:\/\/now-news.de\/de\/#\/schema\/person\/fb534a4e865501d8b3285208df34a9b5\"},\"headline\":\"Hochrechung Baden-W\u00fcrttemberg: Gr\u00fcne f\u00fchren vor CDU, AfD kann sich fast verdoppeln\",\"datePublished\":\"2026-03-08T17:07:21+00:00\",\"dateModified\":\"2026-03-08T17:07:21+00:00\",\"mainEntityOfPage\":{\"@id\":\"https:\/\/now-news.de\/de\/deutschland\/hochrechung-baden-wuerttemberg-gruene-fuehren-vor-cdu-afd-kann-sich-fast-verdoppeln\/\"},\"wordCount\":98,\"commentCount\":0,\"publisher\":{\"@id\":\"https:\/\/now-news.de\/de\/#organization\"},\"image\":{\"@id\":\"https:\/\/now-news.de\/de\/deutschland\/hochrechung-baden-wuerttemberg-gruene-fuehren-vor-cdu-afd-kann-sich-fast-verdoppeln\/#primaryimage\"},\"thumbnailUrl\":\"https:\/\/now-news.de\/de\/wp-content\/uploads\/sites\/3\/2024\/05\/China-beginnt-mit-Umzingelungsuebungen-rund-um-Taiwan.jpg\",\"keywords\":[\"AfD\",\"BadenW\u00fcrttemberg\",\"CDU\",\"Fast\",\"f\u00fchren\",\"Gr\u00fcne\",\"Hochrechung\",\"kann\",\"sich\",\"verdoppeln\",\"vor\"],\"articleSection\":[\"Deutschland\",\"Russland\"],\"inLanguage\":\"de\",\"potentialAction\":[{\"@type\":\"CommentAction\",\"name\":\"Comment\",\"target\":[\"https:\/\/now-news.de\/de\/deutschland\/hochrechung-baden-wuerttemberg-gruene-fuehren-vor-cdu-afd-kann-sich-fast-verdoppeln\/#respond\"]}]},{\"@type\":\"WebPage\",\"@id\":\"https:\/\/now-news.de\/de\/deutschland\/hochrechung-baden-wuerttemberg-gruene-fuehren-vor-cdu-afd-kann-sich-fast-verdoppeln\/\",\"url\":\"https:\/\/now-news.de\/de\/deutschland\/hochrechung-baden-wuerttemberg-gruene-fuehren-vor-cdu-afd-kann-sich-fast-verdoppeln\/\",\"name\":\"Hochrechung Baden-W\u00fcrttemberg: Gr\u00fcne f\u00fchren vor CDU, AfD kann sich fast verdoppeln - just-now.NEWS Deutschland\",\"isPartOf\":{\"@id\":\"https:\/\/now-news.de\/de\/#website\"},\"primaryImageOfPage\":{\"@id\":\"https:\/\/now-news.de\/de\/deutschland\/hochrechung-baden-wuerttemberg-gruene-fuehren-vor-cdu-afd-kann-sich-fast-verdoppeln\/#primaryimage\"},\"image\":{\"@id\":\"https:\/\/now-news.de\/de\/deutschland\/hochrechung-baden-wuerttemberg-gruene-fuehren-vor-cdu-afd-kann-sich-fast-verdoppeln\/#primaryimage\"},\"thumbnailUrl\":\"https:\/\/now-news.de\/de\/wp-content\/uploads\/sites\/3\/2024\/05\/China-beginnt-mit-Umzingelungsuebungen-rund-um-Taiwan.jpg\",\"datePublished\":\"2026-03-08T17:07:21+00:00\",\"dateModified\":\"2026-03-08T17:07:21+00:00\",\"breadcrumb\":{\"@id\":\"https:\/\/now-news.de\/de\/deutschland\/hochrechung-baden-wuerttemberg-gruene-fuehren-vor-cdu-afd-kann-sich-fast-verdoppeln\/#breadcrumb\"},\"inLanguage\":\"de\",\"potentialAction\":[{\"@type\":\"ReadAction\",\"target\":[\"https:\/\/now-news.de\/de\/deutschland\/hochrechung-baden-wuerttemberg-gruene-fuehren-vor-cdu-afd-kann-sich-fast-verdoppeln\/\"]}]},{\"@type\":\"ImageObject\",\"inLanguage\":\"de\",\"@id\":\"https:\/\/now-news.de\/de\/deutschland\/hochrechung-baden-wuerttemberg-gruene-fuehren-vor-cdu-afd-kann-sich-fast-verdoppeln\/#primaryimage\",\"url\":\"https:\/\/now-news.de\/de\/wp-content\/uploads\/sites\/3\/2024\/05\/China-beginnt-mit-Umzingelungsuebungen-rund-um-Taiwan.jpg\",\"contentUrl\":\"https:\/\/now-news.de\/de\/wp-content\/uploads\/sites\/3\/2024\/05\/China-beginnt-mit-Umzingelungsuebungen-rund-um-Taiwan.jpg\",\"width\":460,\"height\":259,\"caption\":\"China beginnt mit Umzingelungs\u00fcbungen rund um Taiwan\"},{\"@type\":\"BreadcrumbList\",\"@id\":\"https:\/\/now-news.de\/de\/deutschland\/hochrechung-baden-wuerttemberg-gruene-fuehren-vor-cdu-afd-kann-sich-fast-verdoppeln\/#breadcrumb\",\"itemListElement\":[{\"@type\":\"ListItem\",\"position\":1,\"name\":\"Home\",\"item\":\"https:\/\/now-news.de\/de\/\"},{\"@type\":\"ListItem\",\"position\":2,\"name\":\"Hochrechung Baden-W\u00fcrttemberg: Gr\u00fcne f\u00fchren vor CDU, AfD kann sich fast verdoppeln\"}]},{\"@type\":\"WebSite\",\"@id\":\"https:\/\/now-news.de\/de\/#website\",\"url\":\"https:\/\/now-news.de\/de\/\",\"name\":\"just-now.NEWS Deutschland\",\"description\":\"Das Portal f\u00fcr unzensierte Nachrichten aus der Welt\",\"publisher\":{\"@id\":\"https:\/\/now-news.de\/de\/#organization\"},\"potentialAction\":[{\"@type\":\"SearchAction\",\"target\":{\"@type\":\"EntryPoint\",\"urlTemplate\":\"https:\/\/now-news.de\/de\/?s={search_term_string}\"},\"query-input\":\"required name=search_term_string\"}],\"inLanguage\":\"de\"},{\"@type\":\"Organization\",\"@id\":\"https:\/\/now-news.de\/de\/#organization\",\"name\":\"Just Now News\",\"url\":\"https:\/\/now-news.de\/de\/\",\"logo\":{\"@type\":\"ImageObject\",\"inLanguage\":\"de\",\"@id\":\"https:\/\/now-news.de\/de\/#\/schema\/logo\/image\/\",\"url\":\"http:\/\/just-now.news\/de\/wp-content\/uploads\/sites\/3\/2022\/04\/logo500x500.jpg\",\"contentUrl\":\"http:\/\/just-now.news\/de\/wp-content\/uploads\/sites\/3\/2022\/04\/logo500x500.jpg\",\"width\":500,\"height\":500,\"caption\":\"Just Now News\"},\"image\":{\"@id\":\"https:\/\/now-news.de\/de\/#\/schema\/logo\/image\/\"},\"sameAs\":[\"https:\/\/www.facebook.com\/wirmachenauf\",\"https:\/\/x.com\/WirMachenAuf_de\"]},{\"@type\":\"Person\",\"@id\":\"https:\/\/now-news.de\/de\/#\/schema\/person\/fb534a4e865501d8b3285208df34a9b5\",\"name\":\"rtnews\",\"image\":{\"@type\":\"ImageObject\",\"inLanguage\":\"de\",\"@id\":\"https:\/\/now-news.de\/de\/#\/schema\/person\/image\/\",\"url\":\"https:\/\/secure.gravatar.com\/avatar\/82aafea7d8127119dd649515f56e2117?s=96&d=mm&r=g\",\"contentUrl\":\"https:\/\/secure.gravatar.com\/avatar\/82aafea7d8127119dd649515f56e2117?s=96&d=mm&r=g\",\"caption\":\"rtnews\"},\"url\":\"https:\/\/now-news.de\/de\/author\/rnews\/\"}]}<\/script>\n<!-- \/ Yoast SEO Premium plugin. -->","yoast_head_json":{"title":"Hochrechung Baden-W\u00fcrttemberg: Gr\u00fcne f\u00fchren vor CDU, AfD kann sich fast verdoppeln - just-now.NEWS Deutschland","robots":{"index":"index","follow":"follow","max-snippet":"max-snippet:-1","max-image-preview":"max-image-preview:large","max-video-preview":"max-video-preview:-1"},"canonical":"https:\/\/now-news.de\/de\/deutschland\/hochrechung-baden-wuerttemberg-gruene-fuehren-vor-cdu-afd-kann-sich-fast-verdoppeln\/","og_locale":"de_DE","og_type":"article","og_title":"Hochrechung Baden-W\u00fcrttemberg: Gr\u00fcne f\u00fchren vor CDU, AfD kann sich fast verdoppeln","og_description":"Donnerschlag im &#8220;L\u00e4ndle&#8221;: Die Gr\u00fcnen sind wieder da &#8211; mit 32 Prozent liegt die Ok\u00f6partei von Spitzenkandidat Cem \u00d6zdemir vor der CDU mit 29 Prozent. SPD, FDP und Linke bangen um den Einzug in den Landtag, AfD steht bei 17,5 Prozent. Laut erster Hochrrechnung der ARD kommen die Parteien bei der Landtagswahl in Baden-W\u00fcrttemberg auf [&hellip;]","og_url":"https:\/\/now-news.de\/de\/deutschland\/hochrechung-baden-wuerttemberg-gruene-fuehren-vor-cdu-afd-kann-sich-fast-verdoppeln\/","og_site_name":"just-now.NEWS Deutschland","article_publisher":"https:\/\/www.facebook.com\/wirmachenauf","article_published_time":"2026-03-08T17:07:21+00:00","og_image":[{"url":"https:\/\/now-news.de\/de\/wp-content\/uploads\/sites\/3\/2024\/05\/breaking3.jpg"}],"author":"rtnews","twitter_card":"summary_large_image","twitter_creator":"@WirMachenAuf_de","twitter_site":"@WirMachenAuf_de","twitter_misc":{"Verfasst von":"rtnews"},"schema":{"@context":"https:\/\/schema.org","@graph":[{"@type":"Article","@id":"https:\/\/now-news.de\/de\/deutschland\/hochrechung-baden-wuerttemberg-gruene-fuehren-vor-cdu-afd-kann-sich-fast-verdoppeln\/#article","isPartOf":{"@id":"https:\/\/now-news.de\/de\/deutschland\/hochrechung-baden-wuerttemberg-gruene-fuehren-vor-cdu-afd-kann-sich-fast-verdoppeln\/"},"author":{"name":"rtnews","@id":"https:\/\/now-news.de\/de\/#\/schema\/person\/fb534a4e865501d8b3285208df34a9b5"},"headline":"Hochrechung Baden-W\u00fcrttemberg: Gr\u00fcne f\u00fchren vor CDU, AfD kann sich fast verdoppeln","datePublished":"2026-03-08T17:07:21+00:00","dateModified":"2026-03-08T17:07:21+00:00","mainEntityOfPage":{"@id":"https:\/\/now-news.de\/de\/deutschland\/hochrechung-baden-wuerttemberg-gruene-fuehren-vor-cdu-afd-kann-sich-fast-verdoppeln\/"},"wordCount":98,"commentCount":0,"publisher":{"@id":"https:\/\/now-news.de\/de\/#organization"},"image":{"@id":"https:\/\/now-news.de\/de\/deutschland\/hochrechung-baden-wuerttemberg-gruene-fuehren-vor-cdu-afd-kann-sich-fast-verdoppeln\/#primaryimage"},"thumbnailUrl":"https:\/\/now-news.de\/de\/wp-content\/uploads\/sites\/3\/2024\/05\/China-beginnt-mit-Umzingelungsuebungen-rund-um-Taiwan.jpg","keywords":["AfD","BadenW\u00fcrttemberg","CDU","Fast","f\u00fchren","Gr\u00fcne","Hochrechung","kann","sich","verdoppeln","vor"],"articleSection":["Deutschland","Russland"],"inLanguage":"de","potentialAction":[{"@type":"CommentAction","name":"Comment","target":["https:\/\/now-news.de\/de\/deutschland\/hochrechung-baden-wuerttemberg-gruene-fuehren-vor-cdu-afd-kann-sich-fast-verdoppeln\/#respond"]}]},{"@type":"WebPage","@id":"https:\/\/now-news.de\/de\/deutschland\/hochrechung-baden-wuerttemberg-gruene-fuehren-vor-cdu-afd-kann-sich-fast-verdoppeln\/","url":"https:\/\/now-news.de\/de\/deutschland\/hochrechung-baden-wuerttemberg-gruene-fuehren-vor-cdu-afd-kann-sich-fast-verdoppeln\/","name":"Hochrechung Baden-W\u00fcrttemberg: Gr\u00fcne f\u00fchren vor CDU, AfD kann sich fast verdoppeln - just-now.NEWS Deutschland","isPartOf":{"@id":"https:\/\/now-news.de\/de\/#website"},"primaryImageOfPage":{"@id":"https:\/\/now-news.de\/de\/deutschland\/hochrechung-baden-wuerttemberg-gruene-fuehren-vor-cdu-afd-kann-sich-fast-verdoppeln\/#primaryimage"},"image":{"@id":"https:\/\/now-news.de\/de\/deutschland\/hochrechung-baden-wuerttemberg-gruene-fuehren-vor-cdu-afd-kann-sich-fast-verdoppeln\/#primaryimage"},"thumbnailUrl":"https:\/\/now-news.de\/de\/wp-content\/uploads\/sites\/3\/2024\/05\/China-beginnt-mit-Umzingelungsuebungen-rund-um-Taiwan.jpg","datePublished":"2026-03-08T17:07:21+00:00","dateModified":"2026-03-08T17:07:21+00:00","breadcrumb":{"@id":"https:\/\/now-news.de\/de\/deutschland\/hochrechung-baden-wuerttemberg-gruene-fuehren-vor-cdu-afd-kann-sich-fast-verdoppeln\/#breadcrumb"},"inLanguage":"de","potentialAction":[{"@type":"ReadAction","target":["https:\/\/now-news.de\/de\/deutschland\/hochrechung-baden-wuerttemberg-gruene-fuehren-vor-cdu-afd-kann-sich-fast-verdoppeln\/"]}]},{"@type":"ImageObject","inLanguage":"de","@id":"https:\/\/now-news.de\/de\/deutschland\/hochrechung-baden-wuerttemberg-gruene-fuehren-vor-cdu-afd-kann-sich-fast-verdoppeln\/#primaryimage","url":"https:\/\/now-news.de\/de\/wp-content\/uploads\/sites\/3\/2024\/05\/China-beginnt-mit-Umzingelungsuebungen-rund-um-Taiwan.jpg","contentUrl":"https:\/\/now-news.de\/de\/wp-content\/uploads\/sites\/3\/2024\/05\/China-beginnt-mit-Umzingelungsuebungen-rund-um-Taiwan.jpg","width":460,"height":259,"caption":"China beginnt mit Umzingelungs\u00fcbungen rund um Taiwan"},{"@type":"BreadcrumbList","@id":"https:\/\/now-news.de\/de\/deutschland\/hochrechung-baden-wuerttemberg-gruene-fuehren-vor-cdu-afd-kann-sich-fast-verdoppeln\/#breadcrumb","itemListElement":[{"@type":"ListItem","position":1,"name":"Home","item":"https:\/\/now-news.de\/de\/"},{"@type":"ListItem","position":2,"name":"Hochrechung Baden-W\u00fcrttemberg: Gr\u00fcne f\u00fchren vor CDU, AfD kann sich fast verdoppeln"}]},{"@type":"WebSite","@id":"https:\/\/now-news.de\/de\/#website","url":"https:\/\/now-news.de\/de\/","name":"just-now.NEWS Deutschland","description":"Das Portal f\u00fcr unzensierte Nachrichten aus der Welt","publisher":{"@id":"https:\/\/now-news.de\/de\/#organization"},"potentialAction":[{"@type":"SearchAction","target":{"@type":"EntryPoint","urlTemplate":"https:\/\/now-news.de\/de\/?s={search_term_string}"},"query-input":"required name=search_term_string"}],"inLanguage":"de"},{"@type":"Organization","@id":"https:\/\/now-news.de\/de\/#organization","name":"Just Now News","url":"https:\/\/now-news.de\/de\/","logo":{"@type":"ImageObject","inLanguage":"de","@id":"https:\/\/now-news.de\/de\/#\/schema\/logo\/image\/","url":"http:\/\/just-now.news\/de\/wp-content\/uploads\/sites\/3\/2022\/04\/logo500x500.jpg","contentUrl":"http:\/\/just-now.news\/de\/wp-content\/uploads\/sites\/3\/2022\/04\/logo500x500.jpg","width":500,"height":500,"caption":"Just Now News"},"image":{"@id":"https:\/\/now-news.de\/de\/#\/schema\/logo\/image\/"},"sameAs":["https:\/\/www.facebook.com\/wirmachenauf","https:\/\/x.com\/WirMachenAuf_de"]},{"@type":"Person","@id":"https:\/\/now-news.de\/de\/#\/schema\/person\/fb534a4e865501d8b3285208df34a9b5","name":"rtnews","image":{"@type":"ImageObject","inLanguage":"de","@id":"https:\/\/now-news.de\/de\/#\/schema\/person\/image\/","url":"https:\/\/secure.gravatar.com\/avatar\/82aafea7d8127119dd649515f56e2117?s=96&d=mm&r=g","contentUrl":"https:\/\/secure.gravatar.com\/avatar\/82aafea7d8127119dd649515f56e2117?s=96&d=mm&r=g","caption":"rtnews"},"url":"https:\/\/now-news.de\/de\/author\/rnews\/"}]}},"_links":{"self":[{"href":"https:\/\/now-news.de\/de\/wp-json\/wp\/v2\/posts\/99986"}],"collection":[{"href":"https:\/\/now-news.de\/de\/wp-json\/wp\/v2\/posts"}],"about":[{"href":"https:\/\/now-news.de\/de\/wp-json\/wp\/v2\/types\/post"}],"author":[{"embeddable":true,"href":"https:\/\/now-news.de\/de\/wp-json\/wp\/v2\/users\/3"}],"replies":[{"embeddable":true,"href":"https:\/\/now-news.de\/de\/wp-json\/wp\/v2\/comments?post=99986"}],"version-history":[{"count":0,"href":"https:\/\/now-news.de\/de\/wp-json\/wp\/v2\/posts\/99986\/revisions"}],"wp:featuredmedia":[{"embeddable":true,"href":"https:\/\/now-news.de\/de\/wp-json\/wp\/v2\/media\/58637"}],"wp:attachment":[{"href":"https:\/\/now-news.de\/de\/wp-json\/wp\/v2\/media?parent=99986"}],"wp:term":[{"taxonomy":"category","embeddable":true,"href":"https:\/\/now-news.de\/de\/wp-json\/wp\/v2\/categories?post=99986"},{"taxonomy":"post_tag","embeddable":true,"href":"https:\/\/now-news.de\/de\/wp-json\/wp\/v2\/tags?post=99986"}],"curies":[{"name":"wp","href":"https:\/\/api.w.org\/{rel}","templated":true}]}}