{"id":99984,"date":"2026-03-08T18:30:20","date_gmt":"2026-03-08T16:30:20","guid":{"rendered":"https:\/\/now-news.de\/de\/deutschland\/zum-85-jahrestag-des-ueberfalls-auf-die-sowjetunion-versoehnungsfahrt-nach-weissrussland-geplant\/"},"modified":"2026-03-08T18:30:20","modified_gmt":"2026-03-08T16:30:20","slug":"zum-85-jahrestag-des-ueberfalls-auf-die-sowjetunion-versoehnungsfahrt-nach-weissrussland-geplant","status":"publish","type":"post","link":"https:\/\/now-news.de\/de\/deutschland\/zum-85-jahrestag-des-ueberfalls-auf-die-sowjetunion-versoehnungsfahrt-nach-weissrussland-geplant\/","title":{"rendered":"Zum 85. Jahrestag des \u00dcberfalls auf die Sowjetunion: Vers\u00f6hnungsfahrt nach Wei\u00dfrussland geplant"},"content":{"rendered":"<p><img decoding=\"async\" src=\"https:\/\/now-news.de\/de\/wp-content\/uploads\/sites\/3\/2026\/03\/69ada148b480cc72501bb067.jpg\" \/><\/p>\n<div class=\"Text-root Text-type_1 \">\n                Privatleute aus Deutschland werben anl\u00e4sslich des 85. Jahrestags des Beginns des deutsch-sowjetischen Krieges f\u00fcr eine zweiw\u00f6chige Fahrt nach Wei\u00dfrussland. Den Mitfahrern bietet sich die Gelegenheit, an Kranzniederlegungen in bedeutenden Gedenkst\u00e4tten teilzunehmen. Das Angebot richtet sich auch an K\u00fcnstler, die in Wei\u00dfrussland ein Projekt starten m\u00f6chten.\n            <\/div>\n<p><\/p>\n<div class=\"Text-root Text-type_5 ArticleView-text ViewText-root \">\n<p>Am 22. Juni 2026 j\u00e4hrt sich der deutsche \u00dcberfall auf die Sowjetunion zum 85. Mal. Der Jahrestag f\u00e4llt in eine Zeit, die von zunehmenden geopolitischen Spannungen und gegenseitigem Misstrauen gepr\u00e4gt ist. Insbesondere Wei\u00dfrussland erscheint in den bundesdeutschen Medien lediglich als sp\u00e4tsowjetisch angehauchte Diktatur, die ihre Oppositionellen verfolgt. Wenig bekannt ist, dass die wei\u00dfrussische SSR im Zweiten Weltkrieg einen hohen Blutzoll zu tragen hatte: Bis zur Befreiung im Sommer 1944 war fast ein Drittel der Bev\u00f6lkerung umgekommen, insgesamt an die drei Millionen Menschen. Dem Holocaust fielen dabei 700.000 wei\u00dfrussische Juden zum Opfer, der sogenannten &#8220;Partisanenbek\u00e4mpfung&#8221; \u2013 die in Wirklichkeit wehrlose Dorfbewohner traf: Alte, Frauen und Kinder \u2013 mehr als eine Million Sowjetb\u00fcrger slawischer Herkunft.<\/p>\n<p>Das Ausma\u00df dieser deutschen Verbrechen ist vielen Bundesb\u00fcrgern bis heute nicht bewusst. Eine Gruppe von Friedensaktivisten rund um Oliver Schneemann hat es sich zum Auftrag gemacht, Aufkl\u00e4rungsarbeit zu leisten. Sie war bereits im Jahr 2023 anl\u00e4sslich des 80. Jahrestages des Massakers von Chatyn nach Wei\u00dfrussland <a rel=\"nofollow noopener\" target=\"_blank\" href=\"https:\/\/freedert.online\/inland\/video\/183297-unbekannter-genozid-dirk-pohlmann-erschuettert-ueber-das-ausma%C3%9F-nazi-verbrechen-wei%C3%9Frussland\/\">gereist<\/a> und nach ihrer R\u00fcckkehr in der wei\u00dfrussischen Botschaft empfangen worden. Schneemann war auch der Organisator einer Vernissage wei\u00dfrussischer K\u00fcnstler, die im September 2024 in K\u00f6ln stattfand. Die Ausstellung zeigte Werke, die die Vernichtung wei\u00dfrussischer D\u00f6rfer w\u00e4hrend der deutschen Besatzung zum Thema haben.<\/p>\n<p>Und das Friedenswerk geht weiter. Die Gruppe um den Friedensaktisten Oliver Schneemann plant eine\u00a0Fahrt nach Wei\u00dfrussland und ruft Gleichgesinnte zur Teilnahme auf. Die Anreise soll individuell erfolgen, in Wei\u00dfrussland erwartet die Reisenden ein 14-t\u00e4giges Programm im Zeitraum vom 20. Juni bis 4. Juli. Die Teilnehmer werden also an gleich zwei f\u00fcr die wei\u00dfrussische Geschichte bedeutsamen Daten dort anwesend sein, nicht nur am 22. Juni, sondern auch am 3. Juli. An diesem Tag vor 85 Jahren befreite die Rote Armee Minsk, die heutige Hauptstadt Wei\u00dfrusslands, damals die Hauptstadt der wei\u00dfrussischen Sowjetrepublik. Die beiden Termine symbolisieren den Anfang und das Ende des Krieges f\u00fcr Wei\u00dfrussland \u2013 auch wenn die K\u00e4mpfe f\u00fcr die sowjetischen Soldaten noch bis zum 9. Mai 1945, ja bis Anfang September 1945 (Kapitulation Japans) weitergingen.<\/p>\n<p>Die Reise hat die Unterst\u00fctzung der wei\u00dfrussischen Beh\u00f6rden. Wer K\u00fcnstler ist und die Fahrt nach Wei\u00dfrussland zu einem Kunstprojekt gestalten kann, erh\u00e4lt kostenlose Unterkunft. Auch die Transporte zu den Gedenkst\u00e4tten und einen Teil der Kosten f\u00fcr die Verpflegung \u00fcbernimmt der wei\u00dfrussische Staat. Mitreisende ohne k\u00fcnstlerischen Hintergrund zahlen selbst. Auch F\u00f6rderer, die selbst nicht mitreisen, aber die Fahrt durch Spenden unterst\u00fctzen wollen, sind erw\u00fcnscht. Die Mitfahrer ben\u00f6tigen kein Visum, lediglich einen Reisepass und eine Auslands-Reisekrankenversicherung. Wei\u00dfrussland ist es ein Anliegen, dass m\u00f6glichst viele Leute aus dem Ausland das Land besuchen und kennenlernen. Interessenten k\u00f6nnten sich unter <a rel=\"nofollow noopener\" target=\"_blank\" href=\"https:\/\/t.me\/+1RPsuj7Hh8w5NjIy\">diesem Link<\/a>\u00a0melden.<\/p>\n<p>Zu ihrer Motivation l\u00e4sst man die Initiatoren der Reise am besten selbst sprechen:<\/p>\n<p><em>&#8220;Die Verletzungen der V\u00f6lkerseelen werden von Generation zu Generation weitergegeben und spalten uns. Wir f\u00fchlen uns nicht als zusammengeh\u00f6rige Menschheitsfamilie, die f\u00fcreinander da ist. Wir haben das Bed\u00fcrfnis, dieser gewaltigen Spaltung entgegenzuwirken. Wir wollen nicht den Schuldkult n\u00e4hren; wir wollen vereinen. Wir m\u00f6chten Menschen und Herzen miteinander verbinden und somit unseren bescheidenen Beitrag zu Weltfrieden, Vers\u00f6hnung und Heilung leisten.&#8221;<\/em><\/p>\n<p>Weiterhin schreiben sie in ihrer Einladung:<\/p>\n<p><em>&#8220;Wir richten unsere achtsame Aufmerksamkeit auf den Zweiten Weltkrieg und auf das heutige Wei\u00dfrussland. Wir m\u00f6chten auf Gr\u00e4ueltaten schauen, die Faschisten in Wei\u00dfrussland angerichtet haben. Menschen und D\u00f6rfer wurden ausgel\u00f6scht. Familien wurden zerst\u00f6rt. Dies war ein unfassbar diabolischer Plan der Nazis. Zwei Drittel der slawischen Bev\u00f6lkerung sollten ausgel\u00f6scht werden.&#8221;<\/em><\/p>\n<p>Geplant sind Besuche an den Gedenkst\u00e4tten Brest, Dremlewo, Damatschewo und eventuell <a rel=\"nofollow noopener\" target=\"_blank\" href=\"https:\/\/www.forum-der-wehrmacht.de\/index.php?thread\/32065-ereignisse-am-28-09-1942-in-wei%C3%9Fru%C3%9Fland\/\">Raschkowka<\/a>, mit der Stadt Brest als Basis. Von dort aus wird die Gruppe Tagesausfl\u00fcge zu den Gedenkst\u00e4tten unternehmen und Kr\u00e4nze niederlegen. Die &#8220;Heldenfestung Brest&#8221; war eine der bedeutendsten <a rel=\"nofollow noopener\" target=\"_blank\" href=\"https:\/\/brest-region.gov.by\/en\/brestskaya-krepost-57-en\/\">Gedenkst\u00e4tten<\/a> der Sowjetunion nach dem Zweiten Weltkrieg. Unmittelbar nach dem deutschen \u00dcberfall hielten die sowjetischen Verteidiger den Angreifern der Wehrmacht wochenlang stand, bis sie der \u00dcbermacht unterlagen. Einen Eindruck von dem aussichtslosen, aber umso tapferen Kampf der Verteidiger der Festung Brest <a rel=\"nofollow noopener\" target=\"_blank\" href=\"https:\/\/www.youtube.com\/watch?v=lw3mDJ0qdp0&amp;t=134s\">vermittelt<\/a> eine russisch-wei\u00dfrussische <a rel=\"nofollow noopener\" target=\"_blank\" href=\"http:\/\/brestkrepost-film.ru\/history\/heroes\/index.html\">Koproduktion<\/a> aus dem Jahr 2010.<\/p>\n<p>In <a rel=\"nofollow noopener\" target=\"_blank\" href=\"https:\/\/ekskursii.by\/en\/?Dostoprimechatelnosti_Belarusi=16617_Memorialnyy_kompleks_Dremlevo\">Dremlewo<\/a> wurden 1942 im Rahmen einer sogenannten Strafaktion die Bewohner des Dorfes erschossen und das Dorf niedergebrannt. In Domatschewo <a rel=\"nofollow noopener\" target=\"_blank\" href=\"https:\/\/belta.by\/society\/view\/samomu-mladshemu-iz-rasstreljannyh-detej-bylo-dva-goda-uchitel-o-tragedii-v-domachevskom-detdome-532241-2022\/\">ermordeten<\/a> die Nationalsozialisten die Bewohner eines Kinderheims. Auch der Gro\u00dfteil der \u00fcbrigen Einwohnerschaft \u00fcberlebte die deutsche Besatzung nicht, sie <a rel=\"nofollow noopener\" target=\"_blank\" href=\"https:\/\/savehistory.by\/news\/voennye-istorii\/massovyy-rasstrel-evreev-i-tragediya-detskogo-doma-sobytiya-sentyabrya-1942-go-goda\/\">fielen<\/a> als Juden dem Holocaust zum Opfer. Das Dorf Raschkowka (oder Roschkowka) sollte 1942 ebenfalls vernichtet werden, ihm <a rel=\"nofollow noopener\" target=\"_blank\" href=\"https:\/\/obitel-minsk.org\/en\/miracle-in-the-village-of-rozhkovka\">widerfuhr<\/a> aber eine wundersame Errettung.<\/p>\n<p><strong>Mehr zum Thema<\/strong>\u00a0\u2013\u00a0<a rel=\"nofollow noopener\" target=\"_blank\" href=\"https:\/\/freedert.online\/meinung\/243310-nach-9-mai-1945-ueber-nachkriegs-berlin-russisch-lernen-und-freundschaften-in-der-udssr\/\">Nach dem 9. Mai 1945: \u00dcber Nachkriegs-Berlin, Russisch-Lernen und Freundschaften in der UdSSR<\/a><\/p>\n<div class=\"EmbedBlock-root EmbedBlock-externalVideo EmbedBlock-rumble\">\n<div class=\"VkEmbed\"><iframe class=\"lazyload\" data-src=\"https:\/\/rumble.com\/embed\/v70cvy0\" frameborder=\"0\" width=\"853\" height=\"480\" allowfullscreen><\/iframe><\/div>\n<\/div>\n<\/div>\n<p><br \/>\n<br \/><a href=\"https:\/\/de.rt.com\/europa\/272552-zum-85-jahrestag-ueberfalls-auf-sowjetunion-versoehnungsfahrt-nach-wei%C3%9Frussland\/\">Source link <\/a><\/p>\n","protected":false},"excerpt":{"rendered":"<p>Privatleute aus Deutschland werben anl\u00e4sslich des 85. Jahrestags des Beginns des deutsch-sowjetischen Krieges f\u00fcr eine zweiw\u00f6chige Fahrt nach Wei\u00dfrussland. Den Mitfahrern bietet sich die Gelegenheit, an Kranzniederlegungen in bedeutenden Gedenkst\u00e4tten teilzunehmen. Das Angebot richtet sich auch an K\u00fcnstler, die in Wei\u00dfrussland ein Projekt starten m\u00f6chten. Am 22. Juni 2026 j\u00e4hrt sich der deutsche \u00dcberfall auf [&hellip;]<\/p>\n","protected":false},"author":3,"featured_media":99985,"comment_status":"open","ping_status":"open","sticky":false,"template":"","format":"standard","meta":{"_yoast_indexnow_last_ping":["1772989307"],"wp_automatic_camp":["217"],"4532ce6450a9150aa6337721e8acd9f4":["Zum 85. Jahrestag des \u00dcberfalls auf die Sowjetunion: Vers\u00f6hnungsfahrt nach Wei\u00dfrussland geplant"],"original_link":["https:\/\/de.rt.com\/europa\/272552-zum-85-jahrestag-ueberfalls-auf-sowjetunion-versoehnungsfahrt-nach-wei%C3%9Frussland\/"],"_thumbnail_id":["99985"],"jnews_social_counter_last_update":["1777557975"],"_wptgpro_p2tg_sent2tg":["a:1:{i:23737;s:19:\"2026-03-08 19:02:51\";}"]},"categories":[19,23],"tags":[133,583,45,1312,16868,979,33046,71664,71665,18575,565],"yoast_head":"<!-- This site is optimized with the Yoast SEO Premium plugin v22.7 (Yoast SEO v22.7) - https:\/\/yoast.com\/wordpress\/plugins\/seo\/ -->\n<title>Zum 85. Jahrestag des \u00dcberfalls auf die Sowjetunion: Vers\u00f6hnungsfahrt nach Wei\u00dfrussland geplant - just-now.NEWS Deutschland<\/title>\n<meta name=\"robots\" content=\"index, follow, max-snippet:-1, max-image-preview:large, max-video-preview:-1\" \/>\n<link rel=\"canonical\" href=\"https:\/\/now-news.de\/de\/deutschland\/zum-85-jahrestag-des-ueberfalls-auf-die-sowjetunion-versoehnungsfahrt-nach-weissrussland-geplant\/\" \/>\n<meta property=\"og:locale\" content=\"de_DE\" \/>\n<meta property=\"og:type\" content=\"article\" \/>\n<meta property=\"og:title\" content=\"Zum 85. Jahrestag des \u00dcberfalls auf die Sowjetunion: Vers\u00f6hnungsfahrt nach Wei\u00dfrussland geplant\" \/>\n<meta property=\"og:description\" content=\"Privatleute aus Deutschland werben anl\u00e4sslich des 85. Jahrestags des Beginns des deutsch-sowjetischen Krieges f\u00fcr eine zweiw\u00f6chige Fahrt nach Wei\u00dfrussland. Den Mitfahrern bietet sich die Gelegenheit, an Kranzniederlegungen in bedeutenden Gedenkst\u00e4tten teilzunehmen. Das Angebot richtet sich auch an K\u00fcnstler, die in Wei\u00dfrussland ein Projekt starten m\u00f6chten. Am 22. Juni 2026 j\u00e4hrt sich der deutsche \u00dcberfall auf [&hellip;]\" \/>\n<meta property=\"og:url\" content=\"https:\/\/now-news.de\/de\/deutschland\/zum-85-jahrestag-des-ueberfalls-auf-die-sowjetunion-versoehnungsfahrt-nach-weissrussland-geplant\/\" \/>\n<meta property=\"og:site_name\" content=\"just-now.NEWS Deutschland\" \/>\n<meta property=\"article:publisher\" content=\"https:\/\/www.facebook.com\/wirmachenauf\" \/>\n<meta property=\"article:published_time\" content=\"2026-03-08T16:30:20+00:00\" \/>\n<meta property=\"og:image\" content=\"https:\/\/now-news.de\/de\/wp-content\/uploads\/sites\/3\/2026\/03\/69ada148b480cc72501bb067.jpg\" \/>\n<meta name=\"author\" content=\"rtnews\" \/>\n<meta name=\"twitter:card\" content=\"summary_large_image\" \/>\n<meta name=\"twitter:creator\" content=\"@WirMachenAuf_de\" \/>\n<meta name=\"twitter:site\" content=\"@WirMachenAuf_de\" \/>\n<meta name=\"twitter:label1\" content=\"Verfasst von\" \/>\n\t<meta name=\"twitter:data1\" content=\"rtnews\" \/>\n\t<meta name=\"twitter:label2\" content=\"Gesch\u00e4tzte Lesezeit\" \/>\n\t<meta name=\"twitter:data2\" content=\"4\u00a0Minuten\" \/>\n<script type=\"application\/ld+json\" class=\"yoast-schema-graph\">{\"@context\":\"https:\/\/schema.org\",\"@graph\":[{\"@type\":\"Article\",\"@id\":\"https:\/\/now-news.de\/de\/deutschland\/zum-85-jahrestag-des-ueberfalls-auf-die-sowjetunion-versoehnungsfahrt-nach-weissrussland-geplant\/#article\",\"isPartOf\":{\"@id\":\"https:\/\/now-news.de\/de\/deutschland\/zum-85-jahrestag-des-ueberfalls-auf-die-sowjetunion-versoehnungsfahrt-nach-weissrussland-geplant\/\"},\"author\":{\"name\":\"rtnews\",\"@id\":\"https:\/\/now-news.de\/de\/#\/schema\/person\/fb534a4e865501d8b3285208df34a9b5\"},\"headline\":\"Zum 85. Jahrestag des \u00dcberfalls auf die Sowjetunion: Vers\u00f6hnungsfahrt nach Wei\u00dfrussland geplant\",\"datePublished\":\"2026-03-08T16:30:20+00:00\",\"dateModified\":\"2026-03-08T16:30:20+00:00\",\"mainEntityOfPage\":{\"@id\":\"https:\/\/now-news.de\/de\/deutschland\/zum-85-jahrestag-des-ueberfalls-auf-die-sowjetunion-versoehnungsfahrt-nach-weissrussland-geplant\/\"},\"wordCount\":838,\"commentCount\":0,\"publisher\":{\"@id\":\"https:\/\/now-news.de\/de\/#organization\"},\"image\":{\"@id\":\"https:\/\/now-news.de\/de\/deutschland\/zum-85-jahrestag-des-ueberfalls-auf-die-sowjetunion-versoehnungsfahrt-nach-weissrussland-geplant\/#primaryimage\"},\"thumbnailUrl\":\"https:\/\/now-news.de\/de\/wp-content\/uploads\/sites\/3\/2026\/03\/Zum-85-Jahrestag-des-Ueberfalls-auf-die-Sowjetunion-Versoehnungsfahrt-nach.jpg\",\"keywords\":[\"AUF\",\"des\",\"die\",\"geplant\",\"Jahrestag\",\"nach\",\"Sowjetunion\",\"\u00dcberfalls\",\"Vers\u00f6hnungsfahrt\",\"Wei\u00dfrussland\",\"zum\"],\"articleSection\":[\"Deutschland\",\"Russland\"],\"inLanguage\":\"de\",\"potentialAction\":[{\"@type\":\"CommentAction\",\"name\":\"Comment\",\"target\":[\"https:\/\/now-news.de\/de\/deutschland\/zum-85-jahrestag-des-ueberfalls-auf-die-sowjetunion-versoehnungsfahrt-nach-weissrussland-geplant\/#respond\"]}]},{\"@type\":\"WebPage\",\"@id\":\"https:\/\/now-news.de\/de\/deutschland\/zum-85-jahrestag-des-ueberfalls-auf-die-sowjetunion-versoehnungsfahrt-nach-weissrussland-geplant\/\",\"url\":\"https:\/\/now-news.de\/de\/deutschland\/zum-85-jahrestag-des-ueberfalls-auf-die-sowjetunion-versoehnungsfahrt-nach-weissrussland-geplant\/\",\"name\":\"Zum 85. Jahrestag des \u00dcberfalls auf die Sowjetunion: Vers\u00f6hnungsfahrt nach Wei\u00dfrussland geplant - just-now.NEWS Deutschland\",\"isPartOf\":{\"@id\":\"https:\/\/now-news.de\/de\/#website\"},\"primaryImageOfPage\":{\"@id\":\"https:\/\/now-news.de\/de\/deutschland\/zum-85-jahrestag-des-ueberfalls-auf-die-sowjetunion-versoehnungsfahrt-nach-weissrussland-geplant\/#primaryimage\"},\"image\":{\"@id\":\"https:\/\/now-news.de\/de\/deutschland\/zum-85-jahrestag-des-ueberfalls-auf-die-sowjetunion-versoehnungsfahrt-nach-weissrussland-geplant\/#primaryimage\"},\"thumbnailUrl\":\"https:\/\/now-news.de\/de\/wp-content\/uploads\/sites\/3\/2026\/03\/Zum-85-Jahrestag-des-Ueberfalls-auf-die-Sowjetunion-Versoehnungsfahrt-nach.jpg\",\"datePublished\":\"2026-03-08T16:30:20+00:00\",\"dateModified\":\"2026-03-08T16:30:20+00:00\",\"breadcrumb\":{\"@id\":\"https:\/\/now-news.de\/de\/deutschland\/zum-85-jahrestag-des-ueberfalls-auf-die-sowjetunion-versoehnungsfahrt-nach-weissrussland-geplant\/#breadcrumb\"},\"inLanguage\":\"de\",\"potentialAction\":[{\"@type\":\"ReadAction\",\"target\":[\"https:\/\/now-news.de\/de\/deutschland\/zum-85-jahrestag-des-ueberfalls-auf-die-sowjetunion-versoehnungsfahrt-nach-weissrussland-geplant\/\"]}]},{\"@type\":\"ImageObject\",\"inLanguage\":\"de\",\"@id\":\"https:\/\/now-news.de\/de\/deutschland\/zum-85-jahrestag-des-ueberfalls-auf-die-sowjetunion-versoehnungsfahrt-nach-weissrussland-geplant\/#primaryimage\",\"url\":\"https:\/\/now-news.de\/de\/wp-content\/uploads\/sites\/3\/2026\/03\/Zum-85-Jahrestag-des-Ueberfalls-auf-die-Sowjetunion-Versoehnungsfahrt-nach.jpg\",\"contentUrl\":\"https:\/\/now-news.de\/de\/wp-content\/uploads\/sites\/3\/2026\/03\/Zum-85-Jahrestag-des-Ueberfalls-auf-die-Sowjetunion-Versoehnungsfahrt-nach.jpg\",\"width\":460,\"height\":259,\"caption\":\"Zum 85. Jahrestag des \u00dcberfalls auf die Sowjetunion: Vers\u00f6hnungsfahrt nach Wei\u00dfrussland geplant\"},{\"@type\":\"BreadcrumbList\",\"@id\":\"https:\/\/now-news.de\/de\/deutschland\/zum-85-jahrestag-des-ueberfalls-auf-die-sowjetunion-versoehnungsfahrt-nach-weissrussland-geplant\/#breadcrumb\",\"itemListElement\":[{\"@type\":\"ListItem\",\"position\":1,\"name\":\"Home\",\"item\":\"https:\/\/now-news.de\/de\/\"},{\"@type\":\"ListItem\",\"position\":2,\"name\":\"Zum 85. Jahrestag des \u00dcberfalls auf die Sowjetunion: Vers\u00f6hnungsfahrt nach Wei\u00dfrussland geplant\"}]},{\"@type\":\"WebSite\",\"@id\":\"https:\/\/now-news.de\/de\/#website\",\"url\":\"https:\/\/now-news.de\/de\/\",\"name\":\"just-now.NEWS Deutschland\",\"description\":\"Das Portal f\u00fcr unzensierte Nachrichten aus der Welt\",\"publisher\":{\"@id\":\"https:\/\/now-news.de\/de\/#organization\"},\"potentialAction\":[{\"@type\":\"SearchAction\",\"target\":{\"@type\":\"EntryPoint\",\"urlTemplate\":\"https:\/\/now-news.de\/de\/?s={search_term_string}\"},\"query-input\":\"required name=search_term_string\"}],\"inLanguage\":\"de\"},{\"@type\":\"Organization\",\"@id\":\"https:\/\/now-news.de\/de\/#organization\",\"name\":\"Just Now News\",\"url\":\"https:\/\/now-news.de\/de\/\",\"logo\":{\"@type\":\"ImageObject\",\"inLanguage\":\"de\",\"@id\":\"https:\/\/now-news.de\/de\/#\/schema\/logo\/image\/\",\"url\":\"http:\/\/just-now.news\/de\/wp-content\/uploads\/sites\/3\/2022\/04\/logo500x500.jpg\",\"contentUrl\":\"http:\/\/just-now.news\/de\/wp-content\/uploads\/sites\/3\/2022\/04\/logo500x500.jpg\",\"width\":500,\"height\":500,\"caption\":\"Just Now News\"},\"image\":{\"@id\":\"https:\/\/now-news.de\/de\/#\/schema\/logo\/image\/\"},\"sameAs\":[\"https:\/\/www.facebook.com\/wirmachenauf\",\"https:\/\/x.com\/WirMachenAuf_de\"]},{\"@type\":\"Person\",\"@id\":\"https:\/\/now-news.de\/de\/#\/schema\/person\/fb534a4e865501d8b3285208df34a9b5\",\"name\":\"rtnews\",\"image\":{\"@type\":\"ImageObject\",\"inLanguage\":\"de\",\"@id\":\"https:\/\/now-news.de\/de\/#\/schema\/person\/image\/\",\"url\":\"https:\/\/secure.gravatar.com\/avatar\/82aafea7d8127119dd649515f56e2117?s=96&d=mm&r=g\",\"contentUrl\":\"https:\/\/secure.gravatar.com\/avatar\/82aafea7d8127119dd649515f56e2117?s=96&d=mm&r=g\",\"caption\":\"rtnews\"},\"url\":\"https:\/\/now-news.de\/de\/author\/rnews\/\"}]}<\/script>\n<!-- \/ Yoast SEO Premium plugin. -->","yoast_head_json":{"title":"Zum 85. Jahrestag des \u00dcberfalls auf die Sowjetunion: Vers\u00f6hnungsfahrt nach Wei\u00dfrussland geplant - just-now.NEWS Deutschland","robots":{"index":"index","follow":"follow","max-snippet":"max-snippet:-1","max-image-preview":"max-image-preview:large","max-video-preview":"max-video-preview:-1"},"canonical":"https:\/\/now-news.de\/de\/deutschland\/zum-85-jahrestag-des-ueberfalls-auf-die-sowjetunion-versoehnungsfahrt-nach-weissrussland-geplant\/","og_locale":"de_DE","og_type":"article","og_title":"Zum 85. Jahrestag des \u00dcberfalls auf die Sowjetunion: Vers\u00f6hnungsfahrt nach Wei\u00dfrussland geplant","og_description":"Privatleute aus Deutschland werben anl\u00e4sslich des 85. Jahrestags des Beginns des deutsch-sowjetischen Krieges f\u00fcr eine zweiw\u00f6chige Fahrt nach Wei\u00dfrussland. Den Mitfahrern bietet sich die Gelegenheit, an Kranzniederlegungen in bedeutenden Gedenkst\u00e4tten teilzunehmen. Das Angebot richtet sich auch an K\u00fcnstler, die in Wei\u00dfrussland ein Projekt starten m\u00f6chten. Am 22. Juni 2026 j\u00e4hrt sich der deutsche \u00dcberfall auf [&hellip;]","og_url":"https:\/\/now-news.de\/de\/deutschland\/zum-85-jahrestag-des-ueberfalls-auf-die-sowjetunion-versoehnungsfahrt-nach-weissrussland-geplant\/","og_site_name":"just-now.NEWS Deutschland","article_publisher":"https:\/\/www.facebook.com\/wirmachenauf","article_published_time":"2026-03-08T16:30:20+00:00","og_image":[{"url":"https:\/\/now-news.de\/de\/wp-content\/uploads\/sites\/3\/2026\/03\/69ada148b480cc72501bb067.jpg"}],"author":"rtnews","twitter_card":"summary_large_image","twitter_creator":"@WirMachenAuf_de","twitter_site":"@WirMachenAuf_de","twitter_misc":{"Verfasst von":"rtnews","Gesch\u00e4tzte Lesezeit":"4\u00a0Minuten"},"schema":{"@context":"https:\/\/schema.org","@graph":[{"@type":"Article","@id":"https:\/\/now-news.de\/de\/deutschland\/zum-85-jahrestag-des-ueberfalls-auf-die-sowjetunion-versoehnungsfahrt-nach-weissrussland-geplant\/#article","isPartOf":{"@id":"https:\/\/now-news.de\/de\/deutschland\/zum-85-jahrestag-des-ueberfalls-auf-die-sowjetunion-versoehnungsfahrt-nach-weissrussland-geplant\/"},"author":{"name":"rtnews","@id":"https:\/\/now-news.de\/de\/#\/schema\/person\/fb534a4e865501d8b3285208df34a9b5"},"headline":"Zum 85. Jahrestag des \u00dcberfalls auf die Sowjetunion: Vers\u00f6hnungsfahrt nach Wei\u00dfrussland geplant","datePublished":"2026-03-08T16:30:20+00:00","dateModified":"2026-03-08T16:30:20+00:00","mainEntityOfPage":{"@id":"https:\/\/now-news.de\/de\/deutschland\/zum-85-jahrestag-des-ueberfalls-auf-die-sowjetunion-versoehnungsfahrt-nach-weissrussland-geplant\/"},"wordCount":838,"commentCount":0,"publisher":{"@id":"https:\/\/now-news.de\/de\/#organization"},"image":{"@id":"https:\/\/now-news.de\/de\/deutschland\/zum-85-jahrestag-des-ueberfalls-auf-die-sowjetunion-versoehnungsfahrt-nach-weissrussland-geplant\/#primaryimage"},"thumbnailUrl":"https:\/\/now-news.de\/de\/wp-content\/uploads\/sites\/3\/2026\/03\/Zum-85-Jahrestag-des-Ueberfalls-auf-die-Sowjetunion-Versoehnungsfahrt-nach.jpg","keywords":["AUF","des","die","geplant","Jahrestag","nach","Sowjetunion","\u00dcberfalls","Vers\u00f6hnungsfahrt","Wei\u00dfrussland","zum"],"articleSection":["Deutschland","Russland"],"inLanguage":"de","potentialAction":[{"@type":"CommentAction","name":"Comment","target":["https:\/\/now-news.de\/de\/deutschland\/zum-85-jahrestag-des-ueberfalls-auf-die-sowjetunion-versoehnungsfahrt-nach-weissrussland-geplant\/#respond"]}]},{"@type":"WebPage","@id":"https:\/\/now-news.de\/de\/deutschland\/zum-85-jahrestag-des-ueberfalls-auf-die-sowjetunion-versoehnungsfahrt-nach-weissrussland-geplant\/","url":"https:\/\/now-news.de\/de\/deutschland\/zum-85-jahrestag-des-ueberfalls-auf-die-sowjetunion-versoehnungsfahrt-nach-weissrussland-geplant\/","name":"Zum 85. Jahrestag des \u00dcberfalls auf die Sowjetunion: Vers\u00f6hnungsfahrt nach Wei\u00dfrussland geplant - just-now.NEWS Deutschland","isPartOf":{"@id":"https:\/\/now-news.de\/de\/#website"},"primaryImageOfPage":{"@id":"https:\/\/now-news.de\/de\/deutschland\/zum-85-jahrestag-des-ueberfalls-auf-die-sowjetunion-versoehnungsfahrt-nach-weissrussland-geplant\/#primaryimage"},"image":{"@id":"https:\/\/now-news.de\/de\/deutschland\/zum-85-jahrestag-des-ueberfalls-auf-die-sowjetunion-versoehnungsfahrt-nach-weissrussland-geplant\/#primaryimage"},"thumbnailUrl":"https:\/\/now-news.de\/de\/wp-content\/uploads\/sites\/3\/2026\/03\/Zum-85-Jahrestag-des-Ueberfalls-auf-die-Sowjetunion-Versoehnungsfahrt-nach.jpg","datePublished":"2026-03-08T16:30:20+00:00","dateModified":"2026-03-08T16:30:20+00:00","breadcrumb":{"@id":"https:\/\/now-news.de\/de\/deutschland\/zum-85-jahrestag-des-ueberfalls-auf-die-sowjetunion-versoehnungsfahrt-nach-weissrussland-geplant\/#breadcrumb"},"inLanguage":"de","potentialAction":[{"@type":"ReadAction","target":["https:\/\/now-news.de\/de\/deutschland\/zum-85-jahrestag-des-ueberfalls-auf-die-sowjetunion-versoehnungsfahrt-nach-weissrussland-geplant\/"]}]},{"@type":"ImageObject","inLanguage":"de","@id":"https:\/\/now-news.de\/de\/deutschland\/zum-85-jahrestag-des-ueberfalls-auf-die-sowjetunion-versoehnungsfahrt-nach-weissrussland-geplant\/#primaryimage","url":"https:\/\/now-news.de\/de\/wp-content\/uploads\/sites\/3\/2026\/03\/Zum-85-Jahrestag-des-Ueberfalls-auf-die-Sowjetunion-Versoehnungsfahrt-nach.jpg","contentUrl":"https:\/\/now-news.de\/de\/wp-content\/uploads\/sites\/3\/2026\/03\/Zum-85-Jahrestag-des-Ueberfalls-auf-die-Sowjetunion-Versoehnungsfahrt-nach.jpg","width":460,"height":259,"caption":"Zum 85. Jahrestag des \u00dcberfalls auf die Sowjetunion: Vers\u00f6hnungsfahrt nach Wei\u00dfrussland geplant"},{"@type":"BreadcrumbList","@id":"https:\/\/now-news.de\/de\/deutschland\/zum-85-jahrestag-des-ueberfalls-auf-die-sowjetunion-versoehnungsfahrt-nach-weissrussland-geplant\/#breadcrumb","itemListElement":[{"@type":"ListItem","position":1,"name":"Home","item":"https:\/\/now-news.de\/de\/"},{"@type":"ListItem","position":2,"name":"Zum 85. Jahrestag des \u00dcberfalls auf die Sowjetunion: Vers\u00f6hnungsfahrt nach Wei\u00dfrussland geplant"}]},{"@type":"WebSite","@id":"https:\/\/now-news.de\/de\/#website","url":"https:\/\/now-news.de\/de\/","name":"just-now.NEWS Deutschland","description":"Das Portal f\u00fcr unzensierte Nachrichten aus der Welt","publisher":{"@id":"https:\/\/now-news.de\/de\/#organization"},"potentialAction":[{"@type":"SearchAction","target":{"@type":"EntryPoint","urlTemplate":"https:\/\/now-news.de\/de\/?s={search_term_string}"},"query-input":"required name=search_term_string"}],"inLanguage":"de"},{"@type":"Organization","@id":"https:\/\/now-news.de\/de\/#organization","name":"Just Now News","url":"https:\/\/now-news.de\/de\/","logo":{"@type":"ImageObject","inLanguage":"de","@id":"https:\/\/now-news.de\/de\/#\/schema\/logo\/image\/","url":"http:\/\/just-now.news\/de\/wp-content\/uploads\/sites\/3\/2022\/04\/logo500x500.jpg","contentUrl":"http:\/\/just-now.news\/de\/wp-content\/uploads\/sites\/3\/2022\/04\/logo500x500.jpg","width":500,"height":500,"caption":"Just Now News"},"image":{"@id":"https:\/\/now-news.de\/de\/#\/schema\/logo\/image\/"},"sameAs":["https:\/\/www.facebook.com\/wirmachenauf","https:\/\/x.com\/WirMachenAuf_de"]},{"@type":"Person","@id":"https:\/\/now-news.de\/de\/#\/schema\/person\/fb534a4e865501d8b3285208df34a9b5","name":"rtnews","image":{"@type":"ImageObject","inLanguage":"de","@id":"https:\/\/now-news.de\/de\/#\/schema\/person\/image\/","url":"https:\/\/secure.gravatar.com\/avatar\/82aafea7d8127119dd649515f56e2117?s=96&d=mm&r=g","contentUrl":"https:\/\/secure.gravatar.com\/avatar\/82aafea7d8127119dd649515f56e2117?s=96&d=mm&r=g","caption":"rtnews"},"url":"https:\/\/now-news.de\/de\/author\/rnews\/"}]}},"_links":{"self":[{"href":"https:\/\/now-news.de\/de\/wp-json\/wp\/v2\/posts\/99984"}],"collection":[{"href":"https:\/\/now-news.de\/de\/wp-json\/wp\/v2\/posts"}],"about":[{"href":"https:\/\/now-news.de\/de\/wp-json\/wp\/v2\/types\/post"}],"author":[{"embeddable":true,"href":"https:\/\/now-news.de\/de\/wp-json\/wp\/v2\/users\/3"}],"replies":[{"embeddable":true,"href":"https:\/\/now-news.de\/de\/wp-json\/wp\/v2\/comments?post=99984"}],"version-history":[{"count":0,"href":"https:\/\/now-news.de\/de\/wp-json\/wp\/v2\/posts\/99984\/revisions"}],"wp:featuredmedia":[{"embeddable":true,"href":"https:\/\/now-news.de\/de\/wp-json\/wp\/v2\/media\/99985"}],"wp:attachment":[{"href":"https:\/\/now-news.de\/de\/wp-json\/wp\/v2\/media?parent=99984"}],"wp:term":[{"taxonomy":"category","embeddable":true,"href":"https:\/\/now-news.de\/de\/wp-json\/wp\/v2\/categories?post=99984"},{"taxonomy":"post_tag","embeddable":true,"href":"https:\/\/now-news.de\/de\/wp-json\/wp\/v2\/tags?post=99984"}],"curies":[{"name":"wp","href":"https:\/\/api.w.org\/{rel}","templated":true}]}}