{"id":99946,"date":"2026-03-07T16:49:30","date_gmt":"2026-03-07T14:49:30","guid":{"rendered":"https:\/\/now-news.de\/de\/deutschland\/gewalt-in-zuegen-jeder-dritte-bei-der-bahn-will-gehen\/"},"modified":"2026-03-07T16:49:30","modified_gmt":"2026-03-07T14:49:30","slug":"gewalt-in-zuegen-jeder-dritte-bei-der-bahn-will-gehen","status":"publish","type":"post","link":"https:\/\/now-news.de\/de\/deutschland\/gewalt-in-zuegen-jeder-dritte-bei-der-bahn-will-gehen\/","title":{"rendered":"Gewalt in Z\u00fcgen: Jeder Dritte bei der Bahn will gehen"},"content":{"rendered":"<p><img decoding=\"async\" src=\"https:\/\/now-news.de\/de\/wp-content\/uploads\/sites\/3\/2026\/03\/69abf2e2b480cc6bd3381426.jpg\" \/><\/p>\n<div class=\"Text-root Text-type_1 \">\n                Immer mehr Orte, von denen man es fr\u00fcher nicht erwartet h\u00e4tte, werden zu Tatorten gewaltt\u00e4tiger \u00dcbergriffe. Wie der Zugverkehr. Die Stimmung unter den Mitarbeitern der Bahn scheint unterirdisch; das ergab eine aktuelle Umfrage.\n            <\/div>\n<p><\/p>\n<div class=\"Text-root Text-type_5 ArticleView-text ViewText-root \">\n<p>Die steigende Zahl von \u00dcbergriffen in Z\u00fcgen hat Folgen: Eine Umfrage der Gewerkschaft EVG ergab, dass inzwischen jeder dritte Mitarbeiter \u00fcberlegt, den Job hinzuschmei\u00dfen. Das ergab eine Umfrage der Eisenbahngewerkschaft EVG unter ihren Mitgliedern.<\/p>\n<p>Anfang Februar war ein Zugbegleiter in einem Regionalzug von einem Fahrgast erschlagen worden, als er seine Fahrkarte kontrollieren wollte. Im selben Monat wurde bekannt, dass es im Verlauf des Jahres 2025 insgesamt zu \u00fcber 3.000 Angriffen auf Bahnmitarbeiter kam, vor allem im Regionalverkehr.<\/p>\n<p>85 Prozent der Teilnehmer an der EVG-Umfrage best\u00e4tigten, bereits selbst Beschimpfungen Drohungen erlebt zu haben, bei der H\u00e4lfte ging es bis zum k\u00f6rperlichen \u00dcbergriff. Zwei Drittel f\u00fchlen sich bei der Arbeit unsicherer.<\/p>\n<p>Als Konsequenz fordert die EVG mehr Mitarbeiter in den Z\u00fcgen. Auf vielen Strecken, gerade im Regionalverkehr, gibt es nur jeweils einen Mitarbeiter, der im Notfall also keine Unterst\u00fctzung erhalten kann. Zwei Mitarbeiter in jedem Zug, das fordert auch die Konkurrenzgewerkschaft GDL.<\/p>\n<p>Bisher erhalten die Mitarbeiter im Falle eines \u00dcbergriffs nicht einmal Unterst\u00fctzung beim Stellen der Anzeige. Eine Doppelbesetzung in den Regionalz\u00fcgen wird von den Ministerpr\u00e4sidenten der L\u00e4nder, die f\u00fcr die Finanzierung des Regionalverkehrs zust\u00e4ndig sind, bisher abgelehnt. In Rheinland-Pfalz wird derzeit mit einer &#8220;Zwischenl\u00f6sung&#8221; experimentiert \u2013 manche Strecken fahren ganz ohne Kontrolleure. EVG-Vertreterin Carola Schein:<\/p>\n<p><em>&#8220;Wir ben\u00f6tigen die M\u00f6glichkeit, auf einigen Strecken f\u00fcr ein paar Tage oder Wochen unbesetzt zu fahren, um eine Doppelbesetzung auf kritischen Verbindungen m\u00f6glich zu machen.&#8221;<\/em><\/p>\n<p>Der rheinland-pf\u00e4lzische Ministerpr\u00e4sident Alexander Schweitzer hatte im Lauf der Woche als Dauerl\u00f6sung jedoch einen anderen Vorschlag gemacht, der zu erkennen gibt, welche Folgen das Problem f\u00fcr die Bahnnutzer haben k\u00f6nnte: Er wolle lieber ein paar Verbindungen weniger anbieten, um die \u00fcbrigen doppelt besetzen zu k\u00f6nnen \u2026<\/p>\n<p>Ein Schritt, der leichter durchzusetzen sein wird, ist, das Deutschlandticket mit einem Foto zu versehen. Das w\u00fcrde zus\u00e4tzliche Ausweiskontrollen unn\u00f6tig machen. Nach dem Angriff auf Serkan C. im Februar war die erste Ma\u00dfnahme der Bahn AG, Fahrg\u00e4ste, die m\u00f6glicherweise Probleme verursachen, gar nicht mehr zu kontrollieren.<\/p>\n<p>Die Bahnunternehmen m\u00fcssten das Problem in den Griff bekommen. &#8220;Sonst&#8221;, erkl\u00e4rte der stellvertretende EVG-Vorsitzende Kristian Loroch, &#8220;k\u00f6nnten bald massenhaft Z\u00fcge und Busse wegen Personalmangels stehen bleiben.&#8221;<\/p>\n<p><strong>Mehr zum Thema<\/strong>\u00a0\u2013 <a rel=\"nofollow noopener\" target=\"_blank\" href=\"https:\/\/freedert.online\/inland\/269449-bmi-statistik-im-jahr-2025\/\">Ministerium:<\/a><a rel=\"nofollow noopener\" target=\"_blank\" href=\"https:\/\/freedert.online\/inland\/269449-bmi-statistik-im-jahr-2025\/\">\u00a0Fast 2.000 Attacken auf Bundespolizisten im Jahr 2025 <\/a><\/p>\n<div class=\"EmbedBlock-root EmbedBlock-externalVideo EmbedBlock-rumble\">\n<div class=\"VkEmbed\"><iframe class=\"lazyload\" data-src=\"https:\/\/rumble.com\/embed\/v73nvye\" frameborder=\"0\" width=\"853\" height=\"480\" allowfullscreen><\/iframe><\/div>\n<\/div>\n<\/div>\n<p><br \/>\n<br \/><a href=\"https:\/\/de.rt.com\/inland\/272432-gewalt-in-zuegen-jeder-dritte\/\">Source link <\/a><\/p>\n","protected":false},"excerpt":{"rendered":"<p>Immer mehr Orte, von denen man es fr\u00fcher nicht erwartet h\u00e4tte, werden zu Tatorten gewaltt\u00e4tiger \u00dcbergriffe. Wie der Zugverkehr. Die Stimmung unter den Mitarbeitern der Bahn scheint unterirdisch; das ergab eine aktuelle Umfrage. Die steigende Zahl von \u00dcbergriffen in Z\u00fcgen hat Folgen: Eine Umfrage der Gewerkschaft EVG ergab, dass inzwischen jeder dritte Mitarbeiter \u00fcberlegt, den [&hellip;]<\/p>\n","protected":false},"author":3,"featured_media":99947,"comment_status":"open","ping_status":"open","sticky":false,"template":"","format":"standard","meta":{"_yoast_indexnow_last_ping":["1772895884"],"wp_automatic_camp":["217"],"428aac1cebf1a710f694a11c4847e803":["Gewalt in Z\u00fcgen: Jeder Dritte bei der Bahn will gehen"],"original_link":["https:\/\/de.rt.com\/inland\/272432-gewalt-in-zuegen-jeder-dritte\/"],"_thumbnail_id":["99947"],"jnews_social_counter_last_update":["1777320766"],"_wptgpro_p2tg_sent2tg":["a:1:{i:23737;s:19:\"2026-03-07 17:05:44\";}"]},"categories":[19,23],"tags":[21087,363,82,15742,600,7768,12049,5555],"yoast_head":"<!-- This site is optimized with the Yoast SEO Premium plugin v22.7 (Yoast SEO v22.7) - https:\/\/yoast.com\/wordpress\/plugins\/seo\/ -->\n<title>Gewalt in Z\u00fcgen: Jeder Dritte bei der Bahn will gehen - just-now.NEWS Deutschland<\/title>\n<meta name=\"robots\" content=\"index, follow, max-snippet:-1, max-image-preview:large, max-video-preview:-1\" \/>\n<link rel=\"canonical\" href=\"https:\/\/now-news.de\/de\/deutschland\/gewalt-in-zuegen-jeder-dritte-bei-der-bahn-will-gehen\/\" \/>\n<meta property=\"og:locale\" content=\"de_DE\" \/>\n<meta property=\"og:type\" content=\"article\" \/>\n<meta property=\"og:title\" content=\"Gewalt in Z\u00fcgen: Jeder Dritte bei der Bahn will gehen\" \/>\n<meta property=\"og:description\" content=\"Immer mehr Orte, von denen man es fr\u00fcher nicht erwartet h\u00e4tte, werden zu Tatorten gewaltt\u00e4tiger \u00dcbergriffe. Wie der Zugverkehr. Die Stimmung unter den Mitarbeitern der Bahn scheint unterirdisch; das ergab eine aktuelle Umfrage. Die steigende Zahl von \u00dcbergriffen in Z\u00fcgen hat Folgen: Eine Umfrage der Gewerkschaft EVG ergab, dass inzwischen jeder dritte Mitarbeiter \u00fcberlegt, den [&hellip;]\" \/>\n<meta property=\"og:url\" content=\"https:\/\/now-news.de\/de\/deutschland\/gewalt-in-zuegen-jeder-dritte-bei-der-bahn-will-gehen\/\" \/>\n<meta property=\"og:site_name\" content=\"just-now.NEWS Deutschland\" \/>\n<meta property=\"article:publisher\" content=\"https:\/\/www.facebook.com\/wirmachenauf\" \/>\n<meta property=\"article:published_time\" content=\"2026-03-07T14:49:30+00:00\" \/>\n<meta property=\"og:image\" content=\"https:\/\/now-news.de\/de\/wp-content\/uploads\/sites\/3\/2026\/03\/69abf2e2b480cc6bd3381426.jpg\" \/>\n<meta name=\"author\" content=\"rtnews\" \/>\n<meta name=\"twitter:card\" content=\"summary_large_image\" \/>\n<meta name=\"twitter:creator\" content=\"@WirMachenAuf_de\" \/>\n<meta name=\"twitter:site\" content=\"@WirMachenAuf_de\" \/>\n<meta name=\"twitter:label1\" content=\"Verfasst von\" \/>\n\t<meta name=\"twitter:data1\" content=\"rtnews\" \/>\n\t<meta name=\"twitter:label2\" content=\"Gesch\u00e4tzte Lesezeit\" \/>\n\t<meta name=\"twitter:data2\" content=\"2\u00a0Minuten\" \/>\n<script type=\"application\/ld+json\" class=\"yoast-schema-graph\">{\"@context\":\"https:\/\/schema.org\",\"@graph\":[{\"@type\":\"Article\",\"@id\":\"https:\/\/now-news.de\/de\/deutschland\/gewalt-in-zuegen-jeder-dritte-bei-der-bahn-will-gehen\/#article\",\"isPartOf\":{\"@id\":\"https:\/\/now-news.de\/de\/deutschland\/gewalt-in-zuegen-jeder-dritte-bei-der-bahn-will-gehen\/\"},\"author\":{\"name\":\"rtnews\",\"@id\":\"https:\/\/now-news.de\/de\/#\/schema\/person\/fb534a4e865501d8b3285208df34a9b5\"},\"headline\":\"Gewalt in Z\u00fcgen: Jeder Dritte bei der Bahn will gehen\",\"datePublished\":\"2026-03-07T14:49:30+00:00\",\"dateModified\":\"2026-03-07T14:49:30+00:00\",\"mainEntityOfPage\":{\"@id\":\"https:\/\/now-news.de\/de\/deutschland\/gewalt-in-zuegen-jeder-dritte-bei-der-bahn-will-gehen\/\"},\"wordCount\":437,\"commentCount\":0,\"publisher\":{\"@id\":\"https:\/\/now-news.de\/de\/#organization\"},\"image\":{\"@id\":\"https:\/\/now-news.de\/de\/deutschland\/gewalt-in-zuegen-jeder-dritte-bei-der-bahn-will-gehen\/#primaryimage\"},\"thumbnailUrl\":\"https:\/\/now-news.de\/de\/wp-content\/uploads\/sites\/3\/2026\/03\/Gewalt-in-Zuegen-Jeder-Dritte-bei-der-Bahn-will-gehen.jpg\",\"keywords\":[\"Bahn\",\"bei\",\"der\",\"Dritte\",\"gehen\",\"Gewalt\",\"jeder\",\"Z\u00fcgen\"],\"articleSection\":[\"Deutschland\",\"Russland\"],\"inLanguage\":\"de\",\"potentialAction\":[{\"@type\":\"CommentAction\",\"name\":\"Comment\",\"target\":[\"https:\/\/now-news.de\/de\/deutschland\/gewalt-in-zuegen-jeder-dritte-bei-der-bahn-will-gehen\/#respond\"]}]},{\"@type\":\"WebPage\",\"@id\":\"https:\/\/now-news.de\/de\/deutschland\/gewalt-in-zuegen-jeder-dritte-bei-der-bahn-will-gehen\/\",\"url\":\"https:\/\/now-news.de\/de\/deutschland\/gewalt-in-zuegen-jeder-dritte-bei-der-bahn-will-gehen\/\",\"name\":\"Gewalt in Z\u00fcgen: Jeder Dritte bei der Bahn will gehen - just-now.NEWS Deutschland\",\"isPartOf\":{\"@id\":\"https:\/\/now-news.de\/de\/#website\"},\"primaryImageOfPage\":{\"@id\":\"https:\/\/now-news.de\/de\/deutschland\/gewalt-in-zuegen-jeder-dritte-bei-der-bahn-will-gehen\/#primaryimage\"},\"image\":{\"@id\":\"https:\/\/now-news.de\/de\/deutschland\/gewalt-in-zuegen-jeder-dritte-bei-der-bahn-will-gehen\/#primaryimage\"},\"thumbnailUrl\":\"https:\/\/now-news.de\/de\/wp-content\/uploads\/sites\/3\/2026\/03\/Gewalt-in-Zuegen-Jeder-Dritte-bei-der-Bahn-will-gehen.jpg\",\"datePublished\":\"2026-03-07T14:49:30+00:00\",\"dateModified\":\"2026-03-07T14:49:30+00:00\",\"breadcrumb\":{\"@id\":\"https:\/\/now-news.de\/de\/deutschland\/gewalt-in-zuegen-jeder-dritte-bei-der-bahn-will-gehen\/#breadcrumb\"},\"inLanguage\":\"de\",\"potentialAction\":[{\"@type\":\"ReadAction\",\"target\":[\"https:\/\/now-news.de\/de\/deutschland\/gewalt-in-zuegen-jeder-dritte-bei-der-bahn-will-gehen\/\"]}]},{\"@type\":\"ImageObject\",\"inLanguage\":\"de\",\"@id\":\"https:\/\/now-news.de\/de\/deutschland\/gewalt-in-zuegen-jeder-dritte-bei-der-bahn-will-gehen\/#primaryimage\",\"url\":\"https:\/\/now-news.de\/de\/wp-content\/uploads\/sites\/3\/2026\/03\/Gewalt-in-Zuegen-Jeder-Dritte-bei-der-Bahn-will-gehen.jpg\",\"contentUrl\":\"https:\/\/now-news.de\/de\/wp-content\/uploads\/sites\/3\/2026\/03\/Gewalt-in-Zuegen-Jeder-Dritte-bei-der-Bahn-will-gehen.jpg\",\"width\":460,\"height\":259,\"caption\":\"Gewalt in Z\u00fcgen: Jeder Dritte bei der Bahn will gehen\"},{\"@type\":\"BreadcrumbList\",\"@id\":\"https:\/\/now-news.de\/de\/deutschland\/gewalt-in-zuegen-jeder-dritte-bei-der-bahn-will-gehen\/#breadcrumb\",\"itemListElement\":[{\"@type\":\"ListItem\",\"position\":1,\"name\":\"Home\",\"item\":\"https:\/\/now-news.de\/de\/\"},{\"@type\":\"ListItem\",\"position\":2,\"name\":\"Gewalt in Z\u00fcgen: Jeder Dritte bei der Bahn will gehen\"}]},{\"@type\":\"WebSite\",\"@id\":\"https:\/\/now-news.de\/de\/#website\",\"url\":\"https:\/\/now-news.de\/de\/\",\"name\":\"just-now.NEWS Deutschland\",\"description\":\"Das Portal f\u00fcr unzensierte Nachrichten aus der Welt\",\"publisher\":{\"@id\":\"https:\/\/now-news.de\/de\/#organization\"},\"potentialAction\":[{\"@type\":\"SearchAction\",\"target\":{\"@type\":\"EntryPoint\",\"urlTemplate\":\"https:\/\/now-news.de\/de\/?s={search_term_string}\"},\"query-input\":\"required name=search_term_string\"}],\"inLanguage\":\"de\"},{\"@type\":\"Organization\",\"@id\":\"https:\/\/now-news.de\/de\/#organization\",\"name\":\"Just Now News\",\"url\":\"https:\/\/now-news.de\/de\/\",\"logo\":{\"@type\":\"ImageObject\",\"inLanguage\":\"de\",\"@id\":\"https:\/\/now-news.de\/de\/#\/schema\/logo\/image\/\",\"url\":\"http:\/\/just-now.news\/de\/wp-content\/uploads\/sites\/3\/2022\/04\/logo500x500.jpg\",\"contentUrl\":\"http:\/\/just-now.news\/de\/wp-content\/uploads\/sites\/3\/2022\/04\/logo500x500.jpg\",\"width\":500,\"height\":500,\"caption\":\"Just Now News\"},\"image\":{\"@id\":\"https:\/\/now-news.de\/de\/#\/schema\/logo\/image\/\"},\"sameAs\":[\"https:\/\/www.facebook.com\/wirmachenauf\",\"https:\/\/x.com\/WirMachenAuf_de\"]},{\"@type\":\"Person\",\"@id\":\"https:\/\/now-news.de\/de\/#\/schema\/person\/fb534a4e865501d8b3285208df34a9b5\",\"name\":\"rtnews\",\"image\":{\"@type\":\"ImageObject\",\"inLanguage\":\"de\",\"@id\":\"https:\/\/now-news.de\/de\/#\/schema\/person\/image\/\",\"url\":\"https:\/\/secure.gravatar.com\/avatar\/82aafea7d8127119dd649515f56e2117?s=96&d=mm&r=g\",\"contentUrl\":\"https:\/\/secure.gravatar.com\/avatar\/82aafea7d8127119dd649515f56e2117?s=96&d=mm&r=g\",\"caption\":\"rtnews\"},\"url\":\"https:\/\/now-news.de\/de\/author\/rnews\/\"}]}<\/script>\n<!-- \/ Yoast SEO Premium plugin. -->","yoast_head_json":{"title":"Gewalt in Z\u00fcgen: Jeder Dritte bei der Bahn will gehen - just-now.NEWS Deutschland","robots":{"index":"index","follow":"follow","max-snippet":"max-snippet:-1","max-image-preview":"max-image-preview:large","max-video-preview":"max-video-preview:-1"},"canonical":"https:\/\/now-news.de\/de\/deutschland\/gewalt-in-zuegen-jeder-dritte-bei-der-bahn-will-gehen\/","og_locale":"de_DE","og_type":"article","og_title":"Gewalt in Z\u00fcgen: Jeder Dritte bei der Bahn will gehen","og_description":"Immer mehr Orte, von denen man es fr\u00fcher nicht erwartet h\u00e4tte, werden zu Tatorten gewaltt\u00e4tiger \u00dcbergriffe. Wie der Zugverkehr. Die Stimmung unter den Mitarbeitern der Bahn scheint unterirdisch; das ergab eine aktuelle Umfrage. Die steigende Zahl von \u00dcbergriffen in Z\u00fcgen hat Folgen: Eine Umfrage der Gewerkschaft EVG ergab, dass inzwischen jeder dritte Mitarbeiter \u00fcberlegt, den [&hellip;]","og_url":"https:\/\/now-news.de\/de\/deutschland\/gewalt-in-zuegen-jeder-dritte-bei-der-bahn-will-gehen\/","og_site_name":"just-now.NEWS Deutschland","article_publisher":"https:\/\/www.facebook.com\/wirmachenauf","article_published_time":"2026-03-07T14:49:30+00:00","og_image":[{"url":"https:\/\/now-news.de\/de\/wp-content\/uploads\/sites\/3\/2026\/03\/69abf2e2b480cc6bd3381426.jpg"}],"author":"rtnews","twitter_card":"summary_large_image","twitter_creator":"@WirMachenAuf_de","twitter_site":"@WirMachenAuf_de","twitter_misc":{"Verfasst von":"rtnews","Gesch\u00e4tzte Lesezeit":"2\u00a0Minuten"},"schema":{"@context":"https:\/\/schema.org","@graph":[{"@type":"Article","@id":"https:\/\/now-news.de\/de\/deutschland\/gewalt-in-zuegen-jeder-dritte-bei-der-bahn-will-gehen\/#article","isPartOf":{"@id":"https:\/\/now-news.de\/de\/deutschland\/gewalt-in-zuegen-jeder-dritte-bei-der-bahn-will-gehen\/"},"author":{"name":"rtnews","@id":"https:\/\/now-news.de\/de\/#\/schema\/person\/fb534a4e865501d8b3285208df34a9b5"},"headline":"Gewalt in Z\u00fcgen: Jeder Dritte bei der Bahn will gehen","datePublished":"2026-03-07T14:49:30+00:00","dateModified":"2026-03-07T14:49:30+00:00","mainEntityOfPage":{"@id":"https:\/\/now-news.de\/de\/deutschland\/gewalt-in-zuegen-jeder-dritte-bei-der-bahn-will-gehen\/"},"wordCount":437,"commentCount":0,"publisher":{"@id":"https:\/\/now-news.de\/de\/#organization"},"image":{"@id":"https:\/\/now-news.de\/de\/deutschland\/gewalt-in-zuegen-jeder-dritte-bei-der-bahn-will-gehen\/#primaryimage"},"thumbnailUrl":"https:\/\/now-news.de\/de\/wp-content\/uploads\/sites\/3\/2026\/03\/Gewalt-in-Zuegen-Jeder-Dritte-bei-der-Bahn-will-gehen.jpg","keywords":["Bahn","bei","der","Dritte","gehen","Gewalt","jeder","Z\u00fcgen"],"articleSection":["Deutschland","Russland"],"inLanguage":"de","potentialAction":[{"@type":"CommentAction","name":"Comment","target":["https:\/\/now-news.de\/de\/deutschland\/gewalt-in-zuegen-jeder-dritte-bei-der-bahn-will-gehen\/#respond"]}]},{"@type":"WebPage","@id":"https:\/\/now-news.de\/de\/deutschland\/gewalt-in-zuegen-jeder-dritte-bei-der-bahn-will-gehen\/","url":"https:\/\/now-news.de\/de\/deutschland\/gewalt-in-zuegen-jeder-dritte-bei-der-bahn-will-gehen\/","name":"Gewalt in Z\u00fcgen: Jeder Dritte bei der Bahn will gehen - just-now.NEWS Deutschland","isPartOf":{"@id":"https:\/\/now-news.de\/de\/#website"},"primaryImageOfPage":{"@id":"https:\/\/now-news.de\/de\/deutschland\/gewalt-in-zuegen-jeder-dritte-bei-der-bahn-will-gehen\/#primaryimage"},"image":{"@id":"https:\/\/now-news.de\/de\/deutschland\/gewalt-in-zuegen-jeder-dritte-bei-der-bahn-will-gehen\/#primaryimage"},"thumbnailUrl":"https:\/\/now-news.de\/de\/wp-content\/uploads\/sites\/3\/2026\/03\/Gewalt-in-Zuegen-Jeder-Dritte-bei-der-Bahn-will-gehen.jpg","datePublished":"2026-03-07T14:49:30+00:00","dateModified":"2026-03-07T14:49:30+00:00","breadcrumb":{"@id":"https:\/\/now-news.de\/de\/deutschland\/gewalt-in-zuegen-jeder-dritte-bei-der-bahn-will-gehen\/#breadcrumb"},"inLanguage":"de","potentialAction":[{"@type":"ReadAction","target":["https:\/\/now-news.de\/de\/deutschland\/gewalt-in-zuegen-jeder-dritte-bei-der-bahn-will-gehen\/"]}]},{"@type":"ImageObject","inLanguage":"de","@id":"https:\/\/now-news.de\/de\/deutschland\/gewalt-in-zuegen-jeder-dritte-bei-der-bahn-will-gehen\/#primaryimage","url":"https:\/\/now-news.de\/de\/wp-content\/uploads\/sites\/3\/2026\/03\/Gewalt-in-Zuegen-Jeder-Dritte-bei-der-Bahn-will-gehen.jpg","contentUrl":"https:\/\/now-news.de\/de\/wp-content\/uploads\/sites\/3\/2026\/03\/Gewalt-in-Zuegen-Jeder-Dritte-bei-der-Bahn-will-gehen.jpg","width":460,"height":259,"caption":"Gewalt in Z\u00fcgen: Jeder Dritte bei der Bahn will gehen"},{"@type":"BreadcrumbList","@id":"https:\/\/now-news.de\/de\/deutschland\/gewalt-in-zuegen-jeder-dritte-bei-der-bahn-will-gehen\/#breadcrumb","itemListElement":[{"@type":"ListItem","position":1,"name":"Home","item":"https:\/\/now-news.de\/de\/"},{"@type":"ListItem","position":2,"name":"Gewalt in Z\u00fcgen: Jeder Dritte bei der Bahn will gehen"}]},{"@type":"WebSite","@id":"https:\/\/now-news.de\/de\/#website","url":"https:\/\/now-news.de\/de\/","name":"just-now.NEWS Deutschland","description":"Das Portal f\u00fcr unzensierte Nachrichten aus der Welt","publisher":{"@id":"https:\/\/now-news.de\/de\/#organization"},"potentialAction":[{"@type":"SearchAction","target":{"@type":"EntryPoint","urlTemplate":"https:\/\/now-news.de\/de\/?s={search_term_string}"},"query-input":"required name=search_term_string"}],"inLanguage":"de"},{"@type":"Organization","@id":"https:\/\/now-news.de\/de\/#organization","name":"Just Now News","url":"https:\/\/now-news.de\/de\/","logo":{"@type":"ImageObject","inLanguage":"de","@id":"https:\/\/now-news.de\/de\/#\/schema\/logo\/image\/","url":"http:\/\/just-now.news\/de\/wp-content\/uploads\/sites\/3\/2022\/04\/logo500x500.jpg","contentUrl":"http:\/\/just-now.news\/de\/wp-content\/uploads\/sites\/3\/2022\/04\/logo500x500.jpg","width":500,"height":500,"caption":"Just Now News"},"image":{"@id":"https:\/\/now-news.de\/de\/#\/schema\/logo\/image\/"},"sameAs":["https:\/\/www.facebook.com\/wirmachenauf","https:\/\/x.com\/WirMachenAuf_de"]},{"@type":"Person","@id":"https:\/\/now-news.de\/de\/#\/schema\/person\/fb534a4e865501d8b3285208df34a9b5","name":"rtnews","image":{"@type":"ImageObject","inLanguage":"de","@id":"https:\/\/now-news.de\/de\/#\/schema\/person\/image\/","url":"https:\/\/secure.gravatar.com\/avatar\/82aafea7d8127119dd649515f56e2117?s=96&d=mm&r=g","contentUrl":"https:\/\/secure.gravatar.com\/avatar\/82aafea7d8127119dd649515f56e2117?s=96&d=mm&r=g","caption":"rtnews"},"url":"https:\/\/now-news.de\/de\/author\/rnews\/"}]}},"_links":{"self":[{"href":"https:\/\/now-news.de\/de\/wp-json\/wp\/v2\/posts\/99946"}],"collection":[{"href":"https:\/\/now-news.de\/de\/wp-json\/wp\/v2\/posts"}],"about":[{"href":"https:\/\/now-news.de\/de\/wp-json\/wp\/v2\/types\/post"}],"author":[{"embeddable":true,"href":"https:\/\/now-news.de\/de\/wp-json\/wp\/v2\/users\/3"}],"replies":[{"embeddable":true,"href":"https:\/\/now-news.de\/de\/wp-json\/wp\/v2\/comments?post=99946"}],"version-history":[{"count":0,"href":"https:\/\/now-news.de\/de\/wp-json\/wp\/v2\/posts\/99946\/revisions"}],"wp:featuredmedia":[{"embeddable":true,"href":"https:\/\/now-news.de\/de\/wp-json\/wp\/v2\/media\/99947"}],"wp:attachment":[{"href":"https:\/\/now-news.de\/de\/wp-json\/wp\/v2\/media?parent=99946"}],"wp:term":[{"taxonomy":"category","embeddable":true,"href":"https:\/\/now-news.de\/de\/wp-json\/wp\/v2\/categories?post=99946"},{"taxonomy":"post_tag","embeddable":true,"href":"https:\/\/now-news.de\/de\/wp-json\/wp\/v2\/tags?post=99946"}],"curies":[{"name":"wp","href":"https:\/\/api.w.org\/{rel}","templated":true}]}}