{"id":99920,"date":"2026-03-06T19:28:05","date_gmt":"2026-03-06T17:28:05","guid":{"rendered":"https:\/\/now-news.de\/de\/deutschland\/am-sonntag-kommunalwahl-im-freistaat-bayern\/"},"modified":"2026-03-06T19:28:05","modified_gmt":"2026-03-06T17:28:05","slug":"am-sonntag-kommunalwahl-im-freistaat-bayern","status":"publish","type":"post","link":"https:\/\/now-news.de\/de\/deutschland\/am-sonntag-kommunalwahl-im-freistaat-bayern\/","title":{"rendered":"Am Sonntag Kommunalwahl im Freistaat Bayern"},"content":{"rendered":"<p><img decoding=\"async\" src=\"https:\/\/now-news.de\/de\/wp-content\/uploads\/sites\/3\/2026\/03\/69aab58db480cc28921b9605.jpeg\" \/><\/p>\n<div class=\"Text-root Text-type_1 \">\n                Im Freistaat Bayern sind am 8. M\u00e4rz rund zehn Millionen Wahlberechtigte dazu aufgerufen, rund 39.000 lokale und regionale Entscheidungstr\u00e4ger neu zu bestimmen.\n            <\/div>\n<p><\/p>\n<div class=\"Text-root Text-type_5 ArticleView-text ViewText-root \">\n<p>Am kommenden Sonntag wird in mehr als 2.000 bayerischen St\u00e4dten und Gemeinden dar\u00fcber abgestimmt, welche Kandidatinnen und Kandidaten k\u00fcnftig B\u00fcrgermeister oder Landrat werden beziehungsweise in Stadtrat oder Gemeinderat einziehen. Bei den Wahlen im Freistaat werden rund 39.500 kommunale Mandatstr\u00e4ger f\u00fcr grunds\u00e4tzlich sechs Jahre gew\u00e4hlt.<\/p>\n<p>Am 8. M\u00e4rz 2026 steht in Bayern die Kommunalwahl an. Neben den wahlberechtigten B\u00fcrgern d\u00fcrfen\u00a0auch registrierte EU-Ausl\u00e4nder an die Wahlurne treten, so\u00a0<em>BR24<\/em>\u00a0<a rel=\"nofollow noopener\" target=\"_blank\" href=\"https:\/\/www.br.de\/nachrichten\/bayern\/kommunalwahl-in-bayern-2026-auch-eu-auslaender-die-in-bayern-wohnen-duerfen-waehlen,VAQdauD\">best\u00e4tigend<\/a>. So w\u00e4ren\u00a0in Bayern neben den deutschen Staatsb\u00fcrgern auch Staatsangeh\u00f6rige eines anderen EU-Landes wahlberechtigt, mit der Voraussetzung, dass sie &#8220;sich seit mindestens zwei Monaten (also vor einschlie\u00dflich 8. Januar 2026) in der Gemeinde bzw. im Landkreis mit ihrem Lebensschwerpunkt aufhalten&#8221;. Ausschlaggebend sei der offizielle Hauptwohnsitz.<\/p>\n<p>Rund 700.000 der 10,05 Millionen wahlberechtigten Bayern und Bayerinnen werden erstmals das f\u00fcr eine Kommunalwahl erforderliche Mindestalter von 18 Jahren erreicht haben.<\/p>\n<p>Beh\u00f6rdliche Details lauten vor dem Wahltag:<\/p>\n<p><em>&#8220;Zur Wahl steht die\u00a0Neubesetzung von rund 39.500 politischen \u00c4mtern in landesweit 2.056 Gemeinden, 71 Landkreisen und 25 kreisfreien St\u00e4dten\u00a0\u2013 und um die politische Ausrichtung der \u00f6rtlichen Selbstverwaltung in Deutschlands fl\u00e4chengr\u00f6\u00dftem Bundesland.&#8221;<\/em><\/p>\n<p>Nach Angaben der Landeswahlleitung Bayern werden des Weiteren 62 Landr\u00e4tinnen und Landr\u00e4te neu gew\u00e4hlt, 50 Oberb\u00fcrgermeisterinnen und Oberb\u00fcrgermeister, 1.870 B\u00fcrgermeisterinnen und B\u00fcrgermeister, 4.730 Kreisr\u00e4te und 32.924 Stadt- und Gemeinder\u00e4te.<\/p>\n<p>F\u00fcr aktuelle mediale Aufmerksamkeit, neben dem Versuch, unterst\u00fctzende Wahlkampfauftritte des AfD-Politikers Bj\u00f6rn H\u00f6cke zu verhindern (<em>RT DE<\/em>\u00a0<a rel=\"nofollow noopener\" target=\"_blank\" href=\"https:\/\/freeassange.tech\/inland\/270128-lindenberg-hoecke-darf-reden\/\">berichtete<\/a>), sorgte ein Vorfall am vergangenen\u00a0Samstagvormittag in Rosenheim an einem Infostand der AfD. Dort war es demnach &#8220;zu einem Gerangel zwischen Unterst\u00fctzern der Partei und Gegendemonstranten&#8221; gekommen. Weiter\u00a0<a rel=\"nofollow noopener\" target=\"_blank\" href=\"https:\/\/www.bayerische-staatszeitung.de\/staatszeitung\/kommunales\/detailansicht-kommunales\/artikel\/streit-an-afd-stand-was-ist-wirklich-passiert.html#topPosition\">hei\u00dft es<\/a>:<\/p>\n<p><em>&#8220;Drei junge Leute sind am vergangenen Wochenende in Rosenheim mit einem AfD-Kandidaten in Streit geraten. Die Lage eskalierte, es wird wegen eines Angriffs ermittelt. Trotz eines Videos mit offenen Fragen h\u00e4lt der AfD-Mann an seinem Strafantrag fest.&#8221;<\/em><\/p>\n<p>Der 70-J\u00e4hrige wurde dabei verletzt.\u00a0Die Polizei ermittelle nun gegen die Jugendlichen. Die\u00a0<em>Bayerische Stadtzeitung<\/em>\u00a0<a rel=\"nofollow noopener\" target=\"_blank\" href=\"https:\/\/www.bayerische-staatszeitung.de\/staatszeitung\/kommunales\/detailansicht-kommunales\/artikel\/streit-an-afd-stand-was-ist-wirklich-passiert.html#topPosition\">berichtet\u00a0<\/a>zu dem Vorfall:<\/p>\n<p><em>&#8220;Das Offene Antifaschistische Plenum Rosenheim wies die Vorw\u00fcrfe zur\u00fcck: Menschen vom AfD-Stand h\u00e4tten versucht, den Demonstrierenden das Banner zu entrei\u00dfen. Dabei seien die Aktivistinnen und Aktivisten beleidigt und geschubst worden. Als der AfD-Kandidat im Gerangel gest\u00fcrzt sei, h\u00e4tten sich Aktivistinnen erkundigt, wie es ihm gehe.&#8221;<\/em><\/p>\n<p>Die Bayern sind laut aktuellen Umfragen mit den Lebensbedingungen in ihrer Stadt oder Gemeinde &#8220;insgesamt in einer gro\u00dfen Mehrheit \u2013 85 Prozent \u2013 zufrieden&#8221;. Als das gr\u00f6\u00dfte &#8220;Sorgenkind Nummer eins&#8221; wurde &#8220;bezahlbarer Wohnraum und Mieten&#8221; genannt. Weiter hei\u00dft es:<\/p>\n<p><em>&#8220;Kaum Abweichungen gibt es beim Thema Sicherheit und Ordnung. Hier sind die meisten Bayern sehr zufrieden \u2013 mit Werten zwischen 83 Prozent in Niederbayern und 75 Prozent in Unterfranken. Der Durchschnitt: 79 Prozent.&#8221;<\/em><\/p>\n<p>Das Thema &#8220;Migration&#8221; und damit verbundene Zustimmung oder Kritik wurde demnach, laut Inhalt der Auswertungen im\u00a0<em>BR24<\/em>&#8211;<a rel=\"nofollow noopener\" target=\"_blank\" href=\"https:\/\/www.br.de\/nachrichten\/bayern\/regionenvergleich-wo-die-bayern-am-un-zufriedensten-sind,VC9QAan\">Artikel<\/a>, nicht erfragt.<\/p>\n<p><strong>Mehr zum Thema &#8211;<\/strong>\u00a0<a rel=\"nofollow noopener\" target=\"_blank\" href=\"https:\/\/freeassange.tech\/inland\/271041-lufthansa-skandal-600-passagiere-ueber\/\">Skandal am Flughafen M\u00fcnchen: 600 Passagiere sa\u00dfen \u00fcber Nacht auf dem Rollfeldfest<\/a><\/p>\n<div class=\"EmbedBlock-root EmbedBlock-externalVideo EmbedBlock-rumble\">\n<div class=\"VkEmbed\"><iframe class=\"lazyload\" data-src=\"https:\/\/rumble.com\/embed\/v74hfyi\" frameborder=\"0\" width=\"853\" height=\"480\" allowfullscreen><\/iframe><\/div>\n<\/div>\n<\/div>\n<p><br \/>\n<br \/><a href=\"https:\/\/de.rt.com\/inland\/272297-am-sonntag-auch-kommunalwahl-im\/\">Source link <\/a><\/p>\n","protected":false},"excerpt":{"rendered":"<p>Im Freistaat Bayern sind am 8. M\u00e4rz rund zehn Millionen Wahlberechtigte dazu aufgerufen, rund 39.000 lokale und regionale Entscheidungstr\u00e4ger neu zu bestimmen. Am kommenden Sonntag wird in mehr als 2.000 bayerischen St\u00e4dten und Gemeinden dar\u00fcber abgestimmt, welche Kandidatinnen und Kandidaten k\u00fcnftig B\u00fcrgermeister oder Landrat werden beziehungsweise in Stadtrat oder Gemeinderat einziehen. Bei den Wahlen im [&hellip;]<\/p>\n","protected":false},"author":3,"featured_media":99921,"comment_status":"open","ping_status":"open","sticky":false,"template":"","format":"standard","meta":{"_yoast_indexnow_last_ping":["1772824598"],"wp_automatic_camp":["217"],"e697509cbfdc3ca5c36593e25bb54474":["Am Sonntag Kommunalwahl im Freistaat Bayern"],"original_link":["https:\/\/de.rt.com\/inland\/272297-am-sonntag-auch-kommunalwahl-im\/"],"_thumbnail_id":["99921"],"jnews_social_counter_last_update":["1777607136"],"_wptgpro_p2tg_sent2tg":["a:1:{i:23737;s:19:\"2026-03-06 21:17:45\";}"]},"categories":[19,23],"tags":[11374,71636,54843,33320],"yoast_head":"<!-- This site is optimized with the Yoast SEO Premium plugin v22.7 (Yoast SEO v22.7) - https:\/\/yoast.com\/wordpress\/plugins\/seo\/ -->\n<title>Am Sonntag Kommunalwahl im Freistaat Bayern - just-now.NEWS Deutschland<\/title>\n<meta name=\"robots\" content=\"index, follow, max-snippet:-1, max-image-preview:large, max-video-preview:-1\" \/>\n<link rel=\"canonical\" href=\"https:\/\/now-news.de\/de\/deutschland\/am-sonntag-kommunalwahl-im-freistaat-bayern\/\" \/>\n<meta property=\"og:locale\" content=\"de_DE\" \/>\n<meta property=\"og:type\" content=\"article\" \/>\n<meta property=\"og:title\" content=\"Am Sonntag Kommunalwahl im Freistaat Bayern\" \/>\n<meta property=\"og:description\" content=\"Im Freistaat Bayern sind am 8. M\u00e4rz rund zehn Millionen Wahlberechtigte dazu aufgerufen, rund 39.000 lokale und regionale Entscheidungstr\u00e4ger neu zu bestimmen. Am kommenden Sonntag wird in mehr als 2.000 bayerischen St\u00e4dten und Gemeinden dar\u00fcber abgestimmt, welche Kandidatinnen und Kandidaten k\u00fcnftig B\u00fcrgermeister oder Landrat werden beziehungsweise in Stadtrat oder Gemeinderat einziehen. Bei den Wahlen im [&hellip;]\" \/>\n<meta property=\"og:url\" content=\"https:\/\/now-news.de\/de\/deutschland\/am-sonntag-kommunalwahl-im-freistaat-bayern\/\" \/>\n<meta property=\"og:site_name\" content=\"just-now.NEWS Deutschland\" \/>\n<meta property=\"article:publisher\" content=\"https:\/\/www.facebook.com\/wirmachenauf\" \/>\n<meta property=\"article:published_time\" content=\"2026-03-06T17:28:05+00:00\" \/>\n<meta property=\"og:image\" content=\"https:\/\/now-news.de\/de\/wp-content\/uploads\/sites\/3\/2026\/03\/69aab58db480cc28921b9605.jpeg\" \/>\n<meta name=\"author\" content=\"rtnews\" \/>\n<meta name=\"twitter:card\" content=\"summary_large_image\" \/>\n<meta name=\"twitter:creator\" content=\"@WirMachenAuf_de\" \/>\n<meta name=\"twitter:site\" content=\"@WirMachenAuf_de\" \/>\n<meta name=\"twitter:label1\" content=\"Verfasst von\" \/>\n\t<meta name=\"twitter:data1\" content=\"rtnews\" \/>\n\t<meta name=\"twitter:label2\" content=\"Gesch\u00e4tzte Lesezeit\" \/>\n\t<meta name=\"twitter:data2\" content=\"3\u00a0Minuten\" \/>\n<script type=\"application\/ld+json\" class=\"yoast-schema-graph\">{\"@context\":\"https:\/\/schema.org\",\"@graph\":[{\"@type\":\"Article\",\"@id\":\"https:\/\/now-news.de\/de\/deutschland\/am-sonntag-kommunalwahl-im-freistaat-bayern\/#article\",\"isPartOf\":{\"@id\":\"https:\/\/now-news.de\/de\/deutschland\/am-sonntag-kommunalwahl-im-freistaat-bayern\/\"},\"author\":{\"name\":\"rtnews\",\"@id\":\"https:\/\/now-news.de\/de\/#\/schema\/person\/fb534a4e865501d8b3285208df34a9b5\"},\"headline\":\"Am Sonntag Kommunalwahl im Freistaat Bayern\",\"datePublished\":\"2026-03-06T17:28:05+00:00\",\"dateModified\":\"2026-03-06T17:28:05+00:00\",\"mainEntityOfPage\":{\"@id\":\"https:\/\/now-news.de\/de\/deutschland\/am-sonntag-kommunalwahl-im-freistaat-bayern\/\"},\"wordCount\":515,\"commentCount\":0,\"publisher\":{\"@id\":\"https:\/\/now-news.de\/de\/#organization\"},\"image\":{\"@id\":\"https:\/\/now-news.de\/de\/deutschland\/am-sonntag-kommunalwahl-im-freistaat-bayern\/#primaryimage\"},\"thumbnailUrl\":\"https:\/\/now-news.de\/de\/wp-content\/uploads\/sites\/3\/2026\/03\/Am-Sonntag-Kommunalwahl-im-Freistaat-Bayern.jpeg\",\"keywords\":[\"bayern\",\"Freistaat\",\"Kommunalwahl\",\"Sonntag\"],\"articleSection\":[\"Deutschland\",\"Russland\"],\"inLanguage\":\"de\",\"potentialAction\":[{\"@type\":\"CommentAction\",\"name\":\"Comment\",\"target\":[\"https:\/\/now-news.de\/de\/deutschland\/am-sonntag-kommunalwahl-im-freistaat-bayern\/#respond\"]}]},{\"@type\":\"WebPage\",\"@id\":\"https:\/\/now-news.de\/de\/deutschland\/am-sonntag-kommunalwahl-im-freistaat-bayern\/\",\"url\":\"https:\/\/now-news.de\/de\/deutschland\/am-sonntag-kommunalwahl-im-freistaat-bayern\/\",\"name\":\"Am Sonntag Kommunalwahl im Freistaat Bayern - just-now.NEWS Deutschland\",\"isPartOf\":{\"@id\":\"https:\/\/now-news.de\/de\/#website\"},\"primaryImageOfPage\":{\"@id\":\"https:\/\/now-news.de\/de\/deutschland\/am-sonntag-kommunalwahl-im-freistaat-bayern\/#primaryimage\"},\"image\":{\"@id\":\"https:\/\/now-news.de\/de\/deutschland\/am-sonntag-kommunalwahl-im-freistaat-bayern\/#primaryimage\"},\"thumbnailUrl\":\"https:\/\/now-news.de\/de\/wp-content\/uploads\/sites\/3\/2026\/03\/Am-Sonntag-Kommunalwahl-im-Freistaat-Bayern.jpeg\",\"datePublished\":\"2026-03-06T17:28:05+00:00\",\"dateModified\":\"2026-03-06T17:28:05+00:00\",\"breadcrumb\":{\"@id\":\"https:\/\/now-news.de\/de\/deutschland\/am-sonntag-kommunalwahl-im-freistaat-bayern\/#breadcrumb\"},\"inLanguage\":\"de\",\"potentialAction\":[{\"@type\":\"ReadAction\",\"target\":[\"https:\/\/now-news.de\/de\/deutschland\/am-sonntag-kommunalwahl-im-freistaat-bayern\/\"]}]},{\"@type\":\"ImageObject\",\"inLanguage\":\"de\",\"@id\":\"https:\/\/now-news.de\/de\/deutschland\/am-sonntag-kommunalwahl-im-freistaat-bayern\/#primaryimage\",\"url\":\"https:\/\/now-news.de\/de\/wp-content\/uploads\/sites\/3\/2026\/03\/Am-Sonntag-Kommunalwahl-im-Freistaat-Bayern.jpeg\",\"contentUrl\":\"https:\/\/now-news.de\/de\/wp-content\/uploads\/sites\/3\/2026\/03\/Am-Sonntag-Kommunalwahl-im-Freistaat-Bayern.jpeg\",\"width\":460,\"height\":259,\"caption\":\"Am Sonntag Kommunalwahl im Freistaat Bayern\"},{\"@type\":\"BreadcrumbList\",\"@id\":\"https:\/\/now-news.de\/de\/deutschland\/am-sonntag-kommunalwahl-im-freistaat-bayern\/#breadcrumb\",\"itemListElement\":[{\"@type\":\"ListItem\",\"position\":1,\"name\":\"Home\",\"item\":\"https:\/\/now-news.de\/de\/\"},{\"@type\":\"ListItem\",\"position\":2,\"name\":\"Am Sonntag Kommunalwahl im Freistaat Bayern\"}]},{\"@type\":\"WebSite\",\"@id\":\"https:\/\/now-news.de\/de\/#website\",\"url\":\"https:\/\/now-news.de\/de\/\",\"name\":\"just-now.NEWS Deutschland\",\"description\":\"Das Portal f\u00fcr unzensierte Nachrichten aus der Welt\",\"publisher\":{\"@id\":\"https:\/\/now-news.de\/de\/#organization\"},\"potentialAction\":[{\"@type\":\"SearchAction\",\"target\":{\"@type\":\"EntryPoint\",\"urlTemplate\":\"https:\/\/now-news.de\/de\/?s={search_term_string}\"},\"query-input\":\"required name=search_term_string\"}],\"inLanguage\":\"de\"},{\"@type\":\"Organization\",\"@id\":\"https:\/\/now-news.de\/de\/#organization\",\"name\":\"Just Now News\",\"url\":\"https:\/\/now-news.de\/de\/\",\"logo\":{\"@type\":\"ImageObject\",\"inLanguage\":\"de\",\"@id\":\"https:\/\/now-news.de\/de\/#\/schema\/logo\/image\/\",\"url\":\"http:\/\/just-now.news\/de\/wp-content\/uploads\/sites\/3\/2022\/04\/logo500x500.jpg\",\"contentUrl\":\"http:\/\/just-now.news\/de\/wp-content\/uploads\/sites\/3\/2022\/04\/logo500x500.jpg\",\"width\":500,\"height\":500,\"caption\":\"Just Now News\"},\"image\":{\"@id\":\"https:\/\/now-news.de\/de\/#\/schema\/logo\/image\/\"},\"sameAs\":[\"https:\/\/www.facebook.com\/wirmachenauf\",\"https:\/\/x.com\/WirMachenAuf_de\"]},{\"@type\":\"Person\",\"@id\":\"https:\/\/now-news.de\/de\/#\/schema\/person\/fb534a4e865501d8b3285208df34a9b5\",\"name\":\"rtnews\",\"image\":{\"@type\":\"ImageObject\",\"inLanguage\":\"de\",\"@id\":\"https:\/\/now-news.de\/de\/#\/schema\/person\/image\/\",\"url\":\"https:\/\/secure.gravatar.com\/avatar\/82aafea7d8127119dd649515f56e2117?s=96&d=mm&r=g\",\"contentUrl\":\"https:\/\/secure.gravatar.com\/avatar\/82aafea7d8127119dd649515f56e2117?s=96&d=mm&r=g\",\"caption\":\"rtnews\"},\"url\":\"https:\/\/now-news.de\/de\/author\/rnews\/\"}]}<\/script>\n<!-- \/ Yoast SEO Premium plugin. -->","yoast_head_json":{"title":"Am Sonntag Kommunalwahl im Freistaat Bayern - just-now.NEWS Deutschland","robots":{"index":"index","follow":"follow","max-snippet":"max-snippet:-1","max-image-preview":"max-image-preview:large","max-video-preview":"max-video-preview:-1"},"canonical":"https:\/\/now-news.de\/de\/deutschland\/am-sonntag-kommunalwahl-im-freistaat-bayern\/","og_locale":"de_DE","og_type":"article","og_title":"Am Sonntag Kommunalwahl im Freistaat Bayern","og_description":"Im Freistaat Bayern sind am 8. M\u00e4rz rund zehn Millionen Wahlberechtigte dazu aufgerufen, rund 39.000 lokale und regionale Entscheidungstr\u00e4ger neu zu bestimmen. Am kommenden Sonntag wird in mehr als 2.000 bayerischen St\u00e4dten und Gemeinden dar\u00fcber abgestimmt, welche Kandidatinnen und Kandidaten k\u00fcnftig B\u00fcrgermeister oder Landrat werden beziehungsweise in Stadtrat oder Gemeinderat einziehen. Bei den Wahlen im [&hellip;]","og_url":"https:\/\/now-news.de\/de\/deutschland\/am-sonntag-kommunalwahl-im-freistaat-bayern\/","og_site_name":"just-now.NEWS Deutschland","article_publisher":"https:\/\/www.facebook.com\/wirmachenauf","article_published_time":"2026-03-06T17:28:05+00:00","og_image":[{"url":"https:\/\/now-news.de\/de\/wp-content\/uploads\/sites\/3\/2026\/03\/69aab58db480cc28921b9605.jpeg"}],"author":"rtnews","twitter_card":"summary_large_image","twitter_creator":"@WirMachenAuf_de","twitter_site":"@WirMachenAuf_de","twitter_misc":{"Verfasst von":"rtnews","Gesch\u00e4tzte Lesezeit":"3\u00a0Minuten"},"schema":{"@context":"https:\/\/schema.org","@graph":[{"@type":"Article","@id":"https:\/\/now-news.de\/de\/deutschland\/am-sonntag-kommunalwahl-im-freistaat-bayern\/#article","isPartOf":{"@id":"https:\/\/now-news.de\/de\/deutschland\/am-sonntag-kommunalwahl-im-freistaat-bayern\/"},"author":{"name":"rtnews","@id":"https:\/\/now-news.de\/de\/#\/schema\/person\/fb534a4e865501d8b3285208df34a9b5"},"headline":"Am Sonntag Kommunalwahl im Freistaat Bayern","datePublished":"2026-03-06T17:28:05+00:00","dateModified":"2026-03-06T17:28:05+00:00","mainEntityOfPage":{"@id":"https:\/\/now-news.de\/de\/deutschland\/am-sonntag-kommunalwahl-im-freistaat-bayern\/"},"wordCount":515,"commentCount":0,"publisher":{"@id":"https:\/\/now-news.de\/de\/#organization"},"image":{"@id":"https:\/\/now-news.de\/de\/deutschland\/am-sonntag-kommunalwahl-im-freistaat-bayern\/#primaryimage"},"thumbnailUrl":"https:\/\/now-news.de\/de\/wp-content\/uploads\/sites\/3\/2026\/03\/Am-Sonntag-Kommunalwahl-im-Freistaat-Bayern.jpeg","keywords":["bayern","Freistaat","Kommunalwahl","Sonntag"],"articleSection":["Deutschland","Russland"],"inLanguage":"de","potentialAction":[{"@type":"CommentAction","name":"Comment","target":["https:\/\/now-news.de\/de\/deutschland\/am-sonntag-kommunalwahl-im-freistaat-bayern\/#respond"]}]},{"@type":"WebPage","@id":"https:\/\/now-news.de\/de\/deutschland\/am-sonntag-kommunalwahl-im-freistaat-bayern\/","url":"https:\/\/now-news.de\/de\/deutschland\/am-sonntag-kommunalwahl-im-freistaat-bayern\/","name":"Am Sonntag Kommunalwahl im Freistaat Bayern - just-now.NEWS Deutschland","isPartOf":{"@id":"https:\/\/now-news.de\/de\/#website"},"primaryImageOfPage":{"@id":"https:\/\/now-news.de\/de\/deutschland\/am-sonntag-kommunalwahl-im-freistaat-bayern\/#primaryimage"},"image":{"@id":"https:\/\/now-news.de\/de\/deutschland\/am-sonntag-kommunalwahl-im-freistaat-bayern\/#primaryimage"},"thumbnailUrl":"https:\/\/now-news.de\/de\/wp-content\/uploads\/sites\/3\/2026\/03\/Am-Sonntag-Kommunalwahl-im-Freistaat-Bayern.jpeg","datePublished":"2026-03-06T17:28:05+00:00","dateModified":"2026-03-06T17:28:05+00:00","breadcrumb":{"@id":"https:\/\/now-news.de\/de\/deutschland\/am-sonntag-kommunalwahl-im-freistaat-bayern\/#breadcrumb"},"inLanguage":"de","potentialAction":[{"@type":"ReadAction","target":["https:\/\/now-news.de\/de\/deutschland\/am-sonntag-kommunalwahl-im-freistaat-bayern\/"]}]},{"@type":"ImageObject","inLanguage":"de","@id":"https:\/\/now-news.de\/de\/deutschland\/am-sonntag-kommunalwahl-im-freistaat-bayern\/#primaryimage","url":"https:\/\/now-news.de\/de\/wp-content\/uploads\/sites\/3\/2026\/03\/Am-Sonntag-Kommunalwahl-im-Freistaat-Bayern.jpeg","contentUrl":"https:\/\/now-news.de\/de\/wp-content\/uploads\/sites\/3\/2026\/03\/Am-Sonntag-Kommunalwahl-im-Freistaat-Bayern.jpeg","width":460,"height":259,"caption":"Am Sonntag Kommunalwahl im Freistaat Bayern"},{"@type":"BreadcrumbList","@id":"https:\/\/now-news.de\/de\/deutschland\/am-sonntag-kommunalwahl-im-freistaat-bayern\/#breadcrumb","itemListElement":[{"@type":"ListItem","position":1,"name":"Home","item":"https:\/\/now-news.de\/de\/"},{"@type":"ListItem","position":2,"name":"Am Sonntag Kommunalwahl im Freistaat Bayern"}]},{"@type":"WebSite","@id":"https:\/\/now-news.de\/de\/#website","url":"https:\/\/now-news.de\/de\/","name":"just-now.NEWS Deutschland","description":"Das Portal f\u00fcr unzensierte Nachrichten aus der Welt","publisher":{"@id":"https:\/\/now-news.de\/de\/#organization"},"potentialAction":[{"@type":"SearchAction","target":{"@type":"EntryPoint","urlTemplate":"https:\/\/now-news.de\/de\/?s={search_term_string}"},"query-input":"required name=search_term_string"}],"inLanguage":"de"},{"@type":"Organization","@id":"https:\/\/now-news.de\/de\/#organization","name":"Just Now News","url":"https:\/\/now-news.de\/de\/","logo":{"@type":"ImageObject","inLanguage":"de","@id":"https:\/\/now-news.de\/de\/#\/schema\/logo\/image\/","url":"http:\/\/just-now.news\/de\/wp-content\/uploads\/sites\/3\/2022\/04\/logo500x500.jpg","contentUrl":"http:\/\/just-now.news\/de\/wp-content\/uploads\/sites\/3\/2022\/04\/logo500x500.jpg","width":500,"height":500,"caption":"Just Now News"},"image":{"@id":"https:\/\/now-news.de\/de\/#\/schema\/logo\/image\/"},"sameAs":["https:\/\/www.facebook.com\/wirmachenauf","https:\/\/x.com\/WirMachenAuf_de"]},{"@type":"Person","@id":"https:\/\/now-news.de\/de\/#\/schema\/person\/fb534a4e865501d8b3285208df34a9b5","name":"rtnews","image":{"@type":"ImageObject","inLanguage":"de","@id":"https:\/\/now-news.de\/de\/#\/schema\/person\/image\/","url":"https:\/\/secure.gravatar.com\/avatar\/82aafea7d8127119dd649515f56e2117?s=96&d=mm&r=g","contentUrl":"https:\/\/secure.gravatar.com\/avatar\/82aafea7d8127119dd649515f56e2117?s=96&d=mm&r=g","caption":"rtnews"},"url":"https:\/\/now-news.de\/de\/author\/rnews\/"}]}},"_links":{"self":[{"href":"https:\/\/now-news.de\/de\/wp-json\/wp\/v2\/posts\/99920"}],"collection":[{"href":"https:\/\/now-news.de\/de\/wp-json\/wp\/v2\/posts"}],"about":[{"href":"https:\/\/now-news.de\/de\/wp-json\/wp\/v2\/types\/post"}],"author":[{"embeddable":true,"href":"https:\/\/now-news.de\/de\/wp-json\/wp\/v2\/users\/3"}],"replies":[{"embeddable":true,"href":"https:\/\/now-news.de\/de\/wp-json\/wp\/v2\/comments?post=99920"}],"version-history":[{"count":0,"href":"https:\/\/now-news.de\/de\/wp-json\/wp\/v2\/posts\/99920\/revisions"}],"wp:featuredmedia":[{"embeddable":true,"href":"https:\/\/now-news.de\/de\/wp-json\/wp\/v2\/media\/99921"}],"wp:attachment":[{"href":"https:\/\/now-news.de\/de\/wp-json\/wp\/v2\/media?parent=99920"}],"wp:term":[{"taxonomy":"category","embeddable":true,"href":"https:\/\/now-news.de\/de\/wp-json\/wp\/v2\/categories?post=99920"},{"taxonomy":"post_tag","embeddable":true,"href":"https:\/\/now-news.de\/de\/wp-json\/wp\/v2\/tags?post=99920"}],"curies":[{"name":"wp","href":"https:\/\/api.w.org\/{rel}","templated":true}]}}