{"id":99914,"date":"2026-03-06T20:24:13","date_gmt":"2026-03-06T18:24:13","guid":{"rendered":"https:\/\/now-news.de\/de\/deutschland\/eu-kommission-kiew-sollte-nach-selenskijs-drohung-gegen-orban-gang-zurueckschalten\/"},"modified":"2026-03-06T20:24:13","modified_gmt":"2026-03-06T18:24:13","slug":"eu-kommission-kiew-sollte-nach-selenskijs-drohung-gegen-orban-gang-zurueckschalten","status":"publish","type":"post","link":"https:\/\/now-news.de\/de\/deutschland\/eu-kommission-kiew-sollte-nach-selenskijs-drohung-gegen-orban-gang-zurueckschalten\/","title":{"rendered":"EU-Kommission: Kiew sollte nach Selenskijs Drohung gegen Orb\u00e1n &quot;Gang zur\u00fcckschalten&quot;"},"content":{"rendered":"<p><img decoding=\"async\" src=\"https:\/\/now-news.de\/de\/wp-content\/uploads\/sites\/3\/2026\/03\/69ab10d048fbef225c061bfd.jpg\" \/><\/p>\n<div class=\"Text-root Text-type_1 \">\n                Ein Vertreter der Europ\u00e4ischen Kommission bezeichnete Selenskijs Drohung, Orb\u00e1ns Adresse dem ukrainischen Milit\u00e4r zur Diskussion &#8220;in ihrer eigenen Sprache&#8221; zu \u00fcbergeben, als inakzeptabel. Er sagte, beide Seiten m\u00fcssten sich beruhigen und einen Gang zur\u00fcckschalten.\n            <\/div>\n<p><\/p>\n<div class=\"Text-root Text-type_5 ArticleView-text ViewText-root \">\n<p>Die Europ\u00e4ische Union (EU) h\u00e4lt die Drohungen des ukrainischen Machthabers Wladimir Selenskij gegen den ungarischen Ministerpr\u00e4sidenten Viktor Orb\u00e1n f\u00fcr inakzeptabel. Dies erkl\u00e4rte der Sprecher der Europ\u00e4ischen Kommission, Olof Gill, bei einer Pressekonferenz. Er <a rel=\"nofollow noopener\" target=\"_blank\" href=\"https:\/\/audiovisual.ec.europa.eu\/en\/media\/video\/I-286198\">sagte<\/a>:<strong><\/strong><\/p>\n<blockquote>\n<p><em>&#8220;Diese Art von Sprache ist inakzeptabel. Drohungen gegen EU-Mitgliedstaaten sind inakzeptabel.&#8221;<\/em><\/p>\n<\/blockquote>\n<p>Gleichzeitig f\u00fcgte der Sprecher hinzu, beide Seiten m\u00fcssten sich beruhigen und einen Gang zur\u00fcckschalten.<\/p>\n<p>Gill behauptete, die Europ\u00e4ische Kommission setze alles daran, &#8220;ruhig und koh\u00e4rent&#8221; auf ein Ende des Konflikts in der Ukraine hinzuarbeiten und die Treibstoffversorgung der europ\u00e4ischen L\u00e4nder sicherzustellen.<\/p>\n<p>Am 5. M\u00e4rz hatte Selenskij gesagt, ohne jemanden namentlich zu nennen, eine Einzelperson blockiere den EU-Kredit in H\u00f6he von 90 Milliarden Euro an die Ukraine; dessen Adresse werde dem ukrainischen Milit\u00e4r mitgeteilt. Er f\u00fcgte hinzu:<\/p>\n<blockquote>\n<p><em>&#8220;Sollen sie ihn anrufen und in ihrer eigenen Sprache mit ihm kommunizieren.&#8221;<\/em><\/p>\n<\/blockquote>\n<p>Am 23. Februar legte Ungarn sein Veto gegen den EU-Kredit f\u00fcr Kiew ein. Der ungarische Ministerpr\u00e4sident Viktor Orb\u00e1n erkl\u00e4rte, sein Land werde gegen\u00fcber der Ukraine keine Kompromisse eingehen, bis die russischen \u00d6llieferungen wieder aufgenommen w\u00fcrden, und werde &#8220;mit Gewalt gewinnen.&#8221;<\/p>\n<p>Der slowakische Ministerpr\u00e4sident Robert Fico ist der Ansicht, Selenskijs \u00c4u\u00dferungen h\u00e4tten alle roten Linien \u00fcberschritten, und die Europ\u00e4ische Union sollte sich von diesen &#8220;emp\u00f6renden Erpressungsversuchen&#8221; distanzieren.<\/p>\n<p>Kremlsprecher Dmitri Peskow erkl\u00e4rte seinerseits, direkte physische Drohungen gegen den Staatschef eines EU-Landes durch das Staatsoberhaupt eines Nicht-EU-Staates seien ein Grund, Artikel 5 der NATO-Charta zur kollektiven Verteidigung anzuwenden.<\/p>\n<p>Die Situation eskalierte im Zuge des Konflikts zwischen Budapest und Kiew \u00fcber die Einstellung der Lieferungen durch die Druschba-Pipeline Ende Januar. Ungarn geht davon aus, dass die ukrainischen Aktionen politisch motiviert sind. Der Kreml betrachtet die Position der Ukraine zur Druschba-Pipeline als Erpressung.<\/p>\n<p><strong>Mehr zum Thema &#8211;<\/strong>\u00a0<a rel=\"nofollow noopener\" target=\"_blank\" href=\"https:\/\/freedert.online\/europa\/272343-szijjarto-kiew-transportiert-geld-fuer\/\">Szijj\u00e1rt\u00f3: Kiew transportiert Geld f\u00fcr &#8220;Milit\u00e4rmafia&#8221; durch Ungarn<\/a><\/p>\n<\/div>\n<p><br \/>\n<br \/><a href=\"https:\/\/de.rt.com\/europa\/272382-eu-kommission-kiew-sollte-nach\/\">Source link <\/a><\/p>\n","protected":false},"excerpt":{"rendered":"<p>Ein Vertreter der Europ\u00e4ischen Kommission bezeichnete Selenskijs Drohung, Orb\u00e1ns Adresse dem ukrainischen Milit\u00e4r zur Diskussion &#8220;in ihrer eigenen Sprache&#8221; zu \u00fcbergeben, als inakzeptabel. Er sagte, beide Seiten m\u00fcssten sich beruhigen und einen Gang zur\u00fcckschalten. Die Europ\u00e4ische Union (EU) h\u00e4lt die Drohungen des ukrainischen Machthabers Wladimir Selenskij gegen den ungarischen Ministerpr\u00e4sidenten Viktor Orb\u00e1n f\u00fcr inakzeptabel. Dies [&hellip;]<\/p>\n","protected":false},"author":3,"featured_media":99915,"comment_status":"open","ping_status":"open","sticky":false,"template":"","format":"standard","meta":{"_yoast_indexnow_last_ping":["1772821718"],"wp_automatic_camp":["217"],"946172ff9e47e998fed35c6297afdcee":["EU-Kommission: Kiew sollte nach Selenskijs Drohung gegen Orb\u00e1n &quot;Gang zur\u00fcckschalten&quot;"],"original_link":["https:\/\/de.rt.com\/europa\/272382-eu-kommission-kiew-sollte-nach\/"],"_thumbnail_id":["99915"],"jnews_social_counter_last_update":["1777529652"],"_wptgpro_p2tg_sent2tg":["a:1:{i:23737;s:19:\"2026-03-06 20:29:39\";}"]},"categories":[19,23],"tags":[18037,1500,278,1025,979,6397,71632,1290,3590,71633],"yoast_head":"<!-- This site is optimized with the Yoast SEO Premium plugin v22.7 (Yoast SEO v22.7) - https:\/\/yoast.com\/wordpress\/plugins\/seo\/ -->\n<title>EU-Kommission: Kiew sollte nach Selenskijs Drohung gegen Orb\u00e1n &quot;Gang zur\u00fcckschalten&quot; - just-now.NEWS Deutschland<\/title>\n<meta name=\"robots\" content=\"index, follow, max-snippet:-1, max-image-preview:large, max-video-preview:-1\" \/>\n<link rel=\"canonical\" href=\"https:\/\/now-news.de\/de\/deutschland\/eu-kommission-kiew-sollte-nach-selenskijs-drohung-gegen-orban-gang-zurueckschalten\/\" \/>\n<meta property=\"og:locale\" content=\"de_DE\" \/>\n<meta property=\"og:type\" content=\"article\" \/>\n<meta property=\"og:title\" content=\"EU-Kommission: Kiew sollte nach Selenskijs Drohung gegen Orb\u00e1n &quot;Gang zur\u00fcckschalten&quot;\" \/>\n<meta property=\"og:description\" content=\"Ein Vertreter der Europ\u00e4ischen Kommission bezeichnete Selenskijs Drohung, Orb\u00e1ns Adresse dem ukrainischen Milit\u00e4r zur Diskussion &#8220;in ihrer eigenen Sprache&#8221; zu \u00fcbergeben, als inakzeptabel. Er sagte, beide Seiten m\u00fcssten sich beruhigen und einen Gang zur\u00fcckschalten. Die Europ\u00e4ische Union (EU) h\u00e4lt die Drohungen des ukrainischen Machthabers Wladimir Selenskij gegen den ungarischen Ministerpr\u00e4sidenten Viktor Orb\u00e1n f\u00fcr inakzeptabel. Dies [&hellip;]\" \/>\n<meta property=\"og:url\" content=\"https:\/\/now-news.de\/de\/deutschland\/eu-kommission-kiew-sollte-nach-selenskijs-drohung-gegen-orban-gang-zurueckschalten\/\" \/>\n<meta property=\"og:site_name\" content=\"just-now.NEWS Deutschland\" \/>\n<meta property=\"article:publisher\" content=\"https:\/\/www.facebook.com\/wirmachenauf\" \/>\n<meta property=\"article:published_time\" content=\"2026-03-06T18:24:13+00:00\" \/>\n<meta property=\"og:image\" content=\"https:\/\/now-news.de\/de\/wp-content\/uploads\/sites\/3\/2026\/03\/69ab10d048fbef225c061bfd.jpg\" \/>\n<meta name=\"author\" content=\"rtnews\" \/>\n<meta name=\"twitter:card\" content=\"summary_large_image\" \/>\n<meta name=\"twitter:creator\" content=\"@WirMachenAuf_de\" \/>\n<meta name=\"twitter:site\" content=\"@WirMachenAuf_de\" \/>\n<meta name=\"twitter:label1\" content=\"Verfasst von\" \/>\n\t<meta name=\"twitter:data1\" content=\"rtnews\" \/>\n\t<meta name=\"twitter:label2\" content=\"Gesch\u00e4tzte Lesezeit\" \/>\n\t<meta name=\"twitter:data2\" content=\"2\u00a0Minuten\" \/>\n<script type=\"application\/ld+json\" class=\"yoast-schema-graph\">{\"@context\":\"https:\/\/schema.org\",\"@graph\":[{\"@type\":\"Article\",\"@id\":\"https:\/\/now-news.de\/de\/deutschland\/eu-kommission-kiew-sollte-nach-selenskijs-drohung-gegen-orban-gang-zurueckschalten\/#article\",\"isPartOf\":{\"@id\":\"https:\/\/now-news.de\/de\/deutschland\/eu-kommission-kiew-sollte-nach-selenskijs-drohung-gegen-orban-gang-zurueckschalten\/\"},\"author\":{\"name\":\"rtnews\",\"@id\":\"https:\/\/now-news.de\/de\/#\/schema\/person\/fb534a4e865501d8b3285208df34a9b5\"},\"headline\":\"EU-Kommission: Kiew sollte nach Selenskijs Drohung gegen Orb\u00e1n &quot;Gang zur\u00fcckschalten&quot;\",\"datePublished\":\"2026-03-06T18:24:13+00:00\",\"dateModified\":\"2026-03-06T18:24:13+00:00\",\"mainEntityOfPage\":{\"@id\":\"https:\/\/now-news.de\/de\/deutschland\/eu-kommission-kiew-sollte-nach-selenskijs-drohung-gegen-orban-gang-zurueckschalten\/\"},\"wordCount\":368,\"commentCount\":0,\"publisher\":{\"@id\":\"https:\/\/now-news.de\/de\/#organization\"},\"image\":{\"@id\":\"https:\/\/now-news.de\/de\/deutschland\/eu-kommission-kiew-sollte-nach-selenskijs-drohung-gegen-orban-gang-zurueckschalten\/#primaryimage\"},\"thumbnailUrl\":\"https:\/\/now-news.de\/de\/wp-content\/uploads\/sites\/3\/2026\/03\/EU-Kommission-Kiew-sollte-nach-Selenskijs-Drohung-gegen-Orban-quotGang-zurueckschaltenquot.jpg\",\"keywords\":[\"drohung\",\"EUKommission\",\"gegen\",\"Kiew\",\"nach\",\"Orb\u00e1n\",\"quotGang\",\"Selenskijs\",\"sollte\",\"zur\u00fcckschaltenquot\"],\"articleSection\":[\"Deutschland\",\"Russland\"],\"inLanguage\":\"de\",\"potentialAction\":[{\"@type\":\"CommentAction\",\"name\":\"Comment\",\"target\":[\"https:\/\/now-news.de\/de\/deutschland\/eu-kommission-kiew-sollte-nach-selenskijs-drohung-gegen-orban-gang-zurueckschalten\/#respond\"]}]},{\"@type\":\"WebPage\",\"@id\":\"https:\/\/now-news.de\/de\/deutschland\/eu-kommission-kiew-sollte-nach-selenskijs-drohung-gegen-orban-gang-zurueckschalten\/\",\"url\":\"https:\/\/now-news.de\/de\/deutschland\/eu-kommission-kiew-sollte-nach-selenskijs-drohung-gegen-orban-gang-zurueckschalten\/\",\"name\":\"EU-Kommission: Kiew sollte nach Selenskijs Drohung gegen Orb\u00e1n &quot;Gang zur\u00fcckschalten&quot; - just-now.NEWS Deutschland\",\"isPartOf\":{\"@id\":\"https:\/\/now-news.de\/de\/#website\"},\"primaryImageOfPage\":{\"@id\":\"https:\/\/now-news.de\/de\/deutschland\/eu-kommission-kiew-sollte-nach-selenskijs-drohung-gegen-orban-gang-zurueckschalten\/#primaryimage\"},\"image\":{\"@id\":\"https:\/\/now-news.de\/de\/deutschland\/eu-kommission-kiew-sollte-nach-selenskijs-drohung-gegen-orban-gang-zurueckschalten\/#primaryimage\"},\"thumbnailUrl\":\"https:\/\/now-news.de\/de\/wp-content\/uploads\/sites\/3\/2026\/03\/EU-Kommission-Kiew-sollte-nach-Selenskijs-Drohung-gegen-Orban-quotGang-zurueckschaltenquot.jpg\",\"datePublished\":\"2026-03-06T18:24:13+00:00\",\"dateModified\":\"2026-03-06T18:24:13+00:00\",\"breadcrumb\":{\"@id\":\"https:\/\/now-news.de\/de\/deutschland\/eu-kommission-kiew-sollte-nach-selenskijs-drohung-gegen-orban-gang-zurueckschalten\/#breadcrumb\"},\"inLanguage\":\"de\",\"potentialAction\":[{\"@type\":\"ReadAction\",\"target\":[\"https:\/\/now-news.de\/de\/deutschland\/eu-kommission-kiew-sollte-nach-selenskijs-drohung-gegen-orban-gang-zurueckschalten\/\"]}]},{\"@type\":\"ImageObject\",\"inLanguage\":\"de\",\"@id\":\"https:\/\/now-news.de\/de\/deutschland\/eu-kommission-kiew-sollte-nach-selenskijs-drohung-gegen-orban-gang-zurueckschalten\/#primaryimage\",\"url\":\"https:\/\/now-news.de\/de\/wp-content\/uploads\/sites\/3\/2026\/03\/EU-Kommission-Kiew-sollte-nach-Selenskijs-Drohung-gegen-Orban-quotGang-zurueckschaltenquot.jpg\",\"contentUrl\":\"https:\/\/now-news.de\/de\/wp-content\/uploads\/sites\/3\/2026\/03\/EU-Kommission-Kiew-sollte-nach-Selenskijs-Drohung-gegen-Orban-quotGang-zurueckschaltenquot.jpg\",\"width\":460,\"height\":259,\"caption\":\"EU-Kommission: Kiew sollte nach Selenskijs Drohung gegen Orb\u00e1n &quot;Gang zur\u00fcckschalten&quot;\"},{\"@type\":\"BreadcrumbList\",\"@id\":\"https:\/\/now-news.de\/de\/deutschland\/eu-kommission-kiew-sollte-nach-selenskijs-drohung-gegen-orban-gang-zurueckschalten\/#breadcrumb\",\"itemListElement\":[{\"@type\":\"ListItem\",\"position\":1,\"name\":\"Home\",\"item\":\"https:\/\/now-news.de\/de\/\"},{\"@type\":\"ListItem\",\"position\":2,\"name\":\"EU-Kommission: Kiew sollte nach Selenskijs Drohung gegen Orb\u00e1n &quot;Gang zur\u00fcckschalten&quot;\"}]},{\"@type\":\"WebSite\",\"@id\":\"https:\/\/now-news.de\/de\/#website\",\"url\":\"https:\/\/now-news.de\/de\/\",\"name\":\"just-now.NEWS Deutschland\",\"description\":\"Das Portal f\u00fcr unzensierte Nachrichten aus der Welt\",\"publisher\":{\"@id\":\"https:\/\/now-news.de\/de\/#organization\"},\"potentialAction\":[{\"@type\":\"SearchAction\",\"target\":{\"@type\":\"EntryPoint\",\"urlTemplate\":\"https:\/\/now-news.de\/de\/?s={search_term_string}\"},\"query-input\":\"required name=search_term_string\"}],\"inLanguage\":\"de\"},{\"@type\":\"Organization\",\"@id\":\"https:\/\/now-news.de\/de\/#organization\",\"name\":\"Just Now News\",\"url\":\"https:\/\/now-news.de\/de\/\",\"logo\":{\"@type\":\"ImageObject\",\"inLanguage\":\"de\",\"@id\":\"https:\/\/now-news.de\/de\/#\/schema\/logo\/image\/\",\"url\":\"http:\/\/just-now.news\/de\/wp-content\/uploads\/sites\/3\/2022\/04\/logo500x500.jpg\",\"contentUrl\":\"http:\/\/just-now.news\/de\/wp-content\/uploads\/sites\/3\/2022\/04\/logo500x500.jpg\",\"width\":500,\"height\":500,\"caption\":\"Just Now News\"},\"image\":{\"@id\":\"https:\/\/now-news.de\/de\/#\/schema\/logo\/image\/\"},\"sameAs\":[\"https:\/\/www.facebook.com\/wirmachenauf\",\"https:\/\/x.com\/WirMachenAuf_de\"]},{\"@type\":\"Person\",\"@id\":\"https:\/\/now-news.de\/de\/#\/schema\/person\/fb534a4e865501d8b3285208df34a9b5\",\"name\":\"rtnews\",\"image\":{\"@type\":\"ImageObject\",\"inLanguage\":\"de\",\"@id\":\"https:\/\/now-news.de\/de\/#\/schema\/person\/image\/\",\"url\":\"https:\/\/secure.gravatar.com\/avatar\/82aafea7d8127119dd649515f56e2117?s=96&d=mm&r=g\",\"contentUrl\":\"https:\/\/secure.gravatar.com\/avatar\/82aafea7d8127119dd649515f56e2117?s=96&d=mm&r=g\",\"caption\":\"rtnews\"},\"url\":\"https:\/\/now-news.de\/de\/author\/rnews\/\"}]}<\/script>\n<!-- \/ Yoast SEO Premium plugin. -->","yoast_head_json":{"title":"EU-Kommission: Kiew sollte nach Selenskijs Drohung gegen Orb\u00e1n &quot;Gang zur\u00fcckschalten&quot; - just-now.NEWS Deutschland","robots":{"index":"index","follow":"follow","max-snippet":"max-snippet:-1","max-image-preview":"max-image-preview:large","max-video-preview":"max-video-preview:-1"},"canonical":"https:\/\/now-news.de\/de\/deutschland\/eu-kommission-kiew-sollte-nach-selenskijs-drohung-gegen-orban-gang-zurueckschalten\/","og_locale":"de_DE","og_type":"article","og_title":"EU-Kommission: Kiew sollte nach Selenskijs Drohung gegen Orb\u00e1n &quot;Gang zur\u00fcckschalten&quot;","og_description":"Ein Vertreter der Europ\u00e4ischen Kommission bezeichnete Selenskijs Drohung, Orb\u00e1ns Adresse dem ukrainischen Milit\u00e4r zur Diskussion &#8220;in ihrer eigenen Sprache&#8221; zu \u00fcbergeben, als inakzeptabel. Er sagte, beide Seiten m\u00fcssten sich beruhigen und einen Gang zur\u00fcckschalten. Die Europ\u00e4ische Union (EU) h\u00e4lt die Drohungen des ukrainischen Machthabers Wladimir Selenskij gegen den ungarischen Ministerpr\u00e4sidenten Viktor Orb\u00e1n f\u00fcr inakzeptabel. Dies [&hellip;]","og_url":"https:\/\/now-news.de\/de\/deutschland\/eu-kommission-kiew-sollte-nach-selenskijs-drohung-gegen-orban-gang-zurueckschalten\/","og_site_name":"just-now.NEWS Deutschland","article_publisher":"https:\/\/www.facebook.com\/wirmachenauf","article_published_time":"2026-03-06T18:24:13+00:00","og_image":[{"url":"https:\/\/now-news.de\/de\/wp-content\/uploads\/sites\/3\/2026\/03\/69ab10d048fbef225c061bfd.jpg"}],"author":"rtnews","twitter_card":"summary_large_image","twitter_creator":"@WirMachenAuf_de","twitter_site":"@WirMachenAuf_de","twitter_misc":{"Verfasst von":"rtnews","Gesch\u00e4tzte Lesezeit":"2\u00a0Minuten"},"schema":{"@context":"https:\/\/schema.org","@graph":[{"@type":"Article","@id":"https:\/\/now-news.de\/de\/deutschland\/eu-kommission-kiew-sollte-nach-selenskijs-drohung-gegen-orban-gang-zurueckschalten\/#article","isPartOf":{"@id":"https:\/\/now-news.de\/de\/deutschland\/eu-kommission-kiew-sollte-nach-selenskijs-drohung-gegen-orban-gang-zurueckschalten\/"},"author":{"name":"rtnews","@id":"https:\/\/now-news.de\/de\/#\/schema\/person\/fb534a4e865501d8b3285208df34a9b5"},"headline":"EU-Kommission: Kiew sollte nach Selenskijs Drohung gegen Orb\u00e1n &quot;Gang zur\u00fcckschalten&quot;","datePublished":"2026-03-06T18:24:13+00:00","dateModified":"2026-03-06T18:24:13+00:00","mainEntityOfPage":{"@id":"https:\/\/now-news.de\/de\/deutschland\/eu-kommission-kiew-sollte-nach-selenskijs-drohung-gegen-orban-gang-zurueckschalten\/"},"wordCount":368,"commentCount":0,"publisher":{"@id":"https:\/\/now-news.de\/de\/#organization"},"image":{"@id":"https:\/\/now-news.de\/de\/deutschland\/eu-kommission-kiew-sollte-nach-selenskijs-drohung-gegen-orban-gang-zurueckschalten\/#primaryimage"},"thumbnailUrl":"https:\/\/now-news.de\/de\/wp-content\/uploads\/sites\/3\/2026\/03\/EU-Kommission-Kiew-sollte-nach-Selenskijs-Drohung-gegen-Orban-quotGang-zurueckschaltenquot.jpg","keywords":["drohung","EUKommission","gegen","Kiew","nach","Orb\u00e1n","quotGang","Selenskijs","sollte","zur\u00fcckschaltenquot"],"articleSection":["Deutschland","Russland"],"inLanguage":"de","potentialAction":[{"@type":"CommentAction","name":"Comment","target":["https:\/\/now-news.de\/de\/deutschland\/eu-kommission-kiew-sollte-nach-selenskijs-drohung-gegen-orban-gang-zurueckschalten\/#respond"]}]},{"@type":"WebPage","@id":"https:\/\/now-news.de\/de\/deutschland\/eu-kommission-kiew-sollte-nach-selenskijs-drohung-gegen-orban-gang-zurueckschalten\/","url":"https:\/\/now-news.de\/de\/deutschland\/eu-kommission-kiew-sollte-nach-selenskijs-drohung-gegen-orban-gang-zurueckschalten\/","name":"EU-Kommission: Kiew sollte nach Selenskijs Drohung gegen Orb\u00e1n &quot;Gang zur\u00fcckschalten&quot; - just-now.NEWS Deutschland","isPartOf":{"@id":"https:\/\/now-news.de\/de\/#website"},"primaryImageOfPage":{"@id":"https:\/\/now-news.de\/de\/deutschland\/eu-kommission-kiew-sollte-nach-selenskijs-drohung-gegen-orban-gang-zurueckschalten\/#primaryimage"},"image":{"@id":"https:\/\/now-news.de\/de\/deutschland\/eu-kommission-kiew-sollte-nach-selenskijs-drohung-gegen-orban-gang-zurueckschalten\/#primaryimage"},"thumbnailUrl":"https:\/\/now-news.de\/de\/wp-content\/uploads\/sites\/3\/2026\/03\/EU-Kommission-Kiew-sollte-nach-Selenskijs-Drohung-gegen-Orban-quotGang-zurueckschaltenquot.jpg","datePublished":"2026-03-06T18:24:13+00:00","dateModified":"2026-03-06T18:24:13+00:00","breadcrumb":{"@id":"https:\/\/now-news.de\/de\/deutschland\/eu-kommission-kiew-sollte-nach-selenskijs-drohung-gegen-orban-gang-zurueckschalten\/#breadcrumb"},"inLanguage":"de","potentialAction":[{"@type":"ReadAction","target":["https:\/\/now-news.de\/de\/deutschland\/eu-kommission-kiew-sollte-nach-selenskijs-drohung-gegen-orban-gang-zurueckschalten\/"]}]},{"@type":"ImageObject","inLanguage":"de","@id":"https:\/\/now-news.de\/de\/deutschland\/eu-kommission-kiew-sollte-nach-selenskijs-drohung-gegen-orban-gang-zurueckschalten\/#primaryimage","url":"https:\/\/now-news.de\/de\/wp-content\/uploads\/sites\/3\/2026\/03\/EU-Kommission-Kiew-sollte-nach-Selenskijs-Drohung-gegen-Orban-quotGang-zurueckschaltenquot.jpg","contentUrl":"https:\/\/now-news.de\/de\/wp-content\/uploads\/sites\/3\/2026\/03\/EU-Kommission-Kiew-sollte-nach-Selenskijs-Drohung-gegen-Orban-quotGang-zurueckschaltenquot.jpg","width":460,"height":259,"caption":"EU-Kommission: Kiew sollte nach Selenskijs Drohung gegen Orb\u00e1n &quot;Gang zur\u00fcckschalten&quot;"},{"@type":"BreadcrumbList","@id":"https:\/\/now-news.de\/de\/deutschland\/eu-kommission-kiew-sollte-nach-selenskijs-drohung-gegen-orban-gang-zurueckschalten\/#breadcrumb","itemListElement":[{"@type":"ListItem","position":1,"name":"Home","item":"https:\/\/now-news.de\/de\/"},{"@type":"ListItem","position":2,"name":"EU-Kommission: Kiew sollte nach Selenskijs Drohung gegen Orb\u00e1n &quot;Gang zur\u00fcckschalten&quot;"}]},{"@type":"WebSite","@id":"https:\/\/now-news.de\/de\/#website","url":"https:\/\/now-news.de\/de\/","name":"just-now.NEWS Deutschland","description":"Das Portal f\u00fcr unzensierte Nachrichten aus der Welt","publisher":{"@id":"https:\/\/now-news.de\/de\/#organization"},"potentialAction":[{"@type":"SearchAction","target":{"@type":"EntryPoint","urlTemplate":"https:\/\/now-news.de\/de\/?s={search_term_string}"},"query-input":"required name=search_term_string"}],"inLanguage":"de"},{"@type":"Organization","@id":"https:\/\/now-news.de\/de\/#organization","name":"Just Now News","url":"https:\/\/now-news.de\/de\/","logo":{"@type":"ImageObject","inLanguage":"de","@id":"https:\/\/now-news.de\/de\/#\/schema\/logo\/image\/","url":"http:\/\/just-now.news\/de\/wp-content\/uploads\/sites\/3\/2022\/04\/logo500x500.jpg","contentUrl":"http:\/\/just-now.news\/de\/wp-content\/uploads\/sites\/3\/2022\/04\/logo500x500.jpg","width":500,"height":500,"caption":"Just Now News"},"image":{"@id":"https:\/\/now-news.de\/de\/#\/schema\/logo\/image\/"},"sameAs":["https:\/\/www.facebook.com\/wirmachenauf","https:\/\/x.com\/WirMachenAuf_de"]},{"@type":"Person","@id":"https:\/\/now-news.de\/de\/#\/schema\/person\/fb534a4e865501d8b3285208df34a9b5","name":"rtnews","image":{"@type":"ImageObject","inLanguage":"de","@id":"https:\/\/now-news.de\/de\/#\/schema\/person\/image\/","url":"https:\/\/secure.gravatar.com\/avatar\/82aafea7d8127119dd649515f56e2117?s=96&d=mm&r=g","contentUrl":"https:\/\/secure.gravatar.com\/avatar\/82aafea7d8127119dd649515f56e2117?s=96&d=mm&r=g","caption":"rtnews"},"url":"https:\/\/now-news.de\/de\/author\/rnews\/"}]}},"_links":{"self":[{"href":"https:\/\/now-news.de\/de\/wp-json\/wp\/v2\/posts\/99914"}],"collection":[{"href":"https:\/\/now-news.de\/de\/wp-json\/wp\/v2\/posts"}],"about":[{"href":"https:\/\/now-news.de\/de\/wp-json\/wp\/v2\/types\/post"}],"author":[{"embeddable":true,"href":"https:\/\/now-news.de\/de\/wp-json\/wp\/v2\/users\/3"}],"replies":[{"embeddable":true,"href":"https:\/\/now-news.de\/de\/wp-json\/wp\/v2\/comments?post=99914"}],"version-history":[{"count":0,"href":"https:\/\/now-news.de\/de\/wp-json\/wp\/v2\/posts\/99914\/revisions"}],"wp:featuredmedia":[{"embeddable":true,"href":"https:\/\/now-news.de\/de\/wp-json\/wp\/v2\/media\/99915"}],"wp:attachment":[{"href":"https:\/\/now-news.de\/de\/wp-json\/wp\/v2\/media?parent=99914"}],"wp:term":[{"taxonomy":"category","embeddable":true,"href":"https:\/\/now-news.de\/de\/wp-json\/wp\/v2\/categories?post=99914"},{"taxonomy":"post_tag","embeddable":true,"href":"https:\/\/now-news.de\/de\/wp-json\/wp\/v2\/tags?post=99914"}],"curies":[{"name":"wp","href":"https:\/\/api.w.org\/{rel}","templated":true}]}}