{"id":99886,"date":"2026-03-06T13:00:13","date_gmt":"2026-03-06T11:00:13","guid":{"rendered":"https:\/\/now-news.de\/de\/deutschland\/baden-wuerttemberg-zwei-tage-vor-der-landtagswahl-liegen-gruene-und-cdu-gleichauf\/"},"modified":"2026-03-06T13:00:13","modified_gmt":"2026-03-06T11:00:13","slug":"baden-wuerttemberg-zwei-tage-vor-der-landtagswahl-liegen-gruene-und-cdu-gleichauf","status":"publish","type":"post","link":"https:\/\/now-news.de\/de\/deutschland\/baden-wuerttemberg-zwei-tage-vor-der-landtagswahl-liegen-gruene-und-cdu-gleichauf\/","title":{"rendered":"Baden-W\u00fcrttemberg: Zwei Tage vor der Landtagswahl liegen Gr\u00fcne und CDU gleichauf"},"content":{"rendered":"<div class=\"Text-root Text-type_1 \">\n                Am kommenden Sonntag findet die Landtagswahl in Baden-W\u00fcrttemberg statt. Den h\u00f6chsten Zuspruch bekommen laut Umfragen aktuell die Kandidaten von der CDU und den Gr\u00fcnen, beide mit Werten von 28 Prozent. Mit Abstand folgt die AfD mit 18 Prozent.\n            <\/div>\n<p><\/p>\n<div class=\"Text-root Text-type_5 ArticleView-text ViewText-root \">\n<p>Am 8. M\u00e4rz k\u00f6nnen die B\u00fcrger in Baden-W\u00fcrttemberg\u00a0(11,2 Millionen Einwohner) bei der Landtagswahl \u00fcber die Zukunft ihres Bundeslandes entscheiden. Eine Umfrage zwei Tage vor dem Ereignis deutet an, dass es zu einem Kopf-an-Kopf-Rennen um den Wahlsieg kommen k\u00f6nnte. Sowohl die CDU als auch die Gr\u00fcnen k\u00f6nnen auf jeweils 28 Prozent Zustimmung hoffen und haben damit beide reale Chancen, am Sonntag den kommenden Ministerpr\u00e4sidenten zu stellen.<\/p>\n<p>Bei der sogenannten <a rel=\"nofollow noopener\" target=\"_blank\" href=\"https:\/\/www.zdfheute.de\/politik\/deutschland\/politbarometer-extra-landtagswahlen-baden-wuerttemberg-2026-100.html\">Sonntagsfrage<\/a> zur bevorstehenden Landtagswahl erhob die <a rel=\"nofollow noopener\" target=\"_blank\" href=\"https:\/\/www.wahlrecht.de\/umfragen\/landtage\/baden-wuerttemberg.htm\">Forschungsgruppe Wahlen<\/a> des <em>ZDF<\/em> folgende Werte:<\/p>\n<ul>\n<li>B\u00fcndnis 90\/Die Gr\u00fcnen: 28 Prozent<\/li>\n<li>CDU: 28 Prozent<\/li>\n<li>AfD: 18 Prozent<\/li>\n<li>SPD: 8 Prozent<\/li>\n<li>FDP: 5,5 Prozent<\/li>\n<li>Linke: 5,5 Prozent<\/li>\n<li>Sonstige: 7 Prozent<\/li>\n<\/ul>\n<p>In der letzten Umfrage des Politbarometers vom vergangenen Freitag hatten die Gr\u00fcnen noch bei 25 Prozent gelegen.<\/p>\n<figure class=\"RTImage-root\">\n<div class=\"RTImage-image RTImage-original\"><picture class=\"Picture-root Picture-original\"><!--[if IE 9]><video style=\"display: none;\"><![endif]--><source media=\"(-webkit-min-device-pixel-ratio: 2) and (min-resolution: 120dpi)\" data-srcset=\" \nhttps:\/\/now-news.de\/de\/wp-content\/uploads\/sites\/3\/2026\/03\/69aa95ddb480cc6a56206cf2.jpg 850w,\n                https:\/\/now-news.de\/de\/wp-content\/uploads\/sites\/3\/2026\/03\/69aa95ddb480cc6a56206cf2.jpg 1960w,            \" ><source data-srcset=\" \nhttps:\/\/now-news.de\/de\/wp-content\/uploads\/sites\/3\/2026\/03\/69aa95ddb480cc6a56206cf2.jpg 460w,\n              https:\/\/now-news.de\/de\/wp-content\/uploads\/sites\/3\/2026\/03\/69aa95ddb480cc6a56206cf2.jpg 980w,\n            \" ><!--[if IE 9]><\/video><![endif]--><img decoding=\"async\" data- src=\"data:image\/png;base64,iVBORw0KGgoAAAANSUhEUgAAABAAAAAJCAQAAACRI2S5AAAAEElEQVR42mNkIAAYRxWAAQAG9gAKqv6+AwAAAABJRU5ErkJggg==\" class=\"Picture-root Picture-original lazyload\" data-src=\"https:\/\/now-news.de\/de\/wp-content\/uploads\/sites\/3\/2026\/03\/69aa95ddb480cc6a56206cf2.jpg\" alt=\"\"><\/source><\/source><\/picture><!-- noscript pattern --><noscript><img decoding=\"async\" src=\"https:\/\/now-news.de\/de\/wp-content\/uploads\/sites\/3\/2026\/03\/69aa95ddb480cc6a56206cf2.jpg\" alt=\"\"><\/noscript><\/div><figcaption class=\"RTImage-footer\"><span class=\"RTImage-caption\"><\/span><span class=\"RTImage-source\"><span class=\"RTImage-captionItem\">Grafik: Webseite ZDF<\/span><\/span><\/figcaption><\/figure>\n<p>Damit k\u00e4men die Christdemokraten und ihr Spitzenkandidat Manuel Hagel sowie auch die Gr\u00fcnen mit dem Spitzenkandidaten\u00a0Cem \u00d6zdemir als m\u00f6gliche Sieger in Betracht. Zu den Koalitionsm\u00f6glichkeiten hei\u00dft es beim <em>ZDF<\/em>:<\/p>\n<p><em>&#8220;Die anderen Parteien [Sonstige] erhielten zusammen sieben Prozent (minus eins), darunter keine Partei, die mindestens drei Prozent erzielen w\u00fcrde. Aufgrund dieser Zahlen w\u00fcrde es f\u00fcr eine Regierung aus Gr\u00fcnen und CDU reichen.&#8221;<\/em><\/p>\n<p>In der Befragung, deren Aussagewert im Hinblick auf das zu erwartende Wahlergebnis auch kurz vor der Wahl mit Unsicherheiten behaftet ist, gaben 32 Prozent der Befragten an, sie w\u00fcssten noch nicht sicher, ob und wen sie w\u00e4hlen wollen.<\/p>\n<p>Auf die Frage, wen die W\u00e4hler am liebsten als neuen Ministerpr\u00e4sidenten s\u00e4hen, nannten 47 Prozent den Gr\u00fcnen-Politiker \u00d6zdemir, gefolgt vom CDU-Kandidaten Hagel mit 24 Prozent und acht Prozent f\u00fcr Markus Frohnmaier von der AfD. Eine Koalition ohne Einbindung der AfD w\u00e4re damit nur zwischen der CDU und den Gr\u00fcnen m\u00f6glich.<\/p>\n<p>Derzeit regiert in Baden-W\u00fcrttemberg ein B\u00fcndnis aus Gr\u00fcnen und CDU unter dem gr\u00fcnen Ministerpr\u00e4sidenten Winfried Kretschmann, der nicht wieder antritt. Im\u00a0Mai 2011 wurde mit Kretschmann erstmals ein Gr\u00fcner zum Ministerpr\u00e4sidenten gew\u00e4hlt und die erste gr\u00fcn-rote Landesregierung in Baden-W\u00fcrttemberg gebildet.<\/p>\n<p>Im sogenannten &#8220;Kabinett Kretschmann II&#8221; f\u00fchrten die Gr\u00fcnen 2016\u20132021 eine gr\u00fcn-schwarze Regierung an. Im Mai 2021 w\u00e4hlte der Landtag mit 95 von 152 Stimmen Winfried Kretschmann zum dritten Mal zum Ministerpr\u00e4sidenten von Baden-W\u00fcrttemberg. Auch das &#8220;Kabinett Kretschmann III&#8221; regierte zusammen mit der CDU.<\/p>\n<p><strong>Mehr zum Thema &#8211;<\/strong>\u00a0<a rel=\"nofollow noopener\" target=\"_blank\" href=\"https:\/\/freedert.online\/landtagswahlen2026\/271906-freiburg-gute-nachrichten-vor-landtagswahlen-stellenabbau-bei-jobrad-faellt-geringer-aus\/\">Manuel Hagel, rehbraune Augen und die Abgr\u00fcnde des Stuttgarter Wahlkampfs<\/a><\/p>\n<div class=\"EmbedBlock-root EmbedBlock-externalVideo EmbedBlock-rumble\">\n<div class=\"VkEmbed\"><iframe class=\"lazyload\" data-src=\"https:\/\/rumble.com\/embed\/v7465v8\" frameborder=\"0\" width=\"853\" height=\"480\" allowfullscreen><\/iframe><\/div>\n<\/div>\n<\/div>\n<p><br \/>\n<br \/><a href=\"https:\/\/de.rt.com\/inland\/272272-baden-wuerttemberg-zwei-tage-vor\/\">Source link <\/a><\/p>\n","protected":false},"excerpt":{"rendered":"<p>Am kommenden Sonntag findet die Landtagswahl in Baden-W\u00fcrttemberg statt. Den h\u00f6chsten Zuspruch bekommen laut Umfragen aktuell die Kandidaten von der CDU und den Gr\u00fcnen, beide mit Werten von 28 Prozent. Mit Abstand folgt die AfD mit 18 Prozent. Am 8. M\u00e4rz k\u00f6nnen die B\u00fcrger in Baden-W\u00fcrttemberg\u00a0(11,2 Millionen Einwohner) bei der Landtagswahl \u00fcber die Zukunft ihres [&hellip;]<\/p>\n","protected":false},"author":3,"featured_media":99887,"comment_status":"open","ping_status":"open","sticky":false,"template":"","format":"standard","meta":{"_yoast_indexnow_last_ping":["1772796586"],"wp_automatic_camp":["217"],"a2604fd39bb5a66f75c35fd90a5c7921":["Baden-W\u00fcrttemberg: Zwei Tage vor der Landtagswahl liegen Gr\u00fcne und CDU gleichauf"],"original_link":["https:\/\/de.rt.com\/inland\/272272-baden-wuerttemberg-zwei-tage-vor\/"],"_thumbnail_id":["99887"],"jnews_social_counter_last_update":["1777684097"],"_wptgpro_p2tg_sent2tg":["a:1:{i:23737;s:19:\"2026-03-06 13:30:48\";}"]},"categories":[19,23],"tags":[25665,3795,82,43819,1434,19169,982,3654,140,320,1003],"yoast_head":"<!-- This site is optimized with the Yoast SEO Premium plugin v22.7 (Yoast SEO v22.7) - https:\/\/yoast.com\/wordpress\/plugins\/seo\/ -->\n<title>Baden-W\u00fcrttemberg: Zwei Tage vor der Landtagswahl liegen Gr\u00fcne und CDU gleichauf - just-now.NEWS Deutschland<\/title>\n<meta name=\"robots\" content=\"index, follow, max-snippet:-1, max-image-preview:large, max-video-preview:-1\" \/>\n<link rel=\"canonical\" href=\"https:\/\/now-news.de\/de\/deutschland\/baden-wuerttemberg-zwei-tage-vor-der-landtagswahl-liegen-gruene-und-cdu-gleichauf\/\" \/>\n<meta property=\"og:locale\" content=\"de_DE\" \/>\n<meta property=\"og:type\" content=\"article\" \/>\n<meta property=\"og:title\" content=\"Baden-W\u00fcrttemberg: Zwei Tage vor der Landtagswahl liegen Gr\u00fcne und CDU gleichauf\" \/>\n<meta property=\"og:description\" content=\"Am kommenden Sonntag findet die Landtagswahl in Baden-W\u00fcrttemberg statt. Den h\u00f6chsten Zuspruch bekommen laut Umfragen aktuell die Kandidaten von der CDU und den Gr\u00fcnen, beide mit Werten von 28 Prozent. Mit Abstand folgt die AfD mit 18 Prozent. Am 8. M\u00e4rz k\u00f6nnen die B\u00fcrger in Baden-W\u00fcrttemberg\u00a0(11,2 Millionen Einwohner) bei der Landtagswahl \u00fcber die Zukunft ihres [&hellip;]\" \/>\n<meta property=\"og:url\" content=\"https:\/\/now-news.de\/de\/deutschland\/baden-wuerttemberg-zwei-tage-vor-der-landtagswahl-liegen-gruene-und-cdu-gleichauf\/\" \/>\n<meta property=\"og:site_name\" content=\"just-now.NEWS Deutschland\" \/>\n<meta property=\"article:publisher\" content=\"https:\/\/www.facebook.com\/wirmachenauf\" \/>\n<meta property=\"article:published_time\" content=\"2026-03-06T11:00:13+00:00\" \/>\n<meta property=\"og:image\" content=\"https:\/\/now-news.de\/de\/wp-content\/uploads\/sites\/3\/2026\/03\/69aa95ddb480cc6a56206cf2.jpg\" \/>\n<meta name=\"author\" content=\"rtnews\" \/>\n<meta name=\"twitter:card\" content=\"summary_large_image\" \/>\n<meta name=\"twitter:creator\" content=\"@WirMachenAuf_de\" \/>\n<meta name=\"twitter:site\" content=\"@WirMachenAuf_de\" \/>\n<meta name=\"twitter:label1\" content=\"Verfasst von\" \/>\n\t<meta name=\"twitter:data1\" content=\"rtnews\" \/>\n\t<meta name=\"twitter:label2\" content=\"Gesch\u00e4tzte Lesezeit\" \/>\n\t<meta name=\"twitter:data2\" content=\"2\u00a0Minuten\" \/>\n<script type=\"application\/ld+json\" class=\"yoast-schema-graph\">{\"@context\":\"https:\/\/schema.org\",\"@graph\":[{\"@type\":\"Article\",\"@id\":\"https:\/\/now-news.de\/de\/deutschland\/baden-wuerttemberg-zwei-tage-vor-der-landtagswahl-liegen-gruene-und-cdu-gleichauf\/#article\",\"isPartOf\":{\"@id\":\"https:\/\/now-news.de\/de\/deutschland\/baden-wuerttemberg-zwei-tage-vor-der-landtagswahl-liegen-gruene-und-cdu-gleichauf\/\"},\"author\":{\"name\":\"rtnews\",\"@id\":\"https:\/\/now-news.de\/de\/#\/schema\/person\/fb534a4e865501d8b3285208df34a9b5\"},\"headline\":\"Baden-W\u00fcrttemberg: Zwei Tage vor der Landtagswahl liegen Gr\u00fcne und CDU gleichauf\",\"datePublished\":\"2026-03-06T11:00:13+00:00\",\"dateModified\":\"2026-03-06T11:00:13+00:00\",\"mainEntityOfPage\":{\"@id\":\"https:\/\/now-news.de\/de\/deutschland\/baden-wuerttemberg-zwei-tage-vor-der-landtagswahl-liegen-gruene-und-cdu-gleichauf\/\"},\"wordCount\":454,\"commentCount\":0,\"publisher\":{\"@id\":\"https:\/\/now-news.de\/de\/#organization\"},\"image\":{\"@id\":\"https:\/\/now-news.de\/de\/deutschland\/baden-wuerttemberg-zwei-tage-vor-der-landtagswahl-liegen-gruene-und-cdu-gleichauf\/#primaryimage\"},\"thumbnailUrl\":\"https:\/\/now-news.de\/de\/wp-content\/uploads\/sites\/3\/2026\/03\/Baden-Wuerttemberg-Zwei-Tage-vor-der-Landtagswahl-liegen-Gruene-und-CDU.jpg\",\"keywords\":[\"BadenW\u00fcrttemberg\",\"CDU\",\"der\",\"gleichauf\",\"Gr\u00fcne\",\"Landtagswahl\",\"liegen\",\"Tage\",\"und\",\"vor\",\"zwei\"],\"articleSection\":[\"Deutschland\",\"Russland\"],\"inLanguage\":\"de\",\"potentialAction\":[{\"@type\":\"CommentAction\",\"name\":\"Comment\",\"target\":[\"https:\/\/now-news.de\/de\/deutschland\/baden-wuerttemberg-zwei-tage-vor-der-landtagswahl-liegen-gruene-und-cdu-gleichauf\/#respond\"]}]},{\"@type\":\"WebPage\",\"@id\":\"https:\/\/now-news.de\/de\/deutschland\/baden-wuerttemberg-zwei-tage-vor-der-landtagswahl-liegen-gruene-und-cdu-gleichauf\/\",\"url\":\"https:\/\/now-news.de\/de\/deutschland\/baden-wuerttemberg-zwei-tage-vor-der-landtagswahl-liegen-gruene-und-cdu-gleichauf\/\",\"name\":\"Baden-W\u00fcrttemberg: Zwei Tage vor der Landtagswahl liegen Gr\u00fcne und CDU gleichauf - just-now.NEWS Deutschland\",\"isPartOf\":{\"@id\":\"https:\/\/now-news.de\/de\/#website\"},\"primaryImageOfPage\":{\"@id\":\"https:\/\/now-news.de\/de\/deutschland\/baden-wuerttemberg-zwei-tage-vor-der-landtagswahl-liegen-gruene-und-cdu-gleichauf\/#primaryimage\"},\"image\":{\"@id\":\"https:\/\/now-news.de\/de\/deutschland\/baden-wuerttemberg-zwei-tage-vor-der-landtagswahl-liegen-gruene-und-cdu-gleichauf\/#primaryimage\"},\"thumbnailUrl\":\"https:\/\/now-news.de\/de\/wp-content\/uploads\/sites\/3\/2026\/03\/Baden-Wuerttemberg-Zwei-Tage-vor-der-Landtagswahl-liegen-Gruene-und-CDU.jpg\",\"datePublished\":\"2026-03-06T11:00:13+00:00\",\"dateModified\":\"2026-03-06T11:00:13+00:00\",\"breadcrumb\":{\"@id\":\"https:\/\/now-news.de\/de\/deutschland\/baden-wuerttemberg-zwei-tage-vor-der-landtagswahl-liegen-gruene-und-cdu-gleichauf\/#breadcrumb\"},\"inLanguage\":\"de\",\"potentialAction\":[{\"@type\":\"ReadAction\",\"target\":[\"https:\/\/now-news.de\/de\/deutschland\/baden-wuerttemberg-zwei-tage-vor-der-landtagswahl-liegen-gruene-und-cdu-gleichauf\/\"]}]},{\"@type\":\"ImageObject\",\"inLanguage\":\"de\",\"@id\":\"https:\/\/now-news.de\/de\/deutschland\/baden-wuerttemberg-zwei-tage-vor-der-landtagswahl-liegen-gruene-und-cdu-gleichauf\/#primaryimage\",\"url\":\"https:\/\/now-news.de\/de\/wp-content\/uploads\/sites\/3\/2026\/03\/Baden-Wuerttemberg-Zwei-Tage-vor-der-Landtagswahl-liegen-Gruene-und-CDU.jpg\",\"contentUrl\":\"https:\/\/now-news.de\/de\/wp-content\/uploads\/sites\/3\/2026\/03\/Baden-Wuerttemberg-Zwei-Tage-vor-der-Landtagswahl-liegen-Gruene-und-CDU.jpg\",\"width\":908,\"height\":517,\"caption\":\"Baden-W\u00fcrttemberg: Zwei Tage vor der Landtagswahl liegen Gr\u00fcne und CDU gleichauf\"},{\"@type\":\"BreadcrumbList\",\"@id\":\"https:\/\/now-news.de\/de\/deutschland\/baden-wuerttemberg-zwei-tage-vor-der-landtagswahl-liegen-gruene-und-cdu-gleichauf\/#breadcrumb\",\"itemListElement\":[{\"@type\":\"ListItem\",\"position\":1,\"name\":\"Home\",\"item\":\"https:\/\/now-news.de\/de\/\"},{\"@type\":\"ListItem\",\"position\":2,\"name\":\"Baden-W\u00fcrttemberg: Zwei Tage vor der Landtagswahl liegen Gr\u00fcne und CDU gleichauf\"}]},{\"@type\":\"WebSite\",\"@id\":\"https:\/\/now-news.de\/de\/#website\",\"url\":\"https:\/\/now-news.de\/de\/\",\"name\":\"just-now.NEWS Deutschland\",\"description\":\"Das Portal f\u00fcr unzensierte Nachrichten aus der Welt\",\"publisher\":{\"@id\":\"https:\/\/now-news.de\/de\/#organization\"},\"potentialAction\":[{\"@type\":\"SearchAction\",\"target\":{\"@type\":\"EntryPoint\",\"urlTemplate\":\"https:\/\/now-news.de\/de\/?s={search_term_string}\"},\"query-input\":\"required name=search_term_string\"}],\"inLanguage\":\"de\"},{\"@type\":\"Organization\",\"@id\":\"https:\/\/now-news.de\/de\/#organization\",\"name\":\"Just Now News\",\"url\":\"https:\/\/now-news.de\/de\/\",\"logo\":{\"@type\":\"ImageObject\",\"inLanguage\":\"de\",\"@id\":\"https:\/\/now-news.de\/de\/#\/schema\/logo\/image\/\",\"url\":\"http:\/\/just-now.news\/de\/wp-content\/uploads\/sites\/3\/2022\/04\/logo500x500.jpg\",\"contentUrl\":\"http:\/\/just-now.news\/de\/wp-content\/uploads\/sites\/3\/2022\/04\/logo500x500.jpg\",\"width\":500,\"height\":500,\"caption\":\"Just Now News\"},\"image\":{\"@id\":\"https:\/\/now-news.de\/de\/#\/schema\/logo\/image\/\"},\"sameAs\":[\"https:\/\/www.facebook.com\/wirmachenauf\",\"https:\/\/x.com\/WirMachenAuf_de\"]},{\"@type\":\"Person\",\"@id\":\"https:\/\/now-news.de\/de\/#\/schema\/person\/fb534a4e865501d8b3285208df34a9b5\",\"name\":\"rtnews\",\"image\":{\"@type\":\"ImageObject\",\"inLanguage\":\"de\",\"@id\":\"https:\/\/now-news.de\/de\/#\/schema\/person\/image\/\",\"url\":\"https:\/\/secure.gravatar.com\/avatar\/82aafea7d8127119dd649515f56e2117?s=96&d=mm&r=g\",\"contentUrl\":\"https:\/\/secure.gravatar.com\/avatar\/82aafea7d8127119dd649515f56e2117?s=96&d=mm&r=g\",\"caption\":\"rtnews\"},\"url\":\"https:\/\/now-news.de\/de\/author\/rnews\/\"}]}<\/script>\n<!-- \/ Yoast SEO Premium plugin. -->","yoast_head_json":{"title":"Baden-W\u00fcrttemberg: Zwei Tage vor der Landtagswahl liegen Gr\u00fcne und CDU gleichauf - just-now.NEWS Deutschland","robots":{"index":"index","follow":"follow","max-snippet":"max-snippet:-1","max-image-preview":"max-image-preview:large","max-video-preview":"max-video-preview:-1"},"canonical":"https:\/\/now-news.de\/de\/deutschland\/baden-wuerttemberg-zwei-tage-vor-der-landtagswahl-liegen-gruene-und-cdu-gleichauf\/","og_locale":"de_DE","og_type":"article","og_title":"Baden-W\u00fcrttemberg: Zwei Tage vor der Landtagswahl liegen Gr\u00fcne und CDU gleichauf","og_description":"Am kommenden Sonntag findet die Landtagswahl in Baden-W\u00fcrttemberg statt. Den h\u00f6chsten Zuspruch bekommen laut Umfragen aktuell die Kandidaten von der CDU und den Gr\u00fcnen, beide mit Werten von 28 Prozent. Mit Abstand folgt die AfD mit 18 Prozent. Am 8. M\u00e4rz k\u00f6nnen die B\u00fcrger in Baden-W\u00fcrttemberg\u00a0(11,2 Millionen Einwohner) bei der Landtagswahl \u00fcber die Zukunft ihres [&hellip;]","og_url":"https:\/\/now-news.de\/de\/deutschland\/baden-wuerttemberg-zwei-tage-vor-der-landtagswahl-liegen-gruene-und-cdu-gleichauf\/","og_site_name":"just-now.NEWS Deutschland","article_publisher":"https:\/\/www.facebook.com\/wirmachenauf","article_published_time":"2026-03-06T11:00:13+00:00","og_image":[{"url":"https:\/\/now-news.de\/de\/wp-content\/uploads\/sites\/3\/2026\/03\/69aa95ddb480cc6a56206cf2.jpg"}],"author":"rtnews","twitter_card":"summary_large_image","twitter_creator":"@WirMachenAuf_de","twitter_site":"@WirMachenAuf_de","twitter_misc":{"Verfasst von":"rtnews","Gesch\u00e4tzte Lesezeit":"2\u00a0Minuten"},"schema":{"@context":"https:\/\/schema.org","@graph":[{"@type":"Article","@id":"https:\/\/now-news.de\/de\/deutschland\/baden-wuerttemberg-zwei-tage-vor-der-landtagswahl-liegen-gruene-und-cdu-gleichauf\/#article","isPartOf":{"@id":"https:\/\/now-news.de\/de\/deutschland\/baden-wuerttemberg-zwei-tage-vor-der-landtagswahl-liegen-gruene-und-cdu-gleichauf\/"},"author":{"name":"rtnews","@id":"https:\/\/now-news.de\/de\/#\/schema\/person\/fb534a4e865501d8b3285208df34a9b5"},"headline":"Baden-W\u00fcrttemberg: Zwei Tage vor der Landtagswahl liegen Gr\u00fcne und CDU gleichauf","datePublished":"2026-03-06T11:00:13+00:00","dateModified":"2026-03-06T11:00:13+00:00","mainEntityOfPage":{"@id":"https:\/\/now-news.de\/de\/deutschland\/baden-wuerttemberg-zwei-tage-vor-der-landtagswahl-liegen-gruene-und-cdu-gleichauf\/"},"wordCount":454,"commentCount":0,"publisher":{"@id":"https:\/\/now-news.de\/de\/#organization"},"image":{"@id":"https:\/\/now-news.de\/de\/deutschland\/baden-wuerttemberg-zwei-tage-vor-der-landtagswahl-liegen-gruene-und-cdu-gleichauf\/#primaryimage"},"thumbnailUrl":"https:\/\/now-news.de\/de\/wp-content\/uploads\/sites\/3\/2026\/03\/Baden-Wuerttemberg-Zwei-Tage-vor-der-Landtagswahl-liegen-Gruene-und-CDU.jpg","keywords":["BadenW\u00fcrttemberg","CDU","der","gleichauf","Gr\u00fcne","Landtagswahl","liegen","Tage","und","vor","zwei"],"articleSection":["Deutschland","Russland"],"inLanguage":"de","potentialAction":[{"@type":"CommentAction","name":"Comment","target":["https:\/\/now-news.de\/de\/deutschland\/baden-wuerttemberg-zwei-tage-vor-der-landtagswahl-liegen-gruene-und-cdu-gleichauf\/#respond"]}]},{"@type":"WebPage","@id":"https:\/\/now-news.de\/de\/deutschland\/baden-wuerttemberg-zwei-tage-vor-der-landtagswahl-liegen-gruene-und-cdu-gleichauf\/","url":"https:\/\/now-news.de\/de\/deutschland\/baden-wuerttemberg-zwei-tage-vor-der-landtagswahl-liegen-gruene-und-cdu-gleichauf\/","name":"Baden-W\u00fcrttemberg: Zwei Tage vor der Landtagswahl liegen Gr\u00fcne und CDU gleichauf - just-now.NEWS Deutschland","isPartOf":{"@id":"https:\/\/now-news.de\/de\/#website"},"primaryImageOfPage":{"@id":"https:\/\/now-news.de\/de\/deutschland\/baden-wuerttemberg-zwei-tage-vor-der-landtagswahl-liegen-gruene-und-cdu-gleichauf\/#primaryimage"},"image":{"@id":"https:\/\/now-news.de\/de\/deutschland\/baden-wuerttemberg-zwei-tage-vor-der-landtagswahl-liegen-gruene-und-cdu-gleichauf\/#primaryimage"},"thumbnailUrl":"https:\/\/now-news.de\/de\/wp-content\/uploads\/sites\/3\/2026\/03\/Baden-Wuerttemberg-Zwei-Tage-vor-der-Landtagswahl-liegen-Gruene-und-CDU.jpg","datePublished":"2026-03-06T11:00:13+00:00","dateModified":"2026-03-06T11:00:13+00:00","breadcrumb":{"@id":"https:\/\/now-news.de\/de\/deutschland\/baden-wuerttemberg-zwei-tage-vor-der-landtagswahl-liegen-gruene-und-cdu-gleichauf\/#breadcrumb"},"inLanguage":"de","potentialAction":[{"@type":"ReadAction","target":["https:\/\/now-news.de\/de\/deutschland\/baden-wuerttemberg-zwei-tage-vor-der-landtagswahl-liegen-gruene-und-cdu-gleichauf\/"]}]},{"@type":"ImageObject","inLanguage":"de","@id":"https:\/\/now-news.de\/de\/deutschland\/baden-wuerttemberg-zwei-tage-vor-der-landtagswahl-liegen-gruene-und-cdu-gleichauf\/#primaryimage","url":"https:\/\/now-news.de\/de\/wp-content\/uploads\/sites\/3\/2026\/03\/Baden-Wuerttemberg-Zwei-Tage-vor-der-Landtagswahl-liegen-Gruene-und-CDU.jpg","contentUrl":"https:\/\/now-news.de\/de\/wp-content\/uploads\/sites\/3\/2026\/03\/Baden-Wuerttemberg-Zwei-Tage-vor-der-Landtagswahl-liegen-Gruene-und-CDU.jpg","width":908,"height":517,"caption":"Baden-W\u00fcrttemberg: Zwei Tage vor der Landtagswahl liegen Gr\u00fcne und CDU gleichauf"},{"@type":"BreadcrumbList","@id":"https:\/\/now-news.de\/de\/deutschland\/baden-wuerttemberg-zwei-tage-vor-der-landtagswahl-liegen-gruene-und-cdu-gleichauf\/#breadcrumb","itemListElement":[{"@type":"ListItem","position":1,"name":"Home","item":"https:\/\/now-news.de\/de\/"},{"@type":"ListItem","position":2,"name":"Baden-W\u00fcrttemberg: Zwei Tage vor der Landtagswahl liegen Gr\u00fcne und CDU gleichauf"}]},{"@type":"WebSite","@id":"https:\/\/now-news.de\/de\/#website","url":"https:\/\/now-news.de\/de\/","name":"just-now.NEWS Deutschland","description":"Das Portal f\u00fcr unzensierte Nachrichten aus der Welt","publisher":{"@id":"https:\/\/now-news.de\/de\/#organization"},"potentialAction":[{"@type":"SearchAction","target":{"@type":"EntryPoint","urlTemplate":"https:\/\/now-news.de\/de\/?s={search_term_string}"},"query-input":"required name=search_term_string"}],"inLanguage":"de"},{"@type":"Organization","@id":"https:\/\/now-news.de\/de\/#organization","name":"Just Now News","url":"https:\/\/now-news.de\/de\/","logo":{"@type":"ImageObject","inLanguage":"de","@id":"https:\/\/now-news.de\/de\/#\/schema\/logo\/image\/","url":"http:\/\/just-now.news\/de\/wp-content\/uploads\/sites\/3\/2022\/04\/logo500x500.jpg","contentUrl":"http:\/\/just-now.news\/de\/wp-content\/uploads\/sites\/3\/2022\/04\/logo500x500.jpg","width":500,"height":500,"caption":"Just Now News"},"image":{"@id":"https:\/\/now-news.de\/de\/#\/schema\/logo\/image\/"},"sameAs":["https:\/\/www.facebook.com\/wirmachenauf","https:\/\/x.com\/WirMachenAuf_de"]},{"@type":"Person","@id":"https:\/\/now-news.de\/de\/#\/schema\/person\/fb534a4e865501d8b3285208df34a9b5","name":"rtnews","image":{"@type":"ImageObject","inLanguage":"de","@id":"https:\/\/now-news.de\/de\/#\/schema\/person\/image\/","url":"https:\/\/secure.gravatar.com\/avatar\/82aafea7d8127119dd649515f56e2117?s=96&d=mm&r=g","contentUrl":"https:\/\/secure.gravatar.com\/avatar\/82aafea7d8127119dd649515f56e2117?s=96&d=mm&r=g","caption":"rtnews"},"url":"https:\/\/now-news.de\/de\/author\/rnews\/"}]}},"_links":{"self":[{"href":"https:\/\/now-news.de\/de\/wp-json\/wp\/v2\/posts\/99886"}],"collection":[{"href":"https:\/\/now-news.de\/de\/wp-json\/wp\/v2\/posts"}],"about":[{"href":"https:\/\/now-news.de\/de\/wp-json\/wp\/v2\/types\/post"}],"author":[{"embeddable":true,"href":"https:\/\/now-news.de\/de\/wp-json\/wp\/v2\/users\/3"}],"replies":[{"embeddable":true,"href":"https:\/\/now-news.de\/de\/wp-json\/wp\/v2\/comments?post=99886"}],"version-history":[{"count":0,"href":"https:\/\/now-news.de\/de\/wp-json\/wp\/v2\/posts\/99886\/revisions"}],"wp:featuredmedia":[{"embeddable":true,"href":"https:\/\/now-news.de\/de\/wp-json\/wp\/v2\/media\/99887"}],"wp:attachment":[{"href":"https:\/\/now-news.de\/de\/wp-json\/wp\/v2\/media?parent=99886"}],"wp:term":[{"taxonomy":"category","embeddable":true,"href":"https:\/\/now-news.de\/de\/wp-json\/wp\/v2\/categories?post=99886"},{"taxonomy":"post_tag","embeddable":true,"href":"https:\/\/now-news.de\/de\/wp-json\/wp\/v2\/tags?post=99886"}],"curies":[{"name":"wp","href":"https:\/\/api.w.org\/{rel}","templated":true}]}}