{"id":99865,"date":"2026-03-05T21:40:27","date_gmt":"2026-03-05T19:40:27","guid":{"rendered":"https:\/\/now-news.de\/de\/deutschland\/schulstreiker-leben-in-frieden-kann-nur-gegen-die-bundesregierung-durchgesetzt-werden\/"},"modified":"2026-03-05T21:40:27","modified_gmt":"2026-03-05T19:40:27","slug":"schulstreiker-leben-in-frieden-kann-nur-gegen-die-bundesregierung-durchgesetzt-werden","status":"publish","type":"post","link":"https:\/\/now-news.de\/de\/deutschland\/schulstreiker-leben-in-frieden-kann-nur-gegen-die-bundesregierung-durchgesetzt-werden\/","title":{"rendered":"Schulstreiker: &quot;Leben in Frieden kann nur gegen die Bundesregierung durchgesetzt werden!&quot;"},"content":{"rendered":"<div class=\"Text-root Text-type_1 \">\n                &#8220;Unser Leben in Frieden kann nur gegen die deutsche Bundesregierung, gegen die EU, gegen die NATO und gegen die Gro\u00dfkonzerne, die von diesen Kriegen profitieren, durchgesetzt werden&#8221;, erkl\u00e4rte ein jugendlicher Redner auf der Schulstreik-Kundgebung in K\u00f6ln.\n            <\/div>\n<p><\/p>\n<div class=\"Text-root Text-type_5 ArticleView-text ViewText-root \">\n<p><em>Von Felicitas Rabe<\/em><\/p>\n<p>Am Donnerstag protestierten Jugendliche und Friedensaktivisten zum zweiten Mal in einer koordinierten Aktion bundesweit <a rel=\"nofollow noopener\" target=\"_blank\" href=\"https:\/\/schulstreikgegenwehrpflicht.com\/\">gegen die Wehrpflicht<\/a>. Laut Angaben von Schulstreik-Komitees beteiligten sich rund 139 St\u00e4dte in Deutschland. In K\u00f6ln waren Sch\u00fcler aus f\u00fcnf Schulen und Unterst\u00fctzer mit insgesamt rund 1.000 Teilnehmern am Protestmarsch durch die Innenstadt dabei und forderten: &#8220;Hoch mit der Bildung, runter mit der R\u00fcstung!&#8221;<\/p>\n<figure class=\"RTImage-root\">\n<div class=\"RTImage-image RTImage-original\"><picture class=\"Picture-root Picture-original\"><!--[if IE 9]><video style=\"display: none;\"><![endif]--><source media=\"(-webkit-min-device-pixel-ratio: 2) and (min-resolution: 120dpi)\" data-srcset=\" \nhttps:\/\/now-news.de\/de\/wp-content\/uploads\/sites\/3\/2026\/03\/69a9bd39b480cc2add39ab23.jpg 850w,\n                https:\/\/now-news.de\/de\/wp-content\/uploads\/sites\/3\/2026\/03\/69a9bd39b480cc2add39ab23.jpg 1960w,            \" ><source data-srcset=\" \nhttps:\/\/now-news.de\/de\/wp-content\/uploads\/sites\/3\/2026\/03\/69a9bd39b480cc2add39ab23.jpg 460w,\n              https:\/\/now-news.de\/de\/wp-content\/uploads\/sites\/3\/2026\/03\/69a9bd39b480cc2add39ab23.jpg 980w,\n            \" ><!--[if IE 9]><\/video><![endif]--><img decoding=\"async\" data- src=\"data:image\/png;base64,iVBORw0KGgoAAAANSUhEUgAAABAAAAAJCAQAAACRI2S5AAAAEElEQVR42mNkIAAYRxWAAQAG9gAKqv6+AwAAAABJRU5ErkJggg==\" class=\"Picture-root Picture-original lazyload\" data-src=\"https:\/\/now-news.de\/de\/wp-content\/uploads\/sites\/3\/2026\/03\/69a9bd39b480cc2add39ab23.jpg\" alt=\"\"><\/source><\/source><\/picture><!-- noscript pattern --><noscript><img decoding=\"async\" src=\"https:\/\/now-news.de\/de\/wp-content\/uploads\/sites\/3\/2026\/03\/69a9bd39b480cc2add39ab23.jpg\" alt=\"\"><\/noscript><\/div><figcaption class=\"RTImage-footer\"><span class=\"RTImage-caption\"><span class=\"RTImage-captionItem\">Schulstreik gegen die Wehrpflicht in K\u00f6ln, 5. M\u00e4rz 2026<\/span><\/span><span class=\"RTImage-source\"><span class=\"RTImage-captionItem\">Felicitas Rabe<\/span><\/span><\/figcaption><\/figure>\n<p>Auf der Auftaktkundgebung sprachen neben Sch\u00fclervertretern auch Mitglieder der Gewerkschaft Erziehung und Wissenschaft (GEW) und der Deutschen Friedensgesellschaft\u00a0\u2012 Vereinigte Kriegsdienstgegner (DFG-VK). \u00a0<\/p>\n<p>Ein Vertreter der GEW forderte die Sch\u00fcler auf, sie sollten sich bei ihren Aktionen nicht abspeisen lassen mit dem Hinweis auf das Neutralit\u00e4tsgebot an Schulen. In der Verfassung von Nordrhein-Westfalen stehe, Friedenserziehung sei ein wichtiges Erziehungsziel in den Schulen.<\/p>\n<p>Ein Sch\u00fclervertreter sprach \u00fcber die Folgen des Wehrersatzdienstes beziehungsweise des Zivildienstes f\u00fcr das Gesundheitswesen. Dabei w\u00fcrden unmotivierte Jugendliche zu einer zus\u00e4tzlichen\u00a0B\u00fcrde f\u00fcr \u00fcberlastete Pfleger in einem kaputten deutschen Gesundheitssystem. In diesem System sei es keine Verbesserung, wenn sich Pflege zus\u00e4tzlich noch um unterbezahlte, unmotivierte Jugendliche k\u00fcmmern m\u00fcsse, die dort unfreiwillig mitarbeiteten. Und w\u00e4hrend man im Gesundheitssystem spare, werde fortlaufend in die Bundeswehr und bei Rheinmetall investiert.<\/p>\n<figure class=\"RTImage-root\">\n<div class=\"RTImage-image RTImage-original\"><picture class=\"Picture-root Picture-original\"><!--[if IE 9]><video style=\"display: none;\"><![endif]--><source media=\"(-webkit-min-device-pixel-ratio: 2) and (min-resolution: 120dpi)\" data-srcset=\" \nhttps:\/\/now-news.de\/de\/wp-content\/uploads\/sites\/3\/2026\/03\/69a9bd7b48fbef20795435c5.jpg 850w,\n                https:\/\/now-news.de\/de\/wp-content\/uploads\/sites\/3\/2026\/03\/69a9bd7b48fbef20795435c5.jpg 1960w,            \" ><source data-srcset=\" \nhttps:\/\/now-news.de\/de\/wp-content\/uploads\/sites\/3\/2026\/03\/69a9bd7b48fbef20795435c5.jpg 460w,\n              https:\/\/now-news.de\/de\/wp-content\/uploads\/sites\/3\/2026\/03\/69a9bd7b48fbef20795435c5.jpg 980w,\n            \" ><!--[if IE 9]><\/video><![endif]--><img decoding=\"async\" data- src=\"data:image\/png;base64,iVBORw0KGgoAAAANSUhEUgAAABAAAAAJCAQAAACRI2S5AAAAEElEQVR42mNkIAAYRxWAAQAG9gAKqv6+AwAAAABJRU5ErkJggg==\" class=\"Picture-root Picture-original lazyload\" data-src=\"https:\/\/now-news.de\/de\/wp-content\/uploads\/sites\/3\/2026\/03\/69a9bd7b48fbef20795435c5.jpg\" alt=\"\"><\/source><\/source><\/picture><!-- noscript pattern --><noscript><img decoding=\"async\" src=\"https:\/\/now-news.de\/de\/wp-content\/uploads\/sites\/3\/2026\/03\/69a9bd7b48fbef20795435c5.jpg\" alt=\"\"><\/noscript><\/div><figcaption class=\"RTImage-footer\"><span class=\"RTImage-caption\"><span class=\"RTImage-captionItem\">Schulstreik gegen die Wehrpflicht in K\u00f6ln, 5. M\u00e4rz 2026<\/span><\/span><span class=\"RTImage-source\"><span class=\"RTImage-captionItem\">Felicitas Rabe<\/span><\/span><\/figcaption><\/figure>\n<p>Der Obersch\u00fcler David vom Kaiserin-Augusta-Gymnasium begr\u00fcndete, warum er sich am &#8220;<a rel=\"nofollow noopener\" target=\"_blank\" href=\"https:\/\/schulstreikgegenwehrpflicht.com\/\">Schulstreik gegen Wehrpflicht<\/a>&#8221; beteiligte: &#8220;Ich habe keine Lust, mich in den Sch\u00fctzengraben zu legen, f\u00fcr ein System, was die Jugend komplett vernachl\u00e4ssigt. Und nicht f\u00fcr eine Regierung, die sich lieber darum k\u00fcmmert, dass 100 Milliarden in die Aufr\u00fcstung investiert werden, anstatt marode Schulen zu renovieren. [\u2026] Unsere Bildung und unser Sozialstaat werden kaputtgespart, sodass mittlerweile jedes f\u00fcnfte Kind in Armut aufw\u00e4chst.&#8221;<\/p>\n<figure class=\"RTImage-root\">\n<div class=\"RTImage-image RTImage-original\"><picture class=\"Picture-root Picture-original\"><!--[if IE 9]><video style=\"display: none;\"><![endif]--><source media=\"(-webkit-min-device-pixel-ratio: 2) and (min-resolution: 120dpi)\" data-srcset=\" \nhttps:\/\/now-news.de\/de\/wp-content\/uploads\/sites\/3\/2026\/03\/69a9bddab480cc29f2630f3a.jpg 850w,\n                https:\/\/now-news.de\/de\/wp-content\/uploads\/sites\/3\/2026\/03\/69a9bddab480cc29f2630f3a.jpg 1960w,            \" ><source data-srcset=\" \nhttps:\/\/now-news.de\/de\/wp-content\/uploads\/sites\/3\/2026\/03\/69a9bddab480cc29f2630f3a.jpg 460w,\n              https:\/\/now-news.de\/de\/wp-content\/uploads\/sites\/3\/2026\/03\/69a9bddab480cc29f2630f3a.jpg 980w,\n            \" ><!--[if IE 9]><\/video><![endif]--><img decoding=\"async\" data- src=\"data:image\/png;base64,iVBORw0KGgoAAAANSUhEUgAAABAAAAAJCAQAAACRI2S5AAAAEElEQVR42mNkIAAYRxWAAQAG9gAKqv6+AwAAAABJRU5ErkJggg==\" class=\"Picture-root Picture-original lazyload\" data-src=\"https:\/\/now-news.de\/de\/wp-content\/uploads\/sites\/3\/2026\/03\/69a9bddab480cc29f2630f3a.jpg\" alt=\"\"><\/source><\/source><\/picture><!-- noscript pattern --><noscript><img decoding=\"async\" src=\"https:\/\/now-news.de\/de\/wp-content\/uploads\/sites\/3\/2026\/03\/69a9bddab480cc29f2630f3a.jpg\" alt=\"\"><\/noscript><\/div><figcaption class=\"RTImage-footer\"><span class=\"RTImage-caption\"><span class=\"RTImage-captionItem\">Schulstreik gegen die Wehrpflicht in K\u00f6ln, 5. M\u00e4rz 2026<\/span><\/span><span class=\"RTImage-source\"><span class=\"RTImage-captionItem\">Felicitas Rabe<\/span><\/span><\/figcaption><\/figure>\n<p><strong>Eine Armee von 460.000 Soldaten f\u00fcr eine aggressive Kriegsf\u00fchrung gegen Russland<\/strong><\/p>\n<p>Dabei diene die Wehrpflicht der Durchsetzung deutscher Interessen an der Ostfront. Daf\u00fcr w\u00fcrden Milliarden in R\u00fcstung und Bundeswehr investiert, erkl\u00e4rte Moritz von der Sozialistischen Deutschen Arbeiterjugend (SDAJ). Nur f\u00fcr eine aggressive Kriegsf\u00fchrung gegen Russland brauche man eine Armee mit 460.000 Soldaten. Daf\u00fcr brauche man die st\u00e4rkste Armee Europas, wie Merz es verk\u00fcndete. Der Konflikt der NATO-Staaten mit Russland und China werde durch die Ausweitung der NATO, ihre Aufr\u00fcstung, Man\u00f6ver, Auslandseins\u00e4tze und Milit\u00e4rbasen immer aggressiver eskaliert. Die Aggressivit\u00e4t des westlichen Imperialismus zeige sich auch im Angriffskrieg gegen Iran.<\/p>\n<p>Es gehe um die milit\u00e4rische Absicherung der Vormachtstellung der NATO weltweit. Krieg sei die logische Folge aus der Konkurrenz internationaler Konzerne und ihrer Staaten. Laut einer Ver\u00f6ffentlichung der Bundeswehr k\u00e4mpfe man um den ungehinderten Zugang zu Luft-, Wasser- und Landwegen sowie zu neuen Absatzm\u00e4rkten f\u00fcr deutsche Gro\u00dfkonzerne. Der junge Friedensaktivist betonte:<\/p>\n<p>&#8220;Unser Leben in Frieden kann nur gegen die deutsche Bundesregierung, gegen die EU, gegen die NATO und gegen die Gro\u00dfkonzerne, die von diesen Kriegen profitieren, durchgesetzt werden.&#8221;<\/p>\n<figure class=\"RTImage-root\">\n<div class=\"RTImage-image RTImage-original\"><picture class=\"Picture-root Picture-original\"><!--[if IE 9]><video style=\"display: none;\"><![endif]--><source media=\"(-webkit-min-device-pixel-ratio: 2) and (min-resolution: 120dpi)\" data-srcset=\" \nhttps:\/\/now-news.de\/de\/wp-content\/uploads\/sites\/3\/2026\/03\/69a9be2eb480cc2840704ca4.jpg 850w,\n                https:\/\/now-news.de\/de\/wp-content\/uploads\/sites\/3\/2026\/03\/69a9be2eb480cc2840704ca4.jpg 1960w,            \" ><source data-srcset=\" \nhttps:\/\/now-news.de\/de\/wp-content\/uploads\/sites\/3\/2026\/03\/69a9be2eb480cc2840704ca4.jpg 460w,\n              https:\/\/now-news.de\/de\/wp-content\/uploads\/sites\/3\/2026\/03\/69a9be2eb480cc2840704ca4.jpg 980w,\n            \" ><!--[if IE 9]><\/video><![endif]--><img decoding=\"async\" data- src=\"data:image\/png;base64,iVBORw0KGgoAAAANSUhEUgAAABAAAAAJCAQAAACRI2S5AAAAEElEQVR42mNkIAAYRxWAAQAG9gAKqv6+AwAAAABJRU5ErkJggg==\" class=\"Picture-root Picture-original lazyload\" data-src=\"https:\/\/now-news.de\/de\/wp-content\/uploads\/sites\/3\/2026\/03\/69a9be2eb480cc2840704ca4.jpg\" alt=\"\"><\/source><\/source><\/picture><!-- noscript pattern --><noscript><img decoding=\"async\" src=\"https:\/\/now-news.de\/de\/wp-content\/uploads\/sites\/3\/2026\/03\/69a9be2eb480cc2840704ca4.jpg\" alt=\"\"><\/noscript><\/div><figcaption class=\"RTImage-footer\"><span class=\"RTImage-caption\"><span class=\"RTImage-captionItem\">Schulstreik gegen die Wehrpflicht in K\u00f6ln, 5. M\u00e4rz 2026<\/span><\/span><span class=\"RTImage-source\"><span class=\"RTImage-captionItem\">Felicitas Rabe<\/span><\/span><\/figcaption><\/figure>\n<p><strong>Vorbilder unter Kriegsdienstverweigerern von 1918 <\/strong><\/p>\n<p>Man solle auch nicht vergessen, wie der Erste Weltkrieg beendet worden sei. Nicht die europ\u00e4ischen Regierungen h\u00e4tten das Ende des Ersten Weltkriegs gebracht, sondern die Massen an Kriegsgegnern. Diese k\u00f6nnten heute unsere Vorbilder sein: Matrosen auf Kriegsschiffen verweigerten 1918 die Weiterfahrt, Frontsoldaten weigerten sich, auf ihre Br\u00fcder aus anderen L\u00e4ndern zu schie\u00dfen. Arbeiterinnen in den R\u00fcstungsfabriken streikten im Jahr 1918. Moritz appellierte an die Jugend, dieses Mal nicht vier Jahre zu warten:\u00a0<\/p>\n<p>&#8220;Die Kriegsdienstgegner haben sich 1918 erst nach vier Jahren Weltkrieg geweigert. Wir m\u00fcssen das dieses Mal fr\u00fcher schaffen, um Millionen von Toten und unfassbares Leid eines gro\u00dfen Krieges zu verhindern.&#8221;\u00a0\u00a0<\/p>\n<p>Den Kriegstreibern richtete er aus: &#8220;Wir f\u00fchren eure Kriege nicht.&#8221; \u2012 &#8220;Heute bleiben unsere Schulen leer, denn die Reichen wollen Krieg, die Jugend eine Zukunft!<\/p>\n<p><strong>Mehr zum Thema<\/strong>\u00a0\u2012 <a rel=\"nofollow noopener\" target=\"_blank\" href=\"https:\/\/dert.online\/meinung\/269108-deutsche-kriegstuechtigkeit-ton-wird-schriller\/\">Deutsche Kriegst\u00fcchtigkeit: Der Ton wird schriller <\/a><\/p>\n<div class=\"EmbedBlock-root EmbedBlock-externalVideo EmbedBlock-rumble\">\n<div class=\"VkEmbed\"><iframe class=\"lazyload\" data-src=\"https:\/\/rumble.com\/embed\/v74hfyi\" frameborder=\"0\" width=\"853\" height=\"480\" allowfullscreen><\/iframe><\/div>\n<\/div>\n<p>\u00a0<\/p>\n<\/div>\n<p><br \/>\n<br \/><a href=\"https:\/\/de.rt.com\/inland\/272216-schulstreiker-leben-in-frieden-kann\/\">Source link <\/a><\/p>\n","protected":false},"excerpt":{"rendered":"<p>&#8220;Unser Leben in Frieden kann nur gegen die deutsche Bundesregierung, gegen die EU, gegen die NATO und gegen die Gro\u00dfkonzerne, die von diesen Kriegen profitieren, durchgesetzt werden&#8221;, erkl\u00e4rte ein jugendlicher Redner auf der Schulstreik-Kundgebung in K\u00f6ln. Von Felicitas Rabe Am Donnerstag protestierten Jugendliche und Friedensaktivisten zum zweiten Mal in einer koordinierten Aktion bundesweit gegen die [&hellip;]<\/p>\n","protected":false},"author":3,"featured_media":99866,"comment_status":"open","ping_status":"open","sticky":false,"template":"","format":"standard","meta":{"_yoast_indexnow_last_ping":["1772740479"],"wp_automatic_camp":["217"],"6c860649309ff566dc673b264af5453f":["Schulstreiker: &quot;Leben in Frieden kann nur gegen die Bundesregierung durchgesetzt werden!&quot;"],"original_link":["https:\/\/de.rt.com\/inland\/272216-schulstreiker-leben-in-frieden-kann\/"],"_thumbnail_id":["99866"],"jnews_social_counter_last_update":["1777575043"],"_wptgpro_p2tg_sent2tg":["a:1:{i:23737;s:19:\"2026-03-05 21:55:40\";}"]},"categories":[19,23],"tags":[3807,45,18604,614,278,838,4230,20254,71612,1856],"yoast_head":"<!-- This site is optimized with the Yoast SEO Premium plugin v22.7 (Yoast SEO v22.7) - https:\/\/yoast.com\/wordpress\/plugins\/seo\/ -->\n<title>Schulstreiker: &quot;Leben in Frieden kann nur gegen die Bundesregierung durchgesetzt werden!&quot; - just-now.NEWS Deutschland<\/title>\n<meta name=\"robots\" content=\"index, follow, max-snippet:-1, max-image-preview:large, max-video-preview:-1\" \/>\n<link rel=\"canonical\" href=\"https:\/\/now-news.de\/de\/deutschland\/schulstreiker-leben-in-frieden-kann-nur-gegen-die-bundesregierung-durchgesetzt-werden\/\" \/>\n<meta property=\"og:locale\" content=\"de_DE\" \/>\n<meta property=\"og:type\" content=\"article\" \/>\n<meta property=\"og:title\" content=\"Schulstreiker: &quot;Leben in Frieden kann nur gegen die Bundesregierung durchgesetzt werden!&quot;\" \/>\n<meta property=\"og:description\" content=\"&#8220;Unser Leben in Frieden kann nur gegen die deutsche Bundesregierung, gegen die EU, gegen die NATO und gegen die Gro\u00dfkonzerne, die von diesen Kriegen profitieren, durchgesetzt werden&#8221;, erkl\u00e4rte ein jugendlicher Redner auf der Schulstreik-Kundgebung in K\u00f6ln. Von Felicitas Rabe Am Donnerstag protestierten Jugendliche und Friedensaktivisten zum zweiten Mal in einer koordinierten Aktion bundesweit gegen die [&hellip;]\" \/>\n<meta property=\"og:url\" content=\"https:\/\/now-news.de\/de\/deutschland\/schulstreiker-leben-in-frieden-kann-nur-gegen-die-bundesregierung-durchgesetzt-werden\/\" \/>\n<meta property=\"og:site_name\" content=\"just-now.NEWS Deutschland\" \/>\n<meta property=\"article:publisher\" content=\"https:\/\/www.facebook.com\/wirmachenauf\" \/>\n<meta property=\"article:published_time\" content=\"2026-03-05T19:40:27+00:00\" \/>\n<meta property=\"og:image\" content=\"https:\/\/now-news.de\/de\/wp-content\/uploads\/sites\/3\/2026\/03\/69a9bd39b480cc2add39ab23.jpg\" \/>\n<meta name=\"author\" content=\"rtnews\" \/>\n<meta name=\"twitter:card\" content=\"summary_large_image\" \/>\n<meta name=\"twitter:creator\" content=\"@WirMachenAuf_de\" \/>\n<meta name=\"twitter:site\" content=\"@WirMachenAuf_de\" \/>\n<meta name=\"twitter:label1\" content=\"Verfasst von\" \/>\n\t<meta name=\"twitter:data1\" content=\"rtnews\" \/>\n\t<meta name=\"twitter:label2\" content=\"Gesch\u00e4tzte Lesezeit\" \/>\n\t<meta name=\"twitter:data2\" content=\"4\u00a0Minuten\" \/>\n<script type=\"application\/ld+json\" class=\"yoast-schema-graph\">{\"@context\":\"https:\/\/schema.org\",\"@graph\":[{\"@type\":\"Article\",\"@id\":\"https:\/\/now-news.de\/de\/deutschland\/schulstreiker-leben-in-frieden-kann-nur-gegen-die-bundesregierung-durchgesetzt-werden\/#article\",\"isPartOf\":{\"@id\":\"https:\/\/now-news.de\/de\/deutschland\/schulstreiker-leben-in-frieden-kann-nur-gegen-die-bundesregierung-durchgesetzt-werden\/\"},\"author\":{\"name\":\"rtnews\",\"@id\":\"https:\/\/now-news.de\/de\/#\/schema\/person\/fb534a4e865501d8b3285208df34a9b5\"},\"headline\":\"Schulstreiker: &quot;Leben in Frieden kann nur gegen die Bundesregierung durchgesetzt werden!&quot;\",\"datePublished\":\"2026-03-05T19:40:27+00:00\",\"dateModified\":\"2026-03-05T19:40:27+00:00\",\"mainEntityOfPage\":{\"@id\":\"https:\/\/now-news.de\/de\/deutschland\/schulstreiker-leben-in-frieden-kann-nur-gegen-die-bundesregierung-durchgesetzt-werden\/\"},\"wordCount\":728,\"commentCount\":0,\"publisher\":{\"@id\":\"https:\/\/now-news.de\/de\/#organization\"},\"image\":{\"@id\":\"https:\/\/now-news.de\/de\/deutschland\/schulstreiker-leben-in-frieden-kann-nur-gegen-die-bundesregierung-durchgesetzt-werden\/#primaryimage\"},\"thumbnailUrl\":\"https:\/\/now-news.de\/de\/wp-content\/uploads\/sites\/3\/2026\/03\/Schulstreiker-quotLeben-in-Frieden-kann-nur-gegen-die-Bundesregierung-durchgesetzt.jpg\",\"keywords\":[\"Bundesregierung\",\"die\",\"durchgesetzt\",\"Frieden\",\"gegen\",\"kann\",\"NUR\",\"quotLeben\",\"Schulstreiker\",\"werdenquot\"],\"articleSection\":[\"Deutschland\",\"Russland\"],\"inLanguage\":\"de\",\"potentialAction\":[{\"@type\":\"CommentAction\",\"name\":\"Comment\",\"target\":[\"https:\/\/now-news.de\/de\/deutschland\/schulstreiker-leben-in-frieden-kann-nur-gegen-die-bundesregierung-durchgesetzt-werden\/#respond\"]}]},{\"@type\":\"WebPage\",\"@id\":\"https:\/\/now-news.de\/de\/deutschland\/schulstreiker-leben-in-frieden-kann-nur-gegen-die-bundesregierung-durchgesetzt-werden\/\",\"url\":\"https:\/\/now-news.de\/de\/deutschland\/schulstreiker-leben-in-frieden-kann-nur-gegen-die-bundesregierung-durchgesetzt-werden\/\",\"name\":\"Schulstreiker: &quot;Leben in Frieden kann nur gegen die Bundesregierung durchgesetzt werden!&quot; - just-now.NEWS Deutschland\",\"isPartOf\":{\"@id\":\"https:\/\/now-news.de\/de\/#website\"},\"primaryImageOfPage\":{\"@id\":\"https:\/\/now-news.de\/de\/deutschland\/schulstreiker-leben-in-frieden-kann-nur-gegen-die-bundesregierung-durchgesetzt-werden\/#primaryimage\"},\"image\":{\"@id\":\"https:\/\/now-news.de\/de\/deutschland\/schulstreiker-leben-in-frieden-kann-nur-gegen-die-bundesregierung-durchgesetzt-werden\/#primaryimage\"},\"thumbnailUrl\":\"https:\/\/now-news.de\/de\/wp-content\/uploads\/sites\/3\/2026\/03\/Schulstreiker-quotLeben-in-Frieden-kann-nur-gegen-die-Bundesregierung-durchgesetzt.jpg\",\"datePublished\":\"2026-03-05T19:40:27+00:00\",\"dateModified\":\"2026-03-05T19:40:27+00:00\",\"breadcrumb\":{\"@id\":\"https:\/\/now-news.de\/de\/deutschland\/schulstreiker-leben-in-frieden-kann-nur-gegen-die-bundesregierung-durchgesetzt-werden\/#breadcrumb\"},\"inLanguage\":\"de\",\"potentialAction\":[{\"@type\":\"ReadAction\",\"target\":[\"https:\/\/now-news.de\/de\/deutschland\/schulstreiker-leben-in-frieden-kann-nur-gegen-die-bundesregierung-durchgesetzt-werden\/\"]}]},{\"@type\":\"ImageObject\",\"inLanguage\":\"de\",\"@id\":\"https:\/\/now-news.de\/de\/deutschland\/schulstreiker-leben-in-frieden-kann-nur-gegen-die-bundesregierung-durchgesetzt-werden\/#primaryimage\",\"url\":\"https:\/\/now-news.de\/de\/wp-content\/uploads\/sites\/3\/2026\/03\/Schulstreiker-quotLeben-in-Frieden-kann-nur-gegen-die-Bundesregierung-durchgesetzt.jpg\",\"contentUrl\":\"https:\/\/now-news.de\/de\/wp-content\/uploads\/sites\/3\/2026\/03\/Schulstreiker-quotLeben-in-Frieden-kann-nur-gegen-die-Bundesregierung-durchgesetzt.jpg\",\"width\":1280,\"height\":960,\"caption\":\"Schulstreiker: &quot;Leben in Frieden kann nur gegen die Bundesregierung durchgesetzt werden!&quot;\"},{\"@type\":\"BreadcrumbList\",\"@id\":\"https:\/\/now-news.de\/de\/deutschland\/schulstreiker-leben-in-frieden-kann-nur-gegen-die-bundesregierung-durchgesetzt-werden\/#breadcrumb\",\"itemListElement\":[{\"@type\":\"ListItem\",\"position\":1,\"name\":\"Home\",\"item\":\"https:\/\/now-news.de\/de\/\"},{\"@type\":\"ListItem\",\"position\":2,\"name\":\"Schulstreiker: &quot;Leben in Frieden kann nur gegen die Bundesregierung durchgesetzt werden!&quot;\"}]},{\"@type\":\"WebSite\",\"@id\":\"https:\/\/now-news.de\/de\/#website\",\"url\":\"https:\/\/now-news.de\/de\/\",\"name\":\"just-now.NEWS Deutschland\",\"description\":\"Das Portal f\u00fcr unzensierte Nachrichten aus der Welt\",\"publisher\":{\"@id\":\"https:\/\/now-news.de\/de\/#organization\"},\"potentialAction\":[{\"@type\":\"SearchAction\",\"target\":{\"@type\":\"EntryPoint\",\"urlTemplate\":\"https:\/\/now-news.de\/de\/?s={search_term_string}\"},\"query-input\":\"required name=search_term_string\"}],\"inLanguage\":\"de\"},{\"@type\":\"Organization\",\"@id\":\"https:\/\/now-news.de\/de\/#organization\",\"name\":\"Just Now News\",\"url\":\"https:\/\/now-news.de\/de\/\",\"logo\":{\"@type\":\"ImageObject\",\"inLanguage\":\"de\",\"@id\":\"https:\/\/now-news.de\/de\/#\/schema\/logo\/image\/\",\"url\":\"http:\/\/just-now.news\/de\/wp-content\/uploads\/sites\/3\/2022\/04\/logo500x500.jpg\",\"contentUrl\":\"http:\/\/just-now.news\/de\/wp-content\/uploads\/sites\/3\/2022\/04\/logo500x500.jpg\",\"width\":500,\"height\":500,\"caption\":\"Just Now News\"},\"image\":{\"@id\":\"https:\/\/now-news.de\/de\/#\/schema\/logo\/image\/\"},\"sameAs\":[\"https:\/\/www.facebook.com\/wirmachenauf\",\"https:\/\/x.com\/WirMachenAuf_de\"]},{\"@type\":\"Person\",\"@id\":\"https:\/\/now-news.de\/de\/#\/schema\/person\/fb534a4e865501d8b3285208df34a9b5\",\"name\":\"rtnews\",\"image\":{\"@type\":\"ImageObject\",\"inLanguage\":\"de\",\"@id\":\"https:\/\/now-news.de\/de\/#\/schema\/person\/image\/\",\"url\":\"https:\/\/secure.gravatar.com\/avatar\/82aafea7d8127119dd649515f56e2117?s=96&d=mm&r=g\",\"contentUrl\":\"https:\/\/secure.gravatar.com\/avatar\/82aafea7d8127119dd649515f56e2117?s=96&d=mm&r=g\",\"caption\":\"rtnews\"},\"url\":\"https:\/\/now-news.de\/de\/author\/rnews\/\"}]}<\/script>\n<!-- \/ Yoast SEO Premium plugin. -->","yoast_head_json":{"title":"Schulstreiker: &quot;Leben in Frieden kann nur gegen die Bundesregierung durchgesetzt werden!&quot; - just-now.NEWS Deutschland","robots":{"index":"index","follow":"follow","max-snippet":"max-snippet:-1","max-image-preview":"max-image-preview:large","max-video-preview":"max-video-preview:-1"},"canonical":"https:\/\/now-news.de\/de\/deutschland\/schulstreiker-leben-in-frieden-kann-nur-gegen-die-bundesregierung-durchgesetzt-werden\/","og_locale":"de_DE","og_type":"article","og_title":"Schulstreiker: &quot;Leben in Frieden kann nur gegen die Bundesregierung durchgesetzt werden!&quot;","og_description":"&#8220;Unser Leben in Frieden kann nur gegen die deutsche Bundesregierung, gegen die EU, gegen die NATO und gegen die Gro\u00dfkonzerne, die von diesen Kriegen profitieren, durchgesetzt werden&#8221;, erkl\u00e4rte ein jugendlicher Redner auf der Schulstreik-Kundgebung in K\u00f6ln. Von Felicitas Rabe Am Donnerstag protestierten Jugendliche und Friedensaktivisten zum zweiten Mal in einer koordinierten Aktion bundesweit gegen die [&hellip;]","og_url":"https:\/\/now-news.de\/de\/deutschland\/schulstreiker-leben-in-frieden-kann-nur-gegen-die-bundesregierung-durchgesetzt-werden\/","og_site_name":"just-now.NEWS Deutschland","article_publisher":"https:\/\/www.facebook.com\/wirmachenauf","article_published_time":"2026-03-05T19:40:27+00:00","og_image":[{"url":"https:\/\/now-news.de\/de\/wp-content\/uploads\/sites\/3\/2026\/03\/69a9bd39b480cc2add39ab23.jpg"}],"author":"rtnews","twitter_card":"summary_large_image","twitter_creator":"@WirMachenAuf_de","twitter_site":"@WirMachenAuf_de","twitter_misc":{"Verfasst von":"rtnews","Gesch\u00e4tzte Lesezeit":"4\u00a0Minuten"},"schema":{"@context":"https:\/\/schema.org","@graph":[{"@type":"Article","@id":"https:\/\/now-news.de\/de\/deutschland\/schulstreiker-leben-in-frieden-kann-nur-gegen-die-bundesregierung-durchgesetzt-werden\/#article","isPartOf":{"@id":"https:\/\/now-news.de\/de\/deutschland\/schulstreiker-leben-in-frieden-kann-nur-gegen-die-bundesregierung-durchgesetzt-werden\/"},"author":{"name":"rtnews","@id":"https:\/\/now-news.de\/de\/#\/schema\/person\/fb534a4e865501d8b3285208df34a9b5"},"headline":"Schulstreiker: &quot;Leben in Frieden kann nur gegen die Bundesregierung durchgesetzt werden!&quot;","datePublished":"2026-03-05T19:40:27+00:00","dateModified":"2026-03-05T19:40:27+00:00","mainEntityOfPage":{"@id":"https:\/\/now-news.de\/de\/deutschland\/schulstreiker-leben-in-frieden-kann-nur-gegen-die-bundesregierung-durchgesetzt-werden\/"},"wordCount":728,"commentCount":0,"publisher":{"@id":"https:\/\/now-news.de\/de\/#organization"},"image":{"@id":"https:\/\/now-news.de\/de\/deutschland\/schulstreiker-leben-in-frieden-kann-nur-gegen-die-bundesregierung-durchgesetzt-werden\/#primaryimage"},"thumbnailUrl":"https:\/\/now-news.de\/de\/wp-content\/uploads\/sites\/3\/2026\/03\/Schulstreiker-quotLeben-in-Frieden-kann-nur-gegen-die-Bundesregierung-durchgesetzt.jpg","keywords":["Bundesregierung","die","durchgesetzt","Frieden","gegen","kann","NUR","quotLeben","Schulstreiker","werdenquot"],"articleSection":["Deutschland","Russland"],"inLanguage":"de","potentialAction":[{"@type":"CommentAction","name":"Comment","target":["https:\/\/now-news.de\/de\/deutschland\/schulstreiker-leben-in-frieden-kann-nur-gegen-die-bundesregierung-durchgesetzt-werden\/#respond"]}]},{"@type":"WebPage","@id":"https:\/\/now-news.de\/de\/deutschland\/schulstreiker-leben-in-frieden-kann-nur-gegen-die-bundesregierung-durchgesetzt-werden\/","url":"https:\/\/now-news.de\/de\/deutschland\/schulstreiker-leben-in-frieden-kann-nur-gegen-die-bundesregierung-durchgesetzt-werden\/","name":"Schulstreiker: &quot;Leben in Frieden kann nur gegen die Bundesregierung durchgesetzt werden!&quot; - just-now.NEWS Deutschland","isPartOf":{"@id":"https:\/\/now-news.de\/de\/#website"},"primaryImageOfPage":{"@id":"https:\/\/now-news.de\/de\/deutschland\/schulstreiker-leben-in-frieden-kann-nur-gegen-die-bundesregierung-durchgesetzt-werden\/#primaryimage"},"image":{"@id":"https:\/\/now-news.de\/de\/deutschland\/schulstreiker-leben-in-frieden-kann-nur-gegen-die-bundesregierung-durchgesetzt-werden\/#primaryimage"},"thumbnailUrl":"https:\/\/now-news.de\/de\/wp-content\/uploads\/sites\/3\/2026\/03\/Schulstreiker-quotLeben-in-Frieden-kann-nur-gegen-die-Bundesregierung-durchgesetzt.jpg","datePublished":"2026-03-05T19:40:27+00:00","dateModified":"2026-03-05T19:40:27+00:00","breadcrumb":{"@id":"https:\/\/now-news.de\/de\/deutschland\/schulstreiker-leben-in-frieden-kann-nur-gegen-die-bundesregierung-durchgesetzt-werden\/#breadcrumb"},"inLanguage":"de","potentialAction":[{"@type":"ReadAction","target":["https:\/\/now-news.de\/de\/deutschland\/schulstreiker-leben-in-frieden-kann-nur-gegen-die-bundesregierung-durchgesetzt-werden\/"]}]},{"@type":"ImageObject","inLanguage":"de","@id":"https:\/\/now-news.de\/de\/deutschland\/schulstreiker-leben-in-frieden-kann-nur-gegen-die-bundesregierung-durchgesetzt-werden\/#primaryimage","url":"https:\/\/now-news.de\/de\/wp-content\/uploads\/sites\/3\/2026\/03\/Schulstreiker-quotLeben-in-Frieden-kann-nur-gegen-die-Bundesregierung-durchgesetzt.jpg","contentUrl":"https:\/\/now-news.de\/de\/wp-content\/uploads\/sites\/3\/2026\/03\/Schulstreiker-quotLeben-in-Frieden-kann-nur-gegen-die-Bundesregierung-durchgesetzt.jpg","width":1280,"height":960,"caption":"Schulstreiker: &quot;Leben in Frieden kann nur gegen die Bundesregierung durchgesetzt werden!&quot;"},{"@type":"BreadcrumbList","@id":"https:\/\/now-news.de\/de\/deutschland\/schulstreiker-leben-in-frieden-kann-nur-gegen-die-bundesregierung-durchgesetzt-werden\/#breadcrumb","itemListElement":[{"@type":"ListItem","position":1,"name":"Home","item":"https:\/\/now-news.de\/de\/"},{"@type":"ListItem","position":2,"name":"Schulstreiker: &quot;Leben in Frieden kann nur gegen die Bundesregierung durchgesetzt werden!&quot;"}]},{"@type":"WebSite","@id":"https:\/\/now-news.de\/de\/#website","url":"https:\/\/now-news.de\/de\/","name":"just-now.NEWS Deutschland","description":"Das Portal f\u00fcr unzensierte Nachrichten aus der Welt","publisher":{"@id":"https:\/\/now-news.de\/de\/#organization"},"potentialAction":[{"@type":"SearchAction","target":{"@type":"EntryPoint","urlTemplate":"https:\/\/now-news.de\/de\/?s={search_term_string}"},"query-input":"required name=search_term_string"}],"inLanguage":"de"},{"@type":"Organization","@id":"https:\/\/now-news.de\/de\/#organization","name":"Just Now News","url":"https:\/\/now-news.de\/de\/","logo":{"@type":"ImageObject","inLanguage":"de","@id":"https:\/\/now-news.de\/de\/#\/schema\/logo\/image\/","url":"http:\/\/just-now.news\/de\/wp-content\/uploads\/sites\/3\/2022\/04\/logo500x500.jpg","contentUrl":"http:\/\/just-now.news\/de\/wp-content\/uploads\/sites\/3\/2022\/04\/logo500x500.jpg","width":500,"height":500,"caption":"Just Now News"},"image":{"@id":"https:\/\/now-news.de\/de\/#\/schema\/logo\/image\/"},"sameAs":["https:\/\/www.facebook.com\/wirmachenauf","https:\/\/x.com\/WirMachenAuf_de"]},{"@type":"Person","@id":"https:\/\/now-news.de\/de\/#\/schema\/person\/fb534a4e865501d8b3285208df34a9b5","name":"rtnews","image":{"@type":"ImageObject","inLanguage":"de","@id":"https:\/\/now-news.de\/de\/#\/schema\/person\/image\/","url":"https:\/\/secure.gravatar.com\/avatar\/82aafea7d8127119dd649515f56e2117?s=96&d=mm&r=g","contentUrl":"https:\/\/secure.gravatar.com\/avatar\/82aafea7d8127119dd649515f56e2117?s=96&d=mm&r=g","caption":"rtnews"},"url":"https:\/\/now-news.de\/de\/author\/rnews\/"}]}},"_links":{"self":[{"href":"https:\/\/now-news.de\/de\/wp-json\/wp\/v2\/posts\/99865"}],"collection":[{"href":"https:\/\/now-news.de\/de\/wp-json\/wp\/v2\/posts"}],"about":[{"href":"https:\/\/now-news.de\/de\/wp-json\/wp\/v2\/types\/post"}],"author":[{"embeddable":true,"href":"https:\/\/now-news.de\/de\/wp-json\/wp\/v2\/users\/3"}],"replies":[{"embeddable":true,"href":"https:\/\/now-news.de\/de\/wp-json\/wp\/v2\/comments?post=99865"}],"version-history":[{"count":0,"href":"https:\/\/now-news.de\/de\/wp-json\/wp\/v2\/posts\/99865\/revisions"}],"wp:featuredmedia":[{"embeddable":true,"href":"https:\/\/now-news.de\/de\/wp-json\/wp\/v2\/media\/99866"}],"wp:attachment":[{"href":"https:\/\/now-news.de\/de\/wp-json\/wp\/v2\/media?parent=99865"}],"wp:term":[{"taxonomy":"category","embeddable":true,"href":"https:\/\/now-news.de\/de\/wp-json\/wp\/v2\/categories?post=99865"},{"taxonomy":"post_tag","embeddable":true,"href":"https:\/\/now-news.de\/de\/wp-json\/wp\/v2\/tags?post=99865"}],"curies":[{"name":"wp","href":"https:\/\/api.w.org\/{rel}","templated":true}]}}