{"id":99843,"date":"2026-03-05T14:24:46","date_gmt":"2026-03-05T12:24:46","guid":{"rendered":"https:\/\/now-news.de\/de\/deutschland\/is-messerattentaeter-vom-berliner-holocaust-mahnmal-muss-13-jahre-ins-gefaengnis\/"},"modified":"2026-03-05T14:24:46","modified_gmt":"2026-03-05T12:24:46","slug":"is-messerattentaeter-vom-berliner-holocaust-mahnmal-muss-13-jahre-ins-gefaengnis","status":"publish","type":"post","link":"https:\/\/now-news.de\/de\/deutschland\/is-messerattentaeter-vom-berliner-holocaust-mahnmal-muss-13-jahre-ins-gefaengnis\/","title":{"rendered":"IS-Messerattent\u00e4ter vom Berliner Holocaust-Mahnmal muss 13 Jahre ins Gef\u00e4ngnis"},"content":{"rendered":"<p><img decoding=\"async\" src=\"https:\/\/now-news.de\/de\/wp-content\/uploads\/sites\/3\/2026\/03\/69a95d1748fbef225c061af6.jpg\" \/><\/p>\n<div class=\"Text-root Text-type_1 \">\n                Rund ein Jahr nach dem mutwilligen Messerangriff auf einen spanischen Touristen am Holocaust-Mahnmal in Berlin ist der sich zum IS bekennende T\u00e4ter zu einer Haftstrafe von 13 Jahren verurteilt worden.\n            <\/div>\n<p><\/p>\n<div class=\"Text-root Text-type_5 ArticleView-text ViewText-root \">\n<p>Ein 20-j\u00e4hriger Syrer, der im Februar des Vorjahres in Berlin einen spanischen Touristen am\u00a0 Holocaust-Mahnmal lebensgef\u00e4hrlich mit dem Messer verletzt hatte, wurde vom\u00a0Kammergericht der Hauptstadt zu einer dreizehnj\u00e4hrigen Haftstrafe verurteilt.\u00a0Die Bundesanwaltschaft hatte eine lebenslange Haftstrafe beantragt. Das zust\u00e4ndige Gericht wertete die Tat &#8220;als radikal-islamistisch&#8221;. Der Verurteilte war\u00a0im Jahr 2023 als unbegleiteter minderj\u00e4hriger Fl\u00fcchtling nach Deutschland gekommen.<\/p>\n<p>Am 20. November des Vorjahres begann vor dem 1. Senat des Kammergerichts, dem sogenannten Staatsschutzsenat, das Verfahren gegen Wassim Al M. Dem Angeklagten, der zuletzt in Leipzig wohnhaft war, wurde von der zust\u00e4ndigen Bundesanwaltschaft vorgeworfen, am 21. Februar 2025 &#8220;im Stelenfeld des Denkmals f\u00fcr die ermordeten Juden Europas in Berlin-Mitte einen islamistisch und antisemitisch motivierten Messerangriff auf einen Besucher ver\u00fcbt zu haben&#8221;, so der Wortlaut der Anklage.<\/p>\n<p>Die zust\u00e4ndige\u00a0Bundesanwaltschaft forderte laut Medien eine lebenslange Freiheitsstrafe f\u00fcr den Angeklagten. Zur Begr\u00fcndung hei\u00dft es, die Messerattacke war ein &#8220;feiger und hinterh\u00e4ltiger Angriff&#8221; sowie &#8220;eine radikal-islamistisch und antisemitisch motivierte Tat&#8221;. Der Verteidiger des 20-J\u00e4hrigen pl\u00e4dierte zum Ende des Verfahrens &#8220;auf eine Jugendstrafe von sieben Jahren&#8221;.<\/p>\n<p>Das Berliner Kammergericht verk\u00fcndete nun am 5. M\u00e4rz seine Entscheidung. Dazu <a rel=\"nofollow noopener\" target=\"_blank\" href=\"https:\/\/www.rbb24.de\/politik\/beitrag\/2026\/03\/urteil-messerattacke-holocaust-mahnmal.html\">berichtet<\/a> der rbb:<\/p>\n<p><em>&#8220;13 Jahre Haft f\u00fcr Messerattacke an Berliner Holocaust-Mahnmal.\u00a0Das Kammergericht der Hauptstadt wertete die Tat als radikal-islamistisch. Es sprach den 20-j\u00e4hrigen Syrer am Mittwoch unter anderem des versuchten Mordes und der versuchten Mitgliedschaft in einer terroristischen Vereinigung im Ausland schuldig.&#8221;<\/em><\/p>\n<p>Laut Prozessbeobachtern\u00a0hatte der Messert\u00e4ter vor Gericht bereits zugegeben, &#8220;einen Menschen gegriffen&#8221; und ihm &#8220;einen gro\u00dfen Schnitt versetzt zu haben&#8221;. Weiter erkl\u00e4rte er: &#8220;Schon eine Sekunde nach der Tat bereute ich.&#8221;<\/p>\n<p>Zu dem Opfer, einem spanischen Touristen, lauten die Informationen:<\/p>\n<p><em>&#8220;Der Spanier \u00fcberlebte nur knapp. Bis heute ist er nicht in der Lage zu arbeiten und in psychologischer Behandlung. Er war in dem Verfahren Nebenkl\u00e4ger.&#8221;<\/em><\/p>\n<p>Das Verfahren habe gekl\u00e4rt, dass der T\u00e4ter bewusst im Februar des Vorjahres aus Leipzig nach Berlin gereist war, &#8220;um im Namen des sogenannten Islamischen Staats (IS) einen Angriff auf einen Menschen zu begehen&#8221;, so die Staatsanwaltschaft vortragend. Gezielt habe er dann sich das Holocaust-Mahnmal unweit des Brandenburger Tors ausgesucht &#8220;und sich dem IS \u00fcber eine Messengerkommunikation als Mitglied angedient&#8221;, so die Anklagevertretung in ihrem Pl\u00e4doyer.<\/p>\n<p>Im Stelenfeld habe er dem inzwischen 31-j\u00e4hrigen Spanier in gezielter T\u00f6tungsabsicht &#8220;einen langen Schnitt an der Kehle&#8221; zugef\u00fcgt.<\/p>\n<p>Auf der Webseite &#8220;<a rel=\"nofollow noopener\" target=\"_blank\" href=\"https:\/\/messerinzidenz.de\/\">Messerinzidenz<\/a>&#8221; wurden seit Jahresbeginn bis einschlie\u00dflich 5. M\u00e4rz rund 613 Vorf\u00e4lle gemeldet, die durch Medien oder Polizeiberichte zum Thema &#8220;Messerangriffe&#8221; recherchierbar sind.<\/p>\n<p><strong>Mehr zum Thema\u00a0<\/strong>\u2013\u00a0<a rel=\"nofollow noopener\" target=\"_blank\" href=\"https:\/\/freedert.online\/inland\/272008-justizbelastung-immer-mehr-fluechtlinge-klagen\/\">Justizbelastung \u2013 Immer mehr Fl\u00fcchtlinge klagen gegen abgelehnte Asylbescheide <\/a><\/p>\n<div class=\"EmbedBlock-root EmbedBlock-externalVideo EmbedBlock-rumble\">\n<div class=\"VkEmbed\"><iframe class=\"lazyload\" data-src=\"https:\/\/rumble.com\/embed\/v74fn8o\" frameborder=\"0\" width=\"853\" height=\"480\" allowfullscreen><\/iframe><\/div>\n<\/div>\n<\/div>\n<p><br \/>\n<br \/><a href=\"https:\/\/de.rt.com\/inland\/272167-is-messertaeter-vom-berliner-holocaust\/\">Source link <\/a><\/p>\n","protected":false},"excerpt":{"rendered":"<p>Rund ein Jahr nach dem mutwilligen Messerangriff auf einen spanischen Touristen am Holocaust-Mahnmal in Berlin ist der sich zum IS bekennende T\u00e4ter zu einer Haftstrafe von 13 Jahren verurteilt worden. Ein 20-j\u00e4hriger Syrer, der im Februar des Vorjahres in Berlin einen spanischen Touristen am\u00a0 Holocaust-Mahnmal lebensgef\u00e4hrlich mit dem Messer verletzt hatte, wurde vom\u00a0Kammergericht der Hauptstadt [&hellip;]<\/p>\n","protected":false},"author":3,"featured_media":99844,"comment_status":"open","ping_status":"open","sticky":false,"template":"","format":"standard","meta":{"_yoast_indexnow_last_ping":["1772714358"],"wp_automatic_camp":["217"],"1423f98b8755c532abf8b68d9ce3a32a":["IS-Messerattent\u00e4ter vom Berliner Holocaust-Mahnmal muss 13 Jahre ins Gef\u00e4ngnis"],"original_link":["https:\/\/de.rt.com\/inland\/272167-is-messertaeter-vom-berliner-holocaust\/"],"_thumbnail_id":["99844"],"jnews_social_counter_last_update":["1777339319"],"_wptgpro_p2tg_sent2tg":["a:1:{i:23737;s:19:\"2026-03-05 14:40:21\";}"]},"categories":[19,23],"tags":[9101,7567,62942,1678,71602,7530,534,1010],"yoast_head":"<!-- This site is optimized with the Yoast SEO Premium plugin v22.7 (Yoast SEO v22.7) - https:\/\/yoast.com\/wordpress\/plugins\/seo\/ -->\n<title>IS-Messerattent\u00e4ter vom Berliner Holocaust-Mahnmal muss 13 Jahre ins Gef\u00e4ngnis - just-now.NEWS Deutschland<\/title>\n<meta name=\"robots\" content=\"index, follow, max-snippet:-1, max-image-preview:large, max-video-preview:-1\" \/>\n<link rel=\"canonical\" href=\"https:\/\/now-news.de\/de\/deutschland\/is-messerattentaeter-vom-berliner-holocaust-mahnmal-muss-13-jahre-ins-gefaengnis\/\" \/>\n<meta property=\"og:locale\" content=\"de_DE\" \/>\n<meta property=\"og:type\" content=\"article\" \/>\n<meta property=\"og:title\" content=\"IS-Messerattent\u00e4ter vom Berliner Holocaust-Mahnmal muss 13 Jahre ins Gef\u00e4ngnis\" \/>\n<meta property=\"og:description\" content=\"Rund ein Jahr nach dem mutwilligen Messerangriff auf einen spanischen Touristen am Holocaust-Mahnmal in Berlin ist der sich zum IS bekennende T\u00e4ter zu einer Haftstrafe von 13 Jahren verurteilt worden. Ein 20-j\u00e4hriger Syrer, der im Februar des Vorjahres in Berlin einen spanischen Touristen am\u00a0 Holocaust-Mahnmal lebensgef\u00e4hrlich mit dem Messer verletzt hatte, wurde vom\u00a0Kammergericht der Hauptstadt [&hellip;]\" \/>\n<meta property=\"og:url\" content=\"https:\/\/now-news.de\/de\/deutschland\/is-messerattentaeter-vom-berliner-holocaust-mahnmal-muss-13-jahre-ins-gefaengnis\/\" \/>\n<meta property=\"og:site_name\" content=\"just-now.NEWS Deutschland\" \/>\n<meta property=\"article:publisher\" content=\"https:\/\/www.facebook.com\/wirmachenauf\" \/>\n<meta property=\"article:published_time\" content=\"2026-03-05T12:24:46+00:00\" \/>\n<meta property=\"og:image\" content=\"https:\/\/now-news.de\/de\/wp-content\/uploads\/sites\/3\/2026\/03\/69a95d1748fbef225c061af6.jpg\" \/>\n<meta name=\"author\" content=\"rtnews\" \/>\n<meta name=\"twitter:card\" content=\"summary_large_image\" \/>\n<meta name=\"twitter:creator\" content=\"@WirMachenAuf_de\" \/>\n<meta name=\"twitter:site\" content=\"@WirMachenAuf_de\" \/>\n<meta name=\"twitter:label1\" content=\"Verfasst von\" \/>\n\t<meta name=\"twitter:data1\" content=\"rtnews\" \/>\n\t<meta name=\"twitter:label2\" content=\"Gesch\u00e4tzte Lesezeit\" \/>\n\t<meta name=\"twitter:data2\" content=\"2\u00a0Minuten\" \/>\n<script type=\"application\/ld+json\" class=\"yoast-schema-graph\">{\"@context\":\"https:\/\/schema.org\",\"@graph\":[{\"@type\":\"Article\",\"@id\":\"https:\/\/now-news.de\/de\/deutschland\/is-messerattentaeter-vom-berliner-holocaust-mahnmal-muss-13-jahre-ins-gefaengnis\/#article\",\"isPartOf\":{\"@id\":\"https:\/\/now-news.de\/de\/deutschland\/is-messerattentaeter-vom-berliner-holocaust-mahnmal-muss-13-jahre-ins-gefaengnis\/\"},\"author\":{\"name\":\"rtnews\",\"@id\":\"https:\/\/now-news.de\/de\/#\/schema\/person\/fb534a4e865501d8b3285208df34a9b5\"},\"headline\":\"IS-Messerattent\u00e4ter vom Berliner Holocaust-Mahnmal muss 13 Jahre ins Gef\u00e4ngnis\",\"datePublished\":\"2026-03-05T12:24:46+00:00\",\"dateModified\":\"2026-03-05T12:24:46+00:00\",\"mainEntityOfPage\":{\"@id\":\"https:\/\/now-news.de\/de\/deutschland\/is-messerattentaeter-vom-berliner-holocaust-mahnmal-muss-13-jahre-ins-gefaengnis\/\"},\"wordCount\":478,\"commentCount\":0,\"publisher\":{\"@id\":\"https:\/\/now-news.de\/de\/#organization\"},\"image\":{\"@id\":\"https:\/\/now-news.de\/de\/deutschland\/is-messerattentaeter-vom-berliner-holocaust-mahnmal-muss-13-jahre-ins-gefaengnis\/#primaryimage\"},\"thumbnailUrl\":\"https:\/\/now-news.de\/de\/wp-content\/uploads\/sites\/3\/2026\/03\/IS-Messerattentaeter-vom-Berliner-Holocaust-Mahnmal-muss-13-Jahre-ins-Gefaengnis.jpg\",\"keywords\":[\"Berliner\",\"Gef\u00e4ngnis\",\"HolocaustMahnmal\",\"ins\",\"ISMesserattent\u00e4ter\",\"Jahre\",\"muss\",\"vom\"],\"articleSection\":[\"Deutschland\",\"Russland\"],\"inLanguage\":\"de\",\"potentialAction\":[{\"@type\":\"CommentAction\",\"name\":\"Comment\",\"target\":[\"https:\/\/now-news.de\/de\/deutschland\/is-messerattentaeter-vom-berliner-holocaust-mahnmal-muss-13-jahre-ins-gefaengnis\/#respond\"]}]},{\"@type\":\"WebPage\",\"@id\":\"https:\/\/now-news.de\/de\/deutschland\/is-messerattentaeter-vom-berliner-holocaust-mahnmal-muss-13-jahre-ins-gefaengnis\/\",\"url\":\"https:\/\/now-news.de\/de\/deutschland\/is-messerattentaeter-vom-berliner-holocaust-mahnmal-muss-13-jahre-ins-gefaengnis\/\",\"name\":\"IS-Messerattent\u00e4ter vom Berliner Holocaust-Mahnmal muss 13 Jahre ins Gef\u00e4ngnis - just-now.NEWS Deutschland\",\"isPartOf\":{\"@id\":\"https:\/\/now-news.de\/de\/#website\"},\"primaryImageOfPage\":{\"@id\":\"https:\/\/now-news.de\/de\/deutschland\/is-messerattentaeter-vom-berliner-holocaust-mahnmal-muss-13-jahre-ins-gefaengnis\/#primaryimage\"},\"image\":{\"@id\":\"https:\/\/now-news.de\/de\/deutschland\/is-messerattentaeter-vom-berliner-holocaust-mahnmal-muss-13-jahre-ins-gefaengnis\/#primaryimage\"},\"thumbnailUrl\":\"https:\/\/now-news.de\/de\/wp-content\/uploads\/sites\/3\/2026\/03\/IS-Messerattentaeter-vom-Berliner-Holocaust-Mahnmal-muss-13-Jahre-ins-Gefaengnis.jpg\",\"datePublished\":\"2026-03-05T12:24:46+00:00\",\"dateModified\":\"2026-03-05T12:24:46+00:00\",\"breadcrumb\":{\"@id\":\"https:\/\/now-news.de\/de\/deutschland\/is-messerattentaeter-vom-berliner-holocaust-mahnmal-muss-13-jahre-ins-gefaengnis\/#breadcrumb\"},\"inLanguage\":\"de\",\"potentialAction\":[{\"@type\":\"ReadAction\",\"target\":[\"https:\/\/now-news.de\/de\/deutschland\/is-messerattentaeter-vom-berliner-holocaust-mahnmal-muss-13-jahre-ins-gefaengnis\/\"]}]},{\"@type\":\"ImageObject\",\"inLanguage\":\"de\",\"@id\":\"https:\/\/now-news.de\/de\/deutschland\/is-messerattentaeter-vom-berliner-holocaust-mahnmal-muss-13-jahre-ins-gefaengnis\/#primaryimage\",\"url\":\"https:\/\/now-news.de\/de\/wp-content\/uploads\/sites\/3\/2026\/03\/IS-Messerattentaeter-vom-Berliner-Holocaust-Mahnmal-muss-13-Jahre-ins-Gefaengnis.jpg\",\"contentUrl\":\"https:\/\/now-news.de\/de\/wp-content\/uploads\/sites\/3\/2026\/03\/IS-Messerattentaeter-vom-Berliner-Holocaust-Mahnmal-muss-13-Jahre-ins-Gefaengnis.jpg\",\"width\":460,\"height\":259,\"caption\":\"IS-Messerattent\u00e4ter vom Berliner Holocaust-Mahnmal muss 13 Jahre ins Gef\u00e4ngnis\"},{\"@type\":\"BreadcrumbList\",\"@id\":\"https:\/\/now-news.de\/de\/deutschland\/is-messerattentaeter-vom-berliner-holocaust-mahnmal-muss-13-jahre-ins-gefaengnis\/#breadcrumb\",\"itemListElement\":[{\"@type\":\"ListItem\",\"position\":1,\"name\":\"Home\",\"item\":\"https:\/\/now-news.de\/de\/\"},{\"@type\":\"ListItem\",\"position\":2,\"name\":\"IS-Messerattent\u00e4ter vom Berliner Holocaust-Mahnmal muss 13 Jahre ins Gef\u00e4ngnis\"}]},{\"@type\":\"WebSite\",\"@id\":\"https:\/\/now-news.de\/de\/#website\",\"url\":\"https:\/\/now-news.de\/de\/\",\"name\":\"just-now.NEWS Deutschland\",\"description\":\"Das Portal f\u00fcr unzensierte Nachrichten aus der Welt\",\"publisher\":{\"@id\":\"https:\/\/now-news.de\/de\/#organization\"},\"potentialAction\":[{\"@type\":\"SearchAction\",\"target\":{\"@type\":\"EntryPoint\",\"urlTemplate\":\"https:\/\/now-news.de\/de\/?s={search_term_string}\"},\"query-input\":\"required name=search_term_string\"}],\"inLanguage\":\"de\"},{\"@type\":\"Organization\",\"@id\":\"https:\/\/now-news.de\/de\/#organization\",\"name\":\"Just Now News\",\"url\":\"https:\/\/now-news.de\/de\/\",\"logo\":{\"@type\":\"ImageObject\",\"inLanguage\":\"de\",\"@id\":\"https:\/\/now-news.de\/de\/#\/schema\/logo\/image\/\",\"url\":\"http:\/\/just-now.news\/de\/wp-content\/uploads\/sites\/3\/2022\/04\/logo500x500.jpg\",\"contentUrl\":\"http:\/\/just-now.news\/de\/wp-content\/uploads\/sites\/3\/2022\/04\/logo500x500.jpg\",\"width\":500,\"height\":500,\"caption\":\"Just Now News\"},\"image\":{\"@id\":\"https:\/\/now-news.de\/de\/#\/schema\/logo\/image\/\"},\"sameAs\":[\"https:\/\/www.facebook.com\/wirmachenauf\",\"https:\/\/x.com\/WirMachenAuf_de\"]},{\"@type\":\"Person\",\"@id\":\"https:\/\/now-news.de\/de\/#\/schema\/person\/fb534a4e865501d8b3285208df34a9b5\",\"name\":\"rtnews\",\"image\":{\"@type\":\"ImageObject\",\"inLanguage\":\"de\",\"@id\":\"https:\/\/now-news.de\/de\/#\/schema\/person\/image\/\",\"url\":\"https:\/\/secure.gravatar.com\/avatar\/82aafea7d8127119dd649515f56e2117?s=96&d=mm&r=g\",\"contentUrl\":\"https:\/\/secure.gravatar.com\/avatar\/82aafea7d8127119dd649515f56e2117?s=96&d=mm&r=g\",\"caption\":\"rtnews\"},\"url\":\"https:\/\/now-news.de\/de\/author\/rnews\/\"}]}<\/script>\n<!-- \/ Yoast SEO Premium plugin. -->","yoast_head_json":{"title":"IS-Messerattent\u00e4ter vom Berliner Holocaust-Mahnmal muss 13 Jahre ins Gef\u00e4ngnis - just-now.NEWS Deutschland","robots":{"index":"index","follow":"follow","max-snippet":"max-snippet:-1","max-image-preview":"max-image-preview:large","max-video-preview":"max-video-preview:-1"},"canonical":"https:\/\/now-news.de\/de\/deutschland\/is-messerattentaeter-vom-berliner-holocaust-mahnmal-muss-13-jahre-ins-gefaengnis\/","og_locale":"de_DE","og_type":"article","og_title":"IS-Messerattent\u00e4ter vom Berliner Holocaust-Mahnmal muss 13 Jahre ins Gef\u00e4ngnis","og_description":"Rund ein Jahr nach dem mutwilligen Messerangriff auf einen spanischen Touristen am Holocaust-Mahnmal in Berlin ist der sich zum IS bekennende T\u00e4ter zu einer Haftstrafe von 13 Jahren verurteilt worden. Ein 20-j\u00e4hriger Syrer, der im Februar des Vorjahres in Berlin einen spanischen Touristen am\u00a0 Holocaust-Mahnmal lebensgef\u00e4hrlich mit dem Messer verletzt hatte, wurde vom\u00a0Kammergericht der Hauptstadt [&hellip;]","og_url":"https:\/\/now-news.de\/de\/deutschland\/is-messerattentaeter-vom-berliner-holocaust-mahnmal-muss-13-jahre-ins-gefaengnis\/","og_site_name":"just-now.NEWS Deutschland","article_publisher":"https:\/\/www.facebook.com\/wirmachenauf","article_published_time":"2026-03-05T12:24:46+00:00","og_image":[{"url":"https:\/\/now-news.de\/de\/wp-content\/uploads\/sites\/3\/2026\/03\/69a95d1748fbef225c061af6.jpg"}],"author":"rtnews","twitter_card":"summary_large_image","twitter_creator":"@WirMachenAuf_de","twitter_site":"@WirMachenAuf_de","twitter_misc":{"Verfasst von":"rtnews","Gesch\u00e4tzte Lesezeit":"2\u00a0Minuten"},"schema":{"@context":"https:\/\/schema.org","@graph":[{"@type":"Article","@id":"https:\/\/now-news.de\/de\/deutschland\/is-messerattentaeter-vom-berliner-holocaust-mahnmal-muss-13-jahre-ins-gefaengnis\/#article","isPartOf":{"@id":"https:\/\/now-news.de\/de\/deutschland\/is-messerattentaeter-vom-berliner-holocaust-mahnmal-muss-13-jahre-ins-gefaengnis\/"},"author":{"name":"rtnews","@id":"https:\/\/now-news.de\/de\/#\/schema\/person\/fb534a4e865501d8b3285208df34a9b5"},"headline":"IS-Messerattent\u00e4ter vom Berliner Holocaust-Mahnmal muss 13 Jahre ins Gef\u00e4ngnis","datePublished":"2026-03-05T12:24:46+00:00","dateModified":"2026-03-05T12:24:46+00:00","mainEntityOfPage":{"@id":"https:\/\/now-news.de\/de\/deutschland\/is-messerattentaeter-vom-berliner-holocaust-mahnmal-muss-13-jahre-ins-gefaengnis\/"},"wordCount":478,"commentCount":0,"publisher":{"@id":"https:\/\/now-news.de\/de\/#organization"},"image":{"@id":"https:\/\/now-news.de\/de\/deutschland\/is-messerattentaeter-vom-berliner-holocaust-mahnmal-muss-13-jahre-ins-gefaengnis\/#primaryimage"},"thumbnailUrl":"https:\/\/now-news.de\/de\/wp-content\/uploads\/sites\/3\/2026\/03\/IS-Messerattentaeter-vom-Berliner-Holocaust-Mahnmal-muss-13-Jahre-ins-Gefaengnis.jpg","keywords":["Berliner","Gef\u00e4ngnis","HolocaustMahnmal","ins","ISMesserattent\u00e4ter","Jahre","muss","vom"],"articleSection":["Deutschland","Russland"],"inLanguage":"de","potentialAction":[{"@type":"CommentAction","name":"Comment","target":["https:\/\/now-news.de\/de\/deutschland\/is-messerattentaeter-vom-berliner-holocaust-mahnmal-muss-13-jahre-ins-gefaengnis\/#respond"]}]},{"@type":"WebPage","@id":"https:\/\/now-news.de\/de\/deutschland\/is-messerattentaeter-vom-berliner-holocaust-mahnmal-muss-13-jahre-ins-gefaengnis\/","url":"https:\/\/now-news.de\/de\/deutschland\/is-messerattentaeter-vom-berliner-holocaust-mahnmal-muss-13-jahre-ins-gefaengnis\/","name":"IS-Messerattent\u00e4ter vom Berliner Holocaust-Mahnmal muss 13 Jahre ins Gef\u00e4ngnis - just-now.NEWS Deutschland","isPartOf":{"@id":"https:\/\/now-news.de\/de\/#website"},"primaryImageOfPage":{"@id":"https:\/\/now-news.de\/de\/deutschland\/is-messerattentaeter-vom-berliner-holocaust-mahnmal-muss-13-jahre-ins-gefaengnis\/#primaryimage"},"image":{"@id":"https:\/\/now-news.de\/de\/deutschland\/is-messerattentaeter-vom-berliner-holocaust-mahnmal-muss-13-jahre-ins-gefaengnis\/#primaryimage"},"thumbnailUrl":"https:\/\/now-news.de\/de\/wp-content\/uploads\/sites\/3\/2026\/03\/IS-Messerattentaeter-vom-Berliner-Holocaust-Mahnmal-muss-13-Jahre-ins-Gefaengnis.jpg","datePublished":"2026-03-05T12:24:46+00:00","dateModified":"2026-03-05T12:24:46+00:00","breadcrumb":{"@id":"https:\/\/now-news.de\/de\/deutschland\/is-messerattentaeter-vom-berliner-holocaust-mahnmal-muss-13-jahre-ins-gefaengnis\/#breadcrumb"},"inLanguage":"de","potentialAction":[{"@type":"ReadAction","target":["https:\/\/now-news.de\/de\/deutschland\/is-messerattentaeter-vom-berliner-holocaust-mahnmal-muss-13-jahre-ins-gefaengnis\/"]}]},{"@type":"ImageObject","inLanguage":"de","@id":"https:\/\/now-news.de\/de\/deutschland\/is-messerattentaeter-vom-berliner-holocaust-mahnmal-muss-13-jahre-ins-gefaengnis\/#primaryimage","url":"https:\/\/now-news.de\/de\/wp-content\/uploads\/sites\/3\/2026\/03\/IS-Messerattentaeter-vom-Berliner-Holocaust-Mahnmal-muss-13-Jahre-ins-Gefaengnis.jpg","contentUrl":"https:\/\/now-news.de\/de\/wp-content\/uploads\/sites\/3\/2026\/03\/IS-Messerattentaeter-vom-Berliner-Holocaust-Mahnmal-muss-13-Jahre-ins-Gefaengnis.jpg","width":460,"height":259,"caption":"IS-Messerattent\u00e4ter vom Berliner Holocaust-Mahnmal muss 13 Jahre ins Gef\u00e4ngnis"},{"@type":"BreadcrumbList","@id":"https:\/\/now-news.de\/de\/deutschland\/is-messerattentaeter-vom-berliner-holocaust-mahnmal-muss-13-jahre-ins-gefaengnis\/#breadcrumb","itemListElement":[{"@type":"ListItem","position":1,"name":"Home","item":"https:\/\/now-news.de\/de\/"},{"@type":"ListItem","position":2,"name":"IS-Messerattent\u00e4ter vom Berliner Holocaust-Mahnmal muss 13 Jahre ins Gef\u00e4ngnis"}]},{"@type":"WebSite","@id":"https:\/\/now-news.de\/de\/#website","url":"https:\/\/now-news.de\/de\/","name":"just-now.NEWS Deutschland","description":"Das Portal f\u00fcr unzensierte Nachrichten aus der Welt","publisher":{"@id":"https:\/\/now-news.de\/de\/#organization"},"potentialAction":[{"@type":"SearchAction","target":{"@type":"EntryPoint","urlTemplate":"https:\/\/now-news.de\/de\/?s={search_term_string}"},"query-input":"required name=search_term_string"}],"inLanguage":"de"},{"@type":"Organization","@id":"https:\/\/now-news.de\/de\/#organization","name":"Just Now News","url":"https:\/\/now-news.de\/de\/","logo":{"@type":"ImageObject","inLanguage":"de","@id":"https:\/\/now-news.de\/de\/#\/schema\/logo\/image\/","url":"http:\/\/just-now.news\/de\/wp-content\/uploads\/sites\/3\/2022\/04\/logo500x500.jpg","contentUrl":"http:\/\/just-now.news\/de\/wp-content\/uploads\/sites\/3\/2022\/04\/logo500x500.jpg","width":500,"height":500,"caption":"Just Now News"},"image":{"@id":"https:\/\/now-news.de\/de\/#\/schema\/logo\/image\/"},"sameAs":["https:\/\/www.facebook.com\/wirmachenauf","https:\/\/x.com\/WirMachenAuf_de"]},{"@type":"Person","@id":"https:\/\/now-news.de\/de\/#\/schema\/person\/fb534a4e865501d8b3285208df34a9b5","name":"rtnews","image":{"@type":"ImageObject","inLanguage":"de","@id":"https:\/\/now-news.de\/de\/#\/schema\/person\/image\/","url":"https:\/\/secure.gravatar.com\/avatar\/82aafea7d8127119dd649515f56e2117?s=96&d=mm&r=g","contentUrl":"https:\/\/secure.gravatar.com\/avatar\/82aafea7d8127119dd649515f56e2117?s=96&d=mm&r=g","caption":"rtnews"},"url":"https:\/\/now-news.de\/de\/author\/rnews\/"}]}},"_links":{"self":[{"href":"https:\/\/now-news.de\/de\/wp-json\/wp\/v2\/posts\/99843"}],"collection":[{"href":"https:\/\/now-news.de\/de\/wp-json\/wp\/v2\/posts"}],"about":[{"href":"https:\/\/now-news.de\/de\/wp-json\/wp\/v2\/types\/post"}],"author":[{"embeddable":true,"href":"https:\/\/now-news.de\/de\/wp-json\/wp\/v2\/users\/3"}],"replies":[{"embeddable":true,"href":"https:\/\/now-news.de\/de\/wp-json\/wp\/v2\/comments?post=99843"}],"version-history":[{"count":0,"href":"https:\/\/now-news.de\/de\/wp-json\/wp\/v2\/posts\/99843\/revisions"}],"wp:featuredmedia":[{"embeddable":true,"href":"https:\/\/now-news.de\/de\/wp-json\/wp\/v2\/media\/99844"}],"wp:attachment":[{"href":"https:\/\/now-news.de\/de\/wp-json\/wp\/v2\/media?parent=99843"}],"wp:term":[{"taxonomy":"category","embeddable":true,"href":"https:\/\/now-news.de\/de\/wp-json\/wp\/v2\/categories?post=99843"},{"taxonomy":"post_tag","embeddable":true,"href":"https:\/\/now-news.de\/de\/wp-json\/wp\/v2\/tags?post=99843"}],"curies":[{"name":"wp","href":"https:\/\/api.w.org\/{rel}","templated":true}]}}