{"id":99837,"date":"2026-03-05T11:16:11","date_gmt":"2026-03-05T09:16:11","guid":{"rendered":"https:\/\/now-news.de\/de\/deutschland\/eklat-ecuador-erklaert-alle-kubanischen-diplomaten-zu-unerwuenschten-personen\/"},"modified":"2026-03-05T11:16:11","modified_gmt":"2026-03-05T09:16:11","slug":"eklat-ecuador-erklaert-alle-kubanischen-diplomaten-zu-unerwuenschten-personen","status":"publish","type":"post","link":"https:\/\/now-news.de\/de\/deutschland\/eklat-ecuador-erklaert-alle-kubanischen-diplomaten-zu-unerwuenschten-personen\/","title":{"rendered":"Eklat: Ecuador erkl\u00e4rt alle kubanischen Diplomaten zu unerw\u00fcnschten Personen"},"content":{"rendered":"<p><img decoding=\"async\" src=\"https:\/\/now-news.de\/de\/wp-content\/uploads\/sites\/3\/2026\/03\/69a9419448fbef23d54aa4e0.jpg\" \/><\/p>\n<div class=\"Text-root Text-type_1 \">\n                Zwischen Quito und Havanna ist es zu einem diplomatischen Eklat gekommen. Ecuador erkl\u00e4rte abrupt alle kubanischen Diplomaten im Land zu &#8220;unerw\u00fcnschten Personen&#8221; und rief seinen eigenen Botschafter aus Havanna zur\u00fcck. Kuba verurteilte den Schritt als &#8220;unbegr\u00fcndet&#8221;.\n            <\/div>\n<p><\/p>\n<div class=\"Text-root Text-type_5 ArticleView-text ViewText-root \">\n<p>Ecuador hat de facto seine diplomatischen Beziehungen zu Kuba abgebrochen. Am Mittwochnachmittag (Ortszeit) erkl\u00e4rte das Au\u00dfenministerium in Quito unerwartet den kubanischen Botschafter Basilio Antonio Guti\u00e9rrez Garc\u00eda und das gesamte diplomatische Korps im Land zu &#8220;unerw\u00fcnschten Personen&#8221;. Alle Konsular- und Botschaftsmitarbeiter des Karibikstaates wurden aufgefordert, Ecuador innerhalb von 48 Stunden zu verlassen.<\/p>\n<p>In einer entsprechenden Erkl\u00e4rung vom 4. M\u00e4rz <a rel=\"nofollow noopener\" target=\"_blank\" href=\"https:\/\/x.com\/CancilleriaEc\/status\/2029305492556661020\">nannte<\/a> das s\u00fcdamerikanische Land keine genauen Gr\u00fcnde f\u00fcr seine Entscheidung. Das Au\u00dfenministerium verwies lediglich auf das V\u00f6lkerrecht und auf Artikel 9 des Wiener \u00dcbereinkommens \u00fcber diplomatische Beziehungen. Abschlie\u00dfend hie\u00df es:<\/p>\n<blockquote>\n<p><em>&#8220;Die Regierung Ecuadors best\u00e4tigt ihre Verpflichtung zur Achtung des V\u00f6lkerrechts und zum Schutz der nationalen Interessen.&#8221;<\/em><\/p>\n<\/blockquote>\n<p>Ecuadors Pr\u00e4sident Daniel Noboa ver\u00f6ffentlichte sp\u00e4ter auf der Plattform X ein Video mit dem Ausblick auf die Dachterrasse der kubanischen Botschaft in Quito. Auf der Aufnahme war zu sehen, wie eine Person offenbar Dokumente verbrannte. Der Politiker kommentierte die Bilder mit &#8220;Papier\u00a0grillen&#8221;.<\/p>\n<div class=\"EmbedBlock-root EmbedBlock-twitter\">\n<div class=\"TwitterEmbed\">\n<blockquote class=\"twitter-tweet lazyload\" data-twitter=\"twitter-tweet\">\n<p lang=\"es\" dir=\"ltr\">Parrillada de papeles. <a rel=\"nofollow noopener\" target=\"_blank\" href=\"https:\/\/t.co\/XBGz512bgi\">pic.twitter.com\/XBGz512bgi<\/a><\/p>\n<p>\u2014 Daniel Noboa Azin (@DanielNoboaOk) <a rel=\"nofollow noopener\" target=\"_blank\" href=\"https:\/\/twitter.com\/DanielNoboaOk\/status\/2029324525117034915?ref_src=twsrc%5Etfw\">March 4, 2026<\/a><\/p><\/blockquote>\n<\/div>\n<\/div>\n<p>Einen Tag zuvor hatte\u00a0der ecuadorianische Staatschef\u00a0die Funktionen von Jos\u00e9 Mar\u00eda Borja L\u00f3pez als Botschafter des s\u00fcdamerikanischen Landes in Kuba f\u00fcr beendet erkl\u00e4rt. Der Diplomat hatte dieses Amt seit dem Jahr 2021 inne und fungierte zugleich als Ecuadors Vertreter f\u00fcr die Dominikanische Republik, Jamaika sowie St. Vincent und die Grenadinen.<\/p>\n<p>Artikel 9 des Wiener \u00dcbereinkommens \u00fcber diplomatische Beziehungen besagt unter anderem, dass der Empfangsstaat den Entsendestaat jederzeit ohne Angabe von Gr\u00fcnden benachrichtigen kann, dass der Missionschef oder ein Mitglied des diplomatischen Personals der Mission zur unerw\u00fcnschten Person erkl\u00e4rt wird oder dass ein anderes Mitglied des Personals der Mission ihm nicht genehm ist. In diesen F\u00e4llen hat der Entsendestaat die betreffende Person entweder abzuberufen oder ihre T\u00e4tigkeit bei der Mission zu beenden.<\/p>\n<p>Kuba <a rel=\"nofollow noopener\" target=\"_blank\" href=\"https:\/\/cubaminrex.cu\/es\/comunicado-del-ministerio-de-relaciones-exteriores\">verurteilte<\/a> die Entscheidung des s\u00fcdamerikanischen Staates, alle Mitglieder seines diplomatischen Korps in Quito zu &#8220;unerw\u00fcnschten Personen&#8221; zu erkl\u00e4ren. Das Au\u00dfenministerium in Havanna fand dabei mehrere Adjektive, um den Schritt zu kritisieren: beispiellos, feindselig, willk\u00fcrlich, unbegr\u00fcndet und sch\u00e4dlich.<\/p>\n<blockquote>\n<p><em>&#8220;Diese Handlung beweist dar\u00fcber hinaus, dass die aktuelle Regierung Ecuadors die diplomatischen Gepflogenheiten und H\u00f6flichkeiten, welche die internationale Gemeinschaft befolgt, verachtet.&#8221;<\/em><\/p>\n<\/blockquote>\n<p>Havanna erkl\u00e4rte in diesem Zusammenhang, dass Quito keine Gr\u00fcnde f\u00fcr seine Entscheidung genannt habe und versicherte, dass die kubanischen Diplomaten die Gesetzgebung des Empfangsstaates strikt befolgt und sich in keinerlei innere Angelegenheiten des s\u00fcdamerikanischen Landes eingemischt h\u00e4tten. Das kubanische Au\u00dfenministerium setzte dieses Geschehen mit der Versch\u00e4rfung der &#8220;US-Aggression&#8221; gegen die Insel in Verbindung. Demnach setzte Washington andere Regierungen stark unter Druck, damit sie bei der US-Blockade gegen Kuba mitmachten.<\/p>\n<p>Kuba erlebt derzeit die wohl schwerste Energie- und Wirtschaftskrise in seiner Geschichte. Die ohnehin\u00a0schon drakonische US-Blockade gegen den Karibikstaat, die seit Jahrzehnten andauert, wurde durch ein Dekret von US-Pr\u00e4sident Donald Trump vom 29. Januar dieses Jahres noch weiter zugespitzt. Der Republikaner\u00a0betrachtet den Zehn-Millionen-Staat als Bedrohung f\u00fcr die nationale Sicherheit der USA und\u00a0hat Kuba dringend geraten, einem Deal zuzustimmen, bevor es &#8220;zu sp\u00e4t&#8221; sei. Unterdessen geht\u00a0die Trump-Regierung davon aus, dass die kubanische F\u00fchrung am Ende sei und &#8220;kurz vor dem Kollaps&#8221; stehe. Die Regierung in Havanna wiederum wirft den USA wegen ihrer aggressiven Geopolitik Faschismus und V\u00f6lkermord vor.<\/p>\n<p><strong>Mehr zum Thema &#8211;<\/strong>\u00a0<a rel=\"nofollow noopener\" target=\"_blank\" href=\"https:\/\/freedert.online\/amerika\/271272-terroristische-absichten-kuba-gibt-weitere-einzelheiten-ueber-schusswechsel-bekannt\/\">&#8220;Terroristische Absichten&#8221;: Kuba gibt weitere Einzelheiten zu Schusswechsel mit US-Boot bekannt<\/a><\/p>\n<div class=\"EmbedBlock-root EmbedBlock-externalVideo EmbedBlock-rumble\">\n<div class=\"VkEmbed\"><iframe class=\"lazyload\" data-src=\"https:\/\/rumble.com\/embed\/v746lvu\" frameborder=\"0\" width=\"853\" height=\"480\" allowfullscreen><\/iframe><\/div>\n<\/div>\n<\/div>\n<p><script async src=\"https:\/\/platform.twitter.com\/widgets.js\" charset=\"utf-8\"><\/script><br \/>\n<br \/><br \/>\n<br \/><a href=\"https:\/\/de.rt.com\/amerika\/272139-ecuador-erklaert-kubas-botschafter-zur-unerwuenschten-person\/\">Source link <\/a><\/p>\n","protected":false},"excerpt":{"rendered":"<p>Zwischen Quito und Havanna ist es zu einem diplomatischen Eklat gekommen. Ecuador erkl\u00e4rte abrupt alle kubanischen Diplomaten im Land zu &#8220;unerw\u00fcnschten Personen&#8221; und rief seinen eigenen Botschafter aus Havanna zur\u00fcck. Kuba verurteilte den Schritt als &#8220;unbegr\u00fcndet&#8221;. Ecuador hat de facto seine diplomatischen Beziehungen zu Kuba abgebrochen. Am Mittwochnachmittag (Ortszeit) erkl\u00e4rte das Au\u00dfenministerium in Quito unerwartet [&hellip;]<\/p>\n","protected":false},"author":3,"featured_media":99838,"comment_status":"open","ping_status":"open","sticky":false,"template":"","format":"standard","meta":{"_yoast_indexnow_last_ping":["1772702863"],"wp_automatic_camp":["217"],"3b3eb9145bff0ab63d19e7766a7d39f5":["Eklat: Ecuador erkl\u00e4rt alle kubanischen Diplomaten zu unerw\u00fcnschten Personen"],"original_link":["https:\/\/de.rt.com\/amerika\/272139-ecuador-erklaert-kubas-botschafter-zur-unerwuenschten-person\/"],"_thumbnail_id":["99838"],"jnews_social_counter_last_update":["1777646594"],"_wptgpro_p2tg_sent2tg":["a:1:{i:23737;s:19:\"2026-03-05 11:28:59\";}"]},"categories":[19,23],"tags":[271,9831,24476,19866,1030,71599,22916,43534],"yoast_head":"<!-- This site is optimized with the Yoast SEO Premium plugin v22.7 (Yoast SEO v22.7) - https:\/\/yoast.com\/wordpress\/plugins\/seo\/ -->\n<title>Eklat: Ecuador erkl\u00e4rt alle kubanischen Diplomaten zu unerw\u00fcnschten Personen - just-now.NEWS Deutschland<\/title>\n<meta name=\"robots\" content=\"index, follow, max-snippet:-1, max-image-preview:large, max-video-preview:-1\" \/>\n<link rel=\"canonical\" href=\"https:\/\/now-news.de\/de\/deutschland\/eklat-ecuador-erklaert-alle-kubanischen-diplomaten-zu-unerwuenschten-personen\/\" \/>\n<meta property=\"og:locale\" content=\"de_DE\" \/>\n<meta property=\"og:type\" content=\"article\" \/>\n<meta property=\"og:title\" content=\"Eklat: Ecuador erkl\u00e4rt alle kubanischen Diplomaten zu unerw\u00fcnschten Personen\" \/>\n<meta property=\"og:description\" content=\"Zwischen Quito und Havanna ist es zu einem diplomatischen Eklat gekommen. Ecuador erkl\u00e4rte abrupt alle kubanischen Diplomaten im Land zu &#8220;unerw\u00fcnschten Personen&#8221; und rief seinen eigenen Botschafter aus Havanna zur\u00fcck. Kuba verurteilte den Schritt als &#8220;unbegr\u00fcndet&#8221;. Ecuador hat de facto seine diplomatischen Beziehungen zu Kuba abgebrochen. Am Mittwochnachmittag (Ortszeit) erkl\u00e4rte das Au\u00dfenministerium in Quito unerwartet [&hellip;]\" \/>\n<meta property=\"og:url\" content=\"https:\/\/now-news.de\/de\/deutschland\/eklat-ecuador-erklaert-alle-kubanischen-diplomaten-zu-unerwuenschten-personen\/\" \/>\n<meta property=\"og:site_name\" content=\"just-now.NEWS Deutschland\" \/>\n<meta property=\"article:publisher\" content=\"https:\/\/www.facebook.com\/wirmachenauf\" \/>\n<meta property=\"article:published_time\" content=\"2026-03-05T09:16:11+00:00\" \/>\n<meta property=\"og:image\" content=\"https:\/\/now-news.de\/de\/wp-content\/uploads\/sites\/3\/2026\/03\/69a9419448fbef23d54aa4e0.jpg\" \/>\n<meta name=\"author\" content=\"rtnews\" \/>\n<meta name=\"twitter:card\" content=\"summary_large_image\" \/>\n<meta name=\"twitter:creator\" content=\"@WirMachenAuf_de\" \/>\n<meta name=\"twitter:site\" content=\"@WirMachenAuf_de\" \/>\n<meta name=\"twitter:label1\" content=\"Verfasst von\" \/>\n\t<meta name=\"twitter:data1\" content=\"rtnews\" \/>\n\t<meta name=\"twitter:label2\" content=\"Gesch\u00e4tzte Lesezeit\" \/>\n\t<meta name=\"twitter:data2\" content=\"3\u00a0Minuten\" \/>\n<script type=\"application\/ld+json\" class=\"yoast-schema-graph\">{\"@context\":\"https:\/\/schema.org\",\"@graph\":[{\"@type\":\"Article\",\"@id\":\"https:\/\/now-news.de\/de\/deutschland\/eklat-ecuador-erklaert-alle-kubanischen-diplomaten-zu-unerwuenschten-personen\/#article\",\"isPartOf\":{\"@id\":\"https:\/\/now-news.de\/de\/deutschland\/eklat-ecuador-erklaert-alle-kubanischen-diplomaten-zu-unerwuenschten-personen\/\"},\"author\":{\"name\":\"rtnews\",\"@id\":\"https:\/\/now-news.de\/de\/#\/schema\/person\/fb534a4e865501d8b3285208df34a9b5\"},\"headline\":\"Eklat: Ecuador erkl\u00e4rt alle kubanischen Diplomaten zu unerw\u00fcnschten Personen\",\"datePublished\":\"2026-03-05T09:16:11+00:00\",\"dateModified\":\"2026-03-05T09:16:11+00:00\",\"mainEntityOfPage\":{\"@id\":\"https:\/\/now-news.de\/de\/deutschland\/eklat-ecuador-erklaert-alle-kubanischen-diplomaten-zu-unerwuenschten-personen\/\"},\"wordCount\":624,\"commentCount\":0,\"publisher\":{\"@id\":\"https:\/\/now-news.de\/de\/#organization\"},\"image\":{\"@id\":\"https:\/\/now-news.de\/de\/deutschland\/eklat-ecuador-erklaert-alle-kubanischen-diplomaten-zu-unerwuenschten-personen\/#primaryimage\"},\"thumbnailUrl\":\"https:\/\/now-news.de\/de\/wp-content\/uploads\/sites\/3\/2026\/03\/Eklat-Ecuador-erklaert-alle-kubanischen-Diplomaten-zu-unerwuenschten-Personen.jpg\",\"keywords\":[\"ALLE\",\"Diplomaten\",\"Ecuador\",\"Eklat\",\"erkl\u00e4rt\",\"kubanischen\",\"Personen\",\"unerw\u00fcnschten\"],\"articleSection\":[\"Deutschland\",\"Russland\"],\"inLanguage\":\"de\",\"potentialAction\":[{\"@type\":\"CommentAction\",\"name\":\"Comment\",\"target\":[\"https:\/\/now-news.de\/de\/deutschland\/eklat-ecuador-erklaert-alle-kubanischen-diplomaten-zu-unerwuenschten-personen\/#respond\"]}]},{\"@type\":\"WebPage\",\"@id\":\"https:\/\/now-news.de\/de\/deutschland\/eklat-ecuador-erklaert-alle-kubanischen-diplomaten-zu-unerwuenschten-personen\/\",\"url\":\"https:\/\/now-news.de\/de\/deutschland\/eklat-ecuador-erklaert-alle-kubanischen-diplomaten-zu-unerwuenschten-personen\/\",\"name\":\"Eklat: Ecuador erkl\u00e4rt alle kubanischen Diplomaten zu unerw\u00fcnschten Personen - just-now.NEWS Deutschland\",\"isPartOf\":{\"@id\":\"https:\/\/now-news.de\/de\/#website\"},\"primaryImageOfPage\":{\"@id\":\"https:\/\/now-news.de\/de\/deutschland\/eklat-ecuador-erklaert-alle-kubanischen-diplomaten-zu-unerwuenschten-personen\/#primaryimage\"},\"image\":{\"@id\":\"https:\/\/now-news.de\/de\/deutschland\/eklat-ecuador-erklaert-alle-kubanischen-diplomaten-zu-unerwuenschten-personen\/#primaryimage\"},\"thumbnailUrl\":\"https:\/\/now-news.de\/de\/wp-content\/uploads\/sites\/3\/2026\/03\/Eklat-Ecuador-erklaert-alle-kubanischen-Diplomaten-zu-unerwuenschten-Personen.jpg\",\"datePublished\":\"2026-03-05T09:16:11+00:00\",\"dateModified\":\"2026-03-05T09:16:11+00:00\",\"breadcrumb\":{\"@id\":\"https:\/\/now-news.de\/de\/deutschland\/eklat-ecuador-erklaert-alle-kubanischen-diplomaten-zu-unerwuenschten-personen\/#breadcrumb\"},\"inLanguage\":\"de\",\"potentialAction\":[{\"@type\":\"ReadAction\",\"target\":[\"https:\/\/now-news.de\/de\/deutschland\/eklat-ecuador-erklaert-alle-kubanischen-diplomaten-zu-unerwuenschten-personen\/\"]}]},{\"@type\":\"ImageObject\",\"inLanguage\":\"de\",\"@id\":\"https:\/\/now-news.de\/de\/deutschland\/eklat-ecuador-erklaert-alle-kubanischen-diplomaten-zu-unerwuenschten-personen\/#primaryimage\",\"url\":\"https:\/\/now-news.de\/de\/wp-content\/uploads\/sites\/3\/2026\/03\/Eklat-Ecuador-erklaert-alle-kubanischen-Diplomaten-zu-unerwuenschten-Personen.jpg\",\"contentUrl\":\"https:\/\/now-news.de\/de\/wp-content\/uploads\/sites\/3\/2026\/03\/Eklat-Ecuador-erklaert-alle-kubanischen-Diplomaten-zu-unerwuenschten-Personen.jpg\",\"width\":460,\"height\":259,\"caption\":\"Eklat: Ecuador erkl\u00e4rt alle kubanischen Diplomaten zu unerw\u00fcnschten Personen\"},{\"@type\":\"BreadcrumbList\",\"@id\":\"https:\/\/now-news.de\/de\/deutschland\/eklat-ecuador-erklaert-alle-kubanischen-diplomaten-zu-unerwuenschten-personen\/#breadcrumb\",\"itemListElement\":[{\"@type\":\"ListItem\",\"position\":1,\"name\":\"Home\",\"item\":\"https:\/\/now-news.de\/de\/\"},{\"@type\":\"ListItem\",\"position\":2,\"name\":\"Eklat: Ecuador erkl\u00e4rt alle kubanischen Diplomaten zu unerw\u00fcnschten Personen\"}]},{\"@type\":\"WebSite\",\"@id\":\"https:\/\/now-news.de\/de\/#website\",\"url\":\"https:\/\/now-news.de\/de\/\",\"name\":\"just-now.NEWS Deutschland\",\"description\":\"Das Portal f\u00fcr unzensierte Nachrichten aus der Welt\",\"publisher\":{\"@id\":\"https:\/\/now-news.de\/de\/#organization\"},\"potentialAction\":[{\"@type\":\"SearchAction\",\"target\":{\"@type\":\"EntryPoint\",\"urlTemplate\":\"https:\/\/now-news.de\/de\/?s={search_term_string}\"},\"query-input\":\"required name=search_term_string\"}],\"inLanguage\":\"de\"},{\"@type\":\"Organization\",\"@id\":\"https:\/\/now-news.de\/de\/#organization\",\"name\":\"Just Now News\",\"url\":\"https:\/\/now-news.de\/de\/\",\"logo\":{\"@type\":\"ImageObject\",\"inLanguage\":\"de\",\"@id\":\"https:\/\/now-news.de\/de\/#\/schema\/logo\/image\/\",\"url\":\"http:\/\/just-now.news\/de\/wp-content\/uploads\/sites\/3\/2022\/04\/logo500x500.jpg\",\"contentUrl\":\"http:\/\/just-now.news\/de\/wp-content\/uploads\/sites\/3\/2022\/04\/logo500x500.jpg\",\"width\":500,\"height\":500,\"caption\":\"Just Now News\"},\"image\":{\"@id\":\"https:\/\/now-news.de\/de\/#\/schema\/logo\/image\/\"},\"sameAs\":[\"https:\/\/www.facebook.com\/wirmachenauf\",\"https:\/\/x.com\/WirMachenAuf_de\"]},{\"@type\":\"Person\",\"@id\":\"https:\/\/now-news.de\/de\/#\/schema\/person\/fb534a4e865501d8b3285208df34a9b5\",\"name\":\"rtnews\",\"image\":{\"@type\":\"ImageObject\",\"inLanguage\":\"de\",\"@id\":\"https:\/\/now-news.de\/de\/#\/schema\/person\/image\/\",\"url\":\"https:\/\/secure.gravatar.com\/avatar\/82aafea7d8127119dd649515f56e2117?s=96&d=mm&r=g\",\"contentUrl\":\"https:\/\/secure.gravatar.com\/avatar\/82aafea7d8127119dd649515f56e2117?s=96&d=mm&r=g\",\"caption\":\"rtnews\"},\"url\":\"https:\/\/now-news.de\/de\/author\/rnews\/\"}]}<\/script>\n<!-- \/ Yoast SEO Premium plugin. -->","yoast_head_json":{"title":"Eklat: Ecuador erkl\u00e4rt alle kubanischen Diplomaten zu unerw\u00fcnschten Personen - just-now.NEWS Deutschland","robots":{"index":"index","follow":"follow","max-snippet":"max-snippet:-1","max-image-preview":"max-image-preview:large","max-video-preview":"max-video-preview:-1"},"canonical":"https:\/\/now-news.de\/de\/deutschland\/eklat-ecuador-erklaert-alle-kubanischen-diplomaten-zu-unerwuenschten-personen\/","og_locale":"de_DE","og_type":"article","og_title":"Eklat: Ecuador erkl\u00e4rt alle kubanischen Diplomaten zu unerw\u00fcnschten Personen","og_description":"Zwischen Quito und Havanna ist es zu einem diplomatischen Eklat gekommen. Ecuador erkl\u00e4rte abrupt alle kubanischen Diplomaten im Land zu &#8220;unerw\u00fcnschten Personen&#8221; und rief seinen eigenen Botschafter aus Havanna zur\u00fcck. Kuba verurteilte den Schritt als &#8220;unbegr\u00fcndet&#8221;. Ecuador hat de facto seine diplomatischen Beziehungen zu Kuba abgebrochen. Am Mittwochnachmittag (Ortszeit) erkl\u00e4rte das Au\u00dfenministerium in Quito unerwartet [&hellip;]","og_url":"https:\/\/now-news.de\/de\/deutschland\/eklat-ecuador-erklaert-alle-kubanischen-diplomaten-zu-unerwuenschten-personen\/","og_site_name":"just-now.NEWS Deutschland","article_publisher":"https:\/\/www.facebook.com\/wirmachenauf","article_published_time":"2026-03-05T09:16:11+00:00","og_image":[{"url":"https:\/\/now-news.de\/de\/wp-content\/uploads\/sites\/3\/2026\/03\/69a9419448fbef23d54aa4e0.jpg"}],"author":"rtnews","twitter_card":"summary_large_image","twitter_creator":"@WirMachenAuf_de","twitter_site":"@WirMachenAuf_de","twitter_misc":{"Verfasst von":"rtnews","Gesch\u00e4tzte Lesezeit":"3\u00a0Minuten"},"schema":{"@context":"https:\/\/schema.org","@graph":[{"@type":"Article","@id":"https:\/\/now-news.de\/de\/deutschland\/eklat-ecuador-erklaert-alle-kubanischen-diplomaten-zu-unerwuenschten-personen\/#article","isPartOf":{"@id":"https:\/\/now-news.de\/de\/deutschland\/eklat-ecuador-erklaert-alle-kubanischen-diplomaten-zu-unerwuenschten-personen\/"},"author":{"name":"rtnews","@id":"https:\/\/now-news.de\/de\/#\/schema\/person\/fb534a4e865501d8b3285208df34a9b5"},"headline":"Eklat: Ecuador erkl\u00e4rt alle kubanischen Diplomaten zu unerw\u00fcnschten Personen","datePublished":"2026-03-05T09:16:11+00:00","dateModified":"2026-03-05T09:16:11+00:00","mainEntityOfPage":{"@id":"https:\/\/now-news.de\/de\/deutschland\/eklat-ecuador-erklaert-alle-kubanischen-diplomaten-zu-unerwuenschten-personen\/"},"wordCount":624,"commentCount":0,"publisher":{"@id":"https:\/\/now-news.de\/de\/#organization"},"image":{"@id":"https:\/\/now-news.de\/de\/deutschland\/eklat-ecuador-erklaert-alle-kubanischen-diplomaten-zu-unerwuenschten-personen\/#primaryimage"},"thumbnailUrl":"https:\/\/now-news.de\/de\/wp-content\/uploads\/sites\/3\/2026\/03\/Eklat-Ecuador-erklaert-alle-kubanischen-Diplomaten-zu-unerwuenschten-Personen.jpg","keywords":["ALLE","Diplomaten","Ecuador","Eklat","erkl\u00e4rt","kubanischen","Personen","unerw\u00fcnschten"],"articleSection":["Deutschland","Russland"],"inLanguage":"de","potentialAction":[{"@type":"CommentAction","name":"Comment","target":["https:\/\/now-news.de\/de\/deutschland\/eklat-ecuador-erklaert-alle-kubanischen-diplomaten-zu-unerwuenschten-personen\/#respond"]}]},{"@type":"WebPage","@id":"https:\/\/now-news.de\/de\/deutschland\/eklat-ecuador-erklaert-alle-kubanischen-diplomaten-zu-unerwuenschten-personen\/","url":"https:\/\/now-news.de\/de\/deutschland\/eklat-ecuador-erklaert-alle-kubanischen-diplomaten-zu-unerwuenschten-personen\/","name":"Eklat: Ecuador erkl\u00e4rt alle kubanischen Diplomaten zu unerw\u00fcnschten Personen - just-now.NEWS Deutschland","isPartOf":{"@id":"https:\/\/now-news.de\/de\/#website"},"primaryImageOfPage":{"@id":"https:\/\/now-news.de\/de\/deutschland\/eklat-ecuador-erklaert-alle-kubanischen-diplomaten-zu-unerwuenschten-personen\/#primaryimage"},"image":{"@id":"https:\/\/now-news.de\/de\/deutschland\/eklat-ecuador-erklaert-alle-kubanischen-diplomaten-zu-unerwuenschten-personen\/#primaryimage"},"thumbnailUrl":"https:\/\/now-news.de\/de\/wp-content\/uploads\/sites\/3\/2026\/03\/Eklat-Ecuador-erklaert-alle-kubanischen-Diplomaten-zu-unerwuenschten-Personen.jpg","datePublished":"2026-03-05T09:16:11+00:00","dateModified":"2026-03-05T09:16:11+00:00","breadcrumb":{"@id":"https:\/\/now-news.de\/de\/deutschland\/eklat-ecuador-erklaert-alle-kubanischen-diplomaten-zu-unerwuenschten-personen\/#breadcrumb"},"inLanguage":"de","potentialAction":[{"@type":"ReadAction","target":["https:\/\/now-news.de\/de\/deutschland\/eklat-ecuador-erklaert-alle-kubanischen-diplomaten-zu-unerwuenschten-personen\/"]}]},{"@type":"ImageObject","inLanguage":"de","@id":"https:\/\/now-news.de\/de\/deutschland\/eklat-ecuador-erklaert-alle-kubanischen-diplomaten-zu-unerwuenschten-personen\/#primaryimage","url":"https:\/\/now-news.de\/de\/wp-content\/uploads\/sites\/3\/2026\/03\/Eklat-Ecuador-erklaert-alle-kubanischen-Diplomaten-zu-unerwuenschten-Personen.jpg","contentUrl":"https:\/\/now-news.de\/de\/wp-content\/uploads\/sites\/3\/2026\/03\/Eklat-Ecuador-erklaert-alle-kubanischen-Diplomaten-zu-unerwuenschten-Personen.jpg","width":460,"height":259,"caption":"Eklat: Ecuador erkl\u00e4rt alle kubanischen Diplomaten zu unerw\u00fcnschten Personen"},{"@type":"BreadcrumbList","@id":"https:\/\/now-news.de\/de\/deutschland\/eklat-ecuador-erklaert-alle-kubanischen-diplomaten-zu-unerwuenschten-personen\/#breadcrumb","itemListElement":[{"@type":"ListItem","position":1,"name":"Home","item":"https:\/\/now-news.de\/de\/"},{"@type":"ListItem","position":2,"name":"Eklat: Ecuador erkl\u00e4rt alle kubanischen Diplomaten zu unerw\u00fcnschten Personen"}]},{"@type":"WebSite","@id":"https:\/\/now-news.de\/de\/#website","url":"https:\/\/now-news.de\/de\/","name":"just-now.NEWS Deutschland","description":"Das Portal f\u00fcr unzensierte Nachrichten aus der Welt","publisher":{"@id":"https:\/\/now-news.de\/de\/#organization"},"potentialAction":[{"@type":"SearchAction","target":{"@type":"EntryPoint","urlTemplate":"https:\/\/now-news.de\/de\/?s={search_term_string}"},"query-input":"required name=search_term_string"}],"inLanguage":"de"},{"@type":"Organization","@id":"https:\/\/now-news.de\/de\/#organization","name":"Just Now News","url":"https:\/\/now-news.de\/de\/","logo":{"@type":"ImageObject","inLanguage":"de","@id":"https:\/\/now-news.de\/de\/#\/schema\/logo\/image\/","url":"http:\/\/just-now.news\/de\/wp-content\/uploads\/sites\/3\/2022\/04\/logo500x500.jpg","contentUrl":"http:\/\/just-now.news\/de\/wp-content\/uploads\/sites\/3\/2022\/04\/logo500x500.jpg","width":500,"height":500,"caption":"Just Now News"},"image":{"@id":"https:\/\/now-news.de\/de\/#\/schema\/logo\/image\/"},"sameAs":["https:\/\/www.facebook.com\/wirmachenauf","https:\/\/x.com\/WirMachenAuf_de"]},{"@type":"Person","@id":"https:\/\/now-news.de\/de\/#\/schema\/person\/fb534a4e865501d8b3285208df34a9b5","name":"rtnews","image":{"@type":"ImageObject","inLanguage":"de","@id":"https:\/\/now-news.de\/de\/#\/schema\/person\/image\/","url":"https:\/\/secure.gravatar.com\/avatar\/82aafea7d8127119dd649515f56e2117?s=96&d=mm&r=g","contentUrl":"https:\/\/secure.gravatar.com\/avatar\/82aafea7d8127119dd649515f56e2117?s=96&d=mm&r=g","caption":"rtnews"},"url":"https:\/\/now-news.de\/de\/author\/rnews\/"}]}},"_links":{"self":[{"href":"https:\/\/now-news.de\/de\/wp-json\/wp\/v2\/posts\/99837"}],"collection":[{"href":"https:\/\/now-news.de\/de\/wp-json\/wp\/v2\/posts"}],"about":[{"href":"https:\/\/now-news.de\/de\/wp-json\/wp\/v2\/types\/post"}],"author":[{"embeddable":true,"href":"https:\/\/now-news.de\/de\/wp-json\/wp\/v2\/users\/3"}],"replies":[{"embeddable":true,"href":"https:\/\/now-news.de\/de\/wp-json\/wp\/v2\/comments?post=99837"}],"version-history":[{"count":0,"href":"https:\/\/now-news.de\/de\/wp-json\/wp\/v2\/posts\/99837\/revisions"}],"wp:featuredmedia":[{"embeddable":true,"href":"https:\/\/now-news.de\/de\/wp-json\/wp\/v2\/media\/99838"}],"wp:attachment":[{"href":"https:\/\/now-news.de\/de\/wp-json\/wp\/v2\/media?parent=99837"}],"wp:term":[{"taxonomy":"category","embeddable":true,"href":"https:\/\/now-news.de\/de\/wp-json\/wp\/v2\/categories?post=99837"},{"taxonomy":"post_tag","embeddable":true,"href":"https:\/\/now-news.de\/de\/wp-json\/wp\/v2\/tags?post=99837"}],"curies":[{"name":"wp","href":"https:\/\/api.w.org\/{rel}","templated":true}]}}