{"id":99807,"date":"2026-03-04T18:02:21","date_gmt":"2026-03-04T16:02:21","guid":{"rendered":"https:\/\/now-news.de\/de\/deutschland\/verdiente-persoenlichkeit-alena-buyx-fuer-ein-jahr-fellow-der-konrad-adenauer-stiftung\/"},"modified":"2026-03-04T18:02:21","modified_gmt":"2026-03-04T16:02:21","slug":"verdiente-persoenlichkeit-alena-buyx-fuer-ein-jahr-fellow-der-konrad-adenauer-stiftung","status":"publish","type":"post","link":"https:\/\/now-news.de\/de\/deutschland\/verdiente-persoenlichkeit-alena-buyx-fuer-ein-jahr-fellow-der-konrad-adenauer-stiftung\/","title":{"rendered":"&quot;Verdiente Pers\u00f6nlichkeit&quot; \u2013 Alena Buyx f\u00fcr ein Jahr &quot;Fellow&quot; der Konrad-Adenauer-Stiftung"},"content":{"rendered":"<p><img decoding=\"async\" src=\"https:\/\/now-news.de\/de\/wp-content\/uploads\/sites\/3\/2026\/03\/69a83bedb480cc69ad513f94.jpg\" \/><\/p>\n<div class=\"Text-root Text-type_1 \">\n                Unbeeindruckt von den Diskussionen rund um massive Plagiatsvorw\u00fcrfe gegen die Ex-Ethikrat-Vorsitzende, teilt die Konrad-Adenauer-Stiftung (KAS) mit, dass Alena Buyx im Rahmen einer stiftungs\u00fcbergreifenden Initiative f\u00fcr ein Jahr der KAS beratend zur Verf\u00fcgung stehen wird.\n            <\/div>\n<p><\/p>\n<div class=\"Text-root Text-type_5 ArticleView-text ViewText-root \">\n<p>Die Konrad-Adenauer-Stiftung (KAS) ist eine deutsche parteinahe Stiftung in der Rechtsform eines Vereins, die inhaltlich ideell der Regierungspartei CDU nahesteht. Im Rahmen einer <a rel=\"nofollow noopener\" target=\"_blank\" href=\"https:\/\/www.kas.de\/de\/pressemitteilungen\/detail\/-\/content\/die-medizinethikerin-prof-dr-alena-buyx-wird-neue-fellow-der-konrad-adenauer-stiftung\">Pressemitteilung<\/a> gibt die Stiftung bekannt, dass die kontrovers wahrgenommene Verdienstordentr\u00e4gerin und aktuelle 3Sat-Moderatorin Alena Buyx f\u00fcr ein Jahr als die &#8220;neue Fellow der Konrad-Adenauer-Stiftung&#8221; nominiert wurde. W\u00f6rtlich hei\u00dft es in der Mitteilung, dass f\u00fcr Buyx pers\u00f6nlich &#8220;die\u00a0St\u00e4rkung demokratischer Grundprinzipien [als] eine der wichtigsten gegenw\u00e4rtigen Aufgaben&#8221; f\u00fcr ihre Arbeit bei der KAS darstellen wird.\u00a0\u00a0<\/p>\n<p>Die Universit\u00e4t M\u00fcnster k\u00fcndigte Ende Februar an, nach schwerwiegenden Plagiatsvorw\u00fcrfen des medial betitelten &#8220;Plagiatsj\u00e4gers&#8221; und \u00d6sterreichers Stefan Weber, dass gegen die Ex-Ethikrat-Vorsitzende und in der &#8220;Corona-Zeit&#8221; medial prominent agierende Regierungsberaterin Alena Buyx die vorliegenden\u00a0Vorw\u00fcrfe \u00fcberpr\u00fcft w\u00fcrden. Die Hochschule werde die Hinweise im Rahmen der geltenden Verfahren bewerten.\u00a0<\/p>\n<p>Vor zwei Tagen teilte die KAS in einer Pressemitteilung mit, dass die &#8220;Medizinethikerin Prof. Dr. Alena Buyx neue Fellow der Konrad-Adenauer-Stiftung wird&#8221;. Das sogenannte &#8220;Fellowship&#8221;, kurz KAS-Fellowship, verfolgt laut Darlegungen auf der Webseite &#8220;als stiftungs\u00fcbergreifende Initiative das Ziel, j\u00e4hrlich eine Pers\u00f6nlichkeit mit ihrem Blick von au\u00dfen in die Arbeit der Stiftung einzubinden&#8221;.<\/p>\n<p>Im Dezember des Vorjahres wurde bekannt, dass sich im Rahmen &#8220;einer <a rel=\"nofollow noopener\" target=\"_blank\" href=\"https:\/\/www.tagesschau.de\/inland\/innenpolitik\/kramp-karrenbauer-adenauer-stiftung-100.html\">Kampfabstimmung<\/a> um den Vorsitz&#8221; der parteinahen Konrad-Adenauer-Stiftung die fr\u00fchere CDU-Parteichefin Annegret Kramp-Karrenbauer durchgesetzt hatte (<em>RT DE<\/em>\u00a0<a rel=\"nofollow noopener\" target=\"_blank\" href=\"https:\/\/freedert.online\/inland\/265273-klatsche-fuer-merz-kramp-karrenbauer\/\">berichtete<\/a>).<\/p>\n<p>Die diesj\u00e4hrige Entscheidung kommt daher nur bedingt \u00fcberraschend, da Kramp-Karrenbauer seit Jahren nachweislich als sogenannte &#8220;Merkel-Vertraute&#8221; medial eingesch\u00e4tzt wird.\u00a0Die amtierende KAS-Vorsitzende\u00a0war von 2019 bis 2021 Verteidigungsministerin in der schwarz-roten Regierung unter Merkel.\u00a0<\/p>\n<p>Merkel war wiederum federf\u00fchrend, dabei kinderlos, verantwortlich f\u00fcr das Fundament einer rigiden &#8220;Corona-Politik&#8221; samt Ma\u00dfnahmen im Zeitraum 2020 und 2021. Exemplarisch <a rel=\"nofollow noopener\" target=\"_blank\" href=\"https:\/\/www.n-tv.de\/panorama\/Ethikrat-Chefin-befuerwortet-Lockerung-fuer-Geimpfte-article22512956.html\">titelte<\/a> der Sender <em>N-tv<\/em> im April 2021 zur damaligen Rolle von Alena Buyx:<\/p>\n<p><em>&#8220;Ethikrat-Chefin bef\u00fcrwortet Lockerung f\u00fcr Geimpfte. Beim Corona-Gipfel diesen Montag will Kanzlerin Merkel mit den Ministerpr\u00e4sidenten unter anderem \u00fcber Erleichterungen f\u00fcr Geimpfte beraten. Die Ethikrat-Vorsitzende Buyx pl\u00e4diert daf\u00fcr, getestete und geimpfte Personen gleichzubehandeln. Aus ethischer Sicht spreche nichts dagegen.&#8221;\u00a0<\/em><\/p>\n<p>Zudem hatte Buyx vom Jahresbeginn 2021 bis zum politisch willk\u00fcrlichen Ende der &#8220;Pandemie&#8221; im Jahr 2023 massiv f\u00fcr die &#8220;COVID-Impfung&#8221; geworben. Die KAS-Vorsitzende\u00a0Kramp-Karrenbauer wird in der Pressemitteilung mit den Worten zitiert:<\/p>\n<p><em>&#8220;F\u00fcr die Vorsitzende der Stiftung\u00a0konnte mit Alena Buyx &#8216;eine herausragende Pers\u00f6nlichkeit zu medizin- und digitalethischen Fragestellungen gewonnen werden, die die Stiftungsarbeit mit ihrer Expertise in den kommenden Monaten um wertvolle Perspektiven bereichern wird&#8217;.&#8221;<\/em><\/p>\n<p>Buyx wird wiederum mit der Erkl\u00e4rung vorgestellt, dass f\u00fcr die kommende Fellow-Beauftragte aus ihrer Sicht die KAS durch die\u00a0&#8220;vielf\u00e4ltige Arbeit der Stiftung die M\u00f6glichkeit bietet, gesellschaftliche und ethische Fragen in verschiedenen Handlungsr\u00e4umen zu adressieren&#8221;.<\/p>\n<p>Die Konrad-Adenauer-Stiftung leiste laut Buyx mit ihrer Arbeit im In- und Ausland &#8220;einen wichtigen Beitrag zu Demokratie und Meinungsvielfalt und bef\u00f6rdert aktuelle gesellschaftspolitische Debatten&#8221;, so das w\u00f6rtliche Zitat.<\/p>\n<p>Buyx ist aktuell seit August des Vorjahres Co-Moderatorin der Wissenschaftssendung &#8220;Nano Talk&#8221; beim Sender 3sat.\u00a0<\/p>\n<p><strong>Mehr zum Thema \u2013\u00a0<\/strong><a rel=\"nofollow noopener\" target=\"_blank\" href=\"https:\/\/freedert.online\/inland\/232229-bedenken-egal-bertelsmann-kuratorin-buyx\/\">Bedenken? <\/a><a rel=\"nofollow noopener\" target=\"_blank\" href=\"https:\/\/freedert.online\/inland\/232229-bedenken-egal-bertelsmann-kuratorin-buyx\/\"> Egal! Bertelsmann-Kuratorin Buyx schw\u00e4rmt von elektronischer Patientenakte <\/a><\/p>\n<div class=\"EmbedBlock-root EmbedBlock-externalVideo EmbedBlock-rumble\">\n<div class=\"VkEmbed\"><iframe class=\"lazyload\" data-src=\"https:\/\/rumble.com\/embed\/v6z11gi\" frameborder=\"0\" width=\"853\" height=\"480\" allowfullscreen><\/iframe><\/div>\n<\/div>\n<\/div>\n<p><br \/>\n<br \/><a href=\"https:\/\/de.rt.com\/inland\/272045-verdiente-persoenlichkeit-alena-buyx-fuer\/\">Source link <\/a><\/p>\n","protected":false},"excerpt":{"rendered":"<p>Unbeeindruckt von den Diskussionen rund um massive Plagiatsvorw\u00fcrfe gegen die Ex-Ethikrat-Vorsitzende, teilt die Konrad-Adenauer-Stiftung (KAS) mit, dass Alena Buyx im Rahmen einer stiftungs\u00fcbergreifenden Initiative f\u00fcr ein Jahr der KAS beratend zur Verf\u00fcgung stehen wird. Die Konrad-Adenauer-Stiftung (KAS) ist eine deutsche parteinahe Stiftung in der Rechtsform eines Vereins, die inhaltlich ideell der Regierungspartei CDU nahesteht. Im [&hellip;]<\/p>\n","protected":false},"author":3,"featured_media":99808,"comment_status":"open","ping_status":"open","sticky":false,"template":"","format":"standard","meta":{"_yoast_indexnow_last_ping":["1772641926"],"wp_automatic_camp":["217"],"10dc37a8ac99a3e6587fd0250f0d16d2":["&quot;Verdiente Pers\u00f6nlichkeit&quot; \u2013 Alena Buyx f\u00fcr ein Jahr &quot;Fellow&quot; der Konrad-Adenauer-Stiftung"],"original_link":["https:\/\/de.rt.com\/inland\/272045-verdiente-persoenlichkeit-alena-buyx-fuer\/"],"_thumbnail_id":["99808"],"jnews_social_counter_last_update":["1777592082"],"_wptgpro_p2tg_sent2tg":["a:1:{i:23737;s:19:\"2026-03-04 18:33:10\";}"]},"categories":[19,23],"tags":[49258,46574,82,357,221,1615,51404,71590,71591,71589],"yoast_head":"<!-- This site is optimized with the Yoast SEO Premium plugin v22.7 (Yoast SEO v22.7) - https:\/\/yoast.com\/wordpress\/plugins\/seo\/ -->\n<title>&quot;Verdiente Pers\u00f6nlichkeit&quot; \u2013 Alena Buyx f\u00fcr ein Jahr &quot;Fellow&quot; der Konrad-Adenauer-Stiftung - just-now.NEWS Deutschland<\/title>\n<meta name=\"robots\" content=\"index, follow, max-snippet:-1, max-image-preview:large, max-video-preview:-1\" \/>\n<link rel=\"canonical\" href=\"https:\/\/now-news.de\/de\/deutschland\/verdiente-persoenlichkeit-alena-buyx-fuer-ein-jahr-fellow-der-konrad-adenauer-stiftung\/\" \/>\n<meta property=\"og:locale\" content=\"de_DE\" \/>\n<meta property=\"og:type\" content=\"article\" \/>\n<meta property=\"og:title\" content=\"&quot;Verdiente Pers\u00f6nlichkeit&quot; \u2013 Alena Buyx f\u00fcr ein Jahr &quot;Fellow&quot; der Konrad-Adenauer-Stiftung\" \/>\n<meta property=\"og:description\" content=\"Unbeeindruckt von den Diskussionen rund um massive Plagiatsvorw\u00fcrfe gegen die Ex-Ethikrat-Vorsitzende, teilt die Konrad-Adenauer-Stiftung (KAS) mit, dass Alena Buyx im Rahmen einer stiftungs\u00fcbergreifenden Initiative f\u00fcr ein Jahr der KAS beratend zur Verf\u00fcgung stehen wird. Die Konrad-Adenauer-Stiftung (KAS) ist eine deutsche parteinahe Stiftung in der Rechtsform eines Vereins, die inhaltlich ideell der Regierungspartei CDU nahesteht. Im [&hellip;]\" \/>\n<meta property=\"og:url\" content=\"https:\/\/now-news.de\/de\/deutschland\/verdiente-persoenlichkeit-alena-buyx-fuer-ein-jahr-fellow-der-konrad-adenauer-stiftung\/\" \/>\n<meta property=\"og:site_name\" content=\"just-now.NEWS Deutschland\" \/>\n<meta property=\"article:publisher\" content=\"https:\/\/www.facebook.com\/wirmachenauf\" \/>\n<meta property=\"article:published_time\" content=\"2026-03-04T16:02:21+00:00\" \/>\n<meta property=\"og:image\" content=\"https:\/\/now-news.de\/de\/wp-content\/uploads\/sites\/3\/2026\/03\/69a83bedb480cc69ad513f94.jpg\" \/>\n<meta name=\"author\" content=\"rtnews\" \/>\n<meta name=\"twitter:card\" content=\"summary_large_image\" \/>\n<meta name=\"twitter:creator\" content=\"@WirMachenAuf_de\" \/>\n<meta name=\"twitter:site\" content=\"@WirMachenAuf_de\" \/>\n<meta name=\"twitter:label1\" content=\"Verfasst von\" \/>\n\t<meta name=\"twitter:data1\" content=\"rtnews\" \/>\n\t<meta name=\"twitter:label2\" content=\"Gesch\u00e4tzte Lesezeit\" \/>\n\t<meta name=\"twitter:data2\" content=\"3\u00a0Minuten\" \/>\n<script type=\"application\/ld+json\" class=\"yoast-schema-graph\">{\"@context\":\"https:\/\/schema.org\",\"@graph\":[{\"@type\":\"Article\",\"@id\":\"https:\/\/now-news.de\/de\/deutschland\/verdiente-persoenlichkeit-alena-buyx-fuer-ein-jahr-fellow-der-konrad-adenauer-stiftung\/#article\",\"isPartOf\":{\"@id\":\"https:\/\/now-news.de\/de\/deutschland\/verdiente-persoenlichkeit-alena-buyx-fuer-ein-jahr-fellow-der-konrad-adenauer-stiftung\/\"},\"author\":{\"name\":\"rtnews\",\"@id\":\"https:\/\/now-news.de\/de\/#\/schema\/person\/fb534a4e865501d8b3285208df34a9b5\"},\"headline\":\"&quot;Verdiente Pers\u00f6nlichkeit&quot; \u2013 Alena Buyx f\u00fcr ein Jahr &quot;Fellow&quot; der Konrad-Adenauer-Stiftung\",\"datePublished\":\"2026-03-04T16:02:21+00:00\",\"dateModified\":\"2026-03-04T16:02:21+00:00\",\"mainEntityOfPage\":{\"@id\":\"https:\/\/now-news.de\/de\/deutschland\/verdiente-persoenlichkeit-alena-buyx-fuer-ein-jahr-fellow-der-konrad-adenauer-stiftung\/\"},\"wordCount\":561,\"commentCount\":0,\"publisher\":{\"@id\":\"https:\/\/now-news.de\/de\/#organization\"},\"image\":{\"@id\":\"https:\/\/now-news.de\/de\/deutschland\/verdiente-persoenlichkeit-alena-buyx-fuer-ein-jahr-fellow-der-konrad-adenauer-stiftung\/#primaryimage\"},\"thumbnailUrl\":\"https:\/\/now-news.de\/de\/wp-content\/uploads\/sites\/3\/2026\/03\/quotVerdiente-Persoenlichkeitquot-\u2013-Alena-Buyx-fuer-ein-Jahr-quotFellowquot-der.jpg\",\"keywords\":[\"Alena\",\"Buyx\",\"der\",\"ein\",\"f\u00fcr\",\"Jahr\",\"KonradAdenauerStiftung\",\"Pers\u00f6nlichkeitquot\",\"quotFellowquot\",\"quotVerdiente\"],\"articleSection\":[\"Deutschland\",\"Russland\"],\"inLanguage\":\"de\",\"potentialAction\":[{\"@type\":\"CommentAction\",\"name\":\"Comment\",\"target\":[\"https:\/\/now-news.de\/de\/deutschland\/verdiente-persoenlichkeit-alena-buyx-fuer-ein-jahr-fellow-der-konrad-adenauer-stiftung\/#respond\"]}]},{\"@type\":\"WebPage\",\"@id\":\"https:\/\/now-news.de\/de\/deutschland\/verdiente-persoenlichkeit-alena-buyx-fuer-ein-jahr-fellow-der-konrad-adenauer-stiftung\/\",\"url\":\"https:\/\/now-news.de\/de\/deutschland\/verdiente-persoenlichkeit-alena-buyx-fuer-ein-jahr-fellow-der-konrad-adenauer-stiftung\/\",\"name\":\"&quot;Verdiente Pers\u00f6nlichkeit&quot; \u2013 Alena Buyx f\u00fcr ein Jahr &quot;Fellow&quot; der Konrad-Adenauer-Stiftung - just-now.NEWS Deutschland\",\"isPartOf\":{\"@id\":\"https:\/\/now-news.de\/de\/#website\"},\"primaryImageOfPage\":{\"@id\":\"https:\/\/now-news.de\/de\/deutschland\/verdiente-persoenlichkeit-alena-buyx-fuer-ein-jahr-fellow-der-konrad-adenauer-stiftung\/#primaryimage\"},\"image\":{\"@id\":\"https:\/\/now-news.de\/de\/deutschland\/verdiente-persoenlichkeit-alena-buyx-fuer-ein-jahr-fellow-der-konrad-adenauer-stiftung\/#primaryimage\"},\"thumbnailUrl\":\"https:\/\/now-news.de\/de\/wp-content\/uploads\/sites\/3\/2026\/03\/quotVerdiente-Persoenlichkeitquot-\u2013-Alena-Buyx-fuer-ein-Jahr-quotFellowquot-der.jpg\",\"datePublished\":\"2026-03-04T16:02:21+00:00\",\"dateModified\":\"2026-03-04T16:02:21+00:00\",\"breadcrumb\":{\"@id\":\"https:\/\/now-news.de\/de\/deutschland\/verdiente-persoenlichkeit-alena-buyx-fuer-ein-jahr-fellow-der-konrad-adenauer-stiftung\/#breadcrumb\"},\"inLanguage\":\"de\",\"potentialAction\":[{\"@type\":\"ReadAction\",\"target\":[\"https:\/\/now-news.de\/de\/deutschland\/verdiente-persoenlichkeit-alena-buyx-fuer-ein-jahr-fellow-der-konrad-adenauer-stiftung\/\"]}]},{\"@type\":\"ImageObject\",\"inLanguage\":\"de\",\"@id\":\"https:\/\/now-news.de\/de\/deutschland\/verdiente-persoenlichkeit-alena-buyx-fuer-ein-jahr-fellow-der-konrad-adenauer-stiftung\/#primaryimage\",\"url\":\"https:\/\/now-news.de\/de\/wp-content\/uploads\/sites\/3\/2026\/03\/quotVerdiente-Persoenlichkeitquot-\u2013-Alena-Buyx-fuer-ein-Jahr-quotFellowquot-der.jpg\",\"contentUrl\":\"https:\/\/now-news.de\/de\/wp-content\/uploads\/sites\/3\/2026\/03\/quotVerdiente-Persoenlichkeitquot-\u2013-Alena-Buyx-fuer-ein-Jahr-quotFellowquot-der.jpg\",\"width\":460,\"height\":259,\"caption\":\"&quot;Verdiente Pers\u00f6nlichkeit&quot; \u2013 Alena Buyx f\u00fcr ein Jahr &quot;Fellow&quot; der Konrad-Adenauer-Stiftung\"},{\"@type\":\"BreadcrumbList\",\"@id\":\"https:\/\/now-news.de\/de\/deutschland\/verdiente-persoenlichkeit-alena-buyx-fuer-ein-jahr-fellow-der-konrad-adenauer-stiftung\/#breadcrumb\",\"itemListElement\":[{\"@type\":\"ListItem\",\"position\":1,\"name\":\"Home\",\"item\":\"https:\/\/now-news.de\/de\/\"},{\"@type\":\"ListItem\",\"position\":2,\"name\":\"&quot;Verdiente Pers\u00f6nlichkeit&quot; \u2013 Alena Buyx f\u00fcr ein Jahr &quot;Fellow&quot; der Konrad-Adenauer-Stiftung\"}]},{\"@type\":\"WebSite\",\"@id\":\"https:\/\/now-news.de\/de\/#website\",\"url\":\"https:\/\/now-news.de\/de\/\",\"name\":\"just-now.NEWS Deutschland\",\"description\":\"Das Portal f\u00fcr unzensierte Nachrichten aus der Welt\",\"publisher\":{\"@id\":\"https:\/\/now-news.de\/de\/#organization\"},\"potentialAction\":[{\"@type\":\"SearchAction\",\"target\":{\"@type\":\"EntryPoint\",\"urlTemplate\":\"https:\/\/now-news.de\/de\/?s={search_term_string}\"},\"query-input\":\"required name=search_term_string\"}],\"inLanguage\":\"de\"},{\"@type\":\"Organization\",\"@id\":\"https:\/\/now-news.de\/de\/#organization\",\"name\":\"Just Now News\",\"url\":\"https:\/\/now-news.de\/de\/\",\"logo\":{\"@type\":\"ImageObject\",\"inLanguage\":\"de\",\"@id\":\"https:\/\/now-news.de\/de\/#\/schema\/logo\/image\/\",\"url\":\"http:\/\/just-now.news\/de\/wp-content\/uploads\/sites\/3\/2022\/04\/logo500x500.jpg\",\"contentUrl\":\"http:\/\/just-now.news\/de\/wp-content\/uploads\/sites\/3\/2022\/04\/logo500x500.jpg\",\"width\":500,\"height\":500,\"caption\":\"Just Now News\"},\"image\":{\"@id\":\"https:\/\/now-news.de\/de\/#\/schema\/logo\/image\/\"},\"sameAs\":[\"https:\/\/www.facebook.com\/wirmachenauf\",\"https:\/\/x.com\/WirMachenAuf_de\"]},{\"@type\":\"Person\",\"@id\":\"https:\/\/now-news.de\/de\/#\/schema\/person\/fb534a4e865501d8b3285208df34a9b5\",\"name\":\"rtnews\",\"image\":{\"@type\":\"ImageObject\",\"inLanguage\":\"de\",\"@id\":\"https:\/\/now-news.de\/de\/#\/schema\/person\/image\/\",\"url\":\"https:\/\/secure.gravatar.com\/avatar\/82aafea7d8127119dd649515f56e2117?s=96&d=mm&r=g\",\"contentUrl\":\"https:\/\/secure.gravatar.com\/avatar\/82aafea7d8127119dd649515f56e2117?s=96&d=mm&r=g\",\"caption\":\"rtnews\"},\"url\":\"https:\/\/now-news.de\/de\/author\/rnews\/\"}]}<\/script>\n<!-- \/ Yoast SEO Premium plugin. -->","yoast_head_json":{"title":"&quot;Verdiente Pers\u00f6nlichkeit&quot; \u2013 Alena Buyx f\u00fcr ein Jahr &quot;Fellow&quot; der Konrad-Adenauer-Stiftung - just-now.NEWS Deutschland","robots":{"index":"index","follow":"follow","max-snippet":"max-snippet:-1","max-image-preview":"max-image-preview:large","max-video-preview":"max-video-preview:-1"},"canonical":"https:\/\/now-news.de\/de\/deutschland\/verdiente-persoenlichkeit-alena-buyx-fuer-ein-jahr-fellow-der-konrad-adenauer-stiftung\/","og_locale":"de_DE","og_type":"article","og_title":"&quot;Verdiente Pers\u00f6nlichkeit&quot; \u2013 Alena Buyx f\u00fcr ein Jahr &quot;Fellow&quot; der Konrad-Adenauer-Stiftung","og_description":"Unbeeindruckt von den Diskussionen rund um massive Plagiatsvorw\u00fcrfe gegen die Ex-Ethikrat-Vorsitzende, teilt die Konrad-Adenauer-Stiftung (KAS) mit, dass Alena Buyx im Rahmen einer stiftungs\u00fcbergreifenden Initiative f\u00fcr ein Jahr der KAS beratend zur Verf\u00fcgung stehen wird. Die Konrad-Adenauer-Stiftung (KAS) ist eine deutsche parteinahe Stiftung in der Rechtsform eines Vereins, die inhaltlich ideell der Regierungspartei CDU nahesteht. Im [&hellip;]","og_url":"https:\/\/now-news.de\/de\/deutschland\/verdiente-persoenlichkeit-alena-buyx-fuer-ein-jahr-fellow-der-konrad-adenauer-stiftung\/","og_site_name":"just-now.NEWS Deutschland","article_publisher":"https:\/\/www.facebook.com\/wirmachenauf","article_published_time":"2026-03-04T16:02:21+00:00","og_image":[{"url":"https:\/\/now-news.de\/de\/wp-content\/uploads\/sites\/3\/2026\/03\/69a83bedb480cc69ad513f94.jpg"}],"author":"rtnews","twitter_card":"summary_large_image","twitter_creator":"@WirMachenAuf_de","twitter_site":"@WirMachenAuf_de","twitter_misc":{"Verfasst von":"rtnews","Gesch\u00e4tzte Lesezeit":"3\u00a0Minuten"},"schema":{"@context":"https:\/\/schema.org","@graph":[{"@type":"Article","@id":"https:\/\/now-news.de\/de\/deutschland\/verdiente-persoenlichkeit-alena-buyx-fuer-ein-jahr-fellow-der-konrad-adenauer-stiftung\/#article","isPartOf":{"@id":"https:\/\/now-news.de\/de\/deutschland\/verdiente-persoenlichkeit-alena-buyx-fuer-ein-jahr-fellow-der-konrad-adenauer-stiftung\/"},"author":{"name":"rtnews","@id":"https:\/\/now-news.de\/de\/#\/schema\/person\/fb534a4e865501d8b3285208df34a9b5"},"headline":"&quot;Verdiente Pers\u00f6nlichkeit&quot; \u2013 Alena Buyx f\u00fcr ein Jahr &quot;Fellow&quot; der Konrad-Adenauer-Stiftung","datePublished":"2026-03-04T16:02:21+00:00","dateModified":"2026-03-04T16:02:21+00:00","mainEntityOfPage":{"@id":"https:\/\/now-news.de\/de\/deutschland\/verdiente-persoenlichkeit-alena-buyx-fuer-ein-jahr-fellow-der-konrad-adenauer-stiftung\/"},"wordCount":561,"commentCount":0,"publisher":{"@id":"https:\/\/now-news.de\/de\/#organization"},"image":{"@id":"https:\/\/now-news.de\/de\/deutschland\/verdiente-persoenlichkeit-alena-buyx-fuer-ein-jahr-fellow-der-konrad-adenauer-stiftung\/#primaryimage"},"thumbnailUrl":"https:\/\/now-news.de\/de\/wp-content\/uploads\/sites\/3\/2026\/03\/quotVerdiente-Persoenlichkeitquot-\u2013-Alena-Buyx-fuer-ein-Jahr-quotFellowquot-der.jpg","keywords":["Alena","Buyx","der","ein","f\u00fcr","Jahr","KonradAdenauerStiftung","Pers\u00f6nlichkeitquot","quotFellowquot","quotVerdiente"],"articleSection":["Deutschland","Russland"],"inLanguage":"de","potentialAction":[{"@type":"CommentAction","name":"Comment","target":["https:\/\/now-news.de\/de\/deutschland\/verdiente-persoenlichkeit-alena-buyx-fuer-ein-jahr-fellow-der-konrad-adenauer-stiftung\/#respond"]}]},{"@type":"WebPage","@id":"https:\/\/now-news.de\/de\/deutschland\/verdiente-persoenlichkeit-alena-buyx-fuer-ein-jahr-fellow-der-konrad-adenauer-stiftung\/","url":"https:\/\/now-news.de\/de\/deutschland\/verdiente-persoenlichkeit-alena-buyx-fuer-ein-jahr-fellow-der-konrad-adenauer-stiftung\/","name":"&quot;Verdiente Pers\u00f6nlichkeit&quot; \u2013 Alena Buyx f\u00fcr ein Jahr &quot;Fellow&quot; der Konrad-Adenauer-Stiftung - just-now.NEWS Deutschland","isPartOf":{"@id":"https:\/\/now-news.de\/de\/#website"},"primaryImageOfPage":{"@id":"https:\/\/now-news.de\/de\/deutschland\/verdiente-persoenlichkeit-alena-buyx-fuer-ein-jahr-fellow-der-konrad-adenauer-stiftung\/#primaryimage"},"image":{"@id":"https:\/\/now-news.de\/de\/deutschland\/verdiente-persoenlichkeit-alena-buyx-fuer-ein-jahr-fellow-der-konrad-adenauer-stiftung\/#primaryimage"},"thumbnailUrl":"https:\/\/now-news.de\/de\/wp-content\/uploads\/sites\/3\/2026\/03\/quotVerdiente-Persoenlichkeitquot-\u2013-Alena-Buyx-fuer-ein-Jahr-quotFellowquot-der.jpg","datePublished":"2026-03-04T16:02:21+00:00","dateModified":"2026-03-04T16:02:21+00:00","breadcrumb":{"@id":"https:\/\/now-news.de\/de\/deutschland\/verdiente-persoenlichkeit-alena-buyx-fuer-ein-jahr-fellow-der-konrad-adenauer-stiftung\/#breadcrumb"},"inLanguage":"de","potentialAction":[{"@type":"ReadAction","target":["https:\/\/now-news.de\/de\/deutschland\/verdiente-persoenlichkeit-alena-buyx-fuer-ein-jahr-fellow-der-konrad-adenauer-stiftung\/"]}]},{"@type":"ImageObject","inLanguage":"de","@id":"https:\/\/now-news.de\/de\/deutschland\/verdiente-persoenlichkeit-alena-buyx-fuer-ein-jahr-fellow-der-konrad-adenauer-stiftung\/#primaryimage","url":"https:\/\/now-news.de\/de\/wp-content\/uploads\/sites\/3\/2026\/03\/quotVerdiente-Persoenlichkeitquot-\u2013-Alena-Buyx-fuer-ein-Jahr-quotFellowquot-der.jpg","contentUrl":"https:\/\/now-news.de\/de\/wp-content\/uploads\/sites\/3\/2026\/03\/quotVerdiente-Persoenlichkeitquot-\u2013-Alena-Buyx-fuer-ein-Jahr-quotFellowquot-der.jpg","width":460,"height":259,"caption":"&quot;Verdiente Pers\u00f6nlichkeit&quot; \u2013 Alena Buyx f\u00fcr ein Jahr &quot;Fellow&quot; der Konrad-Adenauer-Stiftung"},{"@type":"BreadcrumbList","@id":"https:\/\/now-news.de\/de\/deutschland\/verdiente-persoenlichkeit-alena-buyx-fuer-ein-jahr-fellow-der-konrad-adenauer-stiftung\/#breadcrumb","itemListElement":[{"@type":"ListItem","position":1,"name":"Home","item":"https:\/\/now-news.de\/de\/"},{"@type":"ListItem","position":2,"name":"&quot;Verdiente Pers\u00f6nlichkeit&quot; \u2013 Alena Buyx f\u00fcr ein Jahr &quot;Fellow&quot; der Konrad-Adenauer-Stiftung"}]},{"@type":"WebSite","@id":"https:\/\/now-news.de\/de\/#website","url":"https:\/\/now-news.de\/de\/","name":"just-now.NEWS Deutschland","description":"Das Portal f\u00fcr unzensierte Nachrichten aus der Welt","publisher":{"@id":"https:\/\/now-news.de\/de\/#organization"},"potentialAction":[{"@type":"SearchAction","target":{"@type":"EntryPoint","urlTemplate":"https:\/\/now-news.de\/de\/?s={search_term_string}"},"query-input":"required name=search_term_string"}],"inLanguage":"de"},{"@type":"Organization","@id":"https:\/\/now-news.de\/de\/#organization","name":"Just Now News","url":"https:\/\/now-news.de\/de\/","logo":{"@type":"ImageObject","inLanguage":"de","@id":"https:\/\/now-news.de\/de\/#\/schema\/logo\/image\/","url":"http:\/\/just-now.news\/de\/wp-content\/uploads\/sites\/3\/2022\/04\/logo500x500.jpg","contentUrl":"http:\/\/just-now.news\/de\/wp-content\/uploads\/sites\/3\/2022\/04\/logo500x500.jpg","width":500,"height":500,"caption":"Just Now News"},"image":{"@id":"https:\/\/now-news.de\/de\/#\/schema\/logo\/image\/"},"sameAs":["https:\/\/www.facebook.com\/wirmachenauf","https:\/\/x.com\/WirMachenAuf_de"]},{"@type":"Person","@id":"https:\/\/now-news.de\/de\/#\/schema\/person\/fb534a4e865501d8b3285208df34a9b5","name":"rtnews","image":{"@type":"ImageObject","inLanguage":"de","@id":"https:\/\/now-news.de\/de\/#\/schema\/person\/image\/","url":"https:\/\/secure.gravatar.com\/avatar\/82aafea7d8127119dd649515f56e2117?s=96&d=mm&r=g","contentUrl":"https:\/\/secure.gravatar.com\/avatar\/82aafea7d8127119dd649515f56e2117?s=96&d=mm&r=g","caption":"rtnews"},"url":"https:\/\/now-news.de\/de\/author\/rnews\/"}]}},"_links":{"self":[{"href":"https:\/\/now-news.de\/de\/wp-json\/wp\/v2\/posts\/99807"}],"collection":[{"href":"https:\/\/now-news.de\/de\/wp-json\/wp\/v2\/posts"}],"about":[{"href":"https:\/\/now-news.de\/de\/wp-json\/wp\/v2\/types\/post"}],"author":[{"embeddable":true,"href":"https:\/\/now-news.de\/de\/wp-json\/wp\/v2\/users\/3"}],"replies":[{"embeddable":true,"href":"https:\/\/now-news.de\/de\/wp-json\/wp\/v2\/comments?post=99807"}],"version-history":[{"count":0,"href":"https:\/\/now-news.de\/de\/wp-json\/wp\/v2\/posts\/99807\/revisions"}],"wp:featuredmedia":[{"embeddable":true,"href":"https:\/\/now-news.de\/de\/wp-json\/wp\/v2\/media\/99808"}],"wp:attachment":[{"href":"https:\/\/now-news.de\/de\/wp-json\/wp\/v2\/media?parent=99807"}],"wp:term":[{"taxonomy":"category","embeddable":true,"href":"https:\/\/now-news.de\/de\/wp-json\/wp\/v2\/categories?post=99807"},{"taxonomy":"post_tag","embeddable":true,"href":"https:\/\/now-news.de\/de\/wp-json\/wp\/v2\/tags?post=99807"}],"curies":[{"name":"wp","href":"https:\/\/api.w.org\/{rel}","templated":true}]}}