{"id":99805,"date":"2026-03-04T18:14:07","date_gmt":"2026-03-04T16:14:07","guid":{"rendered":"https:\/\/now-news.de\/de\/deutschland\/paralympics-deutsches-team-boykottiert-eroeffnungsfeier-wegen-teilnahme-russischer-sportler\/"},"modified":"2026-03-04T18:14:07","modified_gmt":"2026-03-04T16:14:07","slug":"paralympics-deutsches-team-boykottiert-eroeffnungsfeier-wegen-teilnahme-russischer-sportler","status":"publish","type":"post","link":"https:\/\/now-news.de\/de\/deutschland\/paralympics-deutsches-team-boykottiert-eroeffnungsfeier-wegen-teilnahme-russischer-sportler\/","title":{"rendered":"Paralympics: Deutsches Team boykottiert Er\u00f6ffnungsfeier wegen Teilnahme russischer Sportler"},"content":{"rendered":"<p><img decoding=\"async\" src=\"https:\/\/now-news.de\/de\/wp-content\/uploads\/sites\/3\/2026\/03\/69a83d1a48fbef6e9318e858.jpg\" \/><\/p>\n<div class=\"Text-root Text-type_1 \">\n                Da das Internationale Paralympische Komitee Sportler aus Russland und Wei\u00dfrussland zu den Winterspielen in Italien zugelassen hat, nimmt das deutsche Team nicht an der Er\u00f6ffnungsfeier teil. Der Behindertensportverband solidarisiert sich mit der ukrainischen Delegation.\n            <\/div>\n<p><\/p>\n<div class=\"Text-root Text-type_5 ArticleView-text ViewText-root \">\n<p>Im Vorfeld der Paralympischen Winterspiele hat der Deutsche Behindertensportverband (DBS) <a rel=\"nofollow noopener\" target=\"_blank\" href=\"https:\/\/www.dbs-npc.de\/mailand-news\/paralympics-2026-eroeffnungsfeier-und-wildcard-vergabe-positionierung-des-deutschen-behindertensportverbandes.html\">angek\u00fcndigt<\/a>, dass das nationale Team nicht beim Einmarsch der Nationen im Rahmen der Er\u00f6ffnungsfeier in Verona mitmacht. An den sogenannten Pre-Recordings, die im Voraus aufgezeichnet und w\u00e4hrend der Zeremonie eingeblendet werden, nehmen die deutschen Athleten wie vorgesehen teil. Diese Entscheidung diene sowohl der Konzentration auf die bevorstehenden Wettk\u00e4mpfe als auch dem Anliegen, eine eindeutig wertebasierte Position zum Ausdruck zu bringen.<\/p>\n<p>Der DBS kritisierte dabei den Beschluss des Internationalen Paralympischen Komitees (IPC), Sportler aus Russland und Wei\u00dfrussland \u00fcber Wildcards zur Teilnahme an den Paralympics in Mailand und Cortina zuzulassen. Die Entscheidung der IPC-Generalversammlung im September 2025 und das Urteil des Internationalen Sportgerichtshofs (CAS) beinhalteten ausdr\u00fccklich keine Verpflichtung, Startpl\u00e4tze an diese L\u00e4nder zu vergeben. Durch die Nichtbeteiligung an der Er\u00f6ffnungsfeier hebe das deutsche Team seine solidarische Haltung gegen\u00fcber der ukrainischen Delegation hervor, betonte der DBS.<\/p>\n<p>Zuvor hatten unter anderem die Ukraine, Tschechien, Estland, Polen und Litauen ihre Pl\u00e4ne f\u00fcr einen Boykott der Er\u00f6ffnungsfeier durch Athleten oder Beamte angek\u00fcndigt. IPC-Pr\u00e4sident Andrew Parsons erkl\u00e4rte, dass die Entscheidung, sechs Russen und vier Wei\u00dfrussen zu Wettk\u00e4mpfen zuzulassen, nicht r\u00fcckg\u00e4ngig gemacht wird. Die Er\u00f6ffnungszeremonie der Paralympischen Winterspiele findet am 6. M\u00e4rz in Verona statt.<\/p>\n<p><strong>Mehr zum Thema<\/strong> \u2013 <a rel=\"nofollow noopener\" target=\"_blank\" href=\"https:\/\/freedert.online\/international\/270665-streit-um-russland-bei-paralympics\/\">Streit um Russland bei den Paralympics<\/a><\/p>\n<div class=\"EmbedBlock-root EmbedBlock-externalVideo EmbedBlock-rumble\">\n<div class=\"VkEmbed\"><iframe class=\"lazyload\" data-src=\"https:\/\/rumble.com\/embed\/v6z6c02\" frameborder=\"0\" width=\"853\" height=\"480\" allowfullscreen><\/iframe><\/div>\n<\/div>\n<\/div>\n<p><br \/>\n<br \/><a href=\"https:\/\/de.rt.com\/international\/272056-deutsches-team-boykottiert-paralympics-eroeffnungsfeier\/\">Source link <\/a><\/p>\n","protected":false},"excerpt":{"rendered":"<p>Da das Internationale Paralympische Komitee Sportler aus Russland und Wei\u00dfrussland zu den Winterspielen in Italien zugelassen hat, nimmt das deutsche Team nicht an der Er\u00f6ffnungsfeier teil. Der Behindertensportverband solidarisiert sich mit der ukrainischen Delegation. Im Vorfeld der Paralympischen Winterspiele hat der Deutsche Behindertensportverband (DBS) angek\u00fcndigt, dass das nationale Team nicht beim Einmarsch der Nationen im [&hellip;]<\/p>\n","protected":false},"author":3,"featured_media":99806,"comment_status":"open","ping_status":"open","sticky":false,"template":"","format":"standard","meta":{"_yoast_indexnow_last_ping":["1772640977"],"wp_automatic_camp":["217"],"2c08acd446ad20f8cb7e44ab000a6794":["Paralympics: Deutsches Team boykottiert Er\u00f6ffnungsfeier wegen Teilnahme russischer Sportler"],"original_link":["https:\/\/de.rt.com\/international\/272056-deutsches-team-boykottiert-paralympics-eroeffnungsfeier\/"],"_thumbnail_id":["99806"],"jnews_social_counter_last_update":["1777269009"],"_wptgpro_p2tg_sent2tg":["a:1:{i:23737;s:19:\"2026-03-04 18:18:29\";}"]},"categories":[19,23],"tags":[20149,29966,48684,54203,793,5915,2450,21927,145],"yoast_head":"<!-- This site is optimized with the Yoast SEO Premium plugin v22.7 (Yoast SEO v22.7) - https:\/\/yoast.com\/wordpress\/plugins\/seo\/ -->\n<title>Paralympics: Deutsches Team boykottiert Er\u00f6ffnungsfeier wegen Teilnahme russischer Sportler - just-now.NEWS Deutschland<\/title>\n<meta name=\"robots\" content=\"index, follow, max-snippet:-1, max-image-preview:large, max-video-preview:-1\" \/>\n<link rel=\"canonical\" href=\"https:\/\/now-news.de\/de\/deutschland\/paralympics-deutsches-team-boykottiert-eroeffnungsfeier-wegen-teilnahme-russischer-sportler\/\" \/>\n<meta property=\"og:locale\" content=\"de_DE\" \/>\n<meta property=\"og:type\" content=\"article\" \/>\n<meta property=\"og:title\" content=\"Paralympics: Deutsches Team boykottiert Er\u00f6ffnungsfeier wegen Teilnahme russischer Sportler\" \/>\n<meta property=\"og:description\" content=\"Da das Internationale Paralympische Komitee Sportler aus Russland und Wei\u00dfrussland zu den Winterspielen in Italien zugelassen hat, nimmt das deutsche Team nicht an der Er\u00f6ffnungsfeier teil. Der Behindertensportverband solidarisiert sich mit der ukrainischen Delegation. Im Vorfeld der Paralympischen Winterspiele hat der Deutsche Behindertensportverband (DBS) angek\u00fcndigt, dass das nationale Team nicht beim Einmarsch der Nationen im [&hellip;]\" \/>\n<meta property=\"og:url\" content=\"https:\/\/now-news.de\/de\/deutschland\/paralympics-deutsches-team-boykottiert-eroeffnungsfeier-wegen-teilnahme-russischer-sportler\/\" \/>\n<meta property=\"og:site_name\" content=\"just-now.NEWS Deutschland\" \/>\n<meta property=\"article:publisher\" content=\"https:\/\/www.facebook.com\/wirmachenauf\" \/>\n<meta property=\"article:published_time\" content=\"2026-03-04T16:14:07+00:00\" \/>\n<meta property=\"og:image\" content=\"https:\/\/now-news.de\/de\/wp-content\/uploads\/sites\/3\/2026\/03\/69a83d1a48fbef6e9318e858.jpg\" \/>\n<meta name=\"author\" content=\"rtnews\" \/>\n<meta name=\"twitter:card\" content=\"summary_large_image\" \/>\n<meta name=\"twitter:creator\" content=\"@WirMachenAuf_de\" \/>\n<meta name=\"twitter:site\" content=\"@WirMachenAuf_de\" \/>\n<meta name=\"twitter:label1\" content=\"Verfasst von\" \/>\n\t<meta name=\"twitter:data1\" content=\"rtnews\" \/>\n\t<meta name=\"twitter:label2\" content=\"Gesch\u00e4tzte Lesezeit\" \/>\n\t<meta name=\"twitter:data2\" content=\"1\u00a0Minute\" \/>\n<script type=\"application\/ld+json\" class=\"yoast-schema-graph\">{\"@context\":\"https:\/\/schema.org\",\"@graph\":[{\"@type\":\"Article\",\"@id\":\"https:\/\/now-news.de\/de\/deutschland\/paralympics-deutsches-team-boykottiert-eroeffnungsfeier-wegen-teilnahme-russischer-sportler\/#article\",\"isPartOf\":{\"@id\":\"https:\/\/now-news.de\/de\/deutschland\/paralympics-deutsches-team-boykottiert-eroeffnungsfeier-wegen-teilnahme-russischer-sportler\/\"},\"author\":{\"name\":\"rtnews\",\"@id\":\"https:\/\/now-news.de\/de\/#\/schema\/person\/fb534a4e865501d8b3285208df34a9b5\"},\"headline\":\"Paralympics: Deutsches Team boykottiert Er\u00f6ffnungsfeier wegen Teilnahme russischer Sportler\",\"datePublished\":\"2026-03-04T16:14:07+00:00\",\"dateModified\":\"2026-03-04T16:14:07+00:00\",\"mainEntityOfPage\":{\"@id\":\"https:\/\/now-news.de\/de\/deutschland\/paralympics-deutsches-team-boykottiert-eroeffnungsfeier-wegen-teilnahme-russischer-sportler\/\"},\"wordCount\":275,\"commentCount\":0,\"publisher\":{\"@id\":\"https:\/\/now-news.de\/de\/#organization\"},\"image\":{\"@id\":\"https:\/\/now-news.de\/de\/deutschland\/paralympics-deutsches-team-boykottiert-eroeffnungsfeier-wegen-teilnahme-russischer-sportler\/#primaryimage\"},\"thumbnailUrl\":\"https:\/\/now-news.de\/de\/wp-content\/uploads\/sites\/3\/2026\/03\/Paralympics-Deutsches-Team-boykottiert-Eroeffnungsfeier-wegen-Teilnahme-russischer-Sportler.jpg\",\"keywords\":[\"boykottiert\",\"deutsches\",\"Er\u00f6ffnungsfeier\",\"Paralympics\",\"Russischer\",\"Sportler\",\"Team\",\"Teilnahme\",\"wegen\"],\"articleSection\":[\"Deutschland\",\"Russland\"],\"inLanguage\":\"de\",\"potentialAction\":[{\"@type\":\"CommentAction\",\"name\":\"Comment\",\"target\":[\"https:\/\/now-news.de\/de\/deutschland\/paralympics-deutsches-team-boykottiert-eroeffnungsfeier-wegen-teilnahme-russischer-sportler\/#respond\"]}]},{\"@type\":\"WebPage\",\"@id\":\"https:\/\/now-news.de\/de\/deutschland\/paralympics-deutsches-team-boykottiert-eroeffnungsfeier-wegen-teilnahme-russischer-sportler\/\",\"url\":\"https:\/\/now-news.de\/de\/deutschland\/paralympics-deutsches-team-boykottiert-eroeffnungsfeier-wegen-teilnahme-russischer-sportler\/\",\"name\":\"Paralympics: Deutsches Team boykottiert Er\u00f6ffnungsfeier wegen Teilnahme russischer Sportler - just-now.NEWS Deutschland\",\"isPartOf\":{\"@id\":\"https:\/\/now-news.de\/de\/#website\"},\"primaryImageOfPage\":{\"@id\":\"https:\/\/now-news.de\/de\/deutschland\/paralympics-deutsches-team-boykottiert-eroeffnungsfeier-wegen-teilnahme-russischer-sportler\/#primaryimage\"},\"image\":{\"@id\":\"https:\/\/now-news.de\/de\/deutschland\/paralympics-deutsches-team-boykottiert-eroeffnungsfeier-wegen-teilnahme-russischer-sportler\/#primaryimage\"},\"thumbnailUrl\":\"https:\/\/now-news.de\/de\/wp-content\/uploads\/sites\/3\/2026\/03\/Paralympics-Deutsches-Team-boykottiert-Eroeffnungsfeier-wegen-Teilnahme-russischer-Sportler.jpg\",\"datePublished\":\"2026-03-04T16:14:07+00:00\",\"dateModified\":\"2026-03-04T16:14:07+00:00\",\"breadcrumb\":{\"@id\":\"https:\/\/now-news.de\/de\/deutschland\/paralympics-deutsches-team-boykottiert-eroeffnungsfeier-wegen-teilnahme-russischer-sportler\/#breadcrumb\"},\"inLanguage\":\"de\",\"potentialAction\":[{\"@type\":\"ReadAction\",\"target\":[\"https:\/\/now-news.de\/de\/deutschland\/paralympics-deutsches-team-boykottiert-eroeffnungsfeier-wegen-teilnahme-russischer-sportler\/\"]}]},{\"@type\":\"ImageObject\",\"inLanguage\":\"de\",\"@id\":\"https:\/\/now-news.de\/de\/deutschland\/paralympics-deutsches-team-boykottiert-eroeffnungsfeier-wegen-teilnahme-russischer-sportler\/#primaryimage\",\"url\":\"https:\/\/now-news.de\/de\/wp-content\/uploads\/sites\/3\/2026\/03\/Paralympics-Deutsches-Team-boykottiert-Eroeffnungsfeier-wegen-Teilnahme-russischer-Sportler.jpg\",\"contentUrl\":\"https:\/\/now-news.de\/de\/wp-content\/uploads\/sites\/3\/2026\/03\/Paralympics-Deutsches-Team-boykottiert-Eroeffnungsfeier-wegen-Teilnahme-russischer-Sportler.jpg\",\"width\":460,\"height\":259,\"caption\":\"Paralympics: Deutsches Team boykottiert Er\u00f6ffnungsfeier wegen Teilnahme russischer Sportler\"},{\"@type\":\"BreadcrumbList\",\"@id\":\"https:\/\/now-news.de\/de\/deutschland\/paralympics-deutsches-team-boykottiert-eroeffnungsfeier-wegen-teilnahme-russischer-sportler\/#breadcrumb\",\"itemListElement\":[{\"@type\":\"ListItem\",\"position\":1,\"name\":\"Home\",\"item\":\"https:\/\/now-news.de\/de\/\"},{\"@type\":\"ListItem\",\"position\":2,\"name\":\"Paralympics: Deutsches Team boykottiert Er\u00f6ffnungsfeier wegen Teilnahme russischer Sportler\"}]},{\"@type\":\"WebSite\",\"@id\":\"https:\/\/now-news.de\/de\/#website\",\"url\":\"https:\/\/now-news.de\/de\/\",\"name\":\"just-now.NEWS Deutschland\",\"description\":\"Das Portal f\u00fcr unzensierte Nachrichten aus der Welt\",\"publisher\":{\"@id\":\"https:\/\/now-news.de\/de\/#organization\"},\"potentialAction\":[{\"@type\":\"SearchAction\",\"target\":{\"@type\":\"EntryPoint\",\"urlTemplate\":\"https:\/\/now-news.de\/de\/?s={search_term_string}\"},\"query-input\":\"required name=search_term_string\"}],\"inLanguage\":\"de\"},{\"@type\":\"Organization\",\"@id\":\"https:\/\/now-news.de\/de\/#organization\",\"name\":\"Just Now News\",\"url\":\"https:\/\/now-news.de\/de\/\",\"logo\":{\"@type\":\"ImageObject\",\"inLanguage\":\"de\",\"@id\":\"https:\/\/now-news.de\/de\/#\/schema\/logo\/image\/\",\"url\":\"http:\/\/just-now.news\/de\/wp-content\/uploads\/sites\/3\/2022\/04\/logo500x500.jpg\",\"contentUrl\":\"http:\/\/just-now.news\/de\/wp-content\/uploads\/sites\/3\/2022\/04\/logo500x500.jpg\",\"width\":500,\"height\":500,\"caption\":\"Just Now News\"},\"image\":{\"@id\":\"https:\/\/now-news.de\/de\/#\/schema\/logo\/image\/\"},\"sameAs\":[\"https:\/\/www.facebook.com\/wirmachenauf\",\"https:\/\/x.com\/WirMachenAuf_de\"]},{\"@type\":\"Person\",\"@id\":\"https:\/\/now-news.de\/de\/#\/schema\/person\/fb534a4e865501d8b3285208df34a9b5\",\"name\":\"rtnews\",\"image\":{\"@type\":\"ImageObject\",\"inLanguage\":\"de\",\"@id\":\"https:\/\/now-news.de\/de\/#\/schema\/person\/image\/\",\"url\":\"https:\/\/secure.gravatar.com\/avatar\/82aafea7d8127119dd649515f56e2117?s=96&d=mm&r=g\",\"contentUrl\":\"https:\/\/secure.gravatar.com\/avatar\/82aafea7d8127119dd649515f56e2117?s=96&d=mm&r=g\",\"caption\":\"rtnews\"},\"url\":\"https:\/\/now-news.de\/de\/author\/rnews\/\"}]}<\/script>\n<!-- \/ Yoast SEO Premium plugin. -->","yoast_head_json":{"title":"Paralympics: Deutsches Team boykottiert Er\u00f6ffnungsfeier wegen Teilnahme russischer Sportler - just-now.NEWS Deutschland","robots":{"index":"index","follow":"follow","max-snippet":"max-snippet:-1","max-image-preview":"max-image-preview:large","max-video-preview":"max-video-preview:-1"},"canonical":"https:\/\/now-news.de\/de\/deutschland\/paralympics-deutsches-team-boykottiert-eroeffnungsfeier-wegen-teilnahme-russischer-sportler\/","og_locale":"de_DE","og_type":"article","og_title":"Paralympics: Deutsches Team boykottiert Er\u00f6ffnungsfeier wegen Teilnahme russischer Sportler","og_description":"Da das Internationale Paralympische Komitee Sportler aus Russland und Wei\u00dfrussland zu den Winterspielen in Italien zugelassen hat, nimmt das deutsche Team nicht an der Er\u00f6ffnungsfeier teil. Der Behindertensportverband solidarisiert sich mit der ukrainischen Delegation. Im Vorfeld der Paralympischen Winterspiele hat der Deutsche Behindertensportverband (DBS) angek\u00fcndigt, dass das nationale Team nicht beim Einmarsch der Nationen im [&hellip;]","og_url":"https:\/\/now-news.de\/de\/deutschland\/paralympics-deutsches-team-boykottiert-eroeffnungsfeier-wegen-teilnahme-russischer-sportler\/","og_site_name":"just-now.NEWS Deutschland","article_publisher":"https:\/\/www.facebook.com\/wirmachenauf","article_published_time":"2026-03-04T16:14:07+00:00","og_image":[{"url":"https:\/\/now-news.de\/de\/wp-content\/uploads\/sites\/3\/2026\/03\/69a83d1a48fbef6e9318e858.jpg"}],"author":"rtnews","twitter_card":"summary_large_image","twitter_creator":"@WirMachenAuf_de","twitter_site":"@WirMachenAuf_de","twitter_misc":{"Verfasst von":"rtnews","Gesch\u00e4tzte Lesezeit":"1\u00a0Minute"},"schema":{"@context":"https:\/\/schema.org","@graph":[{"@type":"Article","@id":"https:\/\/now-news.de\/de\/deutschland\/paralympics-deutsches-team-boykottiert-eroeffnungsfeier-wegen-teilnahme-russischer-sportler\/#article","isPartOf":{"@id":"https:\/\/now-news.de\/de\/deutschland\/paralympics-deutsches-team-boykottiert-eroeffnungsfeier-wegen-teilnahme-russischer-sportler\/"},"author":{"name":"rtnews","@id":"https:\/\/now-news.de\/de\/#\/schema\/person\/fb534a4e865501d8b3285208df34a9b5"},"headline":"Paralympics: Deutsches Team boykottiert Er\u00f6ffnungsfeier wegen Teilnahme russischer Sportler","datePublished":"2026-03-04T16:14:07+00:00","dateModified":"2026-03-04T16:14:07+00:00","mainEntityOfPage":{"@id":"https:\/\/now-news.de\/de\/deutschland\/paralympics-deutsches-team-boykottiert-eroeffnungsfeier-wegen-teilnahme-russischer-sportler\/"},"wordCount":275,"commentCount":0,"publisher":{"@id":"https:\/\/now-news.de\/de\/#organization"},"image":{"@id":"https:\/\/now-news.de\/de\/deutschland\/paralympics-deutsches-team-boykottiert-eroeffnungsfeier-wegen-teilnahme-russischer-sportler\/#primaryimage"},"thumbnailUrl":"https:\/\/now-news.de\/de\/wp-content\/uploads\/sites\/3\/2026\/03\/Paralympics-Deutsches-Team-boykottiert-Eroeffnungsfeier-wegen-Teilnahme-russischer-Sportler.jpg","keywords":["boykottiert","deutsches","Er\u00f6ffnungsfeier","Paralympics","Russischer","Sportler","Team","Teilnahme","wegen"],"articleSection":["Deutschland","Russland"],"inLanguage":"de","potentialAction":[{"@type":"CommentAction","name":"Comment","target":["https:\/\/now-news.de\/de\/deutschland\/paralympics-deutsches-team-boykottiert-eroeffnungsfeier-wegen-teilnahme-russischer-sportler\/#respond"]}]},{"@type":"WebPage","@id":"https:\/\/now-news.de\/de\/deutschland\/paralympics-deutsches-team-boykottiert-eroeffnungsfeier-wegen-teilnahme-russischer-sportler\/","url":"https:\/\/now-news.de\/de\/deutschland\/paralympics-deutsches-team-boykottiert-eroeffnungsfeier-wegen-teilnahme-russischer-sportler\/","name":"Paralympics: Deutsches Team boykottiert Er\u00f6ffnungsfeier wegen Teilnahme russischer Sportler - just-now.NEWS Deutschland","isPartOf":{"@id":"https:\/\/now-news.de\/de\/#website"},"primaryImageOfPage":{"@id":"https:\/\/now-news.de\/de\/deutschland\/paralympics-deutsches-team-boykottiert-eroeffnungsfeier-wegen-teilnahme-russischer-sportler\/#primaryimage"},"image":{"@id":"https:\/\/now-news.de\/de\/deutschland\/paralympics-deutsches-team-boykottiert-eroeffnungsfeier-wegen-teilnahme-russischer-sportler\/#primaryimage"},"thumbnailUrl":"https:\/\/now-news.de\/de\/wp-content\/uploads\/sites\/3\/2026\/03\/Paralympics-Deutsches-Team-boykottiert-Eroeffnungsfeier-wegen-Teilnahme-russischer-Sportler.jpg","datePublished":"2026-03-04T16:14:07+00:00","dateModified":"2026-03-04T16:14:07+00:00","breadcrumb":{"@id":"https:\/\/now-news.de\/de\/deutschland\/paralympics-deutsches-team-boykottiert-eroeffnungsfeier-wegen-teilnahme-russischer-sportler\/#breadcrumb"},"inLanguage":"de","potentialAction":[{"@type":"ReadAction","target":["https:\/\/now-news.de\/de\/deutschland\/paralympics-deutsches-team-boykottiert-eroeffnungsfeier-wegen-teilnahme-russischer-sportler\/"]}]},{"@type":"ImageObject","inLanguage":"de","@id":"https:\/\/now-news.de\/de\/deutschland\/paralympics-deutsches-team-boykottiert-eroeffnungsfeier-wegen-teilnahme-russischer-sportler\/#primaryimage","url":"https:\/\/now-news.de\/de\/wp-content\/uploads\/sites\/3\/2026\/03\/Paralympics-Deutsches-Team-boykottiert-Eroeffnungsfeier-wegen-Teilnahme-russischer-Sportler.jpg","contentUrl":"https:\/\/now-news.de\/de\/wp-content\/uploads\/sites\/3\/2026\/03\/Paralympics-Deutsches-Team-boykottiert-Eroeffnungsfeier-wegen-Teilnahme-russischer-Sportler.jpg","width":460,"height":259,"caption":"Paralympics: Deutsches Team boykottiert Er\u00f6ffnungsfeier wegen Teilnahme russischer Sportler"},{"@type":"BreadcrumbList","@id":"https:\/\/now-news.de\/de\/deutschland\/paralympics-deutsches-team-boykottiert-eroeffnungsfeier-wegen-teilnahme-russischer-sportler\/#breadcrumb","itemListElement":[{"@type":"ListItem","position":1,"name":"Home","item":"https:\/\/now-news.de\/de\/"},{"@type":"ListItem","position":2,"name":"Paralympics: Deutsches Team boykottiert Er\u00f6ffnungsfeier wegen Teilnahme russischer Sportler"}]},{"@type":"WebSite","@id":"https:\/\/now-news.de\/de\/#website","url":"https:\/\/now-news.de\/de\/","name":"just-now.NEWS Deutschland","description":"Das Portal f\u00fcr unzensierte Nachrichten aus der Welt","publisher":{"@id":"https:\/\/now-news.de\/de\/#organization"},"potentialAction":[{"@type":"SearchAction","target":{"@type":"EntryPoint","urlTemplate":"https:\/\/now-news.de\/de\/?s={search_term_string}"},"query-input":"required name=search_term_string"}],"inLanguage":"de"},{"@type":"Organization","@id":"https:\/\/now-news.de\/de\/#organization","name":"Just Now News","url":"https:\/\/now-news.de\/de\/","logo":{"@type":"ImageObject","inLanguage":"de","@id":"https:\/\/now-news.de\/de\/#\/schema\/logo\/image\/","url":"http:\/\/just-now.news\/de\/wp-content\/uploads\/sites\/3\/2022\/04\/logo500x500.jpg","contentUrl":"http:\/\/just-now.news\/de\/wp-content\/uploads\/sites\/3\/2022\/04\/logo500x500.jpg","width":500,"height":500,"caption":"Just Now News"},"image":{"@id":"https:\/\/now-news.de\/de\/#\/schema\/logo\/image\/"},"sameAs":["https:\/\/www.facebook.com\/wirmachenauf","https:\/\/x.com\/WirMachenAuf_de"]},{"@type":"Person","@id":"https:\/\/now-news.de\/de\/#\/schema\/person\/fb534a4e865501d8b3285208df34a9b5","name":"rtnews","image":{"@type":"ImageObject","inLanguage":"de","@id":"https:\/\/now-news.de\/de\/#\/schema\/person\/image\/","url":"https:\/\/secure.gravatar.com\/avatar\/82aafea7d8127119dd649515f56e2117?s=96&d=mm&r=g","contentUrl":"https:\/\/secure.gravatar.com\/avatar\/82aafea7d8127119dd649515f56e2117?s=96&d=mm&r=g","caption":"rtnews"},"url":"https:\/\/now-news.de\/de\/author\/rnews\/"}]}},"_links":{"self":[{"href":"https:\/\/now-news.de\/de\/wp-json\/wp\/v2\/posts\/99805"}],"collection":[{"href":"https:\/\/now-news.de\/de\/wp-json\/wp\/v2\/posts"}],"about":[{"href":"https:\/\/now-news.de\/de\/wp-json\/wp\/v2\/types\/post"}],"author":[{"embeddable":true,"href":"https:\/\/now-news.de\/de\/wp-json\/wp\/v2\/users\/3"}],"replies":[{"embeddable":true,"href":"https:\/\/now-news.de\/de\/wp-json\/wp\/v2\/comments?post=99805"}],"version-history":[{"count":0,"href":"https:\/\/now-news.de\/de\/wp-json\/wp\/v2\/posts\/99805\/revisions"}],"wp:featuredmedia":[{"embeddable":true,"href":"https:\/\/now-news.de\/de\/wp-json\/wp\/v2\/media\/99806"}],"wp:attachment":[{"href":"https:\/\/now-news.de\/de\/wp-json\/wp\/v2\/media?parent=99805"}],"wp:term":[{"taxonomy":"category","embeddable":true,"href":"https:\/\/now-news.de\/de\/wp-json\/wp\/v2\/categories?post=99805"},{"taxonomy":"post_tag","embeddable":true,"href":"https:\/\/now-news.de\/de\/wp-json\/wp\/v2\/tags?post=99805"}],"curies":[{"name":"wp","href":"https:\/\/api.w.org\/{rel}","templated":true}]}}