{"id":99779,"date":"2026-03-04T07:30:00","date_gmt":"2026-03-04T05:30:00","guid":{"rendered":"https:\/\/now-news.de\/de\/deutschland\/eu-zahl-der-asylantraege-geht-zurueck-deutschland-bleibt-als-zielland-an-erster-stelle\/"},"modified":"2026-03-04T07:30:00","modified_gmt":"2026-03-04T05:30:00","slug":"eu-zahl-der-asylantraege-geht-zurueck-deutschland-bleibt-als-zielland-an-erster-stelle","status":"publish","type":"post","link":"https:\/\/now-news.de\/de\/deutschland\/eu-zahl-der-asylantraege-geht-zurueck-deutschland-bleibt-als-zielland-an-erster-stelle\/","title":{"rendered":"EU: Zahl der Asylantr\u00e4ge geht zur\u00fcck \u2013 Deutschland bleibt als Zielland an erster Stelle"},"content":{"rendered":"<p><img decoding=\"async\" src=\"https:\/\/now-news.de\/de\/wp-content\/uploads\/sites\/3\/2026\/03\/69a6d1e348fbef6e9318e78a.jpg\" \/><\/p>\n<div class=\"Text-root Text-type_1 \">\n                Europaweit sinkt die Zahl der gestellten Asylantr\u00e4ge. Einer der Gr\u00fcnde: Es gibt weniger Antragsteller aus Syrien und der T\u00fcrkei. Ungeachtet dessen bleibt Deutschland das Land, wo die meisten Antr\u00e4ge auf Schutz gestellt werden.\n            <\/div>\n<p><\/p>\n<div class=\"Text-root Text-type_5 ArticleView-text ViewText-root \">\n<p>Nicht nur in der Europ\u00e4ischen Union, sondern auch in Norwegen und der Schweiz sind im vergangenen Jahr die Antr\u00e4ge auf Asyl deutlich zur\u00fcckgegangen. Wie die <em>Welt<\/em> berichtet, sind im Jahr 2025 in den 27 EU-L\u00e4ndern und den beiden Partnerstaaten Schweiz und Norwegen rund 822.000 Asylantr\u00e4ge registriert worden. Im Vergleich zum Jahr 2024 entspricht dies einem R\u00fcckgang von knapp einem F\u00fcnftel (minus 19 Prozentpunkte). Etwa 163.000 Antr\u00e4ge auf Asyl wurden in Deutschland gestellt, wie aus dem Jahresbericht der auf Malta angesiedelten EU-Asylagentur (EUAA) hervorgeht.<\/p>\n<p>F\u00fcr die insgesamt deutlich gesunkenen Antragszahlen verweisen die EU-Statistiker auf die r\u00fcckl\u00e4ufigen Antr\u00e4ge von Asylbewerbern aus Syrien (42.000; im Jahr 2024: noch 151.000), Bangladesch (37.000) und der T\u00fcrkei (33.000).<\/p>\n<p>Allerdings seien die Asylantr\u00e4ge von Migranten aus Afghanistan (117.000) und Venezuela (91.000) angestiegen. Als Gr\u00fcnde f\u00fcr die gestiegenen Antragszahlen der Venezolaner werden die restriktivere Einwanderungspolitik der USA unter Trump und ebenso versch\u00e4rfte Visa-Regelungen anderer lateinamerikanischer Staaten genannt.<\/p>\n<p><strong>Deutschland bleibt Zielland Nummer 1<\/strong><\/p>\n<p>Zwar habe es im ersten Halbjahr 2025 noch danach ausgesehen, dass die Bundesrepublik Deutschland nicht mehr der europ\u00e4ische Staat mit den meisten registrierten Asylantr\u00e4gen sei, so ein fr\u00fcherer Bericht der EUAA. Doch diese Tendenz hat sich nicht verstetigt, wie der j\u00fcngste Bericht der Agentur <a rel=\"nofollow noopener\" target=\"_blank\" href=\"https:\/\/www.euaa.europa.eu\/news-events\/eu-asylum-applications-down-one-fifth-2025-amid-shifting-geopolitical-dynamics\">dokumentiert<\/a>. Zwar sank die Zahl der Asylantr\u00e4ge in Deutschland um fast ein Drittel (minus 31 Prozentpunkte), doch mit 163.000 Antr\u00e4gen nahm Deutschland ein weiteres Mal als Zielland den ersten Platz ein.<\/p>\n<p>Zum Vergleich: In Frankreich blieb die Zahl der Asylantr\u00e4ge mit 152.000 in etwa auf dem Vorjahresniveau. In Spanien lag sie mit 143.000 um etwa 15 Prozent niedriger als im Jahr 2024. Italien registrierte 134.000 Asylantr\u00e4ge, Griechenland 62.000 (jeweils rund 16 Prozent weniger). Diese f\u00fcnf L\u00e4nder kombiniert vereinen auf sich rund 80 Prozent aller von der EUAA erfassten Asylantr\u00e4ge.<\/p>\n<p>Wie die <em>Welt<\/em> bemerkt, weichen die Zahlen der EUAA f\u00fcr Deutschland nur geringf\u00fcgig von denen ab, die das Bundesamt f\u00fcr Migration und Fl\u00fcchtlinge (BAMF) ver\u00f6ffentlicht hat. Die Bundesbeh\u00f6rde mit Sitz in N\u00fcrnberg hatte f\u00fcr das Jahr 2025 rund 168.000 Asylantr\u00e4ge registriert, davon etwa 113.000 Erstantr\u00e4ge. In die EUAA-Zahlen flie\u00dfen ebenfalls Erst- und Folgeantr\u00e4ge ein, werden allerdings nicht gesondert aufgeschl\u00fcsselt.<\/p>\n<p><strong>Mehr zum Thema<\/strong> \u2013\u00a0<a rel=\"nofollow noopener\" target=\"_blank\" href=\"https:\/\/freedert.online\/inland\/271401-bundestag-verschaerft-asylrecht-afd-spricht\/\">Bundestag versch\u00e4rft Asylrecht \u2013 AfD spricht von &#8220;Mogelpackung&#8221;<\/a><\/p>\n<div class=\"EmbedBlock-root EmbedBlock-externalVideo EmbedBlock-rumble\">\n<div class=\"VkEmbed\"><iframe class=\"lazyload\" data-src=\"https:\/\/rumble.com\/embed\/v6tdcsn\" frameborder=\"0\" width=\"853\" height=\"480\" allowfullscreen><\/iframe><\/div>\n<\/div>\n<\/div>\n<p><br \/>\n<br \/><a href=\"https:\/\/de.rt.com\/europa\/271880-eu-zahl-asylantraege-geht-zurueck\/\">Source link <\/a><\/p>\n","protected":false},"excerpt":{"rendered":"<p>Europaweit sinkt die Zahl der gestellten Asylantr\u00e4ge. Einer der Gr\u00fcnde: Es gibt weniger Antragsteller aus Syrien und der T\u00fcrkei. Ungeachtet dessen bleibt Deutschland das Land, wo die meisten Antr\u00e4ge auf Schutz gestellt werden. Nicht nur in der Europ\u00e4ischen Union, sondern auch in Norwegen und der Schweiz sind im vergangenen Jahr die Antr\u00e4ge auf Asyl deutlich [&hellip;]<\/p>\n","protected":false},"author":3,"featured_media":99780,"comment_status":"open","ping_status":"open","sticky":false,"template":"","format":"standard","meta":{"_yoast_indexnow_last_ping":["1772603082"],"wp_automatic_camp":["217"],"53f69e3b65b088b0a41b148ee51fa005":["EU: Zahl der Asylantr\u00e4ge geht zur\u00fcck \u2013 Deutschland bleibt als Zielland an erster Stelle"],"original_link":["https:\/\/de.rt.com\/europa\/271880-eu-zahl-asylantraege-geht-zurueck\/"],"_thumbnail_id":["99780"],"jnews_social_counter_last_update":["1777603778"],"_wptgpro_p2tg_sent2tg":["a:1:{i:23737;s:19:\"2026-03-04 07:45:42\";}"]},"categories":[19,23],"tags":[273,760,487,82,179,11409,1673,4439,16017,52425,3337],"yoast_head":"<!-- This site is optimized with the Yoast SEO Premium plugin v22.7 (Yoast SEO v22.7) - https:\/\/yoast.com\/wordpress\/plugins\/seo\/ -->\n<title>EU: Zahl der Asylantr\u00e4ge geht zur\u00fcck \u2013 Deutschland bleibt als Zielland an erster Stelle - just-now.NEWS Deutschland<\/title>\n<meta name=\"robots\" content=\"index, follow, max-snippet:-1, max-image-preview:large, max-video-preview:-1\" \/>\n<link rel=\"canonical\" href=\"https:\/\/now-news.de\/de\/deutschland\/eu-zahl-der-asylantraege-geht-zurueck-deutschland-bleibt-als-zielland-an-erster-stelle\/\" \/>\n<meta property=\"og:locale\" content=\"de_DE\" \/>\n<meta property=\"og:type\" content=\"article\" \/>\n<meta property=\"og:title\" content=\"EU: Zahl der Asylantr\u00e4ge geht zur\u00fcck \u2013 Deutschland bleibt als Zielland an erster Stelle\" \/>\n<meta property=\"og:description\" content=\"Europaweit sinkt die Zahl der gestellten Asylantr\u00e4ge. Einer der Gr\u00fcnde: Es gibt weniger Antragsteller aus Syrien und der T\u00fcrkei. Ungeachtet dessen bleibt Deutschland das Land, wo die meisten Antr\u00e4ge auf Schutz gestellt werden. Nicht nur in der Europ\u00e4ischen Union, sondern auch in Norwegen und der Schweiz sind im vergangenen Jahr die Antr\u00e4ge auf Asyl deutlich [&hellip;]\" \/>\n<meta property=\"og:url\" content=\"https:\/\/now-news.de\/de\/deutschland\/eu-zahl-der-asylantraege-geht-zurueck-deutschland-bleibt-als-zielland-an-erster-stelle\/\" \/>\n<meta property=\"og:site_name\" content=\"just-now.NEWS Deutschland\" \/>\n<meta property=\"article:publisher\" content=\"https:\/\/www.facebook.com\/wirmachenauf\" \/>\n<meta property=\"article:published_time\" content=\"2026-03-04T05:30:00+00:00\" \/>\n<meta property=\"og:image\" content=\"https:\/\/now-news.de\/de\/wp-content\/uploads\/sites\/3\/2026\/03\/69a6d1e348fbef6e9318e78a.jpg\" \/>\n<meta name=\"author\" content=\"rtnews\" \/>\n<meta name=\"twitter:card\" content=\"summary_large_image\" \/>\n<meta name=\"twitter:creator\" content=\"@WirMachenAuf_de\" \/>\n<meta name=\"twitter:site\" content=\"@WirMachenAuf_de\" \/>\n<meta name=\"twitter:label1\" content=\"Verfasst von\" \/>\n\t<meta name=\"twitter:data1\" content=\"rtnews\" \/>\n\t<meta name=\"twitter:label2\" content=\"Gesch\u00e4tzte Lesezeit\" \/>\n\t<meta name=\"twitter:data2\" content=\"2\u00a0Minuten\" \/>\n<script type=\"application\/ld+json\" class=\"yoast-schema-graph\">{\"@context\":\"https:\/\/schema.org\",\"@graph\":[{\"@type\":\"Article\",\"@id\":\"https:\/\/now-news.de\/de\/deutschland\/eu-zahl-der-asylantraege-geht-zurueck-deutschland-bleibt-als-zielland-an-erster-stelle\/#article\",\"isPartOf\":{\"@id\":\"https:\/\/now-news.de\/de\/deutschland\/eu-zahl-der-asylantraege-geht-zurueck-deutschland-bleibt-als-zielland-an-erster-stelle\/\"},\"author\":{\"name\":\"rtnews\",\"@id\":\"https:\/\/now-news.de\/de\/#\/schema\/person\/fb534a4e865501d8b3285208df34a9b5\"},\"headline\":\"EU: Zahl der Asylantr\u00e4ge geht zur\u00fcck \u2013 Deutschland bleibt als Zielland an erster Stelle\",\"datePublished\":\"2026-03-04T05:30:00+00:00\",\"dateModified\":\"2026-03-04T05:30:00+00:00\",\"mainEntityOfPage\":{\"@id\":\"https:\/\/now-news.de\/de\/deutschland\/eu-zahl-der-asylantraege-geht-zurueck-deutschland-bleibt-als-zielland-an-erster-stelle\/\"},\"wordCount\":425,\"commentCount\":0,\"publisher\":{\"@id\":\"https:\/\/now-news.de\/de\/#organization\"},\"image\":{\"@id\":\"https:\/\/now-news.de\/de\/deutschland\/eu-zahl-der-asylantraege-geht-zurueck-deutschland-bleibt-als-zielland-an-erster-stelle\/#primaryimage\"},\"thumbnailUrl\":\"https:\/\/now-news.de\/de\/wp-content\/uploads\/sites\/3\/2026\/03\/EU-Zahl-der-Asylantraege-geht-zurueck-\u2013-Deutschland-bleibt-als.jpg\",\"keywords\":[\"als\",\"Asylantr\u00e4ge\",\"bleibt\",\"der\",\"Deutschland\",\"Erster\",\"Geht\",\"Stelle\",\"Zahl\",\"Zielland\",\"zur\u00fcck\"],\"articleSection\":[\"Deutschland\",\"Russland\"],\"inLanguage\":\"de\",\"potentialAction\":[{\"@type\":\"CommentAction\",\"name\":\"Comment\",\"target\":[\"https:\/\/now-news.de\/de\/deutschland\/eu-zahl-der-asylantraege-geht-zurueck-deutschland-bleibt-als-zielland-an-erster-stelle\/#respond\"]}]},{\"@type\":\"WebPage\",\"@id\":\"https:\/\/now-news.de\/de\/deutschland\/eu-zahl-der-asylantraege-geht-zurueck-deutschland-bleibt-als-zielland-an-erster-stelle\/\",\"url\":\"https:\/\/now-news.de\/de\/deutschland\/eu-zahl-der-asylantraege-geht-zurueck-deutschland-bleibt-als-zielland-an-erster-stelle\/\",\"name\":\"EU: Zahl der Asylantr\u00e4ge geht zur\u00fcck \u2013 Deutschland bleibt als Zielland an erster Stelle - just-now.NEWS Deutschland\",\"isPartOf\":{\"@id\":\"https:\/\/now-news.de\/de\/#website\"},\"primaryImageOfPage\":{\"@id\":\"https:\/\/now-news.de\/de\/deutschland\/eu-zahl-der-asylantraege-geht-zurueck-deutschland-bleibt-als-zielland-an-erster-stelle\/#primaryimage\"},\"image\":{\"@id\":\"https:\/\/now-news.de\/de\/deutschland\/eu-zahl-der-asylantraege-geht-zurueck-deutschland-bleibt-als-zielland-an-erster-stelle\/#primaryimage\"},\"thumbnailUrl\":\"https:\/\/now-news.de\/de\/wp-content\/uploads\/sites\/3\/2026\/03\/EU-Zahl-der-Asylantraege-geht-zurueck-\u2013-Deutschland-bleibt-als.jpg\",\"datePublished\":\"2026-03-04T05:30:00+00:00\",\"dateModified\":\"2026-03-04T05:30:00+00:00\",\"breadcrumb\":{\"@id\":\"https:\/\/now-news.de\/de\/deutschland\/eu-zahl-der-asylantraege-geht-zurueck-deutschland-bleibt-als-zielland-an-erster-stelle\/#breadcrumb\"},\"inLanguage\":\"de\",\"potentialAction\":[{\"@type\":\"ReadAction\",\"target\":[\"https:\/\/now-news.de\/de\/deutschland\/eu-zahl-der-asylantraege-geht-zurueck-deutschland-bleibt-als-zielland-an-erster-stelle\/\"]}]},{\"@type\":\"ImageObject\",\"inLanguage\":\"de\",\"@id\":\"https:\/\/now-news.de\/de\/deutschland\/eu-zahl-der-asylantraege-geht-zurueck-deutschland-bleibt-als-zielland-an-erster-stelle\/#primaryimage\",\"url\":\"https:\/\/now-news.de\/de\/wp-content\/uploads\/sites\/3\/2026\/03\/EU-Zahl-der-Asylantraege-geht-zurueck-\u2013-Deutschland-bleibt-als.jpg\",\"contentUrl\":\"https:\/\/now-news.de\/de\/wp-content\/uploads\/sites\/3\/2026\/03\/EU-Zahl-der-Asylantraege-geht-zurueck-\u2013-Deutschland-bleibt-als.jpg\",\"width\":460,\"height\":259,\"caption\":\"EU: Zahl der Asylantr\u00e4ge geht zur\u00fcck \u2013 Deutschland bleibt als Zielland an erster Stelle\"},{\"@type\":\"BreadcrumbList\",\"@id\":\"https:\/\/now-news.de\/de\/deutschland\/eu-zahl-der-asylantraege-geht-zurueck-deutschland-bleibt-als-zielland-an-erster-stelle\/#breadcrumb\",\"itemListElement\":[{\"@type\":\"ListItem\",\"position\":1,\"name\":\"Home\",\"item\":\"https:\/\/now-news.de\/de\/\"},{\"@type\":\"ListItem\",\"position\":2,\"name\":\"EU: Zahl der Asylantr\u00e4ge geht zur\u00fcck \u2013 Deutschland bleibt als Zielland an erster Stelle\"}]},{\"@type\":\"WebSite\",\"@id\":\"https:\/\/now-news.de\/de\/#website\",\"url\":\"https:\/\/now-news.de\/de\/\",\"name\":\"just-now.NEWS Deutschland\",\"description\":\"Das Portal f\u00fcr unzensierte Nachrichten aus der Welt\",\"publisher\":{\"@id\":\"https:\/\/now-news.de\/de\/#organization\"},\"potentialAction\":[{\"@type\":\"SearchAction\",\"target\":{\"@type\":\"EntryPoint\",\"urlTemplate\":\"https:\/\/now-news.de\/de\/?s={search_term_string}\"},\"query-input\":\"required name=search_term_string\"}],\"inLanguage\":\"de\"},{\"@type\":\"Organization\",\"@id\":\"https:\/\/now-news.de\/de\/#organization\",\"name\":\"Just Now News\",\"url\":\"https:\/\/now-news.de\/de\/\",\"logo\":{\"@type\":\"ImageObject\",\"inLanguage\":\"de\",\"@id\":\"https:\/\/now-news.de\/de\/#\/schema\/logo\/image\/\",\"url\":\"http:\/\/just-now.news\/de\/wp-content\/uploads\/sites\/3\/2022\/04\/logo500x500.jpg\",\"contentUrl\":\"http:\/\/just-now.news\/de\/wp-content\/uploads\/sites\/3\/2022\/04\/logo500x500.jpg\",\"width\":500,\"height\":500,\"caption\":\"Just Now News\"},\"image\":{\"@id\":\"https:\/\/now-news.de\/de\/#\/schema\/logo\/image\/\"},\"sameAs\":[\"https:\/\/www.facebook.com\/wirmachenauf\",\"https:\/\/x.com\/WirMachenAuf_de\"]},{\"@type\":\"Person\",\"@id\":\"https:\/\/now-news.de\/de\/#\/schema\/person\/fb534a4e865501d8b3285208df34a9b5\",\"name\":\"rtnews\",\"image\":{\"@type\":\"ImageObject\",\"inLanguage\":\"de\",\"@id\":\"https:\/\/now-news.de\/de\/#\/schema\/person\/image\/\",\"url\":\"https:\/\/secure.gravatar.com\/avatar\/82aafea7d8127119dd649515f56e2117?s=96&d=mm&r=g\",\"contentUrl\":\"https:\/\/secure.gravatar.com\/avatar\/82aafea7d8127119dd649515f56e2117?s=96&d=mm&r=g\",\"caption\":\"rtnews\"},\"url\":\"https:\/\/now-news.de\/de\/author\/rnews\/\"}]}<\/script>\n<!-- \/ Yoast SEO Premium plugin. -->","yoast_head_json":{"title":"EU: Zahl der Asylantr\u00e4ge geht zur\u00fcck \u2013 Deutschland bleibt als Zielland an erster Stelle - just-now.NEWS Deutschland","robots":{"index":"index","follow":"follow","max-snippet":"max-snippet:-1","max-image-preview":"max-image-preview:large","max-video-preview":"max-video-preview:-1"},"canonical":"https:\/\/now-news.de\/de\/deutschland\/eu-zahl-der-asylantraege-geht-zurueck-deutschland-bleibt-als-zielland-an-erster-stelle\/","og_locale":"de_DE","og_type":"article","og_title":"EU: Zahl der Asylantr\u00e4ge geht zur\u00fcck \u2013 Deutschland bleibt als Zielland an erster Stelle","og_description":"Europaweit sinkt die Zahl der gestellten Asylantr\u00e4ge. Einer der Gr\u00fcnde: Es gibt weniger Antragsteller aus Syrien und der T\u00fcrkei. Ungeachtet dessen bleibt Deutschland das Land, wo die meisten Antr\u00e4ge auf Schutz gestellt werden. Nicht nur in der Europ\u00e4ischen Union, sondern auch in Norwegen und der Schweiz sind im vergangenen Jahr die Antr\u00e4ge auf Asyl deutlich [&hellip;]","og_url":"https:\/\/now-news.de\/de\/deutschland\/eu-zahl-der-asylantraege-geht-zurueck-deutschland-bleibt-als-zielland-an-erster-stelle\/","og_site_name":"just-now.NEWS Deutschland","article_publisher":"https:\/\/www.facebook.com\/wirmachenauf","article_published_time":"2026-03-04T05:30:00+00:00","og_image":[{"url":"https:\/\/now-news.de\/de\/wp-content\/uploads\/sites\/3\/2026\/03\/69a6d1e348fbef6e9318e78a.jpg"}],"author":"rtnews","twitter_card":"summary_large_image","twitter_creator":"@WirMachenAuf_de","twitter_site":"@WirMachenAuf_de","twitter_misc":{"Verfasst von":"rtnews","Gesch\u00e4tzte Lesezeit":"2\u00a0Minuten"},"schema":{"@context":"https:\/\/schema.org","@graph":[{"@type":"Article","@id":"https:\/\/now-news.de\/de\/deutschland\/eu-zahl-der-asylantraege-geht-zurueck-deutschland-bleibt-als-zielland-an-erster-stelle\/#article","isPartOf":{"@id":"https:\/\/now-news.de\/de\/deutschland\/eu-zahl-der-asylantraege-geht-zurueck-deutschland-bleibt-als-zielland-an-erster-stelle\/"},"author":{"name":"rtnews","@id":"https:\/\/now-news.de\/de\/#\/schema\/person\/fb534a4e865501d8b3285208df34a9b5"},"headline":"EU: Zahl der Asylantr\u00e4ge geht zur\u00fcck \u2013 Deutschland bleibt als Zielland an erster Stelle","datePublished":"2026-03-04T05:30:00+00:00","dateModified":"2026-03-04T05:30:00+00:00","mainEntityOfPage":{"@id":"https:\/\/now-news.de\/de\/deutschland\/eu-zahl-der-asylantraege-geht-zurueck-deutschland-bleibt-als-zielland-an-erster-stelle\/"},"wordCount":425,"commentCount":0,"publisher":{"@id":"https:\/\/now-news.de\/de\/#organization"},"image":{"@id":"https:\/\/now-news.de\/de\/deutschland\/eu-zahl-der-asylantraege-geht-zurueck-deutschland-bleibt-als-zielland-an-erster-stelle\/#primaryimage"},"thumbnailUrl":"https:\/\/now-news.de\/de\/wp-content\/uploads\/sites\/3\/2026\/03\/EU-Zahl-der-Asylantraege-geht-zurueck-\u2013-Deutschland-bleibt-als.jpg","keywords":["als","Asylantr\u00e4ge","bleibt","der","Deutschland","Erster","Geht","Stelle","Zahl","Zielland","zur\u00fcck"],"articleSection":["Deutschland","Russland"],"inLanguage":"de","potentialAction":[{"@type":"CommentAction","name":"Comment","target":["https:\/\/now-news.de\/de\/deutschland\/eu-zahl-der-asylantraege-geht-zurueck-deutschland-bleibt-als-zielland-an-erster-stelle\/#respond"]}]},{"@type":"WebPage","@id":"https:\/\/now-news.de\/de\/deutschland\/eu-zahl-der-asylantraege-geht-zurueck-deutschland-bleibt-als-zielland-an-erster-stelle\/","url":"https:\/\/now-news.de\/de\/deutschland\/eu-zahl-der-asylantraege-geht-zurueck-deutschland-bleibt-als-zielland-an-erster-stelle\/","name":"EU: Zahl der Asylantr\u00e4ge geht zur\u00fcck \u2013 Deutschland bleibt als Zielland an erster Stelle - just-now.NEWS Deutschland","isPartOf":{"@id":"https:\/\/now-news.de\/de\/#website"},"primaryImageOfPage":{"@id":"https:\/\/now-news.de\/de\/deutschland\/eu-zahl-der-asylantraege-geht-zurueck-deutschland-bleibt-als-zielland-an-erster-stelle\/#primaryimage"},"image":{"@id":"https:\/\/now-news.de\/de\/deutschland\/eu-zahl-der-asylantraege-geht-zurueck-deutschland-bleibt-als-zielland-an-erster-stelle\/#primaryimage"},"thumbnailUrl":"https:\/\/now-news.de\/de\/wp-content\/uploads\/sites\/3\/2026\/03\/EU-Zahl-der-Asylantraege-geht-zurueck-\u2013-Deutschland-bleibt-als.jpg","datePublished":"2026-03-04T05:30:00+00:00","dateModified":"2026-03-04T05:30:00+00:00","breadcrumb":{"@id":"https:\/\/now-news.de\/de\/deutschland\/eu-zahl-der-asylantraege-geht-zurueck-deutschland-bleibt-als-zielland-an-erster-stelle\/#breadcrumb"},"inLanguage":"de","potentialAction":[{"@type":"ReadAction","target":["https:\/\/now-news.de\/de\/deutschland\/eu-zahl-der-asylantraege-geht-zurueck-deutschland-bleibt-als-zielland-an-erster-stelle\/"]}]},{"@type":"ImageObject","inLanguage":"de","@id":"https:\/\/now-news.de\/de\/deutschland\/eu-zahl-der-asylantraege-geht-zurueck-deutschland-bleibt-als-zielland-an-erster-stelle\/#primaryimage","url":"https:\/\/now-news.de\/de\/wp-content\/uploads\/sites\/3\/2026\/03\/EU-Zahl-der-Asylantraege-geht-zurueck-\u2013-Deutschland-bleibt-als.jpg","contentUrl":"https:\/\/now-news.de\/de\/wp-content\/uploads\/sites\/3\/2026\/03\/EU-Zahl-der-Asylantraege-geht-zurueck-\u2013-Deutschland-bleibt-als.jpg","width":460,"height":259,"caption":"EU: Zahl der Asylantr\u00e4ge geht zur\u00fcck \u2013 Deutschland bleibt als Zielland an erster Stelle"},{"@type":"BreadcrumbList","@id":"https:\/\/now-news.de\/de\/deutschland\/eu-zahl-der-asylantraege-geht-zurueck-deutschland-bleibt-als-zielland-an-erster-stelle\/#breadcrumb","itemListElement":[{"@type":"ListItem","position":1,"name":"Home","item":"https:\/\/now-news.de\/de\/"},{"@type":"ListItem","position":2,"name":"EU: Zahl der Asylantr\u00e4ge geht zur\u00fcck \u2013 Deutschland bleibt als Zielland an erster Stelle"}]},{"@type":"WebSite","@id":"https:\/\/now-news.de\/de\/#website","url":"https:\/\/now-news.de\/de\/","name":"just-now.NEWS Deutschland","description":"Das Portal f\u00fcr unzensierte Nachrichten aus der Welt","publisher":{"@id":"https:\/\/now-news.de\/de\/#organization"},"potentialAction":[{"@type":"SearchAction","target":{"@type":"EntryPoint","urlTemplate":"https:\/\/now-news.de\/de\/?s={search_term_string}"},"query-input":"required name=search_term_string"}],"inLanguage":"de"},{"@type":"Organization","@id":"https:\/\/now-news.de\/de\/#organization","name":"Just Now News","url":"https:\/\/now-news.de\/de\/","logo":{"@type":"ImageObject","inLanguage":"de","@id":"https:\/\/now-news.de\/de\/#\/schema\/logo\/image\/","url":"http:\/\/just-now.news\/de\/wp-content\/uploads\/sites\/3\/2022\/04\/logo500x500.jpg","contentUrl":"http:\/\/just-now.news\/de\/wp-content\/uploads\/sites\/3\/2022\/04\/logo500x500.jpg","width":500,"height":500,"caption":"Just Now News"},"image":{"@id":"https:\/\/now-news.de\/de\/#\/schema\/logo\/image\/"},"sameAs":["https:\/\/www.facebook.com\/wirmachenauf","https:\/\/x.com\/WirMachenAuf_de"]},{"@type":"Person","@id":"https:\/\/now-news.de\/de\/#\/schema\/person\/fb534a4e865501d8b3285208df34a9b5","name":"rtnews","image":{"@type":"ImageObject","inLanguage":"de","@id":"https:\/\/now-news.de\/de\/#\/schema\/person\/image\/","url":"https:\/\/secure.gravatar.com\/avatar\/82aafea7d8127119dd649515f56e2117?s=96&d=mm&r=g","contentUrl":"https:\/\/secure.gravatar.com\/avatar\/82aafea7d8127119dd649515f56e2117?s=96&d=mm&r=g","caption":"rtnews"},"url":"https:\/\/now-news.de\/de\/author\/rnews\/"}]}},"_links":{"self":[{"href":"https:\/\/now-news.de\/de\/wp-json\/wp\/v2\/posts\/99779"}],"collection":[{"href":"https:\/\/now-news.de\/de\/wp-json\/wp\/v2\/posts"}],"about":[{"href":"https:\/\/now-news.de\/de\/wp-json\/wp\/v2\/types\/post"}],"author":[{"embeddable":true,"href":"https:\/\/now-news.de\/de\/wp-json\/wp\/v2\/users\/3"}],"replies":[{"embeddable":true,"href":"https:\/\/now-news.de\/de\/wp-json\/wp\/v2\/comments?post=99779"}],"version-history":[{"count":0,"href":"https:\/\/now-news.de\/de\/wp-json\/wp\/v2\/posts\/99779\/revisions"}],"wp:featuredmedia":[{"embeddable":true,"href":"https:\/\/now-news.de\/de\/wp-json\/wp\/v2\/media\/99780"}],"wp:attachment":[{"href":"https:\/\/now-news.de\/de\/wp-json\/wp\/v2\/media?parent=99779"}],"wp:term":[{"taxonomy":"category","embeddable":true,"href":"https:\/\/now-news.de\/de\/wp-json\/wp\/v2\/categories?post=99779"},{"taxonomy":"post_tag","embeddable":true,"href":"https:\/\/now-news.de\/de\/wp-json\/wp\/v2\/tags?post=99779"}],"curies":[{"name":"wp","href":"https:\/\/api.w.org\/{rel}","templated":true}]}}