{"id":99771,"date":"2026-03-03T22:22:31","date_gmt":"2026-03-03T20:22:31","guid":{"rendered":"https:\/\/now-news.de\/de\/deutschland\/afd-wirft-abgeordneten-aus-der-bundestagsfraktion\/"},"modified":"2026-03-03T22:22:31","modified_gmt":"2026-03-03T20:22:31","slug":"afd-wirft-abgeordneten-aus-der-bundestagsfraktion","status":"publish","type":"post","link":"https:\/\/now-news.de\/de\/deutschland\/afd-wirft-abgeordneten-aus-der-bundestagsfraktion\/","title":{"rendered":"AfD wirft Abgeordneten aus der Bundestagsfraktion"},"content":{"rendered":"<p><img decoding=\"async\" src=\"https:\/\/now-news.de\/de\/wp-content\/uploads\/sites\/3\/2026\/03\/69a7227848fbef724909e9a5.jpg\" \/><\/p>\n<div class=\"Text-root Text-type_1 \">\n                Die Bundestagsfraktion der AfD reagiert auf die Vorw\u00fcrfe von Vetternwirtschaft \u2013 heute unter anderem, indem sie den Mann, der das Thema aufgebracht hatte, aus der Fraktion ausschloss. Verfolgung eines Whistleblowers oder eine gerechtfertigte Reaktion?\n            <\/div>\n<p><\/p>\n<div class=\"Text-root Text-type_5 ArticleView-text ViewText-root \">\n<p>Seit Wochen wird die Debatte um Vetternwirtschaft bei der AfD am Laufen gehalten; nun wurde der Bundestagsabgeordnete Jan Wenzel Schmidt aus der Fraktion ausgeschlossen, weil er mit seinem Verhalten die Fraktion gesch\u00e4digt habe. Einen Beschluss des Parteivorstands, ihn aus der Partei auszuschlie\u00dfen, gab es bereits vor zwei Wochen.<\/p>\n<p>Schmidt wird nicht ausgeschlossen, weil er Verwandte besch\u00e4ftigt hat, sondern weil er dieses Thema in die \u00d6ffentlichkeit brachte, als ihn der Landesvorstand Sachsen-Anhalt aus der Partei werfen wollte. Der Hauptvorwurf, der in der gesamten Aff\u00e4re vorgetragen wurde, lautete, dass AfD-Abgeordnete Verwandte und Lebenspartner als Mitarbeiter in Abgeordnetenb\u00fcros (meist nicht den eigenen) besch\u00e4ftigen. Es fanden sich auch tats\u00e4chlich nicht nur im Bundestag, sondern auch in mehreren Landtagen eine Reihe derartiger F\u00e4lle.<\/p>\n<p>Allerdings ist die Skandalisierung dieser F\u00e4lle gleich aus zwei Gr\u00fcnden problematisch: Zum einen, weil das von den &#8220;T\u00e4tern&#8221; vorgetragene Argument, es sei schwer, Stellen zu besetzen, da Mitarbeiter mit unterschiedlichsten Sanktionen rechnen m\u00fcssten, angefangen von Debanking bis zu Folgen f\u00fcr sp\u00e4tere Einstellungschancen, schlie\u00dflich auf Tatsachen beruht. Zum anderen, weil es sich bei diesen Vorf\u00e4llen um vergleichsweise simple F\u00e4lle handelt; die AfD-Abgeordneten haben nun einmal keinen Zugriff auf die Besetzung von Bundesbeh\u00f6rden oder vergleichbaren Positionen.<\/p>\n<p>So hat Lars Klingbeil Dorothee Martin, einer Ex-Bundestagsabgeordneten der SPD, den Posten einer Chefin der Bundesanstalt f\u00fcr Immobilienaufgaben zugeschoben, der immerhin ein Monatsgehalt von 25.000 Euro einbringt. Die Ex-Bauministerin Klara Geywitz wird Vizepr\u00e4sidentin des Bundesrechnungshofes, und die ehemalige Gesch\u00e4ftsf\u00fchrerin der SPD wird Pr\u00e4sidentin der Bundesanstalt f\u00fcr Post und Telekommunikation. \u00c4hnliches ist auch mit Vorstandsposten bei Wohlfahrtsverb\u00e4nden, Leitungspositionen von Rundfunkanstalten, und eben auch bei allerlei Bundeseinrichtungen m\u00f6glich. Der Modellfall der Gr\u00fcnen war Patrick Graichen samt seiner Verwandtschaft. Auch das Verh\u00e4ltnis zwischen Wirtschaftsministerin Katherina Reiche (CDU) und ihrem Lebensgef\u00e4hrten Karl-Theodor Guttenberg ist da ergiebig.<\/p>\n<p>Das Budget eines Bundestagsabgeordneten f\u00fcr Mitarbeiter betr\u00e4gt aktuell monatlich 26.650 Euro. Auf dieses Geld hat aber ein Abgeordneter keinen direkten Zugriff; es wird von der Bundestagsverwaltung nur ausgezahlt, was an Geh\u00e4ltern und zugeh\u00f6rigen Abgaben f\u00e4llig ist, an die Besch\u00e4ftigten und an die Sozialversicherungen. Mittel, die nicht abgerufen werden, verfallen. Das f\u00fchrt dazu, dass Abgeordnete, die die entsprechenden Stellen nicht besetzen k\u00f6nnen, unter Umst\u00e4nden im Verh\u00e4ltnis zu ihren Kollegen (die immer auch Konkurrenten sind, und sei es innerparteilich) im Nachteil sind, denn auch wenn es streng genommen nicht legal ist \u2013 tats\u00e4chlich wird von allen Abgeordneten aller Parteien ein Teil dieser Mittel f\u00fcr Parteiarbeit, aber ebenso f\u00fcr innerparteiliche Intrigen verwendet.<\/p>\n<p>Verglichen mit den Posten, die im Zusammenhang mit den Parteien im Spiel sind, die an Regierungen beteiligt sind oder waren, sind die Mitarbeiterstellen eher schlecht bezahlt. Das Budget setzt sich im Schnitt in vier bis sieben Mitarbeiter um. Das bedeutet, dass diese ein Einkommen zwischen 3.807 und 6.662 Euro brutto oder zwischen 2.400 und 3.700 Euro netto (bei einem in Berlin gesetzlich versicherten Alleinstehenden) erhalten. In den Landtagen liegen die jeweiligen Betr\u00e4ge darunter.<\/p>\n<p>Im internationalen Vergleich ist diese Ausstattung noch nicht einmal besonders gut. US-Kongressabgeordnete haben j\u00e4hrlich ein Budget von etwa zwei Millionen US-Dollar, um damit B\u00fcros und Mitarbeiter zu finanzieren. Tats\u00e4chlich br\u00e4uchte es f\u00fcr einige Aufgaben von Bundestagsabgeordneten, wie eine reale Kontrolle der Bundesministerien oder bundeseigener Unternehmen oder eine angemessene \u00dcberpr\u00fcfung von Vertr\u00e4gen wie dem Mercosur-Abkommen, hoch bezahlte Fachleute wie Wirtschaftspr\u00fcfer und Juristen, die mit diesem Budget nicht besch\u00e4ftigt werden k\u00f6nnen.<\/p>\n<p>Der Skandal ist also im Vergleich zu vielen anderen Skandalen rund um Bundes- oder gar Europapolitiker eher ein Skand\u00e4lchen. Aber die AfD sah sich gen\u00f6tigt, auf diese Vorw\u00fcrfe einzugehen. Erst am Montag wurde der stellvertretende Fraktionschef, Stefan Keuter, von seiner Verantwortung f\u00fcr Personalangelegenheiten entbunden, weil er seine Lebenspartnerin in seinem Bundestagsb\u00fcro besch\u00e4ftigt hatte. Herausgekommen war das durch Presserecherchen, die bis zum Klingelschild an der T\u00fcr der Heimatwohnung reichten. Es \u00fcberrascht nicht sonderlich, dass an diesen Recherchen wieder einmal &#8220;Correctiv&#8221;\u00a0<a rel=\"nofollow noopener\" target=\"_blank\" href=\"https:\/\/correctiv.org\/aktuelles\/kandidierenden-check\/2026\/02\/27\/afd-vetternwirtschaft-tracker-uebersicht-grafik-aktuell\/\">beteiligt<\/a> war.<\/p>\n<p>Rechtlich untersagt ist es in Bundestagsb\u00fcros nur, Verwandte oder Lebenspartner zu besch\u00e4ftigen. Wenn eine derartige Besch\u00e4ftigung &#8220;\u00fcber Kreuz&#8221; erfolgt, also der Abgeordnete A die Ehefrau des Abgeordneten B einstellt, ist das \u00fcberwiegend legal. Ein echter Vorwurf wird erst dann daraus, wenn die gegen diese Bezahlung erwartete Arbeit nicht geleistet wird, also von Scheinbesch\u00e4ftigung die Rede ist. Das allerdings wurde in den Berichten zu dieser Frage nicht nachgewiesen, und dieser Vorwurf wurde auch innerhalb der AfD selbst in diesem Zusammenhang nicht erhoben.<\/p>\n<p>Der entscheidende Punkt besteht darin, dass es f\u00fcr &#8220;Correctiv&#8221;, aber auch andere Medien, so gut wie keinen Anreiz gibt, dieselben Recherchen \u00fcber die anderen Parteien anzustellen. Insofern fehlt zu diesen Daten die Vergleichsm\u00f6glichkeit. Die AfD-Fraktion jedenfalls hat mit ihren beiden Schritten zu Schmidt und Keuter gewisserma\u00dfen die Vorhaltungen akzeptiert; was wom\u00f6glich auch damit zu tun hat, dass nicht nur f\u00fcr Schmidt derartige Informationen Munition in der innerparteilichen Auseinandersetzung waren. Die j\u00fcngste Meldung lautet, ein Vertrauter des Th\u00fcringer Fraktionschefs Bj\u00f6rn H\u00f6cke, Torben Braga, habe in Berlin bereits eine weitere Bearbeitung dieser Vorw\u00fcrfe verlangt. &#8220;Der reine Verweis auf Fehlverhalten anderer Parteien oder die Einordnung als politisch motivierte Kampagne ignoriert jene problematischen F\u00e4lle, die \u2013 wenn auch formal rechtm\u00e4\u00dfig \u2013 Graubereiche der Gesetzgebung gezielt zur privaten Selbstbereicherung nutzen&#8221;. Der Konflikt wird also weitergehen.<\/p>\n<p><strong>Mehr zum Thema<\/strong>\u00a0\u2013 <a rel=\"nofollow noopener\" target=\"_blank\" href=\"https:\/\/freedert.online\/inland\/270605-merz-fordert-gesetzesverschaerfung-zu-tief\/\">Merz fordert Gesetzesversch\u00e4rfung zu &#8220;tief verankerter AfD-Vetternwirtschaft&#8221;<\/a><\/p>\n<div class=\"EmbedBlock-root EmbedBlock-externalVideo EmbedBlock-rumble\">\n<div class=\"VkEmbed\"><iframe class=\"lazyload\" data-src=\"https:\/\/rumble.com\/embed\/v74a6s4\" frameborder=\"0\" width=\"853\" height=\"480\" allowfullscreen><\/iframe><\/div>\n<\/div>\n<\/div>\n<p><br \/>\n<br \/><a href=\"https:\/\/de.rt.com\/inland\/271967-afd-wirft-abgeordneten-aus-bundestagsfraktion\/\">Source link <\/a><\/p>\n","protected":false},"excerpt":{"rendered":"<p>Die Bundestagsfraktion der AfD reagiert auf die Vorw\u00fcrfe von Vetternwirtschaft \u2013 heute unter anderem, indem sie den Mann, der das Thema aufgebracht hatte, aus der Fraktion ausschloss. Verfolgung eines Whistleblowers oder eine gerechtfertigte Reaktion? Seit Wochen wird die Debatte um Vetternwirtschaft bei der AfD am Laufen gehalten; nun wurde der Bundestagsabgeordnete Jan Wenzel Schmidt aus [&hellip;]<\/p>\n","protected":false},"author":3,"featured_media":99772,"comment_status":"open","ping_status":"open","sticky":false,"template":"","format":"standard","meta":{"_yoast_indexnow_last_ping":["1772569409"],"wp_automatic_camp":["217"],"00c9d88d29cf294dc7a1e1a1204b3a38":["AfD wirft Abgeordneten aus der Bundestagsfraktion"],"original_link":["https:\/\/de.rt.com\/inland\/271967-afd-wirft-abgeordneten-aus-bundestagsfraktion\/"],"_thumbnail_id":["99772"],"jnews_social_counter_last_update":["1777452873"],"_wptgpro_p2tg_sent2tg":["a:1:{i:23737;s:19:\"2026-03-03 22:24:36\";}"]},"categories":[19,23],"tags":[23106,3815,679,54409,82,7129],"yoast_head":"<!-- This site is optimized with the Yoast SEO Premium plugin v22.7 (Yoast SEO v22.7) - https:\/\/yoast.com\/wordpress\/plugins\/seo\/ -->\n<title>AfD wirft Abgeordneten aus der Bundestagsfraktion - just-now.NEWS Deutschland<\/title>\n<meta name=\"robots\" content=\"index, follow, max-snippet:-1, max-image-preview:large, max-video-preview:-1\" \/>\n<link rel=\"canonical\" href=\"https:\/\/now-news.de\/de\/deutschland\/afd-wirft-abgeordneten-aus-der-bundestagsfraktion\/\" \/>\n<meta property=\"og:locale\" content=\"de_DE\" \/>\n<meta property=\"og:type\" content=\"article\" \/>\n<meta property=\"og:title\" content=\"AfD wirft Abgeordneten aus der Bundestagsfraktion\" \/>\n<meta property=\"og:description\" content=\"Die Bundestagsfraktion der AfD reagiert auf die Vorw\u00fcrfe von Vetternwirtschaft \u2013 heute unter anderem, indem sie den Mann, der das Thema aufgebracht hatte, aus der Fraktion ausschloss. Verfolgung eines Whistleblowers oder eine gerechtfertigte Reaktion? Seit Wochen wird die Debatte um Vetternwirtschaft bei der AfD am Laufen gehalten; nun wurde der Bundestagsabgeordnete Jan Wenzel Schmidt aus [&hellip;]\" \/>\n<meta property=\"og:url\" content=\"https:\/\/now-news.de\/de\/deutschland\/afd-wirft-abgeordneten-aus-der-bundestagsfraktion\/\" \/>\n<meta property=\"og:site_name\" content=\"just-now.NEWS Deutschland\" \/>\n<meta property=\"article:publisher\" content=\"https:\/\/www.facebook.com\/wirmachenauf\" \/>\n<meta property=\"article:published_time\" content=\"2026-03-03T20:22:31+00:00\" \/>\n<meta property=\"og:image\" content=\"https:\/\/now-news.de\/de\/wp-content\/uploads\/sites\/3\/2026\/03\/69a7227848fbef724909e9a5.jpg\" \/>\n<meta name=\"author\" content=\"rtnews\" \/>\n<meta name=\"twitter:card\" content=\"summary_large_image\" \/>\n<meta name=\"twitter:creator\" content=\"@WirMachenAuf_de\" \/>\n<meta name=\"twitter:site\" content=\"@WirMachenAuf_de\" \/>\n<meta name=\"twitter:label1\" content=\"Verfasst von\" \/>\n\t<meta name=\"twitter:data1\" content=\"rtnews\" \/>\n\t<meta name=\"twitter:label2\" content=\"Gesch\u00e4tzte Lesezeit\" \/>\n\t<meta name=\"twitter:data2\" content=\"5\u00a0Minuten\" \/>\n<script type=\"application\/ld+json\" class=\"yoast-schema-graph\">{\"@context\":\"https:\/\/schema.org\",\"@graph\":[{\"@type\":\"Article\",\"@id\":\"https:\/\/now-news.de\/de\/deutschland\/afd-wirft-abgeordneten-aus-der-bundestagsfraktion\/#article\",\"isPartOf\":{\"@id\":\"https:\/\/now-news.de\/de\/deutschland\/afd-wirft-abgeordneten-aus-der-bundestagsfraktion\/\"},\"author\":{\"name\":\"rtnews\",\"@id\":\"https:\/\/now-news.de\/de\/#\/schema\/person\/fb534a4e865501d8b3285208df34a9b5\"},\"headline\":\"AfD wirft Abgeordneten aus der Bundestagsfraktion\",\"datePublished\":\"2026-03-03T20:22:31+00:00\",\"dateModified\":\"2026-03-03T20:22:31+00:00\",\"mainEntityOfPage\":{\"@id\":\"https:\/\/now-news.de\/de\/deutschland\/afd-wirft-abgeordneten-aus-der-bundestagsfraktion\/\"},\"wordCount\":948,\"commentCount\":0,\"publisher\":{\"@id\":\"https:\/\/now-news.de\/de\/#organization\"},\"image\":{\"@id\":\"https:\/\/now-news.de\/de\/deutschland\/afd-wirft-abgeordneten-aus-der-bundestagsfraktion\/#primaryimage\"},\"thumbnailUrl\":\"https:\/\/now-news.de\/de\/wp-content\/uploads\/sites\/3\/2026\/03\/AfD-wirft-Abgeordneten-aus-der-Bundestagsfraktion.jpg\",\"keywords\":[\"Abgeordneten\",\"AfD\",\"aus\",\"Bundestagsfraktion\",\"der\",\"wirft\"],\"articleSection\":[\"Deutschland\",\"Russland\"],\"inLanguage\":\"de\",\"potentialAction\":[{\"@type\":\"CommentAction\",\"name\":\"Comment\",\"target\":[\"https:\/\/now-news.de\/de\/deutschland\/afd-wirft-abgeordneten-aus-der-bundestagsfraktion\/#respond\"]}]},{\"@type\":\"WebPage\",\"@id\":\"https:\/\/now-news.de\/de\/deutschland\/afd-wirft-abgeordneten-aus-der-bundestagsfraktion\/\",\"url\":\"https:\/\/now-news.de\/de\/deutschland\/afd-wirft-abgeordneten-aus-der-bundestagsfraktion\/\",\"name\":\"AfD wirft Abgeordneten aus der Bundestagsfraktion - just-now.NEWS Deutschland\",\"isPartOf\":{\"@id\":\"https:\/\/now-news.de\/de\/#website\"},\"primaryImageOfPage\":{\"@id\":\"https:\/\/now-news.de\/de\/deutschland\/afd-wirft-abgeordneten-aus-der-bundestagsfraktion\/#primaryimage\"},\"image\":{\"@id\":\"https:\/\/now-news.de\/de\/deutschland\/afd-wirft-abgeordneten-aus-der-bundestagsfraktion\/#primaryimage\"},\"thumbnailUrl\":\"https:\/\/now-news.de\/de\/wp-content\/uploads\/sites\/3\/2026\/03\/AfD-wirft-Abgeordneten-aus-der-Bundestagsfraktion.jpg\",\"datePublished\":\"2026-03-03T20:22:31+00:00\",\"dateModified\":\"2026-03-03T20:22:31+00:00\",\"breadcrumb\":{\"@id\":\"https:\/\/now-news.de\/de\/deutschland\/afd-wirft-abgeordneten-aus-der-bundestagsfraktion\/#breadcrumb\"},\"inLanguage\":\"de\",\"potentialAction\":[{\"@type\":\"ReadAction\",\"target\":[\"https:\/\/now-news.de\/de\/deutschland\/afd-wirft-abgeordneten-aus-der-bundestagsfraktion\/\"]}]},{\"@type\":\"ImageObject\",\"inLanguage\":\"de\",\"@id\":\"https:\/\/now-news.de\/de\/deutschland\/afd-wirft-abgeordneten-aus-der-bundestagsfraktion\/#primaryimage\",\"url\":\"https:\/\/now-news.de\/de\/wp-content\/uploads\/sites\/3\/2026\/03\/AfD-wirft-Abgeordneten-aus-der-Bundestagsfraktion.jpg\",\"contentUrl\":\"https:\/\/now-news.de\/de\/wp-content\/uploads\/sites\/3\/2026\/03\/AfD-wirft-Abgeordneten-aus-der-Bundestagsfraktion.jpg\",\"width\":460,\"height\":259,\"caption\":\"AfD wirft Abgeordneten aus der Bundestagsfraktion\"},{\"@type\":\"BreadcrumbList\",\"@id\":\"https:\/\/now-news.de\/de\/deutschland\/afd-wirft-abgeordneten-aus-der-bundestagsfraktion\/#breadcrumb\",\"itemListElement\":[{\"@type\":\"ListItem\",\"position\":1,\"name\":\"Home\",\"item\":\"https:\/\/now-news.de\/de\/\"},{\"@type\":\"ListItem\",\"position\":2,\"name\":\"AfD wirft Abgeordneten aus der Bundestagsfraktion\"}]},{\"@type\":\"WebSite\",\"@id\":\"https:\/\/now-news.de\/de\/#website\",\"url\":\"https:\/\/now-news.de\/de\/\",\"name\":\"just-now.NEWS Deutschland\",\"description\":\"Das Portal f\u00fcr unzensierte Nachrichten aus der Welt\",\"publisher\":{\"@id\":\"https:\/\/now-news.de\/de\/#organization\"},\"potentialAction\":[{\"@type\":\"SearchAction\",\"target\":{\"@type\":\"EntryPoint\",\"urlTemplate\":\"https:\/\/now-news.de\/de\/?s={search_term_string}\"},\"query-input\":\"required name=search_term_string\"}],\"inLanguage\":\"de\"},{\"@type\":\"Organization\",\"@id\":\"https:\/\/now-news.de\/de\/#organization\",\"name\":\"Just Now News\",\"url\":\"https:\/\/now-news.de\/de\/\",\"logo\":{\"@type\":\"ImageObject\",\"inLanguage\":\"de\",\"@id\":\"https:\/\/now-news.de\/de\/#\/schema\/logo\/image\/\",\"url\":\"http:\/\/just-now.news\/de\/wp-content\/uploads\/sites\/3\/2022\/04\/logo500x500.jpg\",\"contentUrl\":\"http:\/\/just-now.news\/de\/wp-content\/uploads\/sites\/3\/2022\/04\/logo500x500.jpg\",\"width\":500,\"height\":500,\"caption\":\"Just Now News\"},\"image\":{\"@id\":\"https:\/\/now-news.de\/de\/#\/schema\/logo\/image\/\"},\"sameAs\":[\"https:\/\/www.facebook.com\/wirmachenauf\",\"https:\/\/x.com\/WirMachenAuf_de\"]},{\"@type\":\"Person\",\"@id\":\"https:\/\/now-news.de\/de\/#\/schema\/person\/fb534a4e865501d8b3285208df34a9b5\",\"name\":\"rtnews\",\"image\":{\"@type\":\"ImageObject\",\"inLanguage\":\"de\",\"@id\":\"https:\/\/now-news.de\/de\/#\/schema\/person\/image\/\",\"url\":\"https:\/\/secure.gravatar.com\/avatar\/82aafea7d8127119dd649515f56e2117?s=96&d=mm&r=g\",\"contentUrl\":\"https:\/\/secure.gravatar.com\/avatar\/82aafea7d8127119dd649515f56e2117?s=96&d=mm&r=g\",\"caption\":\"rtnews\"},\"url\":\"https:\/\/now-news.de\/de\/author\/rnews\/\"}]}<\/script>\n<!-- \/ Yoast SEO Premium plugin. -->","yoast_head_json":{"title":"AfD wirft Abgeordneten aus der Bundestagsfraktion - just-now.NEWS Deutschland","robots":{"index":"index","follow":"follow","max-snippet":"max-snippet:-1","max-image-preview":"max-image-preview:large","max-video-preview":"max-video-preview:-1"},"canonical":"https:\/\/now-news.de\/de\/deutschland\/afd-wirft-abgeordneten-aus-der-bundestagsfraktion\/","og_locale":"de_DE","og_type":"article","og_title":"AfD wirft Abgeordneten aus der Bundestagsfraktion","og_description":"Die Bundestagsfraktion der AfD reagiert auf die Vorw\u00fcrfe von Vetternwirtschaft \u2013 heute unter anderem, indem sie den Mann, der das Thema aufgebracht hatte, aus der Fraktion ausschloss. Verfolgung eines Whistleblowers oder eine gerechtfertigte Reaktion? Seit Wochen wird die Debatte um Vetternwirtschaft bei der AfD am Laufen gehalten; nun wurde der Bundestagsabgeordnete Jan Wenzel Schmidt aus [&hellip;]","og_url":"https:\/\/now-news.de\/de\/deutschland\/afd-wirft-abgeordneten-aus-der-bundestagsfraktion\/","og_site_name":"just-now.NEWS Deutschland","article_publisher":"https:\/\/www.facebook.com\/wirmachenauf","article_published_time":"2026-03-03T20:22:31+00:00","og_image":[{"url":"https:\/\/now-news.de\/de\/wp-content\/uploads\/sites\/3\/2026\/03\/69a7227848fbef724909e9a5.jpg"}],"author":"rtnews","twitter_card":"summary_large_image","twitter_creator":"@WirMachenAuf_de","twitter_site":"@WirMachenAuf_de","twitter_misc":{"Verfasst von":"rtnews","Gesch\u00e4tzte Lesezeit":"5\u00a0Minuten"},"schema":{"@context":"https:\/\/schema.org","@graph":[{"@type":"Article","@id":"https:\/\/now-news.de\/de\/deutschland\/afd-wirft-abgeordneten-aus-der-bundestagsfraktion\/#article","isPartOf":{"@id":"https:\/\/now-news.de\/de\/deutschland\/afd-wirft-abgeordneten-aus-der-bundestagsfraktion\/"},"author":{"name":"rtnews","@id":"https:\/\/now-news.de\/de\/#\/schema\/person\/fb534a4e865501d8b3285208df34a9b5"},"headline":"AfD wirft Abgeordneten aus der Bundestagsfraktion","datePublished":"2026-03-03T20:22:31+00:00","dateModified":"2026-03-03T20:22:31+00:00","mainEntityOfPage":{"@id":"https:\/\/now-news.de\/de\/deutschland\/afd-wirft-abgeordneten-aus-der-bundestagsfraktion\/"},"wordCount":948,"commentCount":0,"publisher":{"@id":"https:\/\/now-news.de\/de\/#organization"},"image":{"@id":"https:\/\/now-news.de\/de\/deutschland\/afd-wirft-abgeordneten-aus-der-bundestagsfraktion\/#primaryimage"},"thumbnailUrl":"https:\/\/now-news.de\/de\/wp-content\/uploads\/sites\/3\/2026\/03\/AfD-wirft-Abgeordneten-aus-der-Bundestagsfraktion.jpg","keywords":["Abgeordneten","AfD","aus","Bundestagsfraktion","der","wirft"],"articleSection":["Deutschland","Russland"],"inLanguage":"de","potentialAction":[{"@type":"CommentAction","name":"Comment","target":["https:\/\/now-news.de\/de\/deutschland\/afd-wirft-abgeordneten-aus-der-bundestagsfraktion\/#respond"]}]},{"@type":"WebPage","@id":"https:\/\/now-news.de\/de\/deutschland\/afd-wirft-abgeordneten-aus-der-bundestagsfraktion\/","url":"https:\/\/now-news.de\/de\/deutschland\/afd-wirft-abgeordneten-aus-der-bundestagsfraktion\/","name":"AfD wirft Abgeordneten aus der Bundestagsfraktion - just-now.NEWS Deutschland","isPartOf":{"@id":"https:\/\/now-news.de\/de\/#website"},"primaryImageOfPage":{"@id":"https:\/\/now-news.de\/de\/deutschland\/afd-wirft-abgeordneten-aus-der-bundestagsfraktion\/#primaryimage"},"image":{"@id":"https:\/\/now-news.de\/de\/deutschland\/afd-wirft-abgeordneten-aus-der-bundestagsfraktion\/#primaryimage"},"thumbnailUrl":"https:\/\/now-news.de\/de\/wp-content\/uploads\/sites\/3\/2026\/03\/AfD-wirft-Abgeordneten-aus-der-Bundestagsfraktion.jpg","datePublished":"2026-03-03T20:22:31+00:00","dateModified":"2026-03-03T20:22:31+00:00","breadcrumb":{"@id":"https:\/\/now-news.de\/de\/deutschland\/afd-wirft-abgeordneten-aus-der-bundestagsfraktion\/#breadcrumb"},"inLanguage":"de","potentialAction":[{"@type":"ReadAction","target":["https:\/\/now-news.de\/de\/deutschland\/afd-wirft-abgeordneten-aus-der-bundestagsfraktion\/"]}]},{"@type":"ImageObject","inLanguage":"de","@id":"https:\/\/now-news.de\/de\/deutschland\/afd-wirft-abgeordneten-aus-der-bundestagsfraktion\/#primaryimage","url":"https:\/\/now-news.de\/de\/wp-content\/uploads\/sites\/3\/2026\/03\/AfD-wirft-Abgeordneten-aus-der-Bundestagsfraktion.jpg","contentUrl":"https:\/\/now-news.de\/de\/wp-content\/uploads\/sites\/3\/2026\/03\/AfD-wirft-Abgeordneten-aus-der-Bundestagsfraktion.jpg","width":460,"height":259,"caption":"AfD wirft Abgeordneten aus der Bundestagsfraktion"},{"@type":"BreadcrumbList","@id":"https:\/\/now-news.de\/de\/deutschland\/afd-wirft-abgeordneten-aus-der-bundestagsfraktion\/#breadcrumb","itemListElement":[{"@type":"ListItem","position":1,"name":"Home","item":"https:\/\/now-news.de\/de\/"},{"@type":"ListItem","position":2,"name":"AfD wirft Abgeordneten aus der Bundestagsfraktion"}]},{"@type":"WebSite","@id":"https:\/\/now-news.de\/de\/#website","url":"https:\/\/now-news.de\/de\/","name":"just-now.NEWS Deutschland","description":"Das Portal f\u00fcr unzensierte Nachrichten aus der Welt","publisher":{"@id":"https:\/\/now-news.de\/de\/#organization"},"potentialAction":[{"@type":"SearchAction","target":{"@type":"EntryPoint","urlTemplate":"https:\/\/now-news.de\/de\/?s={search_term_string}"},"query-input":"required name=search_term_string"}],"inLanguage":"de"},{"@type":"Organization","@id":"https:\/\/now-news.de\/de\/#organization","name":"Just Now News","url":"https:\/\/now-news.de\/de\/","logo":{"@type":"ImageObject","inLanguage":"de","@id":"https:\/\/now-news.de\/de\/#\/schema\/logo\/image\/","url":"http:\/\/just-now.news\/de\/wp-content\/uploads\/sites\/3\/2022\/04\/logo500x500.jpg","contentUrl":"http:\/\/just-now.news\/de\/wp-content\/uploads\/sites\/3\/2022\/04\/logo500x500.jpg","width":500,"height":500,"caption":"Just Now News"},"image":{"@id":"https:\/\/now-news.de\/de\/#\/schema\/logo\/image\/"},"sameAs":["https:\/\/www.facebook.com\/wirmachenauf","https:\/\/x.com\/WirMachenAuf_de"]},{"@type":"Person","@id":"https:\/\/now-news.de\/de\/#\/schema\/person\/fb534a4e865501d8b3285208df34a9b5","name":"rtnews","image":{"@type":"ImageObject","inLanguage":"de","@id":"https:\/\/now-news.de\/de\/#\/schema\/person\/image\/","url":"https:\/\/secure.gravatar.com\/avatar\/82aafea7d8127119dd649515f56e2117?s=96&d=mm&r=g","contentUrl":"https:\/\/secure.gravatar.com\/avatar\/82aafea7d8127119dd649515f56e2117?s=96&d=mm&r=g","caption":"rtnews"},"url":"https:\/\/now-news.de\/de\/author\/rnews\/"}]}},"_links":{"self":[{"href":"https:\/\/now-news.de\/de\/wp-json\/wp\/v2\/posts\/99771"}],"collection":[{"href":"https:\/\/now-news.de\/de\/wp-json\/wp\/v2\/posts"}],"about":[{"href":"https:\/\/now-news.de\/de\/wp-json\/wp\/v2\/types\/post"}],"author":[{"embeddable":true,"href":"https:\/\/now-news.de\/de\/wp-json\/wp\/v2\/users\/3"}],"replies":[{"embeddable":true,"href":"https:\/\/now-news.de\/de\/wp-json\/wp\/v2\/comments?post=99771"}],"version-history":[{"count":0,"href":"https:\/\/now-news.de\/de\/wp-json\/wp\/v2\/posts\/99771\/revisions"}],"wp:featuredmedia":[{"embeddable":true,"href":"https:\/\/now-news.de\/de\/wp-json\/wp\/v2\/media\/99772"}],"wp:attachment":[{"href":"https:\/\/now-news.de\/de\/wp-json\/wp\/v2\/media?parent=99771"}],"wp:term":[{"taxonomy":"category","embeddable":true,"href":"https:\/\/now-news.de\/de\/wp-json\/wp\/v2\/categories?post=99771"},{"taxonomy":"post_tag","embeddable":true,"href":"https:\/\/now-news.de\/de\/wp-json\/wp\/v2\/tags?post=99771"}],"curies":[{"name":"wp","href":"https:\/\/api.w.org\/{rel}","templated":true}]}}