{"id":99769,"date":"2026-03-03T22:01:03","date_gmt":"2026-03-03T20:01:03","guid":{"rendered":"https:\/\/now-news.de\/de\/deutschland\/kaiserslautern-messerangriff-vom-samstag-forderte-nun-ein-todesopfer\/"},"modified":"2026-03-03T22:01:03","modified_gmt":"2026-03-03T20:01:03","slug":"kaiserslautern-messerangriff-vom-samstag-forderte-nun-ein-todesopfer","status":"publish","type":"post","link":"https:\/\/now-news.de\/de\/deutschland\/kaiserslautern-messerangriff-vom-samstag-forderte-nun-ein-todesopfer\/","title":{"rendered":"Kaiserslautern: Messerangriff vom Samstag forderte nun ein Todesopfer"},"content":{"rendered":"<p><img decoding=\"async\" src=\"https:\/\/now-news.de\/de\/wp-content\/uploads\/sites\/3\/2026\/03\/69a6f90ab480cc6d8a68ec16.jpg\" \/><\/p>\n<div class=\"Text-root Text-type_1 \">\n                Am Samstag stach im Stadtzentrum von Kaiserslautern, in den fr\u00fchen Abendstunden eines warmen Fr\u00fchlingstages, ein Mann auf zwei andere ein. Eine Szene, die sich nicht abseits ereignete, nicht in einem Problemviertel, sondern vor aller Augen.\n            <\/div>\n<p><\/p>\n<div class=\"Text-root Text-type_5 ArticleView-text ViewText-root \">\n<p>Der Messerangriff, der sich am Samstag etwa gegen 18\u00a0Uhr in Kaiserslautern in unmittelbarer Nachbarschaft des Fackelbrunnens, der gerade erst als &#8220;neue Stadtmitte&#8221; beworben wurde, ereignet hatte, hat nun ein erstes Todesopfer gefordert.<\/p>\n<p>Bei einem Streit zwischen einem 18-j\u00e4hrigen und einem 20-J\u00e4hrigen hatte der Erstere erst einem 22-j\u00e4hrigen Begleiter seines Opponenten mit einem Messer in den R\u00fccken gestochen, dann dem anderen in die Brust. Er wurde zusammen mit einem 15-j\u00e4hrigen Jugendlichen nach der Tat festgenommen. Der Jugendliche wurde wieder freigelassen; gegen den 18-j\u00e4hrigen wurde wegen gef\u00e4hrlicher K\u00f6rperverletzung und versuchten Totschlags Untersuchungshaft verh\u00e4ngt. Alle drei Beteiligten des Streits waren syrische Staatsb\u00fcrger; \u00fcber den 15-j\u00e4hrigen Begleiter ist nichts weiter bekannt. Laut Presseerkl\u00e4rung der Polizei stellte sich heraus, dass er erst nach dem Streit hinzugekommen sei.<\/p>\n<p>W\u00e4hrend des Streits wurde mit mehreren Notrufen die Polizei alarmiert; die Verletzten wurden von dieser und von Ersthelfern sofort versorgt, mussten aber beide wiederbelebt werden. Der Tatverd\u00e4chtige wurde bald darauf festgenommen.<\/p>\n<p>\u00dcber den Grund der Auseinandersetzung ist bisher nichts weiter bekannt. Nun ist das \u00e4ltere der beiden Opfer verstorben. Der zweite Mann, der angegriffen worden war, befindet sich immer noch in Lebensgefahr.<\/p>\n<p>Zum Aufenthaltsstatus der drei Beteiligten teilten die Ermittlungsbeh\u00f6rden bisher keine Details mit; nur, dass sie alle drei einen festen Wohnsitz in der Region Kaiserslautern h\u00e4tten.<\/p>\n<p>In Rheinland-Pfalz finden am 22.\u00a0M\u00e4rz Landtagswahlen statt.\u00a0<\/p>\n<p>Kaiserslautern, eine Stadt mit knapp 100.000\u00a0Einwohnern, war eine fr\u00fche Industriestadt, wird inzwischen aber vom US-Milit\u00e4rst\u00fctzpunkt dominiert, der mit 40.000 Milit\u00e4rs und Zivilmitarbeitern, die nicht als Einwohner der Stadt gez\u00e4hlt werden, weit gr\u00f6\u00dfer ist als jeder Industriebetrieb. Der Ausl\u00e4nderanteil an der Stadtbev\u00f6lkerung (bei dem die US-Amerikaner ebenfalls nicht mitgez\u00e4hlt werden) stieg von 2010 bis 2026 von 10,7 auf 22,6\u00a0Prozent.<\/p>\n<p><strong>Mehr zum Thema<\/strong>\u00a0\u2013 <a rel=\"nofollow noopener\" target=\"_blank\" href=\"https:\/\/freedert.online\/wirtschaft\/266760-ifo-institut-gemischte-bilanz-wirtschaftsleistung\/\">ifo Institut: Gemischte Bilanz \u2013 Wirtschaftsleistung geht in acht Bundesl\u00e4ndern zur\u00fcck <\/a><\/p>\n<div class=\"EmbedBlock-root EmbedBlock-externalVideo EmbedBlock-rumble\">\n<div class=\"VkEmbed\"><iframe class=\"lazyload\" data-src=\"https:\/\/rumble.com\/embed\/v73nvye\" frameborder=\"0\" width=\"853\" height=\"480\" allowfullscreen><\/iframe><\/div>\n<\/div>\n<\/div>\n<p><br \/>\n<br \/><a href=\"https:\/\/de.rt.com\/inland\/271905-kaiserslautern-messerangriff-vom-samstag-forderte-nun-ein-todesopfer\/\">Source link <\/a><\/p>\n","protected":false},"excerpt":{"rendered":"<p>Am Samstag stach im Stadtzentrum von Kaiserslautern, in den fr\u00fchen Abendstunden eines warmen Fr\u00fchlingstages, ein Mann auf zwei andere ein. Eine Szene, die sich nicht abseits ereignete, nicht in einem Problemviertel, sondern vor aller Augen. Der Messerangriff, der sich am Samstag etwa gegen 18\u00a0Uhr in Kaiserslautern in unmittelbarer Nachbarschaft des Fackelbrunnens, der gerade erst als [&hellip;]<\/p>\n","protected":false},"author":3,"featured_media":99770,"comment_status":"open","ping_status":"open","sticky":false,"template":"","format":"standard","meta":{"_yoast_indexnow_last_ping":["1772568441"],"wp_automatic_camp":["217"],"0fe22c8e6cc0ff829f777b6798894de9":["Kaiserslautern: Messerangriff vom Samstag forderte nun ein Todesopfer"],"original_link":["https:\/\/de.rt.com\/inland\/271905-kaiserslautern-messerangriff-vom-samstag-forderte-nun-ein-todesopfer\/"],"_thumbnail_id":["99770"],"jnews_social_counter_last_update":["1777681856"],"_wptgpro_p2tg_sent2tg":["a:1:{i:23737;s:19:\"2026-03-03 22:08:25\";}"]},"categories":[19,23],"tags":[357,4818,71576,23954,2121,22207,6224,1010],"yoast_head":"<!-- This site is optimized with the Yoast SEO Premium plugin v22.7 (Yoast SEO v22.7) - https:\/\/yoast.com\/wordpress\/plugins\/seo\/ -->\n<title>Kaiserslautern: Messerangriff vom Samstag forderte nun ein Todesopfer - just-now.NEWS Deutschland<\/title>\n<meta name=\"robots\" content=\"index, follow, max-snippet:-1, max-image-preview:large, max-video-preview:-1\" \/>\n<link rel=\"canonical\" href=\"https:\/\/now-news.de\/de\/deutschland\/kaiserslautern-messerangriff-vom-samstag-forderte-nun-ein-todesopfer\/\" \/>\n<meta property=\"og:locale\" content=\"de_DE\" \/>\n<meta property=\"og:type\" content=\"article\" \/>\n<meta property=\"og:title\" content=\"Kaiserslautern: Messerangriff vom Samstag forderte nun ein Todesopfer\" \/>\n<meta property=\"og:description\" content=\"Am Samstag stach im Stadtzentrum von Kaiserslautern, in den fr\u00fchen Abendstunden eines warmen Fr\u00fchlingstages, ein Mann auf zwei andere ein. Eine Szene, die sich nicht abseits ereignete, nicht in einem Problemviertel, sondern vor aller Augen. Der Messerangriff, der sich am Samstag etwa gegen 18\u00a0Uhr in Kaiserslautern in unmittelbarer Nachbarschaft des Fackelbrunnens, der gerade erst als [&hellip;]\" \/>\n<meta property=\"og:url\" content=\"https:\/\/now-news.de\/de\/deutschland\/kaiserslautern-messerangriff-vom-samstag-forderte-nun-ein-todesopfer\/\" \/>\n<meta property=\"og:site_name\" content=\"just-now.NEWS Deutschland\" \/>\n<meta property=\"article:publisher\" content=\"https:\/\/www.facebook.com\/wirmachenauf\" \/>\n<meta property=\"article:published_time\" content=\"2026-03-03T20:01:03+00:00\" \/>\n<meta property=\"og:image\" content=\"https:\/\/now-news.de\/de\/wp-content\/uploads\/sites\/3\/2026\/03\/69a6f90ab480cc6d8a68ec16.jpg\" \/>\n<meta name=\"author\" content=\"rtnews\" \/>\n<meta name=\"twitter:card\" content=\"summary_large_image\" \/>\n<meta name=\"twitter:creator\" content=\"@WirMachenAuf_de\" \/>\n<meta name=\"twitter:site\" content=\"@WirMachenAuf_de\" \/>\n<meta name=\"twitter:label1\" content=\"Verfasst von\" \/>\n\t<meta name=\"twitter:data1\" content=\"rtnews\" \/>\n\t<meta name=\"twitter:label2\" content=\"Gesch\u00e4tzte Lesezeit\" \/>\n\t<meta name=\"twitter:data2\" content=\"2\u00a0Minuten\" \/>\n<script type=\"application\/ld+json\" class=\"yoast-schema-graph\">{\"@context\":\"https:\/\/schema.org\",\"@graph\":[{\"@type\":\"Article\",\"@id\":\"https:\/\/now-news.de\/de\/deutschland\/kaiserslautern-messerangriff-vom-samstag-forderte-nun-ein-todesopfer\/#article\",\"isPartOf\":{\"@id\":\"https:\/\/now-news.de\/de\/deutschland\/kaiserslautern-messerangriff-vom-samstag-forderte-nun-ein-todesopfer\/\"},\"author\":{\"name\":\"rtnews\",\"@id\":\"https:\/\/now-news.de\/de\/#\/schema\/person\/fb534a4e865501d8b3285208df34a9b5\"},\"headline\":\"Kaiserslautern: Messerangriff vom Samstag forderte nun ein Todesopfer\",\"datePublished\":\"2026-03-03T20:01:03+00:00\",\"dateModified\":\"2026-03-03T20:01:03+00:00\",\"mainEntityOfPage\":{\"@id\":\"https:\/\/now-news.de\/de\/deutschland\/kaiserslautern-messerangriff-vom-samstag-forderte-nun-ein-todesopfer\/\"},\"wordCount\":359,\"commentCount\":0,\"publisher\":{\"@id\":\"https:\/\/now-news.de\/de\/#organization\"},\"image\":{\"@id\":\"https:\/\/now-news.de\/de\/deutschland\/kaiserslautern-messerangriff-vom-samstag-forderte-nun-ein-todesopfer\/#primaryimage\"},\"thumbnailUrl\":\"https:\/\/now-news.de\/de\/wp-content\/uploads\/sites\/3\/2026\/03\/Kaiserslautern-Messerangriff-vom-Samstag-forderte-nun-ein-Todesopfer.jpg\",\"keywords\":[\"ein\",\"f\u00f6rderte\",\"Kaiserslautern\",\"Messerangriff\",\"nun\",\"Samstag\",\"Todesopfer\",\"vom\"],\"articleSection\":[\"Deutschland\",\"Russland\"],\"inLanguage\":\"de\",\"potentialAction\":[{\"@type\":\"CommentAction\",\"name\":\"Comment\",\"target\":[\"https:\/\/now-news.de\/de\/deutschland\/kaiserslautern-messerangriff-vom-samstag-forderte-nun-ein-todesopfer\/#respond\"]}]},{\"@type\":\"WebPage\",\"@id\":\"https:\/\/now-news.de\/de\/deutschland\/kaiserslautern-messerangriff-vom-samstag-forderte-nun-ein-todesopfer\/\",\"url\":\"https:\/\/now-news.de\/de\/deutschland\/kaiserslautern-messerangriff-vom-samstag-forderte-nun-ein-todesopfer\/\",\"name\":\"Kaiserslautern: Messerangriff vom Samstag forderte nun ein Todesopfer - just-now.NEWS Deutschland\",\"isPartOf\":{\"@id\":\"https:\/\/now-news.de\/de\/#website\"},\"primaryImageOfPage\":{\"@id\":\"https:\/\/now-news.de\/de\/deutschland\/kaiserslautern-messerangriff-vom-samstag-forderte-nun-ein-todesopfer\/#primaryimage\"},\"image\":{\"@id\":\"https:\/\/now-news.de\/de\/deutschland\/kaiserslautern-messerangriff-vom-samstag-forderte-nun-ein-todesopfer\/#primaryimage\"},\"thumbnailUrl\":\"https:\/\/now-news.de\/de\/wp-content\/uploads\/sites\/3\/2026\/03\/Kaiserslautern-Messerangriff-vom-Samstag-forderte-nun-ein-Todesopfer.jpg\",\"datePublished\":\"2026-03-03T20:01:03+00:00\",\"dateModified\":\"2026-03-03T20:01:03+00:00\",\"breadcrumb\":{\"@id\":\"https:\/\/now-news.de\/de\/deutschland\/kaiserslautern-messerangriff-vom-samstag-forderte-nun-ein-todesopfer\/#breadcrumb\"},\"inLanguage\":\"de\",\"potentialAction\":[{\"@type\":\"ReadAction\",\"target\":[\"https:\/\/now-news.de\/de\/deutschland\/kaiserslautern-messerangriff-vom-samstag-forderte-nun-ein-todesopfer\/\"]}]},{\"@type\":\"ImageObject\",\"inLanguage\":\"de\",\"@id\":\"https:\/\/now-news.de\/de\/deutschland\/kaiserslautern-messerangriff-vom-samstag-forderte-nun-ein-todesopfer\/#primaryimage\",\"url\":\"https:\/\/now-news.de\/de\/wp-content\/uploads\/sites\/3\/2026\/03\/Kaiserslautern-Messerangriff-vom-Samstag-forderte-nun-ein-Todesopfer.jpg\",\"contentUrl\":\"https:\/\/now-news.de\/de\/wp-content\/uploads\/sites\/3\/2026\/03\/Kaiserslautern-Messerangriff-vom-Samstag-forderte-nun-ein-Todesopfer.jpg\",\"width\":460,\"height\":259,\"caption\":\"Kaiserslautern: Messerangriff vom Samstag forderte nun ein Todesopfer\"},{\"@type\":\"BreadcrumbList\",\"@id\":\"https:\/\/now-news.de\/de\/deutschland\/kaiserslautern-messerangriff-vom-samstag-forderte-nun-ein-todesopfer\/#breadcrumb\",\"itemListElement\":[{\"@type\":\"ListItem\",\"position\":1,\"name\":\"Home\",\"item\":\"https:\/\/now-news.de\/de\/\"},{\"@type\":\"ListItem\",\"position\":2,\"name\":\"Kaiserslautern: Messerangriff vom Samstag forderte nun ein Todesopfer\"}]},{\"@type\":\"WebSite\",\"@id\":\"https:\/\/now-news.de\/de\/#website\",\"url\":\"https:\/\/now-news.de\/de\/\",\"name\":\"just-now.NEWS Deutschland\",\"description\":\"Das Portal f\u00fcr unzensierte Nachrichten aus der Welt\",\"publisher\":{\"@id\":\"https:\/\/now-news.de\/de\/#organization\"},\"potentialAction\":[{\"@type\":\"SearchAction\",\"target\":{\"@type\":\"EntryPoint\",\"urlTemplate\":\"https:\/\/now-news.de\/de\/?s={search_term_string}\"},\"query-input\":\"required name=search_term_string\"}],\"inLanguage\":\"de\"},{\"@type\":\"Organization\",\"@id\":\"https:\/\/now-news.de\/de\/#organization\",\"name\":\"Just Now News\",\"url\":\"https:\/\/now-news.de\/de\/\",\"logo\":{\"@type\":\"ImageObject\",\"inLanguage\":\"de\",\"@id\":\"https:\/\/now-news.de\/de\/#\/schema\/logo\/image\/\",\"url\":\"http:\/\/just-now.news\/de\/wp-content\/uploads\/sites\/3\/2022\/04\/logo500x500.jpg\",\"contentUrl\":\"http:\/\/just-now.news\/de\/wp-content\/uploads\/sites\/3\/2022\/04\/logo500x500.jpg\",\"width\":500,\"height\":500,\"caption\":\"Just Now News\"},\"image\":{\"@id\":\"https:\/\/now-news.de\/de\/#\/schema\/logo\/image\/\"},\"sameAs\":[\"https:\/\/www.facebook.com\/wirmachenauf\",\"https:\/\/x.com\/WirMachenAuf_de\"]},{\"@type\":\"Person\",\"@id\":\"https:\/\/now-news.de\/de\/#\/schema\/person\/fb534a4e865501d8b3285208df34a9b5\",\"name\":\"rtnews\",\"image\":{\"@type\":\"ImageObject\",\"inLanguage\":\"de\",\"@id\":\"https:\/\/now-news.de\/de\/#\/schema\/person\/image\/\",\"url\":\"https:\/\/secure.gravatar.com\/avatar\/82aafea7d8127119dd649515f56e2117?s=96&d=mm&r=g\",\"contentUrl\":\"https:\/\/secure.gravatar.com\/avatar\/82aafea7d8127119dd649515f56e2117?s=96&d=mm&r=g\",\"caption\":\"rtnews\"},\"url\":\"https:\/\/now-news.de\/de\/author\/rnews\/\"}]}<\/script>\n<!-- \/ Yoast SEO Premium plugin. -->","yoast_head_json":{"title":"Kaiserslautern: Messerangriff vom Samstag forderte nun ein Todesopfer - just-now.NEWS Deutschland","robots":{"index":"index","follow":"follow","max-snippet":"max-snippet:-1","max-image-preview":"max-image-preview:large","max-video-preview":"max-video-preview:-1"},"canonical":"https:\/\/now-news.de\/de\/deutschland\/kaiserslautern-messerangriff-vom-samstag-forderte-nun-ein-todesopfer\/","og_locale":"de_DE","og_type":"article","og_title":"Kaiserslautern: Messerangriff vom Samstag forderte nun ein Todesopfer","og_description":"Am Samstag stach im Stadtzentrum von Kaiserslautern, in den fr\u00fchen Abendstunden eines warmen Fr\u00fchlingstages, ein Mann auf zwei andere ein. Eine Szene, die sich nicht abseits ereignete, nicht in einem Problemviertel, sondern vor aller Augen. Der Messerangriff, der sich am Samstag etwa gegen 18\u00a0Uhr in Kaiserslautern in unmittelbarer Nachbarschaft des Fackelbrunnens, der gerade erst als [&hellip;]","og_url":"https:\/\/now-news.de\/de\/deutschland\/kaiserslautern-messerangriff-vom-samstag-forderte-nun-ein-todesopfer\/","og_site_name":"just-now.NEWS Deutschland","article_publisher":"https:\/\/www.facebook.com\/wirmachenauf","article_published_time":"2026-03-03T20:01:03+00:00","og_image":[{"url":"https:\/\/now-news.de\/de\/wp-content\/uploads\/sites\/3\/2026\/03\/69a6f90ab480cc6d8a68ec16.jpg"}],"author":"rtnews","twitter_card":"summary_large_image","twitter_creator":"@WirMachenAuf_de","twitter_site":"@WirMachenAuf_de","twitter_misc":{"Verfasst von":"rtnews","Gesch\u00e4tzte Lesezeit":"2\u00a0Minuten"},"schema":{"@context":"https:\/\/schema.org","@graph":[{"@type":"Article","@id":"https:\/\/now-news.de\/de\/deutschland\/kaiserslautern-messerangriff-vom-samstag-forderte-nun-ein-todesopfer\/#article","isPartOf":{"@id":"https:\/\/now-news.de\/de\/deutschland\/kaiserslautern-messerangriff-vom-samstag-forderte-nun-ein-todesopfer\/"},"author":{"name":"rtnews","@id":"https:\/\/now-news.de\/de\/#\/schema\/person\/fb534a4e865501d8b3285208df34a9b5"},"headline":"Kaiserslautern: Messerangriff vom Samstag forderte nun ein Todesopfer","datePublished":"2026-03-03T20:01:03+00:00","dateModified":"2026-03-03T20:01:03+00:00","mainEntityOfPage":{"@id":"https:\/\/now-news.de\/de\/deutschland\/kaiserslautern-messerangriff-vom-samstag-forderte-nun-ein-todesopfer\/"},"wordCount":359,"commentCount":0,"publisher":{"@id":"https:\/\/now-news.de\/de\/#organization"},"image":{"@id":"https:\/\/now-news.de\/de\/deutschland\/kaiserslautern-messerangriff-vom-samstag-forderte-nun-ein-todesopfer\/#primaryimage"},"thumbnailUrl":"https:\/\/now-news.de\/de\/wp-content\/uploads\/sites\/3\/2026\/03\/Kaiserslautern-Messerangriff-vom-Samstag-forderte-nun-ein-Todesopfer.jpg","keywords":["ein","f\u00f6rderte","Kaiserslautern","Messerangriff","nun","Samstag","Todesopfer","vom"],"articleSection":["Deutschland","Russland"],"inLanguage":"de","potentialAction":[{"@type":"CommentAction","name":"Comment","target":["https:\/\/now-news.de\/de\/deutschland\/kaiserslautern-messerangriff-vom-samstag-forderte-nun-ein-todesopfer\/#respond"]}]},{"@type":"WebPage","@id":"https:\/\/now-news.de\/de\/deutschland\/kaiserslautern-messerangriff-vom-samstag-forderte-nun-ein-todesopfer\/","url":"https:\/\/now-news.de\/de\/deutschland\/kaiserslautern-messerangriff-vom-samstag-forderte-nun-ein-todesopfer\/","name":"Kaiserslautern: Messerangriff vom Samstag forderte nun ein Todesopfer - just-now.NEWS Deutschland","isPartOf":{"@id":"https:\/\/now-news.de\/de\/#website"},"primaryImageOfPage":{"@id":"https:\/\/now-news.de\/de\/deutschland\/kaiserslautern-messerangriff-vom-samstag-forderte-nun-ein-todesopfer\/#primaryimage"},"image":{"@id":"https:\/\/now-news.de\/de\/deutschland\/kaiserslautern-messerangriff-vom-samstag-forderte-nun-ein-todesopfer\/#primaryimage"},"thumbnailUrl":"https:\/\/now-news.de\/de\/wp-content\/uploads\/sites\/3\/2026\/03\/Kaiserslautern-Messerangriff-vom-Samstag-forderte-nun-ein-Todesopfer.jpg","datePublished":"2026-03-03T20:01:03+00:00","dateModified":"2026-03-03T20:01:03+00:00","breadcrumb":{"@id":"https:\/\/now-news.de\/de\/deutschland\/kaiserslautern-messerangriff-vom-samstag-forderte-nun-ein-todesopfer\/#breadcrumb"},"inLanguage":"de","potentialAction":[{"@type":"ReadAction","target":["https:\/\/now-news.de\/de\/deutschland\/kaiserslautern-messerangriff-vom-samstag-forderte-nun-ein-todesopfer\/"]}]},{"@type":"ImageObject","inLanguage":"de","@id":"https:\/\/now-news.de\/de\/deutschland\/kaiserslautern-messerangriff-vom-samstag-forderte-nun-ein-todesopfer\/#primaryimage","url":"https:\/\/now-news.de\/de\/wp-content\/uploads\/sites\/3\/2026\/03\/Kaiserslautern-Messerangriff-vom-Samstag-forderte-nun-ein-Todesopfer.jpg","contentUrl":"https:\/\/now-news.de\/de\/wp-content\/uploads\/sites\/3\/2026\/03\/Kaiserslautern-Messerangriff-vom-Samstag-forderte-nun-ein-Todesopfer.jpg","width":460,"height":259,"caption":"Kaiserslautern: Messerangriff vom Samstag forderte nun ein Todesopfer"},{"@type":"BreadcrumbList","@id":"https:\/\/now-news.de\/de\/deutschland\/kaiserslautern-messerangriff-vom-samstag-forderte-nun-ein-todesopfer\/#breadcrumb","itemListElement":[{"@type":"ListItem","position":1,"name":"Home","item":"https:\/\/now-news.de\/de\/"},{"@type":"ListItem","position":2,"name":"Kaiserslautern: Messerangriff vom Samstag forderte nun ein Todesopfer"}]},{"@type":"WebSite","@id":"https:\/\/now-news.de\/de\/#website","url":"https:\/\/now-news.de\/de\/","name":"just-now.NEWS Deutschland","description":"Das Portal f\u00fcr unzensierte Nachrichten aus der Welt","publisher":{"@id":"https:\/\/now-news.de\/de\/#organization"},"potentialAction":[{"@type":"SearchAction","target":{"@type":"EntryPoint","urlTemplate":"https:\/\/now-news.de\/de\/?s={search_term_string}"},"query-input":"required name=search_term_string"}],"inLanguage":"de"},{"@type":"Organization","@id":"https:\/\/now-news.de\/de\/#organization","name":"Just Now News","url":"https:\/\/now-news.de\/de\/","logo":{"@type":"ImageObject","inLanguage":"de","@id":"https:\/\/now-news.de\/de\/#\/schema\/logo\/image\/","url":"http:\/\/just-now.news\/de\/wp-content\/uploads\/sites\/3\/2022\/04\/logo500x500.jpg","contentUrl":"http:\/\/just-now.news\/de\/wp-content\/uploads\/sites\/3\/2022\/04\/logo500x500.jpg","width":500,"height":500,"caption":"Just Now News"},"image":{"@id":"https:\/\/now-news.de\/de\/#\/schema\/logo\/image\/"},"sameAs":["https:\/\/www.facebook.com\/wirmachenauf","https:\/\/x.com\/WirMachenAuf_de"]},{"@type":"Person","@id":"https:\/\/now-news.de\/de\/#\/schema\/person\/fb534a4e865501d8b3285208df34a9b5","name":"rtnews","image":{"@type":"ImageObject","inLanguage":"de","@id":"https:\/\/now-news.de\/de\/#\/schema\/person\/image\/","url":"https:\/\/secure.gravatar.com\/avatar\/82aafea7d8127119dd649515f56e2117?s=96&d=mm&r=g","contentUrl":"https:\/\/secure.gravatar.com\/avatar\/82aafea7d8127119dd649515f56e2117?s=96&d=mm&r=g","caption":"rtnews"},"url":"https:\/\/now-news.de\/de\/author\/rnews\/"}]}},"_links":{"self":[{"href":"https:\/\/now-news.de\/de\/wp-json\/wp\/v2\/posts\/99769"}],"collection":[{"href":"https:\/\/now-news.de\/de\/wp-json\/wp\/v2\/posts"}],"about":[{"href":"https:\/\/now-news.de\/de\/wp-json\/wp\/v2\/types\/post"}],"author":[{"embeddable":true,"href":"https:\/\/now-news.de\/de\/wp-json\/wp\/v2\/users\/3"}],"replies":[{"embeddable":true,"href":"https:\/\/now-news.de\/de\/wp-json\/wp\/v2\/comments?post=99769"}],"version-history":[{"count":0,"href":"https:\/\/now-news.de\/de\/wp-json\/wp\/v2\/posts\/99769\/revisions"}],"wp:featuredmedia":[{"embeddable":true,"href":"https:\/\/now-news.de\/de\/wp-json\/wp\/v2\/media\/99770"}],"wp:attachment":[{"href":"https:\/\/now-news.de\/de\/wp-json\/wp\/v2\/media?parent=99769"}],"wp:term":[{"taxonomy":"category","embeddable":true,"href":"https:\/\/now-news.de\/de\/wp-json\/wp\/v2\/categories?post=99769"},{"taxonomy":"post_tag","embeddable":true,"href":"https:\/\/now-news.de\/de\/wp-json\/wp\/v2\/tags?post=99769"}],"curies":[{"name":"wp","href":"https:\/\/api.w.org\/{rel}","templated":true}]}}