{"id":99739,"date":"2026-03-03T13:09:57","date_gmt":"2026-03-03T11:09:57","guid":{"rendered":"https:\/\/now-news.de\/de\/deutschland\/entnahme-aus-europas-gasspeichern-verlangsamt-boersenpreise-legen-dennoch-zu\/"},"modified":"2026-03-03T13:09:57","modified_gmt":"2026-03-03T11:09:57","slug":"entnahme-aus-europas-gasspeichern-verlangsamt-boersenpreise-legen-dennoch-zu","status":"publish","type":"post","link":"https:\/\/now-news.de\/de\/deutschland\/entnahme-aus-europas-gasspeichern-verlangsamt-boersenpreise-legen-dennoch-zu\/","title":{"rendered":"Entnahme aus Europas Gasspeichern verlangsamt \u2013 B\u00f6rsenpreise legen dennoch zu"},"content":{"rendered":"<p><img decoding=\"async\" src=\"https:\/\/now-news.de\/de\/wp-content\/uploads\/sites\/3\/2026\/03\/69a6a99648fbef290e0f258d.png\" \/><\/p>\n<div class=\"Text-root Text-type_1 \">\n                In Europa scheint der Winter vorbei zu sein \u2013 und die Entnahme von Erdgas aus unterirdischen Speichern ist zur\u00fcckgegangen. Dennoch steigen die Preise. Die Ursache liegt in der schwachen Bef\u00fcllung der Speicher, welche auf die Sanktionen gegen Russland sowie den Krieg im Iran zur\u00fcckzuf\u00fchren ist.\n            <\/div>\n<p><\/p>\n<div class=\"Text-root Text-type_5 ArticleView-text ViewText-root \">\n<p><strong><\/strong> Die Entnahme von Erdgas aus europ\u00e4ischen Untergrundspeichern ging im nun vergangenen Februar aufgrund des neuerdings \u00fcberwiegend warmen Wetters deutlich zur\u00fcck. Laut Berechnungen der russischen Nachrichtenagentur\u00a0<em>TASS<\/em>, die diese auf Daten von Gas Infrastructure Europe\u00a0<a rel=\"nofollow noopener\" target=\"_blank\" href=\"https:\/\/tass.ru\/ekonomika\/26606845\">st\u00fctzt<\/a>, sank sie im Vergleich zum selben Monat des Vorjahrs um 23 Prozent und belief sich auf insgesamt 13,6 Milliarden Kubikmeter. Dies ist &#8220;lediglich&#8221; der sechsth\u00f6chste Wert seit Beginn der Aufzeichnungen. Der Speicherstand der europ\u00e4ischen Untergrundspeicher f\u00fcr sich genommen betrug Ende Februar 2026 noch rund 33 Milliarden Kubikmeter Erdgas \u2013 weniger als 30 Prozent und damit 15,66 Prozentpunkte weniger als der F\u00fcnfjahresdurchschnitt f\u00fcr dieses Datum; man vergleiche dies mit 38,5 Prozent im Vorjahr. Zum Vergleich: Noch niedrigere Speicherkapazit\u00e4ten wurden in den vergangenen Jahren dreimal zum Ende des dritten Wintermonats beobachtet: 2017 (29,44 Prozent), 2018 (28,91 Prozent) und 2022 (29,02 Prozent). Die Heizperioden 2017 und 2022 endeten jeweils im M\u00e4rz, als noch etwa 25\u201326 Prozent der Reserven in den unterirdischen Gasspeichern vorhanden waren. Der absolute Tiefststand der europ\u00e4ischen Gasspeicher wurde Ende der Herbst-Winter-Periode 2017\/18 im M\u00e4rz 2018 mit 17,7 Prozent verzeichnet. Dies war vor allem auf Rekordentnahmen aus den unterirdischen Gasspeichern im Februar und M\u00e4rz desselben Jahres zur\u00fcckzuf\u00fchren, da die Reserven Ende Januar 2018 noch bei recht ansehnlichen 49 Prozent lagen.<\/p>\n<p>Dennoch muss man festhalten, dass seit Beginn der aktuellen Heizperiode am 13. Oktober 2025 die EU-L\u00e4nder rund 65 Milliarden Kubikmeter Gas aus den Speichern entnommen haben. Die Nettoentnahme (die Differenz zwischen Entnahme- und Einspeisemenge) \u00fcbersteigt 58,5 Milliarden Kubikmeter und liegt damit bereits 4 Milliarden Kubikmeter \u00fcber der im Sommer eingespeisten Menge von 1,4 Milliarden Kubikmetern \u2013 die, wohlgemerkt, ihrerseits einen Vierjahresh\u00f6chststand f\u00fcr den Monat Februar darstellt. Im Klartext: Die EU-L\u00e4nder haben erst vor wenigen Wochen ihre gesamten im Sommer eingespeisten Gasvorr\u00e4te aufgebraucht und greifen nun auf die Restreserven der Vorjahre zur\u00fcck.<\/p>\n<p>Langfristige Wetterprognosen sagten einen ungew\u00f6hnlich kalten Winter in Europa (und auch in Russland) voraus \u2013 einen Winter, wie er nur etwa alle 20 Jahre vorkommt. Und obwohl dieser auch eingetretene kalte Winter nun vorbei scheint, obwohl der Speicherstand Ende Februar, wie oben verdeutlicht, keineswegs ein Negativrekord und die Geschwindigkeit der Erdgasentnahme aus den Speicheranlagen der EU-L\u00e4nder Ende Februar stark gefallen ist, bleibt die Anfrage nach Erdgas auf den europ\u00e4ischen M\u00e4rkten stark.<\/p>\n<p>Zum Beispiel verzeichnete Europa im Februar 2026 einen Rekord bei den Importen von Fl\u00fcssigerdgas f\u00fcr diesen Monat: Ende Februar beliefen sich die LNG-Lieferungen von europ\u00e4ischen Terminals in das EU-Gastransportsystem auf rund 11,9 Milliarden Kubikmeter, zwar 7 Prozent weniger als im Januar, aber immer noch 10 Prozent mehr als im Februar 2025. Die Einspeisungen wiedervergasten LNGs von Terminals in das europ\u00e4ische Gastransportsystem blieben in den ersten beiden Monaten des Jahres 2026 auf einem Rekordniveau und \u00fcberstiegen 24,5 Milliarden Kubikmeter \u2013 16 Prozent mehr als im gleichen Zeitraum im Vorjahr.<\/p>\n<p>Laut Daten der Londoner ICE-B\u00f6rse stiegen die europ\u00e4ischen Erdgaspreise am Montag zum B\u00f6rsenstart um 20 Prozent. Grund daf\u00fcr war nicht nur die aufgrund niedriger Speicherst\u00e4nde hohe Anfrage \u2013 sondern auch die US-amerikanisch-israelische Milit\u00e4roperation gegen den Iran, <a rel=\"nofollow noopener\" target=\"_blank\" href=\"https:\/\/tass.ru\/ekonomika\/26607469\">schreibt<\/a> die <em>TASS<\/em>. Der Preis f\u00fcr April-Futures am TTF-Hub in den Niederlanden stieg auf rund 470 US-Dollar pro tausend Kubikmeter beziehungsweise 38,67 Euro pro Megawattstunde an Heizwert (basierend auf dem aktuellen Euro-Dollar-Wechselkurs; die ICE-Preise werden in Euro pro MWh angegeben). Die europ\u00e4ischen Gaspreise erreichten damit den h\u00f6chsten Stand seit Ende Januar.<\/p>\n<p>Am 28. Februar starteten die USA und Israel einen gro\u00dfangelegten milit\u00e4rischen \u00dcberfall gegen den Iran. Wichtige iranische St\u00e4dte, darunter die Landeshauptstadt Teheran, wurden angegriffen. Das Wei\u00dfe Haus rechtfertigte den Angriff mit angeblichen Raketen- und Atombedrohungen durch den Iran. Gleichzeitig riefen US-Vertreter die iranische Bev\u00f6lkerung \u00f6ffentlich zum Aufstand gegen die Regierung und zur Machtergreifung auf.<\/p>\n<p>Bei den Angriffen kamen der iranische Oberste F\u00fchrer, Ayatollah Ali Chamenei, und mehrere andere Schl\u00fcsselfiguren der islamischen F\u00fchrung ums Leben.<\/p>\n<p>Eine M\u00e4dchenschule in der Stadt Minab wurde nach Angaben der iranischen Seite ebenfalls getroffen \u2013 es kam zu mindestens 148 Opfern unter den Kindern und zu weiteren Opfern unter dem Lehr- und Hilfspersonal.<\/p>\n<div class=\"EmbedBlock-root EmbedBlock-externalVideo EmbedBlock-rumble\">\n<div class=\"VkEmbed\"><iframe class=\"lazyload\" data-src=\"https:\/\/rumble.com\/embed\/v74bedg\" frameborder=\"0\" width=\"853\" height=\"480\" allowfullscreen><\/iframe><\/div>\n<\/div>\n<p>Die iranischen Revolutionsgarden k\u00fcndigten daraufhin eine Vergeltungsoperation an und griffen Ziele in Israel mit Kamikazedrohnen und Raketen an. Auch US-Milit\u00e4rbasen in Bahrain, Jordanien, Katar, Kuwait, den Vereinigten Arabischen Emiraten und Saudi-Arabien wurden von ihnen beschossen und getroffen.\u00a0<\/p>\n<p><strong>Mehr zum Thema<\/strong> \u2013 <a rel=\"nofollow noopener\" target=\"_blank\" href=\"https:\/\/freedert.online\/meinung\/271664-frauenfreiheiten-in-form-von-toten\/\">Frauenfreiheiten in Form von toten M\u00e4dchen<\/a><\/p>\n<div class=\"EmbedBlock-root EmbedBlock-externalVideo EmbedBlock-rumble\">\n<div class=\"VkEmbed\"><iframe class=\"lazyload\" data-src=\"https:\/\/rumble.com\/embed\/v74cb4y\" frameborder=\"0\" width=\"853\" height=\"480\" allowfullscreen><\/iframe><\/div>\n<\/div>\n<\/div>\n<p><br \/>\n<br \/><a href=\"https:\/\/de.rt.com\/wirtschaft\/271847-entnahme-aus-europas-erdgasspeichern-verlangsamt-preise-steigen-dennoch\/\">Source link <\/a><\/p>\n","protected":false},"excerpt":{"rendered":"<p>In Europa scheint der Winter vorbei zu sein \u2013 und die Entnahme von Erdgas aus unterirdischen Speichern ist zur\u00fcckgegangen. Dennoch steigen die Preise. Die Ursache liegt in der schwachen Bef\u00fcllung der Speicher, welche auf die Sanktionen gegen Russland sowie den Krieg im Iran zur\u00fcckzuf\u00fchren ist. Die Entnahme von Erdgas aus europ\u00e4ischen Untergrundspeichern ging im nun [&hellip;]<\/p>\n","protected":false},"author":3,"featured_media":99740,"comment_status":"open","ping_status":"open","sticky":false,"template":"","format":"standard","meta":{"_yoast_indexnow_last_ping":["1772538561"],"wp_automatic_camp":["217"],"5d615deecae2880adf61b771411ca16e":["Entnahme aus Europas Gasspeichern verlangsamt \u2013 B\u00f6rsenpreise legen dennoch zu"],"original_link":["https:\/\/de.rt.com\/wirtschaft\/271847-entnahme-aus-europas-erdgasspeichern-verlangsamt-preise-steigen-dennoch\/"],"_thumbnail_id":["99740"],"_wptgpro_p2tg_sent2tg":["a:1:{i:23737;s:19:\"2026-03-03 13:50:24\";}"],"jnews_social_counter_last_update":["1777246508"]},"categories":[19,23],"tags":[679,71567,28893,71566,1293,63638,28400,27836],"yoast_head":"<!-- This site is optimized with the Yoast SEO Premium plugin v22.7 (Yoast SEO v22.7) - https:\/\/yoast.com\/wordpress\/plugins\/seo\/ -->\n<title>Entnahme aus Europas Gasspeichern verlangsamt \u2013 B\u00f6rsenpreise legen dennoch zu - just-now.NEWS Deutschland<\/title>\n<meta name=\"robots\" content=\"index, follow, max-snippet:-1, max-image-preview:large, max-video-preview:-1\" \/>\n<link rel=\"canonical\" href=\"https:\/\/now-news.de\/de\/deutschland\/entnahme-aus-europas-gasspeichern-verlangsamt-boersenpreise-legen-dennoch-zu\/\" \/>\n<meta property=\"og:locale\" content=\"de_DE\" \/>\n<meta property=\"og:type\" content=\"article\" \/>\n<meta property=\"og:title\" content=\"Entnahme aus Europas Gasspeichern verlangsamt \u2013 B\u00f6rsenpreise legen dennoch zu\" \/>\n<meta property=\"og:description\" content=\"In Europa scheint der Winter vorbei zu sein \u2013 und die Entnahme von Erdgas aus unterirdischen Speichern ist zur\u00fcckgegangen. Dennoch steigen die Preise. Die Ursache liegt in der schwachen Bef\u00fcllung der Speicher, welche auf die Sanktionen gegen Russland sowie den Krieg im Iran zur\u00fcckzuf\u00fchren ist. Die Entnahme von Erdgas aus europ\u00e4ischen Untergrundspeichern ging im nun [&hellip;]\" \/>\n<meta property=\"og:url\" content=\"https:\/\/now-news.de\/de\/deutschland\/entnahme-aus-europas-gasspeichern-verlangsamt-boersenpreise-legen-dennoch-zu\/\" \/>\n<meta property=\"og:site_name\" content=\"just-now.NEWS Deutschland\" \/>\n<meta property=\"article:publisher\" content=\"https:\/\/www.facebook.com\/wirmachenauf\" \/>\n<meta property=\"article:published_time\" content=\"2026-03-03T11:09:57+00:00\" \/>\n<meta property=\"og:image\" content=\"https:\/\/now-news.de\/de\/wp-content\/uploads\/sites\/3\/2026\/03\/69a6a99648fbef290e0f258d.png\" \/>\n<meta name=\"author\" content=\"rtnews\" \/>\n<meta name=\"twitter:card\" content=\"summary_large_image\" \/>\n<meta name=\"twitter:creator\" content=\"@WirMachenAuf_de\" \/>\n<meta name=\"twitter:site\" content=\"@WirMachenAuf_de\" \/>\n<meta name=\"twitter:label1\" content=\"Verfasst von\" \/>\n\t<meta name=\"twitter:data1\" content=\"rtnews\" \/>\n\t<meta name=\"twitter:label2\" content=\"Gesch\u00e4tzte Lesezeit\" \/>\n\t<meta name=\"twitter:data2\" content=\"4\u00a0Minuten\" \/>\n<script type=\"application\/ld+json\" class=\"yoast-schema-graph\">{\"@context\":\"https:\/\/schema.org\",\"@graph\":[{\"@type\":\"Article\",\"@id\":\"https:\/\/now-news.de\/de\/deutschland\/entnahme-aus-europas-gasspeichern-verlangsamt-boersenpreise-legen-dennoch-zu\/#article\",\"isPartOf\":{\"@id\":\"https:\/\/now-news.de\/de\/deutschland\/entnahme-aus-europas-gasspeichern-verlangsamt-boersenpreise-legen-dennoch-zu\/\"},\"author\":{\"name\":\"rtnews\",\"@id\":\"https:\/\/now-news.de\/de\/#\/schema\/person\/fb534a4e865501d8b3285208df34a9b5\"},\"headline\":\"Entnahme aus Europas Gasspeichern verlangsamt \u2013 B\u00f6rsenpreise legen dennoch zu\",\"datePublished\":\"2026-03-03T11:09:57+00:00\",\"dateModified\":\"2026-03-03T11:09:57+00:00\",\"mainEntityOfPage\":{\"@id\":\"https:\/\/now-news.de\/de\/deutschland\/entnahme-aus-europas-gasspeichern-verlangsamt-boersenpreise-legen-dennoch-zu\/\"},\"wordCount\":758,\"commentCount\":0,\"publisher\":{\"@id\":\"https:\/\/now-news.de\/de\/#organization\"},\"image\":{\"@id\":\"https:\/\/now-news.de\/de\/deutschland\/entnahme-aus-europas-gasspeichern-verlangsamt-boersenpreise-legen-dennoch-zu\/#primaryimage\"},\"thumbnailUrl\":\"https:\/\/now-news.de\/de\/wp-content\/uploads\/sites\/3\/2026\/03\/Entnahme-aus-Europas-Gasspeichern-verlangsamt-\u2013-Boersenpreise-legen-dennoch-zu.png\",\"keywords\":[\"aus\",\"B\u00f6rsenpreise\",\"dennoch\",\"Entnahme\",\"Europas\",\"Gasspeichern\",\"legen\",\"verlangsamt\"],\"articleSection\":[\"Deutschland\",\"Russland\"],\"inLanguage\":\"de\",\"potentialAction\":[{\"@type\":\"CommentAction\",\"name\":\"Comment\",\"target\":[\"https:\/\/now-news.de\/de\/deutschland\/entnahme-aus-europas-gasspeichern-verlangsamt-boersenpreise-legen-dennoch-zu\/#respond\"]}]},{\"@type\":\"WebPage\",\"@id\":\"https:\/\/now-news.de\/de\/deutschland\/entnahme-aus-europas-gasspeichern-verlangsamt-boersenpreise-legen-dennoch-zu\/\",\"url\":\"https:\/\/now-news.de\/de\/deutschland\/entnahme-aus-europas-gasspeichern-verlangsamt-boersenpreise-legen-dennoch-zu\/\",\"name\":\"Entnahme aus Europas Gasspeichern verlangsamt \u2013 B\u00f6rsenpreise legen dennoch zu - just-now.NEWS Deutschland\",\"isPartOf\":{\"@id\":\"https:\/\/now-news.de\/de\/#website\"},\"primaryImageOfPage\":{\"@id\":\"https:\/\/now-news.de\/de\/deutschland\/entnahme-aus-europas-gasspeichern-verlangsamt-boersenpreise-legen-dennoch-zu\/#primaryimage\"},\"image\":{\"@id\":\"https:\/\/now-news.de\/de\/deutschland\/entnahme-aus-europas-gasspeichern-verlangsamt-boersenpreise-legen-dennoch-zu\/#primaryimage\"},\"thumbnailUrl\":\"https:\/\/now-news.de\/de\/wp-content\/uploads\/sites\/3\/2026\/03\/Entnahme-aus-Europas-Gasspeichern-verlangsamt-\u2013-Boersenpreise-legen-dennoch-zu.png\",\"datePublished\":\"2026-03-03T11:09:57+00:00\",\"dateModified\":\"2026-03-03T11:09:57+00:00\",\"breadcrumb\":{\"@id\":\"https:\/\/now-news.de\/de\/deutschland\/entnahme-aus-europas-gasspeichern-verlangsamt-boersenpreise-legen-dennoch-zu\/#breadcrumb\"},\"inLanguage\":\"de\",\"potentialAction\":[{\"@type\":\"ReadAction\",\"target\":[\"https:\/\/now-news.de\/de\/deutschland\/entnahme-aus-europas-gasspeichern-verlangsamt-boersenpreise-legen-dennoch-zu\/\"]}]},{\"@type\":\"ImageObject\",\"inLanguage\":\"de\",\"@id\":\"https:\/\/now-news.de\/de\/deutschland\/entnahme-aus-europas-gasspeichern-verlangsamt-boersenpreise-legen-dennoch-zu\/#primaryimage\",\"url\":\"https:\/\/now-news.de\/de\/wp-content\/uploads\/sites\/3\/2026\/03\/Entnahme-aus-Europas-Gasspeichern-verlangsamt-\u2013-Boersenpreise-legen-dennoch-zu.png\",\"contentUrl\":\"https:\/\/now-news.de\/de\/wp-content\/uploads\/sites\/3\/2026\/03\/Entnahme-aus-Europas-Gasspeichern-verlangsamt-\u2013-Boersenpreise-legen-dennoch-zu.png\",\"width\":460,\"height\":259,\"caption\":\"Entnahme aus Europas Gasspeichern verlangsamt \u2013 B\u00f6rsenpreise legen dennoch zu\"},{\"@type\":\"BreadcrumbList\",\"@id\":\"https:\/\/now-news.de\/de\/deutschland\/entnahme-aus-europas-gasspeichern-verlangsamt-boersenpreise-legen-dennoch-zu\/#breadcrumb\",\"itemListElement\":[{\"@type\":\"ListItem\",\"position\":1,\"name\":\"Home\",\"item\":\"https:\/\/now-news.de\/de\/\"},{\"@type\":\"ListItem\",\"position\":2,\"name\":\"Entnahme aus Europas Gasspeichern verlangsamt \u2013 B\u00f6rsenpreise legen dennoch zu\"}]},{\"@type\":\"WebSite\",\"@id\":\"https:\/\/now-news.de\/de\/#website\",\"url\":\"https:\/\/now-news.de\/de\/\",\"name\":\"just-now.NEWS Deutschland\",\"description\":\"Das Portal f\u00fcr unzensierte Nachrichten aus der Welt\",\"publisher\":{\"@id\":\"https:\/\/now-news.de\/de\/#organization\"},\"potentialAction\":[{\"@type\":\"SearchAction\",\"target\":{\"@type\":\"EntryPoint\",\"urlTemplate\":\"https:\/\/now-news.de\/de\/?s={search_term_string}\"},\"query-input\":\"required name=search_term_string\"}],\"inLanguage\":\"de\"},{\"@type\":\"Organization\",\"@id\":\"https:\/\/now-news.de\/de\/#organization\",\"name\":\"Just Now News\",\"url\":\"https:\/\/now-news.de\/de\/\",\"logo\":{\"@type\":\"ImageObject\",\"inLanguage\":\"de\",\"@id\":\"https:\/\/now-news.de\/de\/#\/schema\/logo\/image\/\",\"url\":\"http:\/\/just-now.news\/de\/wp-content\/uploads\/sites\/3\/2022\/04\/logo500x500.jpg\",\"contentUrl\":\"http:\/\/just-now.news\/de\/wp-content\/uploads\/sites\/3\/2022\/04\/logo500x500.jpg\",\"width\":500,\"height\":500,\"caption\":\"Just Now News\"},\"image\":{\"@id\":\"https:\/\/now-news.de\/de\/#\/schema\/logo\/image\/\"},\"sameAs\":[\"https:\/\/www.facebook.com\/wirmachenauf\",\"https:\/\/x.com\/WirMachenAuf_de\"]},{\"@type\":\"Person\",\"@id\":\"https:\/\/now-news.de\/de\/#\/schema\/person\/fb534a4e865501d8b3285208df34a9b5\",\"name\":\"rtnews\",\"image\":{\"@type\":\"ImageObject\",\"inLanguage\":\"de\",\"@id\":\"https:\/\/now-news.de\/de\/#\/schema\/person\/image\/\",\"url\":\"https:\/\/secure.gravatar.com\/avatar\/82aafea7d8127119dd649515f56e2117?s=96&d=mm&r=g\",\"contentUrl\":\"https:\/\/secure.gravatar.com\/avatar\/82aafea7d8127119dd649515f56e2117?s=96&d=mm&r=g\",\"caption\":\"rtnews\"},\"url\":\"https:\/\/now-news.de\/de\/author\/rnews\/\"}]}<\/script>\n<!-- \/ Yoast SEO Premium plugin. -->","yoast_head_json":{"title":"Entnahme aus Europas Gasspeichern verlangsamt \u2013 B\u00f6rsenpreise legen dennoch zu - just-now.NEWS Deutschland","robots":{"index":"index","follow":"follow","max-snippet":"max-snippet:-1","max-image-preview":"max-image-preview:large","max-video-preview":"max-video-preview:-1"},"canonical":"https:\/\/now-news.de\/de\/deutschland\/entnahme-aus-europas-gasspeichern-verlangsamt-boersenpreise-legen-dennoch-zu\/","og_locale":"de_DE","og_type":"article","og_title":"Entnahme aus Europas Gasspeichern verlangsamt \u2013 B\u00f6rsenpreise legen dennoch zu","og_description":"In Europa scheint der Winter vorbei zu sein \u2013 und die Entnahme von Erdgas aus unterirdischen Speichern ist zur\u00fcckgegangen. Dennoch steigen die Preise. Die Ursache liegt in der schwachen Bef\u00fcllung der Speicher, welche auf die Sanktionen gegen Russland sowie den Krieg im Iran zur\u00fcckzuf\u00fchren ist. Die Entnahme von Erdgas aus europ\u00e4ischen Untergrundspeichern ging im nun [&hellip;]","og_url":"https:\/\/now-news.de\/de\/deutschland\/entnahme-aus-europas-gasspeichern-verlangsamt-boersenpreise-legen-dennoch-zu\/","og_site_name":"just-now.NEWS Deutschland","article_publisher":"https:\/\/www.facebook.com\/wirmachenauf","article_published_time":"2026-03-03T11:09:57+00:00","og_image":[{"url":"https:\/\/now-news.de\/de\/wp-content\/uploads\/sites\/3\/2026\/03\/69a6a99648fbef290e0f258d.png"}],"author":"rtnews","twitter_card":"summary_large_image","twitter_creator":"@WirMachenAuf_de","twitter_site":"@WirMachenAuf_de","twitter_misc":{"Verfasst von":"rtnews","Gesch\u00e4tzte Lesezeit":"4\u00a0Minuten"},"schema":{"@context":"https:\/\/schema.org","@graph":[{"@type":"Article","@id":"https:\/\/now-news.de\/de\/deutschland\/entnahme-aus-europas-gasspeichern-verlangsamt-boersenpreise-legen-dennoch-zu\/#article","isPartOf":{"@id":"https:\/\/now-news.de\/de\/deutschland\/entnahme-aus-europas-gasspeichern-verlangsamt-boersenpreise-legen-dennoch-zu\/"},"author":{"name":"rtnews","@id":"https:\/\/now-news.de\/de\/#\/schema\/person\/fb534a4e865501d8b3285208df34a9b5"},"headline":"Entnahme aus Europas Gasspeichern verlangsamt \u2013 B\u00f6rsenpreise legen dennoch zu","datePublished":"2026-03-03T11:09:57+00:00","dateModified":"2026-03-03T11:09:57+00:00","mainEntityOfPage":{"@id":"https:\/\/now-news.de\/de\/deutschland\/entnahme-aus-europas-gasspeichern-verlangsamt-boersenpreise-legen-dennoch-zu\/"},"wordCount":758,"commentCount":0,"publisher":{"@id":"https:\/\/now-news.de\/de\/#organization"},"image":{"@id":"https:\/\/now-news.de\/de\/deutschland\/entnahme-aus-europas-gasspeichern-verlangsamt-boersenpreise-legen-dennoch-zu\/#primaryimage"},"thumbnailUrl":"https:\/\/now-news.de\/de\/wp-content\/uploads\/sites\/3\/2026\/03\/Entnahme-aus-Europas-Gasspeichern-verlangsamt-\u2013-Boersenpreise-legen-dennoch-zu.png","keywords":["aus","B\u00f6rsenpreise","dennoch","Entnahme","Europas","Gasspeichern","legen","verlangsamt"],"articleSection":["Deutschland","Russland"],"inLanguage":"de","potentialAction":[{"@type":"CommentAction","name":"Comment","target":["https:\/\/now-news.de\/de\/deutschland\/entnahme-aus-europas-gasspeichern-verlangsamt-boersenpreise-legen-dennoch-zu\/#respond"]}]},{"@type":"WebPage","@id":"https:\/\/now-news.de\/de\/deutschland\/entnahme-aus-europas-gasspeichern-verlangsamt-boersenpreise-legen-dennoch-zu\/","url":"https:\/\/now-news.de\/de\/deutschland\/entnahme-aus-europas-gasspeichern-verlangsamt-boersenpreise-legen-dennoch-zu\/","name":"Entnahme aus Europas Gasspeichern verlangsamt \u2013 B\u00f6rsenpreise legen dennoch zu - just-now.NEWS Deutschland","isPartOf":{"@id":"https:\/\/now-news.de\/de\/#website"},"primaryImageOfPage":{"@id":"https:\/\/now-news.de\/de\/deutschland\/entnahme-aus-europas-gasspeichern-verlangsamt-boersenpreise-legen-dennoch-zu\/#primaryimage"},"image":{"@id":"https:\/\/now-news.de\/de\/deutschland\/entnahme-aus-europas-gasspeichern-verlangsamt-boersenpreise-legen-dennoch-zu\/#primaryimage"},"thumbnailUrl":"https:\/\/now-news.de\/de\/wp-content\/uploads\/sites\/3\/2026\/03\/Entnahme-aus-Europas-Gasspeichern-verlangsamt-\u2013-Boersenpreise-legen-dennoch-zu.png","datePublished":"2026-03-03T11:09:57+00:00","dateModified":"2026-03-03T11:09:57+00:00","breadcrumb":{"@id":"https:\/\/now-news.de\/de\/deutschland\/entnahme-aus-europas-gasspeichern-verlangsamt-boersenpreise-legen-dennoch-zu\/#breadcrumb"},"inLanguage":"de","potentialAction":[{"@type":"ReadAction","target":["https:\/\/now-news.de\/de\/deutschland\/entnahme-aus-europas-gasspeichern-verlangsamt-boersenpreise-legen-dennoch-zu\/"]}]},{"@type":"ImageObject","inLanguage":"de","@id":"https:\/\/now-news.de\/de\/deutschland\/entnahme-aus-europas-gasspeichern-verlangsamt-boersenpreise-legen-dennoch-zu\/#primaryimage","url":"https:\/\/now-news.de\/de\/wp-content\/uploads\/sites\/3\/2026\/03\/Entnahme-aus-Europas-Gasspeichern-verlangsamt-\u2013-Boersenpreise-legen-dennoch-zu.png","contentUrl":"https:\/\/now-news.de\/de\/wp-content\/uploads\/sites\/3\/2026\/03\/Entnahme-aus-Europas-Gasspeichern-verlangsamt-\u2013-Boersenpreise-legen-dennoch-zu.png","width":460,"height":259,"caption":"Entnahme aus Europas Gasspeichern verlangsamt \u2013 B\u00f6rsenpreise legen dennoch zu"},{"@type":"BreadcrumbList","@id":"https:\/\/now-news.de\/de\/deutschland\/entnahme-aus-europas-gasspeichern-verlangsamt-boersenpreise-legen-dennoch-zu\/#breadcrumb","itemListElement":[{"@type":"ListItem","position":1,"name":"Home","item":"https:\/\/now-news.de\/de\/"},{"@type":"ListItem","position":2,"name":"Entnahme aus Europas Gasspeichern verlangsamt \u2013 B\u00f6rsenpreise legen dennoch zu"}]},{"@type":"WebSite","@id":"https:\/\/now-news.de\/de\/#website","url":"https:\/\/now-news.de\/de\/","name":"just-now.NEWS Deutschland","description":"Das Portal f\u00fcr unzensierte Nachrichten aus der Welt","publisher":{"@id":"https:\/\/now-news.de\/de\/#organization"},"potentialAction":[{"@type":"SearchAction","target":{"@type":"EntryPoint","urlTemplate":"https:\/\/now-news.de\/de\/?s={search_term_string}"},"query-input":"required name=search_term_string"}],"inLanguage":"de"},{"@type":"Organization","@id":"https:\/\/now-news.de\/de\/#organization","name":"Just Now News","url":"https:\/\/now-news.de\/de\/","logo":{"@type":"ImageObject","inLanguage":"de","@id":"https:\/\/now-news.de\/de\/#\/schema\/logo\/image\/","url":"http:\/\/just-now.news\/de\/wp-content\/uploads\/sites\/3\/2022\/04\/logo500x500.jpg","contentUrl":"http:\/\/just-now.news\/de\/wp-content\/uploads\/sites\/3\/2022\/04\/logo500x500.jpg","width":500,"height":500,"caption":"Just Now News"},"image":{"@id":"https:\/\/now-news.de\/de\/#\/schema\/logo\/image\/"},"sameAs":["https:\/\/www.facebook.com\/wirmachenauf","https:\/\/x.com\/WirMachenAuf_de"]},{"@type":"Person","@id":"https:\/\/now-news.de\/de\/#\/schema\/person\/fb534a4e865501d8b3285208df34a9b5","name":"rtnews","image":{"@type":"ImageObject","inLanguage":"de","@id":"https:\/\/now-news.de\/de\/#\/schema\/person\/image\/","url":"https:\/\/secure.gravatar.com\/avatar\/82aafea7d8127119dd649515f56e2117?s=96&d=mm&r=g","contentUrl":"https:\/\/secure.gravatar.com\/avatar\/82aafea7d8127119dd649515f56e2117?s=96&d=mm&r=g","caption":"rtnews"},"url":"https:\/\/now-news.de\/de\/author\/rnews\/"}]}},"_links":{"self":[{"href":"https:\/\/now-news.de\/de\/wp-json\/wp\/v2\/posts\/99739"}],"collection":[{"href":"https:\/\/now-news.de\/de\/wp-json\/wp\/v2\/posts"}],"about":[{"href":"https:\/\/now-news.de\/de\/wp-json\/wp\/v2\/types\/post"}],"author":[{"embeddable":true,"href":"https:\/\/now-news.de\/de\/wp-json\/wp\/v2\/users\/3"}],"replies":[{"embeddable":true,"href":"https:\/\/now-news.de\/de\/wp-json\/wp\/v2\/comments?post=99739"}],"version-history":[{"count":0,"href":"https:\/\/now-news.de\/de\/wp-json\/wp\/v2\/posts\/99739\/revisions"}],"wp:featuredmedia":[{"embeddable":true,"href":"https:\/\/now-news.de\/de\/wp-json\/wp\/v2\/media\/99740"}],"wp:attachment":[{"href":"https:\/\/now-news.de\/de\/wp-json\/wp\/v2\/media?parent=99739"}],"wp:term":[{"taxonomy":"category","embeddable":true,"href":"https:\/\/now-news.de\/de\/wp-json\/wp\/v2\/categories?post=99739"},{"taxonomy":"post_tag","embeddable":true,"href":"https:\/\/now-news.de\/de\/wp-json\/wp\/v2\/tags?post=99739"}],"curies":[{"name":"wp","href":"https:\/\/api.w.org\/{rel}","templated":true}]}}