{"id":99709,"date":"2026-03-02T19:38:43","date_gmt":"2026-03-02T17:38:43","guid":{"rendered":"https:\/\/now-news.de\/de\/deutschland\/moskau-nato-stockt-truppen-im-baltikum-auf\/"},"modified":"2026-03-02T19:38:43","modified_gmt":"2026-03-02T17:38:43","slug":"moskau-nato-stockt-truppen-im-baltikum-auf","status":"publish","type":"post","link":"https:\/\/now-news.de\/de\/deutschland\/moskau-nato-stockt-truppen-im-baltikum-auf\/","title":{"rendered":"Moskau: NATO stockt Truppen im Baltikum auf"},"content":{"rendered":"<p><img decoding=\"async\" src=\"https:\/\/now-news.de\/de\/wp-content\/uploads\/sites\/3\/2026\/03\/69a5b2ce48fbef2b940efa2a.jpg\" \/><\/p>\n<div class=\"Text-root Text-type_1 \">\n                Die Militarisierung der baltischen Staaten schreitet voran, warnte ein ranghoher russischer General. Die Zahl der NATO-Soldaten habe sich dort seit Februar 2022 fast verdoppelt. Bei \u00dcbungen in Europa w\u00fcrden Szenarien f\u00fcr einen Krieg mit Russland durchgespielt.\n            <\/div>\n<p><\/p>\n<div class=\"Text-root Text-type_5 ArticleView-text ViewText-root \">\n<p>Die NATO verst\u00e4rkt ihre Pr\u00e4senz in Litauen, Lettland und Estland immer weiter. Das Truppenkontingent des B\u00fcndnisses wurde im Baltikum seit Februar 2022 um das Zweifache erh\u00f6ht und besteht heute bereits aus etwa 22.000 Armeeangeh\u00f6rigen. Dies gab Generalmajor Jewgeni Iljin, stellvertretender Leiter der Hauptverwaltung f\u00fcr internationale milit\u00e4rische Zusammenarbeit des russischen Verteidigungsministeriums, bekannt. Der hochrangige Milit\u00e4r nahm am Montag an einer Sitzung im russischen F\u00f6derationsrat (im Oberhaus des Parlaments) teil.<\/p>\n<p>Die Nachrichtenagentur <em>RIA Nowosti<\/em> zitiert den General wie folgt:<\/p>\n<blockquote>\n<p><em>&#8220;Die Militarisierung der baltischen Staaten geht einher mit einer antirussischen Informationskampagne \u00fcber die Notwendigkeit, sich gegen eine russische Aggression zu verteidigen.&#8221;<\/em><\/p>\n<\/blockquote>\n<p>\u00dcber 20 taktische NATO-Kampfjets w\u00fcrden im Rahmen der Mission Baltic Air Policing im Rotationsverfahren eingesetzt, um den Luftraum \u00fcber der Ostsee und den angrenzenden Gew\u00e4ssern zu \u00fcberwachen, f\u00fcgte Iljin hinzu.<\/p>\n<p>Ihm zufolge w\u00fcrden im Baltikum j\u00e4hrlich bis zu 40 Man\u00f6ver und Ma\u00dfnahmen mit Bezug zur operativen Ausbildung durchgef\u00fchrt. Und alle \u00dcbungen h\u00e4tten einen antirussischen Schwerpunkt.<\/p>\n<p>Ferner berichtete Iljin, dass an der Grenze zu Russland die Einsatzbereitschaft der NATO-Truppenkontingente aufrechterhalten werde. Zu diesem Zweck werde entlang der Ostgrenze Lettlands, Litauens und Estlands die sogenannte Baltische Verteidigungslinie aufgebaut. Ihre Grundlage bildeten technische Sperranlagen und befestigte Stellungen.<\/p>\n<blockquote>\n<p><em>&#8220;Bei Milit\u00e4r\u00fcbungen in Europa werden Szenarien f\u00fcr einen Krieg mit Russland durchgespielt&#8221;, <\/em><\/p>\n<\/blockquote>\n<p>betonte der russische General.<\/p>\n<p>Er berichtete au\u00dferdem, dass die Aktivit\u00e4ten der NATO-Seestreitkr\u00e4fte in der Ostsee deutlich zugenommen h\u00e4tten. Die\u00a0Nachrichtendienste ausl\u00e4ndischer Staaten seien in der Region weiterhin sehr aktiv, wobei technische Aufkl\u00e4rungsmittel in gro\u00dfem Umfang zum Einsatz k\u00e4men.<\/p>\n<p>Die F\u00fchrung der Russischen F\u00f6deration hatte wiederholt ihre Besorgnis \u00fcber den milit\u00e4rischen Ausbau der NATO in Europa ge\u00e4u\u00dfert. Im Kreml hie\u00df es, Russland bedrohe niemanden, es werde jedoch Handlungen, die potenziell gef\u00e4hrlich f\u00fcr seine Interessen seien, nicht unbeachtet lassen.<\/p>\n<p><strong>Mehr zum Thema<\/strong>\u00a0\u2012 <a rel=\"nofollow noopener\" target=\"_blank\" href=\"https:\/\/freedert.online\/meinung\/270571-mittelspiel-und-strategie-fuer-uebermorgen\/\">Karaganow: M\u00fcssen bereit sein f\u00fcr begrenzte nukleare Schl\u00e4ge gegen den Westen<\/a><\/p>\n<div class=\"EmbedBlock-root EmbedBlock-externalVideo EmbedBlock-rumble\">\n<div class=\"VkEmbed\"><iframe class=\"lazyload\" data-src=\"https:\/\/rumble.com\/embed\/v74bo4a\" frameborder=\"0\" width=\"853\" height=\"480\" allowfullscreen><\/iframe><\/div>\n<\/div>\n<\/div>\n<p><br \/>\n<br \/><a href=\"https:\/\/de.rt.com\/international\/271770-moskau-nato-stockt-truppen-im\/\">Source link <\/a><\/p>\n","protected":false},"excerpt":{"rendered":"<p>Die Militarisierung der baltischen Staaten schreitet voran, warnte ein ranghoher russischer General. Die Zahl der NATO-Soldaten habe sich dort seit Februar 2022 fast verdoppelt. Bei \u00dcbungen in Europa w\u00fcrden Szenarien f\u00fcr einen Krieg mit Russland durchgespielt. Die NATO verst\u00e4rkt ihre Pr\u00e4senz in Litauen, Lettland und Estland immer weiter. Das Truppenkontingent des B\u00fcndnisses wurde im Baltikum [&hellip;]<\/p>\n","protected":false},"author":3,"featured_media":99710,"comment_status":"open","ping_status":"open","sticky":false,"template":"","format":"standard","meta":{"_yoast_indexnow_last_ping":["1772474004"],"wp_automatic_camp":["217"],"d00acebb14c9026b271a69c9286e3048":["Moskau: NATO stockt Truppen im Baltikum auf"],"original_link":["https:\/\/de.rt.com\/international\/271770-moskau-nato-stockt-truppen-im\/"],"_thumbnail_id":["99710"],"jnews_social_counter_last_update":["1777353987"],"_wptgpro_p2tg_sent2tg":["a:1:{i:23737;s:19:\"2026-03-02 19:54:17\";}"]},"categories":[19,23],"tags":[133,35179,946,2697,34297,3574],"yoast_head":"<!-- This site is optimized with the Yoast SEO Premium plugin v22.7 (Yoast SEO v22.7) - https:\/\/yoast.com\/wordpress\/plugins\/seo\/ -->\n<title>Moskau: NATO stockt Truppen im Baltikum auf - just-now.NEWS Deutschland<\/title>\n<meta name=\"robots\" content=\"index, follow, max-snippet:-1, max-image-preview:large, max-video-preview:-1\" \/>\n<link rel=\"canonical\" href=\"https:\/\/now-news.de\/de\/deutschland\/moskau-nato-stockt-truppen-im-baltikum-auf\/\" \/>\n<meta property=\"og:locale\" content=\"de_DE\" \/>\n<meta property=\"og:type\" content=\"article\" \/>\n<meta property=\"og:title\" content=\"Moskau: NATO stockt Truppen im Baltikum auf\" \/>\n<meta property=\"og:description\" content=\"Die Militarisierung der baltischen Staaten schreitet voran, warnte ein ranghoher russischer General. Die Zahl der NATO-Soldaten habe sich dort seit Februar 2022 fast verdoppelt. Bei \u00dcbungen in Europa w\u00fcrden Szenarien f\u00fcr einen Krieg mit Russland durchgespielt. Die NATO verst\u00e4rkt ihre Pr\u00e4senz in Litauen, Lettland und Estland immer weiter. Das Truppenkontingent des B\u00fcndnisses wurde im Baltikum [&hellip;]\" \/>\n<meta property=\"og:url\" content=\"https:\/\/now-news.de\/de\/deutschland\/moskau-nato-stockt-truppen-im-baltikum-auf\/\" \/>\n<meta property=\"og:site_name\" content=\"just-now.NEWS Deutschland\" \/>\n<meta property=\"article:publisher\" content=\"https:\/\/www.facebook.com\/wirmachenauf\" \/>\n<meta property=\"article:published_time\" content=\"2026-03-02T17:38:43+00:00\" \/>\n<meta property=\"og:image\" content=\"https:\/\/now-news.de\/de\/wp-content\/uploads\/sites\/3\/2026\/03\/69a5b2ce48fbef2b940efa2a.jpg\" \/>\n<meta name=\"author\" content=\"rtnews\" \/>\n<meta name=\"twitter:card\" content=\"summary_large_image\" \/>\n<meta name=\"twitter:creator\" content=\"@WirMachenAuf_de\" \/>\n<meta name=\"twitter:site\" content=\"@WirMachenAuf_de\" \/>\n<meta name=\"twitter:label1\" content=\"Verfasst von\" \/>\n\t<meta name=\"twitter:data1\" content=\"rtnews\" \/>\n\t<meta name=\"twitter:label2\" content=\"Gesch\u00e4tzte Lesezeit\" \/>\n\t<meta name=\"twitter:data2\" content=\"2\u00a0Minuten\" \/>\n<script type=\"application\/ld+json\" class=\"yoast-schema-graph\">{\"@context\":\"https:\/\/schema.org\",\"@graph\":[{\"@type\":\"Article\",\"@id\":\"https:\/\/now-news.de\/de\/deutschland\/moskau-nato-stockt-truppen-im-baltikum-auf\/#article\",\"isPartOf\":{\"@id\":\"https:\/\/now-news.de\/de\/deutschland\/moskau-nato-stockt-truppen-im-baltikum-auf\/\"},\"author\":{\"name\":\"rtnews\",\"@id\":\"https:\/\/now-news.de\/de\/#\/schema\/person\/fb534a4e865501d8b3285208df34a9b5\"},\"headline\":\"Moskau: NATO stockt Truppen im Baltikum auf\",\"datePublished\":\"2026-03-02T17:38:43+00:00\",\"dateModified\":\"2026-03-02T17:38:43+00:00\",\"mainEntityOfPage\":{\"@id\":\"https:\/\/now-news.de\/de\/deutschland\/moskau-nato-stockt-truppen-im-baltikum-auf\/\"},\"wordCount\":377,\"commentCount\":0,\"publisher\":{\"@id\":\"https:\/\/now-news.de\/de\/#organization\"},\"image\":{\"@id\":\"https:\/\/now-news.de\/de\/deutschland\/moskau-nato-stockt-truppen-im-baltikum-auf\/#primaryimage\"},\"thumbnailUrl\":\"https:\/\/now-news.de\/de\/wp-content\/uploads\/sites\/3\/2026\/03\/Moskau-NATO-stockt-Truppen-im-Baltikum-auf.jpg\",\"keywords\":[\"AUF\",\"Baltikum\",\"Moskau\",\"nato\",\"stockt\",\"Truppen\"],\"articleSection\":[\"Deutschland\",\"Russland\"],\"inLanguage\":\"de\",\"potentialAction\":[{\"@type\":\"CommentAction\",\"name\":\"Comment\",\"target\":[\"https:\/\/now-news.de\/de\/deutschland\/moskau-nato-stockt-truppen-im-baltikum-auf\/#respond\"]}]},{\"@type\":\"WebPage\",\"@id\":\"https:\/\/now-news.de\/de\/deutschland\/moskau-nato-stockt-truppen-im-baltikum-auf\/\",\"url\":\"https:\/\/now-news.de\/de\/deutschland\/moskau-nato-stockt-truppen-im-baltikum-auf\/\",\"name\":\"Moskau: NATO stockt Truppen im Baltikum auf - just-now.NEWS Deutschland\",\"isPartOf\":{\"@id\":\"https:\/\/now-news.de\/de\/#website\"},\"primaryImageOfPage\":{\"@id\":\"https:\/\/now-news.de\/de\/deutschland\/moskau-nato-stockt-truppen-im-baltikum-auf\/#primaryimage\"},\"image\":{\"@id\":\"https:\/\/now-news.de\/de\/deutschland\/moskau-nato-stockt-truppen-im-baltikum-auf\/#primaryimage\"},\"thumbnailUrl\":\"https:\/\/now-news.de\/de\/wp-content\/uploads\/sites\/3\/2026\/03\/Moskau-NATO-stockt-Truppen-im-Baltikum-auf.jpg\",\"datePublished\":\"2026-03-02T17:38:43+00:00\",\"dateModified\":\"2026-03-02T17:38:43+00:00\",\"breadcrumb\":{\"@id\":\"https:\/\/now-news.de\/de\/deutschland\/moskau-nato-stockt-truppen-im-baltikum-auf\/#breadcrumb\"},\"inLanguage\":\"de\",\"potentialAction\":[{\"@type\":\"ReadAction\",\"target\":[\"https:\/\/now-news.de\/de\/deutschland\/moskau-nato-stockt-truppen-im-baltikum-auf\/\"]}]},{\"@type\":\"ImageObject\",\"inLanguage\":\"de\",\"@id\":\"https:\/\/now-news.de\/de\/deutschland\/moskau-nato-stockt-truppen-im-baltikum-auf\/#primaryimage\",\"url\":\"https:\/\/now-news.de\/de\/wp-content\/uploads\/sites\/3\/2026\/03\/Moskau-NATO-stockt-Truppen-im-Baltikum-auf.jpg\",\"contentUrl\":\"https:\/\/now-news.de\/de\/wp-content\/uploads\/sites\/3\/2026\/03\/Moskau-NATO-stockt-Truppen-im-Baltikum-auf.jpg\",\"width\":460,\"height\":259,\"caption\":\"Moskau: NATO stockt Truppen im Baltikum auf\"},{\"@type\":\"BreadcrumbList\",\"@id\":\"https:\/\/now-news.de\/de\/deutschland\/moskau-nato-stockt-truppen-im-baltikum-auf\/#breadcrumb\",\"itemListElement\":[{\"@type\":\"ListItem\",\"position\":1,\"name\":\"Home\",\"item\":\"https:\/\/now-news.de\/de\/\"},{\"@type\":\"ListItem\",\"position\":2,\"name\":\"Moskau: NATO stockt Truppen im Baltikum auf\"}]},{\"@type\":\"WebSite\",\"@id\":\"https:\/\/now-news.de\/de\/#website\",\"url\":\"https:\/\/now-news.de\/de\/\",\"name\":\"just-now.NEWS Deutschland\",\"description\":\"Das Portal f\u00fcr unzensierte Nachrichten aus der Welt\",\"publisher\":{\"@id\":\"https:\/\/now-news.de\/de\/#organization\"},\"potentialAction\":[{\"@type\":\"SearchAction\",\"target\":{\"@type\":\"EntryPoint\",\"urlTemplate\":\"https:\/\/now-news.de\/de\/?s={search_term_string}\"},\"query-input\":\"required name=search_term_string\"}],\"inLanguage\":\"de\"},{\"@type\":\"Organization\",\"@id\":\"https:\/\/now-news.de\/de\/#organization\",\"name\":\"Just Now News\",\"url\":\"https:\/\/now-news.de\/de\/\",\"logo\":{\"@type\":\"ImageObject\",\"inLanguage\":\"de\",\"@id\":\"https:\/\/now-news.de\/de\/#\/schema\/logo\/image\/\",\"url\":\"http:\/\/just-now.news\/de\/wp-content\/uploads\/sites\/3\/2022\/04\/logo500x500.jpg\",\"contentUrl\":\"http:\/\/just-now.news\/de\/wp-content\/uploads\/sites\/3\/2022\/04\/logo500x500.jpg\",\"width\":500,\"height\":500,\"caption\":\"Just Now News\"},\"image\":{\"@id\":\"https:\/\/now-news.de\/de\/#\/schema\/logo\/image\/\"},\"sameAs\":[\"https:\/\/www.facebook.com\/wirmachenauf\",\"https:\/\/x.com\/WirMachenAuf_de\"]},{\"@type\":\"Person\",\"@id\":\"https:\/\/now-news.de\/de\/#\/schema\/person\/fb534a4e865501d8b3285208df34a9b5\",\"name\":\"rtnews\",\"image\":{\"@type\":\"ImageObject\",\"inLanguage\":\"de\",\"@id\":\"https:\/\/now-news.de\/de\/#\/schema\/person\/image\/\",\"url\":\"https:\/\/secure.gravatar.com\/avatar\/82aafea7d8127119dd649515f56e2117?s=96&d=mm&r=g\",\"contentUrl\":\"https:\/\/secure.gravatar.com\/avatar\/82aafea7d8127119dd649515f56e2117?s=96&d=mm&r=g\",\"caption\":\"rtnews\"},\"url\":\"https:\/\/now-news.de\/de\/author\/rnews\/\"}]}<\/script>\n<!-- \/ Yoast SEO Premium plugin. -->","yoast_head_json":{"title":"Moskau: NATO stockt Truppen im Baltikum auf - just-now.NEWS Deutschland","robots":{"index":"index","follow":"follow","max-snippet":"max-snippet:-1","max-image-preview":"max-image-preview:large","max-video-preview":"max-video-preview:-1"},"canonical":"https:\/\/now-news.de\/de\/deutschland\/moskau-nato-stockt-truppen-im-baltikum-auf\/","og_locale":"de_DE","og_type":"article","og_title":"Moskau: NATO stockt Truppen im Baltikum auf","og_description":"Die Militarisierung der baltischen Staaten schreitet voran, warnte ein ranghoher russischer General. Die Zahl der NATO-Soldaten habe sich dort seit Februar 2022 fast verdoppelt. Bei \u00dcbungen in Europa w\u00fcrden Szenarien f\u00fcr einen Krieg mit Russland durchgespielt. Die NATO verst\u00e4rkt ihre Pr\u00e4senz in Litauen, Lettland und Estland immer weiter. Das Truppenkontingent des B\u00fcndnisses wurde im Baltikum [&hellip;]","og_url":"https:\/\/now-news.de\/de\/deutschland\/moskau-nato-stockt-truppen-im-baltikum-auf\/","og_site_name":"just-now.NEWS Deutschland","article_publisher":"https:\/\/www.facebook.com\/wirmachenauf","article_published_time":"2026-03-02T17:38:43+00:00","og_image":[{"url":"https:\/\/now-news.de\/de\/wp-content\/uploads\/sites\/3\/2026\/03\/69a5b2ce48fbef2b940efa2a.jpg"}],"author":"rtnews","twitter_card":"summary_large_image","twitter_creator":"@WirMachenAuf_de","twitter_site":"@WirMachenAuf_de","twitter_misc":{"Verfasst von":"rtnews","Gesch\u00e4tzte Lesezeit":"2\u00a0Minuten"},"schema":{"@context":"https:\/\/schema.org","@graph":[{"@type":"Article","@id":"https:\/\/now-news.de\/de\/deutschland\/moskau-nato-stockt-truppen-im-baltikum-auf\/#article","isPartOf":{"@id":"https:\/\/now-news.de\/de\/deutschland\/moskau-nato-stockt-truppen-im-baltikum-auf\/"},"author":{"name":"rtnews","@id":"https:\/\/now-news.de\/de\/#\/schema\/person\/fb534a4e865501d8b3285208df34a9b5"},"headline":"Moskau: NATO stockt Truppen im Baltikum auf","datePublished":"2026-03-02T17:38:43+00:00","dateModified":"2026-03-02T17:38:43+00:00","mainEntityOfPage":{"@id":"https:\/\/now-news.de\/de\/deutschland\/moskau-nato-stockt-truppen-im-baltikum-auf\/"},"wordCount":377,"commentCount":0,"publisher":{"@id":"https:\/\/now-news.de\/de\/#organization"},"image":{"@id":"https:\/\/now-news.de\/de\/deutschland\/moskau-nato-stockt-truppen-im-baltikum-auf\/#primaryimage"},"thumbnailUrl":"https:\/\/now-news.de\/de\/wp-content\/uploads\/sites\/3\/2026\/03\/Moskau-NATO-stockt-Truppen-im-Baltikum-auf.jpg","keywords":["AUF","Baltikum","Moskau","nato","stockt","Truppen"],"articleSection":["Deutschland","Russland"],"inLanguage":"de","potentialAction":[{"@type":"CommentAction","name":"Comment","target":["https:\/\/now-news.de\/de\/deutschland\/moskau-nato-stockt-truppen-im-baltikum-auf\/#respond"]}]},{"@type":"WebPage","@id":"https:\/\/now-news.de\/de\/deutschland\/moskau-nato-stockt-truppen-im-baltikum-auf\/","url":"https:\/\/now-news.de\/de\/deutschland\/moskau-nato-stockt-truppen-im-baltikum-auf\/","name":"Moskau: NATO stockt Truppen im Baltikum auf - just-now.NEWS Deutschland","isPartOf":{"@id":"https:\/\/now-news.de\/de\/#website"},"primaryImageOfPage":{"@id":"https:\/\/now-news.de\/de\/deutschland\/moskau-nato-stockt-truppen-im-baltikum-auf\/#primaryimage"},"image":{"@id":"https:\/\/now-news.de\/de\/deutschland\/moskau-nato-stockt-truppen-im-baltikum-auf\/#primaryimage"},"thumbnailUrl":"https:\/\/now-news.de\/de\/wp-content\/uploads\/sites\/3\/2026\/03\/Moskau-NATO-stockt-Truppen-im-Baltikum-auf.jpg","datePublished":"2026-03-02T17:38:43+00:00","dateModified":"2026-03-02T17:38:43+00:00","breadcrumb":{"@id":"https:\/\/now-news.de\/de\/deutschland\/moskau-nato-stockt-truppen-im-baltikum-auf\/#breadcrumb"},"inLanguage":"de","potentialAction":[{"@type":"ReadAction","target":["https:\/\/now-news.de\/de\/deutschland\/moskau-nato-stockt-truppen-im-baltikum-auf\/"]}]},{"@type":"ImageObject","inLanguage":"de","@id":"https:\/\/now-news.de\/de\/deutschland\/moskau-nato-stockt-truppen-im-baltikum-auf\/#primaryimage","url":"https:\/\/now-news.de\/de\/wp-content\/uploads\/sites\/3\/2026\/03\/Moskau-NATO-stockt-Truppen-im-Baltikum-auf.jpg","contentUrl":"https:\/\/now-news.de\/de\/wp-content\/uploads\/sites\/3\/2026\/03\/Moskau-NATO-stockt-Truppen-im-Baltikum-auf.jpg","width":460,"height":259,"caption":"Moskau: NATO stockt Truppen im Baltikum auf"},{"@type":"BreadcrumbList","@id":"https:\/\/now-news.de\/de\/deutschland\/moskau-nato-stockt-truppen-im-baltikum-auf\/#breadcrumb","itemListElement":[{"@type":"ListItem","position":1,"name":"Home","item":"https:\/\/now-news.de\/de\/"},{"@type":"ListItem","position":2,"name":"Moskau: NATO stockt Truppen im Baltikum auf"}]},{"@type":"WebSite","@id":"https:\/\/now-news.de\/de\/#website","url":"https:\/\/now-news.de\/de\/","name":"just-now.NEWS Deutschland","description":"Das Portal f\u00fcr unzensierte Nachrichten aus der Welt","publisher":{"@id":"https:\/\/now-news.de\/de\/#organization"},"potentialAction":[{"@type":"SearchAction","target":{"@type":"EntryPoint","urlTemplate":"https:\/\/now-news.de\/de\/?s={search_term_string}"},"query-input":"required name=search_term_string"}],"inLanguage":"de"},{"@type":"Organization","@id":"https:\/\/now-news.de\/de\/#organization","name":"Just Now News","url":"https:\/\/now-news.de\/de\/","logo":{"@type":"ImageObject","inLanguage":"de","@id":"https:\/\/now-news.de\/de\/#\/schema\/logo\/image\/","url":"http:\/\/just-now.news\/de\/wp-content\/uploads\/sites\/3\/2022\/04\/logo500x500.jpg","contentUrl":"http:\/\/just-now.news\/de\/wp-content\/uploads\/sites\/3\/2022\/04\/logo500x500.jpg","width":500,"height":500,"caption":"Just Now News"},"image":{"@id":"https:\/\/now-news.de\/de\/#\/schema\/logo\/image\/"},"sameAs":["https:\/\/www.facebook.com\/wirmachenauf","https:\/\/x.com\/WirMachenAuf_de"]},{"@type":"Person","@id":"https:\/\/now-news.de\/de\/#\/schema\/person\/fb534a4e865501d8b3285208df34a9b5","name":"rtnews","image":{"@type":"ImageObject","inLanguage":"de","@id":"https:\/\/now-news.de\/de\/#\/schema\/person\/image\/","url":"https:\/\/secure.gravatar.com\/avatar\/82aafea7d8127119dd649515f56e2117?s=96&d=mm&r=g","contentUrl":"https:\/\/secure.gravatar.com\/avatar\/82aafea7d8127119dd649515f56e2117?s=96&d=mm&r=g","caption":"rtnews"},"url":"https:\/\/now-news.de\/de\/author\/rnews\/"}]}},"_links":{"self":[{"href":"https:\/\/now-news.de\/de\/wp-json\/wp\/v2\/posts\/99709"}],"collection":[{"href":"https:\/\/now-news.de\/de\/wp-json\/wp\/v2\/posts"}],"about":[{"href":"https:\/\/now-news.de\/de\/wp-json\/wp\/v2\/types\/post"}],"author":[{"embeddable":true,"href":"https:\/\/now-news.de\/de\/wp-json\/wp\/v2\/users\/3"}],"replies":[{"embeddable":true,"href":"https:\/\/now-news.de\/de\/wp-json\/wp\/v2\/comments?post=99709"}],"version-history":[{"count":0,"href":"https:\/\/now-news.de\/de\/wp-json\/wp\/v2\/posts\/99709\/revisions"}],"wp:featuredmedia":[{"embeddable":true,"href":"https:\/\/now-news.de\/de\/wp-json\/wp\/v2\/media\/99710"}],"wp:attachment":[{"href":"https:\/\/now-news.de\/de\/wp-json\/wp\/v2\/media?parent=99709"}],"wp:term":[{"taxonomy":"category","embeddable":true,"href":"https:\/\/now-news.de\/de\/wp-json\/wp\/v2\/categories?post=99709"},{"taxonomy":"post_tag","embeddable":true,"href":"https:\/\/now-news.de\/de\/wp-json\/wp\/v2\/tags?post=99709"}],"curies":[{"name":"wp","href":"https:\/\/api.w.org\/{rel}","templated":true}]}}