{"id":99707,"date":"2026-03-02T19:10:33","date_gmt":"2026-03-02T17:10:33","guid":{"rendered":"https:\/\/now-news.de\/de\/deutschland\/neustart-nach-2021-schweiz-und-eu-besiegeln-bilaterale-iii-in-bruessel\/"},"modified":"2026-03-02T19:10:33","modified_gmt":"2026-03-02T17:10:33","slug":"neustart-nach-2021-schweiz-und-eu-besiegeln-bilaterale-iii-in-bruessel","status":"publish","type":"post","link":"https:\/\/now-news.de\/de\/deutschland\/neustart-nach-2021-schweiz-und-eu-besiegeln-bilaterale-iii-in-bruessel\/","title":{"rendered":"Neustart nach 2021: Schweiz und EU besiegeln &quot;Bilaterale III&quot; in Br\u00fcssel"},"content":{"rendered":"<p><img decoding=\"async\" src=\"https:\/\/now-news.de\/de\/wp-content\/uploads\/sites\/3\/2026\/03\/69a5984a48fbef3189226d4f.jpg\" \/><\/p>\n<div class=\"Text-root Text-type_1 \">\n                Nach dem Abbruch der Verhandlungen 2021 haben Bern und Br\u00fcssel ihre Beziehungen neu geordnet. Das Paket sichert Marktzugang in zentralen Bereichen wie Strom, Gesundheit und Industrieprodukten. Im Gegenzug verpflichtet sich die Schweiz zu Rechtsanpassungen und h\u00f6heren Koh\u00e4sionszahlungen. Ein Referendum gilt als wahrscheinlich.\n            <\/div>\n<p><\/p>\n<div class=\"Text-root Text-type_5 ArticleView-text ViewText-root \">\n<p data-start=\"9\" data-end=\"450\"><em>Von Hans-Ueli L\u00e4ppli<\/em><\/p>\n<p data-start=\"9\" data-end=\"450\">Mit der Unterzeichnung des neuen Vertragspakets zwischen der Schweiz und der Europ\u00e4ischen Union ist in Br\u00fcssel ein politisches Kapitel geschlossen worden, das 2021 abrupt endete.<\/p>\n<p data-start=\"9\" data-end=\"450\">Bundespr\u00e4sident Guy Parmelin und EU-Kommissionspr\u00e4sidentin Ursula von der Leyen setzten im Berlaymont-Geb\u00e4ude ihre Unterschriften unter insgesamt 18 Rechtsakte. Der Bundesrat spricht von einem Meilenstein.\u00a0Beobachter\u00a0sehen einen Souver\u00e4nit\u00e4tstest.<\/p>\n<div class=\"EmbedBlock-root EmbedBlock-twitter\">\n<div class=\"TwitterEmbed\">\n<blockquote class=\"twitter-tweet lazyload\" data-twitter=\"twitter-tweet\">\n<p lang=\"fr\" dir=\"ltr\">\u00c9tape importante dans les relations\ud83c\udde8\ud83c\udded\ud83c\uddea\ud83c\uddfa: le <a rel=\"nofollow noopener\" target=\"_blank\" href=\"https:\/\/twitter.com\/hashtag\/Pr%C3%A9sidentCH?src=hash&amp;ref_src=twsrc%5Etfw\">#Pr\u00e9sidentCH<\/a><a rel=\"nofollow noopener\" target=\"_blank\" href=\"https:\/\/twitter.com\/ParmelinG?ref_src=twsrc%5Etfw\">@ParmelinG<\/a> et la pr\u00e9sidente de la Commission europ\u00e9enne <a rel=\"nofollow noopener\" target=\"_blank\" href=\"https:\/\/twitter.com\/vonderleyen?ref_src=twsrc%5Etfw\">@vonderleyen<\/a> ont sign\u00e9 \u00e0 Bruxelles les accords du paquet Suisse-UE. Le Conseil f\u00e9d\u00e9ral devrait transmettre en mars le paquet au <a rel=\"nofollow noopener\" target=\"_blank\" href=\"https:\/\/twitter.com\/ParlCH?ref_src=twsrc%5Etfw\">@ParlCH<\/a> : <a rel=\"nofollow noopener\" target=\"_blank\" href=\"https:\/\/t.co\/4pZnaCI85k\">https:\/\/t.co\/4pZnaCI85k<\/a><a rel=\"nofollow noopener\" target=\"_blank\" href=\"https:\/\/t.co\/vQTtxdilFM\">pic.twitter.com\/vQTtxdilFM<\/a><\/p>\n<p>\u2014 Bundesrat \u2022 Conseil f\u00e9d\u00e9ral \u2022 Consiglio federale (@BR_Sprecher) <a rel=\"nofollow noopener\" target=\"_blank\" href=\"https:\/\/twitter.com\/BR_Sprecher\/status\/2028444254410776858?ref_src=twsrc%5Etfw\">March 2, 2026<\/a><\/p><\/blockquote>\n<\/div>\n<\/div>\n<p>Das Paket, von der Landesregierung als &#8220;Bilaterale III&#8221; bezeichnet, soll die bestehenden Marktzugangsabkommen stabilisieren und punktuell erweitern.<\/p>\n<p>Es umfasst neue Vertr\u00e4ge in den Bereichen Strom, Gesundheit und Lebensmittelsicherheit. Gleichzeitig werden bestehende Abkommen, etwa zur Personenfreiz\u00fcgigkeit, zum Luft- und Landverkehr sowie zur gegenseitigen Anerkennung von Konformit\u00e4tsbewertungen, institutionell nachgef\u00fchrt.<\/p>\n<p>Kernst\u00fcck ist die dynamische Rechts\u00fcbernahme in klar definierten Sektoren.<\/p>\n<div class=\"EmbedBlock-root EmbedBlock-twitter\">\n<div class=\"TwitterEmbed\">\n<blockquote class=\"twitter-tweet lazyload\" data-twitter=\"twitter-tweet\">\n<p lang=\"en\" dir=\"ltr\">LIVE\uff5cStatements on the EU-Switzerland partnership <a rel=\"nofollow noopener\" target=\"_blank\" href=\"https:\/\/t.co\/MBfSPkxMxd\">https:\/\/t.co\/MBfSPkxMxd<\/a><\/p>\n<p>\u2014 Ursula von der Leyen (@vonderleyen) <a rel=\"nofollow noopener\" target=\"_blank\" href=\"https:\/\/twitter.com\/vonderleyen\/status\/2028414132144222696?ref_src=twsrc%5Etfw\">March 2, 2026<\/a><\/p><\/blockquote>\n<\/div>\n<\/div>\n<p>K\u00fcnftig verpflichtet sich die Schweiz, Weiterentwicklungen des einschl\u00e4gigen EU-Rechts zu \u00fcbernehmen. Bei Streitf\u00e4llen ist ein Schiedsgericht vorgesehen, das bei Fragen zur Auslegung von EU-Recht den Europ\u00e4ischen Gerichtshof konsultieren muss. Damit wird ein Mechanismus verankert, der die Abkommen an die Rechtsentwicklung in der EU bindet.<\/p>\n<p>Im Gegenzug erh\u00e4lt die Schweiz einen vertraglich gesicherten Zugang zu Teilen des Binnenmarktes mit rund 460 Millionen Konsumentinnen und Konsumenten.<\/p>\n<p>Zudem wird die Beteiligung an EU-Programmen fortgef\u00fchrt. Die Assoziierung an &#8220;Horizon Europe&#8221; gilt bereits vorl\u00e4ufig, wodurch Schweizer Forschende wieder voll an EU-Ausschreibungen teilnehmen k\u00f6nnen.<\/p>\n<p>Finanziell verpflichtet sich die Schweiz zu regelm\u00e4\u00dfigen Koh\u00e4sionsbeitr\u00e4gen an ausgew\u00e4hlte EU-Mitgliedstaaten. Ab 2030 sollen diese j\u00e4hrlich 350 Millionen Franken betragen. Der Bundesrat argumentiert, die Stabilisierung der bilateralen Beziehungen schaffe Rechtssicherheit f\u00fcr exportorientierte Unternehmen und sichere Arbeitspl\u00e4tze.<\/p>\n<p>Der Weg bis zur Unterschrift war lang. Nachdem der Bundesrat 2021 die Verhandlungen \u00fcber ein institutionelles Rahmenabkommen abgebrochen hatte, k\u00fchlten die Beziehungen zu Br\u00fcssel sp\u00fcrbar ab. Mehrere Abkommen wurden nicht mehr aktualisiert, was insbesondere in regulierten Branchen zu Unsicherheiten f\u00fchrte. Mit dem neuen Paket soll das gegenseitige Vertrauen wiederhergestellt werden.<\/p>\n<p>Auf EU-Seite hat der Ministerrat bereits zugestimmt, das Europ\u00e4ische Parlament d\u00fcrfte folgen. In der Schweiz beginnt der politische Prozess erst noch. Der Bundesrat will seine Botschaft bis M\u00e4rz 2026 ans Parlament \u00fcberweisen.<\/p>\n<p>National- und St\u00e4nderat beraten anschliessend \u00fcber Annahme oder Ablehnung. Inhaltliche Anpassungen sind nur bei innenpolitischen Begleitma\u00dfnahmen m\u00f6glich.<\/p>\n<p>Ein Referendum gilt als wahrscheinlich. Gegner sprechen von einem &#8220;Unterwerfungsvertrag&#8221; und warnen vor einer schrittweisen Angleichung an EU-Recht.<\/p>\n<p>Bef\u00fcrworter verweisen hingegen auf die enge wirtschaftliche Verflechtung: Die EU ist die mit Abstand wichtigste Handelspartnerin der Schweiz, w\u00e4hrend die Schweiz f\u00fcr die EU zu den bedeutendsten Drittstaaten z\u00e4hlt.<\/p>\n<p>Sollte das Stimmvolk zustimmen, tr\u00e4ten die Abkommen nach Abschluss der Ratifizierung in Kraft, fr\u00fchestens 2027.<\/p>\n<p>Lehnt es das Paket ab, blieben die bestehenden bilateralen Vertr\u00e4ge formal bestehen, w\u00fcrden jedoch ohne institutionelle Anbindung weiter an Aktualit\u00e4t verlieren. Die eigentliche Entscheidung f\u00e4llt damit nicht in Br\u00fcssel, sondern in der Schweiz.<\/p>\n<p data-start=\"0\" data-end=\"418\" data-is-last-node=\"\" data-is-only-node=\"\"><strong>Mehr zum Thema &#8211;<\/strong>\u00a0<a rel=\"nofollow noopener\" target=\"_blank\" href=\"https:\/\/freedert.online\/schweiz\/267282-schweiz-ukrainer-mit-porsche-verliert\/\">Schweiz: Ukrainer mit Porsche verliert Anspruch auf Sozialhilfe\u00a0\u2013 67.000 Franken zur\u00fcckgefordert<\/a><\/p>\n<div class=\"EmbedBlock-root EmbedBlock-externalVideo EmbedBlock-rumble\">\n<div class=\"VkEmbed\"><iframe class=\"lazyload\" data-src=\"https:\/\/rumble.com\/embed\/v5adi1x\" frameborder=\"0\" width=\"853\" height=\"480\" allowfullscreen><\/iframe><\/div>\n<\/div>\n<\/div>\n<p><script async src=\"https:\/\/platform.twitter.com\/widgets.js\" charset=\"utf-8\"><\/script><br \/>\n<br \/><br \/>\n<br \/><a href=\"https:\/\/de.rt.com\/schweiz\/271755-neustart-nach-2021-schweiz-und\/\">Source link <\/a><\/p>\n","protected":false},"excerpt":{"rendered":"<p>Nach dem Abbruch der Verhandlungen 2021 haben Bern und Br\u00fcssel ihre Beziehungen neu geordnet. Das Paket sichert Marktzugang in zentralen Bereichen wie Strom, Gesundheit und Industrieprodukten. Im Gegenzug verpflichtet sich die Schweiz zu Rechtsanpassungen und h\u00f6heren Koh\u00e4sionszahlungen. Ein Referendum gilt als wahrscheinlich. Von Hans-Ueli L\u00e4ppli Mit der Unterzeichnung des neuen Vertragspakets zwischen der Schweiz und [&hellip;]<\/p>\n","protected":false},"author":3,"featured_media":99708,"comment_status":"open","ping_status":"open","sticky":false,"template":"","format":"standard","meta":{"_yoast_indexnow_last_ping":["1772472077"],"wp_automatic_camp":["217"],"393e2e0da5485e8c9f57a4926c29909b":["Neustart nach 2021: Schweiz und EU besiegeln &quot;Bilaterale III&quot; in Br\u00fcssel"],"original_link":["https:\/\/de.rt.com\/schweiz\/271755-neustart-nach-2021-schweiz-und\/"],"_thumbnail_id":["99708"],"jnews_social_counter_last_update":["1777170368"],"_wptgpro_p2tg_sent2tg":["a:1:{i:23737;s:19:\"2026-03-02 19:22:27\";}"]},"categories":[19,23],"tags":[65773,17026,55485,979,1224,71557,4207,140],"yoast_head":"<!-- This site is optimized with the Yoast SEO Premium plugin v22.7 (Yoast SEO v22.7) - https:\/\/yoast.com\/wordpress\/plugins\/seo\/ -->\n<title>Neustart nach 2021: Schweiz und EU besiegeln &quot;Bilaterale III&quot; in Br\u00fcssel - just-now.NEWS Deutschland<\/title>\n<meta name=\"robots\" content=\"index, follow, max-snippet:-1, max-image-preview:large, max-video-preview:-1\" \/>\n<link rel=\"canonical\" href=\"https:\/\/now-news.de\/de\/deutschland\/neustart-nach-2021-schweiz-und-eu-besiegeln-bilaterale-iii-in-bruessel\/\" \/>\n<meta property=\"og:locale\" content=\"de_DE\" \/>\n<meta property=\"og:type\" content=\"article\" \/>\n<meta property=\"og:title\" content=\"Neustart nach 2021: Schweiz und EU besiegeln &quot;Bilaterale III&quot; in Br\u00fcssel\" \/>\n<meta property=\"og:description\" content=\"Nach dem Abbruch der Verhandlungen 2021 haben Bern und Br\u00fcssel ihre Beziehungen neu geordnet. Das Paket sichert Marktzugang in zentralen Bereichen wie Strom, Gesundheit und Industrieprodukten. Im Gegenzug verpflichtet sich die Schweiz zu Rechtsanpassungen und h\u00f6heren Koh\u00e4sionszahlungen. Ein Referendum gilt als wahrscheinlich. Von Hans-Ueli L\u00e4ppli Mit der Unterzeichnung des neuen Vertragspakets zwischen der Schweiz und [&hellip;]\" \/>\n<meta property=\"og:url\" content=\"https:\/\/now-news.de\/de\/deutschland\/neustart-nach-2021-schweiz-und-eu-besiegeln-bilaterale-iii-in-bruessel\/\" \/>\n<meta property=\"og:site_name\" content=\"just-now.NEWS Deutschland\" \/>\n<meta property=\"article:publisher\" content=\"https:\/\/www.facebook.com\/wirmachenauf\" \/>\n<meta property=\"article:published_time\" content=\"2026-03-02T17:10:33+00:00\" \/>\n<meta property=\"og:image\" content=\"https:\/\/now-news.de\/de\/wp-content\/uploads\/sites\/3\/2026\/03\/69a5984a48fbef3189226d4f.jpg\" \/>\n<meta name=\"author\" content=\"rtnews\" \/>\n<meta name=\"twitter:card\" content=\"summary_large_image\" \/>\n<meta name=\"twitter:creator\" content=\"@WirMachenAuf_de\" \/>\n<meta name=\"twitter:site\" content=\"@WirMachenAuf_de\" \/>\n<meta name=\"twitter:label1\" content=\"Verfasst von\" \/>\n\t<meta name=\"twitter:data1\" content=\"rtnews\" \/>\n\t<meta name=\"twitter:label2\" content=\"Gesch\u00e4tzte Lesezeit\" \/>\n\t<meta name=\"twitter:data2\" content=\"3\u00a0Minuten\" \/>\n<script type=\"application\/ld+json\" class=\"yoast-schema-graph\">{\"@context\":\"https:\/\/schema.org\",\"@graph\":[{\"@type\":\"Article\",\"@id\":\"https:\/\/now-news.de\/de\/deutschland\/neustart-nach-2021-schweiz-und-eu-besiegeln-bilaterale-iii-in-bruessel\/#article\",\"isPartOf\":{\"@id\":\"https:\/\/now-news.de\/de\/deutschland\/neustart-nach-2021-schweiz-und-eu-besiegeln-bilaterale-iii-in-bruessel\/\"},\"author\":{\"name\":\"rtnews\",\"@id\":\"https:\/\/now-news.de\/de\/#\/schema\/person\/fb534a4e865501d8b3285208df34a9b5\"},\"headline\":\"Neustart nach 2021: Schweiz und EU besiegeln &quot;Bilaterale III&quot; in Br\u00fcssel\",\"datePublished\":\"2026-03-02T17:10:33+00:00\",\"dateModified\":\"2026-03-02T17:10:33+00:00\",\"mainEntityOfPage\":{\"@id\":\"https:\/\/now-news.de\/de\/deutschland\/neustart-nach-2021-schweiz-und-eu-besiegeln-bilaterale-iii-in-bruessel\/\"},\"wordCount\":622,\"commentCount\":0,\"publisher\":{\"@id\":\"https:\/\/now-news.de\/de\/#organization\"},\"image\":{\"@id\":\"https:\/\/now-news.de\/de\/deutschland\/neustart-nach-2021-schweiz-und-eu-besiegeln-bilaterale-iii-in-bruessel\/#primaryimage\"},\"thumbnailUrl\":\"https:\/\/now-news.de\/de\/wp-content\/uploads\/sites\/3\/2026\/03\/Neustart-nach-2021-Schweiz-und-EU-besiegeln-quotBilaterale-IIIquot-in.jpg\",\"keywords\":[\"besiegeln\",\"Br\u00fcssel\",\"IIIquot\",\"nach\",\"neustart\",\"quotBilaterale\",\"schweiz\",\"und\"],\"articleSection\":[\"Deutschland\",\"Russland\"],\"inLanguage\":\"de\",\"potentialAction\":[{\"@type\":\"CommentAction\",\"name\":\"Comment\",\"target\":[\"https:\/\/now-news.de\/de\/deutschland\/neustart-nach-2021-schweiz-und-eu-besiegeln-bilaterale-iii-in-bruessel\/#respond\"]}]},{\"@type\":\"WebPage\",\"@id\":\"https:\/\/now-news.de\/de\/deutschland\/neustart-nach-2021-schweiz-und-eu-besiegeln-bilaterale-iii-in-bruessel\/\",\"url\":\"https:\/\/now-news.de\/de\/deutschland\/neustart-nach-2021-schweiz-und-eu-besiegeln-bilaterale-iii-in-bruessel\/\",\"name\":\"Neustart nach 2021: Schweiz und EU besiegeln &quot;Bilaterale III&quot; in Br\u00fcssel - just-now.NEWS Deutschland\",\"isPartOf\":{\"@id\":\"https:\/\/now-news.de\/de\/#website\"},\"primaryImageOfPage\":{\"@id\":\"https:\/\/now-news.de\/de\/deutschland\/neustart-nach-2021-schweiz-und-eu-besiegeln-bilaterale-iii-in-bruessel\/#primaryimage\"},\"image\":{\"@id\":\"https:\/\/now-news.de\/de\/deutschland\/neustart-nach-2021-schweiz-und-eu-besiegeln-bilaterale-iii-in-bruessel\/#primaryimage\"},\"thumbnailUrl\":\"https:\/\/now-news.de\/de\/wp-content\/uploads\/sites\/3\/2026\/03\/Neustart-nach-2021-Schweiz-und-EU-besiegeln-quotBilaterale-IIIquot-in.jpg\",\"datePublished\":\"2026-03-02T17:10:33+00:00\",\"dateModified\":\"2026-03-02T17:10:33+00:00\",\"breadcrumb\":{\"@id\":\"https:\/\/now-news.de\/de\/deutschland\/neustart-nach-2021-schweiz-und-eu-besiegeln-bilaterale-iii-in-bruessel\/#breadcrumb\"},\"inLanguage\":\"de\",\"potentialAction\":[{\"@type\":\"ReadAction\",\"target\":[\"https:\/\/now-news.de\/de\/deutschland\/neustart-nach-2021-schweiz-und-eu-besiegeln-bilaterale-iii-in-bruessel\/\"]}]},{\"@type\":\"ImageObject\",\"inLanguage\":\"de\",\"@id\":\"https:\/\/now-news.de\/de\/deutschland\/neustart-nach-2021-schweiz-und-eu-besiegeln-bilaterale-iii-in-bruessel\/#primaryimage\",\"url\":\"https:\/\/now-news.de\/de\/wp-content\/uploads\/sites\/3\/2026\/03\/Neustart-nach-2021-Schweiz-und-EU-besiegeln-quotBilaterale-IIIquot-in.jpg\",\"contentUrl\":\"https:\/\/now-news.de\/de\/wp-content\/uploads\/sites\/3\/2026\/03\/Neustart-nach-2021-Schweiz-und-EU-besiegeln-quotBilaterale-IIIquot-in.jpg\",\"width\":460,\"height\":259,\"caption\":\"Neustart nach 2021: Schweiz und EU besiegeln &quot;Bilaterale III&quot; in Br\u00fcssel\"},{\"@type\":\"BreadcrumbList\",\"@id\":\"https:\/\/now-news.de\/de\/deutschland\/neustart-nach-2021-schweiz-und-eu-besiegeln-bilaterale-iii-in-bruessel\/#breadcrumb\",\"itemListElement\":[{\"@type\":\"ListItem\",\"position\":1,\"name\":\"Home\",\"item\":\"https:\/\/now-news.de\/de\/\"},{\"@type\":\"ListItem\",\"position\":2,\"name\":\"Neustart nach 2021: Schweiz und EU besiegeln &quot;Bilaterale III&quot; in Br\u00fcssel\"}]},{\"@type\":\"WebSite\",\"@id\":\"https:\/\/now-news.de\/de\/#website\",\"url\":\"https:\/\/now-news.de\/de\/\",\"name\":\"just-now.NEWS Deutschland\",\"description\":\"Das Portal f\u00fcr unzensierte Nachrichten aus der Welt\",\"publisher\":{\"@id\":\"https:\/\/now-news.de\/de\/#organization\"},\"potentialAction\":[{\"@type\":\"SearchAction\",\"target\":{\"@type\":\"EntryPoint\",\"urlTemplate\":\"https:\/\/now-news.de\/de\/?s={search_term_string}\"},\"query-input\":\"required name=search_term_string\"}],\"inLanguage\":\"de\"},{\"@type\":\"Organization\",\"@id\":\"https:\/\/now-news.de\/de\/#organization\",\"name\":\"Just Now News\",\"url\":\"https:\/\/now-news.de\/de\/\",\"logo\":{\"@type\":\"ImageObject\",\"inLanguage\":\"de\",\"@id\":\"https:\/\/now-news.de\/de\/#\/schema\/logo\/image\/\",\"url\":\"http:\/\/just-now.news\/de\/wp-content\/uploads\/sites\/3\/2022\/04\/logo500x500.jpg\",\"contentUrl\":\"http:\/\/just-now.news\/de\/wp-content\/uploads\/sites\/3\/2022\/04\/logo500x500.jpg\",\"width\":500,\"height\":500,\"caption\":\"Just Now News\"},\"image\":{\"@id\":\"https:\/\/now-news.de\/de\/#\/schema\/logo\/image\/\"},\"sameAs\":[\"https:\/\/www.facebook.com\/wirmachenauf\",\"https:\/\/x.com\/WirMachenAuf_de\"]},{\"@type\":\"Person\",\"@id\":\"https:\/\/now-news.de\/de\/#\/schema\/person\/fb534a4e865501d8b3285208df34a9b5\",\"name\":\"rtnews\",\"image\":{\"@type\":\"ImageObject\",\"inLanguage\":\"de\",\"@id\":\"https:\/\/now-news.de\/de\/#\/schema\/person\/image\/\",\"url\":\"https:\/\/secure.gravatar.com\/avatar\/82aafea7d8127119dd649515f56e2117?s=96&d=mm&r=g\",\"contentUrl\":\"https:\/\/secure.gravatar.com\/avatar\/82aafea7d8127119dd649515f56e2117?s=96&d=mm&r=g\",\"caption\":\"rtnews\"},\"url\":\"https:\/\/now-news.de\/de\/author\/rnews\/\"}]}<\/script>\n<!-- \/ Yoast SEO Premium plugin. -->","yoast_head_json":{"title":"Neustart nach 2021: Schweiz und EU besiegeln &quot;Bilaterale III&quot; in Br\u00fcssel - just-now.NEWS Deutschland","robots":{"index":"index","follow":"follow","max-snippet":"max-snippet:-1","max-image-preview":"max-image-preview:large","max-video-preview":"max-video-preview:-1"},"canonical":"https:\/\/now-news.de\/de\/deutschland\/neustart-nach-2021-schweiz-und-eu-besiegeln-bilaterale-iii-in-bruessel\/","og_locale":"de_DE","og_type":"article","og_title":"Neustart nach 2021: Schweiz und EU besiegeln &quot;Bilaterale III&quot; in Br\u00fcssel","og_description":"Nach dem Abbruch der Verhandlungen 2021 haben Bern und Br\u00fcssel ihre Beziehungen neu geordnet. Das Paket sichert Marktzugang in zentralen Bereichen wie Strom, Gesundheit und Industrieprodukten. Im Gegenzug verpflichtet sich die Schweiz zu Rechtsanpassungen und h\u00f6heren Koh\u00e4sionszahlungen. Ein Referendum gilt als wahrscheinlich. Von Hans-Ueli L\u00e4ppli Mit der Unterzeichnung des neuen Vertragspakets zwischen der Schweiz und [&hellip;]","og_url":"https:\/\/now-news.de\/de\/deutschland\/neustart-nach-2021-schweiz-und-eu-besiegeln-bilaterale-iii-in-bruessel\/","og_site_name":"just-now.NEWS Deutschland","article_publisher":"https:\/\/www.facebook.com\/wirmachenauf","article_published_time":"2026-03-02T17:10:33+00:00","og_image":[{"url":"https:\/\/now-news.de\/de\/wp-content\/uploads\/sites\/3\/2026\/03\/69a5984a48fbef3189226d4f.jpg"}],"author":"rtnews","twitter_card":"summary_large_image","twitter_creator":"@WirMachenAuf_de","twitter_site":"@WirMachenAuf_de","twitter_misc":{"Verfasst von":"rtnews","Gesch\u00e4tzte Lesezeit":"3\u00a0Minuten"},"schema":{"@context":"https:\/\/schema.org","@graph":[{"@type":"Article","@id":"https:\/\/now-news.de\/de\/deutschland\/neustart-nach-2021-schweiz-und-eu-besiegeln-bilaterale-iii-in-bruessel\/#article","isPartOf":{"@id":"https:\/\/now-news.de\/de\/deutschland\/neustart-nach-2021-schweiz-und-eu-besiegeln-bilaterale-iii-in-bruessel\/"},"author":{"name":"rtnews","@id":"https:\/\/now-news.de\/de\/#\/schema\/person\/fb534a4e865501d8b3285208df34a9b5"},"headline":"Neustart nach 2021: Schweiz und EU besiegeln &quot;Bilaterale III&quot; in Br\u00fcssel","datePublished":"2026-03-02T17:10:33+00:00","dateModified":"2026-03-02T17:10:33+00:00","mainEntityOfPage":{"@id":"https:\/\/now-news.de\/de\/deutschland\/neustart-nach-2021-schweiz-und-eu-besiegeln-bilaterale-iii-in-bruessel\/"},"wordCount":622,"commentCount":0,"publisher":{"@id":"https:\/\/now-news.de\/de\/#organization"},"image":{"@id":"https:\/\/now-news.de\/de\/deutschland\/neustart-nach-2021-schweiz-und-eu-besiegeln-bilaterale-iii-in-bruessel\/#primaryimage"},"thumbnailUrl":"https:\/\/now-news.de\/de\/wp-content\/uploads\/sites\/3\/2026\/03\/Neustart-nach-2021-Schweiz-und-EU-besiegeln-quotBilaterale-IIIquot-in.jpg","keywords":["besiegeln","Br\u00fcssel","IIIquot","nach","neustart","quotBilaterale","schweiz","und"],"articleSection":["Deutschland","Russland"],"inLanguage":"de","potentialAction":[{"@type":"CommentAction","name":"Comment","target":["https:\/\/now-news.de\/de\/deutschland\/neustart-nach-2021-schweiz-und-eu-besiegeln-bilaterale-iii-in-bruessel\/#respond"]}]},{"@type":"WebPage","@id":"https:\/\/now-news.de\/de\/deutschland\/neustart-nach-2021-schweiz-und-eu-besiegeln-bilaterale-iii-in-bruessel\/","url":"https:\/\/now-news.de\/de\/deutschland\/neustart-nach-2021-schweiz-und-eu-besiegeln-bilaterale-iii-in-bruessel\/","name":"Neustart nach 2021: Schweiz und EU besiegeln &quot;Bilaterale III&quot; in Br\u00fcssel - just-now.NEWS Deutschland","isPartOf":{"@id":"https:\/\/now-news.de\/de\/#website"},"primaryImageOfPage":{"@id":"https:\/\/now-news.de\/de\/deutschland\/neustart-nach-2021-schweiz-und-eu-besiegeln-bilaterale-iii-in-bruessel\/#primaryimage"},"image":{"@id":"https:\/\/now-news.de\/de\/deutschland\/neustart-nach-2021-schweiz-und-eu-besiegeln-bilaterale-iii-in-bruessel\/#primaryimage"},"thumbnailUrl":"https:\/\/now-news.de\/de\/wp-content\/uploads\/sites\/3\/2026\/03\/Neustart-nach-2021-Schweiz-und-EU-besiegeln-quotBilaterale-IIIquot-in.jpg","datePublished":"2026-03-02T17:10:33+00:00","dateModified":"2026-03-02T17:10:33+00:00","breadcrumb":{"@id":"https:\/\/now-news.de\/de\/deutschland\/neustart-nach-2021-schweiz-und-eu-besiegeln-bilaterale-iii-in-bruessel\/#breadcrumb"},"inLanguage":"de","potentialAction":[{"@type":"ReadAction","target":["https:\/\/now-news.de\/de\/deutschland\/neustart-nach-2021-schweiz-und-eu-besiegeln-bilaterale-iii-in-bruessel\/"]}]},{"@type":"ImageObject","inLanguage":"de","@id":"https:\/\/now-news.de\/de\/deutschland\/neustart-nach-2021-schweiz-und-eu-besiegeln-bilaterale-iii-in-bruessel\/#primaryimage","url":"https:\/\/now-news.de\/de\/wp-content\/uploads\/sites\/3\/2026\/03\/Neustart-nach-2021-Schweiz-und-EU-besiegeln-quotBilaterale-IIIquot-in.jpg","contentUrl":"https:\/\/now-news.de\/de\/wp-content\/uploads\/sites\/3\/2026\/03\/Neustart-nach-2021-Schweiz-und-EU-besiegeln-quotBilaterale-IIIquot-in.jpg","width":460,"height":259,"caption":"Neustart nach 2021: Schweiz und EU besiegeln &quot;Bilaterale III&quot; in Br\u00fcssel"},{"@type":"BreadcrumbList","@id":"https:\/\/now-news.de\/de\/deutschland\/neustart-nach-2021-schweiz-und-eu-besiegeln-bilaterale-iii-in-bruessel\/#breadcrumb","itemListElement":[{"@type":"ListItem","position":1,"name":"Home","item":"https:\/\/now-news.de\/de\/"},{"@type":"ListItem","position":2,"name":"Neustart nach 2021: Schweiz und EU besiegeln &quot;Bilaterale III&quot; in Br\u00fcssel"}]},{"@type":"WebSite","@id":"https:\/\/now-news.de\/de\/#website","url":"https:\/\/now-news.de\/de\/","name":"just-now.NEWS Deutschland","description":"Das Portal f\u00fcr unzensierte Nachrichten aus der Welt","publisher":{"@id":"https:\/\/now-news.de\/de\/#organization"},"potentialAction":[{"@type":"SearchAction","target":{"@type":"EntryPoint","urlTemplate":"https:\/\/now-news.de\/de\/?s={search_term_string}"},"query-input":"required name=search_term_string"}],"inLanguage":"de"},{"@type":"Organization","@id":"https:\/\/now-news.de\/de\/#organization","name":"Just Now News","url":"https:\/\/now-news.de\/de\/","logo":{"@type":"ImageObject","inLanguage":"de","@id":"https:\/\/now-news.de\/de\/#\/schema\/logo\/image\/","url":"http:\/\/just-now.news\/de\/wp-content\/uploads\/sites\/3\/2022\/04\/logo500x500.jpg","contentUrl":"http:\/\/just-now.news\/de\/wp-content\/uploads\/sites\/3\/2022\/04\/logo500x500.jpg","width":500,"height":500,"caption":"Just Now News"},"image":{"@id":"https:\/\/now-news.de\/de\/#\/schema\/logo\/image\/"},"sameAs":["https:\/\/www.facebook.com\/wirmachenauf","https:\/\/x.com\/WirMachenAuf_de"]},{"@type":"Person","@id":"https:\/\/now-news.de\/de\/#\/schema\/person\/fb534a4e865501d8b3285208df34a9b5","name":"rtnews","image":{"@type":"ImageObject","inLanguage":"de","@id":"https:\/\/now-news.de\/de\/#\/schema\/person\/image\/","url":"https:\/\/secure.gravatar.com\/avatar\/82aafea7d8127119dd649515f56e2117?s=96&d=mm&r=g","contentUrl":"https:\/\/secure.gravatar.com\/avatar\/82aafea7d8127119dd649515f56e2117?s=96&d=mm&r=g","caption":"rtnews"},"url":"https:\/\/now-news.de\/de\/author\/rnews\/"}]}},"_links":{"self":[{"href":"https:\/\/now-news.de\/de\/wp-json\/wp\/v2\/posts\/99707"}],"collection":[{"href":"https:\/\/now-news.de\/de\/wp-json\/wp\/v2\/posts"}],"about":[{"href":"https:\/\/now-news.de\/de\/wp-json\/wp\/v2\/types\/post"}],"author":[{"embeddable":true,"href":"https:\/\/now-news.de\/de\/wp-json\/wp\/v2\/users\/3"}],"replies":[{"embeddable":true,"href":"https:\/\/now-news.de\/de\/wp-json\/wp\/v2\/comments?post=99707"}],"version-history":[{"count":0,"href":"https:\/\/now-news.de\/de\/wp-json\/wp\/v2\/posts\/99707\/revisions"}],"wp:featuredmedia":[{"embeddable":true,"href":"https:\/\/now-news.de\/de\/wp-json\/wp\/v2\/media\/99708"}],"wp:attachment":[{"href":"https:\/\/now-news.de\/de\/wp-json\/wp\/v2\/media?parent=99707"}],"wp:term":[{"taxonomy":"category","embeddable":true,"href":"https:\/\/now-news.de\/de\/wp-json\/wp\/v2\/categories?post=99707"},{"taxonomy":"post_tag","embeddable":true,"href":"https:\/\/now-news.de\/de\/wp-json\/wp\/v2\/tags?post=99707"}],"curies":[{"name":"wp","href":"https:\/\/api.w.org\/{rel}","templated":true}]}}