{"id":99703,"date":"2026-03-02T17:37:24","date_gmt":"2026-03-02T15:37:24","guid":{"rendered":"https:\/\/now-news.de\/de\/deutschland\/europa-als-verlierer-was-erwartet-die-kraftstoffmaerkte-angesichts-der-iran-krise\/"},"modified":"2026-03-02T17:37:24","modified_gmt":"2026-03-02T15:37:24","slug":"europa-als-verlierer-was-erwartet-die-kraftstoffmaerkte-angesichts-der-iran-krise","status":"publish","type":"post","link":"https:\/\/now-news.de\/de\/deutschland\/europa-als-verlierer-was-erwartet-die-kraftstoffmaerkte-angesichts-der-iran-krise\/","title":{"rendered":"Europa als Verlierer? Was erwartet die Kraftstoffm\u00e4rkte angesichts der Iran-Krise"},"content":{"rendered":"<p><img decoding=\"async\" src=\"https:\/\/now-news.de\/de\/wp-content\/uploads\/sites\/3\/2026\/03\/69a593f448fbef290e0f251b.jpg\" \/><\/p>\n<div class=\"Text-root Text-type_1 \">\n                Die Iran-Krise ver\u00e4ndert die Kraftstoffm\u00e4rkte und l\u00f6st ein Wirtschaftsbeben aus, das sich zu einem Tsunami ausweiten k\u00f6nnte. Ein Defizit und eine Umverteilung der Kraftstoffstr\u00f6me werden erwartet. Dabei sehen Experten Europa als einen der Hauptverlierer des Konflikts.\n            <\/div>\n<p><\/p>\n<div class=\"Text-root Text-type_5 ArticleView-text ViewText-root \">\n<p>Die Sperrung der Stra\u00dfe von Hormus, die gegenseitigen Angriffe zwischen den L\u00e4ndern des Nahen Ostens und die zunehmende Eskalation in der Region \u2013 all dies bedeutet einen Schlag f\u00fcr den Transport von \u00d6l und Gas, von denen die Wirtschaft vieler L\u00e4nder abh\u00e4ngt. Ein Drittel des weltweiten \u00d6lhandels und ein F\u00fcnftel des Handels mit Fl\u00fcssigerdgas werden \u00fcber die Stra\u00dfe von Hormus abgewickelt. Dabei bleibt der Markt f\u00fcr Fl\u00fcssiggas, auf den die westlichen L\u00e4nder nach dem Bruch mit Russland setzen, einer der am st\u00e4rksten von der Krise bedrohten.<\/p>\n<p>Die Ereignisse im Nahen Osten k\u00f6nnten zu einem Defizit und einer Umverteilung der Erdgasstr\u00f6me in der T\u00fcrkei und Europa sowie auf dem Weltmarkt f\u00fcr Fl\u00fcssigerdgas f\u00fchren, bemerkt Sergei Prawossudow, Generaldirektor des Instituts f\u00fcr Nationale Energie. In einem Gespr\u00e4ch mit der Nachrichtenagentur <em>Interfax <\/em>erkl\u00e4rte er:<\/p>\n<blockquote>\n<p><em>&#8220;Ein Angriff der USA und Israels auf Iran k\u00f6nnte dazu f\u00fchren, dass der Export von iranischem Gas in die T\u00fcrkei eingestellt wird. Infolgedessen w\u00fcrde die T\u00fcrkei ihre Eink\u00e4ufe von russischem Gas \u00fcber die Pipelines Blue Stream und TurkStream erh\u00f6hen.&#8221; <\/em><\/p>\n<\/blockquote>\n<p>Er wies auch darauf hin, dass es nicht nur um iranisches Gas geht \u2013 auch Lieferungen aus Katar, das derzeit nach den USA der zweitgr\u00f6\u00dfte LNG-Exporteur der Welt ist, sind gef\u00e4hrdet. Die Vergeltungsma\u00dfnahmen Irans auf die Angriffe der USA und Israels und die Schl\u00e4ge gegen St\u00fctzpunkte in Katar sowie die Sperrung der Stra\u00dfe von Hormus k\u00f6nnten zu einer Einstellung der Exporte von katarischem Fl\u00fcssigerdgas f\u00fchren. &#8220;Deutschland, das auf LNG-Importe setzt, k\u00f6nnte sich Gedanken \u00fcber eine \u00dcberpr\u00fcfung seiner Strategie machen&#8221;, betont Prawossudow. &#8220;Angesichts der leeren unterirdischen Gasspeicher und m\u00f6glicher Schwierigkeiten bei der Beschaffung von LNG k\u00f6nnten die Regierungen Deutschlands und der EU \u00fcber eine m\u00f6gliche Aufnahme von Gaslieferungen \u00fcber die noch intakte Nord-Stream-2-Pipeline nachdenken.&#8221;<\/p>\n<p>Eine \u00e4hnliche Einsch\u00e4tzung ver\u00f6ffentlicht auch die Zeitung <em>Financial Times <\/em>unter Berufung auf Branchenexperten. Eine Milit\u00e4roperation der USA und Israels gegen Iran k\u00f6nnte zu einem Anstieg der Gaspreise um bis zu 25 Prozent f\u00fchren, meint beispielsweise Tom Marzec-Manser, Analyst bei der Beratungsagentur Wood Mackenzie. Marzec-Manser weist auch darauf hin, dass Katar und die Vereinigten Arabischen Emirate diese Route f\u00fcr den Transport von 20 Prozent des weltweiten LNG-Volumens nach Asien und Europa nutzen.<\/p>\n<p>Apropos Europa: Viele Experten weisen darauf hin, dass nicht einmal Iran oder die Region des Nahen Ostens zu den gr\u00f6\u00dften Verlierern dieser Krise geh\u00f6ren, sondern Europa. Europa habe aufgrund der Situation um Iran sowohl aus moralischen als auch aus wirtschaftlichen Gr\u00fcnden nur zu verlieren und werde dabei immer abh\u00e4ngiger von den Energielieferungen der USA, meint beispielsweise Silvia Boltuc, Mitbegr\u00fcnderin und Direktorin des Analysezentrums SpecialEurasia Geopolitical Intelligence. In einem Gespr\u00e4ch mit der Nachrichtenagentur <em>TASS<\/em> erkl\u00e4rte sie:<\/p>\n<blockquote>\n<p><em>&#8220;Europa geh\u00f6rt zu den Verlierern, da der Angriff der USA und Israels, der gegen das V\u00f6lkerrecht verst\u00f6\u00dft, seine Autorit\u00e4t untergr\u00e4bt. Aus Sicht des V\u00f6lkerrechts erkennt Europa an, dass dieses selektiv angewendet werden kann. Vor diesem Hintergrund bricht das Konzept &#8216;Aggressor und Angegriffener&#8217; zusammen. Im V\u00f6lkerrecht gibt es keinen &#8216;Pr\u00e4ventivschlag&#8217;, insbesondere ohne den Nachweis einer von Iran ausgehenden Bedrohung.&#8221;<\/em><\/p>\n<\/blockquote>\n<p>Aus wirtschaftlicher Sicht erleidet Europa weitere Verluste, da die USA ein Monopol auf Kohlenstoffbrennstoffe errichten. &#8220;Durch die Kontrolle \u00fcber die venezolanischen \u00d6llieferungen, den Angriff auf Iran und die Destabilisierung der Lage in den L\u00e4ndern am Persischen Golf sammelt US-Pr\u00e4sident Donald Trump Punkte f\u00fcr sein Land, w\u00e4hrend Europa zunehmend von den Energielieferungen der USA abh\u00e4ngig wird. Mit der Ablehnung russischer Lieferungen handelt Europa offensichtlich gegen seine eigenen Interessen&#8221;, erkl\u00e4rte die Expertin der Agentur.<\/p>\n<p>Wie der Dozent der Finanzuniversit\u00e4t Russlands, Waleri Andrianow, in einem Gespr\u00e4ch mit der Zeitung <em>Rossi<\/em><em>j<\/em><em>ska<\/em><em>ja<\/em><em> Gazeta<\/em> feststellte, sei die Eskalation in der Region bereits teilweise in den aktuellen Preisen ber\u00fccksichtigt. Dennoch w\u00fcrden die Ereignisse, die die gesamte Region zu erfassen drohen, unweigerlich zu einem Anstieg der Roh\u00f6lpreise f\u00fchren. Nach Ansicht von Daniil Tjun, Generaldirektor der Firma &#8220;DA-Consulting&#8221;, bedeutet der Schlag der USA und Israels gegen Iran an sich noch keine \u00d6lpreise von 200 US-Dollar, einen Zusammenbruch der Wirtschaft in der EU und China und einen Strom von Millionen von Fl\u00fcchtlingen. Allerdings w\u00fcrden die \u00d6lpreise aufgrund des milit\u00e4rischen Risikos nat\u00fcrlich steigen, merkt er an. Die wichtigste Frage sei derzeit, wie lange die \u00d6lversorgung \u00fcber die Stra\u00dfe von Hormus unterbrochen bleiben werde, meint der Experte. Diese sei nicht nur eine &#8220;Engstelle&#8221;, sondern eine der Hauptadern der weltweiten Energieversorgung.<\/p>\n<p>Somit beobachten alle Experten und Marktteilnehmer die Entwicklung mit Besorgnis und erwarten eigentlich nicht, dass sich die Lage positiv entwickelt. Eine andere Meinung vertritt bislang wohl nur Pr\u00e4sident Donald Trump. Der US-Pr\u00e4sident erkl\u00e4rte, dass &#8220;angesichts des Erfolgs der Operation die Auswirkungen auf die Geldb\u00f6rsen der Amerikaner wahrscheinlich weniger verheerend sein werden, als einige Analysten vorhergesagt haben&#8221;.<\/p>\n<\/p>\n<p><strong>Mehr zum Thema \u2013<\/strong>\u00a0<a rel=\"nofollow noopener\" target=\"_blank\" href=\"https:\/\/freedert.online\/der-nahe-osten\/269167-naher-osten-am-abgrund-was-passiert-wenn-washington-teheran-tatsaechlich-krieg\/\">Naher Osten am Abgrund: Was passiert, wenn Washington und Teheran tats\u00e4chlich einen Krieg beginnen?<\/a><\/p>\n<\/p>\n<\/div>\n<p><br \/>\n<br \/><a href=\"https:\/\/de.rt.com\/der-nahe-osten\/271752-europa-als-verlierer-was-erwartet\/\">Source link <\/a><\/p>\n","protected":false},"excerpt":{"rendered":"<p>Die Iran-Krise ver\u00e4ndert die Kraftstoffm\u00e4rkte und l\u00f6st ein Wirtschaftsbeben aus, das sich zu einem Tsunami ausweiten k\u00f6nnte. Ein Defizit und eine Umverteilung der Kraftstoffstr\u00f6me werden erwartet. Dabei sehen Experten Europa als einen der Hauptverlierer des Konflikts. Die Sperrung der Stra\u00dfe von Hormus, die gegenseitigen Angriffe zwischen den L\u00e4ndern des Nahen Ostens und die zunehmende Eskalation [&hellip;]<\/p>\n","protected":false},"author":3,"featured_media":99704,"comment_status":"open","ping_status":"open","sticky":false,"template":"","format":"standard","meta":{"_yoast_indexnow_last_ping":["1772466258"],"wp_automatic_camp":["217"],"6d2239ea92b61b9708a7e7eae2021ccd":["Europa als Verlierer? Was erwartet die Kraftstoffm\u00e4rkte angesichts der Iran-Krise"],"original_link":["https:\/\/de.rt.com\/der-nahe-osten\/271752-europa-als-verlierer-was-erwartet\/"],"_thumbnail_id":["99704"],"jnews_social_counter_last_update":["1777254635"],"_wptgpro_p2tg_sent2tg":["a:1:{i:23737;s:19:\"2026-03-02 17:45:16\";}"]},"categories":[19,23],"tags":[273,4894,82,45,19917,1370,65624,71556,28562],"yoast_head":"<!-- This site is optimized with the Yoast SEO Premium plugin v22.7 (Yoast SEO v22.7) - https:\/\/yoast.com\/wordpress\/plugins\/seo\/ -->\n<title>Europa als Verlierer? Was erwartet die Kraftstoffm\u00e4rkte angesichts der Iran-Krise - just-now.NEWS Deutschland<\/title>\n<meta name=\"robots\" content=\"index, follow, max-snippet:-1, max-image-preview:large, max-video-preview:-1\" \/>\n<link rel=\"canonical\" href=\"https:\/\/now-news.de\/de\/deutschland\/europa-als-verlierer-was-erwartet-die-kraftstoffmaerkte-angesichts-der-iran-krise\/\" \/>\n<meta property=\"og:locale\" content=\"de_DE\" \/>\n<meta property=\"og:type\" content=\"article\" \/>\n<meta property=\"og:title\" content=\"Europa als Verlierer? Was erwartet die Kraftstoffm\u00e4rkte angesichts der Iran-Krise\" \/>\n<meta property=\"og:description\" content=\"Die Iran-Krise ver\u00e4ndert die Kraftstoffm\u00e4rkte und l\u00f6st ein Wirtschaftsbeben aus, das sich zu einem Tsunami ausweiten k\u00f6nnte. Ein Defizit und eine Umverteilung der Kraftstoffstr\u00f6me werden erwartet. Dabei sehen Experten Europa als einen der Hauptverlierer des Konflikts. Die Sperrung der Stra\u00dfe von Hormus, die gegenseitigen Angriffe zwischen den L\u00e4ndern des Nahen Ostens und die zunehmende Eskalation [&hellip;]\" \/>\n<meta property=\"og:url\" content=\"https:\/\/now-news.de\/de\/deutschland\/europa-als-verlierer-was-erwartet-die-kraftstoffmaerkte-angesichts-der-iran-krise\/\" \/>\n<meta property=\"og:site_name\" content=\"just-now.NEWS Deutschland\" \/>\n<meta property=\"article:publisher\" content=\"https:\/\/www.facebook.com\/wirmachenauf\" \/>\n<meta property=\"article:published_time\" content=\"2026-03-02T15:37:24+00:00\" \/>\n<meta property=\"og:image\" content=\"https:\/\/now-news.de\/de\/wp-content\/uploads\/sites\/3\/2026\/03\/69a593f448fbef290e0f251b.jpg\" \/>\n<meta name=\"author\" content=\"rtnews\" \/>\n<meta name=\"twitter:card\" content=\"summary_large_image\" \/>\n<meta name=\"twitter:creator\" content=\"@WirMachenAuf_de\" \/>\n<meta name=\"twitter:site\" content=\"@WirMachenAuf_de\" \/>\n<meta name=\"twitter:label1\" content=\"Verfasst von\" \/>\n\t<meta name=\"twitter:data1\" content=\"rtnews\" \/>\n\t<meta name=\"twitter:label2\" content=\"Gesch\u00e4tzte Lesezeit\" \/>\n\t<meta name=\"twitter:data2\" content=\"4\u00a0Minuten\" \/>\n<script type=\"application\/ld+json\" class=\"yoast-schema-graph\">{\"@context\":\"https:\/\/schema.org\",\"@graph\":[{\"@type\":\"Article\",\"@id\":\"https:\/\/now-news.de\/de\/deutschland\/europa-als-verlierer-was-erwartet-die-kraftstoffmaerkte-angesichts-der-iran-krise\/#article\",\"isPartOf\":{\"@id\":\"https:\/\/now-news.de\/de\/deutschland\/europa-als-verlierer-was-erwartet-die-kraftstoffmaerkte-angesichts-der-iran-krise\/\"},\"author\":{\"name\":\"rtnews\",\"@id\":\"https:\/\/now-news.de\/de\/#\/schema\/person\/fb534a4e865501d8b3285208df34a9b5\"},\"headline\":\"Europa als Verlierer? Was erwartet die Kraftstoffm\u00e4rkte angesichts der Iran-Krise\",\"datePublished\":\"2026-03-02T15:37:24+00:00\",\"dateModified\":\"2026-03-02T15:37:24+00:00\",\"mainEntityOfPage\":{\"@id\":\"https:\/\/now-news.de\/de\/deutschland\/europa-als-verlierer-was-erwartet-die-kraftstoffmaerkte-angesichts-der-iran-krise\/\"},\"wordCount\":906,\"commentCount\":0,\"publisher\":{\"@id\":\"https:\/\/now-news.de\/de\/#organization\"},\"image\":{\"@id\":\"https:\/\/now-news.de\/de\/deutschland\/europa-als-verlierer-was-erwartet-die-kraftstoffmaerkte-angesichts-der-iran-krise\/#primaryimage\"},\"thumbnailUrl\":\"https:\/\/now-news.de\/de\/wp-content\/uploads\/sites\/3\/2026\/03\/Europa-als-Verlierer-Was-erwartet-die-Kraftstoffmaerkte-angesichts-der-Iran-Krise.jpg\",\"keywords\":[\"als\",\"angesichts\",\"der\",\"die\",\"erwartet\",\"Europa\",\"IranKrise\",\"Kraftstoffm\u00e4rkte\",\"Verlierer\"],\"articleSection\":[\"Deutschland\",\"Russland\"],\"inLanguage\":\"de\",\"potentialAction\":[{\"@type\":\"CommentAction\",\"name\":\"Comment\",\"target\":[\"https:\/\/now-news.de\/de\/deutschland\/europa-als-verlierer-was-erwartet-die-kraftstoffmaerkte-angesichts-der-iran-krise\/#respond\"]}]},{\"@type\":\"WebPage\",\"@id\":\"https:\/\/now-news.de\/de\/deutschland\/europa-als-verlierer-was-erwartet-die-kraftstoffmaerkte-angesichts-der-iran-krise\/\",\"url\":\"https:\/\/now-news.de\/de\/deutschland\/europa-als-verlierer-was-erwartet-die-kraftstoffmaerkte-angesichts-der-iran-krise\/\",\"name\":\"Europa als Verlierer? Was erwartet die Kraftstoffm\u00e4rkte angesichts der Iran-Krise - just-now.NEWS Deutschland\",\"isPartOf\":{\"@id\":\"https:\/\/now-news.de\/de\/#website\"},\"primaryImageOfPage\":{\"@id\":\"https:\/\/now-news.de\/de\/deutschland\/europa-als-verlierer-was-erwartet-die-kraftstoffmaerkte-angesichts-der-iran-krise\/#primaryimage\"},\"image\":{\"@id\":\"https:\/\/now-news.de\/de\/deutschland\/europa-als-verlierer-was-erwartet-die-kraftstoffmaerkte-angesichts-der-iran-krise\/#primaryimage\"},\"thumbnailUrl\":\"https:\/\/now-news.de\/de\/wp-content\/uploads\/sites\/3\/2026\/03\/Europa-als-Verlierer-Was-erwartet-die-Kraftstoffmaerkte-angesichts-der-Iran-Krise.jpg\",\"datePublished\":\"2026-03-02T15:37:24+00:00\",\"dateModified\":\"2026-03-02T15:37:24+00:00\",\"breadcrumb\":{\"@id\":\"https:\/\/now-news.de\/de\/deutschland\/europa-als-verlierer-was-erwartet-die-kraftstoffmaerkte-angesichts-der-iran-krise\/#breadcrumb\"},\"inLanguage\":\"de\",\"potentialAction\":[{\"@type\":\"ReadAction\",\"target\":[\"https:\/\/now-news.de\/de\/deutschland\/europa-als-verlierer-was-erwartet-die-kraftstoffmaerkte-angesichts-der-iran-krise\/\"]}]},{\"@type\":\"ImageObject\",\"inLanguage\":\"de\",\"@id\":\"https:\/\/now-news.de\/de\/deutschland\/europa-als-verlierer-was-erwartet-die-kraftstoffmaerkte-angesichts-der-iran-krise\/#primaryimage\",\"url\":\"https:\/\/now-news.de\/de\/wp-content\/uploads\/sites\/3\/2026\/03\/Europa-als-Verlierer-Was-erwartet-die-Kraftstoffmaerkte-angesichts-der-Iran-Krise.jpg\",\"contentUrl\":\"https:\/\/now-news.de\/de\/wp-content\/uploads\/sites\/3\/2026\/03\/Europa-als-Verlierer-Was-erwartet-die-Kraftstoffmaerkte-angesichts-der-Iran-Krise.jpg\",\"width\":460,\"height\":259,\"caption\":\"Europa als Verlierer? Was erwartet die Kraftstoffm\u00e4rkte angesichts der Iran-Krise\"},{\"@type\":\"BreadcrumbList\",\"@id\":\"https:\/\/now-news.de\/de\/deutschland\/europa-als-verlierer-was-erwartet-die-kraftstoffmaerkte-angesichts-der-iran-krise\/#breadcrumb\",\"itemListElement\":[{\"@type\":\"ListItem\",\"position\":1,\"name\":\"Home\",\"item\":\"https:\/\/now-news.de\/de\/\"},{\"@type\":\"ListItem\",\"position\":2,\"name\":\"Europa als Verlierer? Was erwartet die Kraftstoffm\u00e4rkte angesichts der Iran-Krise\"}]},{\"@type\":\"WebSite\",\"@id\":\"https:\/\/now-news.de\/de\/#website\",\"url\":\"https:\/\/now-news.de\/de\/\",\"name\":\"just-now.NEWS Deutschland\",\"description\":\"Das Portal f\u00fcr unzensierte Nachrichten aus der Welt\",\"publisher\":{\"@id\":\"https:\/\/now-news.de\/de\/#organization\"},\"potentialAction\":[{\"@type\":\"SearchAction\",\"target\":{\"@type\":\"EntryPoint\",\"urlTemplate\":\"https:\/\/now-news.de\/de\/?s={search_term_string}\"},\"query-input\":\"required name=search_term_string\"}],\"inLanguage\":\"de\"},{\"@type\":\"Organization\",\"@id\":\"https:\/\/now-news.de\/de\/#organization\",\"name\":\"Just Now News\",\"url\":\"https:\/\/now-news.de\/de\/\",\"logo\":{\"@type\":\"ImageObject\",\"inLanguage\":\"de\",\"@id\":\"https:\/\/now-news.de\/de\/#\/schema\/logo\/image\/\",\"url\":\"http:\/\/just-now.news\/de\/wp-content\/uploads\/sites\/3\/2022\/04\/logo500x500.jpg\",\"contentUrl\":\"http:\/\/just-now.news\/de\/wp-content\/uploads\/sites\/3\/2022\/04\/logo500x500.jpg\",\"width\":500,\"height\":500,\"caption\":\"Just Now News\"},\"image\":{\"@id\":\"https:\/\/now-news.de\/de\/#\/schema\/logo\/image\/\"},\"sameAs\":[\"https:\/\/www.facebook.com\/wirmachenauf\",\"https:\/\/x.com\/WirMachenAuf_de\"]},{\"@type\":\"Person\",\"@id\":\"https:\/\/now-news.de\/de\/#\/schema\/person\/fb534a4e865501d8b3285208df34a9b5\",\"name\":\"rtnews\",\"image\":{\"@type\":\"ImageObject\",\"inLanguage\":\"de\",\"@id\":\"https:\/\/now-news.de\/de\/#\/schema\/person\/image\/\",\"url\":\"https:\/\/secure.gravatar.com\/avatar\/82aafea7d8127119dd649515f56e2117?s=96&d=mm&r=g\",\"contentUrl\":\"https:\/\/secure.gravatar.com\/avatar\/82aafea7d8127119dd649515f56e2117?s=96&d=mm&r=g\",\"caption\":\"rtnews\"},\"url\":\"https:\/\/now-news.de\/de\/author\/rnews\/\"}]}<\/script>\n<!-- \/ Yoast SEO Premium plugin. -->","yoast_head_json":{"title":"Europa als Verlierer? Was erwartet die Kraftstoffm\u00e4rkte angesichts der Iran-Krise - just-now.NEWS Deutschland","robots":{"index":"index","follow":"follow","max-snippet":"max-snippet:-1","max-image-preview":"max-image-preview:large","max-video-preview":"max-video-preview:-1"},"canonical":"https:\/\/now-news.de\/de\/deutschland\/europa-als-verlierer-was-erwartet-die-kraftstoffmaerkte-angesichts-der-iran-krise\/","og_locale":"de_DE","og_type":"article","og_title":"Europa als Verlierer? Was erwartet die Kraftstoffm\u00e4rkte angesichts der Iran-Krise","og_description":"Die Iran-Krise ver\u00e4ndert die Kraftstoffm\u00e4rkte und l\u00f6st ein Wirtschaftsbeben aus, das sich zu einem Tsunami ausweiten k\u00f6nnte. Ein Defizit und eine Umverteilung der Kraftstoffstr\u00f6me werden erwartet. Dabei sehen Experten Europa als einen der Hauptverlierer des Konflikts. Die Sperrung der Stra\u00dfe von Hormus, die gegenseitigen Angriffe zwischen den L\u00e4ndern des Nahen Ostens und die zunehmende Eskalation [&hellip;]","og_url":"https:\/\/now-news.de\/de\/deutschland\/europa-als-verlierer-was-erwartet-die-kraftstoffmaerkte-angesichts-der-iran-krise\/","og_site_name":"just-now.NEWS Deutschland","article_publisher":"https:\/\/www.facebook.com\/wirmachenauf","article_published_time":"2026-03-02T15:37:24+00:00","og_image":[{"url":"https:\/\/now-news.de\/de\/wp-content\/uploads\/sites\/3\/2026\/03\/69a593f448fbef290e0f251b.jpg"}],"author":"rtnews","twitter_card":"summary_large_image","twitter_creator":"@WirMachenAuf_de","twitter_site":"@WirMachenAuf_de","twitter_misc":{"Verfasst von":"rtnews","Gesch\u00e4tzte Lesezeit":"4\u00a0Minuten"},"schema":{"@context":"https:\/\/schema.org","@graph":[{"@type":"Article","@id":"https:\/\/now-news.de\/de\/deutschland\/europa-als-verlierer-was-erwartet-die-kraftstoffmaerkte-angesichts-der-iran-krise\/#article","isPartOf":{"@id":"https:\/\/now-news.de\/de\/deutschland\/europa-als-verlierer-was-erwartet-die-kraftstoffmaerkte-angesichts-der-iran-krise\/"},"author":{"name":"rtnews","@id":"https:\/\/now-news.de\/de\/#\/schema\/person\/fb534a4e865501d8b3285208df34a9b5"},"headline":"Europa als Verlierer? Was erwartet die Kraftstoffm\u00e4rkte angesichts der Iran-Krise","datePublished":"2026-03-02T15:37:24+00:00","dateModified":"2026-03-02T15:37:24+00:00","mainEntityOfPage":{"@id":"https:\/\/now-news.de\/de\/deutschland\/europa-als-verlierer-was-erwartet-die-kraftstoffmaerkte-angesichts-der-iran-krise\/"},"wordCount":906,"commentCount":0,"publisher":{"@id":"https:\/\/now-news.de\/de\/#organization"},"image":{"@id":"https:\/\/now-news.de\/de\/deutschland\/europa-als-verlierer-was-erwartet-die-kraftstoffmaerkte-angesichts-der-iran-krise\/#primaryimage"},"thumbnailUrl":"https:\/\/now-news.de\/de\/wp-content\/uploads\/sites\/3\/2026\/03\/Europa-als-Verlierer-Was-erwartet-die-Kraftstoffmaerkte-angesichts-der-Iran-Krise.jpg","keywords":["als","angesichts","der","die","erwartet","Europa","IranKrise","Kraftstoffm\u00e4rkte","Verlierer"],"articleSection":["Deutschland","Russland"],"inLanguage":"de","potentialAction":[{"@type":"CommentAction","name":"Comment","target":["https:\/\/now-news.de\/de\/deutschland\/europa-als-verlierer-was-erwartet-die-kraftstoffmaerkte-angesichts-der-iran-krise\/#respond"]}]},{"@type":"WebPage","@id":"https:\/\/now-news.de\/de\/deutschland\/europa-als-verlierer-was-erwartet-die-kraftstoffmaerkte-angesichts-der-iran-krise\/","url":"https:\/\/now-news.de\/de\/deutschland\/europa-als-verlierer-was-erwartet-die-kraftstoffmaerkte-angesichts-der-iran-krise\/","name":"Europa als Verlierer? Was erwartet die Kraftstoffm\u00e4rkte angesichts der Iran-Krise - just-now.NEWS Deutschland","isPartOf":{"@id":"https:\/\/now-news.de\/de\/#website"},"primaryImageOfPage":{"@id":"https:\/\/now-news.de\/de\/deutschland\/europa-als-verlierer-was-erwartet-die-kraftstoffmaerkte-angesichts-der-iran-krise\/#primaryimage"},"image":{"@id":"https:\/\/now-news.de\/de\/deutschland\/europa-als-verlierer-was-erwartet-die-kraftstoffmaerkte-angesichts-der-iran-krise\/#primaryimage"},"thumbnailUrl":"https:\/\/now-news.de\/de\/wp-content\/uploads\/sites\/3\/2026\/03\/Europa-als-Verlierer-Was-erwartet-die-Kraftstoffmaerkte-angesichts-der-Iran-Krise.jpg","datePublished":"2026-03-02T15:37:24+00:00","dateModified":"2026-03-02T15:37:24+00:00","breadcrumb":{"@id":"https:\/\/now-news.de\/de\/deutschland\/europa-als-verlierer-was-erwartet-die-kraftstoffmaerkte-angesichts-der-iran-krise\/#breadcrumb"},"inLanguage":"de","potentialAction":[{"@type":"ReadAction","target":["https:\/\/now-news.de\/de\/deutschland\/europa-als-verlierer-was-erwartet-die-kraftstoffmaerkte-angesichts-der-iran-krise\/"]}]},{"@type":"ImageObject","inLanguage":"de","@id":"https:\/\/now-news.de\/de\/deutschland\/europa-als-verlierer-was-erwartet-die-kraftstoffmaerkte-angesichts-der-iran-krise\/#primaryimage","url":"https:\/\/now-news.de\/de\/wp-content\/uploads\/sites\/3\/2026\/03\/Europa-als-Verlierer-Was-erwartet-die-Kraftstoffmaerkte-angesichts-der-Iran-Krise.jpg","contentUrl":"https:\/\/now-news.de\/de\/wp-content\/uploads\/sites\/3\/2026\/03\/Europa-als-Verlierer-Was-erwartet-die-Kraftstoffmaerkte-angesichts-der-Iran-Krise.jpg","width":460,"height":259,"caption":"Europa als Verlierer? Was erwartet die Kraftstoffm\u00e4rkte angesichts der Iran-Krise"},{"@type":"BreadcrumbList","@id":"https:\/\/now-news.de\/de\/deutschland\/europa-als-verlierer-was-erwartet-die-kraftstoffmaerkte-angesichts-der-iran-krise\/#breadcrumb","itemListElement":[{"@type":"ListItem","position":1,"name":"Home","item":"https:\/\/now-news.de\/de\/"},{"@type":"ListItem","position":2,"name":"Europa als Verlierer? Was erwartet die Kraftstoffm\u00e4rkte angesichts der Iran-Krise"}]},{"@type":"WebSite","@id":"https:\/\/now-news.de\/de\/#website","url":"https:\/\/now-news.de\/de\/","name":"just-now.NEWS Deutschland","description":"Das Portal f\u00fcr unzensierte Nachrichten aus der Welt","publisher":{"@id":"https:\/\/now-news.de\/de\/#organization"},"potentialAction":[{"@type":"SearchAction","target":{"@type":"EntryPoint","urlTemplate":"https:\/\/now-news.de\/de\/?s={search_term_string}"},"query-input":"required name=search_term_string"}],"inLanguage":"de"},{"@type":"Organization","@id":"https:\/\/now-news.de\/de\/#organization","name":"Just Now News","url":"https:\/\/now-news.de\/de\/","logo":{"@type":"ImageObject","inLanguage":"de","@id":"https:\/\/now-news.de\/de\/#\/schema\/logo\/image\/","url":"http:\/\/just-now.news\/de\/wp-content\/uploads\/sites\/3\/2022\/04\/logo500x500.jpg","contentUrl":"http:\/\/just-now.news\/de\/wp-content\/uploads\/sites\/3\/2022\/04\/logo500x500.jpg","width":500,"height":500,"caption":"Just Now News"},"image":{"@id":"https:\/\/now-news.de\/de\/#\/schema\/logo\/image\/"},"sameAs":["https:\/\/www.facebook.com\/wirmachenauf","https:\/\/x.com\/WirMachenAuf_de"]},{"@type":"Person","@id":"https:\/\/now-news.de\/de\/#\/schema\/person\/fb534a4e865501d8b3285208df34a9b5","name":"rtnews","image":{"@type":"ImageObject","inLanguage":"de","@id":"https:\/\/now-news.de\/de\/#\/schema\/person\/image\/","url":"https:\/\/secure.gravatar.com\/avatar\/82aafea7d8127119dd649515f56e2117?s=96&d=mm&r=g","contentUrl":"https:\/\/secure.gravatar.com\/avatar\/82aafea7d8127119dd649515f56e2117?s=96&d=mm&r=g","caption":"rtnews"},"url":"https:\/\/now-news.de\/de\/author\/rnews\/"}]}},"_links":{"self":[{"href":"https:\/\/now-news.de\/de\/wp-json\/wp\/v2\/posts\/99703"}],"collection":[{"href":"https:\/\/now-news.de\/de\/wp-json\/wp\/v2\/posts"}],"about":[{"href":"https:\/\/now-news.de\/de\/wp-json\/wp\/v2\/types\/post"}],"author":[{"embeddable":true,"href":"https:\/\/now-news.de\/de\/wp-json\/wp\/v2\/users\/3"}],"replies":[{"embeddable":true,"href":"https:\/\/now-news.de\/de\/wp-json\/wp\/v2\/comments?post=99703"}],"version-history":[{"count":0,"href":"https:\/\/now-news.de\/de\/wp-json\/wp\/v2\/posts\/99703\/revisions"}],"wp:featuredmedia":[{"embeddable":true,"href":"https:\/\/now-news.de\/de\/wp-json\/wp\/v2\/media\/99704"}],"wp:attachment":[{"href":"https:\/\/now-news.de\/de\/wp-json\/wp\/v2\/media?parent=99703"}],"wp:term":[{"taxonomy":"category","embeddable":true,"href":"https:\/\/now-news.de\/de\/wp-json\/wp\/v2\/categories?post=99703"},{"taxonomy":"post_tag","embeddable":true,"href":"https:\/\/now-news.de\/de\/wp-json\/wp\/v2\/tags?post=99703"}],"curies":[{"name":"wp","href":"https:\/\/api.w.org\/{rel}","templated":true}]}}