{"id":99693,"date":"2026-03-02T15:07:30","date_gmt":"2026-03-02T13:07:30","guid":{"rendered":"https:\/\/now-news.de\/de\/deutschland\/trump-zum-tod-von-chamenei-ich-habe-ihn-nun-zuerst-erwischt\/"},"modified":"2026-03-02T15:07:30","modified_gmt":"2026-03-02T13:07:30","slug":"trump-zum-tod-von-chamenei-ich-habe-ihn-nun-zuerst-erwischt","status":"publish","type":"post","link":"https:\/\/now-news.de\/de\/deutschland\/trump-zum-tod-von-chamenei-ich-habe-ihn-nun-zuerst-erwischt\/","title":{"rendered":"Trump zum Tod von Chamenei: &quot;Ich habe ihn nun zuerst erwischt&quot;"},"content":{"rendered":"<p><img decoding=\"async\" src=\"https:\/\/now-news.de\/de\/wp-content\/uploads\/sites\/3\/2026\/03\/69a56fc648fbef2b2e16e2da.jpg\" \/><\/p>\n<div class=\"Text-root Text-type_1 \">\n                Nach der eigenen Aussage von US-Pr\u00e4sident Donald Trump hat Iran zweimal versucht, ihn zu t\u00f6ten. Trump sei es jedoch gelungen, Ajatollah Ali Chamenei zuerst zu erwischen.\n            <\/div>\n<p><\/p>\n<div class=\"Text-root Text-type_5 ArticleView-text ViewText-root \">\n<p>Laut US-Pr\u00e4sident Donald Trump hat Iran zweimal versucht, ihn zu eliminieren. Dies erkl\u00e4rte das Staatsoberhaupt im Gespr\u00e4ch mit dem Journalisten der ABC News Jonathan Karl, wor\u00fcber dieser auf X (Twitter)\u00a0<a rel=\"nofollow noopener\" target=\"_blank\" href=\"https:\/\/x.com\/jonkarl\/status\/2028298372805714019?s=20\">berichtete<\/a>. Auf die Frage nach einem Kommentar zum Tod von Ajatollah Ali Chamenei antwortete Trump:<\/p>\n<blockquote>\n<p><em>&#8220;Ich habe ihn erwischt, bevor er mich erwischt hat. Sie haben es zweimal versucht. Ich habe ihn nun zuerst erwischt.&#8221;<\/em><\/p>\n<\/blockquote>\n<p>Damit wies Trump auf Informationen der US-Geheimdienste \u00fcber ein geplantes Attentat\u00a0im Jahr 2024 hin. Im November 2024 haben US-Beh\u00f6rden ein Strafverfahren gegen den mutma\u00dflichen Agenten der Islamischen Revolutionsgarde, Farhad Shakeri, und zwei US-amerikanische Staatsb\u00fcrger eingeleitet. Nach Angaben des FBI planten sie, Donald Trump im Vorfeld der US-Pr\u00e4sidentschaftswahl zu t\u00f6ten. Der iranische Pr\u00e4sident Massud Peseschkian wies die Vorw\u00fcrfe damals zur\u00fcck.<\/p>\n<p>In einem anderen Gespr\u00e4ch mit dem Journalisten\u00a0<a rel=\"nofollow noopener\" target=\"_blank\" href=\"https:\/\/x.com\/jonkarl\/status\/2028299468223676673?ref_src=twsrc%5Etfw%7Ctwcamp%5Etweetembed%7Ctwterm%5E2028299468223676673%7Ctwgr%5E3381e0e782114eb7b7fc820950c0ef4f47bf41a0%7Ctwcon%5Es1_&amp;ref_url=https%3A%2F%2Fwww.n-tv.de%2Fpolitik%2FUS-Regierung-toetete-eigene-Kandidaten-fuer-Chamenei-Nachfolge-id30419777.html\">hielt<\/a>\u00a0der US-Pr\u00e4sident den Angriff auf Iran f\u00fcr so erfolgreich, dass die meisten der Kandidaten f\u00fcr Chamenei-Nachfolge get\u00f6tet worden seien. Dabei meinte Trump die nach US-Einsch\u00e4tzung aussichtsreichen Nachfolger.<\/p>\n<p>Chamenei kam am 28. Februar bei den amerikanisch-israelischen Angriffen auf seine Residenz in Teheran ums Leben. Au\u00dfer Ajatollah wurden einige seiner Familienangeh\u00f6rigen get\u00f6tet.<\/p>\n<p><strong>Mehr zum Thema<\/strong> \u2013 <a rel=\"nofollow noopener\" target=\"_blank\" href=\"https:\/\/freedert.online\/nordamerika\/271708-pentagon-es-gab-keine-anzeichen\/\">Pentagon: Es gab keine Anzeichen, dass Iran die USA angreifen wollte<\/a><\/p>\n<div class=\"EmbedBlock-root EmbedBlock-externalVideo EmbedBlock-rumble\">\n<div class=\"VkEmbed\"><iframe class=\"lazyload\" data-src=\"https:\/\/rumble.com\/embed\/v74a944\" frameborder=\"0\" width=\"853\" height=\"480\" allowfullscreen><\/iframe><\/div>\n<\/div>\n<\/div>\n<p><br \/>\n<br \/><a href=\"https:\/\/de.rt.com\/international\/271719-trump-behauptet-iran-plante\/\">Source link <\/a><\/p>\n","protected":false},"excerpt":{"rendered":"<p>Nach der eigenen Aussage von US-Pr\u00e4sident Donald Trump hat Iran zweimal versucht, ihn zu t\u00f6ten. Trump sei es jedoch gelungen, Ajatollah Ali Chamenei zuerst zu erwischen. Laut US-Pr\u00e4sident Donald Trump hat Iran zweimal versucht, ihn zu eliminieren. Dies erkl\u00e4rte das Staatsoberhaupt im Gespr\u00e4ch mit dem Journalisten der ABC News Jonathan Karl, wor\u00fcber dieser auf X [&hellip;]<\/p>\n","protected":false},"author":3,"featured_media":99694,"comment_status":"open","ping_status":"open","sticky":false,"template":"","format":"standard","meta":{"_yoast_indexnow_last_ping":["1772457617"],"wp_automatic_camp":["217"],"7afcd7631d6abe3b112d99751a517309":["Trump zum Tod von Chamenei: &quot;Ich habe ihn nun zuerst erwischt&quot;"],"original_link":["https:\/\/de.rt.com\/international\/271719-trump-behauptet-iran-plante\/"],"_thumbnail_id":["99694"],"jnews_social_counter_last_update":["1777554848"],"_wptgpro_p2tg_sent2tg":["a:1:{i:23737;s:19:\"2026-03-02 15:21:20\";}"]},"categories":[19,23],"tags":[28558,71555,9899,6582,2121,7155,12077,1639,50,16021,565],"yoast_head":"<!-- This site is optimized with the Yoast SEO Premium plugin v22.7 (Yoast SEO v22.7) - https:\/\/yoast.com\/wordpress\/plugins\/seo\/ -->\n<title>Trump zum Tod von Chamenei: &quot;Ich habe ihn nun zuerst erwischt&quot; - just-now.NEWS Deutschland<\/title>\n<meta name=\"robots\" content=\"index, follow, max-snippet:-1, max-image-preview:large, max-video-preview:-1\" \/>\n<link rel=\"canonical\" href=\"https:\/\/now-news.de\/de\/deutschland\/trump-zum-tod-von-chamenei-ich-habe-ihn-nun-zuerst-erwischt\/\" \/>\n<meta property=\"og:locale\" content=\"de_DE\" \/>\n<meta property=\"og:type\" content=\"article\" \/>\n<meta property=\"og:title\" content=\"Trump zum Tod von Chamenei: &quot;Ich habe ihn nun zuerst erwischt&quot;\" \/>\n<meta property=\"og:description\" content=\"Nach der eigenen Aussage von US-Pr\u00e4sident Donald Trump hat Iran zweimal versucht, ihn zu t\u00f6ten. Trump sei es jedoch gelungen, Ajatollah Ali Chamenei zuerst zu erwischen. Laut US-Pr\u00e4sident Donald Trump hat Iran zweimal versucht, ihn zu eliminieren. Dies erkl\u00e4rte das Staatsoberhaupt im Gespr\u00e4ch mit dem Journalisten der ABC News Jonathan Karl, wor\u00fcber dieser auf X [&hellip;]\" \/>\n<meta property=\"og:url\" content=\"https:\/\/now-news.de\/de\/deutschland\/trump-zum-tod-von-chamenei-ich-habe-ihn-nun-zuerst-erwischt\/\" \/>\n<meta property=\"og:site_name\" content=\"just-now.NEWS Deutschland\" \/>\n<meta property=\"article:publisher\" content=\"https:\/\/www.facebook.com\/wirmachenauf\" \/>\n<meta property=\"article:published_time\" content=\"2026-03-02T13:07:30+00:00\" \/>\n<meta property=\"og:image\" content=\"https:\/\/now-news.de\/de\/wp-content\/uploads\/sites\/3\/2026\/03\/69a56fc648fbef2b2e16e2da.jpg\" \/>\n<meta name=\"author\" content=\"rtnews\" \/>\n<meta name=\"twitter:card\" content=\"summary_large_image\" \/>\n<meta name=\"twitter:creator\" content=\"@WirMachenAuf_de\" \/>\n<meta name=\"twitter:site\" content=\"@WirMachenAuf_de\" \/>\n<meta name=\"twitter:label1\" content=\"Verfasst von\" \/>\n\t<meta name=\"twitter:data1\" content=\"rtnews\" \/>\n\t<meta name=\"twitter:label2\" content=\"Gesch\u00e4tzte Lesezeit\" \/>\n\t<meta name=\"twitter:data2\" content=\"1\u00a0Minute\" \/>\n<script type=\"application\/ld+json\" class=\"yoast-schema-graph\">{\"@context\":\"https:\/\/schema.org\",\"@graph\":[{\"@type\":\"Article\",\"@id\":\"https:\/\/now-news.de\/de\/deutschland\/trump-zum-tod-von-chamenei-ich-habe-ihn-nun-zuerst-erwischt\/#article\",\"isPartOf\":{\"@id\":\"https:\/\/now-news.de\/de\/deutschland\/trump-zum-tod-von-chamenei-ich-habe-ihn-nun-zuerst-erwischt\/\"},\"author\":{\"name\":\"rtnews\",\"@id\":\"https:\/\/now-news.de\/de\/#\/schema\/person\/fb534a4e865501d8b3285208df34a9b5\"},\"headline\":\"Trump zum Tod von Chamenei: &quot;Ich habe ihn nun zuerst erwischt&quot;\",\"datePublished\":\"2026-03-02T13:07:30+00:00\",\"dateModified\":\"2026-03-02T13:07:30+00:00\",\"mainEntityOfPage\":{\"@id\":\"https:\/\/now-news.de\/de\/deutschland\/trump-zum-tod-von-chamenei-ich-habe-ihn-nun-zuerst-erwischt\/\"},\"wordCount\":259,\"commentCount\":0,\"publisher\":{\"@id\":\"https:\/\/now-news.de\/de\/#organization\"},\"image\":{\"@id\":\"https:\/\/now-news.de\/de\/deutschland\/trump-zum-tod-von-chamenei-ich-habe-ihn-nun-zuerst-erwischt\/#primaryimage\"},\"thumbnailUrl\":\"https:\/\/now-news.de\/de\/wp-content\/uploads\/sites\/3\/2026\/03\/Trump-zum-Tod-von-Chamenei-quotIch-habe-ihn-nun-zuerst.jpg\",\"keywords\":[\"Chamenei\",\"erwischtquot\",\"habe\",\"ihn\",\"nun\",\"quotIch\",\"Tod\",\"trump\",\"von\",\"zuerst\",\"zum\"],\"articleSection\":[\"Deutschland\",\"Russland\"],\"inLanguage\":\"de\",\"potentialAction\":[{\"@type\":\"CommentAction\",\"name\":\"Comment\",\"target\":[\"https:\/\/now-news.de\/de\/deutschland\/trump-zum-tod-von-chamenei-ich-habe-ihn-nun-zuerst-erwischt\/#respond\"]}]},{\"@type\":\"WebPage\",\"@id\":\"https:\/\/now-news.de\/de\/deutschland\/trump-zum-tod-von-chamenei-ich-habe-ihn-nun-zuerst-erwischt\/\",\"url\":\"https:\/\/now-news.de\/de\/deutschland\/trump-zum-tod-von-chamenei-ich-habe-ihn-nun-zuerst-erwischt\/\",\"name\":\"Trump zum Tod von Chamenei: &quot;Ich habe ihn nun zuerst erwischt&quot; - just-now.NEWS Deutschland\",\"isPartOf\":{\"@id\":\"https:\/\/now-news.de\/de\/#website\"},\"primaryImageOfPage\":{\"@id\":\"https:\/\/now-news.de\/de\/deutschland\/trump-zum-tod-von-chamenei-ich-habe-ihn-nun-zuerst-erwischt\/#primaryimage\"},\"image\":{\"@id\":\"https:\/\/now-news.de\/de\/deutschland\/trump-zum-tod-von-chamenei-ich-habe-ihn-nun-zuerst-erwischt\/#primaryimage\"},\"thumbnailUrl\":\"https:\/\/now-news.de\/de\/wp-content\/uploads\/sites\/3\/2026\/03\/Trump-zum-Tod-von-Chamenei-quotIch-habe-ihn-nun-zuerst.jpg\",\"datePublished\":\"2026-03-02T13:07:30+00:00\",\"dateModified\":\"2026-03-02T13:07:30+00:00\",\"breadcrumb\":{\"@id\":\"https:\/\/now-news.de\/de\/deutschland\/trump-zum-tod-von-chamenei-ich-habe-ihn-nun-zuerst-erwischt\/#breadcrumb\"},\"inLanguage\":\"de\",\"potentialAction\":[{\"@type\":\"ReadAction\",\"target\":[\"https:\/\/now-news.de\/de\/deutschland\/trump-zum-tod-von-chamenei-ich-habe-ihn-nun-zuerst-erwischt\/\"]}]},{\"@type\":\"ImageObject\",\"inLanguage\":\"de\",\"@id\":\"https:\/\/now-news.de\/de\/deutschland\/trump-zum-tod-von-chamenei-ich-habe-ihn-nun-zuerst-erwischt\/#primaryimage\",\"url\":\"https:\/\/now-news.de\/de\/wp-content\/uploads\/sites\/3\/2026\/03\/Trump-zum-Tod-von-Chamenei-quotIch-habe-ihn-nun-zuerst.jpg\",\"contentUrl\":\"https:\/\/now-news.de\/de\/wp-content\/uploads\/sites\/3\/2026\/03\/Trump-zum-Tod-von-Chamenei-quotIch-habe-ihn-nun-zuerst.jpg\",\"width\":460,\"height\":259,\"caption\":\"Trump zum Tod von Chamenei: &quot;Ich habe ihn nun zuerst erwischt&quot;\"},{\"@type\":\"BreadcrumbList\",\"@id\":\"https:\/\/now-news.de\/de\/deutschland\/trump-zum-tod-von-chamenei-ich-habe-ihn-nun-zuerst-erwischt\/#breadcrumb\",\"itemListElement\":[{\"@type\":\"ListItem\",\"position\":1,\"name\":\"Home\",\"item\":\"https:\/\/now-news.de\/de\/\"},{\"@type\":\"ListItem\",\"position\":2,\"name\":\"Trump zum Tod von Chamenei: &quot;Ich habe ihn nun zuerst erwischt&quot;\"}]},{\"@type\":\"WebSite\",\"@id\":\"https:\/\/now-news.de\/de\/#website\",\"url\":\"https:\/\/now-news.de\/de\/\",\"name\":\"just-now.NEWS Deutschland\",\"description\":\"Das Portal f\u00fcr unzensierte Nachrichten aus der Welt\",\"publisher\":{\"@id\":\"https:\/\/now-news.de\/de\/#organization\"},\"potentialAction\":[{\"@type\":\"SearchAction\",\"target\":{\"@type\":\"EntryPoint\",\"urlTemplate\":\"https:\/\/now-news.de\/de\/?s={search_term_string}\"},\"query-input\":\"required name=search_term_string\"}],\"inLanguage\":\"de\"},{\"@type\":\"Organization\",\"@id\":\"https:\/\/now-news.de\/de\/#organization\",\"name\":\"Just Now News\",\"url\":\"https:\/\/now-news.de\/de\/\",\"logo\":{\"@type\":\"ImageObject\",\"inLanguage\":\"de\",\"@id\":\"https:\/\/now-news.de\/de\/#\/schema\/logo\/image\/\",\"url\":\"http:\/\/just-now.news\/de\/wp-content\/uploads\/sites\/3\/2022\/04\/logo500x500.jpg\",\"contentUrl\":\"http:\/\/just-now.news\/de\/wp-content\/uploads\/sites\/3\/2022\/04\/logo500x500.jpg\",\"width\":500,\"height\":500,\"caption\":\"Just Now News\"},\"image\":{\"@id\":\"https:\/\/now-news.de\/de\/#\/schema\/logo\/image\/\"},\"sameAs\":[\"https:\/\/www.facebook.com\/wirmachenauf\",\"https:\/\/x.com\/WirMachenAuf_de\"]},{\"@type\":\"Person\",\"@id\":\"https:\/\/now-news.de\/de\/#\/schema\/person\/fb534a4e865501d8b3285208df34a9b5\",\"name\":\"rtnews\",\"image\":{\"@type\":\"ImageObject\",\"inLanguage\":\"de\",\"@id\":\"https:\/\/now-news.de\/de\/#\/schema\/person\/image\/\",\"url\":\"https:\/\/secure.gravatar.com\/avatar\/82aafea7d8127119dd649515f56e2117?s=96&d=mm&r=g\",\"contentUrl\":\"https:\/\/secure.gravatar.com\/avatar\/82aafea7d8127119dd649515f56e2117?s=96&d=mm&r=g\",\"caption\":\"rtnews\"},\"url\":\"https:\/\/now-news.de\/de\/author\/rnews\/\"}]}<\/script>\n<!-- \/ Yoast SEO Premium plugin. -->","yoast_head_json":{"title":"Trump zum Tod von Chamenei: &quot;Ich habe ihn nun zuerst erwischt&quot; - just-now.NEWS Deutschland","robots":{"index":"index","follow":"follow","max-snippet":"max-snippet:-1","max-image-preview":"max-image-preview:large","max-video-preview":"max-video-preview:-1"},"canonical":"https:\/\/now-news.de\/de\/deutschland\/trump-zum-tod-von-chamenei-ich-habe-ihn-nun-zuerst-erwischt\/","og_locale":"de_DE","og_type":"article","og_title":"Trump zum Tod von Chamenei: &quot;Ich habe ihn nun zuerst erwischt&quot;","og_description":"Nach der eigenen Aussage von US-Pr\u00e4sident Donald Trump hat Iran zweimal versucht, ihn zu t\u00f6ten. Trump sei es jedoch gelungen, Ajatollah Ali Chamenei zuerst zu erwischen. Laut US-Pr\u00e4sident Donald Trump hat Iran zweimal versucht, ihn zu eliminieren. Dies erkl\u00e4rte das Staatsoberhaupt im Gespr\u00e4ch mit dem Journalisten der ABC News Jonathan Karl, wor\u00fcber dieser auf X [&hellip;]","og_url":"https:\/\/now-news.de\/de\/deutschland\/trump-zum-tod-von-chamenei-ich-habe-ihn-nun-zuerst-erwischt\/","og_site_name":"just-now.NEWS Deutschland","article_publisher":"https:\/\/www.facebook.com\/wirmachenauf","article_published_time":"2026-03-02T13:07:30+00:00","og_image":[{"url":"https:\/\/now-news.de\/de\/wp-content\/uploads\/sites\/3\/2026\/03\/69a56fc648fbef2b2e16e2da.jpg"}],"author":"rtnews","twitter_card":"summary_large_image","twitter_creator":"@WirMachenAuf_de","twitter_site":"@WirMachenAuf_de","twitter_misc":{"Verfasst von":"rtnews","Gesch\u00e4tzte Lesezeit":"1\u00a0Minute"},"schema":{"@context":"https:\/\/schema.org","@graph":[{"@type":"Article","@id":"https:\/\/now-news.de\/de\/deutschland\/trump-zum-tod-von-chamenei-ich-habe-ihn-nun-zuerst-erwischt\/#article","isPartOf":{"@id":"https:\/\/now-news.de\/de\/deutschland\/trump-zum-tod-von-chamenei-ich-habe-ihn-nun-zuerst-erwischt\/"},"author":{"name":"rtnews","@id":"https:\/\/now-news.de\/de\/#\/schema\/person\/fb534a4e865501d8b3285208df34a9b5"},"headline":"Trump zum Tod von Chamenei: &quot;Ich habe ihn nun zuerst erwischt&quot;","datePublished":"2026-03-02T13:07:30+00:00","dateModified":"2026-03-02T13:07:30+00:00","mainEntityOfPage":{"@id":"https:\/\/now-news.de\/de\/deutschland\/trump-zum-tod-von-chamenei-ich-habe-ihn-nun-zuerst-erwischt\/"},"wordCount":259,"commentCount":0,"publisher":{"@id":"https:\/\/now-news.de\/de\/#organization"},"image":{"@id":"https:\/\/now-news.de\/de\/deutschland\/trump-zum-tod-von-chamenei-ich-habe-ihn-nun-zuerst-erwischt\/#primaryimage"},"thumbnailUrl":"https:\/\/now-news.de\/de\/wp-content\/uploads\/sites\/3\/2026\/03\/Trump-zum-Tod-von-Chamenei-quotIch-habe-ihn-nun-zuerst.jpg","keywords":["Chamenei","erwischtquot","habe","ihn","nun","quotIch","Tod","trump","von","zuerst","zum"],"articleSection":["Deutschland","Russland"],"inLanguage":"de","potentialAction":[{"@type":"CommentAction","name":"Comment","target":["https:\/\/now-news.de\/de\/deutschland\/trump-zum-tod-von-chamenei-ich-habe-ihn-nun-zuerst-erwischt\/#respond"]}]},{"@type":"WebPage","@id":"https:\/\/now-news.de\/de\/deutschland\/trump-zum-tod-von-chamenei-ich-habe-ihn-nun-zuerst-erwischt\/","url":"https:\/\/now-news.de\/de\/deutschland\/trump-zum-tod-von-chamenei-ich-habe-ihn-nun-zuerst-erwischt\/","name":"Trump zum Tod von Chamenei: &quot;Ich habe ihn nun zuerst erwischt&quot; - just-now.NEWS Deutschland","isPartOf":{"@id":"https:\/\/now-news.de\/de\/#website"},"primaryImageOfPage":{"@id":"https:\/\/now-news.de\/de\/deutschland\/trump-zum-tod-von-chamenei-ich-habe-ihn-nun-zuerst-erwischt\/#primaryimage"},"image":{"@id":"https:\/\/now-news.de\/de\/deutschland\/trump-zum-tod-von-chamenei-ich-habe-ihn-nun-zuerst-erwischt\/#primaryimage"},"thumbnailUrl":"https:\/\/now-news.de\/de\/wp-content\/uploads\/sites\/3\/2026\/03\/Trump-zum-Tod-von-Chamenei-quotIch-habe-ihn-nun-zuerst.jpg","datePublished":"2026-03-02T13:07:30+00:00","dateModified":"2026-03-02T13:07:30+00:00","breadcrumb":{"@id":"https:\/\/now-news.de\/de\/deutschland\/trump-zum-tod-von-chamenei-ich-habe-ihn-nun-zuerst-erwischt\/#breadcrumb"},"inLanguage":"de","potentialAction":[{"@type":"ReadAction","target":["https:\/\/now-news.de\/de\/deutschland\/trump-zum-tod-von-chamenei-ich-habe-ihn-nun-zuerst-erwischt\/"]}]},{"@type":"ImageObject","inLanguage":"de","@id":"https:\/\/now-news.de\/de\/deutschland\/trump-zum-tod-von-chamenei-ich-habe-ihn-nun-zuerst-erwischt\/#primaryimage","url":"https:\/\/now-news.de\/de\/wp-content\/uploads\/sites\/3\/2026\/03\/Trump-zum-Tod-von-Chamenei-quotIch-habe-ihn-nun-zuerst.jpg","contentUrl":"https:\/\/now-news.de\/de\/wp-content\/uploads\/sites\/3\/2026\/03\/Trump-zum-Tod-von-Chamenei-quotIch-habe-ihn-nun-zuerst.jpg","width":460,"height":259,"caption":"Trump zum Tod von Chamenei: &quot;Ich habe ihn nun zuerst erwischt&quot;"},{"@type":"BreadcrumbList","@id":"https:\/\/now-news.de\/de\/deutschland\/trump-zum-tod-von-chamenei-ich-habe-ihn-nun-zuerst-erwischt\/#breadcrumb","itemListElement":[{"@type":"ListItem","position":1,"name":"Home","item":"https:\/\/now-news.de\/de\/"},{"@type":"ListItem","position":2,"name":"Trump zum Tod von Chamenei: &quot;Ich habe ihn nun zuerst erwischt&quot;"}]},{"@type":"WebSite","@id":"https:\/\/now-news.de\/de\/#website","url":"https:\/\/now-news.de\/de\/","name":"just-now.NEWS Deutschland","description":"Das Portal f\u00fcr unzensierte Nachrichten aus der Welt","publisher":{"@id":"https:\/\/now-news.de\/de\/#organization"},"potentialAction":[{"@type":"SearchAction","target":{"@type":"EntryPoint","urlTemplate":"https:\/\/now-news.de\/de\/?s={search_term_string}"},"query-input":"required name=search_term_string"}],"inLanguage":"de"},{"@type":"Organization","@id":"https:\/\/now-news.de\/de\/#organization","name":"Just Now News","url":"https:\/\/now-news.de\/de\/","logo":{"@type":"ImageObject","inLanguage":"de","@id":"https:\/\/now-news.de\/de\/#\/schema\/logo\/image\/","url":"http:\/\/just-now.news\/de\/wp-content\/uploads\/sites\/3\/2022\/04\/logo500x500.jpg","contentUrl":"http:\/\/just-now.news\/de\/wp-content\/uploads\/sites\/3\/2022\/04\/logo500x500.jpg","width":500,"height":500,"caption":"Just Now News"},"image":{"@id":"https:\/\/now-news.de\/de\/#\/schema\/logo\/image\/"},"sameAs":["https:\/\/www.facebook.com\/wirmachenauf","https:\/\/x.com\/WirMachenAuf_de"]},{"@type":"Person","@id":"https:\/\/now-news.de\/de\/#\/schema\/person\/fb534a4e865501d8b3285208df34a9b5","name":"rtnews","image":{"@type":"ImageObject","inLanguage":"de","@id":"https:\/\/now-news.de\/de\/#\/schema\/person\/image\/","url":"https:\/\/secure.gravatar.com\/avatar\/82aafea7d8127119dd649515f56e2117?s=96&d=mm&r=g","contentUrl":"https:\/\/secure.gravatar.com\/avatar\/82aafea7d8127119dd649515f56e2117?s=96&d=mm&r=g","caption":"rtnews"},"url":"https:\/\/now-news.de\/de\/author\/rnews\/"}]}},"_links":{"self":[{"href":"https:\/\/now-news.de\/de\/wp-json\/wp\/v2\/posts\/99693"}],"collection":[{"href":"https:\/\/now-news.de\/de\/wp-json\/wp\/v2\/posts"}],"about":[{"href":"https:\/\/now-news.de\/de\/wp-json\/wp\/v2\/types\/post"}],"author":[{"embeddable":true,"href":"https:\/\/now-news.de\/de\/wp-json\/wp\/v2\/users\/3"}],"replies":[{"embeddable":true,"href":"https:\/\/now-news.de\/de\/wp-json\/wp\/v2\/comments?post=99693"}],"version-history":[{"count":0,"href":"https:\/\/now-news.de\/de\/wp-json\/wp\/v2\/posts\/99693\/revisions"}],"wp:featuredmedia":[{"embeddable":true,"href":"https:\/\/now-news.de\/de\/wp-json\/wp\/v2\/media\/99694"}],"wp:attachment":[{"href":"https:\/\/now-news.de\/de\/wp-json\/wp\/v2\/media?parent=99693"}],"wp:term":[{"taxonomy":"category","embeddable":true,"href":"https:\/\/now-news.de\/de\/wp-json\/wp\/v2\/categories?post=99693"},{"taxonomy":"post_tag","embeddable":true,"href":"https:\/\/now-news.de\/de\/wp-json\/wp\/v2\/tags?post=99693"}],"curies":[{"name":"wp","href":"https:\/\/api.w.org\/{rel}","templated":true}]}}