{"id":99677,"date":"2026-03-02T09:49:55","date_gmt":"2026-03-02T07:49:55","guid":{"rendered":"https:\/\/now-news.de\/de\/deutschland\/islamabad-afghanische-verluste-bei-juengster-eskalation-nahe-1-000\/"},"modified":"2026-03-02T09:49:55","modified_gmt":"2026-03-02T07:49:55","slug":"islamabad-afghanische-verluste-bei-juengster-eskalation-nahe-1-000","status":"publish","type":"post","link":"https:\/\/now-news.de\/de\/deutschland\/islamabad-afghanische-verluste-bei-juengster-eskalation-nahe-1-000\/","title":{"rendered":"Islamabad: Afghanische Verluste bei j\u00fcngster Eskalation nahe 1.000"},"content":{"rendered":"<p><img decoding=\"async\" src=\"https:\/\/now-news.de\/de\/wp-content\/uploads\/sites\/3\/2026\/03\/69a531f1b480cc61fe564d54.jpg\" \/><\/p>\n<div class=\"Text-root Text-type_1 \">\n                Der Konflikt zwischen Afghanistan und Pakistan brodelt weiter. Ihm fallen immer mehr Menschen, darunter auch Zivilisten, zum Opfer. Auf afghanischer Seite soll die Zahl der Opfer schon fast die 1000er-Marke erreicht haben.\n            <\/div>\n<p><\/p>\n<div class=\"Text-root Text-type_5 ArticleView-text ViewText-root \">\n<p>Afghanistans Streitkr\u00e4fte h\u00e4tten bei der j\u00fcngsten Eskalation des Grenzkonflikts mit Pakistan Verluste von fast 1.000 Mann erlitten, wie Beamte in Islamabad behaupten.<\/p>\n<p>Informationsminister Attaullah Tarar verk\u00fcndete, dass seit Donnerstag mindestens 415 Taliban-K\u00e4mpfer und verb\u00fcndete Militante bei Luftangriffen und Zusammenst\u00f6\u00dfen get\u00f6tet und mehr als 580 verletzt worden seien. Er teilte die Zahlen in einem Beitrag auf X mit.<\/p>\n<p>Der Minister gab au\u00dferdem an, dass 182 afghanische Kontrollpunkte sowie 185 Panzer, gepanzerte Fahrzeuge und Artilleriegesch\u00fctze zerst\u00f6rt worden seien, wobei Luftangriffe auf 46 Orte im ganzen Land gerichtet gewesen seien.<\/p>\n<p>Kabul hat sich zu den von Tarar genannten Zahlen nicht ge\u00e4u\u00dfert. Der Sprecher der afghanischen Regierung, Hamdullah Fitrat, behauptete am Samstag, dass bei den dreit\u00e4gigen Grenzkonflikten 78 Menschen ums Leben gekommen seien, darunter 12 pakistanische Soldaten und ein Zivilist sowie 13 afghanische Soldaten und 52 afghanische Zivilisten, \u00fcberwiegend Frauen und Kinder. Die Opfer seien in den Provinzen Paktika, Khost, Kunar, Nangarhar und Kandahar zu beklagen, erkl\u00e4rte er in separaten Stellungnahmen auf X.<\/p>\n<p>Die Zahlen beider Seiten konnten nicht unabh\u00e4ngig \u00fcberpr\u00fcft werden.<\/p>\n<p>Pakistan hat am fr\u00fchen Freitagmorgen schwere Artillerie- und Luftangriffe auf seinen westlichen Nachbarn gestartet, als Reaktion darauf, dass afghanische Taliban-Kr\u00e4fte am Vortag pakistanische Grenzposten beschossen und zwei Soldaten get\u00f6tet hatten.<\/p>\n<p>Kabul bezeichnete die grenz\u00fcberschreitenden Angriffe als &#8220;Vergeltungsma\u00dfnahmen&#8221; f\u00fcr die pakistanischen Luftangriffe vom vergangenen Sonntag. Der pakistanische Verteidigungsminister Khawaja Asif bezeichnete die Eskalation sp\u00e4ter als &#8220;offenen Krieg&#8221; und warf der afghanischen Taliban-Regierung vor, &#8220;Terrorismus zu exportieren&#8221;.<\/p>\n<p>Die Beziehungen zwischen den Nachbarl\u00e4ndern haben sich seit der R\u00fcckkehr der Taliban an die Macht im Jahr 2021 nach dem Abzug der USA stetig verschlechtert. Seit M\u00e4rz 2024 kam es immer h\u00e4ufiger zu Grenzkonflikten, die im Oktober 2025 ihren H\u00f6hepunkt erreichten, als die pakistanische Armee w\u00e4hrend Gefechten mit Taliban-Kr\u00e4ften 19 afghanische Grenzposten einnahm.<\/p>\n<p>Die Beziehungen haben sich in den letzten Monaten weiter verschlechtert, da Pakistan militante Gruppen beschuldigt, mit Unterst\u00fctzung der Taliban-Regierung vom afghanischen Territorium aus zu operieren \u2013 eine Behauptung, die Kabul zur\u00fcckweist. Pakistan hat Afghanistan zudem vorgeworfen, seine milit\u00e4rischen und politischen Beziehungen zu Indien auf Kosten Islamabads auszubauen, w\u00e4hrend Kabul darauf besteht, dass es das Recht habe, Beziehungen zu jedem Land zu unterhalten.<\/p>\n<p><strong>Mehr zum Thema<\/strong> \u2013\u00a0<a rel=\"nofollow noopener\" target=\"_blank\" href=\"https:\/\/freedert.online\/asien\/271431-sind-pakistans-raketen-in-lage\/\">Sind Pakistans Raketen in der Lage, all seine Gegner zu treffen? <\/a><\/p>\n<div class=\"EmbedBlock-root EmbedBlock-externalVideo EmbedBlock-rumble\">\n<div class=\"VkEmbed\"><iframe class=\"lazyload\" data-src=\"https:\/\/rumble.com\/embed\/v74645g\" frameborder=\"0\" width=\"853\" height=\"480\" allowfullscreen><\/iframe><\/div>\n<\/div>\n<\/div>\n<p><br \/>\n<br \/><a href=\"https:\/\/de.rt.com\/asien\/271690-islamabad-afghanische-verluste-bei-juengster\/\">Source link <\/a><\/p>\n","protected":false},"excerpt":{"rendered":"<p>Der Konflikt zwischen Afghanistan und Pakistan brodelt weiter. Ihm fallen immer mehr Menschen, darunter auch Zivilisten, zum Opfer. Auf afghanischer Seite soll die Zahl der Opfer schon fast die 1000er-Marke erreicht haben. Afghanistans Streitkr\u00e4fte h\u00e4tten bei der j\u00fcngsten Eskalation des Grenzkonflikts mit Pakistan Verluste von fast 1.000 Mann erlitten, wie Beamte in Islamabad behaupten. Informationsminister [&hellip;]<\/p>\n","protected":false},"author":3,"featured_media":99678,"comment_status":"open","ping_status":"open","sticky":false,"template":"","format":"standard","meta":{"_yoast_indexnow_last_ping":["1772438325"],"wp_automatic_camp":["217"],"d751c450f10ef75a87fe10e2d6fa49ac":["Islamabad: Afghanische Verluste bei j\u00fcngster Eskalation nahe 1.000"],"original_link":["https:\/\/de.rt.com\/asien\/271690-islamabad-afghanische-verluste-bei-juengster\/"],"_thumbnail_id":["99678"],"jnews_social_counter_last_update":["1777392888"],"_wptgpro_p2tg_sent2tg":["a:1:{i:23737;s:19:\"2026-03-02 09:59:52\";}"]},"categories":[19,23],"tags":[10622,363,582,17424,20560,1817,3385],"yoast_head":"<!-- This site is optimized with the Yoast SEO Premium plugin v22.7 (Yoast SEO v22.7) - https:\/\/yoast.com\/wordpress\/plugins\/seo\/ -->\n<title>Islamabad: Afghanische Verluste bei j\u00fcngster Eskalation nahe 1.000 - just-now.NEWS Deutschland<\/title>\n<meta name=\"robots\" content=\"index, follow, max-snippet:-1, max-image-preview:large, max-video-preview:-1\" \/>\n<link rel=\"canonical\" href=\"https:\/\/now-news.de\/de\/deutschland\/islamabad-afghanische-verluste-bei-juengster-eskalation-nahe-1-000\/\" \/>\n<meta property=\"og:locale\" content=\"de_DE\" \/>\n<meta property=\"og:type\" content=\"article\" \/>\n<meta property=\"og:title\" content=\"Islamabad: Afghanische Verluste bei j\u00fcngster Eskalation nahe 1.000\" \/>\n<meta property=\"og:description\" content=\"Der Konflikt zwischen Afghanistan und Pakistan brodelt weiter. Ihm fallen immer mehr Menschen, darunter auch Zivilisten, zum Opfer. Auf afghanischer Seite soll die Zahl der Opfer schon fast die 1000er-Marke erreicht haben. Afghanistans Streitkr\u00e4fte h\u00e4tten bei der j\u00fcngsten Eskalation des Grenzkonflikts mit Pakistan Verluste von fast 1.000 Mann erlitten, wie Beamte in Islamabad behaupten. Informationsminister [&hellip;]\" \/>\n<meta property=\"og:url\" content=\"https:\/\/now-news.de\/de\/deutschland\/islamabad-afghanische-verluste-bei-juengster-eskalation-nahe-1-000\/\" \/>\n<meta property=\"og:site_name\" content=\"just-now.NEWS Deutschland\" \/>\n<meta property=\"article:publisher\" content=\"https:\/\/www.facebook.com\/wirmachenauf\" \/>\n<meta property=\"article:published_time\" content=\"2026-03-02T07:49:55+00:00\" \/>\n<meta property=\"og:image\" content=\"https:\/\/now-news.de\/de\/wp-content\/uploads\/sites\/3\/2026\/03\/69a531f1b480cc61fe564d54.jpg\" \/>\n<meta name=\"author\" content=\"rtnews\" \/>\n<meta name=\"twitter:card\" content=\"summary_large_image\" \/>\n<meta name=\"twitter:creator\" content=\"@WirMachenAuf_de\" \/>\n<meta name=\"twitter:site\" content=\"@WirMachenAuf_de\" \/>\n<meta name=\"twitter:label1\" content=\"Verfasst von\" \/>\n\t<meta name=\"twitter:data1\" content=\"rtnews\" \/>\n\t<meta name=\"twitter:label2\" content=\"Gesch\u00e4tzte Lesezeit\" \/>\n\t<meta name=\"twitter:data2\" content=\"2\u00a0Minuten\" \/>\n<script type=\"application\/ld+json\" class=\"yoast-schema-graph\">{\"@context\":\"https:\/\/schema.org\",\"@graph\":[{\"@type\":\"Article\",\"@id\":\"https:\/\/now-news.de\/de\/deutschland\/islamabad-afghanische-verluste-bei-juengster-eskalation-nahe-1-000\/#article\",\"isPartOf\":{\"@id\":\"https:\/\/now-news.de\/de\/deutschland\/islamabad-afghanische-verluste-bei-juengster-eskalation-nahe-1-000\/\"},\"author\":{\"name\":\"rtnews\",\"@id\":\"https:\/\/now-news.de\/de\/#\/schema\/person\/fb534a4e865501d8b3285208df34a9b5\"},\"headline\":\"Islamabad: Afghanische Verluste bei j\u00fcngster Eskalation nahe 1.000\",\"datePublished\":\"2026-03-02T07:49:55+00:00\",\"dateModified\":\"2026-03-02T07:49:55+00:00\",\"mainEntityOfPage\":{\"@id\":\"https:\/\/now-news.de\/de\/deutschland\/islamabad-afghanische-verluste-bei-juengster-eskalation-nahe-1-000\/\"},\"wordCount\":425,\"commentCount\":0,\"publisher\":{\"@id\":\"https:\/\/now-news.de\/de\/#organization\"},\"image\":{\"@id\":\"https:\/\/now-news.de\/de\/deutschland\/islamabad-afghanische-verluste-bei-juengster-eskalation-nahe-1-000\/#primaryimage\"},\"thumbnailUrl\":\"https:\/\/now-news.de\/de\/wp-content\/uploads\/sites\/3\/2026\/03\/Islamabad-Afghanische-Verluste-bei-juengster-Eskalation-nahe-1000.jpg\",\"keywords\":[\"Afghanische\",\"bei\",\"Eskalation\",\"Islamabad\",\"J\u00fcngster\",\"nahe\",\"Verluste\"],\"articleSection\":[\"Deutschland\",\"Russland\"],\"inLanguage\":\"de\",\"potentialAction\":[{\"@type\":\"CommentAction\",\"name\":\"Comment\",\"target\":[\"https:\/\/now-news.de\/de\/deutschland\/islamabad-afghanische-verluste-bei-juengster-eskalation-nahe-1-000\/#respond\"]}]},{\"@type\":\"WebPage\",\"@id\":\"https:\/\/now-news.de\/de\/deutschland\/islamabad-afghanische-verluste-bei-juengster-eskalation-nahe-1-000\/\",\"url\":\"https:\/\/now-news.de\/de\/deutschland\/islamabad-afghanische-verluste-bei-juengster-eskalation-nahe-1-000\/\",\"name\":\"Islamabad: Afghanische Verluste bei j\u00fcngster Eskalation nahe 1.000 - just-now.NEWS Deutschland\",\"isPartOf\":{\"@id\":\"https:\/\/now-news.de\/de\/#website\"},\"primaryImageOfPage\":{\"@id\":\"https:\/\/now-news.de\/de\/deutschland\/islamabad-afghanische-verluste-bei-juengster-eskalation-nahe-1-000\/#primaryimage\"},\"image\":{\"@id\":\"https:\/\/now-news.de\/de\/deutschland\/islamabad-afghanische-verluste-bei-juengster-eskalation-nahe-1-000\/#primaryimage\"},\"thumbnailUrl\":\"https:\/\/now-news.de\/de\/wp-content\/uploads\/sites\/3\/2026\/03\/Islamabad-Afghanische-Verluste-bei-juengster-Eskalation-nahe-1000.jpg\",\"datePublished\":\"2026-03-02T07:49:55+00:00\",\"dateModified\":\"2026-03-02T07:49:55+00:00\",\"breadcrumb\":{\"@id\":\"https:\/\/now-news.de\/de\/deutschland\/islamabad-afghanische-verluste-bei-juengster-eskalation-nahe-1-000\/#breadcrumb\"},\"inLanguage\":\"de\",\"potentialAction\":[{\"@type\":\"ReadAction\",\"target\":[\"https:\/\/now-news.de\/de\/deutschland\/islamabad-afghanische-verluste-bei-juengster-eskalation-nahe-1-000\/\"]}]},{\"@type\":\"ImageObject\",\"inLanguage\":\"de\",\"@id\":\"https:\/\/now-news.de\/de\/deutschland\/islamabad-afghanische-verluste-bei-juengster-eskalation-nahe-1-000\/#primaryimage\",\"url\":\"https:\/\/now-news.de\/de\/wp-content\/uploads\/sites\/3\/2026\/03\/Islamabad-Afghanische-Verluste-bei-juengster-Eskalation-nahe-1000.jpg\",\"contentUrl\":\"https:\/\/now-news.de\/de\/wp-content\/uploads\/sites\/3\/2026\/03\/Islamabad-Afghanische-Verluste-bei-juengster-Eskalation-nahe-1000.jpg\",\"width\":460,\"height\":259,\"caption\":\"Islamabad: Afghanische Verluste bei j\u00fcngster Eskalation nahe 1.000\"},{\"@type\":\"BreadcrumbList\",\"@id\":\"https:\/\/now-news.de\/de\/deutschland\/islamabad-afghanische-verluste-bei-juengster-eskalation-nahe-1-000\/#breadcrumb\",\"itemListElement\":[{\"@type\":\"ListItem\",\"position\":1,\"name\":\"Home\",\"item\":\"https:\/\/now-news.de\/de\/\"},{\"@type\":\"ListItem\",\"position\":2,\"name\":\"Islamabad: Afghanische Verluste bei j\u00fcngster Eskalation nahe 1.000\"}]},{\"@type\":\"WebSite\",\"@id\":\"https:\/\/now-news.de\/de\/#website\",\"url\":\"https:\/\/now-news.de\/de\/\",\"name\":\"just-now.NEWS Deutschland\",\"description\":\"Das Portal f\u00fcr unzensierte Nachrichten aus der Welt\",\"publisher\":{\"@id\":\"https:\/\/now-news.de\/de\/#organization\"},\"potentialAction\":[{\"@type\":\"SearchAction\",\"target\":{\"@type\":\"EntryPoint\",\"urlTemplate\":\"https:\/\/now-news.de\/de\/?s={search_term_string}\"},\"query-input\":\"required name=search_term_string\"}],\"inLanguage\":\"de\"},{\"@type\":\"Organization\",\"@id\":\"https:\/\/now-news.de\/de\/#organization\",\"name\":\"Just Now News\",\"url\":\"https:\/\/now-news.de\/de\/\",\"logo\":{\"@type\":\"ImageObject\",\"inLanguage\":\"de\",\"@id\":\"https:\/\/now-news.de\/de\/#\/schema\/logo\/image\/\",\"url\":\"http:\/\/just-now.news\/de\/wp-content\/uploads\/sites\/3\/2022\/04\/logo500x500.jpg\",\"contentUrl\":\"http:\/\/just-now.news\/de\/wp-content\/uploads\/sites\/3\/2022\/04\/logo500x500.jpg\",\"width\":500,\"height\":500,\"caption\":\"Just Now News\"},\"image\":{\"@id\":\"https:\/\/now-news.de\/de\/#\/schema\/logo\/image\/\"},\"sameAs\":[\"https:\/\/www.facebook.com\/wirmachenauf\",\"https:\/\/x.com\/WirMachenAuf_de\"]},{\"@type\":\"Person\",\"@id\":\"https:\/\/now-news.de\/de\/#\/schema\/person\/fb534a4e865501d8b3285208df34a9b5\",\"name\":\"rtnews\",\"image\":{\"@type\":\"ImageObject\",\"inLanguage\":\"de\",\"@id\":\"https:\/\/now-news.de\/de\/#\/schema\/person\/image\/\",\"url\":\"https:\/\/secure.gravatar.com\/avatar\/82aafea7d8127119dd649515f56e2117?s=96&d=mm&r=g\",\"contentUrl\":\"https:\/\/secure.gravatar.com\/avatar\/82aafea7d8127119dd649515f56e2117?s=96&d=mm&r=g\",\"caption\":\"rtnews\"},\"url\":\"https:\/\/now-news.de\/de\/author\/rnews\/\"}]}<\/script>\n<!-- \/ Yoast SEO Premium plugin. -->","yoast_head_json":{"title":"Islamabad: Afghanische Verluste bei j\u00fcngster Eskalation nahe 1.000 - just-now.NEWS Deutschland","robots":{"index":"index","follow":"follow","max-snippet":"max-snippet:-1","max-image-preview":"max-image-preview:large","max-video-preview":"max-video-preview:-1"},"canonical":"https:\/\/now-news.de\/de\/deutschland\/islamabad-afghanische-verluste-bei-juengster-eskalation-nahe-1-000\/","og_locale":"de_DE","og_type":"article","og_title":"Islamabad: Afghanische Verluste bei j\u00fcngster Eskalation nahe 1.000","og_description":"Der Konflikt zwischen Afghanistan und Pakistan brodelt weiter. Ihm fallen immer mehr Menschen, darunter auch Zivilisten, zum Opfer. Auf afghanischer Seite soll die Zahl der Opfer schon fast die 1000er-Marke erreicht haben. Afghanistans Streitkr\u00e4fte h\u00e4tten bei der j\u00fcngsten Eskalation des Grenzkonflikts mit Pakistan Verluste von fast 1.000 Mann erlitten, wie Beamte in Islamabad behaupten. Informationsminister [&hellip;]","og_url":"https:\/\/now-news.de\/de\/deutschland\/islamabad-afghanische-verluste-bei-juengster-eskalation-nahe-1-000\/","og_site_name":"just-now.NEWS Deutschland","article_publisher":"https:\/\/www.facebook.com\/wirmachenauf","article_published_time":"2026-03-02T07:49:55+00:00","og_image":[{"url":"https:\/\/now-news.de\/de\/wp-content\/uploads\/sites\/3\/2026\/03\/69a531f1b480cc61fe564d54.jpg"}],"author":"rtnews","twitter_card":"summary_large_image","twitter_creator":"@WirMachenAuf_de","twitter_site":"@WirMachenAuf_de","twitter_misc":{"Verfasst von":"rtnews","Gesch\u00e4tzte Lesezeit":"2\u00a0Minuten"},"schema":{"@context":"https:\/\/schema.org","@graph":[{"@type":"Article","@id":"https:\/\/now-news.de\/de\/deutschland\/islamabad-afghanische-verluste-bei-juengster-eskalation-nahe-1-000\/#article","isPartOf":{"@id":"https:\/\/now-news.de\/de\/deutschland\/islamabad-afghanische-verluste-bei-juengster-eskalation-nahe-1-000\/"},"author":{"name":"rtnews","@id":"https:\/\/now-news.de\/de\/#\/schema\/person\/fb534a4e865501d8b3285208df34a9b5"},"headline":"Islamabad: Afghanische Verluste bei j\u00fcngster Eskalation nahe 1.000","datePublished":"2026-03-02T07:49:55+00:00","dateModified":"2026-03-02T07:49:55+00:00","mainEntityOfPage":{"@id":"https:\/\/now-news.de\/de\/deutschland\/islamabad-afghanische-verluste-bei-juengster-eskalation-nahe-1-000\/"},"wordCount":425,"commentCount":0,"publisher":{"@id":"https:\/\/now-news.de\/de\/#organization"},"image":{"@id":"https:\/\/now-news.de\/de\/deutschland\/islamabad-afghanische-verluste-bei-juengster-eskalation-nahe-1-000\/#primaryimage"},"thumbnailUrl":"https:\/\/now-news.de\/de\/wp-content\/uploads\/sites\/3\/2026\/03\/Islamabad-Afghanische-Verluste-bei-juengster-Eskalation-nahe-1000.jpg","keywords":["Afghanische","bei","Eskalation","Islamabad","J\u00fcngster","nahe","Verluste"],"articleSection":["Deutschland","Russland"],"inLanguage":"de","potentialAction":[{"@type":"CommentAction","name":"Comment","target":["https:\/\/now-news.de\/de\/deutschland\/islamabad-afghanische-verluste-bei-juengster-eskalation-nahe-1-000\/#respond"]}]},{"@type":"WebPage","@id":"https:\/\/now-news.de\/de\/deutschland\/islamabad-afghanische-verluste-bei-juengster-eskalation-nahe-1-000\/","url":"https:\/\/now-news.de\/de\/deutschland\/islamabad-afghanische-verluste-bei-juengster-eskalation-nahe-1-000\/","name":"Islamabad: Afghanische Verluste bei j\u00fcngster Eskalation nahe 1.000 - just-now.NEWS Deutschland","isPartOf":{"@id":"https:\/\/now-news.de\/de\/#website"},"primaryImageOfPage":{"@id":"https:\/\/now-news.de\/de\/deutschland\/islamabad-afghanische-verluste-bei-juengster-eskalation-nahe-1-000\/#primaryimage"},"image":{"@id":"https:\/\/now-news.de\/de\/deutschland\/islamabad-afghanische-verluste-bei-juengster-eskalation-nahe-1-000\/#primaryimage"},"thumbnailUrl":"https:\/\/now-news.de\/de\/wp-content\/uploads\/sites\/3\/2026\/03\/Islamabad-Afghanische-Verluste-bei-juengster-Eskalation-nahe-1000.jpg","datePublished":"2026-03-02T07:49:55+00:00","dateModified":"2026-03-02T07:49:55+00:00","breadcrumb":{"@id":"https:\/\/now-news.de\/de\/deutschland\/islamabad-afghanische-verluste-bei-juengster-eskalation-nahe-1-000\/#breadcrumb"},"inLanguage":"de","potentialAction":[{"@type":"ReadAction","target":["https:\/\/now-news.de\/de\/deutschland\/islamabad-afghanische-verluste-bei-juengster-eskalation-nahe-1-000\/"]}]},{"@type":"ImageObject","inLanguage":"de","@id":"https:\/\/now-news.de\/de\/deutschland\/islamabad-afghanische-verluste-bei-juengster-eskalation-nahe-1-000\/#primaryimage","url":"https:\/\/now-news.de\/de\/wp-content\/uploads\/sites\/3\/2026\/03\/Islamabad-Afghanische-Verluste-bei-juengster-Eskalation-nahe-1000.jpg","contentUrl":"https:\/\/now-news.de\/de\/wp-content\/uploads\/sites\/3\/2026\/03\/Islamabad-Afghanische-Verluste-bei-juengster-Eskalation-nahe-1000.jpg","width":460,"height":259,"caption":"Islamabad: Afghanische Verluste bei j\u00fcngster Eskalation nahe 1.000"},{"@type":"BreadcrumbList","@id":"https:\/\/now-news.de\/de\/deutschland\/islamabad-afghanische-verluste-bei-juengster-eskalation-nahe-1-000\/#breadcrumb","itemListElement":[{"@type":"ListItem","position":1,"name":"Home","item":"https:\/\/now-news.de\/de\/"},{"@type":"ListItem","position":2,"name":"Islamabad: Afghanische Verluste bei j\u00fcngster Eskalation nahe 1.000"}]},{"@type":"WebSite","@id":"https:\/\/now-news.de\/de\/#website","url":"https:\/\/now-news.de\/de\/","name":"just-now.NEWS Deutschland","description":"Das Portal f\u00fcr unzensierte Nachrichten aus der Welt","publisher":{"@id":"https:\/\/now-news.de\/de\/#organization"},"potentialAction":[{"@type":"SearchAction","target":{"@type":"EntryPoint","urlTemplate":"https:\/\/now-news.de\/de\/?s={search_term_string}"},"query-input":"required name=search_term_string"}],"inLanguage":"de"},{"@type":"Organization","@id":"https:\/\/now-news.de\/de\/#organization","name":"Just Now News","url":"https:\/\/now-news.de\/de\/","logo":{"@type":"ImageObject","inLanguage":"de","@id":"https:\/\/now-news.de\/de\/#\/schema\/logo\/image\/","url":"http:\/\/just-now.news\/de\/wp-content\/uploads\/sites\/3\/2022\/04\/logo500x500.jpg","contentUrl":"http:\/\/just-now.news\/de\/wp-content\/uploads\/sites\/3\/2022\/04\/logo500x500.jpg","width":500,"height":500,"caption":"Just Now News"},"image":{"@id":"https:\/\/now-news.de\/de\/#\/schema\/logo\/image\/"},"sameAs":["https:\/\/www.facebook.com\/wirmachenauf","https:\/\/x.com\/WirMachenAuf_de"]},{"@type":"Person","@id":"https:\/\/now-news.de\/de\/#\/schema\/person\/fb534a4e865501d8b3285208df34a9b5","name":"rtnews","image":{"@type":"ImageObject","inLanguage":"de","@id":"https:\/\/now-news.de\/de\/#\/schema\/person\/image\/","url":"https:\/\/secure.gravatar.com\/avatar\/82aafea7d8127119dd649515f56e2117?s=96&d=mm&r=g","contentUrl":"https:\/\/secure.gravatar.com\/avatar\/82aafea7d8127119dd649515f56e2117?s=96&d=mm&r=g","caption":"rtnews"},"url":"https:\/\/now-news.de\/de\/author\/rnews\/"}]}},"_links":{"self":[{"href":"https:\/\/now-news.de\/de\/wp-json\/wp\/v2\/posts\/99677"}],"collection":[{"href":"https:\/\/now-news.de\/de\/wp-json\/wp\/v2\/posts"}],"about":[{"href":"https:\/\/now-news.de\/de\/wp-json\/wp\/v2\/types\/post"}],"author":[{"embeddable":true,"href":"https:\/\/now-news.de\/de\/wp-json\/wp\/v2\/users\/3"}],"replies":[{"embeddable":true,"href":"https:\/\/now-news.de\/de\/wp-json\/wp\/v2\/comments?post=99677"}],"version-history":[{"count":0,"href":"https:\/\/now-news.de\/de\/wp-json\/wp\/v2\/posts\/99677\/revisions"}],"wp:featuredmedia":[{"embeddable":true,"href":"https:\/\/now-news.de\/de\/wp-json\/wp\/v2\/media\/99678"}],"wp:attachment":[{"href":"https:\/\/now-news.de\/de\/wp-json\/wp\/v2\/media?parent=99677"}],"wp:term":[{"taxonomy":"category","embeddable":true,"href":"https:\/\/now-news.de\/de\/wp-json\/wp\/v2\/categories?post=99677"},{"taxonomy":"post_tag","embeddable":true,"href":"https:\/\/now-news.de\/de\/wp-json\/wp\/v2\/tags?post=99677"}],"curies":[{"name":"wp","href":"https:\/\/api.w.org\/{rel}","templated":true}]}}