{"id":99649,"date":"2026-03-01T13:55:18","date_gmt":"2026-03-01T11:55:18","guid":{"rendered":"https:\/\/now-news.de\/de\/deutschland\/belgien-meldet-beschlagnahmung-eines-tankers-der-russischen-schattenflotte\/"},"modified":"2026-03-01T13:55:18","modified_gmt":"2026-03-01T11:55:18","slug":"belgien-meldet-beschlagnahmung-eines-tankers-der-russischen-schattenflotte","status":"publish","type":"post","link":"https:\/\/now-news.de\/de\/deutschland\/belgien-meldet-beschlagnahmung-eines-tankers-der-russischen-schattenflotte\/","title":{"rendered":"Belgien meldet Beschlagnahmung eines Tankers der russischen Schattenflotte"},"content":{"rendered":"<p><img decoding=\"async\" src=\"https:\/\/now-news.de\/de\/wp-content\/uploads\/sites\/3\/2026\/03\/69a42479b480cc25977538ae.jpg\" \/><\/p>\n<div class=\"Text-root Text-type_1 \">\n                Die belgischen Streitkr\u00e4fte gaben bekannt, dass sie einen \u00d6ltanker festgesetzt haben, der mutma\u00dflich zur sogenannten Schattenflotte Russlands geh\u00f6re. Nach Br\u00fcssels Angaben wurden belgische Soldaten bei der Operation vom franz\u00f6sischen Milit\u00e4r unterst\u00fctzt.\n            <\/div>\n<p><\/p>\n<div class=\"Text-root Text-type_5 ArticleView-text ViewText-root \">\n<p>Belgien hat in der Nordsee einen Tanker abgefangen, der angeblich zur russischen Schattenflotte geh\u00f6rt. Dies teilte der Verteidigungsminister des Landes, Theo Francken, auf <em>X<\/em> mit:<\/p>\n<blockquote>\n<p><em>&#8220;In den letzten Stunden sind unsere Streitkr\u00e4fte mit Unterst\u00fctzung der franz\u00f6sischen Verteidigungskr\u00e4fte an Bord eines \u00d6ltankers gelangt, der zur russischen Schattenflotte geh\u00f6rt. Derzeit wird das Schiff zum Hafen von Zeebrugge begleitet, wo es beschlagnahmt wird.&#8221;<\/em><\/p>\n<\/blockquote>\n<p>Sp\u00e4ter best\u00e4tigte der franz\u00f6sische Pr\u00e4sident Emmanuel Macron auf <em>X<\/em> die Beteiligung des franz\u00f6sischen Milit\u00e4rs an der Operation:<\/p>\n<blockquote>\n<p><em>&#8220;Ein schwerer Schlag f\u00fcr die Schattenflotte: In der Nordsee haben unsere Hubschrauber der franz\u00f6sischen Marine gestern Abend bei der Enterung eines unter internationalen Sanktionen stehenden \u00d6ltankers durch belgische Streitkr\u00e4fte geholfen.&#8221;<\/em><\/p>\n<\/blockquote>\n<p>Macron <a rel=\"nofollow noopener\" target=\"_blank\" href=\"https:\/\/x.com\/EmmanuelMacron\/status\/2028035399054942433?s=20\">begleitete<\/a> den Beitrag mit einem Video vom Ort des Geschehens.<\/p>\n<div class=\"EmbedBlock-root EmbedBlock-twitter\">\n<div class=\"TwitterEmbed\">\n<blockquote class=\"twitter-tweet lazyload\" data-twitter=\"twitter-tweet\" data-media-max-width=\"560\">\n<p lang=\"en\" dir=\"ltr\">A major blow to the shadow fleet: in the North Sea, our French Navy helicopters helped last night in the boarding by Belgian forces of an oil tanker under international sanctions. Europeans are determined to cut off the sources of funding for Russia\u2019s war of aggression\u2026 <a rel=\"nofollow noopener\" target=\"_blank\" href=\"https:\/\/t.co\/CnoxyND7BB\">pic.twitter.com\/CnoxyND7BB<\/a><\/p>\n<p>\u2014 Emmanuel Macron (@EmmanuelMacron) <a rel=\"nofollow noopener\" target=\"_blank\" href=\"https:\/\/twitter.com\/EmmanuelMacron\/status\/2028035399054942433?ref_src=twsrc%5Etfw\">March 1, 2026<\/a><\/p><\/blockquote>\n<\/div>\n<\/div>\n<p>Wie <em>RTBF<\/em> berichtete, handele es sich um den Tanker Ethera. Nach Angaben des Portals ist das Schiff 180 Meter lang und f\u00e4hrt unter guineischer Flagge. Der Tanker Ethera unterliegt Sanktionen der EU und der USA. Das US-Finanzministerium brachte ihn 2025 in Verbindung mit einem &#8220;umfangreichen Schifffahrtsimperium, das von Mohammad Hossein Schamchani kontrolliert wird&#8221;. Nach Angaben des Ministeriums ist Hossein Shamchani der Sohn von Ali Schamchani, Admiral und Sekret\u00e4r des iranischen Verteidigungsrates, der bei den Angriffen auf das Land am 28. Februar get\u00f6tet wurde.<\/p>\n<p>Wiederum erkl\u00e4rte die russische Botschaft in Belgien, dass sie keine offizielle Mitteilung der belgischen Beh\u00f6rden \u00fcber die Tatsache und die Gr\u00fcnde f\u00fcr die Festsetzung des \u00d6ltankers Ethera erhalten habe. Der Beh\u00f6rde seien auch &#8220;keinerlei Informationen \u00fcber die nationale Zusammensetzung seiner Besatzung&#8221; zur Verf\u00fcgung gestellt worden. Derzeit unternehme die Botschaft die notwendigen Schritte, um zu kl\u00e4ren, ob sich russische Staatsb\u00fcrger an Bord bef\u00e4nden, und um im Falle einer Best\u00e4tigung ihre gesetzlichen Rechte zu gew\u00e4hrleisten, hie\u00df es.<\/p>\n<p><strong>Mehr zum Thema<\/strong> \u2013 <a rel=\"nofollow noopener\" target=\"_blank\" href=\"https:\/\/freedert.online\/europa\/270389-westliche-piraterie-patruschew-warnt-russische-flotte-auf-eskalation-vorbereitet\/\">&#8220;Westliche Piraterie&#8221; \u2013 Patruschew warnt: Russische Flotte auf Eskalation vorbereitet<\/a><\/p>\n<div class=\"EmbedBlock-root EmbedBlock-externalVideo EmbedBlock-rumble\">\n<div class=\"VkEmbed\"><iframe class=\"lazyload\" data-src=\"https:\/\/rumble.com\/embed\/v72n57e\" frameborder=\"0\" width=\"853\" height=\"480\" allowfullscreen><\/iframe><\/div>\n<\/div>\n<\/div>\n<p><script async src=\"https:\/\/platform.twitter.com\/widgets.js\" charset=\"utf-8\"><\/script><br \/>\n<br \/><br \/>\n<br \/><a href=\"https:\/\/de.rt.com\/international\/271627-belgien-meldet-beschlagnahmung-tankers-russischen\/\">Source link <\/a><\/p>\n","protected":false},"excerpt":{"rendered":"<p>Die belgischen Streitkr\u00e4fte gaben bekannt, dass sie einen \u00d6ltanker festgesetzt haben, der mutma\u00dflich zur sogenannten Schattenflotte Russlands geh\u00f6re. Nach Br\u00fcssels Angaben wurden belgische Soldaten bei der Operation vom franz\u00f6sischen Milit\u00e4r unterst\u00fctzt. Belgien hat in der Nordsee einen Tanker abgefangen, der angeblich zur russischen Schattenflotte geh\u00f6rt. Dies teilte der Verteidigungsminister des Landes, Theo Francken, auf X [&hellip;]<\/p>\n","protected":false},"author":3,"featured_media":99650,"comment_status":"open","ping_status":"open","sticky":false,"template":"","format":"standard","meta":{"_yoast_indexnow_last_ping":["1772367069"],"wp_automatic_camp":["217"],"00c04a45cf32a32094caa6f0129e3718":["Belgien meldet Beschlagnahmung eines Tankers der russischen Schattenflotte"],"original_link":["https:\/\/de.rt.com\/international\/271627-belgien-meldet-beschlagnahmung-tankers-russischen\/"],"_thumbnail_id":["99650"],"_wptgpro_p2tg_sent2tg":["a:1:{i:23737;s:19:\"2026-03-01 14:12:12\";}"],"jnews_social_counter_last_update":["1777456011"]},"categories":[19,23],"tags":[21433,12781,82,2111,272,973,56141,54757],"yoast_head":"<!-- This site is optimized with the Yoast SEO Premium plugin v22.7 (Yoast SEO v22.7) - https:\/\/yoast.com\/wordpress\/plugins\/seo\/ -->\n<title>Belgien meldet Beschlagnahmung eines Tankers der russischen Schattenflotte - just-now.NEWS Deutschland<\/title>\n<meta name=\"robots\" content=\"index, follow, max-snippet:-1, max-image-preview:large, max-video-preview:-1\" \/>\n<link rel=\"canonical\" href=\"https:\/\/now-news.de\/de\/deutschland\/belgien-meldet-beschlagnahmung-eines-tankers-der-russischen-schattenflotte\/\" \/>\n<meta property=\"og:locale\" content=\"de_DE\" \/>\n<meta property=\"og:type\" content=\"article\" \/>\n<meta property=\"og:title\" content=\"Belgien meldet Beschlagnahmung eines Tankers der russischen Schattenflotte\" \/>\n<meta property=\"og:description\" content=\"Die belgischen Streitkr\u00e4fte gaben bekannt, dass sie einen \u00d6ltanker festgesetzt haben, der mutma\u00dflich zur sogenannten Schattenflotte Russlands geh\u00f6re. Nach Br\u00fcssels Angaben wurden belgische Soldaten bei der Operation vom franz\u00f6sischen Milit\u00e4r unterst\u00fctzt. Belgien hat in der Nordsee einen Tanker abgefangen, der angeblich zur russischen Schattenflotte geh\u00f6rt. Dies teilte der Verteidigungsminister des Landes, Theo Francken, auf X [&hellip;]\" \/>\n<meta property=\"og:url\" content=\"https:\/\/now-news.de\/de\/deutschland\/belgien-meldet-beschlagnahmung-eines-tankers-der-russischen-schattenflotte\/\" \/>\n<meta property=\"og:site_name\" content=\"just-now.NEWS Deutschland\" \/>\n<meta property=\"article:publisher\" content=\"https:\/\/www.facebook.com\/wirmachenauf\" \/>\n<meta property=\"article:published_time\" content=\"2026-03-01T11:55:18+00:00\" \/>\n<meta property=\"og:image\" content=\"https:\/\/now-news.de\/de\/wp-content\/uploads\/sites\/3\/2026\/03\/69a42479b480cc25977538ae.jpg\" \/>\n<meta name=\"author\" content=\"rtnews\" \/>\n<meta name=\"twitter:card\" content=\"summary_large_image\" \/>\n<meta name=\"twitter:creator\" content=\"@WirMachenAuf_de\" \/>\n<meta name=\"twitter:site\" content=\"@WirMachenAuf_de\" \/>\n<meta name=\"twitter:label1\" content=\"Verfasst von\" \/>\n\t<meta name=\"twitter:data1\" content=\"rtnews\" \/>\n\t<meta name=\"twitter:label2\" content=\"Gesch\u00e4tzte Lesezeit\" \/>\n\t<meta name=\"twitter:data2\" content=\"2\u00a0Minuten\" \/>\n<script type=\"application\/ld+json\" class=\"yoast-schema-graph\">{\"@context\":\"https:\/\/schema.org\",\"@graph\":[{\"@type\":\"Article\",\"@id\":\"https:\/\/now-news.de\/de\/deutschland\/belgien-meldet-beschlagnahmung-eines-tankers-der-russischen-schattenflotte\/#article\",\"isPartOf\":{\"@id\":\"https:\/\/now-news.de\/de\/deutschland\/belgien-meldet-beschlagnahmung-eines-tankers-der-russischen-schattenflotte\/\"},\"author\":{\"name\":\"rtnews\",\"@id\":\"https:\/\/now-news.de\/de\/#\/schema\/person\/fb534a4e865501d8b3285208df34a9b5\"},\"headline\":\"Belgien meldet Beschlagnahmung eines Tankers der russischen Schattenflotte\",\"datePublished\":\"2026-03-01T11:55:18+00:00\",\"dateModified\":\"2026-03-01T11:55:18+00:00\",\"mainEntityOfPage\":{\"@id\":\"https:\/\/now-news.de\/de\/deutschland\/belgien-meldet-beschlagnahmung-eines-tankers-der-russischen-schattenflotte\/\"},\"wordCount\":419,\"commentCount\":0,\"publisher\":{\"@id\":\"https:\/\/now-news.de\/de\/#organization\"},\"image\":{\"@id\":\"https:\/\/now-news.de\/de\/deutschland\/belgien-meldet-beschlagnahmung-eines-tankers-der-russischen-schattenflotte\/#primaryimage\"},\"thumbnailUrl\":\"https:\/\/now-news.de\/de\/wp-content\/uploads\/sites\/3\/2026\/03\/Belgien-meldet-Beschlagnahmung-eines-Tankers-der-russischen-Schattenflotte.jpg\",\"keywords\":[\"Belgien\",\"Beschlagnahmung\",\"der\",\"eines\",\"meldet\",\"russischen\",\"Schattenflotte\",\"Tankers\"],\"articleSection\":[\"Deutschland\",\"Russland\"],\"inLanguage\":\"de\",\"potentialAction\":[{\"@type\":\"CommentAction\",\"name\":\"Comment\",\"target\":[\"https:\/\/now-news.de\/de\/deutschland\/belgien-meldet-beschlagnahmung-eines-tankers-der-russischen-schattenflotte\/#respond\"]}]},{\"@type\":\"WebPage\",\"@id\":\"https:\/\/now-news.de\/de\/deutschland\/belgien-meldet-beschlagnahmung-eines-tankers-der-russischen-schattenflotte\/\",\"url\":\"https:\/\/now-news.de\/de\/deutschland\/belgien-meldet-beschlagnahmung-eines-tankers-der-russischen-schattenflotte\/\",\"name\":\"Belgien meldet Beschlagnahmung eines Tankers der russischen Schattenflotte - just-now.NEWS Deutschland\",\"isPartOf\":{\"@id\":\"https:\/\/now-news.de\/de\/#website\"},\"primaryImageOfPage\":{\"@id\":\"https:\/\/now-news.de\/de\/deutschland\/belgien-meldet-beschlagnahmung-eines-tankers-der-russischen-schattenflotte\/#primaryimage\"},\"image\":{\"@id\":\"https:\/\/now-news.de\/de\/deutschland\/belgien-meldet-beschlagnahmung-eines-tankers-der-russischen-schattenflotte\/#primaryimage\"},\"thumbnailUrl\":\"https:\/\/now-news.de\/de\/wp-content\/uploads\/sites\/3\/2026\/03\/Belgien-meldet-Beschlagnahmung-eines-Tankers-der-russischen-Schattenflotte.jpg\",\"datePublished\":\"2026-03-01T11:55:18+00:00\",\"dateModified\":\"2026-03-01T11:55:18+00:00\",\"breadcrumb\":{\"@id\":\"https:\/\/now-news.de\/de\/deutschland\/belgien-meldet-beschlagnahmung-eines-tankers-der-russischen-schattenflotte\/#breadcrumb\"},\"inLanguage\":\"de\",\"potentialAction\":[{\"@type\":\"ReadAction\",\"target\":[\"https:\/\/now-news.de\/de\/deutschland\/belgien-meldet-beschlagnahmung-eines-tankers-der-russischen-schattenflotte\/\"]}]},{\"@type\":\"ImageObject\",\"inLanguage\":\"de\",\"@id\":\"https:\/\/now-news.de\/de\/deutschland\/belgien-meldet-beschlagnahmung-eines-tankers-der-russischen-schattenflotte\/#primaryimage\",\"url\":\"https:\/\/now-news.de\/de\/wp-content\/uploads\/sites\/3\/2026\/03\/Belgien-meldet-Beschlagnahmung-eines-Tankers-der-russischen-Schattenflotte.jpg\",\"contentUrl\":\"https:\/\/now-news.de\/de\/wp-content\/uploads\/sites\/3\/2026\/03\/Belgien-meldet-Beschlagnahmung-eines-Tankers-der-russischen-Schattenflotte.jpg\",\"width\":460,\"height\":259,\"caption\":\"Belgien meldet Beschlagnahmung eines Tankers der russischen Schattenflotte\"},{\"@type\":\"BreadcrumbList\",\"@id\":\"https:\/\/now-news.de\/de\/deutschland\/belgien-meldet-beschlagnahmung-eines-tankers-der-russischen-schattenflotte\/#breadcrumb\",\"itemListElement\":[{\"@type\":\"ListItem\",\"position\":1,\"name\":\"Home\",\"item\":\"https:\/\/now-news.de\/de\/\"},{\"@type\":\"ListItem\",\"position\":2,\"name\":\"Belgien meldet Beschlagnahmung eines Tankers der russischen Schattenflotte\"}]},{\"@type\":\"WebSite\",\"@id\":\"https:\/\/now-news.de\/de\/#website\",\"url\":\"https:\/\/now-news.de\/de\/\",\"name\":\"just-now.NEWS Deutschland\",\"description\":\"Das Portal f\u00fcr unzensierte Nachrichten aus der Welt\",\"publisher\":{\"@id\":\"https:\/\/now-news.de\/de\/#organization\"},\"potentialAction\":[{\"@type\":\"SearchAction\",\"target\":{\"@type\":\"EntryPoint\",\"urlTemplate\":\"https:\/\/now-news.de\/de\/?s={search_term_string}\"},\"query-input\":\"required name=search_term_string\"}],\"inLanguage\":\"de\"},{\"@type\":\"Organization\",\"@id\":\"https:\/\/now-news.de\/de\/#organization\",\"name\":\"Just Now News\",\"url\":\"https:\/\/now-news.de\/de\/\",\"logo\":{\"@type\":\"ImageObject\",\"inLanguage\":\"de\",\"@id\":\"https:\/\/now-news.de\/de\/#\/schema\/logo\/image\/\",\"url\":\"http:\/\/just-now.news\/de\/wp-content\/uploads\/sites\/3\/2022\/04\/logo500x500.jpg\",\"contentUrl\":\"http:\/\/just-now.news\/de\/wp-content\/uploads\/sites\/3\/2022\/04\/logo500x500.jpg\",\"width\":500,\"height\":500,\"caption\":\"Just Now News\"},\"image\":{\"@id\":\"https:\/\/now-news.de\/de\/#\/schema\/logo\/image\/\"},\"sameAs\":[\"https:\/\/www.facebook.com\/wirmachenauf\",\"https:\/\/x.com\/WirMachenAuf_de\"]},{\"@type\":\"Person\",\"@id\":\"https:\/\/now-news.de\/de\/#\/schema\/person\/fb534a4e865501d8b3285208df34a9b5\",\"name\":\"rtnews\",\"image\":{\"@type\":\"ImageObject\",\"inLanguage\":\"de\",\"@id\":\"https:\/\/now-news.de\/de\/#\/schema\/person\/image\/\",\"url\":\"https:\/\/secure.gravatar.com\/avatar\/82aafea7d8127119dd649515f56e2117?s=96&d=mm&r=g\",\"contentUrl\":\"https:\/\/secure.gravatar.com\/avatar\/82aafea7d8127119dd649515f56e2117?s=96&d=mm&r=g\",\"caption\":\"rtnews\"},\"url\":\"https:\/\/now-news.de\/de\/author\/rnews\/\"}]}<\/script>\n<!-- \/ Yoast SEO Premium plugin. -->","yoast_head_json":{"title":"Belgien meldet Beschlagnahmung eines Tankers der russischen Schattenflotte - just-now.NEWS Deutschland","robots":{"index":"index","follow":"follow","max-snippet":"max-snippet:-1","max-image-preview":"max-image-preview:large","max-video-preview":"max-video-preview:-1"},"canonical":"https:\/\/now-news.de\/de\/deutschland\/belgien-meldet-beschlagnahmung-eines-tankers-der-russischen-schattenflotte\/","og_locale":"de_DE","og_type":"article","og_title":"Belgien meldet Beschlagnahmung eines Tankers der russischen Schattenflotte","og_description":"Die belgischen Streitkr\u00e4fte gaben bekannt, dass sie einen \u00d6ltanker festgesetzt haben, der mutma\u00dflich zur sogenannten Schattenflotte Russlands geh\u00f6re. Nach Br\u00fcssels Angaben wurden belgische Soldaten bei der Operation vom franz\u00f6sischen Milit\u00e4r unterst\u00fctzt. Belgien hat in der Nordsee einen Tanker abgefangen, der angeblich zur russischen Schattenflotte geh\u00f6rt. Dies teilte der Verteidigungsminister des Landes, Theo Francken, auf X [&hellip;]","og_url":"https:\/\/now-news.de\/de\/deutschland\/belgien-meldet-beschlagnahmung-eines-tankers-der-russischen-schattenflotte\/","og_site_name":"just-now.NEWS Deutschland","article_publisher":"https:\/\/www.facebook.com\/wirmachenauf","article_published_time":"2026-03-01T11:55:18+00:00","og_image":[{"url":"https:\/\/now-news.de\/de\/wp-content\/uploads\/sites\/3\/2026\/03\/69a42479b480cc25977538ae.jpg"}],"author":"rtnews","twitter_card":"summary_large_image","twitter_creator":"@WirMachenAuf_de","twitter_site":"@WirMachenAuf_de","twitter_misc":{"Verfasst von":"rtnews","Gesch\u00e4tzte Lesezeit":"2\u00a0Minuten"},"schema":{"@context":"https:\/\/schema.org","@graph":[{"@type":"Article","@id":"https:\/\/now-news.de\/de\/deutschland\/belgien-meldet-beschlagnahmung-eines-tankers-der-russischen-schattenflotte\/#article","isPartOf":{"@id":"https:\/\/now-news.de\/de\/deutschland\/belgien-meldet-beschlagnahmung-eines-tankers-der-russischen-schattenflotte\/"},"author":{"name":"rtnews","@id":"https:\/\/now-news.de\/de\/#\/schema\/person\/fb534a4e865501d8b3285208df34a9b5"},"headline":"Belgien meldet Beschlagnahmung eines Tankers der russischen Schattenflotte","datePublished":"2026-03-01T11:55:18+00:00","dateModified":"2026-03-01T11:55:18+00:00","mainEntityOfPage":{"@id":"https:\/\/now-news.de\/de\/deutschland\/belgien-meldet-beschlagnahmung-eines-tankers-der-russischen-schattenflotte\/"},"wordCount":419,"commentCount":0,"publisher":{"@id":"https:\/\/now-news.de\/de\/#organization"},"image":{"@id":"https:\/\/now-news.de\/de\/deutschland\/belgien-meldet-beschlagnahmung-eines-tankers-der-russischen-schattenflotte\/#primaryimage"},"thumbnailUrl":"https:\/\/now-news.de\/de\/wp-content\/uploads\/sites\/3\/2026\/03\/Belgien-meldet-Beschlagnahmung-eines-Tankers-der-russischen-Schattenflotte.jpg","keywords":["Belgien","Beschlagnahmung","der","eines","meldet","russischen","Schattenflotte","Tankers"],"articleSection":["Deutschland","Russland"],"inLanguage":"de","potentialAction":[{"@type":"CommentAction","name":"Comment","target":["https:\/\/now-news.de\/de\/deutschland\/belgien-meldet-beschlagnahmung-eines-tankers-der-russischen-schattenflotte\/#respond"]}]},{"@type":"WebPage","@id":"https:\/\/now-news.de\/de\/deutschland\/belgien-meldet-beschlagnahmung-eines-tankers-der-russischen-schattenflotte\/","url":"https:\/\/now-news.de\/de\/deutschland\/belgien-meldet-beschlagnahmung-eines-tankers-der-russischen-schattenflotte\/","name":"Belgien meldet Beschlagnahmung eines Tankers der russischen Schattenflotte - just-now.NEWS Deutschland","isPartOf":{"@id":"https:\/\/now-news.de\/de\/#website"},"primaryImageOfPage":{"@id":"https:\/\/now-news.de\/de\/deutschland\/belgien-meldet-beschlagnahmung-eines-tankers-der-russischen-schattenflotte\/#primaryimage"},"image":{"@id":"https:\/\/now-news.de\/de\/deutschland\/belgien-meldet-beschlagnahmung-eines-tankers-der-russischen-schattenflotte\/#primaryimage"},"thumbnailUrl":"https:\/\/now-news.de\/de\/wp-content\/uploads\/sites\/3\/2026\/03\/Belgien-meldet-Beschlagnahmung-eines-Tankers-der-russischen-Schattenflotte.jpg","datePublished":"2026-03-01T11:55:18+00:00","dateModified":"2026-03-01T11:55:18+00:00","breadcrumb":{"@id":"https:\/\/now-news.de\/de\/deutschland\/belgien-meldet-beschlagnahmung-eines-tankers-der-russischen-schattenflotte\/#breadcrumb"},"inLanguage":"de","potentialAction":[{"@type":"ReadAction","target":["https:\/\/now-news.de\/de\/deutschland\/belgien-meldet-beschlagnahmung-eines-tankers-der-russischen-schattenflotte\/"]}]},{"@type":"ImageObject","inLanguage":"de","@id":"https:\/\/now-news.de\/de\/deutschland\/belgien-meldet-beschlagnahmung-eines-tankers-der-russischen-schattenflotte\/#primaryimage","url":"https:\/\/now-news.de\/de\/wp-content\/uploads\/sites\/3\/2026\/03\/Belgien-meldet-Beschlagnahmung-eines-Tankers-der-russischen-Schattenflotte.jpg","contentUrl":"https:\/\/now-news.de\/de\/wp-content\/uploads\/sites\/3\/2026\/03\/Belgien-meldet-Beschlagnahmung-eines-Tankers-der-russischen-Schattenflotte.jpg","width":460,"height":259,"caption":"Belgien meldet Beschlagnahmung eines Tankers der russischen Schattenflotte"},{"@type":"BreadcrumbList","@id":"https:\/\/now-news.de\/de\/deutschland\/belgien-meldet-beschlagnahmung-eines-tankers-der-russischen-schattenflotte\/#breadcrumb","itemListElement":[{"@type":"ListItem","position":1,"name":"Home","item":"https:\/\/now-news.de\/de\/"},{"@type":"ListItem","position":2,"name":"Belgien meldet Beschlagnahmung eines Tankers der russischen Schattenflotte"}]},{"@type":"WebSite","@id":"https:\/\/now-news.de\/de\/#website","url":"https:\/\/now-news.de\/de\/","name":"just-now.NEWS Deutschland","description":"Das Portal f\u00fcr unzensierte Nachrichten aus der Welt","publisher":{"@id":"https:\/\/now-news.de\/de\/#organization"},"potentialAction":[{"@type":"SearchAction","target":{"@type":"EntryPoint","urlTemplate":"https:\/\/now-news.de\/de\/?s={search_term_string}"},"query-input":"required name=search_term_string"}],"inLanguage":"de"},{"@type":"Organization","@id":"https:\/\/now-news.de\/de\/#organization","name":"Just Now News","url":"https:\/\/now-news.de\/de\/","logo":{"@type":"ImageObject","inLanguage":"de","@id":"https:\/\/now-news.de\/de\/#\/schema\/logo\/image\/","url":"http:\/\/just-now.news\/de\/wp-content\/uploads\/sites\/3\/2022\/04\/logo500x500.jpg","contentUrl":"http:\/\/just-now.news\/de\/wp-content\/uploads\/sites\/3\/2022\/04\/logo500x500.jpg","width":500,"height":500,"caption":"Just Now News"},"image":{"@id":"https:\/\/now-news.de\/de\/#\/schema\/logo\/image\/"},"sameAs":["https:\/\/www.facebook.com\/wirmachenauf","https:\/\/x.com\/WirMachenAuf_de"]},{"@type":"Person","@id":"https:\/\/now-news.de\/de\/#\/schema\/person\/fb534a4e865501d8b3285208df34a9b5","name":"rtnews","image":{"@type":"ImageObject","inLanguage":"de","@id":"https:\/\/now-news.de\/de\/#\/schema\/person\/image\/","url":"https:\/\/secure.gravatar.com\/avatar\/82aafea7d8127119dd649515f56e2117?s=96&d=mm&r=g","contentUrl":"https:\/\/secure.gravatar.com\/avatar\/82aafea7d8127119dd649515f56e2117?s=96&d=mm&r=g","caption":"rtnews"},"url":"https:\/\/now-news.de\/de\/author\/rnews\/"}]}},"_links":{"self":[{"href":"https:\/\/now-news.de\/de\/wp-json\/wp\/v2\/posts\/99649"}],"collection":[{"href":"https:\/\/now-news.de\/de\/wp-json\/wp\/v2\/posts"}],"about":[{"href":"https:\/\/now-news.de\/de\/wp-json\/wp\/v2\/types\/post"}],"author":[{"embeddable":true,"href":"https:\/\/now-news.de\/de\/wp-json\/wp\/v2\/users\/3"}],"replies":[{"embeddable":true,"href":"https:\/\/now-news.de\/de\/wp-json\/wp\/v2\/comments?post=99649"}],"version-history":[{"count":0,"href":"https:\/\/now-news.de\/de\/wp-json\/wp\/v2\/posts\/99649\/revisions"}],"wp:featuredmedia":[{"embeddable":true,"href":"https:\/\/now-news.de\/de\/wp-json\/wp\/v2\/media\/99650"}],"wp:attachment":[{"href":"https:\/\/now-news.de\/de\/wp-json\/wp\/v2\/media?parent=99649"}],"wp:term":[{"taxonomy":"category","embeddable":true,"href":"https:\/\/now-news.de\/de\/wp-json\/wp\/v2\/categories?post=99649"},{"taxonomy":"post_tag","embeddable":true,"href":"https:\/\/now-news.de\/de\/wp-json\/wp\/v2\/tags?post=99649"}],"curies":[{"name":"wp","href":"https:\/\/api.w.org\/{rel}","templated":true}]}}