{"id":99647,"date":"2026-03-01T13:43:31","date_gmt":"2026-03-01T11:43:31","guid":{"rendered":"https:\/\/now-news.de\/de\/deutschland\/facebook-sperrt-regierungsfreundliche-ungarische-medien\/"},"modified":"2026-03-01T13:43:31","modified_gmt":"2026-03-01T11:43:31","slug":"facebook-sperrt-regierungsfreundliche-ungarische-medien","status":"publish","type":"post","link":"https:\/\/now-news.de\/de\/deutschland\/facebook-sperrt-regierungsfreundliche-ungarische-medien\/","title":{"rendered":"Facebook sperrt regierungsfreundliche ungarische Medien"},"content":{"rendered":"<p><img decoding=\"async\" src=\"https:\/\/now-news.de\/de\/wp-content\/uploads\/sites\/3\/2026\/03\/69a420bfb480cc256a577d60.jpg\" \/><\/p>\n<div class=\"Text-root Text-type_1 \">\n                Anfang April finden in Ungarn Parlamentswahlen statt. Mitten im Wahlkampf sperrt Facebook Medien, die die ungarische Regierung unterst\u00fctzen. Die betroffenen Medien werden juristisch gegen die Sperre vorgehen.\n            <\/div>\n<p><\/p>\n<div class=\"Text-root Text-type_5 ArticleView-text ViewText-root \">\n<p>Facebook hat die Social-Media-Seiten von drei ungarischen Medienunternehmen unter Berufung auf Verst\u00f6\u00dfe gegen die Community-Grunds\u00e4tze gesperrt. Die Sperrung findet wenige Wochen vor den Wahlen in Ungarn statt. Vom ungarischen Nationalen Medienverband wurde dies als Angriff auf die Pressefreiheit verurteilt.<\/p>\n<p>Seit Freitag sind die Facebook-Seiten der ungarischen Medienunternehmen <em>Bama.hu<\/em>, <em>Szabolcs Online<\/em> und <em>Kisalf\u00f6ld.hu<\/em> nicht mehr zug\u00e4nglich. Diese Medien \u2013 alle Teil des Medienkonzerns &#8220;Mediaworks Hungary&#8221; \u2013 wurden von anderen ungarischen Medien als Sprachrohr der Regierung und der Fidesz-Partei des ungarischen Ministerpr\u00e4sidenten Viktor Orb\u00e1n beschrieben. Die betroffenen Medien k\u00fcndigten an, juristisch gegen die Sperre vorzugehen.<\/p>\n<p>Der ungarische Nationale Medienverband kritisierte das Verbot scharf. Der Vorwand f\u00fcr diese Ma\u00dfnahme sei fadenscheinig. Die Nichteinhaltung der &#8220;Gemeinschaftsgrunds\u00e4tze von Meta&#8221;, k\u00f6nne &#8220;alles M\u00f6gliche bedeuten&#8221;, hie\u00df es in einer Erkl\u00e4rung, in der sich der Verband solidarisch mit den betroffenen Medien zeigte.<\/p>\n<p>Anfang April finden in Ungarn Parlamentswahlen statt. Die Fidesz-Partei steht in einem harten Wahlkampf mit der proeurop\u00e4ischen Oppositionspartei Tisza.<\/p>\n<p>Budapest ist unter Orb\u00e1n einer der entschiedensten Gegner der EU-Politik gegen\u00fcber der Ukraine und Russland. Besonders kritisiert Ungarn das verst\u00e4rkte Engagement der Union im Konflikt zwischen Moskau und Kiew und warnt vor einer gef\u00e4hrlichen Eskalation. Orb\u00e1n hatte Br\u00fcssel zuvor vorgeworfen, sich mit Kiew verb\u00fcndet und Ungarn den &#8220;Krieg&#8221; erkl\u00e4rt zu haben, um ihn aus dem Amt zu dr\u00e4ngen, unter anderem durch Einflussnahme auf die bevorstehenden Wahlen.<\/p>\n<p>Sp\u00e4ter am Freitag teilte Meta einem ungarischen Telex-Medienunternehmen mit, dass die Seiten &#8220;f\u00e4lschlicherweise gesperrt und wiederhergestellt worden seien&#8221;. Zwei der drei betroffenen Konten sind jedoch am Samstagabend weiterhin nicht zug\u00e4nglich.<\/p>\n<p><strong>Mehr zum Thema<\/strong>\u00a0\u2013\u00a0<a rel=\"nofollow noopener\" target=\"_blank\" href=\"https:\/\/dert.online\/europa\/270984-ungarn-blockiert-geplante-20-sanktionspaket\/\">Br\u00fcssel:<\/a><a rel=\"nofollow noopener\" target=\"_blank\" href=\"https:\/\/dert.online\/europa\/270984-ungarn-blockiert-geplante-20-sanktionspaket\/\">\u00a0Ungarn blockiert neue EU-Sanktionen gegen Russland<\/a><\/p>\n<p>\u00a0<\/p>\n<div class=\"EmbedBlock-root EmbedBlock-externalVideo EmbedBlock-rumble\">\n<div class=\"VkEmbed\"><iframe class=\"lazyload\" data-src=\"https:\/\/rumble.com\/embed\/v73x9tw\" frameborder=\"0\" width=\"853\" height=\"480\" allowfullscreen><\/iframe><\/div>\n<\/div>\n<\/div>\n<p><br \/>\n<br \/><a href=\"https:\/\/de.rt.com\/europa\/271621-facebook-sperrt-regierungsfreundliche-ungarische-medien\/\">Source link <\/a><\/p>\n","protected":false},"excerpt":{"rendered":"<p>Anfang April finden in Ungarn Parlamentswahlen statt. Mitten im Wahlkampf sperrt Facebook Medien, die die ungarische Regierung unterst\u00fctzen. Die betroffenen Medien werden juristisch gegen die Sperre vorgehen. Facebook hat die Social-Media-Seiten von drei ungarischen Medienunternehmen unter Berufung auf Verst\u00f6\u00dfe gegen die Community-Grunds\u00e4tze gesperrt. Die Sperrung findet wenige Wochen vor den Wahlen in Ungarn statt. Vom [&hellip;]<\/p>\n","protected":false},"author":3,"featured_media":99648,"comment_status":"open","ping_status":"open","sticky":false,"template":"","format":"standard","meta":{"_yoast_indexnow_last_ping":["1772366110"],"wp_automatic_camp":["217"],"1a4d0251131d1a3cc2bb86d735cae8f2":["Facebook sperrt regierungsfreundliche ungarische Medien"],"original_link":["https:\/\/de.rt.com\/europa\/271621-facebook-sperrt-regierungsfreundliche-ungarische-medien\/"],"_thumbnail_id":["99648"],"jnews_social_counter_last_update":["1777386261"],"_wptgpro_p2tg_sent2tg":["a:1:{i:23737;s:19:\"2026-03-01 13:56:11\";}"]},"categories":[19,23],"tags":[2572,580,71549,9894,39649],"yoast_head":"<!-- This site is optimized with the Yoast SEO Premium plugin v22.7 (Yoast SEO v22.7) - https:\/\/yoast.com\/wordpress\/plugins\/seo\/ -->\n<title>Facebook sperrt regierungsfreundliche ungarische Medien - just-now.NEWS Deutschland<\/title>\n<meta name=\"robots\" content=\"index, follow, max-snippet:-1, max-image-preview:large, max-video-preview:-1\" \/>\n<link rel=\"canonical\" href=\"https:\/\/now-news.de\/de\/deutschland\/facebook-sperrt-regierungsfreundliche-ungarische-medien\/\" \/>\n<meta property=\"og:locale\" content=\"de_DE\" \/>\n<meta property=\"og:type\" content=\"article\" \/>\n<meta property=\"og:title\" content=\"Facebook sperrt regierungsfreundliche ungarische Medien\" \/>\n<meta property=\"og:description\" content=\"Anfang April finden in Ungarn Parlamentswahlen statt. Mitten im Wahlkampf sperrt Facebook Medien, die die ungarische Regierung unterst\u00fctzen. Die betroffenen Medien werden juristisch gegen die Sperre vorgehen. Facebook hat die Social-Media-Seiten von drei ungarischen Medienunternehmen unter Berufung auf Verst\u00f6\u00dfe gegen die Community-Grunds\u00e4tze gesperrt. Die Sperrung findet wenige Wochen vor den Wahlen in Ungarn statt. Vom [&hellip;]\" \/>\n<meta property=\"og:url\" content=\"https:\/\/now-news.de\/de\/deutschland\/facebook-sperrt-regierungsfreundliche-ungarische-medien\/\" \/>\n<meta property=\"og:site_name\" content=\"just-now.NEWS Deutschland\" \/>\n<meta property=\"article:publisher\" content=\"https:\/\/www.facebook.com\/wirmachenauf\" \/>\n<meta property=\"article:published_time\" content=\"2026-03-01T11:43:31+00:00\" \/>\n<meta property=\"og:image\" content=\"https:\/\/now-news.de\/de\/wp-content\/uploads\/sites\/3\/2026\/03\/69a420bfb480cc256a577d60.jpg\" \/>\n<meta name=\"author\" content=\"rtnews\" \/>\n<meta name=\"twitter:card\" content=\"summary_large_image\" \/>\n<meta name=\"twitter:creator\" content=\"@WirMachenAuf_de\" \/>\n<meta name=\"twitter:site\" content=\"@WirMachenAuf_de\" \/>\n<meta name=\"twitter:label1\" content=\"Verfasst von\" \/>\n\t<meta name=\"twitter:data1\" content=\"rtnews\" \/>\n\t<meta name=\"twitter:label2\" content=\"Gesch\u00e4tzte Lesezeit\" \/>\n\t<meta name=\"twitter:data2\" content=\"2\u00a0Minuten\" \/>\n<script type=\"application\/ld+json\" class=\"yoast-schema-graph\">{\"@context\":\"https:\/\/schema.org\",\"@graph\":[{\"@type\":\"Article\",\"@id\":\"https:\/\/now-news.de\/de\/deutschland\/facebook-sperrt-regierungsfreundliche-ungarische-medien\/#article\",\"isPartOf\":{\"@id\":\"https:\/\/now-news.de\/de\/deutschland\/facebook-sperrt-regierungsfreundliche-ungarische-medien\/\"},\"author\":{\"name\":\"rtnews\",\"@id\":\"https:\/\/now-news.de\/de\/#\/schema\/person\/fb534a4e865501d8b3285208df34a9b5\"},\"headline\":\"Facebook sperrt regierungsfreundliche ungarische Medien\",\"datePublished\":\"2026-03-01T11:43:31+00:00\",\"dateModified\":\"2026-03-01T11:43:31+00:00\",\"mainEntityOfPage\":{\"@id\":\"https:\/\/now-news.de\/de\/deutschland\/facebook-sperrt-regierungsfreundliche-ungarische-medien\/\"},\"wordCount\":322,\"commentCount\":0,\"publisher\":{\"@id\":\"https:\/\/now-news.de\/de\/#organization\"},\"image\":{\"@id\":\"https:\/\/now-news.de\/de\/deutschland\/facebook-sperrt-regierungsfreundliche-ungarische-medien\/#primaryimage\"},\"thumbnailUrl\":\"https:\/\/now-news.de\/de\/wp-content\/uploads\/sites\/3\/2026\/03\/Facebook-sperrt-regierungsfreundliche-ungarische-Medien.jpg\",\"keywords\":[\"Facebook\",\"Medien\",\"regierungsfreundliche\",\"sperrt\",\"ungarische\"],\"articleSection\":[\"Deutschland\",\"Russland\"],\"inLanguage\":\"de\",\"potentialAction\":[{\"@type\":\"CommentAction\",\"name\":\"Comment\",\"target\":[\"https:\/\/now-news.de\/de\/deutschland\/facebook-sperrt-regierungsfreundliche-ungarische-medien\/#respond\"]}]},{\"@type\":\"WebPage\",\"@id\":\"https:\/\/now-news.de\/de\/deutschland\/facebook-sperrt-regierungsfreundliche-ungarische-medien\/\",\"url\":\"https:\/\/now-news.de\/de\/deutschland\/facebook-sperrt-regierungsfreundliche-ungarische-medien\/\",\"name\":\"Facebook sperrt regierungsfreundliche ungarische Medien - just-now.NEWS Deutschland\",\"isPartOf\":{\"@id\":\"https:\/\/now-news.de\/de\/#website\"},\"primaryImageOfPage\":{\"@id\":\"https:\/\/now-news.de\/de\/deutschland\/facebook-sperrt-regierungsfreundliche-ungarische-medien\/#primaryimage\"},\"image\":{\"@id\":\"https:\/\/now-news.de\/de\/deutschland\/facebook-sperrt-regierungsfreundliche-ungarische-medien\/#primaryimage\"},\"thumbnailUrl\":\"https:\/\/now-news.de\/de\/wp-content\/uploads\/sites\/3\/2026\/03\/Facebook-sperrt-regierungsfreundliche-ungarische-Medien.jpg\",\"datePublished\":\"2026-03-01T11:43:31+00:00\",\"dateModified\":\"2026-03-01T11:43:31+00:00\",\"breadcrumb\":{\"@id\":\"https:\/\/now-news.de\/de\/deutschland\/facebook-sperrt-regierungsfreundliche-ungarische-medien\/#breadcrumb\"},\"inLanguage\":\"de\",\"potentialAction\":[{\"@type\":\"ReadAction\",\"target\":[\"https:\/\/now-news.de\/de\/deutschland\/facebook-sperrt-regierungsfreundliche-ungarische-medien\/\"]}]},{\"@type\":\"ImageObject\",\"inLanguage\":\"de\",\"@id\":\"https:\/\/now-news.de\/de\/deutschland\/facebook-sperrt-regierungsfreundliche-ungarische-medien\/#primaryimage\",\"url\":\"https:\/\/now-news.de\/de\/wp-content\/uploads\/sites\/3\/2026\/03\/Facebook-sperrt-regierungsfreundliche-ungarische-Medien.jpg\",\"contentUrl\":\"https:\/\/now-news.de\/de\/wp-content\/uploads\/sites\/3\/2026\/03\/Facebook-sperrt-regierungsfreundliche-ungarische-Medien.jpg\",\"width\":460,\"height\":259,\"caption\":\"Facebook sperrt regierungsfreundliche ungarische Medien\"},{\"@type\":\"BreadcrumbList\",\"@id\":\"https:\/\/now-news.de\/de\/deutschland\/facebook-sperrt-regierungsfreundliche-ungarische-medien\/#breadcrumb\",\"itemListElement\":[{\"@type\":\"ListItem\",\"position\":1,\"name\":\"Home\",\"item\":\"https:\/\/now-news.de\/de\/\"},{\"@type\":\"ListItem\",\"position\":2,\"name\":\"Facebook sperrt regierungsfreundliche ungarische Medien\"}]},{\"@type\":\"WebSite\",\"@id\":\"https:\/\/now-news.de\/de\/#website\",\"url\":\"https:\/\/now-news.de\/de\/\",\"name\":\"just-now.NEWS Deutschland\",\"description\":\"Das Portal f\u00fcr unzensierte Nachrichten aus der Welt\",\"publisher\":{\"@id\":\"https:\/\/now-news.de\/de\/#organization\"},\"potentialAction\":[{\"@type\":\"SearchAction\",\"target\":{\"@type\":\"EntryPoint\",\"urlTemplate\":\"https:\/\/now-news.de\/de\/?s={search_term_string}\"},\"query-input\":\"required name=search_term_string\"}],\"inLanguage\":\"de\"},{\"@type\":\"Organization\",\"@id\":\"https:\/\/now-news.de\/de\/#organization\",\"name\":\"Just Now News\",\"url\":\"https:\/\/now-news.de\/de\/\",\"logo\":{\"@type\":\"ImageObject\",\"inLanguage\":\"de\",\"@id\":\"https:\/\/now-news.de\/de\/#\/schema\/logo\/image\/\",\"url\":\"http:\/\/just-now.news\/de\/wp-content\/uploads\/sites\/3\/2022\/04\/logo500x500.jpg\",\"contentUrl\":\"http:\/\/just-now.news\/de\/wp-content\/uploads\/sites\/3\/2022\/04\/logo500x500.jpg\",\"width\":500,\"height\":500,\"caption\":\"Just Now News\"},\"image\":{\"@id\":\"https:\/\/now-news.de\/de\/#\/schema\/logo\/image\/\"},\"sameAs\":[\"https:\/\/www.facebook.com\/wirmachenauf\",\"https:\/\/x.com\/WirMachenAuf_de\"]},{\"@type\":\"Person\",\"@id\":\"https:\/\/now-news.de\/de\/#\/schema\/person\/fb534a4e865501d8b3285208df34a9b5\",\"name\":\"rtnews\",\"image\":{\"@type\":\"ImageObject\",\"inLanguage\":\"de\",\"@id\":\"https:\/\/now-news.de\/de\/#\/schema\/person\/image\/\",\"url\":\"https:\/\/secure.gravatar.com\/avatar\/82aafea7d8127119dd649515f56e2117?s=96&d=mm&r=g\",\"contentUrl\":\"https:\/\/secure.gravatar.com\/avatar\/82aafea7d8127119dd649515f56e2117?s=96&d=mm&r=g\",\"caption\":\"rtnews\"},\"url\":\"https:\/\/now-news.de\/de\/author\/rnews\/\"}]}<\/script>\n<!-- \/ Yoast SEO Premium plugin. -->","yoast_head_json":{"title":"Facebook sperrt regierungsfreundliche ungarische Medien - just-now.NEWS Deutschland","robots":{"index":"index","follow":"follow","max-snippet":"max-snippet:-1","max-image-preview":"max-image-preview:large","max-video-preview":"max-video-preview:-1"},"canonical":"https:\/\/now-news.de\/de\/deutschland\/facebook-sperrt-regierungsfreundliche-ungarische-medien\/","og_locale":"de_DE","og_type":"article","og_title":"Facebook sperrt regierungsfreundliche ungarische Medien","og_description":"Anfang April finden in Ungarn Parlamentswahlen statt. Mitten im Wahlkampf sperrt Facebook Medien, die die ungarische Regierung unterst\u00fctzen. Die betroffenen Medien werden juristisch gegen die Sperre vorgehen. Facebook hat die Social-Media-Seiten von drei ungarischen Medienunternehmen unter Berufung auf Verst\u00f6\u00dfe gegen die Community-Grunds\u00e4tze gesperrt. Die Sperrung findet wenige Wochen vor den Wahlen in Ungarn statt. Vom [&hellip;]","og_url":"https:\/\/now-news.de\/de\/deutschland\/facebook-sperrt-regierungsfreundliche-ungarische-medien\/","og_site_name":"just-now.NEWS Deutschland","article_publisher":"https:\/\/www.facebook.com\/wirmachenauf","article_published_time":"2026-03-01T11:43:31+00:00","og_image":[{"url":"https:\/\/now-news.de\/de\/wp-content\/uploads\/sites\/3\/2026\/03\/69a420bfb480cc256a577d60.jpg"}],"author":"rtnews","twitter_card":"summary_large_image","twitter_creator":"@WirMachenAuf_de","twitter_site":"@WirMachenAuf_de","twitter_misc":{"Verfasst von":"rtnews","Gesch\u00e4tzte Lesezeit":"2\u00a0Minuten"},"schema":{"@context":"https:\/\/schema.org","@graph":[{"@type":"Article","@id":"https:\/\/now-news.de\/de\/deutschland\/facebook-sperrt-regierungsfreundliche-ungarische-medien\/#article","isPartOf":{"@id":"https:\/\/now-news.de\/de\/deutschland\/facebook-sperrt-regierungsfreundliche-ungarische-medien\/"},"author":{"name":"rtnews","@id":"https:\/\/now-news.de\/de\/#\/schema\/person\/fb534a4e865501d8b3285208df34a9b5"},"headline":"Facebook sperrt regierungsfreundliche ungarische Medien","datePublished":"2026-03-01T11:43:31+00:00","dateModified":"2026-03-01T11:43:31+00:00","mainEntityOfPage":{"@id":"https:\/\/now-news.de\/de\/deutschland\/facebook-sperrt-regierungsfreundliche-ungarische-medien\/"},"wordCount":322,"commentCount":0,"publisher":{"@id":"https:\/\/now-news.de\/de\/#organization"},"image":{"@id":"https:\/\/now-news.de\/de\/deutschland\/facebook-sperrt-regierungsfreundliche-ungarische-medien\/#primaryimage"},"thumbnailUrl":"https:\/\/now-news.de\/de\/wp-content\/uploads\/sites\/3\/2026\/03\/Facebook-sperrt-regierungsfreundliche-ungarische-Medien.jpg","keywords":["Facebook","Medien","regierungsfreundliche","sperrt","ungarische"],"articleSection":["Deutschland","Russland"],"inLanguage":"de","potentialAction":[{"@type":"CommentAction","name":"Comment","target":["https:\/\/now-news.de\/de\/deutschland\/facebook-sperrt-regierungsfreundliche-ungarische-medien\/#respond"]}]},{"@type":"WebPage","@id":"https:\/\/now-news.de\/de\/deutschland\/facebook-sperrt-regierungsfreundliche-ungarische-medien\/","url":"https:\/\/now-news.de\/de\/deutschland\/facebook-sperrt-regierungsfreundliche-ungarische-medien\/","name":"Facebook sperrt regierungsfreundliche ungarische Medien - just-now.NEWS Deutschland","isPartOf":{"@id":"https:\/\/now-news.de\/de\/#website"},"primaryImageOfPage":{"@id":"https:\/\/now-news.de\/de\/deutschland\/facebook-sperrt-regierungsfreundliche-ungarische-medien\/#primaryimage"},"image":{"@id":"https:\/\/now-news.de\/de\/deutschland\/facebook-sperrt-regierungsfreundliche-ungarische-medien\/#primaryimage"},"thumbnailUrl":"https:\/\/now-news.de\/de\/wp-content\/uploads\/sites\/3\/2026\/03\/Facebook-sperrt-regierungsfreundliche-ungarische-Medien.jpg","datePublished":"2026-03-01T11:43:31+00:00","dateModified":"2026-03-01T11:43:31+00:00","breadcrumb":{"@id":"https:\/\/now-news.de\/de\/deutschland\/facebook-sperrt-regierungsfreundliche-ungarische-medien\/#breadcrumb"},"inLanguage":"de","potentialAction":[{"@type":"ReadAction","target":["https:\/\/now-news.de\/de\/deutschland\/facebook-sperrt-regierungsfreundliche-ungarische-medien\/"]}]},{"@type":"ImageObject","inLanguage":"de","@id":"https:\/\/now-news.de\/de\/deutschland\/facebook-sperrt-regierungsfreundliche-ungarische-medien\/#primaryimage","url":"https:\/\/now-news.de\/de\/wp-content\/uploads\/sites\/3\/2026\/03\/Facebook-sperrt-regierungsfreundliche-ungarische-Medien.jpg","contentUrl":"https:\/\/now-news.de\/de\/wp-content\/uploads\/sites\/3\/2026\/03\/Facebook-sperrt-regierungsfreundliche-ungarische-Medien.jpg","width":460,"height":259,"caption":"Facebook sperrt regierungsfreundliche ungarische Medien"},{"@type":"BreadcrumbList","@id":"https:\/\/now-news.de\/de\/deutschland\/facebook-sperrt-regierungsfreundliche-ungarische-medien\/#breadcrumb","itemListElement":[{"@type":"ListItem","position":1,"name":"Home","item":"https:\/\/now-news.de\/de\/"},{"@type":"ListItem","position":2,"name":"Facebook sperrt regierungsfreundliche ungarische Medien"}]},{"@type":"WebSite","@id":"https:\/\/now-news.de\/de\/#website","url":"https:\/\/now-news.de\/de\/","name":"just-now.NEWS Deutschland","description":"Das Portal f\u00fcr unzensierte Nachrichten aus der Welt","publisher":{"@id":"https:\/\/now-news.de\/de\/#organization"},"potentialAction":[{"@type":"SearchAction","target":{"@type":"EntryPoint","urlTemplate":"https:\/\/now-news.de\/de\/?s={search_term_string}"},"query-input":"required name=search_term_string"}],"inLanguage":"de"},{"@type":"Organization","@id":"https:\/\/now-news.de\/de\/#organization","name":"Just Now News","url":"https:\/\/now-news.de\/de\/","logo":{"@type":"ImageObject","inLanguage":"de","@id":"https:\/\/now-news.de\/de\/#\/schema\/logo\/image\/","url":"http:\/\/just-now.news\/de\/wp-content\/uploads\/sites\/3\/2022\/04\/logo500x500.jpg","contentUrl":"http:\/\/just-now.news\/de\/wp-content\/uploads\/sites\/3\/2022\/04\/logo500x500.jpg","width":500,"height":500,"caption":"Just Now News"},"image":{"@id":"https:\/\/now-news.de\/de\/#\/schema\/logo\/image\/"},"sameAs":["https:\/\/www.facebook.com\/wirmachenauf","https:\/\/x.com\/WirMachenAuf_de"]},{"@type":"Person","@id":"https:\/\/now-news.de\/de\/#\/schema\/person\/fb534a4e865501d8b3285208df34a9b5","name":"rtnews","image":{"@type":"ImageObject","inLanguage":"de","@id":"https:\/\/now-news.de\/de\/#\/schema\/person\/image\/","url":"https:\/\/secure.gravatar.com\/avatar\/82aafea7d8127119dd649515f56e2117?s=96&d=mm&r=g","contentUrl":"https:\/\/secure.gravatar.com\/avatar\/82aafea7d8127119dd649515f56e2117?s=96&d=mm&r=g","caption":"rtnews"},"url":"https:\/\/now-news.de\/de\/author\/rnews\/"}]}},"_links":{"self":[{"href":"https:\/\/now-news.de\/de\/wp-json\/wp\/v2\/posts\/99647"}],"collection":[{"href":"https:\/\/now-news.de\/de\/wp-json\/wp\/v2\/posts"}],"about":[{"href":"https:\/\/now-news.de\/de\/wp-json\/wp\/v2\/types\/post"}],"author":[{"embeddable":true,"href":"https:\/\/now-news.de\/de\/wp-json\/wp\/v2\/users\/3"}],"replies":[{"embeddable":true,"href":"https:\/\/now-news.de\/de\/wp-json\/wp\/v2\/comments?post=99647"}],"version-history":[{"count":0,"href":"https:\/\/now-news.de\/de\/wp-json\/wp\/v2\/posts\/99647\/revisions"}],"wp:featuredmedia":[{"embeddable":true,"href":"https:\/\/now-news.de\/de\/wp-json\/wp\/v2\/media\/99648"}],"wp:attachment":[{"href":"https:\/\/now-news.de\/de\/wp-json\/wp\/v2\/media?parent=99647"}],"wp:term":[{"taxonomy":"category","embeddable":true,"href":"https:\/\/now-news.de\/de\/wp-json\/wp\/v2\/categories?post=99647"},{"taxonomy":"post_tag","embeddable":true,"href":"https:\/\/now-news.de\/de\/wp-json\/wp\/v2\/tags?post=99647"}],"curies":[{"name":"wp","href":"https:\/\/api.w.org\/{rel}","templated":true}]}}