{"id":99621,"date":"2026-02-28T12:46:07","date_gmt":"2026-02-28T10:46:07","guid":{"rendered":"https:\/\/now-news.de\/de\/deutschland\/vizeministerpraesident-russland-hat-genug-oel-fuer-62-jahre\/"},"modified":"2026-02-28T12:46:07","modified_gmt":"2026-02-28T10:46:07","slug":"vizeministerpraesident-russland-hat-genug-oel-fuer-62-jahre","status":"publish","type":"post","link":"https:\/\/now-news.de\/de\/deutschland\/vizeministerpraesident-russland-hat-genug-oel-fuer-62-jahre\/","title":{"rendered":"Vizeministerpr\u00e4sident: Russland hat genug \u00d6l f\u00fcr 62 Jahre"},"content":{"rendered":"<p><img decoding=\"async\" src=\"https:\/\/now-news.de\/de\/wp-content\/uploads\/sites\/3\/2026\/02\/69a1afed48fbef4db33f83d2.jpg\" \/><\/p>\n<div class=\"Text-root Text-type_1 \">\n                Derzeit verf\u00fcgt Russland \u00fcber nachgewiesene \u00d6lreserven von 15 Milliarden Tonnen. Nimmt man derzeit noch nicht f\u00f6rderbereite Vorkommen hinzu, sind es sogar 31 Milliarden Tonnen, erkl\u00e4rt der stellvertretende Ministerpr\u00e4sident Alexander Nowak. Somit hat das Land genug \u00d6l f\u00fcr 62 Jahre.\n            <\/div>\n<p><\/p>\n<div class=\"Text-root Text-type_5 ArticleView-text ViewText-root \">\n<p>Bei den aktuellen F\u00f6rdermengen hat Russland genug \u00d6lreserven f\u00fcr die n\u00e4chsten 62 Jahre. Diese Sch\u00e4tzung hat der stellvertretende Ministerpr\u00e4sident Alexander Nowak auf einer \u00f6ffentlichen Veranstaltung im Sirius-Bildungszentrum bei Sotschi mitgeteilt. Hinter Saudi-Arabien, Irak und Iran verf\u00fcgt Russland \u00fcber die viertgr\u00f6\u00dften \u00d6lreserven weltweit. Die nachgewiesenen Vorr\u00e4te beliefen sich auf 15 Milliarden Tonnen, unter Ber\u00fccksichtigung derzeit nicht f\u00f6rderbereiter Reserven\u00a0auf 31 Milliarden Tonnen.<\/p>\n<p>Die russischen Beh\u00f6rden gingen davon aus, dass das \u00d6l auch nach 60 Jahren nicht ausgehen w\u00fcrde. Durch geologische Erkundung und Bohrungen werden die Sch\u00e4tzungen der \u00d6lmengen j\u00e4hrlich erh\u00f6ht, betonte Nowak. Die Aufgabe bestehe darin, ein Gleichgewicht aufrechtzuerhalten, in dem die Reserven Russlands immer f\u00fcr 30 bis 50 Jahre reichten. Daher f\u00fchrten die Regierung, das Ministerium f\u00fcr nat\u00fcrliche Ressourcen und Geologen kontinuierlich Bohrungen durch und suchten nach \u00d6l, so Nowak.<\/p>\n<p>Oleg Kasanow, der Chef der F\u00f6deralen Agentur f\u00fcr Bodenschatznutzung (Rosnedra), erkl\u00e4rte im September 2025, dass Russland bei aktiver geologischer Erkundung und Erschlie\u00dfung neuer Reserven \u00fcber ausreichend \u00d6l f\u00fcr jeden Zeitraum verf\u00fcge. Von 19 Milliarden Tonnen nachgewiesener Reserven seien unter den aktuellen Bedingungen nicht alle wirtschaftlich rentabel zu f\u00f6rdern, warnte Kasanow.<\/p>\n<p>Ende Januar hatte Nowak berichtet, dass die gesamte \u00d6lproduktion Russlands sich im Jahr 2025 auf 512 Millionen Tonnen belaufen habe. Im Vergleich zum Jahr 2024 ging die F\u00f6rderung um 0,8 Prozent zur\u00fcck.<\/p>\n<p><strong>Mehr zum Thema<\/strong>\u00a0<strong>\u2013<\/strong>\u00a0<a rel=\"nofollow noopener\" target=\"_blank\" href=\"https:\/\/freedert.online\/international\/270808-medien-chinesische-raffinerien-kaufen-nach\/\">Medien: Chinesische Raffinerien kaufen nach Indiens Absage aktiv russisches \u00d6l auf<\/a><\/p>\n<div class=\"EmbedBlock-root EmbedBlock-externalVideo EmbedBlock-rumble\">\n<div class=\"VkEmbed\"><iframe class=\"lazyload\" data-src=\"https:\/\/rumble.com\/embed\/v73sfta\" frameborder=\"0\" width=\"853\" height=\"480\" allowfullscreen><\/iframe><\/div>\n<\/div>\n<\/div>\n<p><br \/>\n<br \/><a href=\"https:\/\/de.rt.com\/russland\/271426-vizepremier-russland-hat-genug-oel\/\">Source link <\/a><\/p>\n","protected":false},"excerpt":{"rendered":"<p>Derzeit verf\u00fcgt Russland \u00fcber nachgewiesene \u00d6lreserven von 15 Milliarden Tonnen. Nimmt man derzeit noch nicht f\u00f6rderbereite Vorkommen hinzu, sind es sogar 31 Milliarden Tonnen, erkl\u00e4rt der stellvertretende Ministerpr\u00e4sident Alexander Nowak. Somit hat das Land genug \u00d6l f\u00fcr 62 Jahre. Bei den aktuellen F\u00f6rdermengen hat Russland genug \u00d6lreserven f\u00fcr die n\u00e4chsten 62 Jahre. Diese Sch\u00e4tzung hat [&hellip;]<\/p>\n","protected":false},"author":3,"featured_media":99622,"comment_status":"open","ping_status":"open","sticky":false,"template":"","format":"standard","meta":{"_yoast_indexnow_last_ping":["1772276528"],"wp_automatic_camp":["217"],"f32f417f040932ef3cac47d7134049aa":["Vizeministerpr\u00e4sident: Russland hat genug \u00d6l f\u00fcr 62 Jahre"],"original_link":["https:\/\/de.rt.com\/russland\/271426-vizepremier-russland-hat-genug-oel\/"],"_thumbnail_id":["99622"],"jnews_social_counter_last_update":["1777304101"],"_wptgpro_p2tg_sent2tg":["a:1:{i:23737;s:19:\"2026-02-28 13:03:12\";}"]},"categories":[19,23],"tags":[221,15977,423,7530,797,126,6337],"yoast_head":"<!-- This site is optimized with the Yoast SEO Premium plugin v22.7 (Yoast SEO v22.7) - https:\/\/yoast.com\/wordpress\/plugins\/seo\/ -->\n<title>Vizeministerpr\u00e4sident: Russland hat genug \u00d6l f\u00fcr 62 Jahre - just-now.NEWS Deutschland<\/title>\n<meta name=\"robots\" content=\"index, follow, max-snippet:-1, max-image-preview:large, max-video-preview:-1\" \/>\n<link rel=\"canonical\" href=\"https:\/\/now-news.de\/de\/deutschland\/vizeministerpraesident-russland-hat-genug-oel-fuer-62-jahre\/\" \/>\n<meta property=\"og:locale\" content=\"de_DE\" \/>\n<meta property=\"og:type\" content=\"article\" \/>\n<meta property=\"og:title\" content=\"Vizeministerpr\u00e4sident: Russland hat genug \u00d6l f\u00fcr 62 Jahre\" \/>\n<meta property=\"og:description\" content=\"Derzeit verf\u00fcgt Russland \u00fcber nachgewiesene \u00d6lreserven von 15 Milliarden Tonnen. Nimmt man derzeit noch nicht f\u00f6rderbereite Vorkommen hinzu, sind es sogar 31 Milliarden Tonnen, erkl\u00e4rt der stellvertretende Ministerpr\u00e4sident Alexander Nowak. Somit hat das Land genug \u00d6l f\u00fcr 62 Jahre. Bei den aktuellen F\u00f6rdermengen hat Russland genug \u00d6lreserven f\u00fcr die n\u00e4chsten 62 Jahre. Diese Sch\u00e4tzung hat [&hellip;]\" \/>\n<meta property=\"og:url\" content=\"https:\/\/now-news.de\/de\/deutschland\/vizeministerpraesident-russland-hat-genug-oel-fuer-62-jahre\/\" \/>\n<meta property=\"og:site_name\" content=\"just-now.NEWS Deutschland\" \/>\n<meta property=\"article:publisher\" content=\"https:\/\/www.facebook.com\/wirmachenauf\" \/>\n<meta property=\"article:published_time\" content=\"2026-02-28T10:46:07+00:00\" \/>\n<meta property=\"og:image\" content=\"https:\/\/now-news.de\/de\/wp-content\/uploads\/sites\/3\/2026\/02\/69a1afed48fbef4db33f83d2.jpg\" \/>\n<meta name=\"author\" content=\"rtnews\" \/>\n<meta name=\"twitter:card\" content=\"summary_large_image\" \/>\n<meta name=\"twitter:creator\" content=\"@WirMachenAuf_de\" \/>\n<meta name=\"twitter:site\" content=\"@WirMachenAuf_de\" \/>\n<meta name=\"twitter:label1\" content=\"Verfasst von\" \/>\n\t<meta name=\"twitter:data1\" content=\"rtnews\" \/>\n\t<meta name=\"twitter:label2\" content=\"Gesch\u00e4tzte Lesezeit\" \/>\n\t<meta name=\"twitter:data2\" content=\"1\u00a0Minute\" \/>\n<script type=\"application\/ld+json\" class=\"yoast-schema-graph\">{\"@context\":\"https:\/\/schema.org\",\"@graph\":[{\"@type\":\"Article\",\"@id\":\"https:\/\/now-news.de\/de\/deutschland\/vizeministerpraesident-russland-hat-genug-oel-fuer-62-jahre\/#article\",\"isPartOf\":{\"@id\":\"https:\/\/now-news.de\/de\/deutschland\/vizeministerpraesident-russland-hat-genug-oel-fuer-62-jahre\/\"},\"author\":{\"name\":\"rtnews\",\"@id\":\"https:\/\/now-news.de\/de\/#\/schema\/person\/fb534a4e865501d8b3285208df34a9b5\"},\"headline\":\"Vizeministerpr\u00e4sident: Russland hat genug \u00d6l f\u00fcr 62 Jahre\",\"datePublished\":\"2026-02-28T10:46:07+00:00\",\"dateModified\":\"2026-02-28T10:46:07+00:00\",\"mainEntityOfPage\":{\"@id\":\"https:\/\/now-news.de\/de\/deutschland\/vizeministerpraesident-russland-hat-genug-oel-fuer-62-jahre\/\"},\"wordCount\":295,\"commentCount\":0,\"publisher\":{\"@id\":\"https:\/\/now-news.de\/de\/#organization\"},\"image\":{\"@id\":\"https:\/\/now-news.de\/de\/deutschland\/vizeministerpraesident-russland-hat-genug-oel-fuer-62-jahre\/#primaryimage\"},\"thumbnailUrl\":\"https:\/\/now-news.de\/de\/wp-content\/uploads\/sites\/3\/2026\/02\/Vizeministerpraesident-Russland-hat-genug-Oel-fuer-62-Jahre.jpg\",\"keywords\":[\"f\u00fcr\",\"genug\",\"hat\",\"Jahre\",\"\u00d6l\",\"russland\",\"VizeMinisterpr\u00e4sident\"],\"articleSection\":[\"Deutschland\",\"Russland\"],\"inLanguage\":\"de\",\"potentialAction\":[{\"@type\":\"CommentAction\",\"name\":\"Comment\",\"target\":[\"https:\/\/now-news.de\/de\/deutschland\/vizeministerpraesident-russland-hat-genug-oel-fuer-62-jahre\/#respond\"]}]},{\"@type\":\"WebPage\",\"@id\":\"https:\/\/now-news.de\/de\/deutschland\/vizeministerpraesident-russland-hat-genug-oel-fuer-62-jahre\/\",\"url\":\"https:\/\/now-news.de\/de\/deutschland\/vizeministerpraesident-russland-hat-genug-oel-fuer-62-jahre\/\",\"name\":\"Vizeministerpr\u00e4sident: Russland hat genug \u00d6l f\u00fcr 62 Jahre - just-now.NEWS Deutschland\",\"isPartOf\":{\"@id\":\"https:\/\/now-news.de\/de\/#website\"},\"primaryImageOfPage\":{\"@id\":\"https:\/\/now-news.de\/de\/deutschland\/vizeministerpraesident-russland-hat-genug-oel-fuer-62-jahre\/#primaryimage\"},\"image\":{\"@id\":\"https:\/\/now-news.de\/de\/deutschland\/vizeministerpraesident-russland-hat-genug-oel-fuer-62-jahre\/#primaryimage\"},\"thumbnailUrl\":\"https:\/\/now-news.de\/de\/wp-content\/uploads\/sites\/3\/2026\/02\/Vizeministerpraesident-Russland-hat-genug-Oel-fuer-62-Jahre.jpg\",\"datePublished\":\"2026-02-28T10:46:07+00:00\",\"dateModified\":\"2026-02-28T10:46:07+00:00\",\"breadcrumb\":{\"@id\":\"https:\/\/now-news.de\/de\/deutschland\/vizeministerpraesident-russland-hat-genug-oel-fuer-62-jahre\/#breadcrumb\"},\"inLanguage\":\"de\",\"potentialAction\":[{\"@type\":\"ReadAction\",\"target\":[\"https:\/\/now-news.de\/de\/deutschland\/vizeministerpraesident-russland-hat-genug-oel-fuer-62-jahre\/\"]}]},{\"@type\":\"ImageObject\",\"inLanguage\":\"de\",\"@id\":\"https:\/\/now-news.de\/de\/deutschland\/vizeministerpraesident-russland-hat-genug-oel-fuer-62-jahre\/#primaryimage\",\"url\":\"https:\/\/now-news.de\/de\/wp-content\/uploads\/sites\/3\/2026\/02\/Vizeministerpraesident-Russland-hat-genug-Oel-fuer-62-Jahre.jpg\",\"contentUrl\":\"https:\/\/now-news.de\/de\/wp-content\/uploads\/sites\/3\/2026\/02\/Vizeministerpraesident-Russland-hat-genug-Oel-fuer-62-Jahre.jpg\",\"width\":460,\"height\":259,\"caption\":\"Vizeministerpr\u00e4sident: Russland hat genug \u00d6l f\u00fcr 62 Jahre\"},{\"@type\":\"BreadcrumbList\",\"@id\":\"https:\/\/now-news.de\/de\/deutschland\/vizeministerpraesident-russland-hat-genug-oel-fuer-62-jahre\/#breadcrumb\",\"itemListElement\":[{\"@type\":\"ListItem\",\"position\":1,\"name\":\"Home\",\"item\":\"https:\/\/now-news.de\/de\/\"},{\"@type\":\"ListItem\",\"position\":2,\"name\":\"Vizeministerpr\u00e4sident: Russland hat genug \u00d6l f\u00fcr 62 Jahre\"}]},{\"@type\":\"WebSite\",\"@id\":\"https:\/\/now-news.de\/de\/#website\",\"url\":\"https:\/\/now-news.de\/de\/\",\"name\":\"just-now.NEWS Deutschland\",\"description\":\"Das Portal f\u00fcr unzensierte Nachrichten aus der Welt\",\"publisher\":{\"@id\":\"https:\/\/now-news.de\/de\/#organization\"},\"potentialAction\":[{\"@type\":\"SearchAction\",\"target\":{\"@type\":\"EntryPoint\",\"urlTemplate\":\"https:\/\/now-news.de\/de\/?s={search_term_string}\"},\"query-input\":\"required name=search_term_string\"}],\"inLanguage\":\"de\"},{\"@type\":\"Organization\",\"@id\":\"https:\/\/now-news.de\/de\/#organization\",\"name\":\"Just Now News\",\"url\":\"https:\/\/now-news.de\/de\/\",\"logo\":{\"@type\":\"ImageObject\",\"inLanguage\":\"de\",\"@id\":\"https:\/\/now-news.de\/de\/#\/schema\/logo\/image\/\",\"url\":\"http:\/\/just-now.news\/de\/wp-content\/uploads\/sites\/3\/2022\/04\/logo500x500.jpg\",\"contentUrl\":\"http:\/\/just-now.news\/de\/wp-content\/uploads\/sites\/3\/2022\/04\/logo500x500.jpg\",\"width\":500,\"height\":500,\"caption\":\"Just Now News\"},\"image\":{\"@id\":\"https:\/\/now-news.de\/de\/#\/schema\/logo\/image\/\"},\"sameAs\":[\"https:\/\/www.facebook.com\/wirmachenauf\",\"https:\/\/x.com\/WirMachenAuf_de\"]},{\"@type\":\"Person\",\"@id\":\"https:\/\/now-news.de\/de\/#\/schema\/person\/fb534a4e865501d8b3285208df34a9b5\",\"name\":\"rtnews\",\"image\":{\"@type\":\"ImageObject\",\"inLanguage\":\"de\",\"@id\":\"https:\/\/now-news.de\/de\/#\/schema\/person\/image\/\",\"url\":\"https:\/\/secure.gravatar.com\/avatar\/82aafea7d8127119dd649515f56e2117?s=96&d=mm&r=g\",\"contentUrl\":\"https:\/\/secure.gravatar.com\/avatar\/82aafea7d8127119dd649515f56e2117?s=96&d=mm&r=g\",\"caption\":\"rtnews\"},\"url\":\"https:\/\/now-news.de\/de\/author\/rnews\/\"}]}<\/script>\n<!-- \/ Yoast SEO Premium plugin. -->","yoast_head_json":{"title":"Vizeministerpr\u00e4sident: Russland hat genug \u00d6l f\u00fcr 62 Jahre - just-now.NEWS Deutschland","robots":{"index":"index","follow":"follow","max-snippet":"max-snippet:-1","max-image-preview":"max-image-preview:large","max-video-preview":"max-video-preview:-1"},"canonical":"https:\/\/now-news.de\/de\/deutschland\/vizeministerpraesident-russland-hat-genug-oel-fuer-62-jahre\/","og_locale":"de_DE","og_type":"article","og_title":"Vizeministerpr\u00e4sident: Russland hat genug \u00d6l f\u00fcr 62 Jahre","og_description":"Derzeit verf\u00fcgt Russland \u00fcber nachgewiesene \u00d6lreserven von 15 Milliarden Tonnen. Nimmt man derzeit noch nicht f\u00f6rderbereite Vorkommen hinzu, sind es sogar 31 Milliarden Tonnen, erkl\u00e4rt der stellvertretende Ministerpr\u00e4sident Alexander Nowak. Somit hat das Land genug \u00d6l f\u00fcr 62 Jahre. Bei den aktuellen F\u00f6rdermengen hat Russland genug \u00d6lreserven f\u00fcr die n\u00e4chsten 62 Jahre. Diese Sch\u00e4tzung hat [&hellip;]","og_url":"https:\/\/now-news.de\/de\/deutschland\/vizeministerpraesident-russland-hat-genug-oel-fuer-62-jahre\/","og_site_name":"just-now.NEWS Deutschland","article_publisher":"https:\/\/www.facebook.com\/wirmachenauf","article_published_time":"2026-02-28T10:46:07+00:00","og_image":[{"url":"https:\/\/now-news.de\/de\/wp-content\/uploads\/sites\/3\/2026\/02\/69a1afed48fbef4db33f83d2.jpg"}],"author":"rtnews","twitter_card":"summary_large_image","twitter_creator":"@WirMachenAuf_de","twitter_site":"@WirMachenAuf_de","twitter_misc":{"Verfasst von":"rtnews","Gesch\u00e4tzte Lesezeit":"1\u00a0Minute"},"schema":{"@context":"https:\/\/schema.org","@graph":[{"@type":"Article","@id":"https:\/\/now-news.de\/de\/deutschland\/vizeministerpraesident-russland-hat-genug-oel-fuer-62-jahre\/#article","isPartOf":{"@id":"https:\/\/now-news.de\/de\/deutschland\/vizeministerpraesident-russland-hat-genug-oel-fuer-62-jahre\/"},"author":{"name":"rtnews","@id":"https:\/\/now-news.de\/de\/#\/schema\/person\/fb534a4e865501d8b3285208df34a9b5"},"headline":"Vizeministerpr\u00e4sident: Russland hat genug \u00d6l f\u00fcr 62 Jahre","datePublished":"2026-02-28T10:46:07+00:00","dateModified":"2026-02-28T10:46:07+00:00","mainEntityOfPage":{"@id":"https:\/\/now-news.de\/de\/deutschland\/vizeministerpraesident-russland-hat-genug-oel-fuer-62-jahre\/"},"wordCount":295,"commentCount":0,"publisher":{"@id":"https:\/\/now-news.de\/de\/#organization"},"image":{"@id":"https:\/\/now-news.de\/de\/deutschland\/vizeministerpraesident-russland-hat-genug-oel-fuer-62-jahre\/#primaryimage"},"thumbnailUrl":"https:\/\/now-news.de\/de\/wp-content\/uploads\/sites\/3\/2026\/02\/Vizeministerpraesident-Russland-hat-genug-Oel-fuer-62-Jahre.jpg","keywords":["f\u00fcr","genug","hat","Jahre","\u00d6l","russland","VizeMinisterpr\u00e4sident"],"articleSection":["Deutschland","Russland"],"inLanguage":"de","potentialAction":[{"@type":"CommentAction","name":"Comment","target":["https:\/\/now-news.de\/de\/deutschland\/vizeministerpraesident-russland-hat-genug-oel-fuer-62-jahre\/#respond"]}]},{"@type":"WebPage","@id":"https:\/\/now-news.de\/de\/deutschland\/vizeministerpraesident-russland-hat-genug-oel-fuer-62-jahre\/","url":"https:\/\/now-news.de\/de\/deutschland\/vizeministerpraesident-russland-hat-genug-oel-fuer-62-jahre\/","name":"Vizeministerpr\u00e4sident: Russland hat genug \u00d6l f\u00fcr 62 Jahre - just-now.NEWS Deutschland","isPartOf":{"@id":"https:\/\/now-news.de\/de\/#website"},"primaryImageOfPage":{"@id":"https:\/\/now-news.de\/de\/deutschland\/vizeministerpraesident-russland-hat-genug-oel-fuer-62-jahre\/#primaryimage"},"image":{"@id":"https:\/\/now-news.de\/de\/deutschland\/vizeministerpraesident-russland-hat-genug-oel-fuer-62-jahre\/#primaryimage"},"thumbnailUrl":"https:\/\/now-news.de\/de\/wp-content\/uploads\/sites\/3\/2026\/02\/Vizeministerpraesident-Russland-hat-genug-Oel-fuer-62-Jahre.jpg","datePublished":"2026-02-28T10:46:07+00:00","dateModified":"2026-02-28T10:46:07+00:00","breadcrumb":{"@id":"https:\/\/now-news.de\/de\/deutschland\/vizeministerpraesident-russland-hat-genug-oel-fuer-62-jahre\/#breadcrumb"},"inLanguage":"de","potentialAction":[{"@type":"ReadAction","target":["https:\/\/now-news.de\/de\/deutschland\/vizeministerpraesident-russland-hat-genug-oel-fuer-62-jahre\/"]}]},{"@type":"ImageObject","inLanguage":"de","@id":"https:\/\/now-news.de\/de\/deutschland\/vizeministerpraesident-russland-hat-genug-oel-fuer-62-jahre\/#primaryimage","url":"https:\/\/now-news.de\/de\/wp-content\/uploads\/sites\/3\/2026\/02\/Vizeministerpraesident-Russland-hat-genug-Oel-fuer-62-Jahre.jpg","contentUrl":"https:\/\/now-news.de\/de\/wp-content\/uploads\/sites\/3\/2026\/02\/Vizeministerpraesident-Russland-hat-genug-Oel-fuer-62-Jahre.jpg","width":460,"height":259,"caption":"Vizeministerpr\u00e4sident: Russland hat genug \u00d6l f\u00fcr 62 Jahre"},{"@type":"BreadcrumbList","@id":"https:\/\/now-news.de\/de\/deutschland\/vizeministerpraesident-russland-hat-genug-oel-fuer-62-jahre\/#breadcrumb","itemListElement":[{"@type":"ListItem","position":1,"name":"Home","item":"https:\/\/now-news.de\/de\/"},{"@type":"ListItem","position":2,"name":"Vizeministerpr\u00e4sident: Russland hat genug \u00d6l f\u00fcr 62 Jahre"}]},{"@type":"WebSite","@id":"https:\/\/now-news.de\/de\/#website","url":"https:\/\/now-news.de\/de\/","name":"just-now.NEWS Deutschland","description":"Das Portal f\u00fcr unzensierte Nachrichten aus der Welt","publisher":{"@id":"https:\/\/now-news.de\/de\/#organization"},"potentialAction":[{"@type":"SearchAction","target":{"@type":"EntryPoint","urlTemplate":"https:\/\/now-news.de\/de\/?s={search_term_string}"},"query-input":"required name=search_term_string"}],"inLanguage":"de"},{"@type":"Organization","@id":"https:\/\/now-news.de\/de\/#organization","name":"Just Now News","url":"https:\/\/now-news.de\/de\/","logo":{"@type":"ImageObject","inLanguage":"de","@id":"https:\/\/now-news.de\/de\/#\/schema\/logo\/image\/","url":"http:\/\/just-now.news\/de\/wp-content\/uploads\/sites\/3\/2022\/04\/logo500x500.jpg","contentUrl":"http:\/\/just-now.news\/de\/wp-content\/uploads\/sites\/3\/2022\/04\/logo500x500.jpg","width":500,"height":500,"caption":"Just Now News"},"image":{"@id":"https:\/\/now-news.de\/de\/#\/schema\/logo\/image\/"},"sameAs":["https:\/\/www.facebook.com\/wirmachenauf","https:\/\/x.com\/WirMachenAuf_de"]},{"@type":"Person","@id":"https:\/\/now-news.de\/de\/#\/schema\/person\/fb534a4e865501d8b3285208df34a9b5","name":"rtnews","image":{"@type":"ImageObject","inLanguage":"de","@id":"https:\/\/now-news.de\/de\/#\/schema\/person\/image\/","url":"https:\/\/secure.gravatar.com\/avatar\/82aafea7d8127119dd649515f56e2117?s=96&d=mm&r=g","contentUrl":"https:\/\/secure.gravatar.com\/avatar\/82aafea7d8127119dd649515f56e2117?s=96&d=mm&r=g","caption":"rtnews"},"url":"https:\/\/now-news.de\/de\/author\/rnews\/"}]}},"_links":{"self":[{"href":"https:\/\/now-news.de\/de\/wp-json\/wp\/v2\/posts\/99621"}],"collection":[{"href":"https:\/\/now-news.de\/de\/wp-json\/wp\/v2\/posts"}],"about":[{"href":"https:\/\/now-news.de\/de\/wp-json\/wp\/v2\/types\/post"}],"author":[{"embeddable":true,"href":"https:\/\/now-news.de\/de\/wp-json\/wp\/v2\/users\/3"}],"replies":[{"embeddable":true,"href":"https:\/\/now-news.de\/de\/wp-json\/wp\/v2\/comments?post=99621"}],"version-history":[{"count":0,"href":"https:\/\/now-news.de\/de\/wp-json\/wp\/v2\/posts\/99621\/revisions"}],"wp:featuredmedia":[{"embeddable":true,"href":"https:\/\/now-news.de\/de\/wp-json\/wp\/v2\/media\/99622"}],"wp:attachment":[{"href":"https:\/\/now-news.de\/de\/wp-json\/wp\/v2\/media?parent=99621"}],"wp:term":[{"taxonomy":"category","embeddable":true,"href":"https:\/\/now-news.de\/de\/wp-json\/wp\/v2\/categories?post=99621"},{"taxonomy":"post_tag","embeddable":true,"href":"https:\/\/now-news.de\/de\/wp-json\/wp\/v2\/tags?post=99621"}],"curies":[{"name":"wp","href":"https:\/\/api.w.org\/{rel}","templated":true}]}}