{"id":99601,"date":"2026-02-27T19:47:24","date_gmt":"2026-02-27T17:47:24","guid":{"rendered":"https:\/\/now-news.de\/de\/deutschland\/tram-entgleist-in-mailand-ein-toter-mindestens-39-verletzte\/"},"modified":"2026-02-27T19:47:24","modified_gmt":"2026-02-27T17:47:24","slug":"tram-entgleist-in-mailand-ein-toter-mindestens-39-verletzte","status":"publish","type":"post","link":"https:\/\/now-news.de\/de\/deutschland\/tram-entgleist-in-mailand-ein-toter-mindestens-39-verletzte\/","title":{"rendered":"Tram entgleist in Mailand: Ein Toter, mindestens 39 Verletzte"},"content":{"rendered":"<div class=\"Text-root Text-type_1 \">\n                Am Freitag ereignete sich in Mailand ein schwerer Unfall: Eine Stadler-Tram entgleiste im Stadtzentrum und kollidierte mit einem Geb\u00e4ude. Ein Mann starb, rund 39 Personen wurden verletzt. Die genauen Umst\u00e4nde der Entgleisung sind noch unklar, w\u00e4hrend das neue Fahrzeug erst seit wenigen Tagen im Einsatz war.\n            <\/div>\n<p><\/p>\n<div class=\"Text-root Text-type_5 ArticleView-text ViewText-root \">\n<p data-start=\"187\" data-end=\"434\">In Mailand ist am Freitag eine Tram aus den Gleisen geraten und gegen ein Gesch\u00e4ftsgeb\u00e4ude geprallt.<\/p>\n<p data-start=\"187\" data-end=\"434\">Bei dem Unfall kam eine Person ums Leben, mindestens\u00a039 weitere wurden verletzt. Rettungskr\u00e4fte, Polizei und Feuerwehr sind weiterhin im Einsatz.<\/p>\n<p data-start=\"436\" data-end=\"866\">Der Vorfall ereignete sich auf der Via Vittorio Veneto im Bereich der Porta Venezia, einem stark frequentierten Teil des Stadtzentrums. Ein 60-j\u00e4hriger Mann wurde unter dem Fahrzeug eingeklemmt und verstarb noch am Unfallort.<\/p>\n<figure class=\"RTImage-root\">\n<div class=\"RTImage-image RTImage-original\"><picture class=\"Picture-root Picture-original\"><!--[if IE 9]><video style=\"display: none;\"><![endif]--><source media=\"(-webkit-min-device-pixel-ratio: 2) and (min-resolution: 120dpi)\" data-srcset=\" \nhttps:\/\/mf.b37mrtl.ru\/deutsch\/images\/2026.02\/original\/69a1d003b480cc5b6d259a96.jpg 850w,\n                https:\/\/mf.b37mrtl.ru\/deutsch\/images\/2026.02\/original\/69a1d003b480cc5b6d259a96.jpg 1960w,            \" ><source data-srcset=\" \nhttps:\/\/mf.b37mrtl.ru\/deutsch\/images\/2026.02\/original\/69a1d003b480cc5b6d259a96.jpg 460w,\n              https:\/\/mf.b37mrtl.ru\/deutsch\/images\/2026.02\/original\/69a1d003b480cc5b6d259a96.jpg 980w,\n            \" ><!--[if IE 9]><\/video><![endif]--><img decoding=\"async\" data- src=\"data:image\/png;base64,iVBORw0KGgoAAAANSUhEUgAAABAAAAAJCAQAAACRI2S5AAAAEElEQVR42mNkIAAYRxWAAQAG9gAKqv6+AwAAAABJRU5ErkJggg==\" class=\"Picture-root Picture-original lazyload\" data-src=\"https:\/\/mf.b37mrtl.ru\/deutsch\/images\/2026.02\/original\/69a1d003b480cc5b6d259a96.jpg\" alt=\"\"><\/source><\/source><\/picture><!-- noscript pattern --><noscript><img decoding=\"async\" src=\"https:\/\/mf.b37mrtl.ru\/deutsch\/images\/2026.02\/original\/69a1d003b480cc5b6d259a96.jpg\" alt=\"\"><\/noscript><\/div><figcaption class=\"RTImage-footer\"><span class=\"RTImage-caption\"><span class=\"RTImage-captionItem\">F\u00fcnf Rettungswagen und mehrere Einsatzkr\u00e4fte sind im Einsatz, um die Verletzten zu versorgen. Die Ursache der Entgleisung ist bisher ungekl\u00e4rt.<\/span><\/span><span class=\"RTImage-source\"><span class=\"RTImage-captionItem\">www.globallookpress.com<\/span><\/span><\/figcaption><\/figure>\n<p data-start=\"436\" data-end=\"866\">Mehrere weitere Personen, die ebenfalls unter die Tram geraten waren, erlitten schwere Verletzungen. Augenzeugen berichteten, die Tram sei mit hoher Geschwindigkeit unterwegs gewesen, als\u00a0sie entgleiste.<\/p>\n<p data-start=\"436\" data-end=\"866\">Ein Fahrgast beschrieb die Situation gegen\u00fcber der Nachrichtenagentur <em>Ansa<\/em> wie folgt:<\/p>\n<blockquote>\n<p data-start=\"436\" data-end=\"866\"><em>&#8220;Ich dachte, es sei ein Erdbeben. Ich fand mich mit den anderen Passagieren auf dem Boden wieder. Es war schrecklich.&#8221;<\/em><\/p>\n<\/blockquote>\n<p data-start=\"868\" data-end=\"1143\">Das betroffene Fahrzeug geh\u00f6rt zu einem neuen Modell der Tramlink-Flotte der Azienda Trasporti Milanesi. Die Trams von Stadler aus dem\u00a0Schweizer Werk waren erst seit dem 20. Februar im Einsatz und sollen in den n\u00e4chsten zwei Jahren schrittweise die alten Fahrzeuge ersetzen.<\/p>\n<div class=\"EmbedBlock-root EmbedBlock-twitter\">\n<div class=\"TwitterEmbed\">\n<blockquote class=\"twitter-tweet lazyload\" data-twitter=\"twitter-tweet\" data-media-max-width=\"560\">\n<p lang=\"en\" dir=\"ltr\">One person dead and dozens hurt after a tram derails and crashes into storefronts in Milan, Italy. <a rel=\"nofollow noopener\" target=\"_blank\" href=\"https:\/\/t.co\/2eAOjMx5qU\">https:\/\/t.co\/2eAOjMx5qU<\/a><a rel=\"nofollow noopener\" target=\"_blank\" href=\"https:\/\/t.co\/6KaBqum0Ag\">pic.twitter.com\/6KaBqum0Ag<\/a><\/p>\n<p>\u2014 Russian Market (@runews) <a rel=\"nofollow noopener\" target=\"_blank\" href=\"https:\/\/twitter.com\/runews\/status\/2027436228996481505?ref_src=twsrc%5Etfw\">February 27, 2026<\/a><\/p><\/blockquote>\n<\/div>\n<\/div>\n<p data-start=\"94\" data-end=\"379\">Das Ereignis f\u00e4llt zeitlich mit der laufenden Mail\u00e4nder Fashion Week zusammen, bisher gibt es jedoch keine Hinweise auf einen Zusammenhang.\u00a0Die Untersuchung zur Unfallursache l\u00e4uft. Das lokale Verkehrsunternehmen ATM \u00e4u\u00dferte sich bislang nicht zum Vorfall.<\/p>\n<p data-start=\"1618\" data-end=\"1736\"><strong>Mehr zum Thema &#8211;<\/strong>\u00a0<a rel=\"nofollow noopener\" target=\"_blank\" href=\"https:\/\/freedert.online\/inland\/254860-interner-bericht-zugunglueck-von-garmisch-partenkirchen\/\">Interner Bericht: Zugungl\u00fcck von Garmisch-Partenkirchen auf Personalversagen zur\u00fcckzuf\u00fchren<\/a><\/p>\n<div class=\"EmbedBlock-root EmbedBlock-externalVideo EmbedBlock-rumble\">\n<div class=\"VkEmbed\"><iframe class=\"lazyload\" data-src=\"https:\/\/rumble.com\/embed\/v7466xo\" frameborder=\"0\" width=\"853\" height=\"480\" allowfullscreen><\/iframe><\/div>\n<\/div>\n<\/div>\n<p><script async src=\"https:\/\/platform.twitter.com\/widgets.js\" charset=\"utf-8\"><\/script><br \/>\n<br \/><br \/>\n<br \/><a href=\"https:\/\/de.rt.com\/europa\/271441-tram-entgleist-in-mailand-toter\/\">Source link <\/a><\/p>\n","protected":false},"excerpt":{"rendered":"<p>Am Freitag ereignete sich in Mailand ein schwerer Unfall: Eine Stadler-Tram entgleiste im Stadtzentrum und kollidierte mit einem Geb\u00e4ude. Ein Mann starb, rund 39 Personen wurden verletzt. Die genauen Umst\u00e4nde der Entgleisung sind noch unklar, w\u00e4hrend das neue Fahrzeug erst seit wenigen Tagen im Einsatz war. In Mailand ist am Freitag eine Tram aus den [&hellip;]<\/p>\n","protected":false},"author":3,"featured_media":99602,"comment_status":"open","ping_status":"open","sticky":false,"template":"","format":"standard","meta":{"_yoast_indexnow_last_ping":["1772214854"],"wp_automatic_camp":["217"],"3b821ac0439378ce0c50a80251d10237":["Tram entgleist in Mailand: Ein Toter, mindestens 39 Verletzte"],"original_link":["https:\/\/de.rt.com\/europa\/271441-tram-entgleist-in-mailand-toter\/"],"_thumbnail_id":["99602"],"jnews_social_counter_last_update":["1777295273"],"_wptgpro_p2tg_sent2tg":["a:1:{i:23737;s:19:\"2026-02-27 19:55:11\";}"]},"categories":[19,23],"tags":[357,25981,31269,3231,24841,71523,1813],"yoast_head":"<!-- This site is optimized with the Yoast SEO Premium plugin v22.7 (Yoast SEO v22.7) - https:\/\/yoast.com\/wordpress\/plugins\/seo\/ -->\n<title>Tram entgleist in Mailand: Ein Toter, mindestens 39 Verletzte - just-now.NEWS Deutschland<\/title>\n<meta name=\"robots\" content=\"index, follow, max-snippet:-1, max-image-preview:large, max-video-preview:-1\" \/>\n<link rel=\"canonical\" href=\"https:\/\/now-news.de\/de\/deutschland\/tram-entgleist-in-mailand-ein-toter-mindestens-39-verletzte\/\" \/>\n<meta property=\"og:locale\" content=\"de_DE\" \/>\n<meta property=\"og:type\" content=\"article\" \/>\n<meta property=\"og:title\" content=\"Tram entgleist in Mailand: Ein Toter, mindestens 39 Verletzte\" \/>\n<meta property=\"og:description\" content=\"Am Freitag ereignete sich in Mailand ein schwerer Unfall: Eine Stadler-Tram entgleiste im Stadtzentrum und kollidierte mit einem Geb\u00e4ude. Ein Mann starb, rund 39 Personen wurden verletzt. Die genauen Umst\u00e4nde der Entgleisung sind noch unklar, w\u00e4hrend das neue Fahrzeug erst seit wenigen Tagen im Einsatz war. In Mailand ist am Freitag eine Tram aus den [&hellip;]\" \/>\n<meta property=\"og:url\" content=\"https:\/\/now-news.de\/de\/deutschland\/tram-entgleist-in-mailand-ein-toter-mindestens-39-verletzte\/\" \/>\n<meta property=\"og:site_name\" content=\"just-now.NEWS Deutschland\" \/>\n<meta property=\"article:publisher\" content=\"https:\/\/www.facebook.com\/wirmachenauf\" \/>\n<meta property=\"article:published_time\" content=\"2026-02-27T17:47:24+00:00\" \/>\n<meta property=\"og:image\" content=\"https:\/\/mf.b37mrtl.ru\/deutsch\/images\/2026.02\/original\/69a1d003b480cc5b6d259a96.jpg\" \/>\n<meta name=\"author\" content=\"rtnews\" \/>\n<meta name=\"twitter:card\" content=\"summary_large_image\" \/>\n<meta name=\"twitter:creator\" content=\"@WirMachenAuf_de\" \/>\n<meta name=\"twitter:site\" content=\"@WirMachenAuf_de\" \/>\n<meta name=\"twitter:label1\" content=\"Verfasst von\" \/>\n\t<meta name=\"twitter:data1\" content=\"rtnews\" \/>\n\t<meta name=\"twitter:label2\" content=\"Gesch\u00e4tzte Lesezeit\" \/>\n\t<meta name=\"twitter:data2\" content=\"2\u00a0Minuten\" \/>\n<script type=\"application\/ld+json\" class=\"yoast-schema-graph\">{\"@context\":\"https:\/\/schema.org\",\"@graph\":[{\"@type\":\"Article\",\"@id\":\"https:\/\/now-news.de\/de\/deutschland\/tram-entgleist-in-mailand-ein-toter-mindestens-39-verletzte\/#article\",\"isPartOf\":{\"@id\":\"https:\/\/now-news.de\/de\/deutschland\/tram-entgleist-in-mailand-ein-toter-mindestens-39-verletzte\/\"},\"author\":{\"name\":\"rtnews\",\"@id\":\"https:\/\/now-news.de\/de\/#\/schema\/person\/fb534a4e865501d8b3285208df34a9b5\"},\"headline\":\"Tram entgleist in Mailand: Ein Toter, mindestens 39 Verletzte\",\"datePublished\":\"2026-02-27T17:47:24+00:00\",\"dateModified\":\"2026-02-27T17:47:24+00:00\",\"mainEntityOfPage\":{\"@id\":\"https:\/\/now-news.de\/de\/deutschland\/tram-entgleist-in-mailand-ein-toter-mindestens-39-verletzte\/\"},\"wordCount\":344,\"commentCount\":0,\"publisher\":{\"@id\":\"https:\/\/now-news.de\/de\/#organization\"},\"image\":{\"@id\":\"https:\/\/now-news.de\/de\/deutschland\/tram-entgleist-in-mailand-ein-toter-mindestens-39-verletzte\/#primaryimage\"},\"thumbnailUrl\":\"https:\/\/now-news.de\/de\/wp-content\/uploads\/sites\/3\/2026\/02\/Tram-entgleist-in-Mailand-Ein-Toter-mindestens-39-Verletzte.jpg\",\"keywords\":[\"ein\",\"entgleist\",\"Mailand\",\"Mindestens\",\"Toter\",\"Tram\",\"Verletzte\"],\"articleSection\":[\"Deutschland\",\"Russland\"],\"inLanguage\":\"de\",\"potentialAction\":[{\"@type\":\"CommentAction\",\"name\":\"Comment\",\"target\":[\"https:\/\/now-news.de\/de\/deutschland\/tram-entgleist-in-mailand-ein-toter-mindestens-39-verletzte\/#respond\"]}]},{\"@type\":\"WebPage\",\"@id\":\"https:\/\/now-news.de\/de\/deutschland\/tram-entgleist-in-mailand-ein-toter-mindestens-39-verletzte\/\",\"url\":\"https:\/\/now-news.de\/de\/deutschland\/tram-entgleist-in-mailand-ein-toter-mindestens-39-verletzte\/\",\"name\":\"Tram entgleist in Mailand: Ein Toter, mindestens 39 Verletzte - just-now.NEWS Deutschland\",\"isPartOf\":{\"@id\":\"https:\/\/now-news.de\/de\/#website\"},\"primaryImageOfPage\":{\"@id\":\"https:\/\/now-news.de\/de\/deutschland\/tram-entgleist-in-mailand-ein-toter-mindestens-39-verletzte\/#primaryimage\"},\"image\":{\"@id\":\"https:\/\/now-news.de\/de\/deutschland\/tram-entgleist-in-mailand-ein-toter-mindestens-39-verletzte\/#primaryimage\"},\"thumbnailUrl\":\"https:\/\/now-news.de\/de\/wp-content\/uploads\/sites\/3\/2026\/02\/Tram-entgleist-in-Mailand-Ein-Toter-mindestens-39-Verletzte.jpg\",\"datePublished\":\"2026-02-27T17:47:24+00:00\",\"dateModified\":\"2026-02-27T17:47:24+00:00\",\"breadcrumb\":{\"@id\":\"https:\/\/now-news.de\/de\/deutschland\/tram-entgleist-in-mailand-ein-toter-mindestens-39-verletzte\/#breadcrumb\"},\"inLanguage\":\"de\",\"potentialAction\":[{\"@type\":\"ReadAction\",\"target\":[\"https:\/\/now-news.de\/de\/deutschland\/tram-entgleist-in-mailand-ein-toter-mindestens-39-verletzte\/\"]}]},{\"@type\":\"ImageObject\",\"inLanguage\":\"de\",\"@id\":\"https:\/\/now-news.de\/de\/deutschland\/tram-entgleist-in-mailand-ein-toter-mindestens-39-verletzte\/#primaryimage\",\"url\":\"https:\/\/now-news.de\/de\/wp-content\/uploads\/sites\/3\/2026\/02\/Tram-entgleist-in-Mailand-Ein-Toter-mindestens-39-Verletzte.jpg\",\"contentUrl\":\"https:\/\/now-news.de\/de\/wp-content\/uploads\/sites\/3\/2026\/02\/Tram-entgleist-in-Mailand-Ein-Toter-mindestens-39-Verletzte.jpg\",\"width\":1620,\"height\":1080,\"caption\":\"Tram entgleist in Mailand: Ein Toter, mindestens 39 Verletzte\"},{\"@type\":\"BreadcrumbList\",\"@id\":\"https:\/\/now-news.de\/de\/deutschland\/tram-entgleist-in-mailand-ein-toter-mindestens-39-verletzte\/#breadcrumb\",\"itemListElement\":[{\"@type\":\"ListItem\",\"position\":1,\"name\":\"Home\",\"item\":\"https:\/\/now-news.de\/de\/\"},{\"@type\":\"ListItem\",\"position\":2,\"name\":\"Tram entgleist in Mailand: Ein Toter, mindestens 39 Verletzte\"}]},{\"@type\":\"WebSite\",\"@id\":\"https:\/\/now-news.de\/de\/#website\",\"url\":\"https:\/\/now-news.de\/de\/\",\"name\":\"just-now.NEWS Deutschland\",\"description\":\"Das Portal f\u00fcr unzensierte Nachrichten aus der Welt\",\"publisher\":{\"@id\":\"https:\/\/now-news.de\/de\/#organization\"},\"potentialAction\":[{\"@type\":\"SearchAction\",\"target\":{\"@type\":\"EntryPoint\",\"urlTemplate\":\"https:\/\/now-news.de\/de\/?s={search_term_string}\"},\"query-input\":\"required name=search_term_string\"}],\"inLanguage\":\"de\"},{\"@type\":\"Organization\",\"@id\":\"https:\/\/now-news.de\/de\/#organization\",\"name\":\"Just Now News\",\"url\":\"https:\/\/now-news.de\/de\/\",\"logo\":{\"@type\":\"ImageObject\",\"inLanguage\":\"de\",\"@id\":\"https:\/\/now-news.de\/de\/#\/schema\/logo\/image\/\",\"url\":\"http:\/\/just-now.news\/de\/wp-content\/uploads\/sites\/3\/2022\/04\/logo500x500.jpg\",\"contentUrl\":\"http:\/\/just-now.news\/de\/wp-content\/uploads\/sites\/3\/2022\/04\/logo500x500.jpg\",\"width\":500,\"height\":500,\"caption\":\"Just Now News\"},\"image\":{\"@id\":\"https:\/\/now-news.de\/de\/#\/schema\/logo\/image\/\"},\"sameAs\":[\"https:\/\/www.facebook.com\/wirmachenauf\",\"https:\/\/x.com\/WirMachenAuf_de\"]},{\"@type\":\"Person\",\"@id\":\"https:\/\/now-news.de\/de\/#\/schema\/person\/fb534a4e865501d8b3285208df34a9b5\",\"name\":\"rtnews\",\"image\":{\"@type\":\"ImageObject\",\"inLanguage\":\"de\",\"@id\":\"https:\/\/now-news.de\/de\/#\/schema\/person\/image\/\",\"url\":\"https:\/\/secure.gravatar.com\/avatar\/82aafea7d8127119dd649515f56e2117?s=96&d=mm&r=g\",\"contentUrl\":\"https:\/\/secure.gravatar.com\/avatar\/82aafea7d8127119dd649515f56e2117?s=96&d=mm&r=g\",\"caption\":\"rtnews\"},\"url\":\"https:\/\/now-news.de\/de\/author\/rnews\/\"}]}<\/script>\n<!-- \/ Yoast SEO Premium plugin. -->","yoast_head_json":{"title":"Tram entgleist in Mailand: Ein Toter, mindestens 39 Verletzte - just-now.NEWS Deutschland","robots":{"index":"index","follow":"follow","max-snippet":"max-snippet:-1","max-image-preview":"max-image-preview:large","max-video-preview":"max-video-preview:-1"},"canonical":"https:\/\/now-news.de\/de\/deutschland\/tram-entgleist-in-mailand-ein-toter-mindestens-39-verletzte\/","og_locale":"de_DE","og_type":"article","og_title":"Tram entgleist in Mailand: Ein Toter, mindestens 39 Verletzte","og_description":"Am Freitag ereignete sich in Mailand ein schwerer Unfall: Eine Stadler-Tram entgleiste im Stadtzentrum und kollidierte mit einem Geb\u00e4ude. Ein Mann starb, rund 39 Personen wurden verletzt. Die genauen Umst\u00e4nde der Entgleisung sind noch unklar, w\u00e4hrend das neue Fahrzeug erst seit wenigen Tagen im Einsatz war. In Mailand ist am Freitag eine Tram aus den [&hellip;]","og_url":"https:\/\/now-news.de\/de\/deutschland\/tram-entgleist-in-mailand-ein-toter-mindestens-39-verletzte\/","og_site_name":"just-now.NEWS Deutschland","article_publisher":"https:\/\/www.facebook.com\/wirmachenauf","article_published_time":"2026-02-27T17:47:24+00:00","og_image":[{"url":"https:\/\/mf.b37mrtl.ru\/deutsch\/images\/2026.02\/original\/69a1d003b480cc5b6d259a96.jpg"}],"author":"rtnews","twitter_card":"summary_large_image","twitter_creator":"@WirMachenAuf_de","twitter_site":"@WirMachenAuf_de","twitter_misc":{"Verfasst von":"rtnews","Gesch\u00e4tzte Lesezeit":"2\u00a0Minuten"},"schema":{"@context":"https:\/\/schema.org","@graph":[{"@type":"Article","@id":"https:\/\/now-news.de\/de\/deutschland\/tram-entgleist-in-mailand-ein-toter-mindestens-39-verletzte\/#article","isPartOf":{"@id":"https:\/\/now-news.de\/de\/deutschland\/tram-entgleist-in-mailand-ein-toter-mindestens-39-verletzte\/"},"author":{"name":"rtnews","@id":"https:\/\/now-news.de\/de\/#\/schema\/person\/fb534a4e865501d8b3285208df34a9b5"},"headline":"Tram entgleist in Mailand: Ein Toter, mindestens 39 Verletzte","datePublished":"2026-02-27T17:47:24+00:00","dateModified":"2026-02-27T17:47:24+00:00","mainEntityOfPage":{"@id":"https:\/\/now-news.de\/de\/deutschland\/tram-entgleist-in-mailand-ein-toter-mindestens-39-verletzte\/"},"wordCount":344,"commentCount":0,"publisher":{"@id":"https:\/\/now-news.de\/de\/#organization"},"image":{"@id":"https:\/\/now-news.de\/de\/deutschland\/tram-entgleist-in-mailand-ein-toter-mindestens-39-verletzte\/#primaryimage"},"thumbnailUrl":"https:\/\/now-news.de\/de\/wp-content\/uploads\/sites\/3\/2026\/02\/Tram-entgleist-in-Mailand-Ein-Toter-mindestens-39-Verletzte.jpg","keywords":["ein","entgleist","Mailand","Mindestens","Toter","Tram","Verletzte"],"articleSection":["Deutschland","Russland"],"inLanguage":"de","potentialAction":[{"@type":"CommentAction","name":"Comment","target":["https:\/\/now-news.de\/de\/deutschland\/tram-entgleist-in-mailand-ein-toter-mindestens-39-verletzte\/#respond"]}]},{"@type":"WebPage","@id":"https:\/\/now-news.de\/de\/deutschland\/tram-entgleist-in-mailand-ein-toter-mindestens-39-verletzte\/","url":"https:\/\/now-news.de\/de\/deutschland\/tram-entgleist-in-mailand-ein-toter-mindestens-39-verletzte\/","name":"Tram entgleist in Mailand: Ein Toter, mindestens 39 Verletzte - just-now.NEWS Deutschland","isPartOf":{"@id":"https:\/\/now-news.de\/de\/#website"},"primaryImageOfPage":{"@id":"https:\/\/now-news.de\/de\/deutschland\/tram-entgleist-in-mailand-ein-toter-mindestens-39-verletzte\/#primaryimage"},"image":{"@id":"https:\/\/now-news.de\/de\/deutschland\/tram-entgleist-in-mailand-ein-toter-mindestens-39-verletzte\/#primaryimage"},"thumbnailUrl":"https:\/\/now-news.de\/de\/wp-content\/uploads\/sites\/3\/2026\/02\/Tram-entgleist-in-Mailand-Ein-Toter-mindestens-39-Verletzte.jpg","datePublished":"2026-02-27T17:47:24+00:00","dateModified":"2026-02-27T17:47:24+00:00","breadcrumb":{"@id":"https:\/\/now-news.de\/de\/deutschland\/tram-entgleist-in-mailand-ein-toter-mindestens-39-verletzte\/#breadcrumb"},"inLanguage":"de","potentialAction":[{"@type":"ReadAction","target":["https:\/\/now-news.de\/de\/deutschland\/tram-entgleist-in-mailand-ein-toter-mindestens-39-verletzte\/"]}]},{"@type":"ImageObject","inLanguage":"de","@id":"https:\/\/now-news.de\/de\/deutschland\/tram-entgleist-in-mailand-ein-toter-mindestens-39-verletzte\/#primaryimage","url":"https:\/\/now-news.de\/de\/wp-content\/uploads\/sites\/3\/2026\/02\/Tram-entgleist-in-Mailand-Ein-Toter-mindestens-39-Verletzte.jpg","contentUrl":"https:\/\/now-news.de\/de\/wp-content\/uploads\/sites\/3\/2026\/02\/Tram-entgleist-in-Mailand-Ein-Toter-mindestens-39-Verletzte.jpg","width":1620,"height":1080,"caption":"Tram entgleist in Mailand: Ein Toter, mindestens 39 Verletzte"},{"@type":"BreadcrumbList","@id":"https:\/\/now-news.de\/de\/deutschland\/tram-entgleist-in-mailand-ein-toter-mindestens-39-verletzte\/#breadcrumb","itemListElement":[{"@type":"ListItem","position":1,"name":"Home","item":"https:\/\/now-news.de\/de\/"},{"@type":"ListItem","position":2,"name":"Tram entgleist in Mailand: Ein Toter, mindestens 39 Verletzte"}]},{"@type":"WebSite","@id":"https:\/\/now-news.de\/de\/#website","url":"https:\/\/now-news.de\/de\/","name":"just-now.NEWS Deutschland","description":"Das Portal f\u00fcr unzensierte Nachrichten aus der Welt","publisher":{"@id":"https:\/\/now-news.de\/de\/#organization"},"potentialAction":[{"@type":"SearchAction","target":{"@type":"EntryPoint","urlTemplate":"https:\/\/now-news.de\/de\/?s={search_term_string}"},"query-input":"required name=search_term_string"}],"inLanguage":"de"},{"@type":"Organization","@id":"https:\/\/now-news.de\/de\/#organization","name":"Just Now News","url":"https:\/\/now-news.de\/de\/","logo":{"@type":"ImageObject","inLanguage":"de","@id":"https:\/\/now-news.de\/de\/#\/schema\/logo\/image\/","url":"http:\/\/just-now.news\/de\/wp-content\/uploads\/sites\/3\/2022\/04\/logo500x500.jpg","contentUrl":"http:\/\/just-now.news\/de\/wp-content\/uploads\/sites\/3\/2022\/04\/logo500x500.jpg","width":500,"height":500,"caption":"Just Now News"},"image":{"@id":"https:\/\/now-news.de\/de\/#\/schema\/logo\/image\/"},"sameAs":["https:\/\/www.facebook.com\/wirmachenauf","https:\/\/x.com\/WirMachenAuf_de"]},{"@type":"Person","@id":"https:\/\/now-news.de\/de\/#\/schema\/person\/fb534a4e865501d8b3285208df34a9b5","name":"rtnews","image":{"@type":"ImageObject","inLanguage":"de","@id":"https:\/\/now-news.de\/de\/#\/schema\/person\/image\/","url":"https:\/\/secure.gravatar.com\/avatar\/82aafea7d8127119dd649515f56e2117?s=96&d=mm&r=g","contentUrl":"https:\/\/secure.gravatar.com\/avatar\/82aafea7d8127119dd649515f56e2117?s=96&d=mm&r=g","caption":"rtnews"},"url":"https:\/\/now-news.de\/de\/author\/rnews\/"}]}},"_links":{"self":[{"href":"https:\/\/now-news.de\/de\/wp-json\/wp\/v2\/posts\/99601"}],"collection":[{"href":"https:\/\/now-news.de\/de\/wp-json\/wp\/v2\/posts"}],"about":[{"href":"https:\/\/now-news.de\/de\/wp-json\/wp\/v2\/types\/post"}],"author":[{"embeddable":true,"href":"https:\/\/now-news.de\/de\/wp-json\/wp\/v2\/users\/3"}],"replies":[{"embeddable":true,"href":"https:\/\/now-news.de\/de\/wp-json\/wp\/v2\/comments?post=99601"}],"version-history":[{"count":0,"href":"https:\/\/now-news.de\/de\/wp-json\/wp\/v2\/posts\/99601\/revisions"}],"wp:featuredmedia":[{"embeddable":true,"href":"https:\/\/now-news.de\/de\/wp-json\/wp\/v2\/media\/99602"}],"wp:attachment":[{"href":"https:\/\/now-news.de\/de\/wp-json\/wp\/v2\/media?parent=99601"}],"wp:term":[{"taxonomy":"category","embeddable":true,"href":"https:\/\/now-news.de\/de\/wp-json\/wp\/v2\/categories?post=99601"},{"taxonomy":"post_tag","embeddable":true,"href":"https:\/\/now-news.de\/de\/wp-json\/wp\/v2\/tags?post=99601"}],"curies":[{"name":"wp","href":"https:\/\/api.w.org\/{rel}","templated":true}]}}