{"id":99551,"date":"2026-02-26T21:27:08","date_gmt":"2026-02-26T19:27:08","guid":{"rendered":"https:\/\/now-news.de\/de\/deutschland\/afghanische-truppen-toeten-mehrere-pakistanische-soldaten\/"},"modified":"2026-02-26T21:27:08","modified_gmt":"2026-02-26T19:27:08","slug":"afghanische-truppen-toeten-mehrere-pakistanische-soldaten","status":"publish","type":"post","link":"https:\/\/now-news.de\/de\/deutschland\/afghanische-truppen-toeten-mehrere-pakistanische-soldaten\/","title":{"rendered":"Afghanische Truppen t\u00f6ten mehrere pakistanische Soldaten"},"content":{"rendered":"<p><img decoding=\"async\" src=\"https:\/\/now-news.de\/de\/wp-content\/uploads\/sites\/3\/2026\/02\/69a09439b480cc1c03407fa8.jpg\" \/><\/p>\n<div class=\"Text-root Text-type_1 \">\n                Luftangriffe und Vorw\u00fcrfe von Terroranschl\u00e4gen belasten derzeit das Verh\u00e4ltnis zwischen den Nachbarn Afghanistan und Pakistan. Jetzt sind afghanische Truppen auf die pakistanische Seite der Grenze vorgesto\u00dfen und haben mehrere Posten besetzt.\n            <\/div>\n<p><\/p>\n<div class=\"Text-root Text-type_5 ArticleView-text ViewText-root \">\n<p>Alte koloniale Grenzziehungen sind oft Grund f\u00fcr langanhaltende Streitigkeiten. So auch im Falle von Pakistan und Afghanistan. Die Grenze zwischen beiden Staaten nennt sich Durand-Linie und geht auf die britische Kolonialherrschaft zur\u00fcck.<\/p>\n<p>Am vergangenen Sonntag soll Pakistan, so zumindest afghanische Quellen, einen Luftangriff gegen Afghanistan durchgef\u00fchrt haben, bei dem 70 Menschen ums Leben kamen. Damals hatte der afghanische Regierungssprecher Zabihullah Mudschahid geschrieben: &#8220;Letzte Nacht bombardierten sie unsere zivilen Landsleute in den Provinzen Nangarhar und Paktika, machten Dutzende zu M\u00e4rtyrern oder verwundeten sie, darunter auch Frauen und Kinder.&#8221; Ein afghanischer Pressebericht hatte von einem Haus in der Provinz Nangarhar berichtet, in dem 23 Mitglieder einer Familie unter den Tr\u00fcmmern begraben wurden. Auch ein religi\u00f6ses Seminar soll von der pakistanischen Luftwaffe beschossen worden sein. Pakistan betont, es seien nur &#8220;Terroristen&#8221; gewesen, die afghanische Regierung spricht von Zivilisten und drohte mit Vergeltung.<\/p>\n<p>Der Vorwurf Pakistans gegen Afghanistan lautet, die Separatisten in Belutschistan sowie pakistanische Taliban zu unterst\u00fctzen. Der pakistanische Innenminister verwies auf j\u00fcngere Angriffe, darunter ein Selbstmordattentat in einer schiitischen Moschee in Islamabad, bei dem 32 Gl\u00e4ubige umkamen; die F\u00fchrung der Attent\u00e4ter sei in Afghanistan zu finden. Unmittelbarer Ausl\u00f6ser der Luftangriffe vom Wochenende war ein Selbstmordattentat mit einem sprengstoffbeladenen Fahrzeug, das in einen Sicherheitsposten im pakistanischen Bezirk Bajaur fuhr und elf Soldaten und ein Kind t\u00f6tete. Der T\u00e4ter soll nach offiziellen Angaben ein Afghane gewesen sein.<\/p>\n<p>Die Grenz\u00fcberg\u00e4nge zwischen Pakistan und Afghanistan sind bereits l\u00e4nger geschlossen. Nun erkl\u00e4rte die afghanische Regierung, in einer Offensive entlang der Grenze 15 Vorposten des pakistanischen Milit\u00e4rs eingenommen und dabei mehrere pakistanische Soldaten get\u00f6tet zu haben; es sollen aber auch Gefangene gemacht worden sein. Ein Sprecher des Milit\u00e4rs in Ostafghanistan erkl\u00e4rte, auf afghanischer Seite habe es keine Verluste gegeben. Damit sind die seit Monaten anhaltenden Scharm\u00fctzel weiter eskaliert.<\/p>\n<p>Besonders kompliziert wird die Lage dadurch, dass auch Indien in diesem Zusammenhang Position bezieht. Das indische Au\u00dfenministerium hat erkl\u00e4rt, es &#8220;verurteilt sch\u00e4rfstens die pakistanischen Luftangriffe auf afghanisches Gebiet, die zivile Opfer forderten, darunter Frauen und Kinder, im heiligen Monat des Ramadan&#8221;. Eine erstaunliche Entwicklung angesichts der Tatsache, dass die Urspr\u00fcnge der jetzt in Afghanistan regierenden Taliban einst afghanische Fl\u00fcchtlinge in Pakistan waren.<\/p>\n<p><strong>Mehr zum Thema<\/strong>\u00a0<strong>\u2013<\/strong>\u00a0<a rel=\"nofollow noopener\" target=\"_blank\" href=\"https:\/\/freedert.online\/meinung\/267820-afghanistan-steht-vor-risiko-zum\/\">Afghanistan steht vor dem Risiko, zum Schauplatz eines gro\u00dfen regionalen Krieges zu werden <\/a><\/p>\n<div class=\"EmbedBlock-root EmbedBlock-externalVideo EmbedBlock-rumble\">\n<div class=\"VkEmbed\"><iframe class=\"lazyload\" data-src=\"https:\/\/rumble.com\/embed\/v6y76e4\" frameborder=\"0\" width=\"853\" height=\"480\" allowfullscreen><\/iframe><\/div>\n<\/div>\n<\/div>\n<p><br \/>\n<br \/><a href=\"https:\/\/de.rt.com\/asien\/271352-afghanische-truppen-toeten-mehrere-pakistanische\/\">Source link <\/a><\/p>\n","protected":false},"excerpt":{"rendered":"<p>Luftangriffe und Vorw\u00fcrfe von Terroranschl\u00e4gen belasten derzeit das Verh\u00e4ltnis zwischen den Nachbarn Afghanistan und Pakistan. Jetzt sind afghanische Truppen auf die pakistanische Seite der Grenze vorgesto\u00dfen und haben mehrere Posten besetzt. Alte koloniale Grenzziehungen sind oft Grund f\u00fcr langanhaltende Streitigkeiten. So auch im Falle von Pakistan und Afghanistan. Die Grenze zwischen beiden Staaten nennt sich [&hellip;]<\/p>\n","protected":false},"author":3,"featured_media":99552,"comment_status":"open","ping_status":"open","sticky":false,"template":"","format":"standard","meta":{"_yoast_indexnow_last_ping":["1772134806"],"wp_automatic_camp":["217"],"ed98f22158f914cdd65e8ea8be9a76c8":["Afghanische Truppen t\u00f6ten mehrere pakistanische Soldaten"],"original_link":["https:\/\/de.rt.com\/asien\/271352-afghanische-truppen-toeten-mehrere-pakistanische\/"],"_thumbnail_id":["99552"],"jnews_social_counter_last_update":["1777257174"],"_wptgpro_p2tg_sent2tg":["a:1:{i:23737;s:19:\"2026-02-26 21:41:06\";}"]},"categories":[19,23],"tags":[10622,3653,21877,2333,2564,3574],"yoast_head":"<!-- This site is optimized with the Yoast SEO Premium plugin v22.7 (Yoast SEO v22.7) - https:\/\/yoast.com\/wordpress\/plugins\/seo\/ -->\n<title>Afghanische Truppen t\u00f6ten mehrere pakistanische Soldaten - just-now.NEWS Deutschland<\/title>\n<meta name=\"robots\" content=\"index, follow, max-snippet:-1, max-image-preview:large, max-video-preview:-1\" \/>\n<link rel=\"canonical\" href=\"https:\/\/now-news.de\/de\/deutschland\/afghanische-truppen-toeten-mehrere-pakistanische-soldaten\/\" \/>\n<meta property=\"og:locale\" content=\"de_DE\" \/>\n<meta property=\"og:type\" content=\"article\" \/>\n<meta property=\"og:title\" content=\"Afghanische Truppen t\u00f6ten mehrere pakistanische Soldaten\" \/>\n<meta property=\"og:description\" content=\"Luftangriffe und Vorw\u00fcrfe von Terroranschl\u00e4gen belasten derzeit das Verh\u00e4ltnis zwischen den Nachbarn Afghanistan und Pakistan. Jetzt sind afghanische Truppen auf die pakistanische Seite der Grenze vorgesto\u00dfen und haben mehrere Posten besetzt. Alte koloniale Grenzziehungen sind oft Grund f\u00fcr langanhaltende Streitigkeiten. So auch im Falle von Pakistan und Afghanistan. Die Grenze zwischen beiden Staaten nennt sich [&hellip;]\" \/>\n<meta property=\"og:url\" content=\"https:\/\/now-news.de\/de\/deutschland\/afghanische-truppen-toeten-mehrere-pakistanische-soldaten\/\" \/>\n<meta property=\"og:site_name\" content=\"just-now.NEWS Deutschland\" \/>\n<meta property=\"article:publisher\" content=\"https:\/\/www.facebook.com\/wirmachenauf\" \/>\n<meta property=\"article:published_time\" content=\"2026-02-26T19:27:08+00:00\" \/>\n<meta property=\"og:image\" content=\"https:\/\/now-news.de\/de\/wp-content\/uploads\/sites\/3\/2026\/02\/69a09439b480cc1c03407fa8.jpg\" \/>\n<meta name=\"author\" content=\"rtnews\" \/>\n<meta name=\"twitter:card\" content=\"summary_large_image\" \/>\n<meta name=\"twitter:creator\" content=\"@WirMachenAuf_de\" \/>\n<meta name=\"twitter:site\" content=\"@WirMachenAuf_de\" \/>\n<meta name=\"twitter:label1\" content=\"Verfasst von\" \/>\n\t<meta name=\"twitter:data1\" content=\"rtnews\" \/>\n\t<meta name=\"twitter:label2\" content=\"Gesch\u00e4tzte Lesezeit\" \/>\n\t<meta name=\"twitter:data2\" content=\"2\u00a0Minuten\" \/>\n<script type=\"application\/ld+json\" class=\"yoast-schema-graph\">{\"@context\":\"https:\/\/schema.org\",\"@graph\":[{\"@type\":\"Article\",\"@id\":\"https:\/\/now-news.de\/de\/deutschland\/afghanische-truppen-toeten-mehrere-pakistanische-soldaten\/#article\",\"isPartOf\":{\"@id\":\"https:\/\/now-news.de\/de\/deutschland\/afghanische-truppen-toeten-mehrere-pakistanische-soldaten\/\"},\"author\":{\"name\":\"rtnews\",\"@id\":\"https:\/\/now-news.de\/de\/#\/schema\/person\/fb534a4e865501d8b3285208df34a9b5\"},\"headline\":\"Afghanische Truppen t\u00f6ten mehrere pakistanische Soldaten\",\"datePublished\":\"2026-02-26T19:27:08+00:00\",\"dateModified\":\"2026-02-26T19:27:08+00:00\",\"mainEntityOfPage\":{\"@id\":\"https:\/\/now-news.de\/de\/deutschland\/afghanische-truppen-toeten-mehrere-pakistanische-soldaten\/\"},\"wordCount\":438,\"commentCount\":0,\"publisher\":{\"@id\":\"https:\/\/now-news.de\/de\/#organization\"},\"image\":{\"@id\":\"https:\/\/now-news.de\/de\/deutschland\/afghanische-truppen-toeten-mehrere-pakistanische-soldaten\/#primaryimage\"},\"thumbnailUrl\":\"https:\/\/now-news.de\/de\/wp-content\/uploads\/sites\/3\/2026\/02\/Afghanische-Truppen-toeten-mehrere-pakistanische-Soldaten.jpg\",\"keywords\":[\"Afghanische\",\"mehrere\",\"Pakistanische\",\"Soldaten\",\"Toten\",\"Truppen\"],\"articleSection\":[\"Deutschland\",\"Russland\"],\"inLanguage\":\"de\",\"potentialAction\":[{\"@type\":\"CommentAction\",\"name\":\"Comment\",\"target\":[\"https:\/\/now-news.de\/de\/deutschland\/afghanische-truppen-toeten-mehrere-pakistanische-soldaten\/#respond\"]}]},{\"@type\":\"WebPage\",\"@id\":\"https:\/\/now-news.de\/de\/deutschland\/afghanische-truppen-toeten-mehrere-pakistanische-soldaten\/\",\"url\":\"https:\/\/now-news.de\/de\/deutschland\/afghanische-truppen-toeten-mehrere-pakistanische-soldaten\/\",\"name\":\"Afghanische Truppen t\u00f6ten mehrere pakistanische Soldaten - just-now.NEWS Deutschland\",\"isPartOf\":{\"@id\":\"https:\/\/now-news.de\/de\/#website\"},\"primaryImageOfPage\":{\"@id\":\"https:\/\/now-news.de\/de\/deutschland\/afghanische-truppen-toeten-mehrere-pakistanische-soldaten\/#primaryimage\"},\"image\":{\"@id\":\"https:\/\/now-news.de\/de\/deutschland\/afghanische-truppen-toeten-mehrere-pakistanische-soldaten\/#primaryimage\"},\"thumbnailUrl\":\"https:\/\/now-news.de\/de\/wp-content\/uploads\/sites\/3\/2026\/02\/Afghanische-Truppen-toeten-mehrere-pakistanische-Soldaten.jpg\",\"datePublished\":\"2026-02-26T19:27:08+00:00\",\"dateModified\":\"2026-02-26T19:27:08+00:00\",\"breadcrumb\":{\"@id\":\"https:\/\/now-news.de\/de\/deutschland\/afghanische-truppen-toeten-mehrere-pakistanische-soldaten\/#breadcrumb\"},\"inLanguage\":\"de\",\"potentialAction\":[{\"@type\":\"ReadAction\",\"target\":[\"https:\/\/now-news.de\/de\/deutschland\/afghanische-truppen-toeten-mehrere-pakistanische-soldaten\/\"]}]},{\"@type\":\"ImageObject\",\"inLanguage\":\"de\",\"@id\":\"https:\/\/now-news.de\/de\/deutschland\/afghanische-truppen-toeten-mehrere-pakistanische-soldaten\/#primaryimage\",\"url\":\"https:\/\/now-news.de\/de\/wp-content\/uploads\/sites\/3\/2026\/02\/Afghanische-Truppen-toeten-mehrere-pakistanische-Soldaten.jpg\",\"contentUrl\":\"https:\/\/now-news.de\/de\/wp-content\/uploads\/sites\/3\/2026\/02\/Afghanische-Truppen-toeten-mehrere-pakistanische-Soldaten.jpg\",\"width\":460,\"height\":259,\"caption\":\"Afghanische Truppen t\u00f6ten mehrere pakistanische Soldaten\"},{\"@type\":\"BreadcrumbList\",\"@id\":\"https:\/\/now-news.de\/de\/deutschland\/afghanische-truppen-toeten-mehrere-pakistanische-soldaten\/#breadcrumb\",\"itemListElement\":[{\"@type\":\"ListItem\",\"position\":1,\"name\":\"Home\",\"item\":\"https:\/\/now-news.de\/de\/\"},{\"@type\":\"ListItem\",\"position\":2,\"name\":\"Afghanische Truppen t\u00f6ten mehrere pakistanische Soldaten\"}]},{\"@type\":\"WebSite\",\"@id\":\"https:\/\/now-news.de\/de\/#website\",\"url\":\"https:\/\/now-news.de\/de\/\",\"name\":\"just-now.NEWS Deutschland\",\"description\":\"Das Portal f\u00fcr unzensierte Nachrichten aus der Welt\",\"publisher\":{\"@id\":\"https:\/\/now-news.de\/de\/#organization\"},\"potentialAction\":[{\"@type\":\"SearchAction\",\"target\":{\"@type\":\"EntryPoint\",\"urlTemplate\":\"https:\/\/now-news.de\/de\/?s={search_term_string}\"},\"query-input\":\"required name=search_term_string\"}],\"inLanguage\":\"de\"},{\"@type\":\"Organization\",\"@id\":\"https:\/\/now-news.de\/de\/#organization\",\"name\":\"Just Now News\",\"url\":\"https:\/\/now-news.de\/de\/\",\"logo\":{\"@type\":\"ImageObject\",\"inLanguage\":\"de\",\"@id\":\"https:\/\/now-news.de\/de\/#\/schema\/logo\/image\/\",\"url\":\"http:\/\/just-now.news\/de\/wp-content\/uploads\/sites\/3\/2022\/04\/logo500x500.jpg\",\"contentUrl\":\"http:\/\/just-now.news\/de\/wp-content\/uploads\/sites\/3\/2022\/04\/logo500x500.jpg\",\"width\":500,\"height\":500,\"caption\":\"Just Now News\"},\"image\":{\"@id\":\"https:\/\/now-news.de\/de\/#\/schema\/logo\/image\/\"},\"sameAs\":[\"https:\/\/www.facebook.com\/wirmachenauf\",\"https:\/\/x.com\/WirMachenAuf_de\"]},{\"@type\":\"Person\",\"@id\":\"https:\/\/now-news.de\/de\/#\/schema\/person\/fb534a4e865501d8b3285208df34a9b5\",\"name\":\"rtnews\",\"image\":{\"@type\":\"ImageObject\",\"inLanguage\":\"de\",\"@id\":\"https:\/\/now-news.de\/de\/#\/schema\/person\/image\/\",\"url\":\"https:\/\/secure.gravatar.com\/avatar\/82aafea7d8127119dd649515f56e2117?s=96&d=mm&r=g\",\"contentUrl\":\"https:\/\/secure.gravatar.com\/avatar\/82aafea7d8127119dd649515f56e2117?s=96&d=mm&r=g\",\"caption\":\"rtnews\"},\"url\":\"https:\/\/now-news.de\/de\/author\/rnews\/\"}]}<\/script>\n<!-- \/ Yoast SEO Premium plugin. -->","yoast_head_json":{"title":"Afghanische Truppen t\u00f6ten mehrere pakistanische Soldaten - just-now.NEWS Deutschland","robots":{"index":"index","follow":"follow","max-snippet":"max-snippet:-1","max-image-preview":"max-image-preview:large","max-video-preview":"max-video-preview:-1"},"canonical":"https:\/\/now-news.de\/de\/deutschland\/afghanische-truppen-toeten-mehrere-pakistanische-soldaten\/","og_locale":"de_DE","og_type":"article","og_title":"Afghanische Truppen t\u00f6ten mehrere pakistanische Soldaten","og_description":"Luftangriffe und Vorw\u00fcrfe von Terroranschl\u00e4gen belasten derzeit das Verh\u00e4ltnis zwischen den Nachbarn Afghanistan und Pakistan. Jetzt sind afghanische Truppen auf die pakistanische Seite der Grenze vorgesto\u00dfen und haben mehrere Posten besetzt. Alte koloniale Grenzziehungen sind oft Grund f\u00fcr langanhaltende Streitigkeiten. So auch im Falle von Pakistan und Afghanistan. Die Grenze zwischen beiden Staaten nennt sich [&hellip;]","og_url":"https:\/\/now-news.de\/de\/deutschland\/afghanische-truppen-toeten-mehrere-pakistanische-soldaten\/","og_site_name":"just-now.NEWS Deutschland","article_publisher":"https:\/\/www.facebook.com\/wirmachenauf","article_published_time":"2026-02-26T19:27:08+00:00","og_image":[{"url":"https:\/\/now-news.de\/de\/wp-content\/uploads\/sites\/3\/2026\/02\/69a09439b480cc1c03407fa8.jpg"}],"author":"rtnews","twitter_card":"summary_large_image","twitter_creator":"@WirMachenAuf_de","twitter_site":"@WirMachenAuf_de","twitter_misc":{"Verfasst von":"rtnews","Gesch\u00e4tzte Lesezeit":"2\u00a0Minuten"},"schema":{"@context":"https:\/\/schema.org","@graph":[{"@type":"Article","@id":"https:\/\/now-news.de\/de\/deutschland\/afghanische-truppen-toeten-mehrere-pakistanische-soldaten\/#article","isPartOf":{"@id":"https:\/\/now-news.de\/de\/deutschland\/afghanische-truppen-toeten-mehrere-pakistanische-soldaten\/"},"author":{"name":"rtnews","@id":"https:\/\/now-news.de\/de\/#\/schema\/person\/fb534a4e865501d8b3285208df34a9b5"},"headline":"Afghanische Truppen t\u00f6ten mehrere pakistanische Soldaten","datePublished":"2026-02-26T19:27:08+00:00","dateModified":"2026-02-26T19:27:08+00:00","mainEntityOfPage":{"@id":"https:\/\/now-news.de\/de\/deutschland\/afghanische-truppen-toeten-mehrere-pakistanische-soldaten\/"},"wordCount":438,"commentCount":0,"publisher":{"@id":"https:\/\/now-news.de\/de\/#organization"},"image":{"@id":"https:\/\/now-news.de\/de\/deutschland\/afghanische-truppen-toeten-mehrere-pakistanische-soldaten\/#primaryimage"},"thumbnailUrl":"https:\/\/now-news.de\/de\/wp-content\/uploads\/sites\/3\/2026\/02\/Afghanische-Truppen-toeten-mehrere-pakistanische-Soldaten.jpg","keywords":["Afghanische","mehrere","Pakistanische","Soldaten","Toten","Truppen"],"articleSection":["Deutschland","Russland"],"inLanguage":"de","potentialAction":[{"@type":"CommentAction","name":"Comment","target":["https:\/\/now-news.de\/de\/deutschland\/afghanische-truppen-toeten-mehrere-pakistanische-soldaten\/#respond"]}]},{"@type":"WebPage","@id":"https:\/\/now-news.de\/de\/deutschland\/afghanische-truppen-toeten-mehrere-pakistanische-soldaten\/","url":"https:\/\/now-news.de\/de\/deutschland\/afghanische-truppen-toeten-mehrere-pakistanische-soldaten\/","name":"Afghanische Truppen t\u00f6ten mehrere pakistanische Soldaten - just-now.NEWS Deutschland","isPartOf":{"@id":"https:\/\/now-news.de\/de\/#website"},"primaryImageOfPage":{"@id":"https:\/\/now-news.de\/de\/deutschland\/afghanische-truppen-toeten-mehrere-pakistanische-soldaten\/#primaryimage"},"image":{"@id":"https:\/\/now-news.de\/de\/deutschland\/afghanische-truppen-toeten-mehrere-pakistanische-soldaten\/#primaryimage"},"thumbnailUrl":"https:\/\/now-news.de\/de\/wp-content\/uploads\/sites\/3\/2026\/02\/Afghanische-Truppen-toeten-mehrere-pakistanische-Soldaten.jpg","datePublished":"2026-02-26T19:27:08+00:00","dateModified":"2026-02-26T19:27:08+00:00","breadcrumb":{"@id":"https:\/\/now-news.de\/de\/deutschland\/afghanische-truppen-toeten-mehrere-pakistanische-soldaten\/#breadcrumb"},"inLanguage":"de","potentialAction":[{"@type":"ReadAction","target":["https:\/\/now-news.de\/de\/deutschland\/afghanische-truppen-toeten-mehrere-pakistanische-soldaten\/"]}]},{"@type":"ImageObject","inLanguage":"de","@id":"https:\/\/now-news.de\/de\/deutschland\/afghanische-truppen-toeten-mehrere-pakistanische-soldaten\/#primaryimage","url":"https:\/\/now-news.de\/de\/wp-content\/uploads\/sites\/3\/2026\/02\/Afghanische-Truppen-toeten-mehrere-pakistanische-Soldaten.jpg","contentUrl":"https:\/\/now-news.de\/de\/wp-content\/uploads\/sites\/3\/2026\/02\/Afghanische-Truppen-toeten-mehrere-pakistanische-Soldaten.jpg","width":460,"height":259,"caption":"Afghanische Truppen t\u00f6ten mehrere pakistanische Soldaten"},{"@type":"BreadcrumbList","@id":"https:\/\/now-news.de\/de\/deutschland\/afghanische-truppen-toeten-mehrere-pakistanische-soldaten\/#breadcrumb","itemListElement":[{"@type":"ListItem","position":1,"name":"Home","item":"https:\/\/now-news.de\/de\/"},{"@type":"ListItem","position":2,"name":"Afghanische Truppen t\u00f6ten mehrere pakistanische Soldaten"}]},{"@type":"WebSite","@id":"https:\/\/now-news.de\/de\/#website","url":"https:\/\/now-news.de\/de\/","name":"just-now.NEWS Deutschland","description":"Das Portal f\u00fcr unzensierte Nachrichten aus der Welt","publisher":{"@id":"https:\/\/now-news.de\/de\/#organization"},"potentialAction":[{"@type":"SearchAction","target":{"@type":"EntryPoint","urlTemplate":"https:\/\/now-news.de\/de\/?s={search_term_string}"},"query-input":"required name=search_term_string"}],"inLanguage":"de"},{"@type":"Organization","@id":"https:\/\/now-news.de\/de\/#organization","name":"Just Now News","url":"https:\/\/now-news.de\/de\/","logo":{"@type":"ImageObject","inLanguage":"de","@id":"https:\/\/now-news.de\/de\/#\/schema\/logo\/image\/","url":"http:\/\/just-now.news\/de\/wp-content\/uploads\/sites\/3\/2022\/04\/logo500x500.jpg","contentUrl":"http:\/\/just-now.news\/de\/wp-content\/uploads\/sites\/3\/2022\/04\/logo500x500.jpg","width":500,"height":500,"caption":"Just Now News"},"image":{"@id":"https:\/\/now-news.de\/de\/#\/schema\/logo\/image\/"},"sameAs":["https:\/\/www.facebook.com\/wirmachenauf","https:\/\/x.com\/WirMachenAuf_de"]},{"@type":"Person","@id":"https:\/\/now-news.de\/de\/#\/schema\/person\/fb534a4e865501d8b3285208df34a9b5","name":"rtnews","image":{"@type":"ImageObject","inLanguage":"de","@id":"https:\/\/now-news.de\/de\/#\/schema\/person\/image\/","url":"https:\/\/secure.gravatar.com\/avatar\/82aafea7d8127119dd649515f56e2117?s=96&d=mm&r=g","contentUrl":"https:\/\/secure.gravatar.com\/avatar\/82aafea7d8127119dd649515f56e2117?s=96&d=mm&r=g","caption":"rtnews"},"url":"https:\/\/now-news.de\/de\/author\/rnews\/"}]}},"_links":{"self":[{"href":"https:\/\/now-news.de\/de\/wp-json\/wp\/v2\/posts\/99551"}],"collection":[{"href":"https:\/\/now-news.de\/de\/wp-json\/wp\/v2\/posts"}],"about":[{"href":"https:\/\/now-news.de\/de\/wp-json\/wp\/v2\/types\/post"}],"author":[{"embeddable":true,"href":"https:\/\/now-news.de\/de\/wp-json\/wp\/v2\/users\/3"}],"replies":[{"embeddable":true,"href":"https:\/\/now-news.de\/de\/wp-json\/wp\/v2\/comments?post=99551"}],"version-history":[{"count":0,"href":"https:\/\/now-news.de\/de\/wp-json\/wp\/v2\/posts\/99551\/revisions"}],"wp:featuredmedia":[{"embeddable":true,"href":"https:\/\/now-news.de\/de\/wp-json\/wp\/v2\/media\/99552"}],"wp:attachment":[{"href":"https:\/\/now-news.de\/de\/wp-json\/wp\/v2\/media?parent=99551"}],"wp:term":[{"taxonomy":"category","embeddable":true,"href":"https:\/\/now-news.de\/de\/wp-json\/wp\/v2\/categories?post=99551"},{"taxonomy":"post_tag","embeddable":true,"href":"https:\/\/now-news.de\/de\/wp-json\/wp\/v2\/tags?post=99551"}],"curies":[{"name":"wp","href":"https:\/\/api.w.org\/{rel}","templated":true}]}}