{"id":9955,"date":"2022-06-06T11:32:44","date_gmt":"2022-06-06T09:32:44","guid":{"rendered":"http:\/\/just-now.news\/de\/deutschland\/wer-hat-ein-recht-auf-wiedervereinigung\/"},"modified":"2022-06-06T11:32:44","modified_gmt":"2022-06-06T09:32:44","slug":"wer-hat-ein-recht-auf-wiedervereinigung","status":"publish","type":"post","link":"https:\/\/now-news.de\/de\/deutschland\/wer-hat-ein-recht-auf-wiedervereinigung\/","title":{"rendered":"Wer hat ein Recht auf Wiedervereinigung?"},"content":{"rendered":"<p><img decoding=\"async\" src=\"http:\/\/just-now.news\/de\/wp-content\/uploads\/sites\/3\/2022\/06\/629c600e48fbef66010e630b.jpg\" \/><\/p>\n<div class=\"Text-root Text-type_1 \">\n                Territoriale Integrit\u00e4t ist die Monstranz, die der Westen vor sich hertr\u00e4gt, wenn es um die Ukraine geht. Dabei werden einige Aspekte \u00fcbergangen, die mit Fragen der Nation zusammenh\u00e4ngen. Nicht nur die Selbstbestimmung. Auch, ob es nicht um eine Wiedervereinigung geht.\n            <\/div>\n<p><\/p>\n<div class=\"Text-root Text-type_5 ArticleView-text ViewText-root \">\n<p><em>von Dagmar Henn<\/em><\/p>\n<p>In Melitopol und anderen befreiten Orten wurden j\u00fcngst B\u00fcros er\u00f6ffnet, in denen die B\u00fcrger russische P\u00e4sse beantragen k\u00f6nnen, und im Internet finden sich Videos langer Menschenschlangen vor diesen B\u00fcros. Die EU hat nat\u00fcrlich bereits erkl\u00e4rt, sie werde diese P\u00e4sse nicht anerkennen; damit setzt sie aber nur die Verdr\u00e4ngung der Realit\u00e4t fort, die schon ihre Politik in der Frage der Krim gepr\u00e4gt hatte.<\/p>\n<p>&#8220;Territoriale Integrit\u00e4t&#8221; lautet das stets wiederholte Stichwort, und man d\u00fcrfe Grenzen nicht ver\u00e4ndern (au\u00dfer nat\u00fcrlich, es geht um jene Serbiens oder Syriens oder &#8230;). Mit am lautesten ert\u00f6nt dieses Geschrei aus Deutschland, was ein klein wenig eigenartig ist \u2013 schlie\u00dflich ist die heutige Bundesrepublik das Ergebnis einer Grenzver\u00e4nderung, die die territoriale Integrit\u00e4t eines anderen Staates komplett aufgehoben hatte und die nicht durch ein Referendum best\u00e4tigt worden war.<\/p>\n<p><strong>Der Fall der DDR: Wiedervereinigung oder feindliche \u00dcbernahme?<\/strong><\/p>\n<p>Die Angliederung der DDR an die Bundesrepublik, so wird argumentiert, sei der Wunsch der dortigen B\u00fcrger gewesen, und zudem wurde der &#8220;Wiedervereinigung&#8221; genannte Prozess (der in einigen entscheidenden Punkten, etwa in der Verfassungsfrage, keine war) mit der Zugeh\u00f6rigkeit beider Teile zu einer Nation begr\u00fcndet, einer &#8220;Schicksalsgemeinschaft&#8221;, die nur durch das Ergebnis des Zweiten Weltkriegs auseinandergerissen wurde und gewisserma\u00dfen von einem kreat\u00fcrlichen Drang beherrscht wird, wieder zusammenzufinden.<\/p>\n<p>Dabei hatte das Deutsche Reich, das den Definitionsrahmen dieser &#8220;Schicksalsgemeinschaft&#8221; abgibt, gar nicht so lange bestanden, ehe es zerteilt wurde; das Datum der Reichsgr\u00fcndung war der 18. Januar 1871 in Versailles, und das Ende war der 8. Mai 1945 in Berlin. Und das, was da 1871 vereinigt wurde, war nicht v\u00f6llig willig. Schlie\u00dflich hatten Anfang des 19. Jahrhunderts Bayern und Preu\u00dfen etwa in den napoleonischen Kriegen gegeneinander gestanden, und die preu\u00dfische Repression nach der Revolution 1848 machte den Hohenzollernstaat auch nicht popul\u00e4rer. &#8220;Sauprei\u00df&#8221; war noch in den 60er-Jahren des 20. Jahrhunderts ein h\u00f6chst popul\u00e4res Schimpfwort in Bayern.<\/p>\n<p>Tats\u00e4chlich war noch zu Beginn des vergangenen Jahrhunderts, ehe die vereinheitlichende Wirkung von Rundfunk und Fernsehen zu tragen kam, die im Alltag gesprochene Sprache alles andere als einheitlich, und die Spanne deutscher Dialekte ist in Wortschatz, Grammatik und Aussprache weit genug, dass ein Sprecher des Plattdeutschen und ein Oberbayer nicht erfolgreich miteinander kommunizieren k\u00f6nnten. Bis 1913 gab es nicht einmal eine direkte deutsche Staatsangeh\u00f6rigkeit; Deutscher war, wer Staatsangeh\u00f6riger eines der deutschen L\u00e4nder war, also etwa der K\u00f6nigreiche Bayern oder Sachsen.<\/p>\n<p>Dass viele dieser Unterschiede heute kaum mehr wahrnehmbar sind, hat mit zahlreichen recht technischen Schritten zu tun. Der Bildung einer einheitlichen Zeitzone im Zusammenhang mit der Entwicklung der Eisenbahnen beispielsweise, der Einf\u00fchrung einheitlicher Ma\u00dfe und Gewichte, einer einheitlichen W\u00e4hrung, eines einheitlichen Postdienstes und so weiter, und der Einf\u00fchrung eines einheitlichen Rechts, beispielsweise durch das Strafgesetzbuch, das am 15. Mai 1871 erlassen wurde. Die Entwicklung eines gemeinsamen Wirtschaftsraums durch Aufhebung der Zollgrenzen zwischen den deutschen Kleinstaaten geh\u00f6rt dabei weitgehend noch zum Vorlauf der Reichsgr\u00fcndung und begann bereits im ersten Drittel des 19. Jahrhunderts. Das f\u00f6derale Bildungssystem, dessen Ursprung in konfessionellen Konflikten liegt, zeigt, dass der Prozess der Formierung des Nationalstaates bis heute nicht zur G\u00e4nze abgeschlossen ist.<\/p>\n<p>Die Geschichte von 1871 bis 1945 wurde dann in der erw\u00e4hnten &#8220;Schicksalsgemeinschaft&#8221; erlebt. Aber was ist mit all den Jahren von 1949 bis 1989, in denen es nicht nur zwei deutsche Staaten gab, sondern zwei v\u00f6llig unterschiedliche gesellschaftliche Systeme, mit unterschiedlichen Traditionen, Flaggen, Hymnen, Staatsb\u00fcrgerschaften, Rechts- und Wirtschaftssystemen? Wie lang dauert es, bis die in einem Staatsgebilde zusammengeschlossene Bev\u00f6lkerung zu einer Nation wird? Oder anders gesagt: Gab es 1989 tats\u00e4chlich eine deutsche Nation, die sich wiedervereinigte, oder gab es zwei deutsche Nationen und eine feindliche \u00dcbernahme?<\/p>\n<p><strong>Die sowjetische Nation<\/strong><\/p>\n<p>Das ist keine banale Frage, was sofort klar wird, wenn wir den geografischen Ort \u00e4ndern. Die Sowjetunion wurde Ende des Jahres 1991 aufgel\u00f6st, klar gegen den Willen der Bev\u00f6lkerung, die sich in einem Referendum eindeutig f\u00fcr den Erhalt der Union ausgesprochen hatte. Sie bestand vor dieser Aufl\u00f6sung etwas l\u00e4nger als das Deutsche Reich, selbst wenn man die Vorgeschichte des Russischen Reiches v\u00f6llig ausblendet, zu dem gro\u00dfe Teile der heutigen Ukraine bereits geh\u00f6rten. Der Zeitraum seit dem Ende der Sowjetunion betr\u00e4gt erst 30 Jahre, also zehn Jahre weniger, als zwei deutsche Staaten existierten. Und die Sowjetunion erf\u00fcllte s\u00e4mtliche Kriterien eines Nationalstaates \u2013 ein einheitliches Wirtschaftssystem (viel einheitlicher, als es ein kapitalistisches je sein k\u00f6nnte), eine gemeinsame Kultur und Sprache, trotz des ausgebauten Minderheitenschutzes, einheitliche Ma\u00dfe, ein einheitliches Rechtssystem, einheitliche Bildung etc. etc.<\/p>\n<p>Ganz zu schweigen von der &#8220;Schicksalsgemeinschaft&#8221;. Es ist kaum ein pr\u00e4genderes Ereignis vorstellbar, um eine solche zu zementieren, als der Abwehrkampf der Sowjetunion gegen den \u00dcberfall der Naziwehrmacht. Eine Abwehr, an der alle V\u00f6lker des Vielv\u00f6lkerstaates beteiligt waren, die in jeder Familie ihren Preis forderte und ihre Spuren hinterlie\u00df. Genau an diesem Punkt liegt der Grund, warum die politischen Kr\u00e4fte, die viele der postsowjetischen Staaten steuern, so sehr darauf bedacht sind, die Geschichte dieses Krieges zu verzerren. Sie wissen, dass das ein Ereignis von der Art war, die Nationen formen, und m\u00fcssen best\u00e4ndig gegen die Nachwirkungen ank\u00e4mpfen, wollen sie ihre Separatstaaten halten.<\/p>\n<p>Wenn es einen Grund gibt, einer deutschen Nation eine Weiterexistenz \u00fcber Jahrzehnte der Spaltung hinweg zu bescheinigen, dann g\u00e4lte das Gleiche f\u00fcr eine sowjetische Nation. Das w\u00fcrde aber bedeuten, dass jeder Schritt der Bewohner eines der abgetrennten Staaten, sei es in Bezug auf das gesamte Gebiet dieser Abtrennung oder einen Teil davon, sich mit der Russischen F\u00f6deration zu vereinen, sich auf einen Anspruch auf Wiedervereinigung der sowjetischen Nation berufen k\u00f6nnte.<\/p>\n<p><strong>&#8220;Territoriale Integrit\u00e4t&#8221; \u2013 ein Schlagwort der Westens<\/strong><\/p>\n<p>Der Einwurf der &#8220;territorialen Integrit\u00e4t&#8221;, der in diesem Zusammenhang im Westen gern gemacht wird, ist zum einen nachweisbar opportunistisch, weil er immer nur in den Zusammenh\u00e4ngen auftaucht, die den eigenen Interessen n\u00fctzen; nicht, wenn es um syrische Kurden oder chinesische Uiguren oder Kosovo-Albaner geht. Das sind allerdings alles F\u00e4lle, in denen bestenfalls eine Frage der Selbstbestimmung, also der staatlichen Formierung einer wom\u00f6glich werdenden Nation mit dieser Integrit\u00e4t kollidiert, nicht ein Wunsch nach Wiedervereinigung einer Nation, die l\u00e4ngst den Status eines Nationalstaates angenommen hatte.<\/p>\n<p>Man sollte annehmen, dass ein Wunsch nach Wiedervereinigung einer bereits voll entwickelten Nation einen st\u00e4rkeren Anspruch darstellt als die Selbstbestimmung einer erst einmal nur behaupteten Nation; unter anderem deshalb, weil es eine materielle Grenze f\u00fcr die Selbstbestimmung gibt, n\u00e4mlich die \u00f6konomische Lebensf\u00e4higkeit. Eine Nation, die bereits in einem Nationalstaat \u00fcber l\u00e4ngere Zeit hinweg existieren konnte, hat belegt, dass sie \u00f6konomisch lebensf\u00e4hig und dadurch imstande ist, Souver\u00e4nit\u00e4t nicht nur zu beanspruchen, sondern auch zu wahren. Nationalstaaten, die keine \u00f6konomische Grundlage haben, sind letztlich totgeborene Kinder, die nur so lange existieren k\u00f6nnen, wie eine externe Macht Interesse an ihnen hat.<\/p>\n<p>Wenn man die wirtschaftliche Entwicklung der Ukraine in den letzten 30 Jahren betrachtet, m\u00fcsste man sich trotz des enormen Territoriums die Frage stellen, ob es sich hierbei um einen totgeborenen Versuch nationaler Selbstbestimmung handelt. Aber abgesehen davon: Das Recht auf Wiedervereinigung all jener, die dies w\u00fcnschen, hat mindestens die gleiche Legitimit\u00e4t wie das Pochen der Anh\u00e4nger des ukrainischen Nationalstaats auf Selbstbestimmung. Letzterer zeigt alle Anzeichen eines gescheiterten Versuchs. Die Bem\u00fchungen, die Geschichte so zurechtzubiegen, dass es gelingt, die Spuren des Gro\u00dfen Vaterl\u00e4ndischen Krieges auszul\u00f6schen, m\u00fcssen sich so weit von der historischen Wahrheit und der gelebten Erfahrung entfernen, dass sie notwendigerweise wahnhafte Z\u00fcge annehmen.<\/p>\n<p>Genau das ist es allerdings, was die Ukraine, wie noch einige andere von der Sowjetunion abgetrennte Gebiete, so tief spaltet. Und diese Spaltung macht es unm\u00f6glich, dass aus der doch eher zuf\u00e4llig zusammengew\u00fcrfelten Bev\u00f6lkerung tats\u00e4chlich eine Nation werden k\u00f6nnte; im allerg\u00fcnstigsten Falle w\u00fcrden es zwei. Denn es ergibt sich keine &#8220;Schicksalsgemeinschaft&#8221;, sondern ein Schicksal, das der eine Teil dem anderen zuf\u00fcgt, eine Art \u00fcberdimensionierter Rosenkrieg, bei dem jeder Eheberater zur baldm\u00f6glichsten Scheidung raten w\u00fcrde.<\/p>\n<p>&#8220;Territoriale Integrit\u00e4t&#8221; \u00fcber die wirklichen W\u00fcnsche gro\u00dfer Gruppen realer Menschen zu stellen, ist eine Sicht, die ihren feudalen Ursprung nicht verhehlen kann. Es ist ein modernes \u00c4quivalent des &#8220;cuius regio, eius religio&#8221;, jener Formel des Westf\u00e4lischen Friedens, nach der jeder Untertan den Glauben des Landesf\u00fcrsten annahm, mit oder gegen seinen Willen. Wechselte der Landesherr, wurde der Protestant eben katholisch. In manchen deutschen Gegenden passierte das alle paar Jahre.<\/p>\n<p>Der Glaube, dem die Bewohner der ehemaligen ukrainischen Sowjetrepublik nun folgen sollen, ist der ihres ersten Staatschefs Leonid Kutschma, der das Gebiet aus der Union herausgetrennt hatte. Weil die politischen Eliten, im unmittelbaren materiellen Eigeninteresse, das sich in Millionen und Milliarden beziffern l\u00e4sst, den Glauben an eine ukrainische Nation verordneten, sind die B\u00fcrger, so anscheinend die Sicht der westlichen Staaten, nun ebenso an diesen Glauben gebunden wie die deutschen Untertanen dereinst. Mit einer demokratischen Sicht, mit Volkssouver\u00e4nit\u00e4t, hat das nichts zu tun. Sie verlangt, dass das Volk, oder eben gegebenenfalls die V\u00f6lker, selbst \u00fcber sein Schicksal entscheidet, und das schl\u00f6sse das Recht mit ein, die nicht sehr wohlgeratene &#8220;Schicksalsgemeinschaft&#8221; Ukraine zu verlassen, auch als territoriales Kollektiv, nicht nur individuell.<\/p>\n<p>Das Prinzip der &#8220;territorialen Integrit\u00e4t&#8221;, dem man gerade ohne allzu gro\u00dfe Hemmungen Hunderttausende ukrainische B\u00fcrger opfert, ist ohnehin nur die kaum verh\u00fcllte Fassade eines externen Anspruchs. Denn sonst g\u00e4be es ein rationaleres, die eigenen B\u00fcrger achtenderes Verhalten. Die ukrainische Armee liefert nur die Bauern in diesem Spiel, der K\u00f6nig sitzt woanders. Logik oder ein ehrlicher Umgang mit Begriffen haben hier keinen Platz. Eine ehrliche Debatte \u00fcber die ganz realen Widerspr\u00fcche, die der Entwicklung zu Grunde liegen, war schon 2014 zum Referendum der Krim unm\u00f6glich.<\/p>\n<p>Das \u00e4ndert aber nichts an der Wirklichkeit, und in der realen Welt vollzieht sich vor unseren Augen ein Prozess der Wiedervereinigung einer k\u00fcnstlich gespaltenen Nation. Anders, als es in Deutschland der Fall war, tats\u00e4chlich vom Willen der B\u00fcrger getragen. Dass dieser Wille nicht ohne milit\u00e4rische Unterst\u00fctzung durchsetzbar ist, \u00e4ndert nichts an der Legitimit\u00e4t eines solchen Prozesses. Die sowjetische Nation ist nicht weniger real als die deutsche. Der kollektive Westen wird dies nat\u00fcrlich weiterhin ignorieren, weil es ihm im Grunde nur um weitere Gebiete geht, die er ausbluten lassen kann; aber letztlich wird er sich dieser Realit\u00e4t nicht widersetzen k\u00f6nnen.<\/p>\n<p><strong>Mehr zum Thema<\/strong> &#8211; <a rel=\"nofollow noopener\" target=\"_blank\" href=\"https:\/\/de.rt.com\/europa\/138879-sowjetische-schenkung-krim-an-ukraine\/\">Jenseits des V\u00f6lkerrechts \u2013 Die sowjetische Schenkung der Krim an die Ukraine im Jahr 1954<\/a><\/p>\n<\/div>\n<p><br \/>\n<br \/><a href=\"https:\/\/de.rt.com\/meinung\/140233-wer-hat-recht-auf-wiedervereinigung\/\">Source link <\/a><\/p>\n","protected":false},"excerpt":{"rendered":"<p>Territoriale Integrit\u00e4t ist die Monstranz, die der Westen vor sich hertr\u00e4gt, wenn es um die Ukraine geht. Dabei werden einige Aspekte \u00fcbergangen, die mit Fragen der Nation zusammenh\u00e4ngen. Nicht nur die Selbstbestimmung. Auch, ob es nicht um eine Wiedervereinigung geht. von Dagmar Henn In Melitopol und anderen befreiten Orten wurden j\u00fcngst B\u00fcros er\u00f6ffnet, in denen [&hellip;]<\/p>\n","protected":false},"author":3,"featured_media":9956,"comment_status":"open","ping_status":"open","sticky":false,"template":"","format":"standard","meta":{"wp_automatic_camp":["217"],"16f17cb9cee382bec369ba50ef45ac9a":["Wer hat ein Recht auf Wiedervereinigung?"],"original_link":["https:\/\/de.rt.com\/meinung\/140233-wer-hat-recht-auf-wiedervereinigung\/"],"_thumbnail_id":["9956"],"_wptg_p2tg_sent2tg":["2022-06-06 11:50:18"],"jnews_social_counter_last_update":["1777360655"]},"categories":[19,23],"tags":[133,357,423,16081,8965,23308],"yoast_head":"<!-- This site is optimized with the Yoast SEO Premium plugin v22.7 (Yoast SEO v22.7) - https:\/\/yoast.com\/wordpress\/plugins\/seo\/ -->\n<title>Wer hat ein Recht auf Wiedervereinigung? - just-now.NEWS Deutschland<\/title>\n<meta name=\"robots\" content=\"index, follow, max-snippet:-1, max-image-preview:large, max-video-preview:-1\" \/>\n<link rel=\"canonical\" href=\"https:\/\/now-news.de\/de\/deutschland\/wer-hat-ein-recht-auf-wiedervereinigung\/\" \/>\n<meta property=\"og:locale\" content=\"de_DE\" \/>\n<meta property=\"og:type\" content=\"article\" \/>\n<meta property=\"og:title\" content=\"Wer hat ein Recht auf Wiedervereinigung?\" \/>\n<meta property=\"og:description\" content=\"Territoriale Integrit\u00e4t ist die Monstranz, die der Westen vor sich hertr\u00e4gt, wenn es um die Ukraine geht. Dabei werden einige Aspekte \u00fcbergangen, die mit Fragen der Nation zusammenh\u00e4ngen. Nicht nur die Selbstbestimmung. Auch, ob es nicht um eine Wiedervereinigung geht. von Dagmar Henn In Melitopol und anderen befreiten Orten wurden j\u00fcngst B\u00fcros er\u00f6ffnet, in denen [&hellip;]\" \/>\n<meta property=\"og:url\" content=\"https:\/\/now-news.de\/de\/deutschland\/wer-hat-ein-recht-auf-wiedervereinigung\/\" \/>\n<meta property=\"og:site_name\" content=\"just-now.NEWS Deutschland\" \/>\n<meta property=\"article:publisher\" content=\"https:\/\/www.facebook.com\/wirmachenauf\" \/>\n<meta property=\"article:published_time\" content=\"2022-06-06T09:32:44+00:00\" \/>\n<meta property=\"og:image\" content=\"https:\/\/now-news.de\/de\/wp-content\/uploads\/sites\/3\/2022\/06\/Wer-hat-ein-Recht-auf-Wiedervereinigung.jpg\" \/>\n\t<meta property=\"og:image:width\" content=\"460\" \/>\n\t<meta property=\"og:image:height\" content=\"259\" \/>\n\t<meta property=\"og:image:type\" content=\"image\/jpeg\" \/>\n<meta name=\"author\" content=\"rtnews\" \/>\n<meta name=\"twitter:card\" content=\"summary_large_image\" \/>\n<meta name=\"twitter:creator\" content=\"@WirMachenAuf_de\" \/>\n<meta name=\"twitter:site\" content=\"@WirMachenAuf_de\" \/>\n<meta name=\"twitter:label1\" content=\"Verfasst von\" \/>\n\t<meta name=\"twitter:data1\" content=\"rtnews\" \/>\n\t<meta name=\"twitter:label2\" content=\"Gesch\u00e4tzte Lesezeit\" \/>\n\t<meta name=\"twitter:data2\" content=\"9\u00a0Minuten\" \/>\n<script type=\"application\/ld+json\" class=\"yoast-schema-graph\">{\"@context\":\"https:\/\/schema.org\",\"@graph\":[{\"@type\":\"Article\",\"@id\":\"https:\/\/now-news.de\/de\/deutschland\/wer-hat-ein-recht-auf-wiedervereinigung\/#article\",\"isPartOf\":{\"@id\":\"https:\/\/now-news.de\/de\/deutschland\/wer-hat-ein-recht-auf-wiedervereinigung\/\"},\"author\":{\"name\":\"rtnews\",\"@id\":\"https:\/\/now-news.de\/de\/#\/schema\/person\/fb534a4e865501d8b3285208df34a9b5\"},\"headline\":\"Wer hat ein Recht auf Wiedervereinigung?\",\"datePublished\":\"2022-06-06T09:32:44+00:00\",\"dateModified\":\"2022-06-06T09:32:44+00:00\",\"mainEntityOfPage\":{\"@id\":\"https:\/\/now-news.de\/de\/deutschland\/wer-hat-ein-recht-auf-wiedervereinigung\/\"},\"wordCount\":1818,\"commentCount\":0,\"publisher\":{\"@id\":\"https:\/\/now-news.de\/de\/#organization\"},\"image\":{\"@id\":\"https:\/\/now-news.de\/de\/deutschland\/wer-hat-ein-recht-auf-wiedervereinigung\/#primaryimage\"},\"thumbnailUrl\":\"https:\/\/now-news.de\/de\/wp-content\/uploads\/sites\/3\/2022\/06\/Wer-hat-ein-Recht-auf-Wiedervereinigung.jpg\",\"keywords\":[\"AUF\",\"ein\",\"hat\",\"Recht\",\"Wer\",\"Wiedervereinigung\"],\"articleSection\":[\"Deutschland\",\"Russland\"],\"inLanguage\":\"de\",\"potentialAction\":[{\"@type\":\"CommentAction\",\"name\":\"Comment\",\"target\":[\"https:\/\/now-news.de\/de\/deutschland\/wer-hat-ein-recht-auf-wiedervereinigung\/#respond\"]}]},{\"@type\":\"WebPage\",\"@id\":\"https:\/\/now-news.de\/de\/deutschland\/wer-hat-ein-recht-auf-wiedervereinigung\/\",\"url\":\"https:\/\/now-news.de\/de\/deutschland\/wer-hat-ein-recht-auf-wiedervereinigung\/\",\"name\":\"Wer hat ein Recht auf Wiedervereinigung? - just-now.NEWS Deutschland\",\"isPartOf\":{\"@id\":\"https:\/\/now-news.de\/de\/#website\"},\"primaryImageOfPage\":{\"@id\":\"https:\/\/now-news.de\/de\/deutschland\/wer-hat-ein-recht-auf-wiedervereinigung\/#primaryimage\"},\"image\":{\"@id\":\"https:\/\/now-news.de\/de\/deutschland\/wer-hat-ein-recht-auf-wiedervereinigung\/#primaryimage\"},\"thumbnailUrl\":\"https:\/\/now-news.de\/de\/wp-content\/uploads\/sites\/3\/2022\/06\/Wer-hat-ein-Recht-auf-Wiedervereinigung.jpg\",\"datePublished\":\"2022-06-06T09:32:44+00:00\",\"dateModified\":\"2022-06-06T09:32:44+00:00\",\"breadcrumb\":{\"@id\":\"https:\/\/now-news.de\/de\/deutschland\/wer-hat-ein-recht-auf-wiedervereinigung\/#breadcrumb\"},\"inLanguage\":\"de\",\"potentialAction\":[{\"@type\":\"ReadAction\",\"target\":[\"https:\/\/now-news.de\/de\/deutschland\/wer-hat-ein-recht-auf-wiedervereinigung\/\"]}]},{\"@type\":\"ImageObject\",\"inLanguage\":\"de\",\"@id\":\"https:\/\/now-news.de\/de\/deutschland\/wer-hat-ein-recht-auf-wiedervereinigung\/#primaryimage\",\"url\":\"https:\/\/now-news.de\/de\/wp-content\/uploads\/sites\/3\/2022\/06\/Wer-hat-ein-Recht-auf-Wiedervereinigung.jpg\",\"contentUrl\":\"https:\/\/now-news.de\/de\/wp-content\/uploads\/sites\/3\/2022\/06\/Wer-hat-ein-Recht-auf-Wiedervereinigung.jpg\",\"width\":460,\"height\":259,\"caption\":\"Wer hat ein Recht auf Wiedervereinigung?\"},{\"@type\":\"BreadcrumbList\",\"@id\":\"https:\/\/now-news.de\/de\/deutschland\/wer-hat-ein-recht-auf-wiedervereinigung\/#breadcrumb\",\"itemListElement\":[{\"@type\":\"ListItem\",\"position\":1,\"name\":\"Home\",\"item\":\"https:\/\/now-news.de\/de\/\"},{\"@type\":\"ListItem\",\"position\":2,\"name\":\"Wer hat ein Recht auf Wiedervereinigung?\"}]},{\"@type\":\"WebSite\",\"@id\":\"https:\/\/now-news.de\/de\/#website\",\"url\":\"https:\/\/now-news.de\/de\/\",\"name\":\"just-now.NEWS Deutschland\",\"description\":\"Das Portal f\u00fcr unzensierte Nachrichten aus der Welt\",\"publisher\":{\"@id\":\"https:\/\/now-news.de\/de\/#organization\"},\"potentialAction\":[{\"@type\":\"SearchAction\",\"target\":{\"@type\":\"EntryPoint\",\"urlTemplate\":\"https:\/\/now-news.de\/de\/?s={search_term_string}\"},\"query-input\":\"required name=search_term_string\"}],\"inLanguage\":\"de\"},{\"@type\":\"Organization\",\"@id\":\"https:\/\/now-news.de\/de\/#organization\",\"name\":\"Just Now News\",\"url\":\"https:\/\/now-news.de\/de\/\",\"logo\":{\"@type\":\"ImageObject\",\"inLanguage\":\"de\",\"@id\":\"https:\/\/now-news.de\/de\/#\/schema\/logo\/image\/\",\"url\":\"http:\/\/just-now.news\/de\/wp-content\/uploads\/sites\/3\/2022\/04\/logo500x500.jpg\",\"contentUrl\":\"http:\/\/just-now.news\/de\/wp-content\/uploads\/sites\/3\/2022\/04\/logo500x500.jpg\",\"width\":500,\"height\":500,\"caption\":\"Just Now News\"},\"image\":{\"@id\":\"https:\/\/now-news.de\/de\/#\/schema\/logo\/image\/\"},\"sameAs\":[\"https:\/\/www.facebook.com\/wirmachenauf\",\"https:\/\/x.com\/WirMachenAuf_de\"]},{\"@type\":\"Person\",\"@id\":\"https:\/\/now-news.de\/de\/#\/schema\/person\/fb534a4e865501d8b3285208df34a9b5\",\"name\":\"rtnews\",\"image\":{\"@type\":\"ImageObject\",\"inLanguage\":\"de\",\"@id\":\"https:\/\/now-news.de\/de\/#\/schema\/person\/image\/\",\"url\":\"https:\/\/secure.gravatar.com\/avatar\/82aafea7d8127119dd649515f56e2117?s=96&d=mm&r=g\",\"contentUrl\":\"https:\/\/secure.gravatar.com\/avatar\/82aafea7d8127119dd649515f56e2117?s=96&d=mm&r=g\",\"caption\":\"rtnews\"},\"url\":\"https:\/\/now-news.de\/de\/author\/rnews\/\"}]}<\/script>\n<!-- \/ Yoast SEO Premium plugin. -->","yoast_head_json":{"title":"Wer hat ein Recht auf Wiedervereinigung? - just-now.NEWS Deutschland","robots":{"index":"index","follow":"follow","max-snippet":"max-snippet:-1","max-image-preview":"max-image-preview:large","max-video-preview":"max-video-preview:-1"},"canonical":"https:\/\/now-news.de\/de\/deutschland\/wer-hat-ein-recht-auf-wiedervereinigung\/","og_locale":"de_DE","og_type":"article","og_title":"Wer hat ein Recht auf Wiedervereinigung?","og_description":"Territoriale Integrit\u00e4t ist die Monstranz, die der Westen vor sich hertr\u00e4gt, wenn es um die Ukraine geht. Dabei werden einige Aspekte \u00fcbergangen, die mit Fragen der Nation zusammenh\u00e4ngen. Nicht nur die Selbstbestimmung. Auch, ob es nicht um eine Wiedervereinigung geht. von Dagmar Henn In Melitopol und anderen befreiten Orten wurden j\u00fcngst B\u00fcros er\u00f6ffnet, in denen [&hellip;]","og_url":"https:\/\/now-news.de\/de\/deutschland\/wer-hat-ein-recht-auf-wiedervereinigung\/","og_site_name":"just-now.NEWS Deutschland","article_publisher":"https:\/\/www.facebook.com\/wirmachenauf","article_published_time":"2022-06-06T09:32:44+00:00","og_image":[{"width":460,"height":259,"url":"https:\/\/now-news.de\/de\/wp-content\/uploads\/sites\/3\/2022\/06\/Wer-hat-ein-Recht-auf-Wiedervereinigung.jpg","type":"image\/jpeg"}],"author":"rtnews","twitter_card":"summary_large_image","twitter_creator":"@WirMachenAuf_de","twitter_site":"@WirMachenAuf_de","twitter_misc":{"Verfasst von":"rtnews","Gesch\u00e4tzte Lesezeit":"9\u00a0Minuten"},"schema":{"@context":"https:\/\/schema.org","@graph":[{"@type":"Article","@id":"https:\/\/now-news.de\/de\/deutschland\/wer-hat-ein-recht-auf-wiedervereinigung\/#article","isPartOf":{"@id":"https:\/\/now-news.de\/de\/deutschland\/wer-hat-ein-recht-auf-wiedervereinigung\/"},"author":{"name":"rtnews","@id":"https:\/\/now-news.de\/de\/#\/schema\/person\/fb534a4e865501d8b3285208df34a9b5"},"headline":"Wer hat ein Recht auf Wiedervereinigung?","datePublished":"2022-06-06T09:32:44+00:00","dateModified":"2022-06-06T09:32:44+00:00","mainEntityOfPage":{"@id":"https:\/\/now-news.de\/de\/deutschland\/wer-hat-ein-recht-auf-wiedervereinigung\/"},"wordCount":1818,"commentCount":0,"publisher":{"@id":"https:\/\/now-news.de\/de\/#organization"},"image":{"@id":"https:\/\/now-news.de\/de\/deutschland\/wer-hat-ein-recht-auf-wiedervereinigung\/#primaryimage"},"thumbnailUrl":"https:\/\/now-news.de\/de\/wp-content\/uploads\/sites\/3\/2022\/06\/Wer-hat-ein-Recht-auf-Wiedervereinigung.jpg","keywords":["AUF","ein","hat","Recht","Wer","Wiedervereinigung"],"articleSection":["Deutschland","Russland"],"inLanguage":"de","potentialAction":[{"@type":"CommentAction","name":"Comment","target":["https:\/\/now-news.de\/de\/deutschland\/wer-hat-ein-recht-auf-wiedervereinigung\/#respond"]}]},{"@type":"WebPage","@id":"https:\/\/now-news.de\/de\/deutschland\/wer-hat-ein-recht-auf-wiedervereinigung\/","url":"https:\/\/now-news.de\/de\/deutschland\/wer-hat-ein-recht-auf-wiedervereinigung\/","name":"Wer hat ein Recht auf Wiedervereinigung? - just-now.NEWS Deutschland","isPartOf":{"@id":"https:\/\/now-news.de\/de\/#website"},"primaryImageOfPage":{"@id":"https:\/\/now-news.de\/de\/deutschland\/wer-hat-ein-recht-auf-wiedervereinigung\/#primaryimage"},"image":{"@id":"https:\/\/now-news.de\/de\/deutschland\/wer-hat-ein-recht-auf-wiedervereinigung\/#primaryimage"},"thumbnailUrl":"https:\/\/now-news.de\/de\/wp-content\/uploads\/sites\/3\/2022\/06\/Wer-hat-ein-Recht-auf-Wiedervereinigung.jpg","datePublished":"2022-06-06T09:32:44+00:00","dateModified":"2022-06-06T09:32:44+00:00","breadcrumb":{"@id":"https:\/\/now-news.de\/de\/deutschland\/wer-hat-ein-recht-auf-wiedervereinigung\/#breadcrumb"},"inLanguage":"de","potentialAction":[{"@type":"ReadAction","target":["https:\/\/now-news.de\/de\/deutschland\/wer-hat-ein-recht-auf-wiedervereinigung\/"]}]},{"@type":"ImageObject","inLanguage":"de","@id":"https:\/\/now-news.de\/de\/deutschland\/wer-hat-ein-recht-auf-wiedervereinigung\/#primaryimage","url":"https:\/\/now-news.de\/de\/wp-content\/uploads\/sites\/3\/2022\/06\/Wer-hat-ein-Recht-auf-Wiedervereinigung.jpg","contentUrl":"https:\/\/now-news.de\/de\/wp-content\/uploads\/sites\/3\/2022\/06\/Wer-hat-ein-Recht-auf-Wiedervereinigung.jpg","width":460,"height":259,"caption":"Wer hat ein Recht auf Wiedervereinigung?"},{"@type":"BreadcrumbList","@id":"https:\/\/now-news.de\/de\/deutschland\/wer-hat-ein-recht-auf-wiedervereinigung\/#breadcrumb","itemListElement":[{"@type":"ListItem","position":1,"name":"Home","item":"https:\/\/now-news.de\/de\/"},{"@type":"ListItem","position":2,"name":"Wer hat ein Recht auf Wiedervereinigung?"}]},{"@type":"WebSite","@id":"https:\/\/now-news.de\/de\/#website","url":"https:\/\/now-news.de\/de\/","name":"just-now.NEWS Deutschland","description":"Das Portal f\u00fcr unzensierte Nachrichten aus der Welt","publisher":{"@id":"https:\/\/now-news.de\/de\/#organization"},"potentialAction":[{"@type":"SearchAction","target":{"@type":"EntryPoint","urlTemplate":"https:\/\/now-news.de\/de\/?s={search_term_string}"},"query-input":"required name=search_term_string"}],"inLanguage":"de"},{"@type":"Organization","@id":"https:\/\/now-news.de\/de\/#organization","name":"Just Now News","url":"https:\/\/now-news.de\/de\/","logo":{"@type":"ImageObject","inLanguage":"de","@id":"https:\/\/now-news.de\/de\/#\/schema\/logo\/image\/","url":"http:\/\/just-now.news\/de\/wp-content\/uploads\/sites\/3\/2022\/04\/logo500x500.jpg","contentUrl":"http:\/\/just-now.news\/de\/wp-content\/uploads\/sites\/3\/2022\/04\/logo500x500.jpg","width":500,"height":500,"caption":"Just Now News"},"image":{"@id":"https:\/\/now-news.de\/de\/#\/schema\/logo\/image\/"},"sameAs":["https:\/\/www.facebook.com\/wirmachenauf","https:\/\/x.com\/WirMachenAuf_de"]},{"@type":"Person","@id":"https:\/\/now-news.de\/de\/#\/schema\/person\/fb534a4e865501d8b3285208df34a9b5","name":"rtnews","image":{"@type":"ImageObject","inLanguage":"de","@id":"https:\/\/now-news.de\/de\/#\/schema\/person\/image\/","url":"https:\/\/secure.gravatar.com\/avatar\/82aafea7d8127119dd649515f56e2117?s=96&d=mm&r=g","contentUrl":"https:\/\/secure.gravatar.com\/avatar\/82aafea7d8127119dd649515f56e2117?s=96&d=mm&r=g","caption":"rtnews"},"url":"https:\/\/now-news.de\/de\/author\/rnews\/"}]}},"_links":{"self":[{"href":"https:\/\/now-news.de\/de\/wp-json\/wp\/v2\/posts\/9955"}],"collection":[{"href":"https:\/\/now-news.de\/de\/wp-json\/wp\/v2\/posts"}],"about":[{"href":"https:\/\/now-news.de\/de\/wp-json\/wp\/v2\/types\/post"}],"author":[{"embeddable":true,"href":"https:\/\/now-news.de\/de\/wp-json\/wp\/v2\/users\/3"}],"replies":[{"embeddable":true,"href":"https:\/\/now-news.de\/de\/wp-json\/wp\/v2\/comments?post=9955"}],"version-history":[{"count":0,"href":"https:\/\/now-news.de\/de\/wp-json\/wp\/v2\/posts\/9955\/revisions"}],"wp:featuredmedia":[{"embeddable":true,"href":"https:\/\/now-news.de\/de\/wp-json\/wp\/v2\/media\/9956"}],"wp:attachment":[{"href":"https:\/\/now-news.de\/de\/wp-json\/wp\/v2\/media?parent=9955"}],"wp:term":[{"taxonomy":"category","embeddable":true,"href":"https:\/\/now-news.de\/de\/wp-json\/wp\/v2\/categories?post=9955"},{"taxonomy":"post_tag","embeddable":true,"href":"https:\/\/now-news.de\/de\/wp-json\/wp\/v2\/tags?post=9955"}],"curies":[{"name":"wp","href":"https:\/\/api.w.org\/{rel}","templated":true}]}}