{"id":99522,"date":"2026-02-26T15:50:14","date_gmt":"2026-02-26T13:50:14","guid":{"rendered":"https:\/\/now-news.de\/de\/deutschland\/weitere-20-afghanische-straftaeter-abgeschoben\/"},"modified":"2026-02-26T15:50:14","modified_gmt":"2026-02-26T13:50:14","slug":"weitere-20-afghanische-straftaeter-abgeschoben","status":"publish","type":"post","link":"https:\/\/now-news.de\/de\/deutschland\/weitere-20-afghanische-straftaeter-abgeschoben\/","title":{"rendered":"Weitere 20 afghanische Straft\u00e4ter abgeschoben"},"content":{"rendered":"<p><img decoding=\"async\" src=\"https:\/\/now-news.de\/de\/wp-content\/uploads\/sites\/3\/2026\/02\/69a044cd48fbef18f13eb67a.jpg\" \/><\/p>\n<div class=\"Text-root Text-type_1 \">\n                Eine Maschine mit 20 in Deutschland wegen schwerer Straftaten verurteilten Afghanen sind von Leipzig nach Kabul gestartet. Eine Zahl, die nicht sonderlich beeindruckt. Aber immerhin war dies der erste derartige Flug, der nicht einzeln \u00fcber vermittelnde Staaten ausgehandelt wurde.\n            <\/div>\n<p><\/p>\n<div class=\"Text-root Text-type_5 ArticleView-text ViewText-root \">\n<p>Vom Flughafen Leipzig startete der n\u00e4chste Abschiebeflug nach Afghanistan mit 20 Straft\u00e4tern. Nach Angaben des Innenministeriums wurden die M\u00e4nner unter anderem wegen Sexualdelikten, K\u00f6rperverletzung und Drogendelikten verurteilt.<\/p>\n<p>Beispielhaft daf\u00fcr d\u00fcrften die drei M\u00e4nner stehen, die aus Bayern abgeschoben wurden. Von den drei M\u00e4nnern im Alter von 25, 27 und 53 Jahren war einer wegen r\u00e4uberischer Erpressung verurteilt, ein weiterer sa\u00df wegen K\u00f6rperverletzung und eines Angriffs auf Vollstreckungsbeamte im Ma\u00dfregelvollzug, und der dritte war wegen Sexualdelikten an Minderj\u00e4hrigen verurteilt.<\/p>\n<p>Auch das s\u00e4chsische Innenministerium <a rel=\"nofollow noopener\" target=\"_blank\" href=\"https:\/\/www.medienservice.sachsen.de\/medien\/news\/1095265\">\u00e4u\u00dferte<\/a> sich dazu \u2013 von dort wurden ebenfalls drei Straft\u00e4ter abgeschoben. &#8220;Einer der aus Sachsen abgeschobenen Afghanen hatte im Jahr 2023 im Erzgebirgskreis einem Lokf\u00fchrer schwere Verletzungen zugef\u00fcgt.&#8221; Der damals 15-J\u00e4hrige war in der Erzgebirgsbahn mit einem anderen Fahrgast in Streit geraten; dem Lokf\u00fchrer, der den Streit schlichten wollte, brach der Jugendliche Nase und Schl\u00fcsselbein.<\/p>\n<p>Abgesehen von Einzelabschiebungen per Linienflug war das der erste Abschiebeflug per Charterflugzeug mit diesem Ziel seit dem Juli 2025, als 81 Straft\u00e4ter ausgeflogen wurden. Im Gegensatz zu damals erfolgte dieser Flug als erster auf Grundlage einer Vereinbarung mit der derzeitigen afghanischen Regierung und nicht mehr \u00fcber Vermittler, wie Katar im vergangenen Dezember.<\/p>\n<p>&#8220;Die Abschiebung von Straft\u00e4tern ist ein zentraler Baustein von Kontrolle, Kurs und klarer Kante in der Migrationspolitik. Unsere Vereinbarung schafft eine verl\u00e4ssliche Grundlage f\u00fcr direkte und dauerhafte Abschiebungen nach Afghanistan&#8221;, <a rel=\"nofollow noopener\" target=\"_blank\" href=\"https:\/\/www.bmi.bund.de\/SharedDocs\/pressemitteilungen\/DE\/2026\/02\/straftaeter-ausgeflogen.html\">erkl\u00e4rte<\/a> Innenminister Alexander Dobrindt zum Flug nach Kabul. Auch Bayerns Innenminister Joachim Herrmann \u00e4u\u00dferte sich erfreut: &#8220;Ich begr\u00fc\u00dfe es sehr, dass wir heute drei verurteilte Straft\u00e4ter aus Bayern erfolgreich nach Afghanistan abschieben konnten.&#8221;<\/p>\n<p>Anfang 2025 lebten nach offizieller Statistik etwa 385.000 Afghanen in Deutschland. Davon waren damals etwa 11.400 ausreisepflichtig. Etwa 9.600 von ihnen haben aber dennoch eine Duldung. Die Zahl der Straft\u00e4ter, die nach den bisher angesetzten Kriterien tats\u00e4chlich Abschiebekandidaten sind, d\u00fcrfte bei wenigen Hundert liegen, da nur Straft\u00e4ter, die zu langj\u00e4hrigen Haftstrafen verurteilt wurden, abgeschoben werden.<\/p>\n<p>Gegen die damit erfolgte Wiederaufnahme von Abschiebungen nach Afghanistan protestierte unter anderem UN-Menschenrechtskommissar Volker T\u00fcrk, der erkl\u00e4rte, es m\u00fcsse sichergestellt werden, dass dadurch nicht das prinzipielle Verbot von R\u00fcckf\u00fchrungen in Gef\u00e4hrdungssituationen verletzt werde.<\/p>\n<p><strong>Mehr zum Thema<\/strong>\u00a0<strong>\u2013<\/strong>\u00a0<a rel=\"nofollow noopener\" target=\"_blank\" href=\"https:\/\/freedert.online\/inland\/251012-abschiebeflug-81-ausreisepflichtige-afghanen-am\/\">Abschiebeflug: 81 ausreisepflichtige Afghanen am Morgen abgeschoben <\/a><\/p>\n<div class=\"EmbedBlock-root EmbedBlock-externalVideo EmbedBlock-rumble\">\n<div class=\"VkEmbed\"><iframe class=\"lazyload\" data-src=\"https:\/\/rumble.com\/embed\/v6wxmxa\" frameborder=\"0\" width=\"853\" height=\"480\" allowfullscreen><\/iframe><\/div>\n<\/div>\n<\/div>\n<p><br \/>\n<br \/><a href=\"https:\/\/de.rt.com\/inland\/271315-20-afghanische-straftaeter-abgeschoben\/\">Source link <\/a><\/p>\n","protected":false},"excerpt":{"rendered":"<p>Eine Maschine mit 20 in Deutschland wegen schwerer Straftaten verurteilten Afghanen sind von Leipzig nach Kabul gestartet. Eine Zahl, die nicht sonderlich beeindruckt. Aber immerhin war dies der erste derartige Flug, der nicht einzeln \u00fcber vermittelnde Staaten ausgehandelt wurde. Vom Flughafen Leipzig startete der n\u00e4chste Abschiebeflug nach Afghanistan mit 20 Straft\u00e4tern. Nach Angaben des Innenministeriums [&hellip;]<\/p>\n","protected":false},"author":3,"featured_media":99523,"comment_status":"open","ping_status":"open","sticky":false,"template":"","format":"standard","meta":{"_yoast_indexnow_last_ping":["1772114585"],"wp_automatic_camp":["217"],"70b504a06f1277597f76c839e65b457a":["Weitere 20 afghanische Straft\u00e4ter abgeschoben"],"original_link":["https:\/\/de.rt.com\/inland\/271315-20-afghanische-straftaeter-abgeschoben\/"],"_thumbnail_id":["99523"],"jnews_social_counter_last_update":["1777610694"],"_wptgpro_p2tg_sent2tg":["a:1:{i:23737;s:19:\"2026-02-26 16:04:08\";}"]},"categories":[19,23],"tags":[29043,10622,56177,823],"yoast_head":"<!-- This site is optimized with the Yoast SEO Premium plugin v22.7 (Yoast SEO v22.7) - https:\/\/yoast.com\/wordpress\/plugins\/seo\/ -->\n<title>Weitere 20 afghanische Straft\u00e4ter abgeschoben - just-now.NEWS Deutschland<\/title>\n<meta name=\"robots\" content=\"index, follow, max-snippet:-1, max-image-preview:large, max-video-preview:-1\" \/>\n<link rel=\"canonical\" href=\"https:\/\/now-news.de\/de\/deutschland\/weitere-20-afghanische-straftaeter-abgeschoben\/\" \/>\n<meta property=\"og:locale\" content=\"de_DE\" \/>\n<meta property=\"og:type\" content=\"article\" \/>\n<meta property=\"og:title\" content=\"Weitere 20 afghanische Straft\u00e4ter abgeschoben\" \/>\n<meta property=\"og:description\" content=\"Eine Maschine mit 20 in Deutschland wegen schwerer Straftaten verurteilten Afghanen sind von Leipzig nach Kabul gestartet. Eine Zahl, die nicht sonderlich beeindruckt. Aber immerhin war dies der erste derartige Flug, der nicht einzeln \u00fcber vermittelnde Staaten ausgehandelt wurde. Vom Flughafen Leipzig startete der n\u00e4chste Abschiebeflug nach Afghanistan mit 20 Straft\u00e4tern. Nach Angaben des Innenministeriums [&hellip;]\" \/>\n<meta property=\"og:url\" content=\"https:\/\/now-news.de\/de\/deutschland\/weitere-20-afghanische-straftaeter-abgeschoben\/\" \/>\n<meta property=\"og:site_name\" content=\"just-now.NEWS Deutschland\" \/>\n<meta property=\"article:publisher\" content=\"https:\/\/www.facebook.com\/wirmachenauf\" \/>\n<meta property=\"article:published_time\" content=\"2026-02-26T13:50:14+00:00\" \/>\n<meta property=\"og:image\" content=\"https:\/\/now-news.de\/de\/wp-content\/uploads\/sites\/3\/2026\/02\/69a044cd48fbef18f13eb67a.jpg\" \/>\n<meta name=\"author\" content=\"rtnews\" \/>\n<meta name=\"twitter:card\" content=\"summary_large_image\" \/>\n<meta name=\"twitter:creator\" content=\"@WirMachenAuf_de\" \/>\n<meta name=\"twitter:site\" content=\"@WirMachenAuf_de\" \/>\n<meta name=\"twitter:label1\" content=\"Verfasst von\" \/>\n\t<meta name=\"twitter:data1\" content=\"rtnews\" \/>\n\t<meta name=\"twitter:label2\" content=\"Gesch\u00e4tzte Lesezeit\" \/>\n\t<meta name=\"twitter:data2\" content=\"2\u00a0Minuten\" \/>\n<script type=\"application\/ld+json\" class=\"yoast-schema-graph\">{\"@context\":\"https:\/\/schema.org\",\"@graph\":[{\"@type\":\"Article\",\"@id\":\"https:\/\/now-news.de\/de\/deutschland\/weitere-20-afghanische-straftaeter-abgeschoben\/#article\",\"isPartOf\":{\"@id\":\"https:\/\/now-news.de\/de\/deutschland\/weitere-20-afghanische-straftaeter-abgeschoben\/\"},\"author\":{\"name\":\"rtnews\",\"@id\":\"https:\/\/now-news.de\/de\/#\/schema\/person\/fb534a4e865501d8b3285208df34a9b5\"},\"headline\":\"Weitere 20 afghanische Straft\u00e4ter abgeschoben\",\"datePublished\":\"2026-02-26T13:50:14+00:00\",\"dateModified\":\"2026-02-26T13:50:14+00:00\",\"mainEntityOfPage\":{\"@id\":\"https:\/\/now-news.de\/de\/deutschland\/weitere-20-afghanische-straftaeter-abgeschoben\/\"},\"wordCount\":422,\"commentCount\":0,\"publisher\":{\"@id\":\"https:\/\/now-news.de\/de\/#organization\"},\"image\":{\"@id\":\"https:\/\/now-news.de\/de\/deutschland\/weitere-20-afghanische-straftaeter-abgeschoben\/#primaryimage\"},\"thumbnailUrl\":\"https:\/\/now-news.de\/de\/wp-content\/uploads\/sites\/3\/2026\/02\/Weitere-20-afghanische-Straftaeter-abgeschoben.jpg\",\"keywords\":[\"abgeschoben\",\"Afghanische\",\"Straft\u00e4ter\",\"weitere\"],\"articleSection\":[\"Deutschland\",\"Russland\"],\"inLanguage\":\"de\",\"potentialAction\":[{\"@type\":\"CommentAction\",\"name\":\"Comment\",\"target\":[\"https:\/\/now-news.de\/de\/deutschland\/weitere-20-afghanische-straftaeter-abgeschoben\/#respond\"]}]},{\"@type\":\"WebPage\",\"@id\":\"https:\/\/now-news.de\/de\/deutschland\/weitere-20-afghanische-straftaeter-abgeschoben\/\",\"url\":\"https:\/\/now-news.de\/de\/deutschland\/weitere-20-afghanische-straftaeter-abgeschoben\/\",\"name\":\"Weitere 20 afghanische Straft\u00e4ter abgeschoben - just-now.NEWS Deutschland\",\"isPartOf\":{\"@id\":\"https:\/\/now-news.de\/de\/#website\"},\"primaryImageOfPage\":{\"@id\":\"https:\/\/now-news.de\/de\/deutschland\/weitere-20-afghanische-straftaeter-abgeschoben\/#primaryimage\"},\"image\":{\"@id\":\"https:\/\/now-news.de\/de\/deutschland\/weitere-20-afghanische-straftaeter-abgeschoben\/#primaryimage\"},\"thumbnailUrl\":\"https:\/\/now-news.de\/de\/wp-content\/uploads\/sites\/3\/2026\/02\/Weitere-20-afghanische-Straftaeter-abgeschoben.jpg\",\"datePublished\":\"2026-02-26T13:50:14+00:00\",\"dateModified\":\"2026-02-26T13:50:14+00:00\",\"breadcrumb\":{\"@id\":\"https:\/\/now-news.de\/de\/deutschland\/weitere-20-afghanische-straftaeter-abgeschoben\/#breadcrumb\"},\"inLanguage\":\"de\",\"potentialAction\":[{\"@type\":\"ReadAction\",\"target\":[\"https:\/\/now-news.de\/de\/deutschland\/weitere-20-afghanische-straftaeter-abgeschoben\/\"]}]},{\"@type\":\"ImageObject\",\"inLanguage\":\"de\",\"@id\":\"https:\/\/now-news.de\/de\/deutschland\/weitere-20-afghanische-straftaeter-abgeschoben\/#primaryimage\",\"url\":\"https:\/\/now-news.de\/de\/wp-content\/uploads\/sites\/3\/2026\/02\/Weitere-20-afghanische-Straftaeter-abgeschoben.jpg\",\"contentUrl\":\"https:\/\/now-news.de\/de\/wp-content\/uploads\/sites\/3\/2026\/02\/Weitere-20-afghanische-Straftaeter-abgeschoben.jpg\",\"width\":460,\"height\":259,\"caption\":\"Weitere 20 afghanische Straft\u00e4ter abgeschoben\"},{\"@type\":\"BreadcrumbList\",\"@id\":\"https:\/\/now-news.de\/de\/deutschland\/weitere-20-afghanische-straftaeter-abgeschoben\/#breadcrumb\",\"itemListElement\":[{\"@type\":\"ListItem\",\"position\":1,\"name\":\"Home\",\"item\":\"https:\/\/now-news.de\/de\/\"},{\"@type\":\"ListItem\",\"position\":2,\"name\":\"Weitere 20 afghanische Straft\u00e4ter abgeschoben\"}]},{\"@type\":\"WebSite\",\"@id\":\"https:\/\/now-news.de\/de\/#website\",\"url\":\"https:\/\/now-news.de\/de\/\",\"name\":\"just-now.NEWS Deutschland\",\"description\":\"Das Portal f\u00fcr unzensierte Nachrichten aus der Welt\",\"publisher\":{\"@id\":\"https:\/\/now-news.de\/de\/#organization\"},\"potentialAction\":[{\"@type\":\"SearchAction\",\"target\":{\"@type\":\"EntryPoint\",\"urlTemplate\":\"https:\/\/now-news.de\/de\/?s={search_term_string}\"},\"query-input\":\"required name=search_term_string\"}],\"inLanguage\":\"de\"},{\"@type\":\"Organization\",\"@id\":\"https:\/\/now-news.de\/de\/#organization\",\"name\":\"Just Now News\",\"url\":\"https:\/\/now-news.de\/de\/\",\"logo\":{\"@type\":\"ImageObject\",\"inLanguage\":\"de\",\"@id\":\"https:\/\/now-news.de\/de\/#\/schema\/logo\/image\/\",\"url\":\"http:\/\/just-now.news\/de\/wp-content\/uploads\/sites\/3\/2022\/04\/logo500x500.jpg\",\"contentUrl\":\"http:\/\/just-now.news\/de\/wp-content\/uploads\/sites\/3\/2022\/04\/logo500x500.jpg\",\"width\":500,\"height\":500,\"caption\":\"Just Now News\"},\"image\":{\"@id\":\"https:\/\/now-news.de\/de\/#\/schema\/logo\/image\/\"},\"sameAs\":[\"https:\/\/www.facebook.com\/wirmachenauf\",\"https:\/\/x.com\/WirMachenAuf_de\"]},{\"@type\":\"Person\",\"@id\":\"https:\/\/now-news.de\/de\/#\/schema\/person\/fb534a4e865501d8b3285208df34a9b5\",\"name\":\"rtnews\",\"image\":{\"@type\":\"ImageObject\",\"inLanguage\":\"de\",\"@id\":\"https:\/\/now-news.de\/de\/#\/schema\/person\/image\/\",\"url\":\"https:\/\/secure.gravatar.com\/avatar\/82aafea7d8127119dd649515f56e2117?s=96&d=mm&r=g\",\"contentUrl\":\"https:\/\/secure.gravatar.com\/avatar\/82aafea7d8127119dd649515f56e2117?s=96&d=mm&r=g\",\"caption\":\"rtnews\"},\"url\":\"https:\/\/now-news.de\/de\/author\/rnews\/\"}]}<\/script>\n<!-- \/ Yoast SEO Premium plugin. -->","yoast_head_json":{"title":"Weitere 20 afghanische Straft\u00e4ter abgeschoben - just-now.NEWS Deutschland","robots":{"index":"index","follow":"follow","max-snippet":"max-snippet:-1","max-image-preview":"max-image-preview:large","max-video-preview":"max-video-preview:-1"},"canonical":"https:\/\/now-news.de\/de\/deutschland\/weitere-20-afghanische-straftaeter-abgeschoben\/","og_locale":"de_DE","og_type":"article","og_title":"Weitere 20 afghanische Straft\u00e4ter abgeschoben","og_description":"Eine Maschine mit 20 in Deutschland wegen schwerer Straftaten verurteilten Afghanen sind von Leipzig nach Kabul gestartet. Eine Zahl, die nicht sonderlich beeindruckt. Aber immerhin war dies der erste derartige Flug, der nicht einzeln \u00fcber vermittelnde Staaten ausgehandelt wurde. Vom Flughafen Leipzig startete der n\u00e4chste Abschiebeflug nach Afghanistan mit 20 Straft\u00e4tern. Nach Angaben des Innenministeriums [&hellip;]","og_url":"https:\/\/now-news.de\/de\/deutschland\/weitere-20-afghanische-straftaeter-abgeschoben\/","og_site_name":"just-now.NEWS Deutschland","article_publisher":"https:\/\/www.facebook.com\/wirmachenauf","article_published_time":"2026-02-26T13:50:14+00:00","og_image":[{"url":"https:\/\/now-news.de\/de\/wp-content\/uploads\/sites\/3\/2026\/02\/69a044cd48fbef18f13eb67a.jpg"}],"author":"rtnews","twitter_card":"summary_large_image","twitter_creator":"@WirMachenAuf_de","twitter_site":"@WirMachenAuf_de","twitter_misc":{"Verfasst von":"rtnews","Gesch\u00e4tzte Lesezeit":"2\u00a0Minuten"},"schema":{"@context":"https:\/\/schema.org","@graph":[{"@type":"Article","@id":"https:\/\/now-news.de\/de\/deutschland\/weitere-20-afghanische-straftaeter-abgeschoben\/#article","isPartOf":{"@id":"https:\/\/now-news.de\/de\/deutschland\/weitere-20-afghanische-straftaeter-abgeschoben\/"},"author":{"name":"rtnews","@id":"https:\/\/now-news.de\/de\/#\/schema\/person\/fb534a4e865501d8b3285208df34a9b5"},"headline":"Weitere 20 afghanische Straft\u00e4ter abgeschoben","datePublished":"2026-02-26T13:50:14+00:00","dateModified":"2026-02-26T13:50:14+00:00","mainEntityOfPage":{"@id":"https:\/\/now-news.de\/de\/deutschland\/weitere-20-afghanische-straftaeter-abgeschoben\/"},"wordCount":422,"commentCount":0,"publisher":{"@id":"https:\/\/now-news.de\/de\/#organization"},"image":{"@id":"https:\/\/now-news.de\/de\/deutschland\/weitere-20-afghanische-straftaeter-abgeschoben\/#primaryimage"},"thumbnailUrl":"https:\/\/now-news.de\/de\/wp-content\/uploads\/sites\/3\/2026\/02\/Weitere-20-afghanische-Straftaeter-abgeschoben.jpg","keywords":["abgeschoben","Afghanische","Straft\u00e4ter","weitere"],"articleSection":["Deutschland","Russland"],"inLanguage":"de","potentialAction":[{"@type":"CommentAction","name":"Comment","target":["https:\/\/now-news.de\/de\/deutschland\/weitere-20-afghanische-straftaeter-abgeschoben\/#respond"]}]},{"@type":"WebPage","@id":"https:\/\/now-news.de\/de\/deutschland\/weitere-20-afghanische-straftaeter-abgeschoben\/","url":"https:\/\/now-news.de\/de\/deutschland\/weitere-20-afghanische-straftaeter-abgeschoben\/","name":"Weitere 20 afghanische Straft\u00e4ter abgeschoben - just-now.NEWS Deutschland","isPartOf":{"@id":"https:\/\/now-news.de\/de\/#website"},"primaryImageOfPage":{"@id":"https:\/\/now-news.de\/de\/deutschland\/weitere-20-afghanische-straftaeter-abgeschoben\/#primaryimage"},"image":{"@id":"https:\/\/now-news.de\/de\/deutschland\/weitere-20-afghanische-straftaeter-abgeschoben\/#primaryimage"},"thumbnailUrl":"https:\/\/now-news.de\/de\/wp-content\/uploads\/sites\/3\/2026\/02\/Weitere-20-afghanische-Straftaeter-abgeschoben.jpg","datePublished":"2026-02-26T13:50:14+00:00","dateModified":"2026-02-26T13:50:14+00:00","breadcrumb":{"@id":"https:\/\/now-news.de\/de\/deutschland\/weitere-20-afghanische-straftaeter-abgeschoben\/#breadcrumb"},"inLanguage":"de","potentialAction":[{"@type":"ReadAction","target":["https:\/\/now-news.de\/de\/deutschland\/weitere-20-afghanische-straftaeter-abgeschoben\/"]}]},{"@type":"ImageObject","inLanguage":"de","@id":"https:\/\/now-news.de\/de\/deutschland\/weitere-20-afghanische-straftaeter-abgeschoben\/#primaryimage","url":"https:\/\/now-news.de\/de\/wp-content\/uploads\/sites\/3\/2026\/02\/Weitere-20-afghanische-Straftaeter-abgeschoben.jpg","contentUrl":"https:\/\/now-news.de\/de\/wp-content\/uploads\/sites\/3\/2026\/02\/Weitere-20-afghanische-Straftaeter-abgeschoben.jpg","width":460,"height":259,"caption":"Weitere 20 afghanische Straft\u00e4ter abgeschoben"},{"@type":"BreadcrumbList","@id":"https:\/\/now-news.de\/de\/deutschland\/weitere-20-afghanische-straftaeter-abgeschoben\/#breadcrumb","itemListElement":[{"@type":"ListItem","position":1,"name":"Home","item":"https:\/\/now-news.de\/de\/"},{"@type":"ListItem","position":2,"name":"Weitere 20 afghanische Straft\u00e4ter abgeschoben"}]},{"@type":"WebSite","@id":"https:\/\/now-news.de\/de\/#website","url":"https:\/\/now-news.de\/de\/","name":"just-now.NEWS Deutschland","description":"Das Portal f\u00fcr unzensierte Nachrichten aus der Welt","publisher":{"@id":"https:\/\/now-news.de\/de\/#organization"},"potentialAction":[{"@type":"SearchAction","target":{"@type":"EntryPoint","urlTemplate":"https:\/\/now-news.de\/de\/?s={search_term_string}"},"query-input":"required name=search_term_string"}],"inLanguage":"de"},{"@type":"Organization","@id":"https:\/\/now-news.de\/de\/#organization","name":"Just Now News","url":"https:\/\/now-news.de\/de\/","logo":{"@type":"ImageObject","inLanguage":"de","@id":"https:\/\/now-news.de\/de\/#\/schema\/logo\/image\/","url":"http:\/\/just-now.news\/de\/wp-content\/uploads\/sites\/3\/2022\/04\/logo500x500.jpg","contentUrl":"http:\/\/just-now.news\/de\/wp-content\/uploads\/sites\/3\/2022\/04\/logo500x500.jpg","width":500,"height":500,"caption":"Just Now News"},"image":{"@id":"https:\/\/now-news.de\/de\/#\/schema\/logo\/image\/"},"sameAs":["https:\/\/www.facebook.com\/wirmachenauf","https:\/\/x.com\/WirMachenAuf_de"]},{"@type":"Person","@id":"https:\/\/now-news.de\/de\/#\/schema\/person\/fb534a4e865501d8b3285208df34a9b5","name":"rtnews","image":{"@type":"ImageObject","inLanguage":"de","@id":"https:\/\/now-news.de\/de\/#\/schema\/person\/image\/","url":"https:\/\/secure.gravatar.com\/avatar\/82aafea7d8127119dd649515f56e2117?s=96&d=mm&r=g","contentUrl":"https:\/\/secure.gravatar.com\/avatar\/82aafea7d8127119dd649515f56e2117?s=96&d=mm&r=g","caption":"rtnews"},"url":"https:\/\/now-news.de\/de\/author\/rnews\/"}]}},"_links":{"self":[{"href":"https:\/\/now-news.de\/de\/wp-json\/wp\/v2\/posts\/99522"}],"collection":[{"href":"https:\/\/now-news.de\/de\/wp-json\/wp\/v2\/posts"}],"about":[{"href":"https:\/\/now-news.de\/de\/wp-json\/wp\/v2\/types\/post"}],"author":[{"embeddable":true,"href":"https:\/\/now-news.de\/de\/wp-json\/wp\/v2\/users\/3"}],"replies":[{"embeddable":true,"href":"https:\/\/now-news.de\/de\/wp-json\/wp\/v2\/comments?post=99522"}],"version-history":[{"count":0,"href":"https:\/\/now-news.de\/de\/wp-json\/wp\/v2\/posts\/99522\/revisions"}],"wp:featuredmedia":[{"embeddable":true,"href":"https:\/\/now-news.de\/de\/wp-json\/wp\/v2\/media\/99523"}],"wp:attachment":[{"href":"https:\/\/now-news.de\/de\/wp-json\/wp\/v2\/media?parent=99522"}],"wp:term":[{"taxonomy":"category","embeddable":true,"href":"https:\/\/now-news.de\/de\/wp-json\/wp\/v2\/categories?post=99522"},{"taxonomy":"post_tag","embeddable":true,"href":"https:\/\/now-news.de\/de\/wp-json\/wp\/v2\/tags?post=99522"}],"curies":[{"name":"wp","href":"https:\/\/api.w.org\/{rel}","templated":true}]}}