{"id":99495,"date":"2026-02-26T10:25:25","date_gmt":"2026-02-26T08:25:25","guid":{"rendered":"https:\/\/now-news.de\/de\/deutschland\/welche-plaene-haben-friedrich-merz-und-die-bundesregierung-fuer-die-rentner\/"},"modified":"2026-02-26T10:25:25","modified_gmt":"2026-02-26T08:25:25","slug":"welche-plaene-haben-friedrich-merz-und-die-bundesregierung-fuer-die-rentner","status":"publish","type":"post","link":"https:\/\/now-news.de\/de\/deutschland\/welche-plaene-haben-friedrich-merz-und-die-bundesregierung-fuer-die-rentner\/","title":{"rendered":"Welche Pl\u00e4ne haben Friedrich Merz und die Bundesregierung f\u00fcr die Rentner?"},"content":{"rendered":"<p><img decoding=\"async\" src=\"https:\/\/now-news.de\/de\/wp-content\/uploads\/sites\/3\/2026\/02\/699f2807b480cc262c13ed10.jpg\" \/><\/p>\n<div class=\"Text-root Text-type_1 \">\n                Beim Jahresempfang der deutschen B\u00f6rse erkl\u00e4rte Friedrich Merz, es gebe in diesem Jahr einen Paradigmenwechsel in der deutschen Rentenpolitik. Was f\u00fcr Ver\u00e4nderungen geplant sind und wie sich diese auf Rentner auswirken, erkl\u00e4rte der Publizist Werner R\u00fcgemer im Philosophischen Salon in K\u00f6ln.\n            <\/div>\n<p><\/p>\n<div class=\"Text-root Text-type_5 ArticleView-text ViewText-root \">\n<p><em>Von Felicitas Rabe<\/em><\/p>\n<p>Auf der j\u00fcngsten Veranstaltung des <a rel=\"nofollow noopener\" target=\"_blank\" href=\"https:\/\/www.philosophischer-salon.de\/\">Philosophischen Salons<\/a> in K\u00f6ln ging es am Samstagabend um den von Bundeskanzler Friedrich Merz angek\u00fcndigten Paradigmenwechsel in der Rentenpolitik.<\/p>\n<p>Der Publizist <a rel=\"nofollow noopener\" target=\"_blank\" href=\"https:\/\/werner-ruegemer.de\/\">Werner R\u00fcgemer<\/a> erinnerte in seinem Vortrag mit dem Titel &#8220;Die Renten werden weiter gesenkt, die Pensionen steigen&#8221; zun\u00e4chst an die <a rel=\"nofollow noopener\" target=\"_blank\" href=\"https:\/\/www.youtube.com\/watch?v=yvAr-o-Y7i4\">Aussage<\/a> von Friedrich Merz beim <a rel=\"nofollow noopener\" target=\"_blank\" href=\"https:\/\/www.bundesregierung.de\/breg-de\/aktuelles\/rede-merz-bei-deutscher-boerse-2405332\">Jahresempfang der deutschen B\u00f6rse<\/a>. Dort habe Merz sinngem\u00e4\u00df erkl\u00e4rt: &#8220;Dieses Jahr 2026, liebe B\u00f6rsianer, wird ein Jahr des Paradigmenwechsels in der deutschen Rentenpolitik sein und den deutschen Finanzmarkt beleben.&#8221;\u00a0Bei diesem &#8220;Paradigmenwechsel&#8221; handele es sich um eine politische Grundsatzentscheidung, erl\u00e4uterte R\u00fcgemer diese Rentenreform.<\/p>\n<p><strong>In wessen Interesse agiert Friedrich Merz?<\/strong><\/p>\n<p>Um die merzsche Rentenpolitik zu verstehen, m\u00fcsse man wissen, in wessen Interesse der Bundeskanzler regiert. Bevor dieser im Jahr 2016 hochbezahlter BlackRock-Funktion\u00e4r f\u00fcr Deutschland wurde, war er seit 2005 in der <a rel=\"nofollow noopener\" target=\"_blank\" href=\"https:\/\/www.mayerbrown.com\/de\">D\u00fcsseldorfer Filiale der US-amerikanischen Anwaltskanzlei Mayer Brown<\/a> t\u00e4tig. Als langj\u00e4hriger CDU-Politiker habe Merz sich mit deutschen Mittelstandsunternehmen ausgekannt. So habe er US-Finanzinvestoren \u2013 sogenannte Heuschrecken \u2013 dabei beraten, wie sie Mittelstandsfirmen kosteng\u00fcnstig aufkaufen und ausbeuten k\u00f6nnen.<\/p>\n<p>Merz habe durch seine T\u00e4tigkeit gleich mehrfach profitiert: Er erhielt Einkommen aus zugeschanzten Aufsichtsrats-Posten, aus seinen Eink\u00fcnften als Abgeordneter des Deutschen Bundestags, als juristischer Berater von US-Investoren und als Miteigent\u00fcmer der US-Kanzlei in D\u00fcsseldorf.<\/p>\n<p>Unter der damaligen Bundeskanzlerin Angela Merkel sei seinerzeit ein harmloses Gesetz zur Ver\u00f6ffentlichung von Nebeneink\u00fcnften von Abgeordneten eingef\u00fchrt worden. Dagegen sei Merz bis vor das Bundesverfassungsgericht gezogen. An diesem ganzen Gebaren k\u00f6nne man die merzsche Politik erkennen. R\u00fcgemer betonte: &#8220;Der deutsche Bundeskanzler sch\u00fctzt die Gro\u00dfverdiener.&#8221;<\/p>\n<p><strong>Was bedeutet der Renten-Paradigmenwechsel?<\/strong><\/p>\n<ol>\n<li>Die bisherige gesetzliche Rente soll auslaufen<\/li>\n<li>Die F\u00f6rderung der sogenannten privaten Vorsorge. Dabei sollen die Besch\u00e4ftigten sich Aktien und Fonds kaufen. Einer der Vorschl\u00e4ge f\u00fcr die private Vorsorge betrifft die Einzahlung von Rentenbeitr\u00e4gen in private Fonds f\u00fcr Kinder ab 6 Jahren durch ihre Eltern.\u00a0\u00a0<\/li>\n<li>Betriebliche Renten sollen noch st\u00e4rker steuerlich gef\u00f6rdert werden als bisher.<\/li>\n<\/ol>\n<p>Mit diesem Modell der Altersvorsorge soll der Kapitalmarkt gef\u00f6rdert werden, bzw. dem deutschen Kapitalmarkt ein Wachstumsschub erm\u00f6glicht werden. Friedrich Merz habe bereits seit 20 Jahren daf\u00fcr gesorgt, dass wir eine Dreiklassengesellschaft im Rentensystem bekommen haben.\u00a0<\/p>\n<p><strong>Die Dreiklassengesellschaft der Rentner und Pension\u00e4re<\/strong><\/p>\n<p>Bei der untersten Rentenklasse handele es sich um die Renten der abh\u00e4ngig Besch\u00e4ftigten. Im Durchschnitt erhielten Besch\u00e4ftigte hierzulande im Alter aktuell als gesetzliche Rente 1.100 Euro. Dieses Einkommen liege unter der in Deutschland geltenden Armutsgrenze von 1.200 Euro pro Monat. W\u00e4hrend die M\u00e4nner durchschnittlich 1.450 Euro Rente bek\u00e4men, handele es sich bei Frauen im Durchschnitt um 900 Euro Rente.<\/p>\n<p>Die mittlere Klasse umfasse Beamte, Offiziere, Abgeordnete und kirchliche W\u00fcrdentr\u00e4ger. Wobei Bundestagsabgeordnete das 3- bis 4-Fache des Alterseinkommens von abh\u00e4ngig Besch\u00e4ftigten bek\u00e4men, ohne dass sie \u00fcberhaupt in die Renten- und Pensionskassen einzahlen. In der ersten Klasse bef\u00e4nden sich Manager und Unternehmensvorst\u00e4nde aus den 500 bis 700 gr\u00f6\u00dften deutschen Aktiengesellschaften, die die h\u00f6chsten Pensionen erhielten.<\/p>\n<p>Die unterste, zuerst genannte Rentnerklasse, sei aufgrund ihrer schmalen Rente besonders von den systematisch erh\u00f6hten Lebenshaltungskosten betroffen. Selbst wenn die H\u00f6he der gesetzlichen Renten beim Paradigmenwechsel zun\u00e4chst nicht vermindert werden sollte, w\u00fcrden Renten durch die systematisch erh\u00f6hten Lebenshaltungskosten entwertet. Zur Entwertung geh\u00f6re auch die Erh\u00f6hung der Kosten f\u00fcr Mieten und Mietnebenkosten, f\u00fcr Medikamente, f\u00fcr Arztkosten und Zahnarztkosten, f\u00fcr den \u00f6ffentlichen Nahverkehr und vieles mehr. Die Erh\u00f6hung der Eigenbeteiligung f\u00fcr \u00e4rztliche Behandlungen schlage bei Rentnern besonders zu Buche. Derzeit werde diskutiert, ob Zahnarztkosten demn\u00e4chst komplett privat bezahlt werden sollen.<\/p>\n<p><strong>Vorschl\u00e4ge f\u00fcr eine bessere Rentenpolitik<\/strong><\/p>\n<p>F\u00fcr R\u00fcgemer best\u00fcnden die wichtigsten Ma\u00dfnahmen zur Verbesserung der gesetzlichen Rente in der &#8220;Beendigung der gesetzlichen F\u00f6rderung der Niedrigl\u00f6hnerei nach US-amerikanischem Vorbild&#8221;. Daf\u00fcr m\u00fcsse man die vier Hartz-Gesetze abschaffen. Der damals daf\u00fcr ma\u00dfgeblich zust\u00e4ndige Peter Hartz habe insbesondere in seinem Buch &#8220;<a rel=\"nofollow noopener\" target=\"_blank\" href=\"https:\/\/www.getabstract.com\/de\/zusammenfassung\/job-revolution\/1677\">Die Job-Revolution<\/a>&#8221; deutlich gemacht, wes Geistes Kind er ist und was seine Vorhaben f\u00fcr die Besch\u00e4ftigten bedeuten.<\/p>\n<p>Noch bis in die 70er, 80er Jahre habe die Politik in Deutschland nach Vollbesch\u00e4ftigung gestrebt. Die Niedrigl\u00f6hnerei nach US-amerikanischem Vorbild sei hierzulande nach der Wiedervereinigung eingef\u00fchrt worden. Die niedrigen L\u00f6hne wurden unter anderem als zus\u00e4tzlicher Anreiz f\u00fcr US-Investoren eingef\u00fchrt, deutsche Unternehmen zu kaufen.<\/p>\n<p>Zur Senkung der L\u00f6hne nutzte man auch sogenannte &#8220;illegale&#8221; Migranten. Diese arbeiteten zu L\u00f6hnen weit unter der Mindestgrenze, weil sie als &#8220;Illegale&#8221; nicht vom Sozialsystem unterst\u00fctzt werden. Damit sie von den Unternehmen im gro\u00dfen Stil ausgebeutet werden k\u00f6nnen, seien Mitarbeiterstellen f\u00fcr Kontrolleure in den Zollbeh\u00f6rden immer weiter gestrichen worden. Diesbez\u00fcglich gebe es hierzulande schon allein rund 600.000 aufenthaltsrechtlich &#8220;illegale&#8221; in der Prostitution besch\u00e4ftigte Frauen. Deutschland werde deshalb international als das Bordell Europas bezeichnet.<\/p>\n<p>Auf die Gewerkschaften k\u00f6nne man nicht setzen, so R\u00fcgemer. Sie seien mit der SPD in die herrschende Politik eingebunden. Da w\u00fcrden auch ein paar Streiks nichts mehr ausrichten.<\/p>\n<p><strong>Fazit zur Rentenpolitik von Merz<\/strong><\/p>\n<p>Gem\u00e4\u00df dem Regierungsprogramm wird der Finanzmarkt gef\u00f6rdert. Die F\u00f6rderung des Sozialstaats werde dabei entsprechend aufgegeben. Zudem wolle Merz in Europa die Leitung f\u00fcr die Weiterf\u00fchrung des Ukrainekriegs \u00fcbernehmen.<\/p>\n<p>In der anschlie\u00dfenden Diskussion wurde gefordert, dass die Friedensbewegung sich mit der Bewegung zum Erhalt des Sozialstaats und der Bewegung zur Abschaffung der Niedrigl\u00f6hnerei zusammenschlie\u00dfen m\u00fcsse. Es sei ein Skandal, dass die Bundesregierung f\u00fcr t\u00f6dliche Waffen f\u00fcr die Ukraine zuletzt wieder 90 Milliarden bewilligt habe, w\u00e4hrend bei uns immer mehr Rentner verarmten.<\/p>\n<p><em>Der K\u00f6lner Publizist <strong><a rel=\"nofollow noopener\" target=\"_blank\" href=\"https:\/\/werner-ruegemer.de\/\">Dr. Werner R\u00fcgemer<\/a><\/strong> ist Mitglied in der <a rel=\"nofollow noopener\" target=\"_blank\" href=\"https:\/\/wapeweb.org\/\">World Association for Political Economy<\/a> und Mitherausgeber des Fachmagazins <a rel=\"nofollow noopener\" target=\"_blank\" href=\"https:\/\/worldmarxistreview.org\/index.php\/wmr\/issue\/view\/8\">World Marxist Review<\/a>. 2023 ver\u00f6ffentlichte er das Buch &#8220;Verh\u00e4ngnisvolle Freundschaft \u2013 Wie die USA Europa eroberten, Erste Stufe: Vom 1. zum 2. Weltkrieg&#8221;, Papyrossa Verlag. Darin beschreibt er die Au\u00dfenpolitik der USA seit ihrer Gr\u00fcndung als Sklavenstaat. Er erkl\u00e4rt, wie die USA mithilfe von Milit\u00e4r und Kapital, inzwischen schrittweise auch (West-)Europa eroberten und jetzt \u00fcber die Ukraine ganz Eurasien beherrschen wollen. Seine j\u00fcngste Ver\u00f6ffentlichung: &#8220;BlackRock Germany. Die heimliche Weltmacht, ihre Praktiken in Deutschland und Friedrich Merz&#8221;, Verlag Hintergrund, 2. Auflage, Berlin 2025<\/em><\/p>\n<p><strong>Mehr zum Thema<\/strong> &#8211;\u00a0<a rel=\"nofollow noopener\" target=\"_blank\" href=\"https:\/\/dert.online\/meinung\/254929-hartz-kommission-20-gremium-bereitet-kahlschlag-vor\/\">&#8220;Hartz-Kommission 2.0&#8221;: Ein Gremium bereitet Sozialkahlschlag vor<\/a><\/p>\n<div class=\"EmbedBlock-root EmbedBlock-externalVideo EmbedBlock-rumble\">\n<div class=\"VkEmbed\"><iframe class=\"lazyload\" data-src=\"https:\/\/rumble.com\/embed\/v740uwu\" frameborder=\"0\" width=\"853\" height=\"480\" allowfullscreen><\/iframe><\/div>\n<\/div>\n<\/div>\n<p><br \/>\n<br \/><a href=\"https:\/\/de.rt.com\/inland\/271240-welche-plaene-haben-friedrich-merz\/\">Source link <\/a><\/p>\n","protected":false},"excerpt":{"rendered":"<p>Beim Jahresempfang der deutschen B\u00f6rse erkl\u00e4rte Friedrich Merz, es gebe in diesem Jahr einen Paradigmenwechsel in der deutschen Rentenpolitik. Was f\u00fcr Ver\u00e4nderungen geplant sind und wie sich diese auf Rentner auswirken, erkl\u00e4rte der Publizist Werner R\u00fcgemer im Philosophischen Salon in K\u00f6ln. Von Felicitas Rabe Auf der j\u00fcngsten Veranstaltung des Philosophischen Salons in K\u00f6ln ging es [&hellip;]<\/p>\n","protected":false},"author":3,"featured_media":99496,"comment_status":"open","ping_status":"open","sticky":false,"template":"","format":"standard","meta":{"_yoast_indexnow_last_ping":["1772094429"],"wp_automatic_camp":["217"],"729764c9ec77c10abacf625e416e269a":["Welche Pl\u00e4ne haben Friedrich Merz und die Bundesregierung f\u00fcr die Rentner?"],"original_link":["https:\/\/de.rt.com\/inland\/271240-welche-plaene-haben-friedrich-merz\/"],"_thumbnail_id":["99496"],"jnews_social_counter_last_update":["1777601670"],"_wptgpro_p2tg_sent2tg":["a:1:{i:23737;s:19:\"2026-02-26 10:28:17\";}"]},"categories":[19,23],"tags":[3807,45,18727,221,771,18728,5349,22961,140,4503],"yoast_head":"<!-- This site is optimized with the Yoast SEO Premium plugin v22.7 (Yoast SEO v22.7) - https:\/\/yoast.com\/wordpress\/plugins\/seo\/ -->\n<title>Welche Pl\u00e4ne haben Friedrich Merz und die Bundesregierung f\u00fcr die Rentner? - just-now.NEWS Deutschland<\/title>\n<meta name=\"robots\" content=\"index, follow, max-snippet:-1, max-image-preview:large, max-video-preview:-1\" \/>\n<link rel=\"canonical\" href=\"https:\/\/now-news.de\/de\/deutschland\/welche-plaene-haben-friedrich-merz-und-die-bundesregierung-fuer-die-rentner\/\" \/>\n<meta property=\"og:locale\" content=\"de_DE\" \/>\n<meta property=\"og:type\" content=\"article\" \/>\n<meta property=\"og:title\" content=\"Welche Pl\u00e4ne haben Friedrich Merz und die Bundesregierung f\u00fcr die Rentner?\" \/>\n<meta property=\"og:description\" content=\"Beim Jahresempfang der deutschen B\u00f6rse erkl\u00e4rte Friedrich Merz, es gebe in diesem Jahr einen Paradigmenwechsel in der deutschen Rentenpolitik. Was f\u00fcr Ver\u00e4nderungen geplant sind und wie sich diese auf Rentner auswirken, erkl\u00e4rte der Publizist Werner R\u00fcgemer im Philosophischen Salon in K\u00f6ln. Von Felicitas Rabe Auf der j\u00fcngsten Veranstaltung des Philosophischen Salons in K\u00f6ln ging es [&hellip;]\" \/>\n<meta property=\"og:url\" content=\"https:\/\/now-news.de\/de\/deutschland\/welche-plaene-haben-friedrich-merz-und-die-bundesregierung-fuer-die-rentner\/\" \/>\n<meta property=\"og:site_name\" content=\"just-now.NEWS Deutschland\" \/>\n<meta property=\"article:publisher\" content=\"https:\/\/www.facebook.com\/wirmachenauf\" \/>\n<meta property=\"article:published_time\" content=\"2026-02-26T08:25:25+00:00\" \/>\n<meta property=\"og:image\" content=\"https:\/\/now-news.de\/de\/wp-content\/uploads\/sites\/3\/2026\/02\/699f2807b480cc262c13ed10.jpg\" \/>\n<meta name=\"author\" content=\"rtnews\" \/>\n<meta name=\"twitter:card\" content=\"summary_large_image\" \/>\n<meta name=\"twitter:creator\" content=\"@WirMachenAuf_de\" \/>\n<meta name=\"twitter:site\" content=\"@WirMachenAuf_de\" \/>\n<meta name=\"twitter:label1\" content=\"Verfasst von\" \/>\n\t<meta name=\"twitter:data1\" content=\"rtnews\" \/>\n\t<meta name=\"twitter:label2\" content=\"Gesch\u00e4tzte Lesezeit\" \/>\n\t<meta name=\"twitter:data2\" content=\"6\u00a0Minuten\" \/>\n<script type=\"application\/ld+json\" class=\"yoast-schema-graph\">{\"@context\":\"https:\/\/schema.org\",\"@graph\":[{\"@type\":\"Article\",\"@id\":\"https:\/\/now-news.de\/de\/deutschland\/welche-plaene-haben-friedrich-merz-und-die-bundesregierung-fuer-die-rentner\/#article\",\"isPartOf\":{\"@id\":\"https:\/\/now-news.de\/de\/deutschland\/welche-plaene-haben-friedrich-merz-und-die-bundesregierung-fuer-die-rentner\/\"},\"author\":{\"name\":\"rtnews\",\"@id\":\"https:\/\/now-news.de\/de\/#\/schema\/person\/fb534a4e865501d8b3285208df34a9b5\"},\"headline\":\"Welche Pl\u00e4ne haben Friedrich Merz und die Bundesregierung f\u00fcr die Rentner?\",\"datePublished\":\"2026-02-26T08:25:25+00:00\",\"dateModified\":\"2026-02-26T08:25:25+00:00\",\"mainEntityOfPage\":{\"@id\":\"https:\/\/now-news.de\/de\/deutschland\/welche-plaene-haben-friedrich-merz-und-die-bundesregierung-fuer-die-rentner\/\"},\"wordCount\":1122,\"commentCount\":0,\"publisher\":{\"@id\":\"https:\/\/now-news.de\/de\/#organization\"},\"image\":{\"@id\":\"https:\/\/now-news.de\/de\/deutschland\/welche-plaene-haben-friedrich-merz-und-die-bundesregierung-fuer-die-rentner\/#primaryimage\"},\"thumbnailUrl\":\"https:\/\/now-news.de\/de\/wp-content\/uploads\/sites\/3\/2026\/02\/Welche-Plaene-haben-Friedrich-Merz-und-die-Bundesregierung-fuer-die.jpg\",\"keywords\":[\"Bundesregierung\",\"die\",\"Friedrich\",\"f\u00fcr\",\"haben\",\"Merz\",\"Pl\u00e4ne\",\"Rentner\",\"und\",\"Welche\"],\"articleSection\":[\"Deutschland\",\"Russland\"],\"inLanguage\":\"de\",\"potentialAction\":[{\"@type\":\"CommentAction\",\"name\":\"Comment\",\"target\":[\"https:\/\/now-news.de\/de\/deutschland\/welche-plaene-haben-friedrich-merz-und-die-bundesregierung-fuer-die-rentner\/#respond\"]}]},{\"@type\":\"WebPage\",\"@id\":\"https:\/\/now-news.de\/de\/deutschland\/welche-plaene-haben-friedrich-merz-und-die-bundesregierung-fuer-die-rentner\/\",\"url\":\"https:\/\/now-news.de\/de\/deutschland\/welche-plaene-haben-friedrich-merz-und-die-bundesregierung-fuer-die-rentner\/\",\"name\":\"Welche Pl\u00e4ne haben Friedrich Merz und die Bundesregierung f\u00fcr die Rentner? - just-now.NEWS Deutschland\",\"isPartOf\":{\"@id\":\"https:\/\/now-news.de\/de\/#website\"},\"primaryImageOfPage\":{\"@id\":\"https:\/\/now-news.de\/de\/deutschland\/welche-plaene-haben-friedrich-merz-und-die-bundesregierung-fuer-die-rentner\/#primaryimage\"},\"image\":{\"@id\":\"https:\/\/now-news.de\/de\/deutschland\/welche-plaene-haben-friedrich-merz-und-die-bundesregierung-fuer-die-rentner\/#primaryimage\"},\"thumbnailUrl\":\"https:\/\/now-news.de\/de\/wp-content\/uploads\/sites\/3\/2026\/02\/Welche-Plaene-haben-Friedrich-Merz-und-die-Bundesregierung-fuer-die.jpg\",\"datePublished\":\"2026-02-26T08:25:25+00:00\",\"dateModified\":\"2026-02-26T08:25:25+00:00\",\"breadcrumb\":{\"@id\":\"https:\/\/now-news.de\/de\/deutschland\/welche-plaene-haben-friedrich-merz-und-die-bundesregierung-fuer-die-rentner\/#breadcrumb\"},\"inLanguage\":\"de\",\"potentialAction\":[{\"@type\":\"ReadAction\",\"target\":[\"https:\/\/now-news.de\/de\/deutschland\/welche-plaene-haben-friedrich-merz-und-die-bundesregierung-fuer-die-rentner\/\"]}]},{\"@type\":\"ImageObject\",\"inLanguage\":\"de\",\"@id\":\"https:\/\/now-news.de\/de\/deutschland\/welche-plaene-haben-friedrich-merz-und-die-bundesregierung-fuer-die-rentner\/#primaryimage\",\"url\":\"https:\/\/now-news.de\/de\/wp-content\/uploads\/sites\/3\/2026\/02\/Welche-Plaene-haben-Friedrich-Merz-und-die-Bundesregierung-fuer-die.jpg\",\"contentUrl\":\"https:\/\/now-news.de\/de\/wp-content\/uploads\/sites\/3\/2026\/02\/Welche-Plaene-haben-Friedrich-Merz-und-die-Bundesregierung-fuer-die.jpg\",\"width\":460,\"height\":259,\"caption\":\"Welche Pl\u00e4ne haben Friedrich Merz und die Bundesregierung f\u00fcr die Rentner?\"},{\"@type\":\"BreadcrumbList\",\"@id\":\"https:\/\/now-news.de\/de\/deutschland\/welche-plaene-haben-friedrich-merz-und-die-bundesregierung-fuer-die-rentner\/#breadcrumb\",\"itemListElement\":[{\"@type\":\"ListItem\",\"position\":1,\"name\":\"Home\",\"item\":\"https:\/\/now-news.de\/de\/\"},{\"@type\":\"ListItem\",\"position\":2,\"name\":\"Welche Pl\u00e4ne haben Friedrich Merz und die Bundesregierung f\u00fcr die Rentner?\"}]},{\"@type\":\"WebSite\",\"@id\":\"https:\/\/now-news.de\/de\/#website\",\"url\":\"https:\/\/now-news.de\/de\/\",\"name\":\"just-now.NEWS Deutschland\",\"description\":\"Das Portal f\u00fcr unzensierte Nachrichten aus der Welt\",\"publisher\":{\"@id\":\"https:\/\/now-news.de\/de\/#organization\"},\"potentialAction\":[{\"@type\":\"SearchAction\",\"target\":{\"@type\":\"EntryPoint\",\"urlTemplate\":\"https:\/\/now-news.de\/de\/?s={search_term_string}\"},\"query-input\":\"required name=search_term_string\"}],\"inLanguage\":\"de\"},{\"@type\":\"Organization\",\"@id\":\"https:\/\/now-news.de\/de\/#organization\",\"name\":\"Just Now News\",\"url\":\"https:\/\/now-news.de\/de\/\",\"logo\":{\"@type\":\"ImageObject\",\"inLanguage\":\"de\",\"@id\":\"https:\/\/now-news.de\/de\/#\/schema\/logo\/image\/\",\"url\":\"http:\/\/just-now.news\/de\/wp-content\/uploads\/sites\/3\/2022\/04\/logo500x500.jpg\",\"contentUrl\":\"http:\/\/just-now.news\/de\/wp-content\/uploads\/sites\/3\/2022\/04\/logo500x500.jpg\",\"width\":500,\"height\":500,\"caption\":\"Just Now News\"},\"image\":{\"@id\":\"https:\/\/now-news.de\/de\/#\/schema\/logo\/image\/\"},\"sameAs\":[\"https:\/\/www.facebook.com\/wirmachenauf\",\"https:\/\/x.com\/WirMachenAuf_de\"]},{\"@type\":\"Person\",\"@id\":\"https:\/\/now-news.de\/de\/#\/schema\/person\/fb534a4e865501d8b3285208df34a9b5\",\"name\":\"rtnews\",\"image\":{\"@type\":\"ImageObject\",\"inLanguage\":\"de\",\"@id\":\"https:\/\/now-news.de\/de\/#\/schema\/person\/image\/\",\"url\":\"https:\/\/secure.gravatar.com\/avatar\/82aafea7d8127119dd649515f56e2117?s=96&d=mm&r=g\",\"contentUrl\":\"https:\/\/secure.gravatar.com\/avatar\/82aafea7d8127119dd649515f56e2117?s=96&d=mm&r=g\",\"caption\":\"rtnews\"},\"url\":\"https:\/\/now-news.de\/de\/author\/rnews\/\"}]}<\/script>\n<!-- \/ Yoast SEO Premium plugin. -->","yoast_head_json":{"title":"Welche Pl\u00e4ne haben Friedrich Merz und die Bundesregierung f\u00fcr die Rentner? - just-now.NEWS Deutschland","robots":{"index":"index","follow":"follow","max-snippet":"max-snippet:-1","max-image-preview":"max-image-preview:large","max-video-preview":"max-video-preview:-1"},"canonical":"https:\/\/now-news.de\/de\/deutschland\/welche-plaene-haben-friedrich-merz-und-die-bundesregierung-fuer-die-rentner\/","og_locale":"de_DE","og_type":"article","og_title":"Welche Pl\u00e4ne haben Friedrich Merz und die Bundesregierung f\u00fcr die Rentner?","og_description":"Beim Jahresempfang der deutschen B\u00f6rse erkl\u00e4rte Friedrich Merz, es gebe in diesem Jahr einen Paradigmenwechsel in der deutschen Rentenpolitik. Was f\u00fcr Ver\u00e4nderungen geplant sind und wie sich diese auf Rentner auswirken, erkl\u00e4rte der Publizist Werner R\u00fcgemer im Philosophischen Salon in K\u00f6ln. Von Felicitas Rabe Auf der j\u00fcngsten Veranstaltung des Philosophischen Salons in K\u00f6ln ging es [&hellip;]","og_url":"https:\/\/now-news.de\/de\/deutschland\/welche-plaene-haben-friedrich-merz-und-die-bundesregierung-fuer-die-rentner\/","og_site_name":"just-now.NEWS Deutschland","article_publisher":"https:\/\/www.facebook.com\/wirmachenauf","article_published_time":"2026-02-26T08:25:25+00:00","og_image":[{"url":"https:\/\/now-news.de\/de\/wp-content\/uploads\/sites\/3\/2026\/02\/699f2807b480cc262c13ed10.jpg"}],"author":"rtnews","twitter_card":"summary_large_image","twitter_creator":"@WirMachenAuf_de","twitter_site":"@WirMachenAuf_de","twitter_misc":{"Verfasst von":"rtnews","Gesch\u00e4tzte Lesezeit":"6\u00a0Minuten"},"schema":{"@context":"https:\/\/schema.org","@graph":[{"@type":"Article","@id":"https:\/\/now-news.de\/de\/deutschland\/welche-plaene-haben-friedrich-merz-und-die-bundesregierung-fuer-die-rentner\/#article","isPartOf":{"@id":"https:\/\/now-news.de\/de\/deutschland\/welche-plaene-haben-friedrich-merz-und-die-bundesregierung-fuer-die-rentner\/"},"author":{"name":"rtnews","@id":"https:\/\/now-news.de\/de\/#\/schema\/person\/fb534a4e865501d8b3285208df34a9b5"},"headline":"Welche Pl\u00e4ne haben Friedrich Merz und die Bundesregierung f\u00fcr die Rentner?","datePublished":"2026-02-26T08:25:25+00:00","dateModified":"2026-02-26T08:25:25+00:00","mainEntityOfPage":{"@id":"https:\/\/now-news.de\/de\/deutschland\/welche-plaene-haben-friedrich-merz-und-die-bundesregierung-fuer-die-rentner\/"},"wordCount":1122,"commentCount":0,"publisher":{"@id":"https:\/\/now-news.de\/de\/#organization"},"image":{"@id":"https:\/\/now-news.de\/de\/deutschland\/welche-plaene-haben-friedrich-merz-und-die-bundesregierung-fuer-die-rentner\/#primaryimage"},"thumbnailUrl":"https:\/\/now-news.de\/de\/wp-content\/uploads\/sites\/3\/2026\/02\/Welche-Plaene-haben-Friedrich-Merz-und-die-Bundesregierung-fuer-die.jpg","keywords":["Bundesregierung","die","Friedrich","f\u00fcr","haben","Merz","Pl\u00e4ne","Rentner","und","Welche"],"articleSection":["Deutschland","Russland"],"inLanguage":"de","potentialAction":[{"@type":"CommentAction","name":"Comment","target":["https:\/\/now-news.de\/de\/deutschland\/welche-plaene-haben-friedrich-merz-und-die-bundesregierung-fuer-die-rentner\/#respond"]}]},{"@type":"WebPage","@id":"https:\/\/now-news.de\/de\/deutschland\/welche-plaene-haben-friedrich-merz-und-die-bundesregierung-fuer-die-rentner\/","url":"https:\/\/now-news.de\/de\/deutschland\/welche-plaene-haben-friedrich-merz-und-die-bundesregierung-fuer-die-rentner\/","name":"Welche Pl\u00e4ne haben Friedrich Merz und die Bundesregierung f\u00fcr die Rentner? - just-now.NEWS Deutschland","isPartOf":{"@id":"https:\/\/now-news.de\/de\/#website"},"primaryImageOfPage":{"@id":"https:\/\/now-news.de\/de\/deutschland\/welche-plaene-haben-friedrich-merz-und-die-bundesregierung-fuer-die-rentner\/#primaryimage"},"image":{"@id":"https:\/\/now-news.de\/de\/deutschland\/welche-plaene-haben-friedrich-merz-und-die-bundesregierung-fuer-die-rentner\/#primaryimage"},"thumbnailUrl":"https:\/\/now-news.de\/de\/wp-content\/uploads\/sites\/3\/2026\/02\/Welche-Plaene-haben-Friedrich-Merz-und-die-Bundesregierung-fuer-die.jpg","datePublished":"2026-02-26T08:25:25+00:00","dateModified":"2026-02-26T08:25:25+00:00","breadcrumb":{"@id":"https:\/\/now-news.de\/de\/deutschland\/welche-plaene-haben-friedrich-merz-und-die-bundesregierung-fuer-die-rentner\/#breadcrumb"},"inLanguage":"de","potentialAction":[{"@type":"ReadAction","target":["https:\/\/now-news.de\/de\/deutschland\/welche-plaene-haben-friedrich-merz-und-die-bundesregierung-fuer-die-rentner\/"]}]},{"@type":"ImageObject","inLanguage":"de","@id":"https:\/\/now-news.de\/de\/deutschland\/welche-plaene-haben-friedrich-merz-und-die-bundesregierung-fuer-die-rentner\/#primaryimage","url":"https:\/\/now-news.de\/de\/wp-content\/uploads\/sites\/3\/2026\/02\/Welche-Plaene-haben-Friedrich-Merz-und-die-Bundesregierung-fuer-die.jpg","contentUrl":"https:\/\/now-news.de\/de\/wp-content\/uploads\/sites\/3\/2026\/02\/Welche-Plaene-haben-Friedrich-Merz-und-die-Bundesregierung-fuer-die.jpg","width":460,"height":259,"caption":"Welche Pl\u00e4ne haben Friedrich Merz und die Bundesregierung f\u00fcr die Rentner?"},{"@type":"BreadcrumbList","@id":"https:\/\/now-news.de\/de\/deutschland\/welche-plaene-haben-friedrich-merz-und-die-bundesregierung-fuer-die-rentner\/#breadcrumb","itemListElement":[{"@type":"ListItem","position":1,"name":"Home","item":"https:\/\/now-news.de\/de\/"},{"@type":"ListItem","position":2,"name":"Welche Pl\u00e4ne haben Friedrich Merz und die Bundesregierung f\u00fcr die Rentner?"}]},{"@type":"WebSite","@id":"https:\/\/now-news.de\/de\/#website","url":"https:\/\/now-news.de\/de\/","name":"just-now.NEWS Deutschland","description":"Das Portal f\u00fcr unzensierte Nachrichten aus der Welt","publisher":{"@id":"https:\/\/now-news.de\/de\/#organization"},"potentialAction":[{"@type":"SearchAction","target":{"@type":"EntryPoint","urlTemplate":"https:\/\/now-news.de\/de\/?s={search_term_string}"},"query-input":"required name=search_term_string"}],"inLanguage":"de"},{"@type":"Organization","@id":"https:\/\/now-news.de\/de\/#organization","name":"Just Now News","url":"https:\/\/now-news.de\/de\/","logo":{"@type":"ImageObject","inLanguage":"de","@id":"https:\/\/now-news.de\/de\/#\/schema\/logo\/image\/","url":"http:\/\/just-now.news\/de\/wp-content\/uploads\/sites\/3\/2022\/04\/logo500x500.jpg","contentUrl":"http:\/\/just-now.news\/de\/wp-content\/uploads\/sites\/3\/2022\/04\/logo500x500.jpg","width":500,"height":500,"caption":"Just Now News"},"image":{"@id":"https:\/\/now-news.de\/de\/#\/schema\/logo\/image\/"},"sameAs":["https:\/\/www.facebook.com\/wirmachenauf","https:\/\/x.com\/WirMachenAuf_de"]},{"@type":"Person","@id":"https:\/\/now-news.de\/de\/#\/schema\/person\/fb534a4e865501d8b3285208df34a9b5","name":"rtnews","image":{"@type":"ImageObject","inLanguage":"de","@id":"https:\/\/now-news.de\/de\/#\/schema\/person\/image\/","url":"https:\/\/secure.gravatar.com\/avatar\/82aafea7d8127119dd649515f56e2117?s=96&d=mm&r=g","contentUrl":"https:\/\/secure.gravatar.com\/avatar\/82aafea7d8127119dd649515f56e2117?s=96&d=mm&r=g","caption":"rtnews"},"url":"https:\/\/now-news.de\/de\/author\/rnews\/"}]}},"_links":{"self":[{"href":"https:\/\/now-news.de\/de\/wp-json\/wp\/v2\/posts\/99495"}],"collection":[{"href":"https:\/\/now-news.de\/de\/wp-json\/wp\/v2\/posts"}],"about":[{"href":"https:\/\/now-news.de\/de\/wp-json\/wp\/v2\/types\/post"}],"author":[{"embeddable":true,"href":"https:\/\/now-news.de\/de\/wp-json\/wp\/v2\/users\/3"}],"replies":[{"embeddable":true,"href":"https:\/\/now-news.de\/de\/wp-json\/wp\/v2\/comments?post=99495"}],"version-history":[{"count":0,"href":"https:\/\/now-news.de\/de\/wp-json\/wp\/v2\/posts\/99495\/revisions"}],"wp:featuredmedia":[{"embeddable":true,"href":"https:\/\/now-news.de\/de\/wp-json\/wp\/v2\/media\/99496"}],"wp:attachment":[{"href":"https:\/\/now-news.de\/de\/wp-json\/wp\/v2\/media?parent=99495"}],"wp:term":[{"taxonomy":"category","embeddable":true,"href":"https:\/\/now-news.de\/de\/wp-json\/wp\/v2\/categories?post=99495"},{"taxonomy":"post_tag","embeddable":true,"href":"https:\/\/now-news.de\/de\/wp-json\/wp\/v2\/tags?post=99495"}],"curies":[{"name":"wp","href":"https:\/\/api.w.org\/{rel}","templated":true}]}}