{"id":99405,"date":"2026-02-24T16:14:09","date_gmt":"2026-02-24T14:14:09","guid":{"rendered":"https:\/\/now-news.de\/de\/deutschland\/einbestellt-nicht-erschienen-us-botschafter-verliert-zugang-zu-franzoesischer-regierung\/"},"modified":"2026-02-24T16:14:09","modified_gmt":"2026-02-24T14:14:09","slug":"einbestellt-nicht-erschienen-us-botschafter-verliert-zugang-zu-franzoesischer-regierung","status":"publish","type":"post","link":"https:\/\/now-news.de\/de\/deutschland\/einbestellt-nicht-erschienen-us-botschafter-verliert-zugang-zu-franzoesischer-regierung\/","title":{"rendered":"Einbestellt, nicht erschienen: US-Botschafter verliert Zugang zu franz\u00f6sischer Regierung"},"content":{"rendered":"<p><img decoding=\"async\" src=\"https:\/\/now-news.de\/de\/wp-content\/uploads\/sites\/3\/2026\/02\/699d8a0bb480cc28d06782a4.jpg\" \/><\/p>\n<div class=\"Text-root Text-type_1 \">\n                Ein diplomatischer Streit zwischen Paris und Washington eskaliert: Nachdem der US\u2011Botschafter einen Termin im Pariser Au\u00dfenministerium vers\u00e4umt hatte, soll ihm der Zugang zu Gespr\u00e4chen mit Regierungsministern verweigert werden.\n            <\/div>\n<p><\/p>\n<div class=\"Text-root Text-type_5 ArticleView-text ViewText-root \">\n<p data-start=\"62\" data-end=\"445\">Frankreich hat den US\u2011Botschafter Charles Kushner daran gehindert, Treffen mit franz\u00f6sischen Regierungsministern abzuhalten, nachdem er es vers\u00e4umt hatte, an einer Sitzung im Au\u00dfenministerium\u00a0teilzunehmen, um Kommentare der Trump\u2011Regierung nach der j\u00fcngsten T\u00f6tung eines franz\u00f6sischen rechtsextremen Aktivisten zu erkl\u00e4ren.<\/p>\n<p data-start=\"447\" data-end=\"782\">Das franz\u00f6sische Au\u00dfenministerium k\u00fcndigte die Entscheidung am Montag an, w\u00e4hrend sich die diplomatischen Beziehungen zwischen Paris und Washington weiter verschlechtern, unter anderem aufgrund mehrerer Meinungsverschiedenheiten \u00fcber Handelstarife, den Krieg in der Ukraine und die Rolle Europas bei der Bek\u00e4mpfung Russlands.<\/p>\n<p>Zuvor hatte die US-Botschaft in Frankreich eine Mitteilung des Anti-Terror-B\u00fcros des US-Au\u00dfenministeriums auf X verbreitet, in der ein T\u00f6tungsdelikt in Lyon als Beleg f\u00fcr eine besorgniserregende Bedrohung durch linksextremistische Gewalt gewertet wurde. Dabei war Mitte Februar am Rande einer rechten Kundgebung ein 23-j\u00e4hriger Aktivist angegriffen und t\u00f6dlich verletzt worden. Frankreichs Beh\u00f6rden ermitteln derzeit, ob und inwieweit linksextreme Gruppen daran beteiligt waren.<\/p>\n<p data-start=\"84\" data-end=\"513\">Der Pariser Au\u00dfenminister Jean-No\u00ebl Barrot wies als erste Reaktion die \u00c4u\u00dferungen der US-Regierung zur\u00fcck und betonte,\u00a0Paris brauche keine Belehrung.<\/p>\n<p data-start=\"84\" data-end=\"513\">Nach der Einbestellung des US-Botschafters stellt die Einschr\u00e4nkung seines Zugangs zu Regierungsministern ein weiteres deutliches diplomatisches Signal der Missbilligung dar. Es handelt sich jedoch nicht um eine formelle v\u00f6lkerrechtliche Sanktion \u2013 Kushner bleibt weiterhin offiziell Botschafter.<\/p>\n<p data-start=\"455\" data-end=\"690\">Statt pers\u00f6nlich auf Barrots Vorladung zu reagieren, schickte Kushner laut <em>AFP<\/em> unter Berufung auf eine diplomatische Quelle einen ranghohen Vertreter der Botschaft in seinem Namen mit der Begr\u00fcndung pers\u00f6nlicher Verpflichtungen.<\/p>\n<p data-start=\"51\" data-end=\"268\">Am Dienstag bezeichnete Barrot das Fernbleiben von der Vorladung als &#8220;eine \u00dcberraschung&#8221;, die gegen das diplomatische Protokoll versto\u00dfe und Kushners F\u00e4higkeit, als Botschafter zu agieren, beeintr\u00e4chtigen werde.<\/p>\n<p data-start=\"270\" data-end=\"523\">&#8220;Wir m\u00fcssen mit ihm eine Erkl\u00e4rung verlangen&#8221;, sagte Barrot gegen\u00fcber dem \u00f6ffentlich-rechtlichen Sender <em>France Info<\/em>. &#8220;Wir akzeptieren nicht, dass ausl\u00e4ndische Staaten in die nationale politische Debatte eingreifen oder sich dazu einfach einladen.&#8221;<\/p>\n<p data-start=\"455\" data-end=\"690\"><strong>Mehr zum Thema<\/strong>\u00a0\u2013\u00a0<a rel=\"nofollow noopener\" target=\"_blank\" href=\"https:\/\/freedert.online\/europa\/270954-quentin-deranque-tausende-marschieren-in\/\">Quentin Deranque: Tausende bei Trauermarsch f\u00fcr ermordeten rechten Aktivisten<\/a><\/p>\n<div class=\"EmbedBlock-root EmbedBlock-externalVideo EmbedBlock-rumble\">\n<div class=\"VkEmbed\"><iframe class=\"lazyload\" data-src=\"https:\/\/rumble.com\/embed\/v73qyeg\" frameborder=\"0\" width=\"853\" height=\"480\" allowfullscreen><\/iframe><\/div>\n<\/div>\n<\/div>\n<p><br \/>\n<br \/><a href=\"https:\/\/de.rt.com\/europa\/271064-nicht-zu-vorladung-erschienen-us\/\">Source link <\/a><\/p>\n","protected":false},"excerpt":{"rendered":"<p>Ein diplomatischer Streit zwischen Paris und Washington eskaliert: Nachdem der US\u2011Botschafter einen Termin im Pariser Au\u00dfenministerium vers\u00e4umt hatte, soll ihm der Zugang zu Gespr\u00e4chen mit Regierungsministern verweigert werden. Frankreich hat den US\u2011Botschafter Charles Kushner daran gehindert, Treffen mit franz\u00f6sischen Regierungsministern abzuhalten, nachdem er es vers\u00e4umt hatte, an einer Sitzung im Au\u00dfenministerium\u00a0teilzunehmen, um Kommentare der Trump\u2011Regierung [&hellip;]<\/p>\n","protected":false},"author":3,"featured_media":99406,"comment_status":"open","ping_status":"open","sticky":false,"template":"","format":"standard","meta":{"_yoast_indexnow_last_ping":["1771943338"],"wp_automatic_camp":["217"],"a476026d5ee178f2d84d4d3fb43458ef":["Einbestellt, nicht erschienen: US-Botschafter verliert Zugang zu franz\u00f6sischer Regierung"],"original_link":["https:\/\/de.rt.com\/europa\/271064-nicht-zu-vorladung-erschienen-us\/"],"_thumbnail_id":["99406"],"jnews_social_counter_last_update":["1777517869"],"_wptgpro_p2tg_sent2tg":["a:1:{i:23737;s:19:\"2026-02-24 16:30:00\";}"]},"categories":[19,23],"tags":[43253,17607,9154,800,46,13789,11487,424],"yoast_head":"<!-- This site is optimized with the Yoast SEO Premium plugin v22.7 (Yoast SEO v22.7) - https:\/\/yoast.com\/wordpress\/plugins\/seo\/ -->\n<title>Einbestellt, nicht erschienen: US-Botschafter verliert Zugang zu franz\u00f6sischer Regierung - just-now.NEWS Deutschland<\/title>\n<meta name=\"robots\" content=\"index, follow, max-snippet:-1, max-image-preview:large, max-video-preview:-1\" \/>\n<link rel=\"canonical\" href=\"https:\/\/now-news.de\/de\/deutschland\/einbestellt-nicht-erschienen-us-botschafter-verliert-zugang-zu-franzoesischer-regierung\/\" \/>\n<meta property=\"og:locale\" content=\"de_DE\" \/>\n<meta property=\"og:type\" content=\"article\" \/>\n<meta property=\"og:title\" content=\"Einbestellt, nicht erschienen: US-Botschafter verliert Zugang zu franz\u00f6sischer Regierung\" \/>\n<meta property=\"og:description\" content=\"Ein diplomatischer Streit zwischen Paris und Washington eskaliert: Nachdem der US\u2011Botschafter einen Termin im Pariser Au\u00dfenministerium vers\u00e4umt hatte, soll ihm der Zugang zu Gespr\u00e4chen mit Regierungsministern verweigert werden. Frankreich hat den US\u2011Botschafter Charles Kushner daran gehindert, Treffen mit franz\u00f6sischen Regierungsministern abzuhalten, nachdem er es vers\u00e4umt hatte, an einer Sitzung im Au\u00dfenministerium\u00a0teilzunehmen, um Kommentare der Trump\u2011Regierung [&hellip;]\" \/>\n<meta property=\"og:url\" content=\"https:\/\/now-news.de\/de\/deutschland\/einbestellt-nicht-erschienen-us-botschafter-verliert-zugang-zu-franzoesischer-regierung\/\" \/>\n<meta property=\"og:site_name\" content=\"just-now.NEWS Deutschland\" \/>\n<meta property=\"article:publisher\" content=\"https:\/\/www.facebook.com\/wirmachenauf\" \/>\n<meta property=\"article:published_time\" content=\"2026-02-24T14:14:09+00:00\" \/>\n<meta property=\"og:image\" content=\"https:\/\/now-news.de\/de\/wp-content\/uploads\/sites\/3\/2026\/02\/699d8a0bb480cc28d06782a4.jpg\" \/>\n<meta name=\"author\" content=\"rtnews\" \/>\n<meta name=\"twitter:card\" content=\"summary_large_image\" \/>\n<meta name=\"twitter:creator\" content=\"@WirMachenAuf_de\" \/>\n<meta name=\"twitter:site\" content=\"@WirMachenAuf_de\" \/>\n<meta name=\"twitter:label1\" content=\"Verfasst von\" \/>\n\t<meta name=\"twitter:data1\" content=\"rtnews\" \/>\n\t<meta name=\"twitter:label2\" content=\"Gesch\u00e4tzte Lesezeit\" \/>\n\t<meta name=\"twitter:data2\" content=\"2\u00a0Minuten\" \/>\n<script type=\"application\/ld+json\" class=\"yoast-schema-graph\">{\"@context\":\"https:\/\/schema.org\",\"@graph\":[{\"@type\":\"Article\",\"@id\":\"https:\/\/now-news.de\/de\/deutschland\/einbestellt-nicht-erschienen-us-botschafter-verliert-zugang-zu-franzoesischer-regierung\/#article\",\"isPartOf\":{\"@id\":\"https:\/\/now-news.de\/de\/deutschland\/einbestellt-nicht-erschienen-us-botschafter-verliert-zugang-zu-franzoesischer-regierung\/\"},\"author\":{\"name\":\"rtnews\",\"@id\":\"https:\/\/now-news.de\/de\/#\/schema\/person\/fb534a4e865501d8b3285208df34a9b5\"},\"headline\":\"Einbestellt, nicht erschienen: US-Botschafter verliert Zugang zu franz\u00f6sischer Regierung\",\"datePublished\":\"2026-02-24T14:14:09+00:00\",\"dateModified\":\"2026-02-24T14:14:09+00:00\",\"mainEntityOfPage\":{\"@id\":\"https:\/\/now-news.de\/de\/deutschland\/einbestellt-nicht-erschienen-us-botschafter-verliert-zugang-zu-franzoesischer-regierung\/\"},\"wordCount\":378,\"commentCount\":0,\"publisher\":{\"@id\":\"https:\/\/now-news.de\/de\/#organization\"},\"image\":{\"@id\":\"https:\/\/now-news.de\/de\/deutschland\/einbestellt-nicht-erschienen-us-botschafter-verliert-zugang-zu-franzoesischer-regierung\/#primaryimage\"},\"thumbnailUrl\":\"https:\/\/now-news.de\/de\/wp-content\/uploads\/sites\/3\/2026\/02\/Einbestellt-nicht-erschienen-US-Botschafter-verliert-Zugang-zu-franzoesischer-Regierung.jpg\",\"keywords\":[\"einbestellt\",\"erschienen\",\"franz\u00f6sischer\",\"nicht\",\"Regierung\",\"USBotschafter\",\"verliert\",\"Zugang\"],\"articleSection\":[\"Deutschland\",\"Russland\"],\"inLanguage\":\"de\",\"potentialAction\":[{\"@type\":\"CommentAction\",\"name\":\"Comment\",\"target\":[\"https:\/\/now-news.de\/de\/deutschland\/einbestellt-nicht-erschienen-us-botschafter-verliert-zugang-zu-franzoesischer-regierung\/#respond\"]}]},{\"@type\":\"WebPage\",\"@id\":\"https:\/\/now-news.de\/de\/deutschland\/einbestellt-nicht-erschienen-us-botschafter-verliert-zugang-zu-franzoesischer-regierung\/\",\"url\":\"https:\/\/now-news.de\/de\/deutschland\/einbestellt-nicht-erschienen-us-botschafter-verliert-zugang-zu-franzoesischer-regierung\/\",\"name\":\"Einbestellt, nicht erschienen: US-Botschafter verliert Zugang zu franz\u00f6sischer Regierung - just-now.NEWS Deutschland\",\"isPartOf\":{\"@id\":\"https:\/\/now-news.de\/de\/#website\"},\"primaryImageOfPage\":{\"@id\":\"https:\/\/now-news.de\/de\/deutschland\/einbestellt-nicht-erschienen-us-botschafter-verliert-zugang-zu-franzoesischer-regierung\/#primaryimage\"},\"image\":{\"@id\":\"https:\/\/now-news.de\/de\/deutschland\/einbestellt-nicht-erschienen-us-botschafter-verliert-zugang-zu-franzoesischer-regierung\/#primaryimage\"},\"thumbnailUrl\":\"https:\/\/now-news.de\/de\/wp-content\/uploads\/sites\/3\/2026\/02\/Einbestellt-nicht-erschienen-US-Botschafter-verliert-Zugang-zu-franzoesischer-Regierung.jpg\",\"datePublished\":\"2026-02-24T14:14:09+00:00\",\"dateModified\":\"2026-02-24T14:14:09+00:00\",\"breadcrumb\":{\"@id\":\"https:\/\/now-news.de\/de\/deutschland\/einbestellt-nicht-erschienen-us-botschafter-verliert-zugang-zu-franzoesischer-regierung\/#breadcrumb\"},\"inLanguage\":\"de\",\"potentialAction\":[{\"@type\":\"ReadAction\",\"target\":[\"https:\/\/now-news.de\/de\/deutschland\/einbestellt-nicht-erschienen-us-botschafter-verliert-zugang-zu-franzoesischer-regierung\/\"]}]},{\"@type\":\"ImageObject\",\"inLanguage\":\"de\",\"@id\":\"https:\/\/now-news.de\/de\/deutschland\/einbestellt-nicht-erschienen-us-botschafter-verliert-zugang-zu-franzoesischer-regierung\/#primaryimage\",\"url\":\"https:\/\/now-news.de\/de\/wp-content\/uploads\/sites\/3\/2026\/02\/Einbestellt-nicht-erschienen-US-Botschafter-verliert-Zugang-zu-franzoesischer-Regierung.jpg\",\"contentUrl\":\"https:\/\/now-news.de\/de\/wp-content\/uploads\/sites\/3\/2026\/02\/Einbestellt-nicht-erschienen-US-Botschafter-verliert-Zugang-zu-franzoesischer-Regierung.jpg\",\"width\":460,\"height\":259,\"caption\":\"Einbestellt, nicht erschienen: US-Botschafter verliert Zugang zu franz\u00f6sischer Regierung\"},{\"@type\":\"BreadcrumbList\",\"@id\":\"https:\/\/now-news.de\/de\/deutschland\/einbestellt-nicht-erschienen-us-botschafter-verliert-zugang-zu-franzoesischer-regierung\/#breadcrumb\",\"itemListElement\":[{\"@type\":\"ListItem\",\"position\":1,\"name\":\"Home\",\"item\":\"https:\/\/now-news.de\/de\/\"},{\"@type\":\"ListItem\",\"position\":2,\"name\":\"Einbestellt, nicht erschienen: US-Botschafter verliert Zugang zu franz\u00f6sischer Regierung\"}]},{\"@type\":\"WebSite\",\"@id\":\"https:\/\/now-news.de\/de\/#website\",\"url\":\"https:\/\/now-news.de\/de\/\",\"name\":\"just-now.NEWS Deutschland\",\"description\":\"Das Portal f\u00fcr unzensierte Nachrichten aus der Welt\",\"publisher\":{\"@id\":\"https:\/\/now-news.de\/de\/#organization\"},\"potentialAction\":[{\"@type\":\"SearchAction\",\"target\":{\"@type\":\"EntryPoint\",\"urlTemplate\":\"https:\/\/now-news.de\/de\/?s={search_term_string}\"},\"query-input\":\"required name=search_term_string\"}],\"inLanguage\":\"de\"},{\"@type\":\"Organization\",\"@id\":\"https:\/\/now-news.de\/de\/#organization\",\"name\":\"Just Now News\",\"url\":\"https:\/\/now-news.de\/de\/\",\"logo\":{\"@type\":\"ImageObject\",\"inLanguage\":\"de\",\"@id\":\"https:\/\/now-news.de\/de\/#\/schema\/logo\/image\/\",\"url\":\"http:\/\/just-now.news\/de\/wp-content\/uploads\/sites\/3\/2022\/04\/logo500x500.jpg\",\"contentUrl\":\"http:\/\/just-now.news\/de\/wp-content\/uploads\/sites\/3\/2022\/04\/logo500x500.jpg\",\"width\":500,\"height\":500,\"caption\":\"Just Now News\"},\"image\":{\"@id\":\"https:\/\/now-news.de\/de\/#\/schema\/logo\/image\/\"},\"sameAs\":[\"https:\/\/www.facebook.com\/wirmachenauf\",\"https:\/\/x.com\/WirMachenAuf_de\"]},{\"@type\":\"Person\",\"@id\":\"https:\/\/now-news.de\/de\/#\/schema\/person\/fb534a4e865501d8b3285208df34a9b5\",\"name\":\"rtnews\",\"image\":{\"@type\":\"ImageObject\",\"inLanguage\":\"de\",\"@id\":\"https:\/\/now-news.de\/de\/#\/schema\/person\/image\/\",\"url\":\"https:\/\/secure.gravatar.com\/avatar\/82aafea7d8127119dd649515f56e2117?s=96&d=mm&r=g\",\"contentUrl\":\"https:\/\/secure.gravatar.com\/avatar\/82aafea7d8127119dd649515f56e2117?s=96&d=mm&r=g\",\"caption\":\"rtnews\"},\"url\":\"https:\/\/now-news.de\/de\/author\/rnews\/\"}]}<\/script>\n<!-- \/ Yoast SEO Premium plugin. -->","yoast_head_json":{"title":"Einbestellt, nicht erschienen: US-Botschafter verliert Zugang zu franz\u00f6sischer Regierung - just-now.NEWS Deutschland","robots":{"index":"index","follow":"follow","max-snippet":"max-snippet:-1","max-image-preview":"max-image-preview:large","max-video-preview":"max-video-preview:-1"},"canonical":"https:\/\/now-news.de\/de\/deutschland\/einbestellt-nicht-erschienen-us-botschafter-verliert-zugang-zu-franzoesischer-regierung\/","og_locale":"de_DE","og_type":"article","og_title":"Einbestellt, nicht erschienen: US-Botschafter verliert Zugang zu franz\u00f6sischer Regierung","og_description":"Ein diplomatischer Streit zwischen Paris und Washington eskaliert: Nachdem der US\u2011Botschafter einen Termin im Pariser Au\u00dfenministerium vers\u00e4umt hatte, soll ihm der Zugang zu Gespr\u00e4chen mit Regierungsministern verweigert werden. Frankreich hat den US\u2011Botschafter Charles Kushner daran gehindert, Treffen mit franz\u00f6sischen Regierungsministern abzuhalten, nachdem er es vers\u00e4umt hatte, an einer Sitzung im Au\u00dfenministerium\u00a0teilzunehmen, um Kommentare der Trump\u2011Regierung [&hellip;]","og_url":"https:\/\/now-news.de\/de\/deutschland\/einbestellt-nicht-erschienen-us-botschafter-verliert-zugang-zu-franzoesischer-regierung\/","og_site_name":"just-now.NEWS Deutschland","article_publisher":"https:\/\/www.facebook.com\/wirmachenauf","article_published_time":"2026-02-24T14:14:09+00:00","og_image":[{"url":"https:\/\/now-news.de\/de\/wp-content\/uploads\/sites\/3\/2026\/02\/699d8a0bb480cc28d06782a4.jpg"}],"author":"rtnews","twitter_card":"summary_large_image","twitter_creator":"@WirMachenAuf_de","twitter_site":"@WirMachenAuf_de","twitter_misc":{"Verfasst von":"rtnews","Gesch\u00e4tzte Lesezeit":"2\u00a0Minuten"},"schema":{"@context":"https:\/\/schema.org","@graph":[{"@type":"Article","@id":"https:\/\/now-news.de\/de\/deutschland\/einbestellt-nicht-erschienen-us-botschafter-verliert-zugang-zu-franzoesischer-regierung\/#article","isPartOf":{"@id":"https:\/\/now-news.de\/de\/deutschland\/einbestellt-nicht-erschienen-us-botschafter-verliert-zugang-zu-franzoesischer-regierung\/"},"author":{"name":"rtnews","@id":"https:\/\/now-news.de\/de\/#\/schema\/person\/fb534a4e865501d8b3285208df34a9b5"},"headline":"Einbestellt, nicht erschienen: US-Botschafter verliert Zugang zu franz\u00f6sischer Regierung","datePublished":"2026-02-24T14:14:09+00:00","dateModified":"2026-02-24T14:14:09+00:00","mainEntityOfPage":{"@id":"https:\/\/now-news.de\/de\/deutschland\/einbestellt-nicht-erschienen-us-botschafter-verliert-zugang-zu-franzoesischer-regierung\/"},"wordCount":378,"commentCount":0,"publisher":{"@id":"https:\/\/now-news.de\/de\/#organization"},"image":{"@id":"https:\/\/now-news.de\/de\/deutschland\/einbestellt-nicht-erschienen-us-botschafter-verliert-zugang-zu-franzoesischer-regierung\/#primaryimage"},"thumbnailUrl":"https:\/\/now-news.de\/de\/wp-content\/uploads\/sites\/3\/2026\/02\/Einbestellt-nicht-erschienen-US-Botschafter-verliert-Zugang-zu-franzoesischer-Regierung.jpg","keywords":["einbestellt","erschienen","franz\u00f6sischer","nicht","Regierung","USBotschafter","verliert","Zugang"],"articleSection":["Deutschland","Russland"],"inLanguage":"de","potentialAction":[{"@type":"CommentAction","name":"Comment","target":["https:\/\/now-news.de\/de\/deutschland\/einbestellt-nicht-erschienen-us-botschafter-verliert-zugang-zu-franzoesischer-regierung\/#respond"]}]},{"@type":"WebPage","@id":"https:\/\/now-news.de\/de\/deutschland\/einbestellt-nicht-erschienen-us-botschafter-verliert-zugang-zu-franzoesischer-regierung\/","url":"https:\/\/now-news.de\/de\/deutschland\/einbestellt-nicht-erschienen-us-botschafter-verliert-zugang-zu-franzoesischer-regierung\/","name":"Einbestellt, nicht erschienen: US-Botschafter verliert Zugang zu franz\u00f6sischer Regierung - just-now.NEWS Deutschland","isPartOf":{"@id":"https:\/\/now-news.de\/de\/#website"},"primaryImageOfPage":{"@id":"https:\/\/now-news.de\/de\/deutschland\/einbestellt-nicht-erschienen-us-botschafter-verliert-zugang-zu-franzoesischer-regierung\/#primaryimage"},"image":{"@id":"https:\/\/now-news.de\/de\/deutschland\/einbestellt-nicht-erschienen-us-botschafter-verliert-zugang-zu-franzoesischer-regierung\/#primaryimage"},"thumbnailUrl":"https:\/\/now-news.de\/de\/wp-content\/uploads\/sites\/3\/2026\/02\/Einbestellt-nicht-erschienen-US-Botschafter-verliert-Zugang-zu-franzoesischer-Regierung.jpg","datePublished":"2026-02-24T14:14:09+00:00","dateModified":"2026-02-24T14:14:09+00:00","breadcrumb":{"@id":"https:\/\/now-news.de\/de\/deutschland\/einbestellt-nicht-erschienen-us-botschafter-verliert-zugang-zu-franzoesischer-regierung\/#breadcrumb"},"inLanguage":"de","potentialAction":[{"@type":"ReadAction","target":["https:\/\/now-news.de\/de\/deutschland\/einbestellt-nicht-erschienen-us-botschafter-verliert-zugang-zu-franzoesischer-regierung\/"]}]},{"@type":"ImageObject","inLanguage":"de","@id":"https:\/\/now-news.de\/de\/deutschland\/einbestellt-nicht-erschienen-us-botschafter-verliert-zugang-zu-franzoesischer-regierung\/#primaryimage","url":"https:\/\/now-news.de\/de\/wp-content\/uploads\/sites\/3\/2026\/02\/Einbestellt-nicht-erschienen-US-Botschafter-verliert-Zugang-zu-franzoesischer-Regierung.jpg","contentUrl":"https:\/\/now-news.de\/de\/wp-content\/uploads\/sites\/3\/2026\/02\/Einbestellt-nicht-erschienen-US-Botschafter-verliert-Zugang-zu-franzoesischer-Regierung.jpg","width":460,"height":259,"caption":"Einbestellt, nicht erschienen: US-Botschafter verliert Zugang zu franz\u00f6sischer Regierung"},{"@type":"BreadcrumbList","@id":"https:\/\/now-news.de\/de\/deutschland\/einbestellt-nicht-erschienen-us-botschafter-verliert-zugang-zu-franzoesischer-regierung\/#breadcrumb","itemListElement":[{"@type":"ListItem","position":1,"name":"Home","item":"https:\/\/now-news.de\/de\/"},{"@type":"ListItem","position":2,"name":"Einbestellt, nicht erschienen: US-Botschafter verliert Zugang zu franz\u00f6sischer Regierung"}]},{"@type":"WebSite","@id":"https:\/\/now-news.de\/de\/#website","url":"https:\/\/now-news.de\/de\/","name":"just-now.NEWS Deutschland","description":"Das Portal f\u00fcr unzensierte Nachrichten aus der Welt","publisher":{"@id":"https:\/\/now-news.de\/de\/#organization"},"potentialAction":[{"@type":"SearchAction","target":{"@type":"EntryPoint","urlTemplate":"https:\/\/now-news.de\/de\/?s={search_term_string}"},"query-input":"required name=search_term_string"}],"inLanguage":"de"},{"@type":"Organization","@id":"https:\/\/now-news.de\/de\/#organization","name":"Just Now News","url":"https:\/\/now-news.de\/de\/","logo":{"@type":"ImageObject","inLanguage":"de","@id":"https:\/\/now-news.de\/de\/#\/schema\/logo\/image\/","url":"http:\/\/just-now.news\/de\/wp-content\/uploads\/sites\/3\/2022\/04\/logo500x500.jpg","contentUrl":"http:\/\/just-now.news\/de\/wp-content\/uploads\/sites\/3\/2022\/04\/logo500x500.jpg","width":500,"height":500,"caption":"Just Now News"},"image":{"@id":"https:\/\/now-news.de\/de\/#\/schema\/logo\/image\/"},"sameAs":["https:\/\/www.facebook.com\/wirmachenauf","https:\/\/x.com\/WirMachenAuf_de"]},{"@type":"Person","@id":"https:\/\/now-news.de\/de\/#\/schema\/person\/fb534a4e865501d8b3285208df34a9b5","name":"rtnews","image":{"@type":"ImageObject","inLanguage":"de","@id":"https:\/\/now-news.de\/de\/#\/schema\/person\/image\/","url":"https:\/\/secure.gravatar.com\/avatar\/82aafea7d8127119dd649515f56e2117?s=96&d=mm&r=g","contentUrl":"https:\/\/secure.gravatar.com\/avatar\/82aafea7d8127119dd649515f56e2117?s=96&d=mm&r=g","caption":"rtnews"},"url":"https:\/\/now-news.de\/de\/author\/rnews\/"}]}},"_links":{"self":[{"href":"https:\/\/now-news.de\/de\/wp-json\/wp\/v2\/posts\/99405"}],"collection":[{"href":"https:\/\/now-news.de\/de\/wp-json\/wp\/v2\/posts"}],"about":[{"href":"https:\/\/now-news.de\/de\/wp-json\/wp\/v2\/types\/post"}],"author":[{"embeddable":true,"href":"https:\/\/now-news.de\/de\/wp-json\/wp\/v2\/users\/3"}],"replies":[{"embeddable":true,"href":"https:\/\/now-news.de\/de\/wp-json\/wp\/v2\/comments?post=99405"}],"version-history":[{"count":0,"href":"https:\/\/now-news.de\/de\/wp-json\/wp\/v2\/posts\/99405\/revisions"}],"wp:featuredmedia":[{"embeddable":true,"href":"https:\/\/now-news.de\/de\/wp-json\/wp\/v2\/media\/99406"}],"wp:attachment":[{"href":"https:\/\/now-news.de\/de\/wp-json\/wp\/v2\/media?parent=99405"}],"wp:term":[{"taxonomy":"category","embeddable":true,"href":"https:\/\/now-news.de\/de\/wp-json\/wp\/v2\/categories?post=99405"},{"taxonomy":"post_tag","embeddable":true,"href":"https:\/\/now-news.de\/de\/wp-json\/wp\/v2\/tags?post=99405"}],"curies":[{"name":"wp","href":"https:\/\/api.w.org\/{rel}","templated":true}]}}