{"id":99396,"date":"2026-02-24T14:58:21","date_gmt":"2026-02-24T12:58:21","guid":{"rendered":"https:\/\/now-news.de\/de\/deutschland\/kennedy-jr-greift-deutsche-coronajustiz-gegen-aerzte-an-us-beschwerdestelle-fuer-deutsche-mediziner\/"},"modified":"2026-02-24T14:58:21","modified_gmt":"2026-02-24T12:58:21","slug":"kennedy-jr-greift-deutsche-coronajustiz-gegen-aerzte-an-us-beschwerdestelle-fuer-deutsche-mediziner","status":"publish","type":"post","link":"https:\/\/now-news.de\/de\/deutschland\/kennedy-jr-greift-deutsche-coronajustiz-gegen-aerzte-an-us-beschwerdestelle-fuer-deutsche-mediziner\/","title":{"rendered":"Kennedy Jr. greift deutsche Coronajustiz gegen \u00c4rzte an \u2013 US-Beschwerdestelle f\u00fcr deutsche Mediziner"},"content":{"rendered":"<p><img decoding=\"async\" src=\"https:\/\/now-news.de\/de\/wp-content\/uploads\/sites\/3\/2026\/02\/699d90ec48fbef5b18587793.jpg\" \/><\/p>\n<div class=\"Text-root Text-type_1 \">\n                \u00c4rzte, die in der Corona-Zeit Maskenatteste ausstellten, werden weiter strafrechtlich verfolgt und teils zu mehrj\u00e4hrigen Haftstrafen verurteilt. Gesundheitsministerin Warken bestreitet dies. Das US-Gesundheitsministerium richtete nun in den USA eine Beschwerdestelle f\u00fcr betroffene deutsche \u00c4rzte ein.\n            <\/div>\n<p><\/p>\n<div class=\"Text-root Text-type_5 ArticleView-text ViewText-root \">\n<p>In Deutschland werden bis heute \u00c4rzte strafrechtlich verfolgt, die in der Corona-Zeit Maskenatteste ausstellten, oder falsche Impfbescheinigungen. Zuletzt musste die Dresdner Allgemeinmedizinerin Bianca Witzschel am 5. Februar ihre 498-t\u00e4gige Haft wegen angeblich falscher Corona-Atteste antreten. Zuvor\u00a0hatte sie schon \u00fcber ein Jahr in Untersuchungshaft gesessen.\u00a0<\/p>\n<p>Das von Robert F. Kennedy geleitete US-Gesundheitsministeriums hat k\u00fcrzlich eine Beschwerdestelle f\u00fcr deutsche Mediziner eingerichtet. Deutsche \u00c4rzte, die immer noch von Strafverfahren aus der Corona-Zeit betroffen sind, k\u00f6nnen sich an die neue US-Clearingstelle wenden. Geleitet wird diese von der Chefdiplomatin des Ministeriums. Wie die <em>Neue Z\u00fcricher Zeitung (NZZ)<\/em> am Montag <a rel=\"nofollow noopener\" target=\"_blank\" href=\"https:\/\/www.nzz.ch\/international\/das-us-gesundheitsministerium-richtet-fuer-deutsche-aerzte-eine-beschwerdestelle-ein-im-fokus-stehen-die-pandemie-strafverfahren-der-behoerden-ld.1925851\">berichtete<\/a>, sollen bereits einige betroffene Mediziner per Videozoom ihre Strafverfolgung und die beruflichen\u00a0sowie privaten Folgen an die US-Beh\u00f6rde \u00fcbermittelt haben.<\/p>\n<p>In Deutschland wurden bisher mehr als tausend Prozesse gegen \u00c4rzte wegen angeblich falscher Corona-Atteste abgeschlossen. Das jeweilige Strafma\u00df variierte zwischen Geldstrafen bis zu 25.000 Euro, Berufsverboten und zum Teil mehrj\u00e4hrigen Haftstrafen.<\/p>\n<p>Anfang Januar hatte sich US-Gesundheitsminister Robert F. Kennedy Jr. in einem Brief an seine deutsche Amtskollegin Nina Warken gewandt. Darin soll er laut <em>NZZ<\/em> die massenhaften Strafverfahren gegen deutsche \u00c4rzte scharf kritisiert haben. Laut seiner Aussage habe die deutsche Regierung die Autonomie von Patienten und &#8220;die heilige Beziehung zwischen Arzt und Patient&#8221; missachtet. Der US-Gesundheitsminister <a rel=\"nofollow noopener\" target=\"_blank\" href=\"https:\/\/x.com\/SecKennedy\/status\/2010349911976423736\">erkl\u00e4rte dazu<\/a> in einem Video auf seinem X-Account:<\/p>\n<p><em>&#8220;Wenn eine Regierung \u00c4rzte daf\u00fcr kriminalisiert, dass sie ihre Patienten beraten, \u00fcberschreitet sie eine Grenze, die freie Gesellschaften immer als unantastbar betrachtet haben.&#8221;<\/em><\/p>\n<p>\u00c4rzte d\u00fcrften nicht zu &#8220;Vollstreckern staatlicher Politik&#8221; verpflichtet werden. Au\u00dferdem d\u00fcrfe die deutsche Bundesregierung nicht die Freiheit der B\u00fcrger verletzen, &#8220;bei medizinischen Entscheidungen nach eigenen \u00dcberzeugungen zu handeln.&#8221;<\/p>\n<div class=\"EmbedBlock-root EmbedBlock-twitter\">\n<div class=\"TwitterEmbed\">\n<blockquote class=\"twitter-tweet lazyload\" data-twitter=\"twitter-tweet\" data-media-max-width=\"560\">\n<p lang=\"en\" dir=\"ltr\">Reports coming out of Germany show a government sidelining patient autonomy and limiting people&#8217;s abilities to act on their own convictions when they face medical decisions. That is why Friday, I sent a letter to Germany&#8217;s Federal Minister of Health, Nina Warken. In my letter,\u2026 <a rel=\"nofollow noopener\" target=\"_blank\" href=\"https:\/\/t.co\/OWm7bcTv2W\">pic.twitter.com\/OWm7bcTv2W<\/a><\/p>\n<p>\u2014 Secretary Kennedy (@SecKennedy) <a rel=\"nofollow noopener\" target=\"_blank\" href=\"https:\/\/twitter.com\/SecKennedy\/status\/2010349911976423736?ref_src=twsrc%5Etfw\">January 11, 2026<\/a><\/p><\/blockquote>\n<\/div>\n<\/div>\n<p>Nina Warken bezeichnete Kennedys Vorw\u00fcrfe als &#8220;faktisch falsch&#8221;. Kennedys Kritik entbehre jeglicher Grundlage. Ihr zufolge habe es strafrechliche Konsequenzen f\u00fcr \u00c4rzte &#8220;nur bei Betrug oder Urkundenf\u00e4lschung gegeben, etwa bei gef\u00e4lschten Impfp\u00e4ssen&#8221;, gab die <em>Berliner Zeitung<\/em>\u00a0<a rel=\"nofollow noopener\" target=\"_blank\" href=\"https:\/\/www.berliner-zeitung.de\/news\/corona-impfen-maskenatteste-usa-greifen-deutsche-urteile-gegen-aerzte-an-li.10020654\">am Montag<\/a> die Erwiderung der deutschen Ministerin an Kennedy wieder.<\/p>\n<p><strong><\/strong><\/p>\n<p><strong>Unklare Vorgaben f\u00fcr medizinische Maskenbefreiung in der Corona-Zeit<\/strong><\/p>\n<p>Im April 2020 wurde in Deutschland eine Maskenpflicht eingef\u00fchrt. Ausnahmen galten f\u00fcr nicht genau definierte &#8220;gesundheitliche Beeintr\u00e4chtigungen von einigem Gewicht&#8221;. Demnach galten Atteste, die ausschlie\u00dflich in Folge von Symptomberichten von Patienten ausgestellt wurden, gem\u00e4\u00df Rechtssprechung als &#8220;unrichtig&#8221;. Viele der angeklagten \u00c4rzte hatten nach den berichteten Symptomen ihrer Patienten die Atteste ausgestellt.<\/p>\n<p data-team-paragraph=\"true\">Zumal nicht gekl\u00e4rt war, unter welchen medizinischen Voraussetzungen die Patienten die Atteste bekommen d\u00fcrften. Die <em>NZZ<\/em> schrieb dazu:<\/p>\n<p data-team-paragraph=\"true\"><em>&#8220;Doch wie genau diese Untersuchung auszusehen hatte und welche Krankheitsbilder die Befreiung von der Maskenpflicht nahelegen \u2013 dar\u00fcber gibt es in Deutschland unterschiedliche Vorgaben.&#8221;<\/em><\/p>\n<p>In Reaktion auf die Kritik von Kennedy Jr. erkl\u00e4rte Warken, strafrechtliche Konsequenzen habe es &#8220;nur bei Betrug und Urkundenf\u00e4lschung gegeben.&#8221; Von dieser j\u00fcngsten Aussage der deutschen Gesundheitsministerin f\u00fchlten sich mehrere \u00c4rzte &#8220;pers\u00f6nlich diskreditiert&#8221;. Denn entgegen Warkens Aussage wurden viele \u00c4rzte bereits wegen Ausstellens unrichtiger Gesundheitszeugnisse verurteilt \u2013 dies gilt nicht als Betrug. Eine Betroffene Medizinerin reichte nun deshalb ihrerseits Klage gegen die deutsche Gesundheitsministerin ein.<\/p>\n<p>Die Urteile gegen die Attest\u00e4rzte in Deutschland halte der Staatsrechtler Volker Boehme-Nessler &#8220;unter Gerechtigkeitsaspekten f\u00fcr inakzeptabel&#8221;. Schlie\u00dflich habe sich das Maskentragen sp\u00e4ter als &#8220;weitgehend wirkungslos&#8221; erwiesen. Demnach k\u00f6nne es kaum als &#8220;Grundlage f\u00fcr massive Grundrechtseingriffe und strafrechtliche Sanktionen&#8221; genutzt werden. Der Jurist fordert eine Amnestie f\u00fcr Pandemie-Vergehen. Spanien habe diese schon erlassen. Die <em>NZZ<\/em> bewertet die deutsche Corona-Aufarbeitung kritisch:<\/p>\n<p><em>&#8220;Inzwischen gilt als unstrittig, dass viele Ma\u00dfnahmen auf Annahmen beruhten, die sp\u00e4ter in vielerlei Hinsicht revidiert wurden. Kritiker verweisen auf die inzwischen ver\u00f6ffentlichten Protokolle des Robert Koch-Instituts, aus denen hervorgeht, dass die Wirksamkeit der Maskenpflicht intern deutlich skeptischer bewertet wurde als \u00f6ffentlich kommuniziert.&#8221;<\/em><\/p>\n<p><strong>Mehr zum Thema &#8211;<\/strong>\u00a0<a rel=\"nofollow noopener\" target=\"_blank\" href=\"https:\/\/dert.online\/inland\/270268-deutsche-gesundheitsministerin-warken-will-kriegstuechtiges\/\">Deutsche Gesundheitsministerin Warken will kriegst\u00fcchtiges Gesundheitswesen <\/a><\/p>\n<\/p>\n<\/div>\n<p><script async src=\"https:\/\/platform.twitter.com\/widgets.js\" charset=\"utf-8\"><\/script><br \/>\n<br \/><br \/>\n<br \/><a href=\"https:\/\/de.rt.com\/international\/271069-kennedy-jr-greift-deutsche-coronajustiz\/\">Source link <\/a><\/p>\n","protected":false},"excerpt":{"rendered":"<p>\u00c4rzte, die in der Corona-Zeit Maskenatteste ausstellten, werden weiter strafrechtlich verfolgt und teils zu mehrj\u00e4hrigen Haftstrafen verurteilt. Gesundheitsministerin Warken bestreitet dies. Das US-Gesundheitsministerium richtete nun in den USA eine Beschwerdestelle f\u00fcr betroffene deutsche \u00c4rzte ein. In Deutschland werden bis heute \u00c4rzte strafrechtlich verfolgt, die in der Corona-Zeit Maskenatteste ausstellten, oder falsche Impfbescheinigungen. Zuletzt musste die [&hellip;]<\/p>\n","protected":false},"author":3,"featured_media":99397,"comment_status":"open","ping_status":"open","sticky":false,"template":"","format":"standard","meta":{"_yoast_indexnow_last_ping":["1771938538"],"wp_automatic_camp":["217"],"82adfc4ec69469d66aa551e1895eeed5":["Kennedy Jr. greift deutsche Coronajustiz gegen \u00c4rzte an \u2013 US-Beschwerdestelle f\u00fcr deutsche Mediziner"],"original_link":["https:\/\/de.rt.com\/international\/271069-kennedy-jr-greift-deutsche-coronajustiz\/"],"_thumbnail_id":["99397"],"jnews_social_counter_last_update":["1777416606"],"_wptgpro_p2tg_sent2tg":["a:1:{i:23737;s:19:\"2026-02-24 15:10:02\";}"]},"categories":[19,23],"tags":[7230,71437,2374,221,278,572,28852,22727,71438],"yoast_head":"<!-- This site is optimized with the Yoast SEO Premium plugin v22.7 (Yoast SEO v22.7) - https:\/\/yoast.com\/wordpress\/plugins\/seo\/ -->\n<title>Kennedy Jr. greift deutsche Coronajustiz gegen \u00c4rzte an \u2013 US-Beschwerdestelle f\u00fcr deutsche Mediziner - just-now.NEWS Deutschland<\/title>\n<meta name=\"robots\" content=\"index, follow, max-snippet:-1, max-image-preview:large, max-video-preview:-1\" \/>\n<link rel=\"canonical\" href=\"https:\/\/now-news.de\/de\/deutschland\/kennedy-jr-greift-deutsche-coronajustiz-gegen-aerzte-an-us-beschwerdestelle-fuer-deutsche-mediziner\/\" \/>\n<meta property=\"og:locale\" content=\"de_DE\" \/>\n<meta property=\"og:type\" content=\"article\" \/>\n<meta property=\"og:title\" content=\"Kennedy Jr. greift deutsche Coronajustiz gegen \u00c4rzte an \u2013 US-Beschwerdestelle f\u00fcr deutsche Mediziner\" \/>\n<meta property=\"og:description\" content=\"\u00c4rzte, die in der Corona-Zeit Maskenatteste ausstellten, werden weiter strafrechtlich verfolgt und teils zu mehrj\u00e4hrigen Haftstrafen verurteilt. Gesundheitsministerin Warken bestreitet dies. Das US-Gesundheitsministerium richtete nun in den USA eine Beschwerdestelle f\u00fcr betroffene deutsche \u00c4rzte ein. In Deutschland werden bis heute \u00c4rzte strafrechtlich verfolgt, die in der Corona-Zeit Maskenatteste ausstellten, oder falsche Impfbescheinigungen. Zuletzt musste die [&hellip;]\" \/>\n<meta property=\"og:url\" content=\"https:\/\/now-news.de\/de\/deutschland\/kennedy-jr-greift-deutsche-coronajustiz-gegen-aerzte-an-us-beschwerdestelle-fuer-deutsche-mediziner\/\" \/>\n<meta property=\"og:site_name\" content=\"just-now.NEWS Deutschland\" \/>\n<meta property=\"article:publisher\" content=\"https:\/\/www.facebook.com\/wirmachenauf\" \/>\n<meta property=\"article:published_time\" content=\"2026-02-24T12:58:21+00:00\" \/>\n<meta property=\"og:image\" content=\"https:\/\/now-news.de\/de\/wp-content\/uploads\/sites\/3\/2026\/02\/699d90ec48fbef5b18587793.jpg\" \/>\n<meta name=\"author\" content=\"rtnews\" \/>\n<meta name=\"twitter:card\" content=\"summary_large_image\" \/>\n<meta name=\"twitter:creator\" content=\"@WirMachenAuf_de\" \/>\n<meta name=\"twitter:site\" content=\"@WirMachenAuf_de\" \/>\n<meta name=\"twitter:label1\" content=\"Verfasst von\" \/>\n\t<meta name=\"twitter:data1\" content=\"rtnews\" \/>\n\t<meta name=\"twitter:label2\" content=\"Gesch\u00e4tzte Lesezeit\" \/>\n\t<meta name=\"twitter:data2\" content=\"4\u00a0Minuten\" \/>\n<script type=\"application\/ld+json\" class=\"yoast-schema-graph\">{\"@context\":\"https:\/\/schema.org\",\"@graph\":[{\"@type\":\"Article\",\"@id\":\"https:\/\/now-news.de\/de\/deutschland\/kennedy-jr-greift-deutsche-coronajustiz-gegen-aerzte-an-us-beschwerdestelle-fuer-deutsche-mediziner\/#article\",\"isPartOf\":{\"@id\":\"https:\/\/now-news.de\/de\/deutschland\/kennedy-jr-greift-deutsche-coronajustiz-gegen-aerzte-an-us-beschwerdestelle-fuer-deutsche-mediziner\/\"},\"author\":{\"name\":\"rtnews\",\"@id\":\"https:\/\/now-news.de\/de\/#\/schema\/person\/fb534a4e865501d8b3285208df34a9b5\"},\"headline\":\"Kennedy Jr. greift deutsche Coronajustiz gegen \u00c4rzte an \u2013 US-Beschwerdestelle f\u00fcr deutsche Mediziner\",\"datePublished\":\"2026-02-24T12:58:21+00:00\",\"dateModified\":\"2026-02-24T12:58:21+00:00\",\"mainEntityOfPage\":{\"@id\":\"https:\/\/now-news.de\/de\/deutschland\/kennedy-jr-greift-deutsche-coronajustiz-gegen-aerzte-an-us-beschwerdestelle-fuer-deutsche-mediziner\/\"},\"wordCount\":731,\"commentCount\":0,\"publisher\":{\"@id\":\"https:\/\/now-news.de\/de\/#organization\"},\"image\":{\"@id\":\"https:\/\/now-news.de\/de\/deutschland\/kennedy-jr-greift-deutsche-coronajustiz-gegen-aerzte-an-us-beschwerdestelle-fuer-deutsche-mediziner\/#primaryimage\"},\"thumbnailUrl\":\"https:\/\/now-news.de\/de\/wp-content\/uploads\/sites\/3\/2026\/02\/Kennedy-Jr-greift-deutsche-Coronajustiz-gegen-Aerzte-an-\u2013-US-Beschwerdestelle.jpg\",\"keywords\":[\"\u00c4rzte\",\"Coronajustiz\",\"Deutsche\",\"f\u00fcr\",\"gegen\",\"greift\",\"Kennedy\",\"Mediziner\",\"USBeschwerdestelle\"],\"articleSection\":[\"Deutschland\",\"Russland\"],\"inLanguage\":\"de\",\"potentialAction\":[{\"@type\":\"CommentAction\",\"name\":\"Comment\",\"target\":[\"https:\/\/now-news.de\/de\/deutschland\/kennedy-jr-greift-deutsche-coronajustiz-gegen-aerzte-an-us-beschwerdestelle-fuer-deutsche-mediziner\/#respond\"]}]},{\"@type\":\"WebPage\",\"@id\":\"https:\/\/now-news.de\/de\/deutschland\/kennedy-jr-greift-deutsche-coronajustiz-gegen-aerzte-an-us-beschwerdestelle-fuer-deutsche-mediziner\/\",\"url\":\"https:\/\/now-news.de\/de\/deutschland\/kennedy-jr-greift-deutsche-coronajustiz-gegen-aerzte-an-us-beschwerdestelle-fuer-deutsche-mediziner\/\",\"name\":\"Kennedy Jr. greift deutsche Coronajustiz gegen \u00c4rzte an \u2013 US-Beschwerdestelle f\u00fcr deutsche Mediziner - just-now.NEWS Deutschland\",\"isPartOf\":{\"@id\":\"https:\/\/now-news.de\/de\/#website\"},\"primaryImageOfPage\":{\"@id\":\"https:\/\/now-news.de\/de\/deutschland\/kennedy-jr-greift-deutsche-coronajustiz-gegen-aerzte-an-us-beschwerdestelle-fuer-deutsche-mediziner\/#primaryimage\"},\"image\":{\"@id\":\"https:\/\/now-news.de\/de\/deutschland\/kennedy-jr-greift-deutsche-coronajustiz-gegen-aerzte-an-us-beschwerdestelle-fuer-deutsche-mediziner\/#primaryimage\"},\"thumbnailUrl\":\"https:\/\/now-news.de\/de\/wp-content\/uploads\/sites\/3\/2026\/02\/Kennedy-Jr-greift-deutsche-Coronajustiz-gegen-Aerzte-an-\u2013-US-Beschwerdestelle.jpg\",\"datePublished\":\"2026-02-24T12:58:21+00:00\",\"dateModified\":\"2026-02-24T12:58:21+00:00\",\"breadcrumb\":{\"@id\":\"https:\/\/now-news.de\/de\/deutschland\/kennedy-jr-greift-deutsche-coronajustiz-gegen-aerzte-an-us-beschwerdestelle-fuer-deutsche-mediziner\/#breadcrumb\"},\"inLanguage\":\"de\",\"potentialAction\":[{\"@type\":\"ReadAction\",\"target\":[\"https:\/\/now-news.de\/de\/deutschland\/kennedy-jr-greift-deutsche-coronajustiz-gegen-aerzte-an-us-beschwerdestelle-fuer-deutsche-mediziner\/\"]}]},{\"@type\":\"ImageObject\",\"inLanguage\":\"de\",\"@id\":\"https:\/\/now-news.de\/de\/deutschland\/kennedy-jr-greift-deutsche-coronajustiz-gegen-aerzte-an-us-beschwerdestelle-fuer-deutsche-mediziner\/#primaryimage\",\"url\":\"https:\/\/now-news.de\/de\/wp-content\/uploads\/sites\/3\/2026\/02\/Kennedy-Jr-greift-deutsche-Coronajustiz-gegen-Aerzte-an-\u2013-US-Beschwerdestelle.jpg\",\"contentUrl\":\"https:\/\/now-news.de\/de\/wp-content\/uploads\/sites\/3\/2026\/02\/Kennedy-Jr-greift-deutsche-Coronajustiz-gegen-Aerzte-an-\u2013-US-Beschwerdestelle.jpg\",\"width\":460,\"height\":259,\"caption\":\"Kennedy Jr. greift deutsche Coronajustiz gegen \u00c4rzte an \u2013 US-Beschwerdestelle f\u00fcr deutsche Mediziner\"},{\"@type\":\"BreadcrumbList\",\"@id\":\"https:\/\/now-news.de\/de\/deutschland\/kennedy-jr-greift-deutsche-coronajustiz-gegen-aerzte-an-us-beschwerdestelle-fuer-deutsche-mediziner\/#breadcrumb\",\"itemListElement\":[{\"@type\":\"ListItem\",\"position\":1,\"name\":\"Home\",\"item\":\"https:\/\/now-news.de\/de\/\"},{\"@type\":\"ListItem\",\"position\":2,\"name\":\"Kennedy Jr. greift deutsche Coronajustiz gegen \u00c4rzte an \u2013 US-Beschwerdestelle f\u00fcr deutsche Mediziner\"}]},{\"@type\":\"WebSite\",\"@id\":\"https:\/\/now-news.de\/de\/#website\",\"url\":\"https:\/\/now-news.de\/de\/\",\"name\":\"just-now.NEWS Deutschland\",\"description\":\"Das Portal f\u00fcr unzensierte Nachrichten aus der Welt\",\"publisher\":{\"@id\":\"https:\/\/now-news.de\/de\/#organization\"},\"potentialAction\":[{\"@type\":\"SearchAction\",\"target\":{\"@type\":\"EntryPoint\",\"urlTemplate\":\"https:\/\/now-news.de\/de\/?s={search_term_string}\"},\"query-input\":\"required name=search_term_string\"}],\"inLanguage\":\"de\"},{\"@type\":\"Organization\",\"@id\":\"https:\/\/now-news.de\/de\/#organization\",\"name\":\"Just Now News\",\"url\":\"https:\/\/now-news.de\/de\/\",\"logo\":{\"@type\":\"ImageObject\",\"inLanguage\":\"de\",\"@id\":\"https:\/\/now-news.de\/de\/#\/schema\/logo\/image\/\",\"url\":\"http:\/\/just-now.news\/de\/wp-content\/uploads\/sites\/3\/2022\/04\/logo500x500.jpg\",\"contentUrl\":\"http:\/\/just-now.news\/de\/wp-content\/uploads\/sites\/3\/2022\/04\/logo500x500.jpg\",\"width\":500,\"height\":500,\"caption\":\"Just Now News\"},\"image\":{\"@id\":\"https:\/\/now-news.de\/de\/#\/schema\/logo\/image\/\"},\"sameAs\":[\"https:\/\/www.facebook.com\/wirmachenauf\",\"https:\/\/x.com\/WirMachenAuf_de\"]},{\"@type\":\"Person\",\"@id\":\"https:\/\/now-news.de\/de\/#\/schema\/person\/fb534a4e865501d8b3285208df34a9b5\",\"name\":\"rtnews\",\"image\":{\"@type\":\"ImageObject\",\"inLanguage\":\"de\",\"@id\":\"https:\/\/now-news.de\/de\/#\/schema\/person\/image\/\",\"url\":\"https:\/\/secure.gravatar.com\/avatar\/82aafea7d8127119dd649515f56e2117?s=96&d=mm&r=g\",\"contentUrl\":\"https:\/\/secure.gravatar.com\/avatar\/82aafea7d8127119dd649515f56e2117?s=96&d=mm&r=g\",\"caption\":\"rtnews\"},\"url\":\"https:\/\/now-news.de\/de\/author\/rnews\/\"}]}<\/script>\n<!-- \/ Yoast SEO Premium plugin. -->","yoast_head_json":{"title":"Kennedy Jr. greift deutsche Coronajustiz gegen \u00c4rzte an \u2013 US-Beschwerdestelle f\u00fcr deutsche Mediziner - just-now.NEWS Deutschland","robots":{"index":"index","follow":"follow","max-snippet":"max-snippet:-1","max-image-preview":"max-image-preview:large","max-video-preview":"max-video-preview:-1"},"canonical":"https:\/\/now-news.de\/de\/deutschland\/kennedy-jr-greift-deutsche-coronajustiz-gegen-aerzte-an-us-beschwerdestelle-fuer-deutsche-mediziner\/","og_locale":"de_DE","og_type":"article","og_title":"Kennedy Jr. greift deutsche Coronajustiz gegen \u00c4rzte an \u2013 US-Beschwerdestelle f\u00fcr deutsche Mediziner","og_description":"\u00c4rzte, die in der Corona-Zeit Maskenatteste ausstellten, werden weiter strafrechtlich verfolgt und teils zu mehrj\u00e4hrigen Haftstrafen verurteilt. Gesundheitsministerin Warken bestreitet dies. Das US-Gesundheitsministerium richtete nun in den USA eine Beschwerdestelle f\u00fcr betroffene deutsche \u00c4rzte ein. In Deutschland werden bis heute \u00c4rzte strafrechtlich verfolgt, die in der Corona-Zeit Maskenatteste ausstellten, oder falsche Impfbescheinigungen. Zuletzt musste die [&hellip;]","og_url":"https:\/\/now-news.de\/de\/deutschland\/kennedy-jr-greift-deutsche-coronajustiz-gegen-aerzte-an-us-beschwerdestelle-fuer-deutsche-mediziner\/","og_site_name":"just-now.NEWS Deutschland","article_publisher":"https:\/\/www.facebook.com\/wirmachenauf","article_published_time":"2026-02-24T12:58:21+00:00","og_image":[{"url":"https:\/\/now-news.de\/de\/wp-content\/uploads\/sites\/3\/2026\/02\/699d90ec48fbef5b18587793.jpg"}],"author":"rtnews","twitter_card":"summary_large_image","twitter_creator":"@WirMachenAuf_de","twitter_site":"@WirMachenAuf_de","twitter_misc":{"Verfasst von":"rtnews","Gesch\u00e4tzte Lesezeit":"4\u00a0Minuten"},"schema":{"@context":"https:\/\/schema.org","@graph":[{"@type":"Article","@id":"https:\/\/now-news.de\/de\/deutschland\/kennedy-jr-greift-deutsche-coronajustiz-gegen-aerzte-an-us-beschwerdestelle-fuer-deutsche-mediziner\/#article","isPartOf":{"@id":"https:\/\/now-news.de\/de\/deutschland\/kennedy-jr-greift-deutsche-coronajustiz-gegen-aerzte-an-us-beschwerdestelle-fuer-deutsche-mediziner\/"},"author":{"name":"rtnews","@id":"https:\/\/now-news.de\/de\/#\/schema\/person\/fb534a4e865501d8b3285208df34a9b5"},"headline":"Kennedy Jr. greift deutsche Coronajustiz gegen \u00c4rzte an \u2013 US-Beschwerdestelle f\u00fcr deutsche Mediziner","datePublished":"2026-02-24T12:58:21+00:00","dateModified":"2026-02-24T12:58:21+00:00","mainEntityOfPage":{"@id":"https:\/\/now-news.de\/de\/deutschland\/kennedy-jr-greift-deutsche-coronajustiz-gegen-aerzte-an-us-beschwerdestelle-fuer-deutsche-mediziner\/"},"wordCount":731,"commentCount":0,"publisher":{"@id":"https:\/\/now-news.de\/de\/#organization"},"image":{"@id":"https:\/\/now-news.de\/de\/deutschland\/kennedy-jr-greift-deutsche-coronajustiz-gegen-aerzte-an-us-beschwerdestelle-fuer-deutsche-mediziner\/#primaryimage"},"thumbnailUrl":"https:\/\/now-news.de\/de\/wp-content\/uploads\/sites\/3\/2026\/02\/Kennedy-Jr-greift-deutsche-Coronajustiz-gegen-Aerzte-an-\u2013-US-Beschwerdestelle.jpg","keywords":["\u00c4rzte","Coronajustiz","Deutsche","f\u00fcr","gegen","greift","Kennedy","Mediziner","USBeschwerdestelle"],"articleSection":["Deutschland","Russland"],"inLanguage":"de","potentialAction":[{"@type":"CommentAction","name":"Comment","target":["https:\/\/now-news.de\/de\/deutschland\/kennedy-jr-greift-deutsche-coronajustiz-gegen-aerzte-an-us-beschwerdestelle-fuer-deutsche-mediziner\/#respond"]}]},{"@type":"WebPage","@id":"https:\/\/now-news.de\/de\/deutschland\/kennedy-jr-greift-deutsche-coronajustiz-gegen-aerzte-an-us-beschwerdestelle-fuer-deutsche-mediziner\/","url":"https:\/\/now-news.de\/de\/deutschland\/kennedy-jr-greift-deutsche-coronajustiz-gegen-aerzte-an-us-beschwerdestelle-fuer-deutsche-mediziner\/","name":"Kennedy Jr. greift deutsche Coronajustiz gegen \u00c4rzte an \u2013 US-Beschwerdestelle f\u00fcr deutsche Mediziner - just-now.NEWS Deutschland","isPartOf":{"@id":"https:\/\/now-news.de\/de\/#website"},"primaryImageOfPage":{"@id":"https:\/\/now-news.de\/de\/deutschland\/kennedy-jr-greift-deutsche-coronajustiz-gegen-aerzte-an-us-beschwerdestelle-fuer-deutsche-mediziner\/#primaryimage"},"image":{"@id":"https:\/\/now-news.de\/de\/deutschland\/kennedy-jr-greift-deutsche-coronajustiz-gegen-aerzte-an-us-beschwerdestelle-fuer-deutsche-mediziner\/#primaryimage"},"thumbnailUrl":"https:\/\/now-news.de\/de\/wp-content\/uploads\/sites\/3\/2026\/02\/Kennedy-Jr-greift-deutsche-Coronajustiz-gegen-Aerzte-an-\u2013-US-Beschwerdestelle.jpg","datePublished":"2026-02-24T12:58:21+00:00","dateModified":"2026-02-24T12:58:21+00:00","breadcrumb":{"@id":"https:\/\/now-news.de\/de\/deutschland\/kennedy-jr-greift-deutsche-coronajustiz-gegen-aerzte-an-us-beschwerdestelle-fuer-deutsche-mediziner\/#breadcrumb"},"inLanguage":"de","potentialAction":[{"@type":"ReadAction","target":["https:\/\/now-news.de\/de\/deutschland\/kennedy-jr-greift-deutsche-coronajustiz-gegen-aerzte-an-us-beschwerdestelle-fuer-deutsche-mediziner\/"]}]},{"@type":"ImageObject","inLanguage":"de","@id":"https:\/\/now-news.de\/de\/deutschland\/kennedy-jr-greift-deutsche-coronajustiz-gegen-aerzte-an-us-beschwerdestelle-fuer-deutsche-mediziner\/#primaryimage","url":"https:\/\/now-news.de\/de\/wp-content\/uploads\/sites\/3\/2026\/02\/Kennedy-Jr-greift-deutsche-Coronajustiz-gegen-Aerzte-an-\u2013-US-Beschwerdestelle.jpg","contentUrl":"https:\/\/now-news.de\/de\/wp-content\/uploads\/sites\/3\/2026\/02\/Kennedy-Jr-greift-deutsche-Coronajustiz-gegen-Aerzte-an-\u2013-US-Beschwerdestelle.jpg","width":460,"height":259,"caption":"Kennedy Jr. greift deutsche Coronajustiz gegen \u00c4rzte an \u2013 US-Beschwerdestelle f\u00fcr deutsche Mediziner"},{"@type":"BreadcrumbList","@id":"https:\/\/now-news.de\/de\/deutschland\/kennedy-jr-greift-deutsche-coronajustiz-gegen-aerzte-an-us-beschwerdestelle-fuer-deutsche-mediziner\/#breadcrumb","itemListElement":[{"@type":"ListItem","position":1,"name":"Home","item":"https:\/\/now-news.de\/de\/"},{"@type":"ListItem","position":2,"name":"Kennedy Jr. greift deutsche Coronajustiz gegen \u00c4rzte an \u2013 US-Beschwerdestelle f\u00fcr deutsche Mediziner"}]},{"@type":"WebSite","@id":"https:\/\/now-news.de\/de\/#website","url":"https:\/\/now-news.de\/de\/","name":"just-now.NEWS Deutschland","description":"Das Portal f\u00fcr unzensierte Nachrichten aus der Welt","publisher":{"@id":"https:\/\/now-news.de\/de\/#organization"},"potentialAction":[{"@type":"SearchAction","target":{"@type":"EntryPoint","urlTemplate":"https:\/\/now-news.de\/de\/?s={search_term_string}"},"query-input":"required name=search_term_string"}],"inLanguage":"de"},{"@type":"Organization","@id":"https:\/\/now-news.de\/de\/#organization","name":"Just Now News","url":"https:\/\/now-news.de\/de\/","logo":{"@type":"ImageObject","inLanguage":"de","@id":"https:\/\/now-news.de\/de\/#\/schema\/logo\/image\/","url":"http:\/\/just-now.news\/de\/wp-content\/uploads\/sites\/3\/2022\/04\/logo500x500.jpg","contentUrl":"http:\/\/just-now.news\/de\/wp-content\/uploads\/sites\/3\/2022\/04\/logo500x500.jpg","width":500,"height":500,"caption":"Just Now News"},"image":{"@id":"https:\/\/now-news.de\/de\/#\/schema\/logo\/image\/"},"sameAs":["https:\/\/www.facebook.com\/wirmachenauf","https:\/\/x.com\/WirMachenAuf_de"]},{"@type":"Person","@id":"https:\/\/now-news.de\/de\/#\/schema\/person\/fb534a4e865501d8b3285208df34a9b5","name":"rtnews","image":{"@type":"ImageObject","inLanguage":"de","@id":"https:\/\/now-news.de\/de\/#\/schema\/person\/image\/","url":"https:\/\/secure.gravatar.com\/avatar\/82aafea7d8127119dd649515f56e2117?s=96&d=mm&r=g","contentUrl":"https:\/\/secure.gravatar.com\/avatar\/82aafea7d8127119dd649515f56e2117?s=96&d=mm&r=g","caption":"rtnews"},"url":"https:\/\/now-news.de\/de\/author\/rnews\/"}]}},"_links":{"self":[{"href":"https:\/\/now-news.de\/de\/wp-json\/wp\/v2\/posts\/99396"}],"collection":[{"href":"https:\/\/now-news.de\/de\/wp-json\/wp\/v2\/posts"}],"about":[{"href":"https:\/\/now-news.de\/de\/wp-json\/wp\/v2\/types\/post"}],"author":[{"embeddable":true,"href":"https:\/\/now-news.de\/de\/wp-json\/wp\/v2\/users\/3"}],"replies":[{"embeddable":true,"href":"https:\/\/now-news.de\/de\/wp-json\/wp\/v2\/comments?post=99396"}],"version-history":[{"count":0,"href":"https:\/\/now-news.de\/de\/wp-json\/wp\/v2\/posts\/99396\/revisions"}],"wp:featuredmedia":[{"embeddable":true,"href":"https:\/\/now-news.de\/de\/wp-json\/wp\/v2\/media\/99397"}],"wp:attachment":[{"href":"https:\/\/now-news.de\/de\/wp-json\/wp\/v2\/media?parent=99396"}],"wp:term":[{"taxonomy":"category","embeddable":true,"href":"https:\/\/now-news.de\/de\/wp-json\/wp\/v2\/categories?post=99396"},{"taxonomy":"post_tag","embeddable":true,"href":"https:\/\/now-news.de\/de\/wp-json\/wp\/v2\/tags?post=99396"}],"curies":[{"name":"wp","href":"https:\/\/api.w.org\/{rel}","templated":true}]}}