{"id":99332,"date":"2026-02-22T22:19:30","date_gmt":"2026-02-22T20:19:30","guid":{"rendered":"https:\/\/now-news.de\/de\/deutschland\/wird-frankreich-versuchen-afrika-zurueckerobern\/"},"modified":"2026-02-22T22:19:30","modified_gmt":"2026-02-22T20:19:30","slug":"wird-frankreich-versuchen-afrika-zurueckerobern","status":"publish","type":"post","link":"https:\/\/now-news.de\/de\/deutschland\/wird-frankreich-versuchen-afrika-zurueckerobern\/","title":{"rendered":"Wird Frankreich versuchen, Afrika zur\u00fcckerobern?"},"content":{"rendered":"<p><img decoding=\"async\" src=\"https:\/\/now-news.de\/de\/wp-content\/uploads\/sites\/3\/2026\/02\/6999861cb480cc0ce85ad415.jpg\" \/><\/p>\n<div class=\"Text-root Text-type_1 \">\n                &#8220;Niger hat Frankreich den Krieg erkl\u00e4rt&#8221; \u2013 mit solchen Schlagzeilen erschienen in letzter Zeit Millionen von Publikationen. Formal gesehen ist das jedoch nicht der Fall, und es ist auch nicht ganz klar, gegen wen Niger eigentlich Krieg f\u00fchren will: Es gibt keine franz\u00f6sischen Truppen im Land. Der Krieg Afrikas gegen den Kolonialismus dauert aber tats\u00e4chlich an.\n            <\/div>\n<p><\/p>\n<div class=\"Text-root Text-type_5 ArticleView-text ViewText-root \">\n<p><em>Von Dmitri Rodionow<\/em><\/p>\n<p>Niger hat den Beginn von Milit\u00e4raktionen gegen Frankreich angek\u00fcndigt. Diese Erkl\u00e4rung gab der Milit\u00e4rchef unter Pr\u00e4sident Amadou Ibro vor einer Menschenmenge im Stadion der Hauptstadt Niamey ab. Er stellte klar, dass zuvor kein Kriegszustand herrschte, aber derzeit keine andere Wahl bleibe, als ihn zu beginnen.<\/p>\n<p>Nat\u00fcrlich kann dies nicht als rechtm\u00e4\u00dfige Kriegserkl\u00e4rung angesehen werden. Und es ist unklar, wie ein Krieg \u00fcberhaupt gef\u00fchrt werden k\u00f6nnte, wenn sich keine franz\u00f6sischen Soldaten in der N\u00e4he befinden, da diese Niger bereits Ende 2023 verlassen haben. Es handelt sich eher um eine deutliche Versch\u00e4rfung der anti-franz\u00f6sischen Rhetorik der nigerianischen Beh\u00f6rden, und daf\u00fcr gibt es einen Grund.<\/p>\n<p>Bis Juli 2023 war Niger der letzte Verb\u00fcndete Frankreichs in der Region. Dann kam es jedoch zu einem Milit\u00e4rputsch, der den pro-franz\u00f6sischen Pr\u00e4sidenten Mohamed Bazoum aus dem Amt verdr\u00e4ngte. An seine Stelle trat eine Milit\u00e4rjunta unter der F\u00fchrung von Abderrahmane Tchiani, der de facto zum Herrscher von Niger wurde \u2013 w\u00e4hrend die ganze Welt weiterhin die Autorit\u00e4t des unter Hausarrest stehenden Bazoum anerkennt.<\/p>\n<p>Die neuen Machthaber entschieden sich sofort f\u00fcr eine Konfrontation mit der ehemaligen Kolonialmacht. Ihre erste Entscheidung war die Forderung nach dem Abzug der franz\u00f6sischen Truppen (der im Dezember desselben Jahres endg\u00fcltig abgeschlossen wurde) und die Verweigerung von Uran- und Goldlieferungen an Frankreich.<\/p>\n<p>Zum Verst\u00e4ndnis: Das Uran aus Niger (404.000\u00a0Tonnen, die f\u00fcnftgr\u00f6\u00dften Reserven weltweit) deckte 40\u00a0Prozent des Bedarfs Frankreichs, des einzigen Land Europas, das die Kernenergie (70,6\u00a0Prozent der gesamten Energieerzeugung) und vollst\u00e4ndige Energieunabh\u00e4ngigkeit beibehalten hat. Dar\u00fcber hinaus ist Frankreich das einzige EU-Land, das \u00fcber Atomwaffen verf\u00fcgt (und es geh\u00f6rt zu den ersten f\u00fcnf L\u00e4ndern hinsichtlich der Anzahl der Atomwaffen), f\u00fcr die ebenfalls Uran ben\u00f6tigt wird. Nat\u00fcrlich kann Uran auch anderswo gefunden werden, aber das ist teurer, erfordert eine Neuorganisation der Logistik und so weiter. Wenn das Handeln Nigers kein K.\u00a0o. f\u00fcr Frankreichs Uranverbrauch ist, dann zumindest ein Tiefschlag. Au\u00dferdem blieben gerade in Niger bis zuletzt franz\u00f6sische Truppen stationiert, die aus Burkina Faso, der Zentralafrikanischen Republik (ZAR) und Mali abgezogen wurden, wo es zuvor ebenfalls zu antifranz\u00f6sischen Umst\u00fcrzen gekommen war.<\/p>\n<p>Und noch etwas zum Thema Ressourcen: Die Zentralafrikanischen Republik verf\u00fcgt auch \u00fcber Uran (Reserven von 20.000\u00a0Tonnen in Bakouma), Diamanten und Erd\u00f6l. Mali verf\u00fcgt \u00fcber Uran und Gold. Nat\u00fcrlich war die antifranz\u00f6sische Revolution in Afrika ein schwerer geopolitischer Schlag f\u00fcr Frankreich. Seit den Zeiten Charles de Gaulles, als der alte Kolonialismus zusammenbrach, baute Paris in der Region ein besonderes System auf\u00a0\u2013 France-Afrique, dessen Kern darin besteht, dass die ehemalige Metropole den afrikanischen L\u00e4ndern Sicherheit und politische Stabilit\u00e4t im Austausch f\u00fcr den Zugang zu Ressourcen garantiert. Nat\u00fcrlich wurde die politische Stabilit\u00e4t so gew\u00e4hrleistet, wie es sich Paris vorstellte\u00a0\u2013 durch die Erhaltung der Macht von Personen, die Frankreich gegen\u00fcber loyal waren. Im Grunde genommen handelte es sich um dasselbe koloniale System, nur in einem neuen Gewand.<\/p>\n<p>Im letzten Jahrzehnt f\u00fchrten die Franzosen in der Region einen &#8220;Anti-Terror-Krieg&#8221; gegen Islamisten (die Operation Barkhane in Mali, Niger, Burkina Faso, Mauretanien und Tschad). Die Unf\u00e4higkeit des franz\u00f6sischen Milit\u00e4rs, die Sicherheit zu gew\u00e4hrleisten, war einer der formalen Gr\u00fcnde f\u00fcr den Machtantritt antifranz\u00f6sischer politischer Kr\u00e4fte in einer Reihe von L\u00e4ndern der Region. In Wirklichkeit liegen die Gr\u00fcnde jedoch viel tiefer\u00a0\u2013 vor allem ist es der Wunsch, sich von der neokolonialen Abh\u00e4ngigkeit zu befreien. Die L\u00e4nder, die \u00fcber unermessliche Reicht\u00fcmer verf\u00fcgten, blieben die \u00e4rmsten Staaten der Welt, deren Bev\u00f6lkerung schlichtweg keinen Zugang zu Trinkwasser hatte (unter anderem aufgrund der barbarischen Methoden der franz\u00f6sischen Unternehmen bei der Ausbeutung der Bodensch\u00e4tze) mit einer extrem hohen Kriminalit\u00e4tsrate, ungeheuerlicher Korruption der lokalen profranz\u00f6sischen Beh\u00f6rden und so weiter.<\/p>\n<p>Anstelle Frankreichs kamen Russland und China in die Region. Und w\u00e4hrend China mit Geld kam, brachte Russland milit\u00e4rische Macht mit, die die neuen Machthaber brauchten, um sich zu etablieren. Man kann endlos dar\u00fcber streiten, wie lange das anhalten wird, aber den russischen Milit\u00e4rexperten ist gelungen, was den Franzosen nicht gelungen war\u00a0\u2013 eine gewisse Ordnung herzustellen.<\/p>\n<p>Nat\u00fcrlich startete Paris eine gro\u00df angelegte Desinformationskampagne: Die Franzosen seien nicht aus der Sahelzone vertrieben worden, sondern verlieren die Region wegen der angeblichen Destabilisierung, die von einem bekannten russischen privaten Milit\u00e4runternehmen verursacht worden sei. So kam es auch bei dem Staatsstreich in Niger zuf\u00e4llig so, dass Pr\u00e4sident Bazoum buchst\u00e4blich am Vorabend seines Sturzes demonstrativ seine Teilnahme am Forum &#8220;Russland-Afrika&#8221; absagte, was einigen westlichen Medien Anlass gab, zu behaupten, dass Moskau hinter der Organisation des Staatsstreichs stecke.<\/p>\n<p>Die Frage, inwieweit Russland tats\u00e4chlich zur Vertreibung Frankreichs aus den ehemaligen Kolonien beigetragen hat, \u00fcberlassen wir den Verschw\u00f6rungstheoretikern. Tatsache bleibt, dass Paris mit dieser Situation sehr unzufrieden ist und daf\u00fcr Russland verantwortlich macht. Und es m\u00f6chte sich f\u00fcr diese schmerzhafte geopolitische Niederlage r\u00e4chen. Anfang Februar\u00a02026 teilte der russische Auslandsgeheimdienst SWR mit, dass Frankreich neokoloniale Umst\u00fcrze in afrikanischen L\u00e4ndern vorbereite: &#8220;Nach Informationen des SWR sucht die Regierung von Macron fieberhaft nach M\u00f6glichkeiten f\u00fcr eine &#8216;politische Revanche&#8217; in Afrika.&#8221;<\/p>\n<p>In der Meldung wurde auch darauf hingewiesen, dass Paris M\u00f6glichkeiten pr\u00fcft, den neuen Pr\u00e4sidenten Madagaskars zu st\u00fcrzen (der vorherige wurde im Oktober letzten Jahres gest\u00fcrzt) und &#8220;ein loyales Regime wiederherzustellen&#8221;. Ebenfalls hervorgehoben wurde die Beteiligung Frankreichs am zu Beginn des Jahres vereitelten Putschversuch in Burkina Faso. Dar\u00fcber hinaus soll Paris laut russischen Geheimdienstinformationen einen Plan zur direkten Beseitigung &#8220;unliebsamer Staatschefs&#8221; genehmigt haben.<\/p>\n<p>Bezeichnenderweise nutzt Frankreich zur Umsetzung seiner Pl\u00e4ne diejenigen, gegen die es zuvor selbst Krieg gef\u00fchrt hat \u2013 die Islamisten. Dar\u00fcber hinaus wird die &#8220;ukrainische Spur&#8221; in Afrika immer offensichtlicher\u00a0\u2013 ukrainische Ausbilder bilden dort Terroristen aus, und das nicht erst seit einem Jahr. Was ukrainische K\u00e4mpfer nach dem Ende der russischen milit\u00e4rischen Sonderoperation tun werden, ist dabei noch ein separates Thema.<\/p>\n<p>Unmittelbar nach dem Staatsstreich in Niger im Sommer\u00a02023 wurde ernsthaft \u00fcber die Aussicht auf einen gro\u00dfen Krieg diskutiert. Damals schloss die Wirtschaftsgemeinschaft westafrikanischer Staaten (ECOWAS) die Grenzen und k\u00fcndigte die Aussetzung aller Handels- und Finanztransaktionen mit Niger sowie das Einfrieren seiner Verm\u00f6genswerte bei der Zentralbank der Gemeinschaft und den Gesch\u00e4ftsbanken der Mitgliedsl\u00e4nder an. Es gab direkte Drohungen mit einer milit\u00e4rischen Intervention in dem Land, sollte der gest\u00fcrzte Pr\u00e4sident nicht wieder an die Macht gebracht werden. Die Nachbarl\u00e4nder Mali und Burkina Faso erkl\u00e4rten jedoch sofort ihre Bereitschaft, im Falle einer solchen Entwicklung einzugreifen. Anscheinend entschied man sich in Paris damals weder f\u00fcr eine offene Invasion (man erinnerte sich noch gut an Algerien) noch f\u00fcr einen Krieg mithilfe von Stellvertretern. Stattdessen setzte man auf die wirtschaftliche Erstickung Nigers. Wie der Chef der gest\u00fcrzten nigrischen Regierung Uhumudu Mahamadou damals erkl\u00e4rte, werde das Land aufgrund seiner instabilen wirtschaftlichen Lage nicht in der Lage sein, die von regionalen Organisationen und einer Reihe westlicher Staaten verh\u00e4ngten Sanktionen zu bew\u00e4ltigen.<\/p>\n<p>Heute sehen wir, dass diese Strategie weder in Niger noch anderswo in der Region funktioniert hat. Und da Paris sich immer noch nicht zum Krieg entschlie\u00dfen kann, hat es beschlossen, zu einer Taktik des &#8220;Mantels und Dolches&#8221; \u00fcberzugehen.<\/p>\n<p>Der Zeitpunkt ist durchaus g\u00fcnstig gew\u00e4hlt. China ist derzeit mehr mit Handelskriegen mit den USA und Krisen um Venezuela und Iran besch\u00e4ftigt. Au\u00dferdem ist es noch nicht daran gew\u00f6hnt, mit anderen Mitteln als wirtschaftlichen zu agieren. Russland wiederum sind in der Ukraine die H\u00e4nde gebunden, es kann sich solche Operationen in fernen Gebieten wie vor zehn Jahren schlichtweg nicht mehr leisten, und das private Milit\u00e4runternehmen Wagner gibt es auch nicht mehr. F\u00fcr Frankreich hingegen ist der Moment der Wahrheit gekommen, der dar\u00fcber entscheiden wird, ob es Zeit ist, einen Schlussstrich unter seine Kolonialgeschichte zu ziehen.<\/p>\n<p>Man sollte auch die Ambitionen von Pr\u00e4sident Emmanuel Macron nicht vergessen, der eine Niederlage in Afrika durchaus pers\u00f6nlich nehmen und davon tr\u00e4umen k\u00f6nnte, sich zu revanchieren. Zumal seine zweite und letzte Amtszeit in etwas mehr als einem Jahr endet und er eigentlich nichts zu verlieren hat.<\/p>\n<p><em>\u00dcbersetzt aus dem <a rel=\"nofollow noopener\" target=\"_blank\" href=\"https:\/\/vz.ru\/opinions\/2026\/2\/20\/1395122.html\">Russischen<\/a>. Der Artikel ist zuerst am 20.\u00a0Februar 2026 auf der Website der Zeitung &#8220;Wsgljad&#8221; erschienen.<\/em><\/p>\n<p><em><strong>Dmitri Rodionow<\/strong> ist ein russischer Politikwissenschaftler.<\/em><\/p>\n<p><strong>Mehr zum Thema<\/strong> \u2013\u00a0<a rel=\"nofollow noopener\" target=\"_blank\" href=\"https:\/\/freedert.online\/afrika\/257156-niger-schlaegt-russland-gemeinsame-erschliessung\/\">Niger schl\u00e4gt Russland gemeinsame Erschlie\u00dfung von Uranvorkommen vor <\/a><\/p>\n<div class=\"EmbedBlock-root EmbedBlock-externalVideo EmbedBlock-rumble\">\n<div class=\"VkEmbed\"><iframe class=\"lazyload\" data-src=\"https:\/\/rumble.com\/embed\/v72f2ka\" frameborder=\"0\" width=\"853\" height=\"480\" allowfullscreen><\/iframe><\/div>\n<\/div>\n<\/div>\n<p><br \/>\n<br \/><a href=\"https:\/\/de.rt.com\/meinung\/270771-wird-frankreich-versuchen-afrika-zurueckerobern\/\">Source link <\/a><\/p>\n","protected":false},"excerpt":{"rendered":"<p>&#8220;Niger hat Frankreich den Krieg erkl\u00e4rt&#8221; \u2013 mit solchen Schlagzeilen erschienen in letzter Zeit Millionen von Publikationen. Formal gesehen ist das jedoch nicht der Fall, und es ist auch nicht ganz klar, gegen wen Niger eigentlich Krieg f\u00fchren will: Es gibt keine franz\u00f6sischen Truppen im Land. Der Krieg Afrikas gegen den Kolonialismus dauert aber tats\u00e4chlich [&hellip;]<\/p>\n","protected":false},"author":3,"featured_media":99333,"comment_status":"open","ping_status":"open","sticky":false,"template":"","format":"standard","meta":{"_yoast_indexnow_last_ping":["1771792196"],"wp_automatic_camp":["217"],"3b726f1b9043021daa643f1578a62e74":["Wird Frankreich versuchen, Afrika zur\u00fcckerobern?"],"original_link":["https:\/\/de.rt.com\/meinung\/270771-wird-frankreich-versuchen-afrika-zurueckerobern\/"],"_thumbnail_id":["99333"],"jnews_social_counter_last_update":["1777081841"],"_wptgpro_p2tg_sent2tg":["a:1:{i:23737;s:19:\"2026-02-22 22:31:01\";}"]},"categories":[19,23],"tags":[18099,3320,11228,374,50070],"yoast_head":"<!-- This site is optimized with the Yoast SEO Premium plugin v22.7 (Yoast SEO v22.7) - https:\/\/yoast.com\/wordpress\/plugins\/seo\/ -->\n<title>Wird Frankreich versuchen, Afrika zur\u00fcckerobern? - just-now.NEWS Deutschland<\/title>\n<meta name=\"robots\" content=\"index, follow, max-snippet:-1, max-image-preview:large, max-video-preview:-1\" \/>\n<link rel=\"canonical\" href=\"https:\/\/now-news.de\/de\/deutschland\/wird-frankreich-versuchen-afrika-zurueckerobern\/\" \/>\n<meta property=\"og:locale\" content=\"de_DE\" \/>\n<meta property=\"og:type\" content=\"article\" \/>\n<meta property=\"og:title\" content=\"Wird Frankreich versuchen, Afrika zur\u00fcckerobern?\" \/>\n<meta property=\"og:description\" content=\"&#8220;Niger hat Frankreich den Krieg erkl\u00e4rt&#8221; \u2013 mit solchen Schlagzeilen erschienen in letzter Zeit Millionen von Publikationen. Formal gesehen ist das jedoch nicht der Fall, und es ist auch nicht ganz klar, gegen wen Niger eigentlich Krieg f\u00fchren will: Es gibt keine franz\u00f6sischen Truppen im Land. Der Krieg Afrikas gegen den Kolonialismus dauert aber tats\u00e4chlich [&hellip;]\" \/>\n<meta property=\"og:url\" content=\"https:\/\/now-news.de\/de\/deutschland\/wird-frankreich-versuchen-afrika-zurueckerobern\/\" \/>\n<meta property=\"og:site_name\" content=\"just-now.NEWS Deutschland\" \/>\n<meta property=\"article:publisher\" content=\"https:\/\/www.facebook.com\/wirmachenauf\" \/>\n<meta property=\"article:published_time\" content=\"2026-02-22T20:19:30+00:00\" \/>\n<meta property=\"og:image\" content=\"https:\/\/now-news.de\/de\/wp-content\/uploads\/sites\/3\/2026\/02\/6999861cb480cc0ce85ad415.jpg\" \/>\n<meta name=\"author\" content=\"rtnews\" \/>\n<meta name=\"twitter:card\" content=\"summary_large_image\" \/>\n<meta name=\"twitter:creator\" content=\"@WirMachenAuf_de\" \/>\n<meta name=\"twitter:site\" content=\"@WirMachenAuf_de\" \/>\n<meta name=\"twitter:label1\" content=\"Verfasst von\" \/>\n\t<meta name=\"twitter:data1\" content=\"rtnews\" \/>\n\t<meta name=\"twitter:label2\" content=\"Gesch\u00e4tzte Lesezeit\" \/>\n\t<meta name=\"twitter:data2\" content=\"7\u00a0Minuten\" \/>\n<script type=\"application\/ld+json\" class=\"yoast-schema-graph\">{\"@context\":\"https:\/\/schema.org\",\"@graph\":[{\"@type\":\"Article\",\"@id\":\"https:\/\/now-news.de\/de\/deutschland\/wird-frankreich-versuchen-afrika-zurueckerobern\/#article\",\"isPartOf\":{\"@id\":\"https:\/\/now-news.de\/de\/deutschland\/wird-frankreich-versuchen-afrika-zurueckerobern\/\"},\"author\":{\"name\":\"rtnews\",\"@id\":\"https:\/\/now-news.de\/de\/#\/schema\/person\/fb534a4e865501d8b3285208df34a9b5\"},\"headline\":\"Wird Frankreich versuchen, Afrika zur\u00fcckerobern?\",\"datePublished\":\"2026-02-22T20:19:30+00:00\",\"dateModified\":\"2026-02-22T20:19:30+00:00\",\"mainEntityOfPage\":{\"@id\":\"https:\/\/now-news.de\/de\/deutschland\/wird-frankreich-versuchen-afrika-zurueckerobern\/\"},\"wordCount\":1493,\"commentCount\":0,\"publisher\":{\"@id\":\"https:\/\/now-news.de\/de\/#organization\"},\"image\":{\"@id\":\"https:\/\/now-news.de\/de\/deutschland\/wird-frankreich-versuchen-afrika-zurueckerobern\/#primaryimage\"},\"thumbnailUrl\":\"https:\/\/now-news.de\/de\/wp-content\/uploads\/sites\/3\/2026\/02\/Wird-Frankreich-versuchen-Afrika-zurueckerobern.jpg\",\"keywords\":[\"Afrika\",\"Frankreich\",\"versuchen\",\"wird\",\"zur\u00fcckerobern\"],\"articleSection\":[\"Deutschland\",\"Russland\"],\"inLanguage\":\"de\",\"potentialAction\":[{\"@type\":\"CommentAction\",\"name\":\"Comment\",\"target\":[\"https:\/\/now-news.de\/de\/deutschland\/wird-frankreich-versuchen-afrika-zurueckerobern\/#respond\"]}]},{\"@type\":\"WebPage\",\"@id\":\"https:\/\/now-news.de\/de\/deutschland\/wird-frankreich-versuchen-afrika-zurueckerobern\/\",\"url\":\"https:\/\/now-news.de\/de\/deutschland\/wird-frankreich-versuchen-afrika-zurueckerobern\/\",\"name\":\"Wird Frankreich versuchen, Afrika zur\u00fcckerobern? - just-now.NEWS Deutschland\",\"isPartOf\":{\"@id\":\"https:\/\/now-news.de\/de\/#website\"},\"primaryImageOfPage\":{\"@id\":\"https:\/\/now-news.de\/de\/deutschland\/wird-frankreich-versuchen-afrika-zurueckerobern\/#primaryimage\"},\"image\":{\"@id\":\"https:\/\/now-news.de\/de\/deutschland\/wird-frankreich-versuchen-afrika-zurueckerobern\/#primaryimage\"},\"thumbnailUrl\":\"https:\/\/now-news.de\/de\/wp-content\/uploads\/sites\/3\/2026\/02\/Wird-Frankreich-versuchen-Afrika-zurueckerobern.jpg\",\"datePublished\":\"2026-02-22T20:19:30+00:00\",\"dateModified\":\"2026-02-22T20:19:30+00:00\",\"breadcrumb\":{\"@id\":\"https:\/\/now-news.de\/de\/deutschland\/wird-frankreich-versuchen-afrika-zurueckerobern\/#breadcrumb\"},\"inLanguage\":\"de\",\"potentialAction\":[{\"@type\":\"ReadAction\",\"target\":[\"https:\/\/now-news.de\/de\/deutschland\/wird-frankreich-versuchen-afrika-zurueckerobern\/\"]}]},{\"@type\":\"ImageObject\",\"inLanguage\":\"de\",\"@id\":\"https:\/\/now-news.de\/de\/deutschland\/wird-frankreich-versuchen-afrika-zurueckerobern\/#primaryimage\",\"url\":\"https:\/\/now-news.de\/de\/wp-content\/uploads\/sites\/3\/2026\/02\/Wird-Frankreich-versuchen-Afrika-zurueckerobern.jpg\",\"contentUrl\":\"https:\/\/now-news.de\/de\/wp-content\/uploads\/sites\/3\/2026\/02\/Wird-Frankreich-versuchen-Afrika-zurueckerobern.jpg\",\"width\":460,\"height\":259,\"caption\":\"Wird Frankreich versuchen, Afrika zur\u00fcckerobern?\"},{\"@type\":\"BreadcrumbList\",\"@id\":\"https:\/\/now-news.de\/de\/deutschland\/wird-frankreich-versuchen-afrika-zurueckerobern\/#breadcrumb\",\"itemListElement\":[{\"@type\":\"ListItem\",\"position\":1,\"name\":\"Home\",\"item\":\"https:\/\/now-news.de\/de\/\"},{\"@type\":\"ListItem\",\"position\":2,\"name\":\"Wird Frankreich versuchen, Afrika zur\u00fcckerobern?\"}]},{\"@type\":\"WebSite\",\"@id\":\"https:\/\/now-news.de\/de\/#website\",\"url\":\"https:\/\/now-news.de\/de\/\",\"name\":\"just-now.NEWS Deutschland\",\"description\":\"Das Portal f\u00fcr unzensierte Nachrichten aus der Welt\",\"publisher\":{\"@id\":\"https:\/\/now-news.de\/de\/#organization\"},\"potentialAction\":[{\"@type\":\"SearchAction\",\"target\":{\"@type\":\"EntryPoint\",\"urlTemplate\":\"https:\/\/now-news.de\/de\/?s={search_term_string}\"},\"query-input\":\"required name=search_term_string\"}],\"inLanguage\":\"de\"},{\"@type\":\"Organization\",\"@id\":\"https:\/\/now-news.de\/de\/#organization\",\"name\":\"Just Now News\",\"url\":\"https:\/\/now-news.de\/de\/\",\"logo\":{\"@type\":\"ImageObject\",\"inLanguage\":\"de\",\"@id\":\"https:\/\/now-news.de\/de\/#\/schema\/logo\/image\/\",\"url\":\"http:\/\/just-now.news\/de\/wp-content\/uploads\/sites\/3\/2022\/04\/logo500x500.jpg\",\"contentUrl\":\"http:\/\/just-now.news\/de\/wp-content\/uploads\/sites\/3\/2022\/04\/logo500x500.jpg\",\"width\":500,\"height\":500,\"caption\":\"Just Now News\"},\"image\":{\"@id\":\"https:\/\/now-news.de\/de\/#\/schema\/logo\/image\/\"},\"sameAs\":[\"https:\/\/www.facebook.com\/wirmachenauf\",\"https:\/\/x.com\/WirMachenAuf_de\"]},{\"@type\":\"Person\",\"@id\":\"https:\/\/now-news.de\/de\/#\/schema\/person\/fb534a4e865501d8b3285208df34a9b5\",\"name\":\"rtnews\",\"image\":{\"@type\":\"ImageObject\",\"inLanguage\":\"de\",\"@id\":\"https:\/\/now-news.de\/de\/#\/schema\/person\/image\/\",\"url\":\"https:\/\/secure.gravatar.com\/avatar\/82aafea7d8127119dd649515f56e2117?s=96&d=mm&r=g\",\"contentUrl\":\"https:\/\/secure.gravatar.com\/avatar\/82aafea7d8127119dd649515f56e2117?s=96&d=mm&r=g\",\"caption\":\"rtnews\"},\"url\":\"https:\/\/now-news.de\/de\/author\/rnews\/\"}]}<\/script>\n<!-- \/ Yoast SEO Premium plugin. -->","yoast_head_json":{"title":"Wird Frankreich versuchen, Afrika zur\u00fcckerobern? - just-now.NEWS Deutschland","robots":{"index":"index","follow":"follow","max-snippet":"max-snippet:-1","max-image-preview":"max-image-preview:large","max-video-preview":"max-video-preview:-1"},"canonical":"https:\/\/now-news.de\/de\/deutschland\/wird-frankreich-versuchen-afrika-zurueckerobern\/","og_locale":"de_DE","og_type":"article","og_title":"Wird Frankreich versuchen, Afrika zur\u00fcckerobern?","og_description":"&#8220;Niger hat Frankreich den Krieg erkl\u00e4rt&#8221; \u2013 mit solchen Schlagzeilen erschienen in letzter Zeit Millionen von Publikationen. Formal gesehen ist das jedoch nicht der Fall, und es ist auch nicht ganz klar, gegen wen Niger eigentlich Krieg f\u00fchren will: Es gibt keine franz\u00f6sischen Truppen im Land. Der Krieg Afrikas gegen den Kolonialismus dauert aber tats\u00e4chlich [&hellip;]","og_url":"https:\/\/now-news.de\/de\/deutschland\/wird-frankreich-versuchen-afrika-zurueckerobern\/","og_site_name":"just-now.NEWS Deutschland","article_publisher":"https:\/\/www.facebook.com\/wirmachenauf","article_published_time":"2026-02-22T20:19:30+00:00","og_image":[{"url":"https:\/\/now-news.de\/de\/wp-content\/uploads\/sites\/3\/2026\/02\/6999861cb480cc0ce85ad415.jpg"}],"author":"rtnews","twitter_card":"summary_large_image","twitter_creator":"@WirMachenAuf_de","twitter_site":"@WirMachenAuf_de","twitter_misc":{"Verfasst von":"rtnews","Gesch\u00e4tzte Lesezeit":"7\u00a0Minuten"},"schema":{"@context":"https:\/\/schema.org","@graph":[{"@type":"Article","@id":"https:\/\/now-news.de\/de\/deutschland\/wird-frankreich-versuchen-afrika-zurueckerobern\/#article","isPartOf":{"@id":"https:\/\/now-news.de\/de\/deutschland\/wird-frankreich-versuchen-afrika-zurueckerobern\/"},"author":{"name":"rtnews","@id":"https:\/\/now-news.de\/de\/#\/schema\/person\/fb534a4e865501d8b3285208df34a9b5"},"headline":"Wird Frankreich versuchen, Afrika zur\u00fcckerobern?","datePublished":"2026-02-22T20:19:30+00:00","dateModified":"2026-02-22T20:19:30+00:00","mainEntityOfPage":{"@id":"https:\/\/now-news.de\/de\/deutschland\/wird-frankreich-versuchen-afrika-zurueckerobern\/"},"wordCount":1493,"commentCount":0,"publisher":{"@id":"https:\/\/now-news.de\/de\/#organization"},"image":{"@id":"https:\/\/now-news.de\/de\/deutschland\/wird-frankreich-versuchen-afrika-zurueckerobern\/#primaryimage"},"thumbnailUrl":"https:\/\/now-news.de\/de\/wp-content\/uploads\/sites\/3\/2026\/02\/Wird-Frankreich-versuchen-Afrika-zurueckerobern.jpg","keywords":["Afrika","Frankreich","versuchen","wird","zur\u00fcckerobern"],"articleSection":["Deutschland","Russland"],"inLanguage":"de","potentialAction":[{"@type":"CommentAction","name":"Comment","target":["https:\/\/now-news.de\/de\/deutschland\/wird-frankreich-versuchen-afrika-zurueckerobern\/#respond"]}]},{"@type":"WebPage","@id":"https:\/\/now-news.de\/de\/deutschland\/wird-frankreich-versuchen-afrika-zurueckerobern\/","url":"https:\/\/now-news.de\/de\/deutschland\/wird-frankreich-versuchen-afrika-zurueckerobern\/","name":"Wird Frankreich versuchen, Afrika zur\u00fcckerobern? - just-now.NEWS Deutschland","isPartOf":{"@id":"https:\/\/now-news.de\/de\/#website"},"primaryImageOfPage":{"@id":"https:\/\/now-news.de\/de\/deutschland\/wird-frankreich-versuchen-afrika-zurueckerobern\/#primaryimage"},"image":{"@id":"https:\/\/now-news.de\/de\/deutschland\/wird-frankreich-versuchen-afrika-zurueckerobern\/#primaryimage"},"thumbnailUrl":"https:\/\/now-news.de\/de\/wp-content\/uploads\/sites\/3\/2026\/02\/Wird-Frankreich-versuchen-Afrika-zurueckerobern.jpg","datePublished":"2026-02-22T20:19:30+00:00","dateModified":"2026-02-22T20:19:30+00:00","breadcrumb":{"@id":"https:\/\/now-news.de\/de\/deutschland\/wird-frankreich-versuchen-afrika-zurueckerobern\/#breadcrumb"},"inLanguage":"de","potentialAction":[{"@type":"ReadAction","target":["https:\/\/now-news.de\/de\/deutschland\/wird-frankreich-versuchen-afrika-zurueckerobern\/"]}]},{"@type":"ImageObject","inLanguage":"de","@id":"https:\/\/now-news.de\/de\/deutschland\/wird-frankreich-versuchen-afrika-zurueckerobern\/#primaryimage","url":"https:\/\/now-news.de\/de\/wp-content\/uploads\/sites\/3\/2026\/02\/Wird-Frankreich-versuchen-Afrika-zurueckerobern.jpg","contentUrl":"https:\/\/now-news.de\/de\/wp-content\/uploads\/sites\/3\/2026\/02\/Wird-Frankreich-versuchen-Afrika-zurueckerobern.jpg","width":460,"height":259,"caption":"Wird Frankreich versuchen, Afrika zur\u00fcckerobern?"},{"@type":"BreadcrumbList","@id":"https:\/\/now-news.de\/de\/deutschland\/wird-frankreich-versuchen-afrika-zurueckerobern\/#breadcrumb","itemListElement":[{"@type":"ListItem","position":1,"name":"Home","item":"https:\/\/now-news.de\/de\/"},{"@type":"ListItem","position":2,"name":"Wird Frankreich versuchen, Afrika zur\u00fcckerobern?"}]},{"@type":"WebSite","@id":"https:\/\/now-news.de\/de\/#website","url":"https:\/\/now-news.de\/de\/","name":"just-now.NEWS Deutschland","description":"Das Portal f\u00fcr unzensierte Nachrichten aus der Welt","publisher":{"@id":"https:\/\/now-news.de\/de\/#organization"},"potentialAction":[{"@type":"SearchAction","target":{"@type":"EntryPoint","urlTemplate":"https:\/\/now-news.de\/de\/?s={search_term_string}"},"query-input":"required name=search_term_string"}],"inLanguage":"de"},{"@type":"Organization","@id":"https:\/\/now-news.de\/de\/#organization","name":"Just Now News","url":"https:\/\/now-news.de\/de\/","logo":{"@type":"ImageObject","inLanguage":"de","@id":"https:\/\/now-news.de\/de\/#\/schema\/logo\/image\/","url":"http:\/\/just-now.news\/de\/wp-content\/uploads\/sites\/3\/2022\/04\/logo500x500.jpg","contentUrl":"http:\/\/just-now.news\/de\/wp-content\/uploads\/sites\/3\/2022\/04\/logo500x500.jpg","width":500,"height":500,"caption":"Just Now News"},"image":{"@id":"https:\/\/now-news.de\/de\/#\/schema\/logo\/image\/"},"sameAs":["https:\/\/www.facebook.com\/wirmachenauf","https:\/\/x.com\/WirMachenAuf_de"]},{"@type":"Person","@id":"https:\/\/now-news.de\/de\/#\/schema\/person\/fb534a4e865501d8b3285208df34a9b5","name":"rtnews","image":{"@type":"ImageObject","inLanguage":"de","@id":"https:\/\/now-news.de\/de\/#\/schema\/person\/image\/","url":"https:\/\/secure.gravatar.com\/avatar\/82aafea7d8127119dd649515f56e2117?s=96&d=mm&r=g","contentUrl":"https:\/\/secure.gravatar.com\/avatar\/82aafea7d8127119dd649515f56e2117?s=96&d=mm&r=g","caption":"rtnews"},"url":"https:\/\/now-news.de\/de\/author\/rnews\/"}]}},"_links":{"self":[{"href":"https:\/\/now-news.de\/de\/wp-json\/wp\/v2\/posts\/99332"}],"collection":[{"href":"https:\/\/now-news.de\/de\/wp-json\/wp\/v2\/posts"}],"about":[{"href":"https:\/\/now-news.de\/de\/wp-json\/wp\/v2\/types\/post"}],"author":[{"embeddable":true,"href":"https:\/\/now-news.de\/de\/wp-json\/wp\/v2\/users\/3"}],"replies":[{"embeddable":true,"href":"https:\/\/now-news.de\/de\/wp-json\/wp\/v2\/comments?post=99332"}],"version-history":[{"count":0,"href":"https:\/\/now-news.de\/de\/wp-json\/wp\/v2\/posts\/99332\/revisions"}],"wp:featuredmedia":[{"embeddable":true,"href":"https:\/\/now-news.de\/de\/wp-json\/wp\/v2\/media\/99333"}],"wp:attachment":[{"href":"https:\/\/now-news.de\/de\/wp-json\/wp\/v2\/media?parent=99332"}],"wp:term":[{"taxonomy":"category","embeddable":true,"href":"https:\/\/now-news.de\/de\/wp-json\/wp\/v2\/categories?post=99332"},{"taxonomy":"post_tag","embeddable":true,"href":"https:\/\/now-news.de\/de\/wp-json\/wp\/v2\/tags?post=99332"}],"curies":[{"name":"wp","href":"https:\/\/api.w.org\/{rel}","templated":true}]}}