{"id":99322,"date":"2026-02-22T20:28:09","date_gmt":"2026-02-22T18:28:09","guid":{"rendered":"https:\/\/now-news.de\/de\/deutschland\/nyt-chamenei-staerkt-berater-fuer-attentatsfall\/"},"modified":"2026-02-22T20:28:09","modified_gmt":"2026-02-22T18:28:09","slug":"nyt-chamenei-staerkt-berater-fuer-attentatsfall","status":"publish","type":"post","link":"https:\/\/now-news.de\/de\/deutschland\/nyt-chamenei-staerkt-berater-fuer-attentatsfall\/","title":{"rendered":"NYT: Chamenei st\u00e4rkt Berater f\u00fcr Attentatsfall"},"content":{"rendered":"<p><img decoding=\"async\" src=\"https:\/\/now-news.de\/de\/wp-content\/uploads\/sites\/3\/2026\/02\/699b0221b480cc6eab57589f.jpg\" \/><\/p>\n<div class=\"Text-root Text-type_1 \">\n                Chamenei soll Nachfolgeregelungen f\u00fcr zentrale \u00c4mter festgelegt und die Entscheidungsbefugnis f\u00fcr den Krisenfall sowie f\u00fcr einen m\u00f6glichen US-Attentatsversuch gegen ihn auf einen engen Kreis \u00fcbertragen haben. Iran hat seine Streitkr\u00e4fte in erh\u00f6hte Alarmbereitschaft versetzt.\n            <\/div>\n<p><\/p>\n<div class=\"Text-root Text-type_5 ArticleView-text ViewText-root \">\n<p data-start=\"0\" data-end=\"352\">Das Staatsoberhaupt Irans, Ali Chamenei, hat laut einem Bericht der<em data-start=\"62\" data-end=\"82\">\u00a0New York Times<\/em> enge Vertraute angewiesen, wie im Fall seiner Ermordung durch m\u00f6gliche US- oder israelische Angriffe zu verfahren sei. Demnach gebe es Notfallpl\u00e4ne mit gestaffelten Nachfolgeregelungen und einer klar definierten Befehlskette f\u00fcr Krisensituationen.<\/p>\n<p data-start=\"0\" data-end=\"352\">Auf dem H\u00f6hepunkt landesweiter Unruhen im vergangenen Monat und angesichts wachsender US-Drohungen mit milit\u00e4rischen Ma\u00dfnahmen habe Chamenei den langj\u00e4hrigen Vertrauten Ali Larijani \u2013 einen fr\u00fcheren Kommandeur der Revolutionsgarde und erfahrenen Politiker \u2013 in eine zentrale F\u00fchrungsrolle gehoben und ihm faktisch die Leitung der Staatsgesch\u00e4fte \u00fcbertragen. Ali Larijani ist derzeit Sekret\u00e4r (Chef) des Obersten Nationalen Sicherheitsrats (SNSC) Irans.<\/p>\n<p data-start=\"741\" data-end=\"1179\">Unter Berufung auf Gespr\u00e4che mit hochrangigen iranischen Beamten, Mitgliedern der Revolutionsgarde und ehemaligen Diplomaten berichtete die US-Zeitung, Larijani koordiniere seither das Vorgehen gegen m\u00f6gliche neue Unruhen im Land, steuere sensible Atomverhandlungen mit Washington und \u00fcbernehme die Abstimmung mit Verb\u00fcndeten wie Russland, Katar und Oman. Zudem f\u00fchre er dem Bericht zufolge die strategische Planung f\u00fcr den Kriegsfall, w\u00e4hrend sich Iran auf m\u00f6gliche US-Angriffe vorbereite.<\/p>\n<p data-start=\"741\" data-end=\"1179\">Chamenei soll Berichten zufolge mehrere gestaffelte Nachfolgeregelungen f\u00fcr zentrale milit\u00e4rische und politische \u00c4mter festgelegt und die Entscheidungsbefugnis an einen engen inneren Kreis \u00fcbertragen haben \u2013 f\u00fcr den Fall, dass die Kommunikationswege unterbrochen werden oder er einem Attentat zum Opfer f\u00e4llt.<\/p>\n<p data-start=\"342\" data-end=\"594\">Auch wenn Larijani nicht als wahrscheinlicher Nachfolger des Obersten F\u00fchrers gilt \u2013 da er kein hochrangiger schiitischer Geistlicher ist \u2013, wird er als einer von Chameneis engsten und vertrauensw\u00fcrdigsten Krisenmanagern beschrieben.<\/p>\n<p data-start=\"342\" data-end=\"594\">Dem Bericht zufolge hat Iran seine Streitkr\u00e4fte in erh\u00f6hte Alarmbereitschaft versetzt, Raketensysteme nahe der Grenze zum Irak sowie entlang des Persischen Golfs stationiert und Milit\u00e4r\u00fcbungen zur Vorbereitung auf einen m\u00f6glichen Konflikt abgehalten. \u00d6ffentlich schlug Chamenei zugleich einen trotzigen Ton an und warnte, jeder US-Angriff werde entschlossen beantwortet.<\/p>\n<p data-start=\"596\" data-end=\"1053\" data-is-last-node=\"\" data-is-only-node=\"\">Der US-Sondergesandte Steve Witkoff sagte am Vortag gegen\u00fcber<em> Fox News<\/em>, Pr\u00e4sident Trump sei &#8220;neugierig&#8221;, warum Iran dem zunehmenden Druck der USA nicht nachgegeben habe, w\u00e4hrend die Atomgespr\u00e4che zwischen beiden Seiten in zentralen Fragen weiterhin festgefahren seien.<\/p>\n<p data-start=\"596\" data-end=\"1053\" data-is-last-node=\"\" data-is-only-node=\"\">In dem Interview mit<em> Fox News<\/em> erkl\u00e4rte Witkoff, Trump frage sich, warum Teheran nicht &#8220;kapituliert&#8221; habe \u2013 trotz dessen, was er als erhebliche Pr\u00e4senz der US-Marine und anderer Seestreitkr\u00e4fte in der Region beschreibt.<\/p>\n<p data-start=\"0\" data-end=\"250\"><strong>Mehr zum Thema<\/strong>\u00a0\u2012 <a rel=\"nofollow noopener\" target=\"_blank\" href=\"https:\/\/freedert.online\/der-nahe-osten\/270915-witkoff-trump-neugierig-warum-iran\/\">Witkoff: Trump &#8220;neugierig&#8221;, warum Iran unter dem Druck der USA nicht &#8220;kapituliert&#8221;<\/a><\/p>\n<div class=\"EmbedBlock-root EmbedBlock-externalVideo EmbedBlock-rumble\">\n<div class=\"VkEmbed\"><iframe class=\"lazyload\" data-src=\"https:\/\/rumble.com\/embed\/v73tzku\" frameborder=\"0\" width=\"853\" height=\"480\" allowfullscreen><\/iframe><\/div>\n<\/div>\n<\/div>\n<p><br \/>\n<br \/><a href=\"https:\/\/de.rt.com\/der-nahe-osten\/270940-nyt-chamenei-trifft-vorkehrungen-fuer\/\">Source link <\/a><\/p>\n","protected":false},"excerpt":{"rendered":"<p>Chamenei soll Nachfolgeregelungen f\u00fcr zentrale \u00c4mter festgelegt und die Entscheidungsbefugnis f\u00fcr den Krisenfall sowie f\u00fcr einen m\u00f6glichen US-Attentatsversuch gegen ihn auf einen engen Kreis \u00fcbertragen haben. Iran hat seine Streitkr\u00e4fte in erh\u00f6hte Alarmbereitschaft versetzt. Das Staatsoberhaupt Irans, Ali Chamenei, hat laut einem Bericht der\u00a0New York Times enge Vertraute angewiesen, wie im Fall seiner Ermordung durch [&hellip;]<\/p>\n","protected":false},"author":3,"featured_media":99323,"comment_status":"open","ping_status":"open","sticky":false,"template":"","format":"standard","meta":{"_yoast_indexnow_last_ping":["1771785414"],"wp_automatic_camp":["217"],"4ae76c99005f923d57d93f139541e853":["NYT: Chamenei st\u00e4rkt Berater f\u00fcr Attentatsfall"],"original_link":["https:\/\/de.rt.com\/der-nahe-osten\/270940-nyt-chamenei-trifft-vorkehrungen-fuer\/"],"_thumbnail_id":["99323"],"jnews_social_counter_last_update":["1777251499"],"_wptgpro_p2tg_sent2tg":["a:1:{i:23737;s:19:\"2026-02-22 20:37:57\";}"]},"categories":[19,23],"tags":[71409,7704,28558,221,29286,22909],"yoast_head":"<!-- This site is optimized with the Yoast SEO Premium plugin v22.7 (Yoast SEO v22.7) - https:\/\/yoast.com\/wordpress\/plugins\/seo\/ -->\n<title>NYT: Chamenei st\u00e4rkt Berater f\u00fcr Attentatsfall - just-now.NEWS Deutschland<\/title>\n<meta name=\"robots\" content=\"index, follow, max-snippet:-1, max-image-preview:large, max-video-preview:-1\" \/>\n<link rel=\"canonical\" href=\"https:\/\/now-news.de\/de\/deutschland\/nyt-chamenei-staerkt-berater-fuer-attentatsfall\/\" \/>\n<meta property=\"og:locale\" content=\"de_DE\" \/>\n<meta property=\"og:type\" content=\"article\" \/>\n<meta property=\"og:title\" content=\"NYT: Chamenei st\u00e4rkt Berater f\u00fcr Attentatsfall\" \/>\n<meta property=\"og:description\" content=\"Chamenei soll Nachfolgeregelungen f\u00fcr zentrale \u00c4mter festgelegt und die Entscheidungsbefugnis f\u00fcr den Krisenfall sowie f\u00fcr einen m\u00f6glichen US-Attentatsversuch gegen ihn auf einen engen Kreis \u00fcbertragen haben. Iran hat seine Streitkr\u00e4fte in erh\u00f6hte Alarmbereitschaft versetzt. Das Staatsoberhaupt Irans, Ali Chamenei, hat laut einem Bericht der\u00a0New York Times enge Vertraute angewiesen, wie im Fall seiner Ermordung durch [&hellip;]\" \/>\n<meta property=\"og:url\" content=\"https:\/\/now-news.de\/de\/deutschland\/nyt-chamenei-staerkt-berater-fuer-attentatsfall\/\" \/>\n<meta property=\"og:site_name\" content=\"just-now.NEWS Deutschland\" \/>\n<meta property=\"article:publisher\" content=\"https:\/\/www.facebook.com\/wirmachenauf\" \/>\n<meta property=\"article:published_time\" content=\"2026-02-22T18:28:09+00:00\" \/>\n<meta property=\"og:image\" content=\"https:\/\/now-news.de\/de\/wp-content\/uploads\/sites\/3\/2026\/02\/699b0221b480cc6eab57589f.jpg\" \/>\n<meta name=\"author\" content=\"rtnews\" \/>\n<meta name=\"twitter:card\" content=\"summary_large_image\" \/>\n<meta name=\"twitter:creator\" content=\"@WirMachenAuf_de\" \/>\n<meta name=\"twitter:site\" content=\"@WirMachenAuf_de\" \/>\n<meta name=\"twitter:label1\" content=\"Verfasst von\" \/>\n\t<meta name=\"twitter:data1\" content=\"rtnews\" \/>\n\t<meta name=\"twitter:label2\" content=\"Gesch\u00e4tzte Lesezeit\" \/>\n\t<meta name=\"twitter:data2\" content=\"2\u00a0Minuten\" \/>\n<script type=\"application\/ld+json\" class=\"yoast-schema-graph\">{\"@context\":\"https:\/\/schema.org\",\"@graph\":[{\"@type\":\"Article\",\"@id\":\"https:\/\/now-news.de\/de\/deutschland\/nyt-chamenei-staerkt-berater-fuer-attentatsfall\/#article\",\"isPartOf\":{\"@id\":\"https:\/\/now-news.de\/de\/deutschland\/nyt-chamenei-staerkt-berater-fuer-attentatsfall\/\"},\"author\":{\"name\":\"rtnews\",\"@id\":\"https:\/\/now-news.de\/de\/#\/schema\/person\/fb534a4e865501d8b3285208df34a9b5\"},\"headline\":\"NYT: Chamenei st\u00e4rkt Berater f\u00fcr Attentatsfall\",\"datePublished\":\"2026-02-22T18:28:09+00:00\",\"dateModified\":\"2026-02-22T18:28:09+00:00\",\"mainEntityOfPage\":{\"@id\":\"https:\/\/now-news.de\/de\/deutschland\/nyt-chamenei-staerkt-berater-fuer-attentatsfall\/\"},\"wordCount\":447,\"commentCount\":0,\"publisher\":{\"@id\":\"https:\/\/now-news.de\/de\/#organization\"},\"image\":{\"@id\":\"https:\/\/now-news.de\/de\/deutschland\/nyt-chamenei-staerkt-berater-fuer-attentatsfall\/#primaryimage\"},\"thumbnailUrl\":\"https:\/\/now-news.de\/de\/wp-content\/uploads\/sites\/3\/2026\/02\/NYT-Chamenei-staerkt-Berater-fuer-Attentatsfall.jpg\",\"keywords\":[\"Attentatsfall\",\"Berater\",\"Chamenei\",\"f\u00fcr\",\"NYT\",\"st\u00e4rkt\"],\"articleSection\":[\"Deutschland\",\"Russland\"],\"inLanguage\":\"de\",\"potentialAction\":[{\"@type\":\"CommentAction\",\"name\":\"Comment\",\"target\":[\"https:\/\/now-news.de\/de\/deutschland\/nyt-chamenei-staerkt-berater-fuer-attentatsfall\/#respond\"]}]},{\"@type\":\"WebPage\",\"@id\":\"https:\/\/now-news.de\/de\/deutschland\/nyt-chamenei-staerkt-berater-fuer-attentatsfall\/\",\"url\":\"https:\/\/now-news.de\/de\/deutschland\/nyt-chamenei-staerkt-berater-fuer-attentatsfall\/\",\"name\":\"NYT: Chamenei st\u00e4rkt Berater f\u00fcr Attentatsfall - just-now.NEWS Deutschland\",\"isPartOf\":{\"@id\":\"https:\/\/now-news.de\/de\/#website\"},\"primaryImageOfPage\":{\"@id\":\"https:\/\/now-news.de\/de\/deutschland\/nyt-chamenei-staerkt-berater-fuer-attentatsfall\/#primaryimage\"},\"image\":{\"@id\":\"https:\/\/now-news.de\/de\/deutschland\/nyt-chamenei-staerkt-berater-fuer-attentatsfall\/#primaryimage\"},\"thumbnailUrl\":\"https:\/\/now-news.de\/de\/wp-content\/uploads\/sites\/3\/2026\/02\/NYT-Chamenei-staerkt-Berater-fuer-Attentatsfall.jpg\",\"datePublished\":\"2026-02-22T18:28:09+00:00\",\"dateModified\":\"2026-02-22T18:28:09+00:00\",\"breadcrumb\":{\"@id\":\"https:\/\/now-news.de\/de\/deutschland\/nyt-chamenei-staerkt-berater-fuer-attentatsfall\/#breadcrumb\"},\"inLanguage\":\"de\",\"potentialAction\":[{\"@type\":\"ReadAction\",\"target\":[\"https:\/\/now-news.de\/de\/deutschland\/nyt-chamenei-staerkt-berater-fuer-attentatsfall\/\"]}]},{\"@type\":\"ImageObject\",\"inLanguage\":\"de\",\"@id\":\"https:\/\/now-news.de\/de\/deutschland\/nyt-chamenei-staerkt-berater-fuer-attentatsfall\/#primaryimage\",\"url\":\"https:\/\/now-news.de\/de\/wp-content\/uploads\/sites\/3\/2026\/02\/NYT-Chamenei-staerkt-Berater-fuer-Attentatsfall.jpg\",\"contentUrl\":\"https:\/\/now-news.de\/de\/wp-content\/uploads\/sites\/3\/2026\/02\/NYT-Chamenei-staerkt-Berater-fuer-Attentatsfall.jpg\",\"width\":460,\"height\":259,\"caption\":\"NYT: Chamenei st\u00e4rkt Berater f\u00fcr Attentatsfall\"},{\"@type\":\"BreadcrumbList\",\"@id\":\"https:\/\/now-news.de\/de\/deutschland\/nyt-chamenei-staerkt-berater-fuer-attentatsfall\/#breadcrumb\",\"itemListElement\":[{\"@type\":\"ListItem\",\"position\":1,\"name\":\"Home\",\"item\":\"https:\/\/now-news.de\/de\/\"},{\"@type\":\"ListItem\",\"position\":2,\"name\":\"NYT: Chamenei st\u00e4rkt Berater f\u00fcr Attentatsfall\"}]},{\"@type\":\"WebSite\",\"@id\":\"https:\/\/now-news.de\/de\/#website\",\"url\":\"https:\/\/now-news.de\/de\/\",\"name\":\"just-now.NEWS Deutschland\",\"description\":\"Das Portal f\u00fcr unzensierte Nachrichten aus der Welt\",\"publisher\":{\"@id\":\"https:\/\/now-news.de\/de\/#organization\"},\"potentialAction\":[{\"@type\":\"SearchAction\",\"target\":{\"@type\":\"EntryPoint\",\"urlTemplate\":\"https:\/\/now-news.de\/de\/?s={search_term_string}\"},\"query-input\":\"required name=search_term_string\"}],\"inLanguage\":\"de\"},{\"@type\":\"Organization\",\"@id\":\"https:\/\/now-news.de\/de\/#organization\",\"name\":\"Just Now News\",\"url\":\"https:\/\/now-news.de\/de\/\",\"logo\":{\"@type\":\"ImageObject\",\"inLanguage\":\"de\",\"@id\":\"https:\/\/now-news.de\/de\/#\/schema\/logo\/image\/\",\"url\":\"http:\/\/just-now.news\/de\/wp-content\/uploads\/sites\/3\/2022\/04\/logo500x500.jpg\",\"contentUrl\":\"http:\/\/just-now.news\/de\/wp-content\/uploads\/sites\/3\/2022\/04\/logo500x500.jpg\",\"width\":500,\"height\":500,\"caption\":\"Just Now News\"},\"image\":{\"@id\":\"https:\/\/now-news.de\/de\/#\/schema\/logo\/image\/\"},\"sameAs\":[\"https:\/\/www.facebook.com\/wirmachenauf\",\"https:\/\/x.com\/WirMachenAuf_de\"]},{\"@type\":\"Person\",\"@id\":\"https:\/\/now-news.de\/de\/#\/schema\/person\/fb534a4e865501d8b3285208df34a9b5\",\"name\":\"rtnews\",\"image\":{\"@type\":\"ImageObject\",\"inLanguage\":\"de\",\"@id\":\"https:\/\/now-news.de\/de\/#\/schema\/person\/image\/\",\"url\":\"https:\/\/secure.gravatar.com\/avatar\/82aafea7d8127119dd649515f56e2117?s=96&d=mm&r=g\",\"contentUrl\":\"https:\/\/secure.gravatar.com\/avatar\/82aafea7d8127119dd649515f56e2117?s=96&d=mm&r=g\",\"caption\":\"rtnews\"},\"url\":\"https:\/\/now-news.de\/de\/author\/rnews\/\"}]}<\/script>\n<!-- \/ Yoast SEO Premium plugin. -->","yoast_head_json":{"title":"NYT: Chamenei st\u00e4rkt Berater f\u00fcr Attentatsfall - just-now.NEWS Deutschland","robots":{"index":"index","follow":"follow","max-snippet":"max-snippet:-1","max-image-preview":"max-image-preview:large","max-video-preview":"max-video-preview:-1"},"canonical":"https:\/\/now-news.de\/de\/deutschland\/nyt-chamenei-staerkt-berater-fuer-attentatsfall\/","og_locale":"de_DE","og_type":"article","og_title":"NYT: Chamenei st\u00e4rkt Berater f\u00fcr Attentatsfall","og_description":"Chamenei soll Nachfolgeregelungen f\u00fcr zentrale \u00c4mter festgelegt und die Entscheidungsbefugnis f\u00fcr den Krisenfall sowie f\u00fcr einen m\u00f6glichen US-Attentatsversuch gegen ihn auf einen engen Kreis \u00fcbertragen haben. Iran hat seine Streitkr\u00e4fte in erh\u00f6hte Alarmbereitschaft versetzt. Das Staatsoberhaupt Irans, Ali Chamenei, hat laut einem Bericht der\u00a0New York Times enge Vertraute angewiesen, wie im Fall seiner Ermordung durch [&hellip;]","og_url":"https:\/\/now-news.de\/de\/deutschland\/nyt-chamenei-staerkt-berater-fuer-attentatsfall\/","og_site_name":"just-now.NEWS Deutschland","article_publisher":"https:\/\/www.facebook.com\/wirmachenauf","article_published_time":"2026-02-22T18:28:09+00:00","og_image":[{"url":"https:\/\/now-news.de\/de\/wp-content\/uploads\/sites\/3\/2026\/02\/699b0221b480cc6eab57589f.jpg"}],"author":"rtnews","twitter_card":"summary_large_image","twitter_creator":"@WirMachenAuf_de","twitter_site":"@WirMachenAuf_de","twitter_misc":{"Verfasst von":"rtnews","Gesch\u00e4tzte Lesezeit":"2\u00a0Minuten"},"schema":{"@context":"https:\/\/schema.org","@graph":[{"@type":"Article","@id":"https:\/\/now-news.de\/de\/deutschland\/nyt-chamenei-staerkt-berater-fuer-attentatsfall\/#article","isPartOf":{"@id":"https:\/\/now-news.de\/de\/deutschland\/nyt-chamenei-staerkt-berater-fuer-attentatsfall\/"},"author":{"name":"rtnews","@id":"https:\/\/now-news.de\/de\/#\/schema\/person\/fb534a4e865501d8b3285208df34a9b5"},"headline":"NYT: Chamenei st\u00e4rkt Berater f\u00fcr Attentatsfall","datePublished":"2026-02-22T18:28:09+00:00","dateModified":"2026-02-22T18:28:09+00:00","mainEntityOfPage":{"@id":"https:\/\/now-news.de\/de\/deutschland\/nyt-chamenei-staerkt-berater-fuer-attentatsfall\/"},"wordCount":447,"commentCount":0,"publisher":{"@id":"https:\/\/now-news.de\/de\/#organization"},"image":{"@id":"https:\/\/now-news.de\/de\/deutschland\/nyt-chamenei-staerkt-berater-fuer-attentatsfall\/#primaryimage"},"thumbnailUrl":"https:\/\/now-news.de\/de\/wp-content\/uploads\/sites\/3\/2026\/02\/NYT-Chamenei-staerkt-Berater-fuer-Attentatsfall.jpg","keywords":["Attentatsfall","Berater","Chamenei","f\u00fcr","NYT","st\u00e4rkt"],"articleSection":["Deutschland","Russland"],"inLanguage":"de","potentialAction":[{"@type":"CommentAction","name":"Comment","target":["https:\/\/now-news.de\/de\/deutschland\/nyt-chamenei-staerkt-berater-fuer-attentatsfall\/#respond"]}]},{"@type":"WebPage","@id":"https:\/\/now-news.de\/de\/deutschland\/nyt-chamenei-staerkt-berater-fuer-attentatsfall\/","url":"https:\/\/now-news.de\/de\/deutschland\/nyt-chamenei-staerkt-berater-fuer-attentatsfall\/","name":"NYT: Chamenei st\u00e4rkt Berater f\u00fcr Attentatsfall - just-now.NEWS Deutschland","isPartOf":{"@id":"https:\/\/now-news.de\/de\/#website"},"primaryImageOfPage":{"@id":"https:\/\/now-news.de\/de\/deutschland\/nyt-chamenei-staerkt-berater-fuer-attentatsfall\/#primaryimage"},"image":{"@id":"https:\/\/now-news.de\/de\/deutschland\/nyt-chamenei-staerkt-berater-fuer-attentatsfall\/#primaryimage"},"thumbnailUrl":"https:\/\/now-news.de\/de\/wp-content\/uploads\/sites\/3\/2026\/02\/NYT-Chamenei-staerkt-Berater-fuer-Attentatsfall.jpg","datePublished":"2026-02-22T18:28:09+00:00","dateModified":"2026-02-22T18:28:09+00:00","breadcrumb":{"@id":"https:\/\/now-news.de\/de\/deutschland\/nyt-chamenei-staerkt-berater-fuer-attentatsfall\/#breadcrumb"},"inLanguage":"de","potentialAction":[{"@type":"ReadAction","target":["https:\/\/now-news.de\/de\/deutschland\/nyt-chamenei-staerkt-berater-fuer-attentatsfall\/"]}]},{"@type":"ImageObject","inLanguage":"de","@id":"https:\/\/now-news.de\/de\/deutschland\/nyt-chamenei-staerkt-berater-fuer-attentatsfall\/#primaryimage","url":"https:\/\/now-news.de\/de\/wp-content\/uploads\/sites\/3\/2026\/02\/NYT-Chamenei-staerkt-Berater-fuer-Attentatsfall.jpg","contentUrl":"https:\/\/now-news.de\/de\/wp-content\/uploads\/sites\/3\/2026\/02\/NYT-Chamenei-staerkt-Berater-fuer-Attentatsfall.jpg","width":460,"height":259,"caption":"NYT: Chamenei st\u00e4rkt Berater f\u00fcr Attentatsfall"},{"@type":"BreadcrumbList","@id":"https:\/\/now-news.de\/de\/deutschland\/nyt-chamenei-staerkt-berater-fuer-attentatsfall\/#breadcrumb","itemListElement":[{"@type":"ListItem","position":1,"name":"Home","item":"https:\/\/now-news.de\/de\/"},{"@type":"ListItem","position":2,"name":"NYT: Chamenei st\u00e4rkt Berater f\u00fcr Attentatsfall"}]},{"@type":"WebSite","@id":"https:\/\/now-news.de\/de\/#website","url":"https:\/\/now-news.de\/de\/","name":"just-now.NEWS Deutschland","description":"Das Portal f\u00fcr unzensierte Nachrichten aus der Welt","publisher":{"@id":"https:\/\/now-news.de\/de\/#organization"},"potentialAction":[{"@type":"SearchAction","target":{"@type":"EntryPoint","urlTemplate":"https:\/\/now-news.de\/de\/?s={search_term_string}"},"query-input":"required name=search_term_string"}],"inLanguage":"de"},{"@type":"Organization","@id":"https:\/\/now-news.de\/de\/#organization","name":"Just Now News","url":"https:\/\/now-news.de\/de\/","logo":{"@type":"ImageObject","inLanguage":"de","@id":"https:\/\/now-news.de\/de\/#\/schema\/logo\/image\/","url":"http:\/\/just-now.news\/de\/wp-content\/uploads\/sites\/3\/2022\/04\/logo500x500.jpg","contentUrl":"http:\/\/just-now.news\/de\/wp-content\/uploads\/sites\/3\/2022\/04\/logo500x500.jpg","width":500,"height":500,"caption":"Just Now News"},"image":{"@id":"https:\/\/now-news.de\/de\/#\/schema\/logo\/image\/"},"sameAs":["https:\/\/www.facebook.com\/wirmachenauf","https:\/\/x.com\/WirMachenAuf_de"]},{"@type":"Person","@id":"https:\/\/now-news.de\/de\/#\/schema\/person\/fb534a4e865501d8b3285208df34a9b5","name":"rtnews","image":{"@type":"ImageObject","inLanguage":"de","@id":"https:\/\/now-news.de\/de\/#\/schema\/person\/image\/","url":"https:\/\/secure.gravatar.com\/avatar\/82aafea7d8127119dd649515f56e2117?s=96&d=mm&r=g","contentUrl":"https:\/\/secure.gravatar.com\/avatar\/82aafea7d8127119dd649515f56e2117?s=96&d=mm&r=g","caption":"rtnews"},"url":"https:\/\/now-news.de\/de\/author\/rnews\/"}]}},"_links":{"self":[{"href":"https:\/\/now-news.de\/de\/wp-json\/wp\/v2\/posts\/99322"}],"collection":[{"href":"https:\/\/now-news.de\/de\/wp-json\/wp\/v2\/posts"}],"about":[{"href":"https:\/\/now-news.de\/de\/wp-json\/wp\/v2\/types\/post"}],"author":[{"embeddable":true,"href":"https:\/\/now-news.de\/de\/wp-json\/wp\/v2\/users\/3"}],"replies":[{"embeddable":true,"href":"https:\/\/now-news.de\/de\/wp-json\/wp\/v2\/comments?post=99322"}],"version-history":[{"count":0,"href":"https:\/\/now-news.de\/de\/wp-json\/wp\/v2\/posts\/99322\/revisions"}],"wp:featuredmedia":[{"embeddable":true,"href":"https:\/\/now-news.de\/de\/wp-json\/wp\/v2\/media\/99323"}],"wp:attachment":[{"href":"https:\/\/now-news.de\/de\/wp-json\/wp\/v2\/media?parent=99322"}],"wp:term":[{"taxonomy":"category","embeddable":true,"href":"https:\/\/now-news.de\/de\/wp-json\/wp\/v2\/categories?post=99322"},{"taxonomy":"post_tag","embeddable":true,"href":"https:\/\/now-news.de\/de\/wp-json\/wp\/v2\/tags?post=99322"}],"curies":[{"name":"wp","href":"https:\/\/api.w.org\/{rel}","templated":true}]}}