{"id":99250,"date":"2026-02-21T17:48:14","date_gmt":"2026-02-21T15:48:14","guid":{"rendered":"https:\/\/now-news.de\/de\/deutschland\/zum-ersten-mal-seit-15-jahren-finnischer-meerbusen-friert-vollstaendig-zu\/"},"modified":"2026-02-21T17:48:14","modified_gmt":"2026-02-21T15:48:14","slug":"zum-ersten-mal-seit-15-jahren-finnischer-meerbusen-friert-vollstaendig-zu","status":"publish","type":"post","link":"https:\/\/now-news.de\/de\/deutschland\/zum-ersten-mal-seit-15-jahren-finnischer-meerbusen-friert-vollstaendig-zu\/","title":{"rendered":"Zum ersten Mal seit 15 Jahren: Finnischer Meerbusen friert vollst\u00e4ndig zu"},"content":{"rendered":"<p><img decoding=\"async\" src=\"https:\/\/now-news.de\/de\/wp-content\/uploads\/sites\/3\/2026\/02\/6999afb148fbef5bd92ee8f7.jpg\" \/><\/p>\n<div class=\"Text-root Text-type_1 \">\n                Erstmals seit 15 Jahren ist die gesamte Wasserfl\u00e4che des Finnischen Meerbusens von Eis bedeckt. Dies teilten russische Meteorologen mit. Der Finnische Meerbusen ist eine Bucht der Ostsee, die sich zwischen Finnland und Estland in west-\u00f6stlicher Richtung bis nach Russland erstreckt.\n            <\/div>\n<p><\/p>\n<div class=\"Text-root Text-type_5 ArticleView-text ViewText-root \">\n<p>Der gesamte Wasserbereich des Finnischen Meerbusens ist zum ersten Mal seit 15 Jahren aufgrund des anhaltenden Frostwetters mit Eis bedeckt. Dies <a rel=\"nofollow noopener\" target=\"_blank\" href=\"https:\/\/t.me\/kammeteo\/1600\">teilte<\/a> Alexander Kolessow, Leiter des Hydrometeorologischen Zentrums von Sankt Petersburg und des Gebiets Leningrad, auf seinem Telegram-Kanal mit:<\/p>\n<blockquote>\n<p><em>&#8220;Das anhaltend ruhige und frostige Wetter der letzten Tage hat dazu gef\u00fchrt, dass der gesamte Finnische Meerbusen zugefroren und vollst\u00e4ndig mit Eis bedeckt ist.&#8221; <\/em><\/p>\n<\/blockquote>\n<p>Allerdings zieht\u00a0nach Angaben des Meteorologen im westlichen Teil des Meerbusens ein Sturm auf, der bald zur Zerst\u00f6rung der Eisdecke f\u00fchren k\u00f6nnte. Kolessow pr\u00e4zisierte, dass der Finnische Meerbusen zuletzt in den Jahren 2010 und 2011 so stark zugefroren war. Auf Telegram <a rel=\"nofollow noopener\" target=\"_blank\" href=\"https:\/\/t.me\/bbbreaking\/225109\">kursiert<\/a>\u00a0eine Satellitenaufnahme, die die Eisdecke zeigt.<\/p>\n<p>Wie der russische Energiekonzern Rosatom zuvor berichtet hatte, wurde aufgrund der schwierigen Eisbedingungen im Finnischen Meerbusen der nuklearbetriebene Eisbrecher &#8220;Sibir&#8221; dorthin entsandt, um die Durchfahrt von Schiffen zu gew\u00e4hrleisten. Der Generaldirektor von Rosatom, Alexei Lichatschow, teilte mit, dass dieser Eisbrecher bereits sechs Gro\u00dfschiffe im Finnischen Meerbusen begleitet habe.<\/p>\n<p>Der Finnische Meerbusen liegt im nord\u00f6stlichen Teil der Ostsee und umsp\u00fclt die K\u00fcsten Finnlands, Russlands und Estlands.<\/p>\n<p><strong>Mehr zum Thema<\/strong> \u2013 <a rel=\"nofollow noopener\" target=\"_blank\" href=\"https:\/\/freedert.online\/russland\/266302-wie-russlands-armee-gegen-general-frost-kaempft\/\">Wie Russlands Armee gegen &#8220;General Frost&#8221; besteht<\/a><\/p>\n<div class=\"EmbedBlock-root EmbedBlock-externalVideo EmbedBlock-rumble\">\n<div class=\"VkEmbed\"><iframe class=\"lazyload\" data-src=\"https:\/\/rumble.com\/embed\/v73oxvg\" frameborder=\"0\" width=\"853\" height=\"480\" allowfullscreen><\/iframe><\/div>\n<\/div>\n<\/div>\n<p><br \/>\n<br \/><a href=\"https:\/\/de.rt.com\/russland\/270869-zum-ersten-mal-seit-15\/\">Source link <\/a><\/p>\n","protected":false},"excerpt":{"rendered":"<p>Erstmals seit 15 Jahren ist die gesamte Wasserfl\u00e4che des Finnischen Meerbusens von Eis bedeckt. Dies teilten russische Meteorologen mit. Der Finnische Meerbusen ist eine Bucht der Ostsee, die sich zwischen Finnland und Estland in west-\u00f6stlicher Richtung bis nach Russland erstreckt. Der gesamte Wasserbereich des Finnischen Meerbusens ist zum ersten Mal seit 15 Jahren aufgrund des [&hellip;]<\/p>\n","protected":false},"author":3,"featured_media":99251,"comment_status":"open","ping_status":"open","sticky":false,"template":"","format":"standard","meta":{"_yoast_indexnow_last_ping":["1771689230"],"wp_automatic_camp":["217"],"fd33786bb3a05802e03b663a7faa1779":["Zum ersten Mal seit 15 Jahren: Finnischer Meerbusen friert vollst\u00e4ndig zu"],"original_link":["https:\/\/de.rt.com\/russland\/270869-zum-ersten-mal-seit-15\/"],"_thumbnail_id":["99251"],"jnews_social_counter_last_update":["1777208002"],"_wptgpro_p2tg_sent2tg":["a:1:{i:23737;s:19:\"2026-02-21 17:54:50\";}"]},"categories":[19,23],"tags":[4899,39914,33265,1728,1727,30933,1829,4836,565],"yoast_head":"<!-- This site is optimized with the Yoast SEO Premium plugin v22.7 (Yoast SEO v22.7) - https:\/\/yoast.com\/wordpress\/plugins\/seo\/ -->\n<title>Zum ersten Mal seit 15 Jahren: Finnischer Meerbusen friert vollst\u00e4ndig zu - just-now.NEWS Deutschland<\/title>\n<meta name=\"robots\" content=\"index, follow, max-snippet:-1, max-image-preview:large, max-video-preview:-1\" \/>\n<link rel=\"canonical\" href=\"https:\/\/now-news.de\/de\/deutschland\/zum-ersten-mal-seit-15-jahren-finnischer-meerbusen-friert-vollstaendig-zu\/\" \/>\n<meta property=\"og:locale\" content=\"de_DE\" \/>\n<meta property=\"og:type\" content=\"article\" \/>\n<meta property=\"og:title\" content=\"Zum ersten Mal seit 15 Jahren: Finnischer Meerbusen friert vollst\u00e4ndig zu\" \/>\n<meta property=\"og:description\" content=\"Erstmals seit 15 Jahren ist die gesamte Wasserfl\u00e4che des Finnischen Meerbusens von Eis bedeckt. Dies teilten russische Meteorologen mit. Der Finnische Meerbusen ist eine Bucht der Ostsee, die sich zwischen Finnland und Estland in west-\u00f6stlicher Richtung bis nach Russland erstreckt. Der gesamte Wasserbereich des Finnischen Meerbusens ist zum ersten Mal seit 15 Jahren aufgrund des [&hellip;]\" \/>\n<meta property=\"og:url\" content=\"https:\/\/now-news.de\/de\/deutschland\/zum-ersten-mal-seit-15-jahren-finnischer-meerbusen-friert-vollstaendig-zu\/\" \/>\n<meta property=\"og:site_name\" content=\"just-now.NEWS Deutschland\" \/>\n<meta property=\"article:publisher\" content=\"https:\/\/www.facebook.com\/wirmachenauf\" \/>\n<meta property=\"article:published_time\" content=\"2026-02-21T15:48:14+00:00\" \/>\n<meta property=\"og:image\" content=\"https:\/\/now-news.de\/de\/wp-content\/uploads\/sites\/3\/2026\/02\/6999afb148fbef5bd92ee8f7.jpg\" \/>\n<meta name=\"author\" content=\"rtnews\" \/>\n<meta name=\"twitter:card\" content=\"summary_large_image\" \/>\n<meta name=\"twitter:creator\" content=\"@WirMachenAuf_de\" \/>\n<meta name=\"twitter:site\" content=\"@WirMachenAuf_de\" \/>\n<meta name=\"twitter:label1\" content=\"Verfasst von\" \/>\n\t<meta name=\"twitter:data1\" content=\"rtnews\" \/>\n\t<meta name=\"twitter:label2\" content=\"Gesch\u00e4tzte Lesezeit\" \/>\n\t<meta name=\"twitter:data2\" content=\"1\u00a0Minute\" \/>\n<script type=\"application\/ld+json\" class=\"yoast-schema-graph\">{\"@context\":\"https:\/\/schema.org\",\"@graph\":[{\"@type\":\"Article\",\"@id\":\"https:\/\/now-news.de\/de\/deutschland\/zum-ersten-mal-seit-15-jahren-finnischer-meerbusen-friert-vollstaendig-zu\/#article\",\"isPartOf\":{\"@id\":\"https:\/\/now-news.de\/de\/deutschland\/zum-ersten-mal-seit-15-jahren-finnischer-meerbusen-friert-vollstaendig-zu\/\"},\"author\":{\"name\":\"rtnews\",\"@id\":\"https:\/\/now-news.de\/de\/#\/schema\/person\/fb534a4e865501d8b3285208df34a9b5\"},\"headline\":\"Zum ersten Mal seit 15 Jahren: Finnischer Meerbusen friert vollst\u00e4ndig zu\",\"datePublished\":\"2026-02-21T15:48:14+00:00\",\"dateModified\":\"2026-02-21T15:48:14+00:00\",\"mainEntityOfPage\":{\"@id\":\"https:\/\/now-news.de\/de\/deutschland\/zum-ersten-mal-seit-15-jahren-finnischer-meerbusen-friert-vollstaendig-zu\/\"},\"wordCount\":249,\"commentCount\":0,\"publisher\":{\"@id\":\"https:\/\/now-news.de\/de\/#organization\"},\"image\":{\"@id\":\"https:\/\/now-news.de\/de\/deutschland\/zum-ersten-mal-seit-15-jahren-finnischer-meerbusen-friert-vollstaendig-zu\/#primaryimage\"},\"thumbnailUrl\":\"https:\/\/now-news.de\/de\/wp-content\/uploads\/sites\/3\/2026\/02\/Zum-ersten-Mal-seit-15-Jahren-Finnischer-Meerbusen-friert-vollstaendig.jpg\",\"keywords\":[\"ersten\",\"Finnischer\",\"friert\",\"Jahren\",\"Mal\",\"Meerbusen\",\"seit\",\"vollst\u00e4ndig\",\"zum\"],\"articleSection\":[\"Deutschland\",\"Russland\"],\"inLanguage\":\"de\",\"potentialAction\":[{\"@type\":\"CommentAction\",\"name\":\"Comment\",\"target\":[\"https:\/\/now-news.de\/de\/deutschland\/zum-ersten-mal-seit-15-jahren-finnischer-meerbusen-friert-vollstaendig-zu\/#respond\"]}]},{\"@type\":\"WebPage\",\"@id\":\"https:\/\/now-news.de\/de\/deutschland\/zum-ersten-mal-seit-15-jahren-finnischer-meerbusen-friert-vollstaendig-zu\/\",\"url\":\"https:\/\/now-news.de\/de\/deutschland\/zum-ersten-mal-seit-15-jahren-finnischer-meerbusen-friert-vollstaendig-zu\/\",\"name\":\"Zum ersten Mal seit 15 Jahren: Finnischer Meerbusen friert vollst\u00e4ndig zu - just-now.NEWS Deutschland\",\"isPartOf\":{\"@id\":\"https:\/\/now-news.de\/de\/#website\"},\"primaryImageOfPage\":{\"@id\":\"https:\/\/now-news.de\/de\/deutschland\/zum-ersten-mal-seit-15-jahren-finnischer-meerbusen-friert-vollstaendig-zu\/#primaryimage\"},\"image\":{\"@id\":\"https:\/\/now-news.de\/de\/deutschland\/zum-ersten-mal-seit-15-jahren-finnischer-meerbusen-friert-vollstaendig-zu\/#primaryimage\"},\"thumbnailUrl\":\"https:\/\/now-news.de\/de\/wp-content\/uploads\/sites\/3\/2026\/02\/Zum-ersten-Mal-seit-15-Jahren-Finnischer-Meerbusen-friert-vollstaendig.jpg\",\"datePublished\":\"2026-02-21T15:48:14+00:00\",\"dateModified\":\"2026-02-21T15:48:14+00:00\",\"breadcrumb\":{\"@id\":\"https:\/\/now-news.de\/de\/deutschland\/zum-ersten-mal-seit-15-jahren-finnischer-meerbusen-friert-vollstaendig-zu\/#breadcrumb\"},\"inLanguage\":\"de\",\"potentialAction\":[{\"@type\":\"ReadAction\",\"target\":[\"https:\/\/now-news.de\/de\/deutschland\/zum-ersten-mal-seit-15-jahren-finnischer-meerbusen-friert-vollstaendig-zu\/\"]}]},{\"@type\":\"ImageObject\",\"inLanguage\":\"de\",\"@id\":\"https:\/\/now-news.de\/de\/deutschland\/zum-ersten-mal-seit-15-jahren-finnischer-meerbusen-friert-vollstaendig-zu\/#primaryimage\",\"url\":\"https:\/\/now-news.de\/de\/wp-content\/uploads\/sites\/3\/2026\/02\/Zum-ersten-Mal-seit-15-Jahren-Finnischer-Meerbusen-friert-vollstaendig.jpg\",\"contentUrl\":\"https:\/\/now-news.de\/de\/wp-content\/uploads\/sites\/3\/2026\/02\/Zum-ersten-Mal-seit-15-Jahren-Finnischer-Meerbusen-friert-vollstaendig.jpg\",\"width\":460,\"height\":259,\"caption\":\"Zum ersten Mal seit 15 Jahren: Finnischer Meerbusen friert vollst\u00e4ndig zu\"},{\"@type\":\"BreadcrumbList\",\"@id\":\"https:\/\/now-news.de\/de\/deutschland\/zum-ersten-mal-seit-15-jahren-finnischer-meerbusen-friert-vollstaendig-zu\/#breadcrumb\",\"itemListElement\":[{\"@type\":\"ListItem\",\"position\":1,\"name\":\"Home\",\"item\":\"https:\/\/now-news.de\/de\/\"},{\"@type\":\"ListItem\",\"position\":2,\"name\":\"Zum ersten Mal seit 15 Jahren: Finnischer Meerbusen friert vollst\u00e4ndig zu\"}]},{\"@type\":\"WebSite\",\"@id\":\"https:\/\/now-news.de\/de\/#website\",\"url\":\"https:\/\/now-news.de\/de\/\",\"name\":\"just-now.NEWS Deutschland\",\"description\":\"Das Portal f\u00fcr unzensierte Nachrichten aus der Welt\",\"publisher\":{\"@id\":\"https:\/\/now-news.de\/de\/#organization\"},\"potentialAction\":[{\"@type\":\"SearchAction\",\"target\":{\"@type\":\"EntryPoint\",\"urlTemplate\":\"https:\/\/now-news.de\/de\/?s={search_term_string}\"},\"query-input\":\"required name=search_term_string\"}],\"inLanguage\":\"de\"},{\"@type\":\"Organization\",\"@id\":\"https:\/\/now-news.de\/de\/#organization\",\"name\":\"Just Now News\",\"url\":\"https:\/\/now-news.de\/de\/\",\"logo\":{\"@type\":\"ImageObject\",\"inLanguage\":\"de\",\"@id\":\"https:\/\/now-news.de\/de\/#\/schema\/logo\/image\/\",\"url\":\"http:\/\/just-now.news\/de\/wp-content\/uploads\/sites\/3\/2022\/04\/logo500x500.jpg\",\"contentUrl\":\"http:\/\/just-now.news\/de\/wp-content\/uploads\/sites\/3\/2022\/04\/logo500x500.jpg\",\"width\":500,\"height\":500,\"caption\":\"Just Now News\"},\"image\":{\"@id\":\"https:\/\/now-news.de\/de\/#\/schema\/logo\/image\/\"},\"sameAs\":[\"https:\/\/www.facebook.com\/wirmachenauf\",\"https:\/\/x.com\/WirMachenAuf_de\"]},{\"@type\":\"Person\",\"@id\":\"https:\/\/now-news.de\/de\/#\/schema\/person\/fb534a4e865501d8b3285208df34a9b5\",\"name\":\"rtnews\",\"image\":{\"@type\":\"ImageObject\",\"inLanguage\":\"de\",\"@id\":\"https:\/\/now-news.de\/de\/#\/schema\/person\/image\/\",\"url\":\"https:\/\/secure.gravatar.com\/avatar\/82aafea7d8127119dd649515f56e2117?s=96&d=mm&r=g\",\"contentUrl\":\"https:\/\/secure.gravatar.com\/avatar\/82aafea7d8127119dd649515f56e2117?s=96&d=mm&r=g\",\"caption\":\"rtnews\"},\"url\":\"https:\/\/now-news.de\/de\/author\/rnews\/\"}]}<\/script>\n<!-- \/ Yoast SEO Premium plugin. -->","yoast_head_json":{"title":"Zum ersten Mal seit 15 Jahren: Finnischer Meerbusen friert vollst\u00e4ndig zu - just-now.NEWS Deutschland","robots":{"index":"index","follow":"follow","max-snippet":"max-snippet:-1","max-image-preview":"max-image-preview:large","max-video-preview":"max-video-preview:-1"},"canonical":"https:\/\/now-news.de\/de\/deutschland\/zum-ersten-mal-seit-15-jahren-finnischer-meerbusen-friert-vollstaendig-zu\/","og_locale":"de_DE","og_type":"article","og_title":"Zum ersten Mal seit 15 Jahren: Finnischer Meerbusen friert vollst\u00e4ndig zu","og_description":"Erstmals seit 15 Jahren ist die gesamte Wasserfl\u00e4che des Finnischen Meerbusens von Eis bedeckt. Dies teilten russische Meteorologen mit. Der Finnische Meerbusen ist eine Bucht der Ostsee, die sich zwischen Finnland und Estland in west-\u00f6stlicher Richtung bis nach Russland erstreckt. Der gesamte Wasserbereich des Finnischen Meerbusens ist zum ersten Mal seit 15 Jahren aufgrund des [&hellip;]","og_url":"https:\/\/now-news.de\/de\/deutschland\/zum-ersten-mal-seit-15-jahren-finnischer-meerbusen-friert-vollstaendig-zu\/","og_site_name":"just-now.NEWS Deutschland","article_publisher":"https:\/\/www.facebook.com\/wirmachenauf","article_published_time":"2026-02-21T15:48:14+00:00","og_image":[{"url":"https:\/\/now-news.de\/de\/wp-content\/uploads\/sites\/3\/2026\/02\/6999afb148fbef5bd92ee8f7.jpg"}],"author":"rtnews","twitter_card":"summary_large_image","twitter_creator":"@WirMachenAuf_de","twitter_site":"@WirMachenAuf_de","twitter_misc":{"Verfasst von":"rtnews","Gesch\u00e4tzte Lesezeit":"1\u00a0Minute"},"schema":{"@context":"https:\/\/schema.org","@graph":[{"@type":"Article","@id":"https:\/\/now-news.de\/de\/deutschland\/zum-ersten-mal-seit-15-jahren-finnischer-meerbusen-friert-vollstaendig-zu\/#article","isPartOf":{"@id":"https:\/\/now-news.de\/de\/deutschland\/zum-ersten-mal-seit-15-jahren-finnischer-meerbusen-friert-vollstaendig-zu\/"},"author":{"name":"rtnews","@id":"https:\/\/now-news.de\/de\/#\/schema\/person\/fb534a4e865501d8b3285208df34a9b5"},"headline":"Zum ersten Mal seit 15 Jahren: Finnischer Meerbusen friert vollst\u00e4ndig zu","datePublished":"2026-02-21T15:48:14+00:00","dateModified":"2026-02-21T15:48:14+00:00","mainEntityOfPage":{"@id":"https:\/\/now-news.de\/de\/deutschland\/zum-ersten-mal-seit-15-jahren-finnischer-meerbusen-friert-vollstaendig-zu\/"},"wordCount":249,"commentCount":0,"publisher":{"@id":"https:\/\/now-news.de\/de\/#organization"},"image":{"@id":"https:\/\/now-news.de\/de\/deutschland\/zum-ersten-mal-seit-15-jahren-finnischer-meerbusen-friert-vollstaendig-zu\/#primaryimage"},"thumbnailUrl":"https:\/\/now-news.de\/de\/wp-content\/uploads\/sites\/3\/2026\/02\/Zum-ersten-Mal-seit-15-Jahren-Finnischer-Meerbusen-friert-vollstaendig.jpg","keywords":["ersten","Finnischer","friert","Jahren","Mal","Meerbusen","seit","vollst\u00e4ndig","zum"],"articleSection":["Deutschland","Russland"],"inLanguage":"de","potentialAction":[{"@type":"CommentAction","name":"Comment","target":["https:\/\/now-news.de\/de\/deutschland\/zum-ersten-mal-seit-15-jahren-finnischer-meerbusen-friert-vollstaendig-zu\/#respond"]}]},{"@type":"WebPage","@id":"https:\/\/now-news.de\/de\/deutschland\/zum-ersten-mal-seit-15-jahren-finnischer-meerbusen-friert-vollstaendig-zu\/","url":"https:\/\/now-news.de\/de\/deutschland\/zum-ersten-mal-seit-15-jahren-finnischer-meerbusen-friert-vollstaendig-zu\/","name":"Zum ersten Mal seit 15 Jahren: Finnischer Meerbusen friert vollst\u00e4ndig zu - just-now.NEWS Deutschland","isPartOf":{"@id":"https:\/\/now-news.de\/de\/#website"},"primaryImageOfPage":{"@id":"https:\/\/now-news.de\/de\/deutschland\/zum-ersten-mal-seit-15-jahren-finnischer-meerbusen-friert-vollstaendig-zu\/#primaryimage"},"image":{"@id":"https:\/\/now-news.de\/de\/deutschland\/zum-ersten-mal-seit-15-jahren-finnischer-meerbusen-friert-vollstaendig-zu\/#primaryimage"},"thumbnailUrl":"https:\/\/now-news.de\/de\/wp-content\/uploads\/sites\/3\/2026\/02\/Zum-ersten-Mal-seit-15-Jahren-Finnischer-Meerbusen-friert-vollstaendig.jpg","datePublished":"2026-02-21T15:48:14+00:00","dateModified":"2026-02-21T15:48:14+00:00","breadcrumb":{"@id":"https:\/\/now-news.de\/de\/deutschland\/zum-ersten-mal-seit-15-jahren-finnischer-meerbusen-friert-vollstaendig-zu\/#breadcrumb"},"inLanguage":"de","potentialAction":[{"@type":"ReadAction","target":["https:\/\/now-news.de\/de\/deutschland\/zum-ersten-mal-seit-15-jahren-finnischer-meerbusen-friert-vollstaendig-zu\/"]}]},{"@type":"ImageObject","inLanguage":"de","@id":"https:\/\/now-news.de\/de\/deutschland\/zum-ersten-mal-seit-15-jahren-finnischer-meerbusen-friert-vollstaendig-zu\/#primaryimage","url":"https:\/\/now-news.de\/de\/wp-content\/uploads\/sites\/3\/2026\/02\/Zum-ersten-Mal-seit-15-Jahren-Finnischer-Meerbusen-friert-vollstaendig.jpg","contentUrl":"https:\/\/now-news.de\/de\/wp-content\/uploads\/sites\/3\/2026\/02\/Zum-ersten-Mal-seit-15-Jahren-Finnischer-Meerbusen-friert-vollstaendig.jpg","width":460,"height":259,"caption":"Zum ersten Mal seit 15 Jahren: Finnischer Meerbusen friert vollst\u00e4ndig zu"},{"@type":"BreadcrumbList","@id":"https:\/\/now-news.de\/de\/deutschland\/zum-ersten-mal-seit-15-jahren-finnischer-meerbusen-friert-vollstaendig-zu\/#breadcrumb","itemListElement":[{"@type":"ListItem","position":1,"name":"Home","item":"https:\/\/now-news.de\/de\/"},{"@type":"ListItem","position":2,"name":"Zum ersten Mal seit 15 Jahren: Finnischer Meerbusen friert vollst\u00e4ndig zu"}]},{"@type":"WebSite","@id":"https:\/\/now-news.de\/de\/#website","url":"https:\/\/now-news.de\/de\/","name":"just-now.NEWS Deutschland","description":"Das Portal f\u00fcr unzensierte Nachrichten aus der Welt","publisher":{"@id":"https:\/\/now-news.de\/de\/#organization"},"potentialAction":[{"@type":"SearchAction","target":{"@type":"EntryPoint","urlTemplate":"https:\/\/now-news.de\/de\/?s={search_term_string}"},"query-input":"required name=search_term_string"}],"inLanguage":"de"},{"@type":"Organization","@id":"https:\/\/now-news.de\/de\/#organization","name":"Just Now News","url":"https:\/\/now-news.de\/de\/","logo":{"@type":"ImageObject","inLanguage":"de","@id":"https:\/\/now-news.de\/de\/#\/schema\/logo\/image\/","url":"http:\/\/just-now.news\/de\/wp-content\/uploads\/sites\/3\/2022\/04\/logo500x500.jpg","contentUrl":"http:\/\/just-now.news\/de\/wp-content\/uploads\/sites\/3\/2022\/04\/logo500x500.jpg","width":500,"height":500,"caption":"Just Now News"},"image":{"@id":"https:\/\/now-news.de\/de\/#\/schema\/logo\/image\/"},"sameAs":["https:\/\/www.facebook.com\/wirmachenauf","https:\/\/x.com\/WirMachenAuf_de"]},{"@type":"Person","@id":"https:\/\/now-news.de\/de\/#\/schema\/person\/fb534a4e865501d8b3285208df34a9b5","name":"rtnews","image":{"@type":"ImageObject","inLanguage":"de","@id":"https:\/\/now-news.de\/de\/#\/schema\/person\/image\/","url":"https:\/\/secure.gravatar.com\/avatar\/82aafea7d8127119dd649515f56e2117?s=96&d=mm&r=g","contentUrl":"https:\/\/secure.gravatar.com\/avatar\/82aafea7d8127119dd649515f56e2117?s=96&d=mm&r=g","caption":"rtnews"},"url":"https:\/\/now-news.de\/de\/author\/rnews\/"}]}},"_links":{"self":[{"href":"https:\/\/now-news.de\/de\/wp-json\/wp\/v2\/posts\/99250"}],"collection":[{"href":"https:\/\/now-news.de\/de\/wp-json\/wp\/v2\/posts"}],"about":[{"href":"https:\/\/now-news.de\/de\/wp-json\/wp\/v2\/types\/post"}],"author":[{"embeddable":true,"href":"https:\/\/now-news.de\/de\/wp-json\/wp\/v2\/users\/3"}],"replies":[{"embeddable":true,"href":"https:\/\/now-news.de\/de\/wp-json\/wp\/v2\/comments?post=99250"}],"version-history":[{"count":0,"href":"https:\/\/now-news.de\/de\/wp-json\/wp\/v2\/posts\/99250\/revisions"}],"wp:featuredmedia":[{"embeddable":true,"href":"https:\/\/now-news.de\/de\/wp-json\/wp\/v2\/media\/99251"}],"wp:attachment":[{"href":"https:\/\/now-news.de\/de\/wp-json\/wp\/v2\/media?parent=99250"}],"wp:term":[{"taxonomy":"category","embeddable":true,"href":"https:\/\/now-news.de\/de\/wp-json\/wp\/v2\/categories?post=99250"},{"taxonomy":"post_tag","embeddable":true,"href":"https:\/\/now-news.de\/de\/wp-json\/wp\/v2\/tags?post=99250"}],"curies":[{"name":"wp","href":"https:\/\/api.w.org\/{rel}","templated":true}]}}