{"id":99159,"date":"2026-02-19T22:30:04","date_gmt":"2026-02-19T20:30:04","guid":{"rendered":"https:\/\/now-news.de\/de\/deutschland\/streit-um-russland-bei-den-paralympics\/"},"modified":"2026-02-19T22:30:04","modified_gmt":"2026-02-19T20:30:04","slug":"streit-um-russland-bei-den-paralympics","status":"publish","type":"post","link":"https:\/\/now-news.de\/de\/deutschland\/streit-um-russland-bei-den-paralympics\/","title":{"rendered":"Streit um Russland bei den Paralympics"},"content":{"rendered":"<p><img decoding=\"async\" src=\"https:\/\/now-news.de\/de\/wp-content\/uploads\/sites\/3\/2026\/02\/69973a58b480cc7845610cd2.jpg\" \/><\/p>\n<div class=\"Text-root Text-type_1 \">\n                Nun wird die Emp\u00f6rungmaschine angeworfen, weil russische und wei\u00dfrussische Sportler mit Fahne und Hymne an den Paralympics teilnehmen d\u00fcrfen. Die Entscheidung fiel bereits vergangenen September. Aber noch im Fr\u00fchjahr k\u00f6nnte das IOC \u00fcber eine Aufhebung der Sanktionen abstimmen &#8230;\n            <\/div>\n<p><\/p>\n<div class=\"Text-root Text-type_5 ArticleView-text ViewText-root \">\n<p>Im September vergangenen Jahres hatte das Internationale Paralympische Komittee die Pose durchbrochen, die viele internationale Sportvereinigungen unter Kontrolle des Westens in den letzten Jahren eingenommen hatten: Russische Sportler durften gar nicht oder bestenfalls unter einer neutralen Flagge teilnehmen. Das f\u00fchrte zu Absurdit\u00e4ten wie einer \u00dcberzahl russischer Teilnehmer beim Eiskunstlauf, die f\u00fcr so viele andere L\u00e4nder antraten, dass schon von den &#8220;russischen Meisterschaften in Mailand&#8221; gespottet wurde. Bei den Paralympischen Spielen, die am 6.\u00a0M\u00e4rz in Verona er\u00f6ffnet werden, k\u00f6nnen russische und auch wei\u00dfrussische Sportler regul\u00e4r teilnehmen, unter der Fahne ihres eigenen Landes.<\/p>\n<p>Inzwischen wurde nach Kr\u00e4ften dagegen mobilisiert. Dass <strong>der estnische Fernsehsender (welcher?)<\/strong> die Paralympics deshalb gar nicht \u00fcbertragen will und der <strong>lettische (wiederum, welcher?)<\/strong> die Auftritte russischer und wei\u00dfrussischer Sportler weiterhin nicht zeigen will, d\u00fcrfte bestenfalls ein paar Fernsehzuschauer in diesen Kleinstaaten interessieren. Dass die Ukraine dagegen protestiert, ist ebenfalls keine \u00dcberraschung. Inzwischen wurde erkl\u00e4rt, ukrainische Sportler w\u00fcrden an den Paralympics nicht teilnehmen. Polen erkl\u00e4rte, die Er\u00f6ffnungszeremonie zu boykottieren, aber nicht die Spielteilnahme.<\/p>\n<p>Schwieriger ist die Tatsache, dass sich auch der italienische Au\u00dfenminister Antonio Tajani und Sportminister Andrea Abodi dagegen ausgesprochen haben, die russischen und wei\u00dfrussischen Sportler wieder zu behandeln wie alle anderen auch. &#8220;Die anhaltende Verletzung des Waffenstillstands sowie der olympischen und paralympischen Ideale durch Russland, unterst\u00fctzt von Belarus, ist mit der Teilnahme ihrer Athleten unvereinbar, es sei denn als neutrale Einzelathleten&#8221;, erkl\u00e4rten die beiden. Auch der f\u00fcr Sport zust\u00e4ndige EU-Kommissar Glenn Micallef verk\u00fcndete, er werde der Er\u00f6ffnungszeremonie fernbleiben.<\/p>\n<p>Problematisch ist vor allem die italienische Position. Tajani versucht, Visa f\u00fcr das technische und medizinische Personal der russischen und der wei\u00dfrussischen Mannschaft zu blockieren (die Athleten selbst sind bereits in Italien); ein Schritt, der das Wohl der beteiligten Athleten beeintr\u00e4chtigt, auch wenn sie selbst teilnehmen k\u00f6nnen. Die italienische Regierung ist an diesem Punkt allerdings gespalten. Landwirtschaftsminister Francesco Lollobrigida dr\u00e4ngt darauf, die Beh\u00f6rden sollten jede Form von Diskriminierung vermeiden.<\/p>\n<p>F\u00fcr den Deutschen Behindertensportverband erkl\u00e4rte eine Sprecherin: &#8220;Stand jetzt kann ich sagen, dass wir auf uns schauen und uns auf den Sport fokussieren.&#8221;<\/p>\n<p><a><\/a> Unter den russischen Teilnehmern befindet sich unter anderem Alexei Bugajew, der im alpinen Skilauf sowohl 2014 in Sotschi als auch 2018 in Pyeongchang eine Goldmedaille holte.<\/p>\n<p>Von vergleichbaren Protesten gegen die Teilnahme Israels ist nichts bekannt.<\/p>\n<p><strong>Mehr zum Thema<\/strong>\u00a0\u2013 <a rel=\"nofollow noopener\" target=\"_blank\" href=\"https:\/\/freedert.online\/international\/269489-olympische-winterspiele-in-italien-beginnen\/\">13 russische Athleten ohne Flagge dabei: Olympische Winterspiele in Italien beginnen<\/a><\/p>\n<div class=\"EmbedBlock-root EmbedBlock-externalVideo EmbedBlock-rumble\">\n<div class=\"VkEmbed\"><iframe class=\"lazyload\" data-src=\"https:\/\/rumble.com\/embed\/v73bvxo\" frameborder=\"0\" width=\"853\" height=\"480\" allowfullscreen><\/iframe><\/div>\n<\/div>\n<\/div>\n<p><br \/>\n<br \/><a href=\"https:\/\/de.rt.com\/international\/270665-streit-um-russland-bei-paralympics\/\">Source link <\/a><\/p>\n","protected":false},"excerpt":{"rendered":"<p>Nun wird die Emp\u00f6rungmaschine angeworfen, weil russische und wei\u00dfrussische Sportler mit Fahne und Hymne an den Paralympics teilnehmen d\u00fcrfen. Die Entscheidung fiel bereits vergangenen September. Aber noch im Fr\u00fchjahr k\u00f6nnte das IOC \u00fcber eine Aufhebung der Sanktionen abstimmen &#8230; Im September vergangenen Jahres hatte das Internationale Paralympische Komittee die Pose durchbrochen, die viele internationale Sportvereinigungen [&hellip;]<\/p>\n","protected":false},"author":3,"featured_media":99160,"comment_status":"open","ping_status":"open","sticky":false,"template":"","format":"standard","meta":{"_yoast_indexnow_last_ping":["1771533399"],"wp_automatic_camp":["217"],"ee6d00bfef6aa4cdc6330076f10684ef":["Streit um Russland bei den Paralympics"],"original_link":["https:\/\/de.rt.com\/international\/270665-streit-um-russland-bei-paralympics\/"],"_thumbnail_id":["99160"],"jnews_social_counter_last_update":["1777425257"],"_wptgpro_p2tg_sent2tg":["a:1:{i:23737;s:19:\"2026-02-19 22:37:41\";}"]},"categories":[19,23],"tags":[363,48,54203,126,8148],"yoast_head":"<!-- This site is optimized with the Yoast SEO Premium plugin v22.7 (Yoast SEO v22.7) - https:\/\/yoast.com\/wordpress\/plugins\/seo\/ -->\n<title>Streit um Russland bei den Paralympics - just-now.NEWS Deutschland<\/title>\n<meta name=\"robots\" content=\"index, follow, max-snippet:-1, max-image-preview:large, max-video-preview:-1\" \/>\n<link rel=\"canonical\" href=\"https:\/\/now-news.de\/de\/deutschland\/streit-um-russland-bei-den-paralympics\/\" \/>\n<meta property=\"og:locale\" content=\"de_DE\" \/>\n<meta property=\"og:type\" content=\"article\" \/>\n<meta property=\"og:title\" content=\"Streit um Russland bei den Paralympics\" \/>\n<meta property=\"og:description\" content=\"Nun wird die Emp\u00f6rungmaschine angeworfen, weil russische und wei\u00dfrussische Sportler mit Fahne und Hymne an den Paralympics teilnehmen d\u00fcrfen. Die Entscheidung fiel bereits vergangenen September. Aber noch im Fr\u00fchjahr k\u00f6nnte das IOC \u00fcber eine Aufhebung der Sanktionen abstimmen &#8230; Im September vergangenen Jahres hatte das Internationale Paralympische Komittee die Pose durchbrochen, die viele internationale Sportvereinigungen [&hellip;]\" \/>\n<meta property=\"og:url\" content=\"https:\/\/now-news.de\/de\/deutschland\/streit-um-russland-bei-den-paralympics\/\" \/>\n<meta property=\"og:site_name\" content=\"just-now.NEWS Deutschland\" \/>\n<meta property=\"article:publisher\" content=\"https:\/\/www.facebook.com\/wirmachenauf\" \/>\n<meta property=\"article:published_time\" content=\"2026-02-19T20:30:04+00:00\" \/>\n<meta property=\"og:image\" content=\"https:\/\/now-news.de\/de\/wp-content\/uploads\/sites\/3\/2026\/02\/69973a58b480cc7845610cd2.jpg\" \/>\n<meta name=\"author\" content=\"rtnews\" \/>\n<meta name=\"twitter:card\" content=\"summary_large_image\" \/>\n<meta name=\"twitter:creator\" content=\"@WirMachenAuf_de\" \/>\n<meta name=\"twitter:site\" content=\"@WirMachenAuf_de\" \/>\n<meta name=\"twitter:label1\" content=\"Verfasst von\" \/>\n\t<meta name=\"twitter:data1\" content=\"rtnews\" \/>\n\t<meta name=\"twitter:label2\" content=\"Gesch\u00e4tzte Lesezeit\" \/>\n\t<meta name=\"twitter:data2\" content=\"2\u00a0Minuten\" \/>\n<script type=\"application\/ld+json\" class=\"yoast-schema-graph\">{\"@context\":\"https:\/\/schema.org\",\"@graph\":[{\"@type\":\"Article\",\"@id\":\"https:\/\/now-news.de\/de\/deutschland\/streit-um-russland-bei-den-paralympics\/#article\",\"isPartOf\":{\"@id\":\"https:\/\/now-news.de\/de\/deutschland\/streit-um-russland-bei-den-paralympics\/\"},\"author\":{\"name\":\"rtnews\",\"@id\":\"https:\/\/now-news.de\/de\/#\/schema\/person\/fb534a4e865501d8b3285208df34a9b5\"},\"headline\":\"Streit um Russland bei den Paralympics\",\"datePublished\":\"2026-02-19T20:30:04+00:00\",\"dateModified\":\"2026-02-19T20:30:04+00:00\",\"mainEntityOfPage\":{\"@id\":\"https:\/\/now-news.de\/de\/deutschland\/streit-um-russland-bei-den-paralympics\/\"},\"wordCount\":462,\"commentCount\":0,\"publisher\":{\"@id\":\"https:\/\/now-news.de\/de\/#organization\"},\"image\":{\"@id\":\"https:\/\/now-news.de\/de\/deutschland\/streit-um-russland-bei-den-paralympics\/#primaryimage\"},\"thumbnailUrl\":\"https:\/\/now-news.de\/de\/wp-content\/uploads\/sites\/3\/2026\/02\/Streit-um-Russland-bei-den-Paralympics.jpg\",\"keywords\":[\"bei\",\"den\",\"Paralympics\",\"russland\",\"Streit\"],\"articleSection\":[\"Deutschland\",\"Russland\"],\"inLanguage\":\"de\",\"potentialAction\":[{\"@type\":\"CommentAction\",\"name\":\"Comment\",\"target\":[\"https:\/\/now-news.de\/de\/deutschland\/streit-um-russland-bei-den-paralympics\/#respond\"]}]},{\"@type\":\"WebPage\",\"@id\":\"https:\/\/now-news.de\/de\/deutschland\/streit-um-russland-bei-den-paralympics\/\",\"url\":\"https:\/\/now-news.de\/de\/deutschland\/streit-um-russland-bei-den-paralympics\/\",\"name\":\"Streit um Russland bei den Paralympics - just-now.NEWS Deutschland\",\"isPartOf\":{\"@id\":\"https:\/\/now-news.de\/de\/#website\"},\"primaryImageOfPage\":{\"@id\":\"https:\/\/now-news.de\/de\/deutschland\/streit-um-russland-bei-den-paralympics\/#primaryimage\"},\"image\":{\"@id\":\"https:\/\/now-news.de\/de\/deutschland\/streit-um-russland-bei-den-paralympics\/#primaryimage\"},\"thumbnailUrl\":\"https:\/\/now-news.de\/de\/wp-content\/uploads\/sites\/3\/2026\/02\/Streit-um-Russland-bei-den-Paralympics.jpg\",\"datePublished\":\"2026-02-19T20:30:04+00:00\",\"dateModified\":\"2026-02-19T20:30:04+00:00\",\"breadcrumb\":{\"@id\":\"https:\/\/now-news.de\/de\/deutschland\/streit-um-russland-bei-den-paralympics\/#breadcrumb\"},\"inLanguage\":\"de\",\"potentialAction\":[{\"@type\":\"ReadAction\",\"target\":[\"https:\/\/now-news.de\/de\/deutschland\/streit-um-russland-bei-den-paralympics\/\"]}]},{\"@type\":\"ImageObject\",\"inLanguage\":\"de\",\"@id\":\"https:\/\/now-news.de\/de\/deutschland\/streit-um-russland-bei-den-paralympics\/#primaryimage\",\"url\":\"https:\/\/now-news.de\/de\/wp-content\/uploads\/sites\/3\/2026\/02\/Streit-um-Russland-bei-den-Paralympics.jpg\",\"contentUrl\":\"https:\/\/now-news.de\/de\/wp-content\/uploads\/sites\/3\/2026\/02\/Streit-um-Russland-bei-den-Paralympics.jpg\",\"width\":460,\"height\":259,\"caption\":\"Streit um Russland bei den Paralympics\"},{\"@type\":\"BreadcrumbList\",\"@id\":\"https:\/\/now-news.de\/de\/deutschland\/streit-um-russland-bei-den-paralympics\/#breadcrumb\",\"itemListElement\":[{\"@type\":\"ListItem\",\"position\":1,\"name\":\"Home\",\"item\":\"https:\/\/now-news.de\/de\/\"},{\"@type\":\"ListItem\",\"position\":2,\"name\":\"Streit um Russland bei den Paralympics\"}]},{\"@type\":\"WebSite\",\"@id\":\"https:\/\/now-news.de\/de\/#website\",\"url\":\"https:\/\/now-news.de\/de\/\",\"name\":\"just-now.NEWS Deutschland\",\"description\":\"Das Portal f\u00fcr unzensierte Nachrichten aus der Welt\",\"publisher\":{\"@id\":\"https:\/\/now-news.de\/de\/#organization\"},\"potentialAction\":[{\"@type\":\"SearchAction\",\"target\":{\"@type\":\"EntryPoint\",\"urlTemplate\":\"https:\/\/now-news.de\/de\/?s={search_term_string}\"},\"query-input\":\"required name=search_term_string\"}],\"inLanguage\":\"de\"},{\"@type\":\"Organization\",\"@id\":\"https:\/\/now-news.de\/de\/#organization\",\"name\":\"Just Now News\",\"url\":\"https:\/\/now-news.de\/de\/\",\"logo\":{\"@type\":\"ImageObject\",\"inLanguage\":\"de\",\"@id\":\"https:\/\/now-news.de\/de\/#\/schema\/logo\/image\/\",\"url\":\"http:\/\/just-now.news\/de\/wp-content\/uploads\/sites\/3\/2022\/04\/logo500x500.jpg\",\"contentUrl\":\"http:\/\/just-now.news\/de\/wp-content\/uploads\/sites\/3\/2022\/04\/logo500x500.jpg\",\"width\":500,\"height\":500,\"caption\":\"Just Now News\"},\"image\":{\"@id\":\"https:\/\/now-news.de\/de\/#\/schema\/logo\/image\/\"},\"sameAs\":[\"https:\/\/www.facebook.com\/wirmachenauf\",\"https:\/\/x.com\/WirMachenAuf_de\"]},{\"@type\":\"Person\",\"@id\":\"https:\/\/now-news.de\/de\/#\/schema\/person\/fb534a4e865501d8b3285208df34a9b5\",\"name\":\"rtnews\",\"image\":{\"@type\":\"ImageObject\",\"inLanguage\":\"de\",\"@id\":\"https:\/\/now-news.de\/de\/#\/schema\/person\/image\/\",\"url\":\"https:\/\/secure.gravatar.com\/avatar\/82aafea7d8127119dd649515f56e2117?s=96&d=mm&r=g\",\"contentUrl\":\"https:\/\/secure.gravatar.com\/avatar\/82aafea7d8127119dd649515f56e2117?s=96&d=mm&r=g\",\"caption\":\"rtnews\"},\"url\":\"https:\/\/now-news.de\/de\/author\/rnews\/\"}]}<\/script>\n<!-- \/ Yoast SEO Premium plugin. -->","yoast_head_json":{"title":"Streit um Russland bei den Paralympics - just-now.NEWS Deutschland","robots":{"index":"index","follow":"follow","max-snippet":"max-snippet:-1","max-image-preview":"max-image-preview:large","max-video-preview":"max-video-preview:-1"},"canonical":"https:\/\/now-news.de\/de\/deutschland\/streit-um-russland-bei-den-paralympics\/","og_locale":"de_DE","og_type":"article","og_title":"Streit um Russland bei den Paralympics","og_description":"Nun wird die Emp\u00f6rungmaschine angeworfen, weil russische und wei\u00dfrussische Sportler mit Fahne und Hymne an den Paralympics teilnehmen d\u00fcrfen. Die Entscheidung fiel bereits vergangenen September. Aber noch im Fr\u00fchjahr k\u00f6nnte das IOC \u00fcber eine Aufhebung der Sanktionen abstimmen &#8230; Im September vergangenen Jahres hatte das Internationale Paralympische Komittee die Pose durchbrochen, die viele internationale Sportvereinigungen [&hellip;]","og_url":"https:\/\/now-news.de\/de\/deutschland\/streit-um-russland-bei-den-paralympics\/","og_site_name":"just-now.NEWS Deutschland","article_publisher":"https:\/\/www.facebook.com\/wirmachenauf","article_published_time":"2026-02-19T20:30:04+00:00","og_image":[{"url":"https:\/\/now-news.de\/de\/wp-content\/uploads\/sites\/3\/2026\/02\/69973a58b480cc7845610cd2.jpg"}],"author":"rtnews","twitter_card":"summary_large_image","twitter_creator":"@WirMachenAuf_de","twitter_site":"@WirMachenAuf_de","twitter_misc":{"Verfasst von":"rtnews","Gesch\u00e4tzte Lesezeit":"2\u00a0Minuten"},"schema":{"@context":"https:\/\/schema.org","@graph":[{"@type":"Article","@id":"https:\/\/now-news.de\/de\/deutschland\/streit-um-russland-bei-den-paralympics\/#article","isPartOf":{"@id":"https:\/\/now-news.de\/de\/deutschland\/streit-um-russland-bei-den-paralympics\/"},"author":{"name":"rtnews","@id":"https:\/\/now-news.de\/de\/#\/schema\/person\/fb534a4e865501d8b3285208df34a9b5"},"headline":"Streit um Russland bei den Paralympics","datePublished":"2026-02-19T20:30:04+00:00","dateModified":"2026-02-19T20:30:04+00:00","mainEntityOfPage":{"@id":"https:\/\/now-news.de\/de\/deutschland\/streit-um-russland-bei-den-paralympics\/"},"wordCount":462,"commentCount":0,"publisher":{"@id":"https:\/\/now-news.de\/de\/#organization"},"image":{"@id":"https:\/\/now-news.de\/de\/deutschland\/streit-um-russland-bei-den-paralympics\/#primaryimage"},"thumbnailUrl":"https:\/\/now-news.de\/de\/wp-content\/uploads\/sites\/3\/2026\/02\/Streit-um-Russland-bei-den-Paralympics.jpg","keywords":["bei","den","Paralympics","russland","Streit"],"articleSection":["Deutschland","Russland"],"inLanguage":"de","potentialAction":[{"@type":"CommentAction","name":"Comment","target":["https:\/\/now-news.de\/de\/deutschland\/streit-um-russland-bei-den-paralympics\/#respond"]}]},{"@type":"WebPage","@id":"https:\/\/now-news.de\/de\/deutschland\/streit-um-russland-bei-den-paralympics\/","url":"https:\/\/now-news.de\/de\/deutschland\/streit-um-russland-bei-den-paralympics\/","name":"Streit um Russland bei den Paralympics - just-now.NEWS Deutschland","isPartOf":{"@id":"https:\/\/now-news.de\/de\/#website"},"primaryImageOfPage":{"@id":"https:\/\/now-news.de\/de\/deutschland\/streit-um-russland-bei-den-paralympics\/#primaryimage"},"image":{"@id":"https:\/\/now-news.de\/de\/deutschland\/streit-um-russland-bei-den-paralympics\/#primaryimage"},"thumbnailUrl":"https:\/\/now-news.de\/de\/wp-content\/uploads\/sites\/3\/2026\/02\/Streit-um-Russland-bei-den-Paralympics.jpg","datePublished":"2026-02-19T20:30:04+00:00","dateModified":"2026-02-19T20:30:04+00:00","breadcrumb":{"@id":"https:\/\/now-news.de\/de\/deutschland\/streit-um-russland-bei-den-paralympics\/#breadcrumb"},"inLanguage":"de","potentialAction":[{"@type":"ReadAction","target":["https:\/\/now-news.de\/de\/deutschland\/streit-um-russland-bei-den-paralympics\/"]}]},{"@type":"ImageObject","inLanguage":"de","@id":"https:\/\/now-news.de\/de\/deutschland\/streit-um-russland-bei-den-paralympics\/#primaryimage","url":"https:\/\/now-news.de\/de\/wp-content\/uploads\/sites\/3\/2026\/02\/Streit-um-Russland-bei-den-Paralympics.jpg","contentUrl":"https:\/\/now-news.de\/de\/wp-content\/uploads\/sites\/3\/2026\/02\/Streit-um-Russland-bei-den-Paralympics.jpg","width":460,"height":259,"caption":"Streit um Russland bei den Paralympics"},{"@type":"BreadcrumbList","@id":"https:\/\/now-news.de\/de\/deutschland\/streit-um-russland-bei-den-paralympics\/#breadcrumb","itemListElement":[{"@type":"ListItem","position":1,"name":"Home","item":"https:\/\/now-news.de\/de\/"},{"@type":"ListItem","position":2,"name":"Streit um Russland bei den Paralympics"}]},{"@type":"WebSite","@id":"https:\/\/now-news.de\/de\/#website","url":"https:\/\/now-news.de\/de\/","name":"just-now.NEWS Deutschland","description":"Das Portal f\u00fcr unzensierte Nachrichten aus der Welt","publisher":{"@id":"https:\/\/now-news.de\/de\/#organization"},"potentialAction":[{"@type":"SearchAction","target":{"@type":"EntryPoint","urlTemplate":"https:\/\/now-news.de\/de\/?s={search_term_string}"},"query-input":"required name=search_term_string"}],"inLanguage":"de"},{"@type":"Organization","@id":"https:\/\/now-news.de\/de\/#organization","name":"Just Now News","url":"https:\/\/now-news.de\/de\/","logo":{"@type":"ImageObject","inLanguage":"de","@id":"https:\/\/now-news.de\/de\/#\/schema\/logo\/image\/","url":"http:\/\/just-now.news\/de\/wp-content\/uploads\/sites\/3\/2022\/04\/logo500x500.jpg","contentUrl":"http:\/\/just-now.news\/de\/wp-content\/uploads\/sites\/3\/2022\/04\/logo500x500.jpg","width":500,"height":500,"caption":"Just Now News"},"image":{"@id":"https:\/\/now-news.de\/de\/#\/schema\/logo\/image\/"},"sameAs":["https:\/\/www.facebook.com\/wirmachenauf","https:\/\/x.com\/WirMachenAuf_de"]},{"@type":"Person","@id":"https:\/\/now-news.de\/de\/#\/schema\/person\/fb534a4e865501d8b3285208df34a9b5","name":"rtnews","image":{"@type":"ImageObject","inLanguage":"de","@id":"https:\/\/now-news.de\/de\/#\/schema\/person\/image\/","url":"https:\/\/secure.gravatar.com\/avatar\/82aafea7d8127119dd649515f56e2117?s=96&d=mm&r=g","contentUrl":"https:\/\/secure.gravatar.com\/avatar\/82aafea7d8127119dd649515f56e2117?s=96&d=mm&r=g","caption":"rtnews"},"url":"https:\/\/now-news.de\/de\/author\/rnews\/"}]}},"_links":{"self":[{"href":"https:\/\/now-news.de\/de\/wp-json\/wp\/v2\/posts\/99159"}],"collection":[{"href":"https:\/\/now-news.de\/de\/wp-json\/wp\/v2\/posts"}],"about":[{"href":"https:\/\/now-news.de\/de\/wp-json\/wp\/v2\/types\/post"}],"author":[{"embeddable":true,"href":"https:\/\/now-news.de\/de\/wp-json\/wp\/v2\/users\/3"}],"replies":[{"embeddable":true,"href":"https:\/\/now-news.de\/de\/wp-json\/wp\/v2\/comments?post=99159"}],"version-history":[{"count":0,"href":"https:\/\/now-news.de\/de\/wp-json\/wp\/v2\/posts\/99159\/revisions"}],"wp:featuredmedia":[{"embeddable":true,"href":"https:\/\/now-news.de\/de\/wp-json\/wp\/v2\/media\/99160"}],"wp:attachment":[{"href":"https:\/\/now-news.de\/de\/wp-json\/wp\/v2\/media?parent=99159"}],"wp:term":[{"taxonomy":"category","embeddable":true,"href":"https:\/\/now-news.de\/de\/wp-json\/wp\/v2\/categories?post=99159"},{"taxonomy":"post_tag","embeddable":true,"href":"https:\/\/now-news.de\/de\/wp-json\/wp\/v2\/tags?post=99159"}],"curies":[{"name":"wp","href":"https:\/\/api.w.org\/{rel}","templated":true}]}}