{"id":99101,"date":"2026-02-19T12:33:28","date_gmt":"2026-02-19T10:33:28","guid":{"rendered":"https:\/\/now-news.de\/de\/deutschland\/trotz-anfaenglicher-absagen-nehmen-deutsche-vertreter-teil-trumps-friedensrat-tritt-zusammen\/"},"modified":"2026-02-19T12:33:28","modified_gmt":"2026-02-19T10:33:28","slug":"trotz-anfaenglicher-absagen-nehmen-deutsche-vertreter-teil-trumps-friedensrat-tritt-zusammen","status":"publish","type":"post","link":"https:\/\/now-news.de\/de\/deutschland\/trotz-anfaenglicher-absagen-nehmen-deutsche-vertreter-teil-trumps-friedensrat-tritt-zusammen\/","title":{"rendered":"Trotz anf\u00e4nglicher Absagen nehmen deutsche Vertreter teil: Trumps Friedensrat tritt zusammen"},"content":{"rendered":"<p><img decoding=\"async\" src=\"https:\/\/now-news.de\/de\/wp-content\/uploads\/sites\/3\/2026\/02\/6996cf86b480cc4ae521972a.jpg\" \/><\/p>\n<div class=\"Text-root Text-type_1 \">\n                US-Pr\u00e4sident Donald Trump macht die Au\u00dfenpolitik der USA zunehmend zur Privatangelegenheit, indem er seinen Friedensrat (Board of Peace) zur L\u00f6sung internationaler Konflikte ins Leben gerufen hat. Trotz anf\u00e4nglicher Absagen nehmen auch deutsche Vertreter heute an der ersten Zusammenkunft des Friedensrats teil.\n            <\/div>\n<p><\/p>\n<div class=\"Text-root Text-type_5 ArticleView-text ViewText-root \">\n<p data-start=\"0\" data-end=\"504\">Donald Trump wird am Donnerstag Vertreter aus mehr als zwei Dutzend Staaten in Washington zu einem Auftakttreffen seines &#8220;Friedensrates&#8221;\u00a0zusammenbringen \u2013 darunter L\u00e4nder, die sich dem Gremium angeschlossen haben, ebenso wie einige, die bislang au\u00dfen vor geblieben sind. Im Mittelpunkt der Sitzung stehen der Wiederaufbau des vom Krieg schwer zerst\u00f6rten Gazastreifens sowie die Bildung einer internationalen Stabilisierungsmission. Dort gilt weiterhin eine fragile Waffenruhe.<\/p>\n<p data-start=\"506\" data-end=\"1002\" data-is-last-node=\"\" data-is-only-node=\"\">Bereits im Vorfeld k\u00fcndigte Trump an, dass die Mitgliedstaaten insgesamt f\u00fcnf Milliarden US-Dollar f\u00fcr den Wiederaufbau zugesagt h\u00e4tten. Diese Summe liegt allerdings deutlich unter den gesch\u00e4tzten 70 Milliarden US-Dollar, die f\u00fcr den Wiederaufbau des nach zwei Jahren Krieg weitgehend zerst\u00f6rten pal\u00e4stinensischen Gebiets veranschlagt werden. Zudem sollen die Teilnehmer Zusagen \u00fcber die Entsendung tausender Kr\u00e4fte f\u00fcr internationale Stabilit\u00e4ts- und Polizeimissionen in dem Gebiet bekannt geben.<\/p>\n<p data-start=\"506\" data-end=\"1002\" data-is-last-node=\"\" data-is-only-node=\"\">Gegr\u00fcndet hat der US-Pr\u00e4sident das Gremium vor einem Monat beim Weltwirtschaftsforum in Davos. Den Vorsitz hat er selbst inne. Im Kern soll der Friedensrat globale Konflikte l\u00f6sen. Anders als zun\u00e4chst erwartet, handelt es sich also nicht um ein Gremium, das ausschlie\u00dflich der \u00dcberwachung einer Befriedung des Gazastreifens gewidmet ist.\u00a0Trumps erweiterte Pl\u00e4ne haben Bef\u00fcrchtungen ausgel\u00f6st, dass der US-Pr\u00e4sident ein Gegenst\u00fcck zu\u00a0den UN schaffen wolle. Anfang der Woche erkl\u00e4rte Trump, er hoffe, dass das Board die UN dazu bewegen werde, &#8220;endlich aktiv zu werden&#8221;. &#8220;Die Vereinten Nationen haben gro\u00dfes Potenzial&#8221;, sagte er. &#8220;Sie haben dieses Potenzial bisher nicht ausgesch\u00f6pft.&#8221;<\/p>\n<p data-start=\"506\" data-end=\"1002\" data-is-last-node=\"\" data-is-only-node=\"\">Deutschland lehnte offiziell wie viele andere europ\u00e4ische Staaten eine Beteiligung am Friedensrat ab,\u00a0da dieser als Konkurrenz zu den von Trump kritisierten Vereinten Nationen gesehen werde. An der ersten Zusammenkunft des Gremiums heute wird Deutschland trotzdem auf hoher Beamtenebene teilnehmen, wie in Berlin aus dem Ausw\u00e4rtigen Amt bekannt wurde.<\/p>\n<p data-start=\"0\" data-end=\"505\" data-is-last-node=\"\" data-is-only-node=\"\">Der UN-Sicherheitsrat hielt am Mittwoch eine hochrangige Sitzung zur Waffenruhe im Gazastreifen und zu Israels Bestrebungen, die Kontrolle im Westjordanland auszubauen. Die urspr\u00fcnglich f\u00fcr Donnerstag geplante Sitzung in New York wurde vorverlegt, nachdem Trump das Treffen seines Boards auf dasselbe Datum angek\u00fcndigt hatte und deutlich wurde, dass dies die Reisepl\u00e4ne von Diplomaten, die an beiden Veranstaltungen teilnehmen wollten, erschweren w\u00fcrde.<\/p>\n<p data-start=\"0\" data-end=\"316\">Der Vatikan erkl\u00e4rte Anfang der Woche, dass nach Auffassung von Kardinal Pietro Parolin &#8220;auf internationaler Ebene vor allem die United Nations solche Krisensituationen managen sollte&#8221;. Auf die Bedenken des Vatikans reagierte die Trump-Administration am Mittwoch mit Nachdruck.<\/p>\n<p data-start=\"318\" data-end=\"613\">&#8220;Dieser Pr\u00e4sident verfolgt einen sehr mutigen und ambitionierten Plan f\u00fcr den Wiederaufbau von Gaza, der dank des Board of Peace bereits gut voranschreitet&#8221;, erkl\u00e4rte Karoline Leavitt. &#8220;Das ist eine legitime Organisation mit Dutzenden von Mitgliedsstaaten aus aller Welt.&#8221;<\/p>\n<p data-start=\"615\" data-end=\"807\" data-is-last-node=\"\" data-is-only-node=\"\">Auch der US-Botschafter bei den Vereinten Nationen, Mike Waltz, wies kritische Stimmen unter den Verb\u00fcndeten zur\u00fcck und betonte: Das Board &#8220;redet nicht, es handelt&#8221;.<\/p>\n<p data-start=\"615\" data-end=\"807\" data-is-last-node=\"\" data-is-only-node=\"\"><strong>Mehr zum Thema<\/strong>\u00a0\u2013\u00a0<a rel=\"nofollow noopener\" target=\"_blank\" href=\"https:\/\/freedert.online\/meinung\/268671-friedensrat-durch-kraft\/\">Friedensrat durch Kraft<\/a><\/p>\n<div class=\"EmbedBlock-root EmbedBlock-externalVideo EmbedBlock-rumble\">\n<div class=\"VkEmbed\"><iframe class=\"lazyload\" data-src=\"https:\/\/rumble.com\/embed\/v73osog\" frameborder=\"0\" width=\"853\" height=\"480\" allowfullscreen><\/iframe><\/div>\n<\/div>\n<\/div>\n<p><br \/>\n<br \/><a href=\"https:\/\/de.rt.com\/der-nahe-osten\/270609-trotz-anfaenglicher-absagen-nehmen-deutsche\/\">Source link <\/a><\/p>\n","protected":false},"excerpt":{"rendered":"<p>US-Pr\u00e4sident Donald Trump macht die Au\u00dfenpolitik der USA zunehmend zur Privatangelegenheit, indem er seinen Friedensrat (Board of Peace) zur L\u00f6sung internationaler Konflikte ins Leben gerufen hat. Trotz anf\u00e4nglicher Absagen nehmen auch deutsche Vertreter heute an der ersten Zusammenkunft des Friedensrats teil. Donald Trump wird am Donnerstag Vertreter aus mehr als zwei Dutzend Staaten in Washington [&hellip;]<\/p>\n","protected":false},"author":3,"featured_media":99102,"comment_status":"open","ping_status":"open","sticky":false,"template":"","format":"standard","meta":{"_yoast_indexnow_last_ping":["1771497698"],"wp_automatic_camp":["217"],"3100854f28d470406c36bb6c5cbeb055":["Trotz anf\u00e4nglicher Absagen nehmen deutsche Vertreter teil: Trumps Friedensrat tritt zusammen"],"original_link":["https:\/\/de.rt.com\/der-nahe-osten\/270609-trotz-anfaenglicher-absagen-nehmen-deutsche\/"],"_thumbnail_id":["99102"],"_wptgpro_p2tg_sent2tg":["a:1:{i:23737;s:19:\"2026-02-19 12:42:39\";}"],"jnews_social_counter_last_update":["1777582375"]},"categories":[19,23],"tags":[40782,71317,2374,49512,7299,3240,3470,1381,317,20016,6580],"yoast_head":"<!-- This site is optimized with the Yoast SEO Premium plugin v22.7 (Yoast SEO v22.7) - https:\/\/yoast.com\/wordpress\/plugins\/seo\/ -->\n<title>Trotz anf\u00e4nglicher Absagen nehmen deutsche Vertreter teil: Trumps Friedensrat tritt zusammen - just-now.NEWS Deutschland<\/title>\n<meta name=\"robots\" content=\"index, follow, max-snippet:-1, max-image-preview:large, max-video-preview:-1\" \/>\n<link rel=\"canonical\" href=\"https:\/\/now-news.de\/de\/deutschland\/trotz-anfaenglicher-absagen-nehmen-deutsche-vertreter-teil-trumps-friedensrat-tritt-zusammen\/\" \/>\n<meta property=\"og:locale\" content=\"de_DE\" \/>\n<meta property=\"og:type\" content=\"article\" \/>\n<meta property=\"og:title\" content=\"Trotz anf\u00e4nglicher Absagen nehmen deutsche Vertreter teil: Trumps Friedensrat tritt zusammen\" \/>\n<meta property=\"og:description\" content=\"US-Pr\u00e4sident Donald Trump macht die Au\u00dfenpolitik der USA zunehmend zur Privatangelegenheit, indem er seinen Friedensrat (Board of Peace) zur L\u00f6sung internationaler Konflikte ins Leben gerufen hat. Trotz anf\u00e4nglicher Absagen nehmen auch deutsche Vertreter heute an der ersten Zusammenkunft des Friedensrats teil. Donald Trump wird am Donnerstag Vertreter aus mehr als zwei Dutzend Staaten in Washington [&hellip;]\" \/>\n<meta property=\"og:url\" content=\"https:\/\/now-news.de\/de\/deutschland\/trotz-anfaenglicher-absagen-nehmen-deutsche-vertreter-teil-trumps-friedensrat-tritt-zusammen\/\" \/>\n<meta property=\"og:site_name\" content=\"just-now.NEWS Deutschland\" \/>\n<meta property=\"article:publisher\" content=\"https:\/\/www.facebook.com\/wirmachenauf\" \/>\n<meta property=\"article:published_time\" content=\"2026-02-19T10:33:28+00:00\" \/>\n<meta property=\"og:image\" content=\"https:\/\/now-news.de\/de\/wp-content\/uploads\/sites\/3\/2026\/02\/6996cf86b480cc4ae521972a.jpg\" \/>\n<meta name=\"author\" content=\"rtnews\" \/>\n<meta name=\"twitter:card\" content=\"summary_large_image\" \/>\n<meta name=\"twitter:creator\" content=\"@WirMachenAuf_de\" \/>\n<meta name=\"twitter:site\" content=\"@WirMachenAuf_de\" \/>\n<meta name=\"twitter:label1\" content=\"Verfasst von\" \/>\n\t<meta name=\"twitter:data1\" content=\"rtnews\" \/>\n\t<meta name=\"twitter:label2\" content=\"Gesch\u00e4tzte Lesezeit\" \/>\n\t<meta name=\"twitter:data2\" content=\"3\u00a0Minuten\" \/>\n<script type=\"application\/ld+json\" class=\"yoast-schema-graph\">{\"@context\":\"https:\/\/schema.org\",\"@graph\":[{\"@type\":\"Article\",\"@id\":\"https:\/\/now-news.de\/de\/deutschland\/trotz-anfaenglicher-absagen-nehmen-deutsche-vertreter-teil-trumps-friedensrat-tritt-zusammen\/#article\",\"isPartOf\":{\"@id\":\"https:\/\/now-news.de\/de\/deutschland\/trotz-anfaenglicher-absagen-nehmen-deutsche-vertreter-teil-trumps-friedensrat-tritt-zusammen\/\"},\"author\":{\"name\":\"rtnews\",\"@id\":\"https:\/\/now-news.de\/de\/#\/schema\/person\/fb534a4e865501d8b3285208df34a9b5\"},\"headline\":\"Trotz anf\u00e4nglicher Absagen nehmen deutsche Vertreter teil: Trumps Friedensrat tritt zusammen\",\"datePublished\":\"2026-02-19T10:33:28+00:00\",\"dateModified\":\"2026-02-19T10:33:28+00:00\",\"mainEntityOfPage\":{\"@id\":\"https:\/\/now-news.de\/de\/deutschland\/trotz-anfaenglicher-absagen-nehmen-deutsche-vertreter-teil-trumps-friedensrat-tritt-zusammen\/\"},\"wordCount\":538,\"commentCount\":0,\"publisher\":{\"@id\":\"https:\/\/now-news.de\/de\/#organization\"},\"image\":{\"@id\":\"https:\/\/now-news.de\/de\/deutschland\/trotz-anfaenglicher-absagen-nehmen-deutsche-vertreter-teil-trumps-friedensrat-tritt-zusammen\/#primaryimage\"},\"thumbnailUrl\":\"https:\/\/now-news.de\/de\/wp-content\/uploads\/sites\/3\/2026\/02\/Trotz-anfaenglicher-Absagen-nehmen-deutsche-Vertreter-teil-Trumps-Friedensrat-tritt.jpg\",\"keywords\":[\"Absagen\",\"anf\u00e4nglicher\",\"Deutsche\",\"Friedensrat\",\"nehmen\",\"Teil\",\"tritt\",\"Trotz\",\"Trumps\",\"Vertreter\",\"zusammen\"],\"articleSection\":[\"Deutschland\",\"Russland\"],\"inLanguage\":\"de\",\"potentialAction\":[{\"@type\":\"CommentAction\",\"name\":\"Comment\",\"target\":[\"https:\/\/now-news.de\/de\/deutschland\/trotz-anfaenglicher-absagen-nehmen-deutsche-vertreter-teil-trumps-friedensrat-tritt-zusammen\/#respond\"]}]},{\"@type\":\"WebPage\",\"@id\":\"https:\/\/now-news.de\/de\/deutschland\/trotz-anfaenglicher-absagen-nehmen-deutsche-vertreter-teil-trumps-friedensrat-tritt-zusammen\/\",\"url\":\"https:\/\/now-news.de\/de\/deutschland\/trotz-anfaenglicher-absagen-nehmen-deutsche-vertreter-teil-trumps-friedensrat-tritt-zusammen\/\",\"name\":\"Trotz anf\u00e4nglicher Absagen nehmen deutsche Vertreter teil: Trumps Friedensrat tritt zusammen - just-now.NEWS Deutschland\",\"isPartOf\":{\"@id\":\"https:\/\/now-news.de\/de\/#website\"},\"primaryImageOfPage\":{\"@id\":\"https:\/\/now-news.de\/de\/deutschland\/trotz-anfaenglicher-absagen-nehmen-deutsche-vertreter-teil-trumps-friedensrat-tritt-zusammen\/#primaryimage\"},\"image\":{\"@id\":\"https:\/\/now-news.de\/de\/deutschland\/trotz-anfaenglicher-absagen-nehmen-deutsche-vertreter-teil-trumps-friedensrat-tritt-zusammen\/#primaryimage\"},\"thumbnailUrl\":\"https:\/\/now-news.de\/de\/wp-content\/uploads\/sites\/3\/2026\/02\/Trotz-anfaenglicher-Absagen-nehmen-deutsche-Vertreter-teil-Trumps-Friedensrat-tritt.jpg\",\"datePublished\":\"2026-02-19T10:33:28+00:00\",\"dateModified\":\"2026-02-19T10:33:28+00:00\",\"breadcrumb\":{\"@id\":\"https:\/\/now-news.de\/de\/deutschland\/trotz-anfaenglicher-absagen-nehmen-deutsche-vertreter-teil-trumps-friedensrat-tritt-zusammen\/#breadcrumb\"},\"inLanguage\":\"de\",\"potentialAction\":[{\"@type\":\"ReadAction\",\"target\":[\"https:\/\/now-news.de\/de\/deutschland\/trotz-anfaenglicher-absagen-nehmen-deutsche-vertreter-teil-trumps-friedensrat-tritt-zusammen\/\"]}]},{\"@type\":\"ImageObject\",\"inLanguage\":\"de\",\"@id\":\"https:\/\/now-news.de\/de\/deutschland\/trotz-anfaenglicher-absagen-nehmen-deutsche-vertreter-teil-trumps-friedensrat-tritt-zusammen\/#primaryimage\",\"url\":\"https:\/\/now-news.de\/de\/wp-content\/uploads\/sites\/3\/2026\/02\/Trotz-anfaenglicher-Absagen-nehmen-deutsche-Vertreter-teil-Trumps-Friedensrat-tritt.jpg\",\"contentUrl\":\"https:\/\/now-news.de\/de\/wp-content\/uploads\/sites\/3\/2026\/02\/Trotz-anfaenglicher-Absagen-nehmen-deutsche-Vertreter-teil-Trumps-Friedensrat-tritt.jpg\",\"width\":460,\"height\":259,\"caption\":\"Trotz anf\u00e4nglicher Absagen nehmen deutsche Vertreter teil: Trumps Friedensrat tritt zusammen\"},{\"@type\":\"BreadcrumbList\",\"@id\":\"https:\/\/now-news.de\/de\/deutschland\/trotz-anfaenglicher-absagen-nehmen-deutsche-vertreter-teil-trumps-friedensrat-tritt-zusammen\/#breadcrumb\",\"itemListElement\":[{\"@type\":\"ListItem\",\"position\":1,\"name\":\"Home\",\"item\":\"https:\/\/now-news.de\/de\/\"},{\"@type\":\"ListItem\",\"position\":2,\"name\":\"Trotz anf\u00e4nglicher Absagen nehmen deutsche Vertreter teil: Trumps Friedensrat tritt zusammen\"}]},{\"@type\":\"WebSite\",\"@id\":\"https:\/\/now-news.de\/de\/#website\",\"url\":\"https:\/\/now-news.de\/de\/\",\"name\":\"just-now.NEWS Deutschland\",\"description\":\"Das Portal f\u00fcr unzensierte Nachrichten aus der Welt\",\"publisher\":{\"@id\":\"https:\/\/now-news.de\/de\/#organization\"},\"potentialAction\":[{\"@type\":\"SearchAction\",\"target\":{\"@type\":\"EntryPoint\",\"urlTemplate\":\"https:\/\/now-news.de\/de\/?s={search_term_string}\"},\"query-input\":\"required name=search_term_string\"}],\"inLanguage\":\"de\"},{\"@type\":\"Organization\",\"@id\":\"https:\/\/now-news.de\/de\/#organization\",\"name\":\"Just Now News\",\"url\":\"https:\/\/now-news.de\/de\/\",\"logo\":{\"@type\":\"ImageObject\",\"inLanguage\":\"de\",\"@id\":\"https:\/\/now-news.de\/de\/#\/schema\/logo\/image\/\",\"url\":\"http:\/\/just-now.news\/de\/wp-content\/uploads\/sites\/3\/2022\/04\/logo500x500.jpg\",\"contentUrl\":\"http:\/\/just-now.news\/de\/wp-content\/uploads\/sites\/3\/2022\/04\/logo500x500.jpg\",\"width\":500,\"height\":500,\"caption\":\"Just Now News\"},\"image\":{\"@id\":\"https:\/\/now-news.de\/de\/#\/schema\/logo\/image\/\"},\"sameAs\":[\"https:\/\/www.facebook.com\/wirmachenauf\",\"https:\/\/x.com\/WirMachenAuf_de\"]},{\"@type\":\"Person\",\"@id\":\"https:\/\/now-news.de\/de\/#\/schema\/person\/fb534a4e865501d8b3285208df34a9b5\",\"name\":\"rtnews\",\"image\":{\"@type\":\"ImageObject\",\"inLanguage\":\"de\",\"@id\":\"https:\/\/now-news.de\/de\/#\/schema\/person\/image\/\",\"url\":\"https:\/\/secure.gravatar.com\/avatar\/82aafea7d8127119dd649515f56e2117?s=96&d=mm&r=g\",\"contentUrl\":\"https:\/\/secure.gravatar.com\/avatar\/82aafea7d8127119dd649515f56e2117?s=96&d=mm&r=g\",\"caption\":\"rtnews\"},\"url\":\"https:\/\/now-news.de\/de\/author\/rnews\/\"}]}<\/script>\n<!-- \/ Yoast SEO Premium plugin. -->","yoast_head_json":{"title":"Trotz anf\u00e4nglicher Absagen nehmen deutsche Vertreter teil: Trumps Friedensrat tritt zusammen - just-now.NEWS Deutschland","robots":{"index":"index","follow":"follow","max-snippet":"max-snippet:-1","max-image-preview":"max-image-preview:large","max-video-preview":"max-video-preview:-1"},"canonical":"https:\/\/now-news.de\/de\/deutschland\/trotz-anfaenglicher-absagen-nehmen-deutsche-vertreter-teil-trumps-friedensrat-tritt-zusammen\/","og_locale":"de_DE","og_type":"article","og_title":"Trotz anf\u00e4nglicher Absagen nehmen deutsche Vertreter teil: Trumps Friedensrat tritt zusammen","og_description":"US-Pr\u00e4sident Donald Trump macht die Au\u00dfenpolitik der USA zunehmend zur Privatangelegenheit, indem er seinen Friedensrat (Board of Peace) zur L\u00f6sung internationaler Konflikte ins Leben gerufen hat. Trotz anf\u00e4nglicher Absagen nehmen auch deutsche Vertreter heute an der ersten Zusammenkunft des Friedensrats teil. Donald Trump wird am Donnerstag Vertreter aus mehr als zwei Dutzend Staaten in Washington [&hellip;]","og_url":"https:\/\/now-news.de\/de\/deutschland\/trotz-anfaenglicher-absagen-nehmen-deutsche-vertreter-teil-trumps-friedensrat-tritt-zusammen\/","og_site_name":"just-now.NEWS Deutschland","article_publisher":"https:\/\/www.facebook.com\/wirmachenauf","article_published_time":"2026-02-19T10:33:28+00:00","og_image":[{"url":"https:\/\/now-news.de\/de\/wp-content\/uploads\/sites\/3\/2026\/02\/6996cf86b480cc4ae521972a.jpg"}],"author":"rtnews","twitter_card":"summary_large_image","twitter_creator":"@WirMachenAuf_de","twitter_site":"@WirMachenAuf_de","twitter_misc":{"Verfasst von":"rtnews","Gesch\u00e4tzte Lesezeit":"3\u00a0Minuten"},"schema":{"@context":"https:\/\/schema.org","@graph":[{"@type":"Article","@id":"https:\/\/now-news.de\/de\/deutschland\/trotz-anfaenglicher-absagen-nehmen-deutsche-vertreter-teil-trumps-friedensrat-tritt-zusammen\/#article","isPartOf":{"@id":"https:\/\/now-news.de\/de\/deutschland\/trotz-anfaenglicher-absagen-nehmen-deutsche-vertreter-teil-trumps-friedensrat-tritt-zusammen\/"},"author":{"name":"rtnews","@id":"https:\/\/now-news.de\/de\/#\/schema\/person\/fb534a4e865501d8b3285208df34a9b5"},"headline":"Trotz anf\u00e4nglicher Absagen nehmen deutsche Vertreter teil: Trumps Friedensrat tritt zusammen","datePublished":"2026-02-19T10:33:28+00:00","dateModified":"2026-02-19T10:33:28+00:00","mainEntityOfPage":{"@id":"https:\/\/now-news.de\/de\/deutschland\/trotz-anfaenglicher-absagen-nehmen-deutsche-vertreter-teil-trumps-friedensrat-tritt-zusammen\/"},"wordCount":538,"commentCount":0,"publisher":{"@id":"https:\/\/now-news.de\/de\/#organization"},"image":{"@id":"https:\/\/now-news.de\/de\/deutschland\/trotz-anfaenglicher-absagen-nehmen-deutsche-vertreter-teil-trumps-friedensrat-tritt-zusammen\/#primaryimage"},"thumbnailUrl":"https:\/\/now-news.de\/de\/wp-content\/uploads\/sites\/3\/2026\/02\/Trotz-anfaenglicher-Absagen-nehmen-deutsche-Vertreter-teil-Trumps-Friedensrat-tritt.jpg","keywords":["Absagen","anf\u00e4nglicher","Deutsche","Friedensrat","nehmen","Teil","tritt","Trotz","Trumps","Vertreter","zusammen"],"articleSection":["Deutschland","Russland"],"inLanguage":"de","potentialAction":[{"@type":"CommentAction","name":"Comment","target":["https:\/\/now-news.de\/de\/deutschland\/trotz-anfaenglicher-absagen-nehmen-deutsche-vertreter-teil-trumps-friedensrat-tritt-zusammen\/#respond"]}]},{"@type":"WebPage","@id":"https:\/\/now-news.de\/de\/deutschland\/trotz-anfaenglicher-absagen-nehmen-deutsche-vertreter-teil-trumps-friedensrat-tritt-zusammen\/","url":"https:\/\/now-news.de\/de\/deutschland\/trotz-anfaenglicher-absagen-nehmen-deutsche-vertreter-teil-trumps-friedensrat-tritt-zusammen\/","name":"Trotz anf\u00e4nglicher Absagen nehmen deutsche Vertreter teil: Trumps Friedensrat tritt zusammen - just-now.NEWS Deutschland","isPartOf":{"@id":"https:\/\/now-news.de\/de\/#website"},"primaryImageOfPage":{"@id":"https:\/\/now-news.de\/de\/deutschland\/trotz-anfaenglicher-absagen-nehmen-deutsche-vertreter-teil-trumps-friedensrat-tritt-zusammen\/#primaryimage"},"image":{"@id":"https:\/\/now-news.de\/de\/deutschland\/trotz-anfaenglicher-absagen-nehmen-deutsche-vertreter-teil-trumps-friedensrat-tritt-zusammen\/#primaryimage"},"thumbnailUrl":"https:\/\/now-news.de\/de\/wp-content\/uploads\/sites\/3\/2026\/02\/Trotz-anfaenglicher-Absagen-nehmen-deutsche-Vertreter-teil-Trumps-Friedensrat-tritt.jpg","datePublished":"2026-02-19T10:33:28+00:00","dateModified":"2026-02-19T10:33:28+00:00","breadcrumb":{"@id":"https:\/\/now-news.de\/de\/deutschland\/trotz-anfaenglicher-absagen-nehmen-deutsche-vertreter-teil-trumps-friedensrat-tritt-zusammen\/#breadcrumb"},"inLanguage":"de","potentialAction":[{"@type":"ReadAction","target":["https:\/\/now-news.de\/de\/deutschland\/trotz-anfaenglicher-absagen-nehmen-deutsche-vertreter-teil-trumps-friedensrat-tritt-zusammen\/"]}]},{"@type":"ImageObject","inLanguage":"de","@id":"https:\/\/now-news.de\/de\/deutschland\/trotz-anfaenglicher-absagen-nehmen-deutsche-vertreter-teil-trumps-friedensrat-tritt-zusammen\/#primaryimage","url":"https:\/\/now-news.de\/de\/wp-content\/uploads\/sites\/3\/2026\/02\/Trotz-anfaenglicher-Absagen-nehmen-deutsche-Vertreter-teil-Trumps-Friedensrat-tritt.jpg","contentUrl":"https:\/\/now-news.de\/de\/wp-content\/uploads\/sites\/3\/2026\/02\/Trotz-anfaenglicher-Absagen-nehmen-deutsche-Vertreter-teil-Trumps-Friedensrat-tritt.jpg","width":460,"height":259,"caption":"Trotz anf\u00e4nglicher Absagen nehmen deutsche Vertreter teil: Trumps Friedensrat tritt zusammen"},{"@type":"BreadcrumbList","@id":"https:\/\/now-news.de\/de\/deutschland\/trotz-anfaenglicher-absagen-nehmen-deutsche-vertreter-teil-trumps-friedensrat-tritt-zusammen\/#breadcrumb","itemListElement":[{"@type":"ListItem","position":1,"name":"Home","item":"https:\/\/now-news.de\/de\/"},{"@type":"ListItem","position":2,"name":"Trotz anf\u00e4nglicher Absagen nehmen deutsche Vertreter teil: Trumps Friedensrat tritt zusammen"}]},{"@type":"WebSite","@id":"https:\/\/now-news.de\/de\/#website","url":"https:\/\/now-news.de\/de\/","name":"just-now.NEWS Deutschland","description":"Das Portal f\u00fcr unzensierte Nachrichten aus der Welt","publisher":{"@id":"https:\/\/now-news.de\/de\/#organization"},"potentialAction":[{"@type":"SearchAction","target":{"@type":"EntryPoint","urlTemplate":"https:\/\/now-news.de\/de\/?s={search_term_string}"},"query-input":"required name=search_term_string"}],"inLanguage":"de"},{"@type":"Organization","@id":"https:\/\/now-news.de\/de\/#organization","name":"Just Now News","url":"https:\/\/now-news.de\/de\/","logo":{"@type":"ImageObject","inLanguage":"de","@id":"https:\/\/now-news.de\/de\/#\/schema\/logo\/image\/","url":"http:\/\/just-now.news\/de\/wp-content\/uploads\/sites\/3\/2022\/04\/logo500x500.jpg","contentUrl":"http:\/\/just-now.news\/de\/wp-content\/uploads\/sites\/3\/2022\/04\/logo500x500.jpg","width":500,"height":500,"caption":"Just Now News"},"image":{"@id":"https:\/\/now-news.de\/de\/#\/schema\/logo\/image\/"},"sameAs":["https:\/\/www.facebook.com\/wirmachenauf","https:\/\/x.com\/WirMachenAuf_de"]},{"@type":"Person","@id":"https:\/\/now-news.de\/de\/#\/schema\/person\/fb534a4e865501d8b3285208df34a9b5","name":"rtnews","image":{"@type":"ImageObject","inLanguage":"de","@id":"https:\/\/now-news.de\/de\/#\/schema\/person\/image\/","url":"https:\/\/secure.gravatar.com\/avatar\/82aafea7d8127119dd649515f56e2117?s=96&d=mm&r=g","contentUrl":"https:\/\/secure.gravatar.com\/avatar\/82aafea7d8127119dd649515f56e2117?s=96&d=mm&r=g","caption":"rtnews"},"url":"https:\/\/now-news.de\/de\/author\/rnews\/"}]}},"_links":{"self":[{"href":"https:\/\/now-news.de\/de\/wp-json\/wp\/v2\/posts\/99101"}],"collection":[{"href":"https:\/\/now-news.de\/de\/wp-json\/wp\/v2\/posts"}],"about":[{"href":"https:\/\/now-news.de\/de\/wp-json\/wp\/v2\/types\/post"}],"author":[{"embeddable":true,"href":"https:\/\/now-news.de\/de\/wp-json\/wp\/v2\/users\/3"}],"replies":[{"embeddable":true,"href":"https:\/\/now-news.de\/de\/wp-json\/wp\/v2\/comments?post=99101"}],"version-history":[{"count":0,"href":"https:\/\/now-news.de\/de\/wp-json\/wp\/v2\/posts\/99101\/revisions"}],"wp:featuredmedia":[{"embeddable":true,"href":"https:\/\/now-news.de\/de\/wp-json\/wp\/v2\/media\/99102"}],"wp:attachment":[{"href":"https:\/\/now-news.de\/de\/wp-json\/wp\/v2\/media?parent=99101"}],"wp:term":[{"taxonomy":"category","embeddable":true,"href":"https:\/\/now-news.de\/de\/wp-json\/wp\/v2\/categories?post=99101"},{"taxonomy":"post_tag","embeddable":true,"href":"https:\/\/now-news.de\/de\/wp-json\/wp\/v2\/tags?post=99101"}],"curies":[{"name":"wp","href":"https:\/\/api.w.org\/{rel}","templated":true}]}}