{"id":9910,"date":"2022-06-05T20:09:00","date_gmt":"2022-06-05T18:09:00","guid":{"rendered":"http:\/\/just-now.news\/de\/usa\/richter-im-ruhestand-in-seinem-haus-in-wisconsin-bei-einem-gezielten-angriff-gefesselt-und-getoetet\/"},"modified":"2022-06-05T20:09:00","modified_gmt":"2022-06-05T18:09:00","slug":"richter-im-ruhestand-in-seinem-haus-in-wisconsin-bei-einem-gezielten-angriff-gefesselt-und-getoetet","status":"publish","type":"post","link":"https:\/\/now-news.de\/de\/usa\/richter-im-ruhestand-in-seinem-haus-in-wisconsin-bei-einem-gezielten-angriff-gefesselt-und-getoetet\/","title":{"rendered":"Richter im Ruhestand in seinem Haus in Wisconsin bei einem gezielten Angriff gefesselt und get\u00f6tet"},"content":{"rendered":"<div class=\"entry-content\">\n<p><\/p>\n<p>Ein pensionierter Bezirksrichter wurde am Freitag in seinem Haus in Wisconsin gefesselt und get\u00f6tet.<\/p>\n<p>Der Generalstaatsanwalt von Wisconsin, Josh Kaul, sagte, die Erschie\u00dfung des pensionierten Richters von Juneau County, John Roemer, sei eine \u201egezielte Tat\u201c gewesen.<\/p>\n<div id=\"IC1-ad\" class=\"sponsor IC1\">\n<p class=\"ad-notice flipboard-remove\" fl:fl-noexcerpt=\"true\">Werbung \u2013 die Geschichte geht unten weiter<\/p>\n<div id=\"IC1\">\n<script>\n\t\t\t\t\tif( FFADS.units.IC1 && FFADS.units.IC1.ad_type == 'custom' && FFADS.units.IC1.custom_ads && ! getCookie( 'ff_subbed' ) ) {\n\t\t\t\t\t\tdocument.getElementById( 'IC1' ).innerHTML = FFADS.units.IC1.custom_ads[0].code;\n\t\t\t\t\t\tif( ! FFADS.units.IC1.lazy_load ) eval( FFADS.units.IC1.custom_ads[0].rendering_script );\n\t\t\t\t\t}\n\t\t\t\t\telse if( FFADS.units.IC1 && ! getCookie( 'ff_subbed' ) ) {\n\t\t\t\t\t\tif( 'IC' != 'SB' && 'IC' != 'SA' && FFADS.use_fixed_containers ) {\n\t\t\t\t\t\t\tlet max_wh = firefly_size_list_to_max_wh( FFADS.units.IC1.sizes );\n\t\t\t\t\t\t\tlet el = document.querySelector( '#IC1' );\n\t\t\t\t\t\t\tif( 'IC' != 'SA' && FFADS.slide_pixels ) {\n\t\t\t\t\t\t\t\tmax_wh[1] += parseInt( FFADS.slide_pixels );\n\t\t\t\t\t\t\t\tel.classList.add( 'sliding' );\n\t\t\t\t\t\t\t}\n\t\t\t\t\t\t\tel.style.width = max_wh[0] + 'px';\n\t\t\t\t\t\t\tel.style.height = max_wh[1] + 'px';\n\t\t\t\t\t\t\tel.classList.add( 'fixed-size' );\n\t\t\t\t\t\t}\n\t\t\t\t\t\tgoogletag.cmd.push( function() {\n\t\t\t\t\t\t\tFFADS.debug( 'googletag.displaying IC1' );\n\t\t\t\t\t\t\tgoogletag.display( 'IC1' );\n\t\t\t\t\t\t} );\n\t\t\t\t\t}\n\t\t\t\t\telse {\n\t\t\t\t\t\tdocument.querySelector( '#IC1-ad' ).style.display = 'none';}\n\t\t\t\t<\/script><\/div>\n<\/div>\n<p>Der mutma\u00dfliche Sch\u00fctze, der als Douglas Uhde, 56, identifiziert wurde, hatte eine \u201eAbschussliste\u201c, die den Gouverneur von Michigan, Whitmer, Senator McConnell und den Gouverneur von Wisconsin, Tony Evers, umfasste.<\/p>\n<p><img decoding=\"async\" loading=\"lazy\" src=\"http:\/\/just-now.news\/de\/wp-content\/uploads\/sites\/3\/2022\/06\/1654453349_753_Richter-im-Ruhestand-in-seinem-Haus-in-Wisconsin-bei-einem.jpg\" alt=\"\" width=\"1169\" height=\"638\" class=\"alignnone size-full wp-image-741497\"><em>Douglas Ude<em><\/em><\/em><\/p>\n<p><script>\n\t\t\t\t\tif( ! getCookie( 'ff_subbed' ) ) if( typeof FFADS.replace_ict != 'undefined' ) if( FFADS.replace_ict ) eval( FFADS.replace_ict );\n\t\t\t\t<\/script><\/p>\n<p>Douglas Uhde wurde mit einer selbst zugef\u00fcgten Schusswunde im Keller des Hauses von Richter Roemer gefunden.<\/p>\n<p>Uhde befindet sich in einem kritischen Zustand, sagte der FBI.<\/p>\n<div id=\"IC2-ad\" class=\"sponsor IC2\">\n<p class=\"ad-notice flipboard-remove\" fl:fl-noexcerpt=\"true\">Werbung \u2013 die Geschichte geht unten weiter<\/p>\n<div id=\"IC2\">\n<script>\n\t\t\t\t\tif( FFADS.units.IC2 && FFADS.units.IC2.ad_type == 'custom' && FFADS.units.IC2.custom_ads && ! getCookie( 'ff_subbed' ) ) {\n\t\t\t\t\t\tdocument.getElementById( 'IC2' ).innerHTML = FFADS.units.IC2.custom_ads[0].code;\n\t\t\t\t\t\tif( ! FFADS.units.IC2.lazy_load ) eval( FFADS.units.IC2.custom_ads[0].rendering_script );\n\t\t\t\t\t}\n\t\t\t\t\telse if( FFADS.units.IC2 && ! getCookie( 'ff_subbed' ) ) {\n\t\t\t\t\t\tif( 'IC' != 'SB' && 'IC' != 'SA' && FFADS.use_fixed_containers ) {\n\t\t\t\t\t\t\tlet max_wh = firefly_size_list_to_max_wh( FFADS.units.IC2.sizes );\n\t\t\t\t\t\t\tlet el = document.querySelector( '#IC2' );\n\t\t\t\t\t\t\tif( 'IC' != 'SA' && FFADS.slide_pixels ) {\n\t\t\t\t\t\t\t\tmax_wh[1] += parseInt( FFADS.slide_pixels );\n\t\t\t\t\t\t\t\tel.classList.add( 'sliding' );\n\t\t\t\t\t\t\t}\n\t\t\t\t\t\t\tel.style.width = max_wh[0] + 'px';\n\t\t\t\t\t\t\tel.style.height = max_wh[1] + 'px';\n\t\t\t\t\t\t\tel.classList.add( 'fixed-size' );\n\t\t\t\t\t\t}\n\t\t\t\t\t\tgoogletag.cmd.push( function() {\n\t\t\t\t\t\t\tFFADS.debug( 'googletag.displaying IC2' );\n\t\t\t\t\t\t\tgoogletag.display( 'IC2' );\n\t\t\t\t\t\t} );\n\t\t\t\t\t}\n\t\t\t\t\telse {\n\t\t\t\t\t\tdocument.querySelector( '#IC2-ad' ).style.display = 'none';}\n\t\t\t\t<\/script><\/div>\n<\/div>\n<p>NBC Chicago berichtete:<\/p>\n<blockquote>\n<p>Ein Sch\u00fctze, der verd\u00e4chtigt wird, einen pensionierten Bezirksrichter in einem Haus in Wisconsin t\u00f6dlich erschossen zu haben, hatte eine Liste, die die Gouverneurin von Michigan, Gretchen Whitmer, den Minderheitsf\u00fchrer im Senat, Mitch McConnell, und den Gouverneur von Wisconsin, Tony Evers, enthielt, Whitmers B\u00fcro und eine Quelle der Strafverfolgungsbeh\u00f6rden sagten am Samstag.<\/p>\n<p>Douglas K. Uhde, 56, der nicht angeklagt wurde, wird verd\u00e4chtigt, am Freitag den pensionierten Richter John Roemer aus Juneau County in Roemers Haus in New Lisbon get\u00f6tet zu haben, teilte das Justizministerium von Wisconsin am Samstag in einer Pressemitteilung mit.<\/p>\n<p>Der Sch\u00fctze wurde im Keller des Hauses mit einer selbst zugef\u00fcgten Schusswunde gefunden, nachdem die Polizei versucht hatte, mit ihm zu verhandeln.  Er wird in kritischem Zustand ins Krankenhaus eingeliefert, sagten DOJ-Beamte.<\/p>\n<p>Roemer wurde in seinem Haus an einen Stuhl gefesselt gefunden und t\u00f6dlich erschossen, sagte der Beamte.  Der Beamte konnte Einzelheiten der Untersuchung nicht \u00f6ffentlich diskutieren und sprach unter der Bedingung der Anonymit\u00e4t mit The Associated Press.<\/p>\n<div id=\"IC3-ad\" class=\"sponsor IC3\">\n<p class=\"ad-notice flipboard-remove\" fl:fl-noexcerpt=\"true\">Werbung \u2013 die Geschichte geht unten weiter<\/p>\n<div id=\"IC3\">\n<script>\n\t\t\t\t\tif( FFADS.units.IC3 && FFADS.units.IC3.ad_type == 'custom' && FFADS.units.IC3.custom_ads && ! getCookie( 'ff_subbed' ) ) {\n\t\t\t\t\t\tdocument.getElementById( 'IC3' ).innerHTML = FFADS.units.IC3.custom_ads[0].code;\n\t\t\t\t\t\tif( ! FFADS.units.IC3.lazy_load ) eval( FFADS.units.IC3.custom_ads[0].rendering_script );\n\t\t\t\t\t}\n\t\t\t\t\telse if( FFADS.units.IC3 && ! getCookie( 'ff_subbed' ) ) {\n\t\t\t\t\t\tif( 'IC' != 'SB' && 'IC' != 'SA' && FFADS.use_fixed_containers ) {\n\t\t\t\t\t\t\tlet max_wh = firefly_size_list_to_max_wh( FFADS.units.IC3.sizes );\n\t\t\t\t\t\t\tlet el = document.querySelector( '#IC3' );\n\t\t\t\t\t\t\tif( 'IC' != 'SA' && FFADS.slide_pixels ) {\n\t\t\t\t\t\t\t\tmax_wh[1] += parseInt( FFADS.slide_pixels );\n\t\t\t\t\t\t\t\tel.classList.add( 'sliding' );\n\t\t\t\t\t\t\t}\n\t\t\t\t\t\t\tel.style.width = max_wh[0] + 'px';\n\t\t\t\t\t\t\tel.style.height = max_wh[1] + 'px';\n\t\t\t\t\t\t\tel.classList.add( 'fixed-size' );\n\t\t\t\t\t\t}\n\t\t\t\t\t\tgoogletag.cmd.push( function() {\n\t\t\t\t\t\t\tFFADS.debug( 'googletag.displaying IC3' );\n\t\t\t\t\t\t\tgoogletag.display( 'IC3' );\n\t\t\t\t\t\t} );\n\t\t\t\t\t}\n\t\t\t\t\telse {\n\t\t\t\t\t\tdocument.querySelector( '#IC3-ad' ).style.display = 'none';}\n\t\t\t\t<\/script><\/div>\n<\/div>\n<p>Uhde hat eine umfangreiche Vorstrafen- und Gef\u00e4ngnisakte, die mindestens zwei Jahrzehnte zur\u00fcckreicht, darunter einen Fall, in dem er von Roemer wegen Waffenverdachts zu sechs Jahren Gef\u00e4ngnis verurteilt wurde.  Im April 2020 wurde er aus seiner letzten Haftstrafe entlassen.<\/p>\n<\/blockquote>\n<p class=\"article-ask\"><span class=\"ask\"><script>\n  if( getParameterByName( \"utm_source\" ) == \"testpage\" ) {\n    !function(e,t,a,n,g){e[n]=e[n]||[],e[n].push({\"gtm.start\":(new Date).getTime(),event:\"gtm.js\"});var m=t.getElementsByTagName(a)[0],r=t.createElement(a);r.async=!0,r.src=\"https:\/\/www.googletagmanager.com\/gtm.js?id=GTM-PL4PD49\",m.parentNode.insertBefore(r,m)}(window.parent,window.parent.document,\"script\",\"dataLayer\");\n    var iframe=window.parent.document.createElement(\"iframe\");iframe.src=\"https:\/\/www.googletagmanager.com\/ns.html?id=GTM-PL4PD49\";iframe.height=\"0\";iframe.width=\"0\";iframe.style=\"display:none;visibility:hidden\";window.parent.document.body.appendChild(iframe);\n    window.parent[\"$$mm-analytics\"] = window.parent[\"$$mm-analytics\"] || {};if (typeof window.parent[\"$$mm-analytics\"].firstEmbed === \"undefined\") {window.parent[\"$$mm-analytics\"].firstEmbed = Date.now();}\n    let as1 = document.createElement( \"script\" );\n    as1.src = \"https:\/\/bucket1.mm-syringe.com\/prod\/configs\/ee2300c8-43d2-7f0b-dac0-40aaf31c9d3d.js\";\n    document.body.appendChild( as1 );\n    let as2 = document.createElement( \"script\" );\n    as2.src = \"https:\/\/bucket1.mm-syringe.com\/prod\/injector\/injector.1.5.3.js\";\n    document.body.appendChild( as2 );\n  }\n<\/script><\/p>\n<div class=\"apester-media\" data-token=\"5f10a39f94902bc81d3d59a7\" data-context=\"true\" data-tags=\"\" data-fallback=\"true\" height=\"350\"><\/div>\n<p><script id=\"apester_script\" src=\"https:\/\/static.apester.com\/js\/sdk\/latest\/apester-sdk.js\" async><\/script><script async src=\"https:\/\/www.googletagmanager.com\/gtag\/js?id=G-EFE91RJVSQ\"><\/script><script>\n  window.dataLayer = window.dataLayer || [];\n  function gtag(){dataLayer.push(arguments);}\n  gtag(\\'js\\', new Date());\n  gtag(\\'config\\', \\'G-EFE91RJVSQ\\');\n<\/script><\/span><\/p>\n<\/div>\n<p><br \/>\n<br \/><a href=\"https:\/\/www.thegatewaypundit.com\/2022\/06\/retired-judge-zip-tied-killed-wisconsin-home-targeted-attack\/\">Source link <\/a><\/p>\n","protected":false},"excerpt":{"rendered":"<p>Ein pensionierter Bezirksrichter wurde am Freitag in seinem Haus in Wisconsin gefesselt und get\u00f6tet. Der Generalstaatsanwalt von Wisconsin, Josh Kaul, sagte, die Erschie\u00dfung des pensionierten Richters von Juneau County, John Roemer, sei eine \u201egezielte Tat\u201c gewesen. Werbung \u2013 die Geschichte geht unten weiter Der mutma\u00dfliche Sch\u00fctze, der als Douglas Uhde, 56, identifiziert wurde, hatte eine [&hellip;]<\/p>\n","protected":false},"author":5,"featured_media":9911,"comment_status":"open","ping_status":"open","sticky":false,"template":"","format":"standard","meta":{"wp_automatic_camp":["1161"],"1f862f7300beece89dbc7dd7be4d7024":["Richter im Ruhestand in seinem Haus in Wisconsin bei einem gezielten Angriff gefesselt und get\u00f6tet\n"],"original_link":["https:\/\/www.thegatewaypundit.com\/2022\/06\/retired-judge-zip-tied-killed-wisconsin-home-targeted-attack\/"],"_thumbnail_id":["9911"],"wp_automatic_remove_first_image":["yes"],"jnews_social_counter_last_update":["1777563676"]},"categories":[25],"tags":[6126,363,352,23234,367,23233,3356,3949,23232,4258,140,6046],"yoast_head":"<!-- This site is optimized with the Yoast SEO Premium plugin v22.7 (Yoast SEO v22.7) - https:\/\/yoast.com\/wordpress\/plugins\/seo\/ -->\n<title>Richter im Ruhestand in seinem Haus in Wisconsin bei einem gezielten Angriff gefesselt und get\u00f6tet - just-now.NEWS Deutschland<\/title>\n<meta name=\"robots\" content=\"index, follow, max-snippet:-1, max-image-preview:large, max-video-preview:-1\" \/>\n<link rel=\"canonical\" href=\"https:\/\/now-news.de\/de\/usa\/richter-im-ruhestand-in-seinem-haus-in-wisconsin-bei-einem-gezielten-angriff-gefesselt-und-getoetet\/\" \/>\n<meta property=\"og:locale\" content=\"de_DE\" \/>\n<meta property=\"og:type\" content=\"article\" \/>\n<meta property=\"og:title\" content=\"Richter im Ruhestand in seinem Haus in Wisconsin bei einem gezielten Angriff gefesselt und get\u00f6tet\" \/>\n<meta property=\"og:description\" content=\"Ein pensionierter Bezirksrichter wurde am Freitag in seinem Haus in Wisconsin gefesselt und get\u00f6tet. Der Generalstaatsanwalt von Wisconsin, Josh Kaul, sagte, die Erschie\u00dfung des pensionierten Richters von Juneau County, John Roemer, sei eine \u201egezielte Tat\u201c gewesen. Werbung \u2013 die Geschichte geht unten weiter Der mutma\u00dfliche Sch\u00fctze, der als Douglas Uhde, 56, identifiziert wurde, hatte eine [&hellip;]\" \/>\n<meta property=\"og:url\" content=\"https:\/\/now-news.de\/de\/usa\/richter-im-ruhestand-in-seinem-haus-in-wisconsin-bei-einem-gezielten-angriff-gefesselt-und-getoetet\/\" \/>\n<meta property=\"og:site_name\" content=\"just-now.NEWS Deutschland\" \/>\n<meta property=\"article:publisher\" content=\"https:\/\/www.facebook.com\/wirmachenauf\" \/>\n<meta property=\"article:published_time\" content=\"2022-06-05T18:09:00+00:00\" \/>\n<meta property=\"og:image\" content=\"https:\/\/now-news.de\/de\/wp-content\/uploads\/sites\/3\/2022\/06\/Richter-im-Ruhestand-in-seinem-Haus-in-Wisconsin-bei-einem.jpg\" \/>\n\t<meta property=\"og:image:width\" content=\"1169\" \/>\n\t<meta property=\"og:image:height\" content=\"626\" \/>\n\t<meta property=\"og:image:type\" content=\"image\/jpeg\" \/>\n<meta name=\"author\" content=\"greatreset\" \/>\n<meta name=\"twitter:card\" content=\"summary_large_image\" \/>\n<meta name=\"twitter:creator\" content=\"@WirMachenAuf_de\" \/>\n<meta name=\"twitter:site\" content=\"@WirMachenAuf_de\" \/>\n<meta name=\"twitter:label1\" content=\"Verfasst von\" \/>\n\t<meta name=\"twitter:data1\" content=\"greatreset\" \/>\n\t<meta name=\"twitter:label2\" content=\"Gesch\u00e4tzte Lesezeit\" \/>\n\t<meta name=\"twitter:data2\" content=\"2\u00a0Minuten\" \/>\n<script type=\"application\/ld+json\" class=\"yoast-schema-graph\">{\"@context\":\"https:\/\/schema.org\",\"@graph\":[{\"@type\":\"Article\",\"@id\":\"https:\/\/now-news.de\/de\/usa\/richter-im-ruhestand-in-seinem-haus-in-wisconsin-bei-einem-gezielten-angriff-gefesselt-und-getoetet\/#article\",\"isPartOf\":{\"@id\":\"https:\/\/now-news.de\/de\/usa\/richter-im-ruhestand-in-seinem-haus-in-wisconsin-bei-einem-gezielten-angriff-gefesselt-und-getoetet\/\"},\"author\":{\"name\":\"greatreset\",\"@id\":\"https:\/\/now-news.de\/de\/#\/schema\/person\/8afb4cd92b68572db7902c13a349ffcb\"},\"headline\":\"Richter im Ruhestand in seinem Haus in Wisconsin bei einem gezielten Angriff gefesselt und get\u00f6tet\",\"datePublished\":\"2022-06-05T18:09:00+00:00\",\"dateModified\":\"2022-06-05T18:09:00+00:00\",\"mainEntityOfPage\":{\"@id\":\"https:\/\/now-news.de\/de\/usa\/richter-im-ruhestand-in-seinem-haus-in-wisconsin-bei-einem-gezielten-angriff-gefesselt-und-getoetet\/\"},\"wordCount\":347,\"commentCount\":0,\"publisher\":{\"@id\":\"https:\/\/now-news.de\/de\/#organization\"},\"image\":{\"@id\":\"https:\/\/now-news.de\/de\/usa\/richter-im-ruhestand-in-seinem-haus-in-wisconsin-bei-einem-gezielten-angriff-gefesselt-und-getoetet\/#primaryimage\"},\"thumbnailUrl\":\"https:\/\/now-news.de\/de\/wp-content\/uploads\/sites\/3\/2022\/06\/Richter-im-Ruhestand-in-seinem-Haus-in-Wisconsin-bei-einem.jpg\",\"keywords\":[\"Angriff\",\"bei\",\"einem\",\"gefesselt\",\"get\u00f6tet\",\"gezielten\",\"Haus\",\"Richter\",\"Ruhestand\",\"seinem\",\"und\",\"Wisconsin\"],\"articleSection\":[\"USA\"],\"inLanguage\":\"de\",\"potentialAction\":[{\"@type\":\"CommentAction\",\"name\":\"Comment\",\"target\":[\"https:\/\/now-news.de\/de\/usa\/richter-im-ruhestand-in-seinem-haus-in-wisconsin-bei-einem-gezielten-angriff-gefesselt-und-getoetet\/#respond\"]}]},{\"@type\":\"WebPage\",\"@id\":\"https:\/\/now-news.de\/de\/usa\/richter-im-ruhestand-in-seinem-haus-in-wisconsin-bei-einem-gezielten-angriff-gefesselt-und-getoetet\/\",\"url\":\"https:\/\/now-news.de\/de\/usa\/richter-im-ruhestand-in-seinem-haus-in-wisconsin-bei-einem-gezielten-angriff-gefesselt-und-getoetet\/\",\"name\":\"Richter im Ruhestand in seinem Haus in Wisconsin bei einem gezielten Angriff gefesselt und get\u00f6tet - just-now.NEWS Deutschland\",\"isPartOf\":{\"@id\":\"https:\/\/now-news.de\/de\/#website\"},\"primaryImageOfPage\":{\"@id\":\"https:\/\/now-news.de\/de\/usa\/richter-im-ruhestand-in-seinem-haus-in-wisconsin-bei-einem-gezielten-angriff-gefesselt-und-getoetet\/#primaryimage\"},\"image\":{\"@id\":\"https:\/\/now-news.de\/de\/usa\/richter-im-ruhestand-in-seinem-haus-in-wisconsin-bei-einem-gezielten-angriff-gefesselt-und-getoetet\/#primaryimage\"},\"thumbnailUrl\":\"https:\/\/now-news.de\/de\/wp-content\/uploads\/sites\/3\/2022\/06\/Richter-im-Ruhestand-in-seinem-Haus-in-Wisconsin-bei-einem.jpg\",\"datePublished\":\"2022-06-05T18:09:00+00:00\",\"dateModified\":\"2022-06-05T18:09:00+00:00\",\"breadcrumb\":{\"@id\":\"https:\/\/now-news.de\/de\/usa\/richter-im-ruhestand-in-seinem-haus-in-wisconsin-bei-einem-gezielten-angriff-gefesselt-und-getoetet\/#breadcrumb\"},\"inLanguage\":\"de\",\"potentialAction\":[{\"@type\":\"ReadAction\",\"target\":[\"https:\/\/now-news.de\/de\/usa\/richter-im-ruhestand-in-seinem-haus-in-wisconsin-bei-einem-gezielten-angriff-gefesselt-und-getoetet\/\"]}]},{\"@type\":\"ImageObject\",\"inLanguage\":\"de\",\"@id\":\"https:\/\/now-news.de\/de\/usa\/richter-im-ruhestand-in-seinem-haus-in-wisconsin-bei-einem-gezielten-angriff-gefesselt-und-getoetet\/#primaryimage\",\"url\":\"https:\/\/now-news.de\/de\/wp-content\/uploads\/sites\/3\/2022\/06\/Richter-im-Ruhestand-in-seinem-Haus-in-Wisconsin-bei-einem.jpg\",\"contentUrl\":\"https:\/\/now-news.de\/de\/wp-content\/uploads\/sites\/3\/2022\/06\/Richter-im-Ruhestand-in-seinem-Haus-in-Wisconsin-bei-einem.jpg\",\"width\":1169,\"height\":626},{\"@type\":\"BreadcrumbList\",\"@id\":\"https:\/\/now-news.de\/de\/usa\/richter-im-ruhestand-in-seinem-haus-in-wisconsin-bei-einem-gezielten-angriff-gefesselt-und-getoetet\/#breadcrumb\",\"itemListElement\":[{\"@type\":\"ListItem\",\"position\":1,\"name\":\"Home\",\"item\":\"https:\/\/now-news.de\/de\/\"},{\"@type\":\"ListItem\",\"position\":2,\"name\":\"Richter im Ruhestand in seinem Haus in Wisconsin bei einem gezielten Angriff gefesselt und get\u00f6tet\"}]},{\"@type\":\"WebSite\",\"@id\":\"https:\/\/now-news.de\/de\/#website\",\"url\":\"https:\/\/now-news.de\/de\/\",\"name\":\"just-now.NEWS Deutschland\",\"description\":\"Das Portal f\u00fcr unzensierte Nachrichten aus der Welt\",\"publisher\":{\"@id\":\"https:\/\/now-news.de\/de\/#organization\"},\"potentialAction\":[{\"@type\":\"SearchAction\",\"target\":{\"@type\":\"EntryPoint\",\"urlTemplate\":\"https:\/\/now-news.de\/de\/?s={search_term_string}\"},\"query-input\":\"required name=search_term_string\"}],\"inLanguage\":\"de\"},{\"@type\":\"Organization\",\"@id\":\"https:\/\/now-news.de\/de\/#organization\",\"name\":\"Just Now News\",\"url\":\"https:\/\/now-news.de\/de\/\",\"logo\":{\"@type\":\"ImageObject\",\"inLanguage\":\"de\",\"@id\":\"https:\/\/now-news.de\/de\/#\/schema\/logo\/image\/\",\"url\":\"http:\/\/just-now.news\/de\/wp-content\/uploads\/sites\/3\/2022\/04\/logo500x500.jpg\",\"contentUrl\":\"http:\/\/just-now.news\/de\/wp-content\/uploads\/sites\/3\/2022\/04\/logo500x500.jpg\",\"width\":500,\"height\":500,\"caption\":\"Just Now News\"},\"image\":{\"@id\":\"https:\/\/now-news.de\/de\/#\/schema\/logo\/image\/\"},\"sameAs\":[\"https:\/\/www.facebook.com\/wirmachenauf\",\"https:\/\/x.com\/WirMachenAuf_de\"]},{\"@type\":\"Person\",\"@id\":\"https:\/\/now-news.de\/de\/#\/schema\/person\/8afb4cd92b68572db7902c13a349ffcb\",\"name\":\"greatreset\",\"image\":{\"@type\":\"ImageObject\",\"inLanguage\":\"de\",\"@id\":\"https:\/\/now-news.de\/de\/#\/schema\/person\/image\/\",\"url\":\"https:\/\/secure.gravatar.com\/avatar\/a088df625d49991c090e78c8b9542592?s=96&d=mm&r=g\",\"contentUrl\":\"https:\/\/secure.gravatar.com\/avatar\/a088df625d49991c090e78c8b9542592?s=96&d=mm&r=g\",\"caption\":\"greatreset\"},\"url\":\"https:\/\/now-news.de\/de\/author\/greatreset\/\"}]}<\/script>\n<!-- \/ Yoast SEO Premium plugin. -->","yoast_head_json":{"title":"Richter im Ruhestand in seinem Haus in Wisconsin bei einem gezielten Angriff gefesselt und get\u00f6tet - just-now.NEWS Deutschland","robots":{"index":"index","follow":"follow","max-snippet":"max-snippet:-1","max-image-preview":"max-image-preview:large","max-video-preview":"max-video-preview:-1"},"canonical":"https:\/\/now-news.de\/de\/usa\/richter-im-ruhestand-in-seinem-haus-in-wisconsin-bei-einem-gezielten-angriff-gefesselt-und-getoetet\/","og_locale":"de_DE","og_type":"article","og_title":"Richter im Ruhestand in seinem Haus in Wisconsin bei einem gezielten Angriff gefesselt und get\u00f6tet","og_description":"Ein pensionierter Bezirksrichter wurde am Freitag in seinem Haus in Wisconsin gefesselt und get\u00f6tet. Der Generalstaatsanwalt von Wisconsin, Josh Kaul, sagte, die Erschie\u00dfung des pensionierten Richters von Juneau County, John Roemer, sei eine \u201egezielte Tat\u201c gewesen. Werbung \u2013 die Geschichte geht unten weiter Der mutma\u00dfliche Sch\u00fctze, der als Douglas Uhde, 56, identifiziert wurde, hatte eine [&hellip;]","og_url":"https:\/\/now-news.de\/de\/usa\/richter-im-ruhestand-in-seinem-haus-in-wisconsin-bei-einem-gezielten-angriff-gefesselt-und-getoetet\/","og_site_name":"just-now.NEWS Deutschland","article_publisher":"https:\/\/www.facebook.com\/wirmachenauf","article_published_time":"2022-06-05T18:09:00+00:00","og_image":[{"width":1169,"height":626,"url":"https:\/\/now-news.de\/de\/wp-content\/uploads\/sites\/3\/2022\/06\/Richter-im-Ruhestand-in-seinem-Haus-in-Wisconsin-bei-einem.jpg","type":"image\/jpeg"}],"author":"greatreset","twitter_card":"summary_large_image","twitter_creator":"@WirMachenAuf_de","twitter_site":"@WirMachenAuf_de","twitter_misc":{"Verfasst von":"greatreset","Gesch\u00e4tzte Lesezeit":"2\u00a0Minuten"},"schema":{"@context":"https:\/\/schema.org","@graph":[{"@type":"Article","@id":"https:\/\/now-news.de\/de\/usa\/richter-im-ruhestand-in-seinem-haus-in-wisconsin-bei-einem-gezielten-angriff-gefesselt-und-getoetet\/#article","isPartOf":{"@id":"https:\/\/now-news.de\/de\/usa\/richter-im-ruhestand-in-seinem-haus-in-wisconsin-bei-einem-gezielten-angriff-gefesselt-und-getoetet\/"},"author":{"name":"greatreset","@id":"https:\/\/now-news.de\/de\/#\/schema\/person\/8afb4cd92b68572db7902c13a349ffcb"},"headline":"Richter im Ruhestand in seinem Haus in Wisconsin bei einem gezielten Angriff gefesselt und get\u00f6tet","datePublished":"2022-06-05T18:09:00+00:00","dateModified":"2022-06-05T18:09:00+00:00","mainEntityOfPage":{"@id":"https:\/\/now-news.de\/de\/usa\/richter-im-ruhestand-in-seinem-haus-in-wisconsin-bei-einem-gezielten-angriff-gefesselt-und-getoetet\/"},"wordCount":347,"commentCount":0,"publisher":{"@id":"https:\/\/now-news.de\/de\/#organization"},"image":{"@id":"https:\/\/now-news.de\/de\/usa\/richter-im-ruhestand-in-seinem-haus-in-wisconsin-bei-einem-gezielten-angriff-gefesselt-und-getoetet\/#primaryimage"},"thumbnailUrl":"https:\/\/now-news.de\/de\/wp-content\/uploads\/sites\/3\/2022\/06\/Richter-im-Ruhestand-in-seinem-Haus-in-Wisconsin-bei-einem.jpg","keywords":["Angriff","bei","einem","gefesselt","get\u00f6tet","gezielten","Haus","Richter","Ruhestand","seinem","und","Wisconsin"],"articleSection":["USA"],"inLanguage":"de","potentialAction":[{"@type":"CommentAction","name":"Comment","target":["https:\/\/now-news.de\/de\/usa\/richter-im-ruhestand-in-seinem-haus-in-wisconsin-bei-einem-gezielten-angriff-gefesselt-und-getoetet\/#respond"]}]},{"@type":"WebPage","@id":"https:\/\/now-news.de\/de\/usa\/richter-im-ruhestand-in-seinem-haus-in-wisconsin-bei-einem-gezielten-angriff-gefesselt-und-getoetet\/","url":"https:\/\/now-news.de\/de\/usa\/richter-im-ruhestand-in-seinem-haus-in-wisconsin-bei-einem-gezielten-angriff-gefesselt-und-getoetet\/","name":"Richter im Ruhestand in seinem Haus in Wisconsin bei einem gezielten Angriff gefesselt und get\u00f6tet - just-now.NEWS Deutschland","isPartOf":{"@id":"https:\/\/now-news.de\/de\/#website"},"primaryImageOfPage":{"@id":"https:\/\/now-news.de\/de\/usa\/richter-im-ruhestand-in-seinem-haus-in-wisconsin-bei-einem-gezielten-angriff-gefesselt-und-getoetet\/#primaryimage"},"image":{"@id":"https:\/\/now-news.de\/de\/usa\/richter-im-ruhestand-in-seinem-haus-in-wisconsin-bei-einem-gezielten-angriff-gefesselt-und-getoetet\/#primaryimage"},"thumbnailUrl":"https:\/\/now-news.de\/de\/wp-content\/uploads\/sites\/3\/2022\/06\/Richter-im-Ruhestand-in-seinem-Haus-in-Wisconsin-bei-einem.jpg","datePublished":"2022-06-05T18:09:00+00:00","dateModified":"2022-06-05T18:09:00+00:00","breadcrumb":{"@id":"https:\/\/now-news.de\/de\/usa\/richter-im-ruhestand-in-seinem-haus-in-wisconsin-bei-einem-gezielten-angriff-gefesselt-und-getoetet\/#breadcrumb"},"inLanguage":"de","potentialAction":[{"@type":"ReadAction","target":["https:\/\/now-news.de\/de\/usa\/richter-im-ruhestand-in-seinem-haus-in-wisconsin-bei-einem-gezielten-angriff-gefesselt-und-getoetet\/"]}]},{"@type":"ImageObject","inLanguage":"de","@id":"https:\/\/now-news.de\/de\/usa\/richter-im-ruhestand-in-seinem-haus-in-wisconsin-bei-einem-gezielten-angriff-gefesselt-und-getoetet\/#primaryimage","url":"https:\/\/now-news.de\/de\/wp-content\/uploads\/sites\/3\/2022\/06\/Richter-im-Ruhestand-in-seinem-Haus-in-Wisconsin-bei-einem.jpg","contentUrl":"https:\/\/now-news.de\/de\/wp-content\/uploads\/sites\/3\/2022\/06\/Richter-im-Ruhestand-in-seinem-Haus-in-Wisconsin-bei-einem.jpg","width":1169,"height":626},{"@type":"BreadcrumbList","@id":"https:\/\/now-news.de\/de\/usa\/richter-im-ruhestand-in-seinem-haus-in-wisconsin-bei-einem-gezielten-angriff-gefesselt-und-getoetet\/#breadcrumb","itemListElement":[{"@type":"ListItem","position":1,"name":"Home","item":"https:\/\/now-news.de\/de\/"},{"@type":"ListItem","position":2,"name":"Richter im Ruhestand in seinem Haus in Wisconsin bei einem gezielten Angriff gefesselt und get\u00f6tet"}]},{"@type":"WebSite","@id":"https:\/\/now-news.de\/de\/#website","url":"https:\/\/now-news.de\/de\/","name":"just-now.NEWS Deutschland","description":"Das Portal f\u00fcr unzensierte Nachrichten aus der Welt","publisher":{"@id":"https:\/\/now-news.de\/de\/#organization"},"potentialAction":[{"@type":"SearchAction","target":{"@type":"EntryPoint","urlTemplate":"https:\/\/now-news.de\/de\/?s={search_term_string}"},"query-input":"required name=search_term_string"}],"inLanguage":"de"},{"@type":"Organization","@id":"https:\/\/now-news.de\/de\/#organization","name":"Just Now News","url":"https:\/\/now-news.de\/de\/","logo":{"@type":"ImageObject","inLanguage":"de","@id":"https:\/\/now-news.de\/de\/#\/schema\/logo\/image\/","url":"http:\/\/just-now.news\/de\/wp-content\/uploads\/sites\/3\/2022\/04\/logo500x500.jpg","contentUrl":"http:\/\/just-now.news\/de\/wp-content\/uploads\/sites\/3\/2022\/04\/logo500x500.jpg","width":500,"height":500,"caption":"Just Now News"},"image":{"@id":"https:\/\/now-news.de\/de\/#\/schema\/logo\/image\/"},"sameAs":["https:\/\/www.facebook.com\/wirmachenauf","https:\/\/x.com\/WirMachenAuf_de"]},{"@type":"Person","@id":"https:\/\/now-news.de\/de\/#\/schema\/person\/8afb4cd92b68572db7902c13a349ffcb","name":"greatreset","image":{"@type":"ImageObject","inLanguage":"de","@id":"https:\/\/now-news.de\/de\/#\/schema\/person\/image\/","url":"https:\/\/secure.gravatar.com\/avatar\/a088df625d49991c090e78c8b9542592?s=96&d=mm&r=g","contentUrl":"https:\/\/secure.gravatar.com\/avatar\/a088df625d49991c090e78c8b9542592?s=96&d=mm&r=g","caption":"greatreset"},"url":"https:\/\/now-news.de\/de\/author\/greatreset\/"}]}},"_links":{"self":[{"href":"https:\/\/now-news.de\/de\/wp-json\/wp\/v2\/posts\/9910"}],"collection":[{"href":"https:\/\/now-news.de\/de\/wp-json\/wp\/v2\/posts"}],"about":[{"href":"https:\/\/now-news.de\/de\/wp-json\/wp\/v2\/types\/post"}],"author":[{"embeddable":true,"href":"https:\/\/now-news.de\/de\/wp-json\/wp\/v2\/users\/5"}],"replies":[{"embeddable":true,"href":"https:\/\/now-news.de\/de\/wp-json\/wp\/v2\/comments?post=9910"}],"version-history":[{"count":0,"href":"https:\/\/now-news.de\/de\/wp-json\/wp\/v2\/posts\/9910\/revisions"}],"wp:featuredmedia":[{"embeddable":true,"href":"https:\/\/now-news.de\/de\/wp-json\/wp\/v2\/media\/9911"}],"wp:attachment":[{"href":"https:\/\/now-news.de\/de\/wp-json\/wp\/v2\/media?parent=9910"}],"wp:term":[{"taxonomy":"category","embeddable":true,"href":"https:\/\/now-news.de\/de\/wp-json\/wp\/v2\/categories?post=9910"},{"taxonomy":"post_tag","embeddable":true,"href":"https:\/\/now-news.de\/de\/wp-json\/wp\/v2\/tags?post=9910"}],"curies":[{"name":"wp","href":"https:\/\/api.w.org\/{rel}","templated":true}]}}