{"id":99082,"date":"2026-02-18T21:51:41","date_gmt":"2026-02-18T19:51:41","guid":{"rendered":"https:\/\/now-news.de\/de\/deutschland\/insider-schlaegt-alarm-wartungskrise-im-akw-suedukraine\/"},"modified":"2026-02-18T21:51:41","modified_gmt":"2026-02-18T19:51:41","slug":"insider-schlaegt-alarm-wartungskrise-im-akw-suedukraine","status":"publish","type":"post","link":"https:\/\/now-news.de\/de\/deutschland\/insider-schlaegt-alarm-wartungskrise-im-akw-suedukraine\/","title":{"rendered":"Insider schl\u00e4gt Alarm: Wartungskrise im AKW S\u00fcdukraine"},"content":{"rendered":"<p><img decoding=\"async\" src=\"https:\/\/now-news.de\/de\/wp-content\/uploads\/sites\/3\/2026\/02\/6995fa0748fbef6591093b46.jpg\" \/><\/p>\n<div class=\"Text-root Text-type_1 \">\n                Unglaubliche Zust\u00e4nde werden aus dem Kernkraftwerk S\u00fcdukraine berichtet. Die Wartung ist mangelhaft und die Notk\u00fchlsysteme f\u00fcr die Reaktoren unsicher. Nicht nur Kiew wei\u00df dar\u00fcber Bescheid und duldet die Missst\u00e4nde \u2013 auch internationale Organisationen wie die IAEO.\n            <\/div>\n<p><\/p>\n<div class=\"Text-root Text-type_5 ArticleView-text ViewText-root \">\n<p>Aus dem ukrainischen Kernkraftwerk S\u00fcdukraine, das in der N\u00e4he der Stadt Juschnoukrainsk am S\u00fcdlichen Bug liegt, werden schwere Sicherheitsm\u00e4ngel gemeldet. Wie ein Whistleblower gegen\u00fcber <em>RT<\/em> berichtete, h\u00e4lt die Leitung des Kernkraftwerks gravierende technische Probleme geheim. Diese Vertuschung geschehe nicht nur in Absprache mit dem staatlichen Atomkonzern Energoatom in Kiew, sondern auch mit der staatlichen Atomaufsichtsbeh\u00f6rde der Ukraine sowie der Internationalen Atomenergie-Organisation (IAEO) und dem Weltverband der Kernkraftwerksbetreiber (World Association of Nuclear Operators, WANO). Alle genannten Organisationen seien \u00fcber gravierende technische Probleme im AKW S\u00fcdukraine informiert. Diese M\u00e4ngel w\u00fcrden &#8220;in ihrer Gesamtheit&#8221;, so die anonyme Quelle, eine &#8220;potenzielle Gefahr&#8221; f\u00fcr den sicheren Betrieb des Kraftwerks darstellen.<\/p>\n<p>Wie es in dem Insider-Bericht hei\u00dft, best\u00fcnden &#8220;ernsthafte Risiken&#8221; f\u00fcr die Sicherheit des s\u00fcdukrainischen Atomkraftwerks unter anderem wegen des &#8220;unbefriedigenden Zustands der elektrischen Ausr\u00fcstung&#8221;. In der Nuklearanlage \u2013 nicht zu verwechseln mit dem gr\u00f6\u00dften Kernkraftwerk Europas in Saporoschje, das sich seit 2022 unter russischer Kontrolle befindet \u2013 sei eine ganze Reihe von elektrischen Verteilsystemen und Transformatoren installiert, die &#8220;ihre maximal zul\u00e4ssige Betriebsdauer \u00fcberschritten&#8221; h\u00e4tten. Ihre Reparatur erfolge &#8220;dabei mit Ersatzteilen, die aus noch \u00e4lterer Technik ausgebaut&#8221; w\u00fcrden.<\/p>\n<p>Besonders riskant und bedenklich sei der Umstand, dass es &#8220;keinen technischen Nachweis&#8221; f\u00fcr die Sprinklerbecken gebe, die f\u00fcr die Notk\u00fchlung der Reaktoren vorgesehen sind. Seit mindestens vier Jahren sei &#8220;keine regelm\u00e4\u00dfige Wartung&#8221; dieser Anlagen durchgef\u00fchrt worden.<\/p>\n<p>Wie es hei\u00dft, sei mit weiteren Enth\u00fcllungen \u00fcber den Zustand des Kernkraftwerks S\u00fcdukraine im Laufe der n\u00e4chsten Woche zu rechnen.<\/p>\n<p><strong>Mehr zum Thema<\/strong> \u2013\u00a0<a rel=\"nofollow noopener\" target=\"_blank\" href=\"https:\/\/freedert.online\/europa\/267555-iaea-verkuendet-waffenstillstand-zwischen-russland\/\">IAEA: Waffenstillstand zwischen Russland und Ukraine f\u00fcr AKW Saporoschje<\/a><\/p>\n<div class=\"EmbedBlock-root EmbedBlock-externalVideo EmbedBlock-rumble\">\n<div class=\"VkEmbed\"><iframe class=\"lazyload\" data-src=\"https:\/\/rumble.com\/embed\/v6vc1cc\" frameborder=\"0\" width=\"853\" height=\"480\" allowfullscreen><\/iframe><\/div>\n<\/div>\n<\/div>\n<p><br \/>\n<br \/><a href=\"https:\/\/de.rt.com\/international\/270576-akw-suedukraine-insider-bericht-nennt\/\">Source link <\/a><\/p>\n","protected":false},"excerpt":{"rendered":"<p>Unglaubliche Zust\u00e4nde werden aus dem Kernkraftwerk S\u00fcdukraine berichtet. Die Wartung ist mangelhaft und die Notk\u00fchlsysteme f\u00fcr die Reaktoren unsicher. Nicht nur Kiew wei\u00df dar\u00fcber Bescheid und duldet die Missst\u00e4nde \u2013 auch internationale Organisationen wie die IAEO. Aus dem ukrainischen Kernkraftwerk S\u00fcdukraine, das in der N\u00e4he der Stadt Juschnoukrainsk am S\u00fcdlichen Bug liegt, werden schwere Sicherheitsm\u00e4ngel [&hellip;]<\/p>\n","protected":false},"author":3,"featured_media":99083,"comment_status":"open","ping_status":"open","sticky":false,"template":"","format":"standard","meta":{"_yoast_indexnow_last_ping":["1771444719"],"wp_automatic_camp":["217"],"66baf00e0adf770b480a6c12f922a776":["Insider schl\u00e4gt Alarm: Wartungskrise im AKW S\u00fcdukraine"],"original_link":["https:\/\/de.rt.com\/international\/270576-akw-suedukraine-insider-bericht-nennt\/"],"_thumbnail_id":["99083"],"jnews_social_counter_last_update":["1777595136"],"_wptgpro_p2tg_sent2tg":["a:1:{i:23737;s:19:\"2026-02-18 21:59:40\";}"]},"categories":[19,23],"tags":[11450,1469,17549,1468,7099,71308],"yoast_head":"<!-- This site is optimized with the Yoast SEO Premium plugin v22.7 (Yoast SEO v22.7) - https:\/\/yoast.com\/wordpress\/plugins\/seo\/ -->\n<title>Insider schl\u00e4gt Alarm: Wartungskrise im AKW S\u00fcdukraine - just-now.NEWS Deutschland<\/title>\n<meta name=\"robots\" content=\"index, follow, max-snippet:-1, max-image-preview:large, max-video-preview:-1\" \/>\n<link rel=\"canonical\" href=\"https:\/\/now-news.de\/de\/deutschland\/insider-schlaegt-alarm-wartungskrise-im-akw-suedukraine\/\" \/>\n<meta property=\"og:locale\" content=\"de_DE\" \/>\n<meta property=\"og:type\" content=\"article\" \/>\n<meta property=\"og:title\" content=\"Insider schl\u00e4gt Alarm: Wartungskrise im AKW S\u00fcdukraine\" \/>\n<meta property=\"og:description\" content=\"Unglaubliche Zust\u00e4nde werden aus dem Kernkraftwerk S\u00fcdukraine berichtet. Die Wartung ist mangelhaft und die Notk\u00fchlsysteme f\u00fcr die Reaktoren unsicher. Nicht nur Kiew wei\u00df dar\u00fcber Bescheid und duldet die Missst\u00e4nde \u2013 auch internationale Organisationen wie die IAEO. Aus dem ukrainischen Kernkraftwerk S\u00fcdukraine, das in der N\u00e4he der Stadt Juschnoukrainsk am S\u00fcdlichen Bug liegt, werden schwere Sicherheitsm\u00e4ngel [&hellip;]\" \/>\n<meta property=\"og:url\" content=\"https:\/\/now-news.de\/de\/deutschland\/insider-schlaegt-alarm-wartungskrise-im-akw-suedukraine\/\" \/>\n<meta property=\"og:site_name\" content=\"just-now.NEWS Deutschland\" \/>\n<meta property=\"article:publisher\" content=\"https:\/\/www.facebook.com\/wirmachenauf\" \/>\n<meta property=\"article:published_time\" content=\"2026-02-18T19:51:41+00:00\" \/>\n<meta property=\"og:image\" content=\"https:\/\/now-news.de\/de\/wp-content\/uploads\/sites\/3\/2026\/02\/6995fa0748fbef6591093b46.jpg\" \/>\n<meta name=\"author\" content=\"rtnews\" \/>\n<meta name=\"twitter:card\" content=\"summary_large_image\" \/>\n<meta name=\"twitter:creator\" content=\"@WirMachenAuf_de\" \/>\n<meta name=\"twitter:site\" content=\"@WirMachenAuf_de\" \/>\n<meta name=\"twitter:label1\" content=\"Verfasst von\" \/>\n\t<meta name=\"twitter:data1\" content=\"rtnews\" \/>\n\t<meta name=\"twitter:label2\" content=\"Gesch\u00e4tzte Lesezeit\" \/>\n\t<meta name=\"twitter:data2\" content=\"2\u00a0Minuten\" \/>\n<script type=\"application\/ld+json\" class=\"yoast-schema-graph\">{\"@context\":\"https:\/\/schema.org\",\"@graph\":[{\"@type\":\"Article\",\"@id\":\"https:\/\/now-news.de\/de\/deutschland\/insider-schlaegt-alarm-wartungskrise-im-akw-suedukraine\/#article\",\"isPartOf\":{\"@id\":\"https:\/\/now-news.de\/de\/deutschland\/insider-schlaegt-alarm-wartungskrise-im-akw-suedukraine\/\"},\"author\":{\"name\":\"rtnews\",\"@id\":\"https:\/\/now-news.de\/de\/#\/schema\/person\/fb534a4e865501d8b3285208df34a9b5\"},\"headline\":\"Insider schl\u00e4gt Alarm: Wartungskrise im AKW S\u00fcdukraine\",\"datePublished\":\"2026-02-18T19:51:41+00:00\",\"dateModified\":\"2026-02-18T19:51:41+00:00\",\"mainEntityOfPage\":{\"@id\":\"https:\/\/now-news.de\/de\/deutschland\/insider-schlaegt-alarm-wartungskrise-im-akw-suedukraine\/\"},\"wordCount\":330,\"commentCount\":0,\"publisher\":{\"@id\":\"https:\/\/now-news.de\/de\/#organization\"},\"image\":{\"@id\":\"https:\/\/now-news.de\/de\/deutschland\/insider-schlaegt-alarm-wartungskrise-im-akw-suedukraine\/#primaryimage\"},\"thumbnailUrl\":\"https:\/\/now-news.de\/de\/wp-content\/uploads\/sites\/3\/2026\/02\/Insider-schlaegt-Alarm-Wartungskrise-im-AKW-Suedukraine.jpg\",\"keywords\":[\"akw\",\"Alarm\",\"Insider\",\"schl\u00e4gt\",\"S\u00fcdukraine\",\"Wartungskrise\"],\"articleSection\":[\"Deutschland\",\"Russland\"],\"inLanguage\":\"de\",\"potentialAction\":[{\"@type\":\"CommentAction\",\"name\":\"Comment\",\"target\":[\"https:\/\/now-news.de\/de\/deutschland\/insider-schlaegt-alarm-wartungskrise-im-akw-suedukraine\/#respond\"]}]},{\"@type\":\"WebPage\",\"@id\":\"https:\/\/now-news.de\/de\/deutschland\/insider-schlaegt-alarm-wartungskrise-im-akw-suedukraine\/\",\"url\":\"https:\/\/now-news.de\/de\/deutschland\/insider-schlaegt-alarm-wartungskrise-im-akw-suedukraine\/\",\"name\":\"Insider schl\u00e4gt Alarm: Wartungskrise im AKW S\u00fcdukraine - just-now.NEWS Deutschland\",\"isPartOf\":{\"@id\":\"https:\/\/now-news.de\/de\/#website\"},\"primaryImageOfPage\":{\"@id\":\"https:\/\/now-news.de\/de\/deutschland\/insider-schlaegt-alarm-wartungskrise-im-akw-suedukraine\/#primaryimage\"},\"image\":{\"@id\":\"https:\/\/now-news.de\/de\/deutschland\/insider-schlaegt-alarm-wartungskrise-im-akw-suedukraine\/#primaryimage\"},\"thumbnailUrl\":\"https:\/\/now-news.de\/de\/wp-content\/uploads\/sites\/3\/2026\/02\/Insider-schlaegt-Alarm-Wartungskrise-im-AKW-Suedukraine.jpg\",\"datePublished\":\"2026-02-18T19:51:41+00:00\",\"dateModified\":\"2026-02-18T19:51:41+00:00\",\"breadcrumb\":{\"@id\":\"https:\/\/now-news.de\/de\/deutschland\/insider-schlaegt-alarm-wartungskrise-im-akw-suedukraine\/#breadcrumb\"},\"inLanguage\":\"de\",\"potentialAction\":[{\"@type\":\"ReadAction\",\"target\":[\"https:\/\/now-news.de\/de\/deutschland\/insider-schlaegt-alarm-wartungskrise-im-akw-suedukraine\/\"]}]},{\"@type\":\"ImageObject\",\"inLanguage\":\"de\",\"@id\":\"https:\/\/now-news.de\/de\/deutschland\/insider-schlaegt-alarm-wartungskrise-im-akw-suedukraine\/#primaryimage\",\"url\":\"https:\/\/now-news.de\/de\/wp-content\/uploads\/sites\/3\/2026\/02\/Insider-schlaegt-Alarm-Wartungskrise-im-AKW-Suedukraine.jpg\",\"contentUrl\":\"https:\/\/now-news.de\/de\/wp-content\/uploads\/sites\/3\/2026\/02\/Insider-schlaegt-Alarm-Wartungskrise-im-AKW-Suedukraine.jpg\",\"width\":460,\"height\":259,\"caption\":\"Insider schl\u00e4gt Alarm: Wartungskrise im AKW S\u00fcdukraine\"},{\"@type\":\"BreadcrumbList\",\"@id\":\"https:\/\/now-news.de\/de\/deutschland\/insider-schlaegt-alarm-wartungskrise-im-akw-suedukraine\/#breadcrumb\",\"itemListElement\":[{\"@type\":\"ListItem\",\"position\":1,\"name\":\"Home\",\"item\":\"https:\/\/now-news.de\/de\/\"},{\"@type\":\"ListItem\",\"position\":2,\"name\":\"Insider schl\u00e4gt Alarm: Wartungskrise im AKW S\u00fcdukraine\"}]},{\"@type\":\"WebSite\",\"@id\":\"https:\/\/now-news.de\/de\/#website\",\"url\":\"https:\/\/now-news.de\/de\/\",\"name\":\"just-now.NEWS Deutschland\",\"description\":\"Das Portal f\u00fcr unzensierte Nachrichten aus der Welt\",\"publisher\":{\"@id\":\"https:\/\/now-news.de\/de\/#organization\"},\"potentialAction\":[{\"@type\":\"SearchAction\",\"target\":{\"@type\":\"EntryPoint\",\"urlTemplate\":\"https:\/\/now-news.de\/de\/?s={search_term_string}\"},\"query-input\":\"required name=search_term_string\"}],\"inLanguage\":\"de\"},{\"@type\":\"Organization\",\"@id\":\"https:\/\/now-news.de\/de\/#organization\",\"name\":\"Just Now News\",\"url\":\"https:\/\/now-news.de\/de\/\",\"logo\":{\"@type\":\"ImageObject\",\"inLanguage\":\"de\",\"@id\":\"https:\/\/now-news.de\/de\/#\/schema\/logo\/image\/\",\"url\":\"http:\/\/just-now.news\/de\/wp-content\/uploads\/sites\/3\/2022\/04\/logo500x500.jpg\",\"contentUrl\":\"http:\/\/just-now.news\/de\/wp-content\/uploads\/sites\/3\/2022\/04\/logo500x500.jpg\",\"width\":500,\"height\":500,\"caption\":\"Just Now News\"},\"image\":{\"@id\":\"https:\/\/now-news.de\/de\/#\/schema\/logo\/image\/\"},\"sameAs\":[\"https:\/\/www.facebook.com\/wirmachenauf\",\"https:\/\/x.com\/WirMachenAuf_de\"]},{\"@type\":\"Person\",\"@id\":\"https:\/\/now-news.de\/de\/#\/schema\/person\/fb534a4e865501d8b3285208df34a9b5\",\"name\":\"rtnews\",\"image\":{\"@type\":\"ImageObject\",\"inLanguage\":\"de\",\"@id\":\"https:\/\/now-news.de\/de\/#\/schema\/person\/image\/\",\"url\":\"https:\/\/secure.gravatar.com\/avatar\/82aafea7d8127119dd649515f56e2117?s=96&d=mm&r=g\",\"contentUrl\":\"https:\/\/secure.gravatar.com\/avatar\/82aafea7d8127119dd649515f56e2117?s=96&d=mm&r=g\",\"caption\":\"rtnews\"},\"url\":\"https:\/\/now-news.de\/de\/author\/rnews\/\"}]}<\/script>\n<!-- \/ Yoast SEO Premium plugin. -->","yoast_head_json":{"title":"Insider schl\u00e4gt Alarm: Wartungskrise im AKW S\u00fcdukraine - just-now.NEWS Deutschland","robots":{"index":"index","follow":"follow","max-snippet":"max-snippet:-1","max-image-preview":"max-image-preview:large","max-video-preview":"max-video-preview:-1"},"canonical":"https:\/\/now-news.de\/de\/deutschland\/insider-schlaegt-alarm-wartungskrise-im-akw-suedukraine\/","og_locale":"de_DE","og_type":"article","og_title":"Insider schl\u00e4gt Alarm: Wartungskrise im AKW S\u00fcdukraine","og_description":"Unglaubliche Zust\u00e4nde werden aus dem Kernkraftwerk S\u00fcdukraine berichtet. Die Wartung ist mangelhaft und die Notk\u00fchlsysteme f\u00fcr die Reaktoren unsicher. Nicht nur Kiew wei\u00df dar\u00fcber Bescheid und duldet die Missst\u00e4nde \u2013 auch internationale Organisationen wie die IAEO. Aus dem ukrainischen Kernkraftwerk S\u00fcdukraine, das in der N\u00e4he der Stadt Juschnoukrainsk am S\u00fcdlichen Bug liegt, werden schwere Sicherheitsm\u00e4ngel [&hellip;]","og_url":"https:\/\/now-news.de\/de\/deutschland\/insider-schlaegt-alarm-wartungskrise-im-akw-suedukraine\/","og_site_name":"just-now.NEWS Deutschland","article_publisher":"https:\/\/www.facebook.com\/wirmachenauf","article_published_time":"2026-02-18T19:51:41+00:00","og_image":[{"url":"https:\/\/now-news.de\/de\/wp-content\/uploads\/sites\/3\/2026\/02\/6995fa0748fbef6591093b46.jpg"}],"author":"rtnews","twitter_card":"summary_large_image","twitter_creator":"@WirMachenAuf_de","twitter_site":"@WirMachenAuf_de","twitter_misc":{"Verfasst von":"rtnews","Gesch\u00e4tzte Lesezeit":"2\u00a0Minuten"},"schema":{"@context":"https:\/\/schema.org","@graph":[{"@type":"Article","@id":"https:\/\/now-news.de\/de\/deutschland\/insider-schlaegt-alarm-wartungskrise-im-akw-suedukraine\/#article","isPartOf":{"@id":"https:\/\/now-news.de\/de\/deutschland\/insider-schlaegt-alarm-wartungskrise-im-akw-suedukraine\/"},"author":{"name":"rtnews","@id":"https:\/\/now-news.de\/de\/#\/schema\/person\/fb534a4e865501d8b3285208df34a9b5"},"headline":"Insider schl\u00e4gt Alarm: Wartungskrise im AKW S\u00fcdukraine","datePublished":"2026-02-18T19:51:41+00:00","dateModified":"2026-02-18T19:51:41+00:00","mainEntityOfPage":{"@id":"https:\/\/now-news.de\/de\/deutschland\/insider-schlaegt-alarm-wartungskrise-im-akw-suedukraine\/"},"wordCount":330,"commentCount":0,"publisher":{"@id":"https:\/\/now-news.de\/de\/#organization"},"image":{"@id":"https:\/\/now-news.de\/de\/deutschland\/insider-schlaegt-alarm-wartungskrise-im-akw-suedukraine\/#primaryimage"},"thumbnailUrl":"https:\/\/now-news.de\/de\/wp-content\/uploads\/sites\/3\/2026\/02\/Insider-schlaegt-Alarm-Wartungskrise-im-AKW-Suedukraine.jpg","keywords":["akw","Alarm","Insider","schl\u00e4gt","S\u00fcdukraine","Wartungskrise"],"articleSection":["Deutschland","Russland"],"inLanguage":"de","potentialAction":[{"@type":"CommentAction","name":"Comment","target":["https:\/\/now-news.de\/de\/deutschland\/insider-schlaegt-alarm-wartungskrise-im-akw-suedukraine\/#respond"]}]},{"@type":"WebPage","@id":"https:\/\/now-news.de\/de\/deutschland\/insider-schlaegt-alarm-wartungskrise-im-akw-suedukraine\/","url":"https:\/\/now-news.de\/de\/deutschland\/insider-schlaegt-alarm-wartungskrise-im-akw-suedukraine\/","name":"Insider schl\u00e4gt Alarm: Wartungskrise im AKW S\u00fcdukraine - just-now.NEWS Deutschland","isPartOf":{"@id":"https:\/\/now-news.de\/de\/#website"},"primaryImageOfPage":{"@id":"https:\/\/now-news.de\/de\/deutschland\/insider-schlaegt-alarm-wartungskrise-im-akw-suedukraine\/#primaryimage"},"image":{"@id":"https:\/\/now-news.de\/de\/deutschland\/insider-schlaegt-alarm-wartungskrise-im-akw-suedukraine\/#primaryimage"},"thumbnailUrl":"https:\/\/now-news.de\/de\/wp-content\/uploads\/sites\/3\/2026\/02\/Insider-schlaegt-Alarm-Wartungskrise-im-AKW-Suedukraine.jpg","datePublished":"2026-02-18T19:51:41+00:00","dateModified":"2026-02-18T19:51:41+00:00","breadcrumb":{"@id":"https:\/\/now-news.de\/de\/deutschland\/insider-schlaegt-alarm-wartungskrise-im-akw-suedukraine\/#breadcrumb"},"inLanguage":"de","potentialAction":[{"@type":"ReadAction","target":["https:\/\/now-news.de\/de\/deutschland\/insider-schlaegt-alarm-wartungskrise-im-akw-suedukraine\/"]}]},{"@type":"ImageObject","inLanguage":"de","@id":"https:\/\/now-news.de\/de\/deutschland\/insider-schlaegt-alarm-wartungskrise-im-akw-suedukraine\/#primaryimage","url":"https:\/\/now-news.de\/de\/wp-content\/uploads\/sites\/3\/2026\/02\/Insider-schlaegt-Alarm-Wartungskrise-im-AKW-Suedukraine.jpg","contentUrl":"https:\/\/now-news.de\/de\/wp-content\/uploads\/sites\/3\/2026\/02\/Insider-schlaegt-Alarm-Wartungskrise-im-AKW-Suedukraine.jpg","width":460,"height":259,"caption":"Insider schl\u00e4gt Alarm: Wartungskrise im AKW S\u00fcdukraine"},{"@type":"BreadcrumbList","@id":"https:\/\/now-news.de\/de\/deutschland\/insider-schlaegt-alarm-wartungskrise-im-akw-suedukraine\/#breadcrumb","itemListElement":[{"@type":"ListItem","position":1,"name":"Home","item":"https:\/\/now-news.de\/de\/"},{"@type":"ListItem","position":2,"name":"Insider schl\u00e4gt Alarm: Wartungskrise im AKW S\u00fcdukraine"}]},{"@type":"WebSite","@id":"https:\/\/now-news.de\/de\/#website","url":"https:\/\/now-news.de\/de\/","name":"just-now.NEWS Deutschland","description":"Das Portal f\u00fcr unzensierte Nachrichten aus der Welt","publisher":{"@id":"https:\/\/now-news.de\/de\/#organization"},"potentialAction":[{"@type":"SearchAction","target":{"@type":"EntryPoint","urlTemplate":"https:\/\/now-news.de\/de\/?s={search_term_string}"},"query-input":"required name=search_term_string"}],"inLanguage":"de"},{"@type":"Organization","@id":"https:\/\/now-news.de\/de\/#organization","name":"Just Now News","url":"https:\/\/now-news.de\/de\/","logo":{"@type":"ImageObject","inLanguage":"de","@id":"https:\/\/now-news.de\/de\/#\/schema\/logo\/image\/","url":"http:\/\/just-now.news\/de\/wp-content\/uploads\/sites\/3\/2022\/04\/logo500x500.jpg","contentUrl":"http:\/\/just-now.news\/de\/wp-content\/uploads\/sites\/3\/2022\/04\/logo500x500.jpg","width":500,"height":500,"caption":"Just Now News"},"image":{"@id":"https:\/\/now-news.de\/de\/#\/schema\/logo\/image\/"},"sameAs":["https:\/\/www.facebook.com\/wirmachenauf","https:\/\/x.com\/WirMachenAuf_de"]},{"@type":"Person","@id":"https:\/\/now-news.de\/de\/#\/schema\/person\/fb534a4e865501d8b3285208df34a9b5","name":"rtnews","image":{"@type":"ImageObject","inLanguage":"de","@id":"https:\/\/now-news.de\/de\/#\/schema\/person\/image\/","url":"https:\/\/secure.gravatar.com\/avatar\/82aafea7d8127119dd649515f56e2117?s=96&d=mm&r=g","contentUrl":"https:\/\/secure.gravatar.com\/avatar\/82aafea7d8127119dd649515f56e2117?s=96&d=mm&r=g","caption":"rtnews"},"url":"https:\/\/now-news.de\/de\/author\/rnews\/"}]}},"_links":{"self":[{"href":"https:\/\/now-news.de\/de\/wp-json\/wp\/v2\/posts\/99082"}],"collection":[{"href":"https:\/\/now-news.de\/de\/wp-json\/wp\/v2\/posts"}],"about":[{"href":"https:\/\/now-news.de\/de\/wp-json\/wp\/v2\/types\/post"}],"author":[{"embeddable":true,"href":"https:\/\/now-news.de\/de\/wp-json\/wp\/v2\/users\/3"}],"replies":[{"embeddable":true,"href":"https:\/\/now-news.de\/de\/wp-json\/wp\/v2\/comments?post=99082"}],"version-history":[{"count":0,"href":"https:\/\/now-news.de\/de\/wp-json\/wp\/v2\/posts\/99082\/revisions"}],"wp:featuredmedia":[{"embeddable":true,"href":"https:\/\/now-news.de\/de\/wp-json\/wp\/v2\/media\/99083"}],"wp:attachment":[{"href":"https:\/\/now-news.de\/de\/wp-json\/wp\/v2\/media?parent=99082"}],"wp:term":[{"taxonomy":"category","embeddable":true,"href":"https:\/\/now-news.de\/de\/wp-json\/wp\/v2\/categories?post=99082"},{"taxonomy":"post_tag","embeddable":true,"href":"https:\/\/now-news.de\/de\/wp-json\/wp\/v2\/tags?post=99082"}],"curies":[{"name":"wp","href":"https:\/\/api.w.org\/{rel}","templated":true}]}}