{"id":98998,"date":"2026-02-17T16:13:02","date_gmt":"2026-02-17T14:13:02","guid":{"rendered":"https:\/\/now-news.de\/de\/deutschland\/nach-einem-jahr-kanzlerschaft-deutsche-sehen-merz-schlechter-als-olaf-scholz\/"},"modified":"2026-02-17T16:13:02","modified_gmt":"2026-02-17T14:13:02","slug":"nach-einem-jahr-kanzlerschaft-deutsche-sehen-merz-schlechter-als-olaf-scholz","status":"publish","type":"post","link":"https:\/\/now-news.de\/de\/deutschland\/nach-einem-jahr-kanzlerschaft-deutsche-sehen-merz-schlechter-als-olaf-scholz\/","title":{"rendered":"Nach einem Jahr Kanzlerschaft: Deutsche sehen Merz schlechter als Olaf Scholz"},"content":{"rendered":"<p><img decoding=\"async\" src=\"https:\/\/now-news.de\/de\/wp-content\/uploads\/sites\/3\/2026\/02\/69946d9bb480cc34710c5153.jpg\" \/><\/p>\n<div class=\"Text-root Text-type_1 \">\n                Eigentlich keine \u00dcberraschung, nachdem die Liste gebrochener Wahlversprechen stetig l\u00e4nger wird; aber die aktuellen Umfragewerte der Regierung Merz sind fast schon ein historischer Negativrekord. Selbst Scholz wird als besserer Kanzler gesehen &#8230;\n            <\/div>\n<p><\/p>\n<div class=\"Text-root Text-type_5 ArticleView-text ViewText-root \">\n<p>Die <em>Bild<\/em>-Zeitung ver\u00f6ffentlichte die Ergebnisse einer von ihr in Auftrag gegebenen Umfrage zur Zufriedenheit der Deutschen mit der aktuellen CDU-SPD-Koalition. Die Ergebnisse waren ern\u00fcchternd \u2013 auf vielen Feldern wird noch die Ampelkoalition als erfolgreicher gesehen als die derzeitige Bundesregierung.<\/p>\n<p>So stimmten bei der Frage, wer als Kanzler die bessere Arbeit leiste, 35 Prozent der 1.001 vom Meinungsforschungsinstitut Insa Mitte Februar Befragten f\u00fcr Olaf Scholz und nur 22 Prozent f\u00fcr Friedrich Merz. In den Themenfeldern sahen 32 Prozent eine Verbesserung bei der Verteidigung (18 Prozent Verschlechterung), bei der Begrenzung der Migration 30 Prozent eine Verbesserung (22 Prozent eine Verschlechterung), aber bei Konjunkturf\u00f6rderung, B\u00fcrokratieabbau und Entlastung der Steuerzahler lag die alte Koalition vorne.<\/p>\n<p>Bei der Bewertung der Minister waren es einzig Au\u00dfenminister Johann Wadephul mit 29 Prozent und Innenminister Alexander Dobrindt mit 25 Prozent, die besser abschnitten als ihre Vorg\u00e4nger (19 Prozent f\u00fcr Annalena Baerbock, 20 Prozent f\u00fcr Nancy Faeser). Selbst Robert Habeck gelang es noch, seine Nachfolgerin Katherina Reiche mit 27 zu 19 Prozent zu schlagen. Ein reines Kellerduell fand da beim Justizministerium statt, in dem Marco Buschmann mit 16 Prozent immer noch vor Stefanie Hubig mit ganzen 10 Prozent Zustimmung lag; die gleichen Werte ergab die Gegen\u00fcberstellung von Bauministerin Verena Hubertz zur Vorg\u00e4ngerin Klara Geywitz, obwohl beide aus der SPD kommen.<\/p>\n<p>Auff\u00e4lliger als die Zufriedenheitswerte der einzelnen Politiker ist jedoch die H\u00f6he, auf der sie sich insgesamt bewegen. Im Extremfall, etwa bei Buschmann\/Hubig, haben 74 Prozent der Befragten sich mit keinem der beiden Politiker zufrieden ge\u00e4u\u00dfert, und auch beim &#8220;Kanzlerduell&#8221; lag der Anteil der Befragten ohne jedes positive Votum noch bei 43 Prozent. Nicht zu vergessen, dass bei einer Alternativfrage \u2013 &#8220;Finden Sie Scholz besser oder Merz?&#8221; \u2013 der Anteil der Antwortenden h\u00f6her sein d\u00fcrfte als bei der reinen Frage, ob man mit der Politik der Merz-Regierung zufrieden sei.<\/p>\n<p>Im Vergleich mit den Zustimmungswerten fr\u00fcherer Jahrzehnte waren beide Koalitionen schwach. Helmut Kohl erreichte vergleichbar niedrige Werte am Ende von 16 Jahren Kanzlerschaft. Dabei erreichte Merz in den allerersten Umfragen nach der Wahl maximal 47 Prozent, w\u00e4hrend selbst Scholz noch mit \u00fcber 60 Prozent in die Amtszeit startete; bereits nach hundert Tagen war die Zustimmung in den Umfragen nur noch um die 30 Prozent.<\/p>\n<p>Derzeit d\u00fcrfte jedoch keine Koalition vorstellbar sein, die bessere Werte erreichen k\u00f6nnte. Eine Situation, die fatal der Entwicklung in mehreren europ\u00e4ischen Nachbarl\u00e4ndern gleicht \u2013 auch die Regierung von Emmanuel Macron in Frankreich sowie die Regierung von Keir Starmer in Gro\u00dfbritannien sind sehr unbeliebt, aber unterhalb von Neuwahlen scheint jede L\u00f6sung unm\u00f6glich.<\/p>\n<p><strong>Mehr zum Thema<\/strong>\u00a0\u2013 <a rel=\"nofollow noopener\" target=\"_blank\" href=\"https:\/\/freedert.online\/inland\/265444-neue-insa-umfrage-meisten-deutschen-sich-weidel-kanzlerin\/\">Neue Insa-Umfrage: Die meisten Deutschen w\u00fcnschen sich Weidel als Kanzlerin <\/a><\/p>\n<div class=\"EmbedBlock-root EmbedBlock-externalVideo EmbedBlock-rumble\">\n<div class=\"VkEmbed\"><iframe class=\"lazyload\" data-src=\"https:\/\/rumble.com\/embed\/v739ade\" frameborder=\"0\" width=\"853\" height=\"480\" allowfullscreen><\/iframe><\/div>\n<\/div>\n<\/div>\n<p><br \/>\n<br \/><a href=\"https:\/\/de.rt.com\/inland\/270426-merz-abgewirtschaftet-schon-nach-jahr\/\">Source link <\/a><\/p>\n","protected":false},"excerpt":{"rendered":"<p>Eigentlich keine \u00dcberraschung, nachdem die Liste gebrochener Wahlversprechen stetig l\u00e4nger wird; aber die aktuellen Umfragewerte der Regierung Merz sind fast schon ein historischer Negativrekord. Selbst Scholz wird als besserer Kanzler gesehen &#8230; Die Bild-Zeitung ver\u00f6ffentlichte die Ergebnisse einer von ihr in Auftrag gegebenen Umfrage zur Zufriedenheit der Deutschen mit der aktuellen CDU-SPD-Koalition. Die Ergebnisse waren [&hellip;]<\/p>\n","protected":false},"author":3,"featured_media":98999,"comment_status":"open","ping_status":"open","sticky":false,"template":"","format":"standard","meta":{"_yoast_indexnow_last_ping":["1771337671"],"wp_automatic_camp":["217"],"927a8b41830506d3248c2d8371edf8d1":["Nach einem Jahr Kanzlerschaft: Deutsche sehen Merz schlechter als Olaf Scholz"],"original_link":["https:\/\/de.rt.com\/inland\/270426-merz-abgewirtschaftet-schon-nach-jahr\/"],"_thumbnail_id":["98999"],"jnews_social_counter_last_update":["1777299588"],"_wptgpro_p2tg_sent2tg":["a:1:{i:23737;s:19:\"2026-02-17 16:15:34\";}"]},"categories":[19,23],"tags":[273,2374,352,1615,67069,18728,979,7179,20682,1001,8173],"yoast_head":"<!-- This site is optimized with the Yoast SEO Premium plugin v22.7 (Yoast SEO v22.7) - https:\/\/yoast.com\/wordpress\/plugins\/seo\/ -->\n<title>Nach einem Jahr Kanzlerschaft: Deutsche sehen Merz schlechter als Olaf Scholz - just-now.NEWS Deutschland<\/title>\n<meta name=\"robots\" content=\"index, follow, max-snippet:-1, max-image-preview:large, max-video-preview:-1\" \/>\n<link rel=\"canonical\" href=\"https:\/\/now-news.de\/de\/deutschland\/nach-einem-jahr-kanzlerschaft-deutsche-sehen-merz-schlechter-als-olaf-scholz\/\" \/>\n<meta property=\"og:locale\" content=\"de_DE\" \/>\n<meta property=\"og:type\" content=\"article\" \/>\n<meta property=\"og:title\" content=\"Nach einem Jahr Kanzlerschaft: Deutsche sehen Merz schlechter als Olaf Scholz\" \/>\n<meta property=\"og:description\" content=\"Eigentlich keine \u00dcberraschung, nachdem die Liste gebrochener Wahlversprechen stetig l\u00e4nger wird; aber die aktuellen Umfragewerte der Regierung Merz sind fast schon ein historischer Negativrekord. Selbst Scholz wird als besserer Kanzler gesehen &#8230; Die Bild-Zeitung ver\u00f6ffentlichte die Ergebnisse einer von ihr in Auftrag gegebenen Umfrage zur Zufriedenheit der Deutschen mit der aktuellen CDU-SPD-Koalition. Die Ergebnisse waren [&hellip;]\" \/>\n<meta property=\"og:url\" content=\"https:\/\/now-news.de\/de\/deutschland\/nach-einem-jahr-kanzlerschaft-deutsche-sehen-merz-schlechter-als-olaf-scholz\/\" \/>\n<meta property=\"og:site_name\" content=\"just-now.NEWS Deutschland\" \/>\n<meta property=\"article:publisher\" content=\"https:\/\/www.facebook.com\/wirmachenauf\" \/>\n<meta property=\"article:published_time\" content=\"2026-02-17T14:13:02+00:00\" \/>\n<meta property=\"og:image\" content=\"https:\/\/now-news.de\/de\/wp-content\/uploads\/sites\/3\/2026\/02\/69946d9bb480cc34710c5153.jpg\" \/>\n<meta name=\"author\" content=\"rtnews\" \/>\n<meta name=\"twitter:card\" content=\"summary_large_image\" \/>\n<meta name=\"twitter:creator\" content=\"@WirMachenAuf_de\" \/>\n<meta name=\"twitter:site\" content=\"@WirMachenAuf_de\" \/>\n<meta name=\"twitter:label1\" content=\"Verfasst von\" \/>\n\t<meta name=\"twitter:data1\" content=\"rtnews\" \/>\n\t<meta name=\"twitter:label2\" content=\"Gesch\u00e4tzte Lesezeit\" \/>\n\t<meta name=\"twitter:data2\" content=\"2\u00a0Minuten\" \/>\n<script type=\"application\/ld+json\" class=\"yoast-schema-graph\">{\"@context\":\"https:\/\/schema.org\",\"@graph\":[{\"@type\":\"Article\",\"@id\":\"https:\/\/now-news.de\/de\/deutschland\/nach-einem-jahr-kanzlerschaft-deutsche-sehen-merz-schlechter-als-olaf-scholz\/#article\",\"isPartOf\":{\"@id\":\"https:\/\/now-news.de\/de\/deutschland\/nach-einem-jahr-kanzlerschaft-deutsche-sehen-merz-schlechter-als-olaf-scholz\/\"},\"author\":{\"name\":\"rtnews\",\"@id\":\"https:\/\/now-news.de\/de\/#\/schema\/person\/fb534a4e865501d8b3285208df34a9b5\"},\"headline\":\"Nach einem Jahr Kanzlerschaft: Deutsche sehen Merz schlechter als Olaf Scholz\",\"datePublished\":\"2026-02-17T14:13:02+00:00\",\"dateModified\":\"2026-02-17T14:13:02+00:00\",\"mainEntityOfPage\":{\"@id\":\"https:\/\/now-news.de\/de\/deutschland\/nach-einem-jahr-kanzlerschaft-deutsche-sehen-merz-schlechter-als-olaf-scholz\/\"},\"wordCount\":477,\"commentCount\":0,\"publisher\":{\"@id\":\"https:\/\/now-news.de\/de\/#organization\"},\"image\":{\"@id\":\"https:\/\/now-news.de\/de\/deutschland\/nach-einem-jahr-kanzlerschaft-deutsche-sehen-merz-schlechter-als-olaf-scholz\/#primaryimage\"},\"thumbnailUrl\":\"https:\/\/now-news.de\/de\/wp-content\/uploads\/sites\/3\/2026\/02\/Nach-einem-Jahr-Kanzlerschaft-Deutsche-sehen-Merz-schlechter-als-Olaf.jpg\",\"keywords\":[\"als\",\"Deutsche\",\"einem\",\"Jahr\",\"Kanzlerschaft\",\"Merz\",\"nach\",\"Olaf\",\"schlechter\",\"Scholz\",\"sehen\"],\"articleSection\":[\"Deutschland\",\"Russland\"],\"inLanguage\":\"de\",\"potentialAction\":[{\"@type\":\"CommentAction\",\"name\":\"Comment\",\"target\":[\"https:\/\/now-news.de\/de\/deutschland\/nach-einem-jahr-kanzlerschaft-deutsche-sehen-merz-schlechter-als-olaf-scholz\/#respond\"]}]},{\"@type\":\"WebPage\",\"@id\":\"https:\/\/now-news.de\/de\/deutschland\/nach-einem-jahr-kanzlerschaft-deutsche-sehen-merz-schlechter-als-olaf-scholz\/\",\"url\":\"https:\/\/now-news.de\/de\/deutschland\/nach-einem-jahr-kanzlerschaft-deutsche-sehen-merz-schlechter-als-olaf-scholz\/\",\"name\":\"Nach einem Jahr Kanzlerschaft: Deutsche sehen Merz schlechter als Olaf Scholz - just-now.NEWS Deutschland\",\"isPartOf\":{\"@id\":\"https:\/\/now-news.de\/de\/#website\"},\"primaryImageOfPage\":{\"@id\":\"https:\/\/now-news.de\/de\/deutschland\/nach-einem-jahr-kanzlerschaft-deutsche-sehen-merz-schlechter-als-olaf-scholz\/#primaryimage\"},\"image\":{\"@id\":\"https:\/\/now-news.de\/de\/deutschland\/nach-einem-jahr-kanzlerschaft-deutsche-sehen-merz-schlechter-als-olaf-scholz\/#primaryimage\"},\"thumbnailUrl\":\"https:\/\/now-news.de\/de\/wp-content\/uploads\/sites\/3\/2026\/02\/Nach-einem-Jahr-Kanzlerschaft-Deutsche-sehen-Merz-schlechter-als-Olaf.jpg\",\"datePublished\":\"2026-02-17T14:13:02+00:00\",\"dateModified\":\"2026-02-17T14:13:02+00:00\",\"breadcrumb\":{\"@id\":\"https:\/\/now-news.de\/de\/deutschland\/nach-einem-jahr-kanzlerschaft-deutsche-sehen-merz-schlechter-als-olaf-scholz\/#breadcrumb\"},\"inLanguage\":\"de\",\"potentialAction\":[{\"@type\":\"ReadAction\",\"target\":[\"https:\/\/now-news.de\/de\/deutschland\/nach-einem-jahr-kanzlerschaft-deutsche-sehen-merz-schlechter-als-olaf-scholz\/\"]}]},{\"@type\":\"ImageObject\",\"inLanguage\":\"de\",\"@id\":\"https:\/\/now-news.de\/de\/deutschland\/nach-einem-jahr-kanzlerschaft-deutsche-sehen-merz-schlechter-als-olaf-scholz\/#primaryimage\",\"url\":\"https:\/\/now-news.de\/de\/wp-content\/uploads\/sites\/3\/2026\/02\/Nach-einem-Jahr-Kanzlerschaft-Deutsche-sehen-Merz-schlechter-als-Olaf.jpg\",\"contentUrl\":\"https:\/\/now-news.de\/de\/wp-content\/uploads\/sites\/3\/2026\/02\/Nach-einem-Jahr-Kanzlerschaft-Deutsche-sehen-Merz-schlechter-als-Olaf.jpg\",\"width\":460,\"height\":259,\"caption\":\"Nach einem Jahr Kanzlerschaft: Deutsche sehen Merz schlechter als Olaf Scholz\"},{\"@type\":\"BreadcrumbList\",\"@id\":\"https:\/\/now-news.de\/de\/deutschland\/nach-einem-jahr-kanzlerschaft-deutsche-sehen-merz-schlechter-als-olaf-scholz\/#breadcrumb\",\"itemListElement\":[{\"@type\":\"ListItem\",\"position\":1,\"name\":\"Home\",\"item\":\"https:\/\/now-news.de\/de\/\"},{\"@type\":\"ListItem\",\"position\":2,\"name\":\"Nach einem Jahr Kanzlerschaft: Deutsche sehen Merz schlechter als Olaf Scholz\"}]},{\"@type\":\"WebSite\",\"@id\":\"https:\/\/now-news.de\/de\/#website\",\"url\":\"https:\/\/now-news.de\/de\/\",\"name\":\"just-now.NEWS Deutschland\",\"description\":\"Das Portal f\u00fcr unzensierte Nachrichten aus der Welt\",\"publisher\":{\"@id\":\"https:\/\/now-news.de\/de\/#organization\"},\"potentialAction\":[{\"@type\":\"SearchAction\",\"target\":{\"@type\":\"EntryPoint\",\"urlTemplate\":\"https:\/\/now-news.de\/de\/?s={search_term_string}\"},\"query-input\":\"required name=search_term_string\"}],\"inLanguage\":\"de\"},{\"@type\":\"Organization\",\"@id\":\"https:\/\/now-news.de\/de\/#organization\",\"name\":\"Just Now News\",\"url\":\"https:\/\/now-news.de\/de\/\",\"logo\":{\"@type\":\"ImageObject\",\"inLanguage\":\"de\",\"@id\":\"https:\/\/now-news.de\/de\/#\/schema\/logo\/image\/\",\"url\":\"http:\/\/just-now.news\/de\/wp-content\/uploads\/sites\/3\/2022\/04\/logo500x500.jpg\",\"contentUrl\":\"http:\/\/just-now.news\/de\/wp-content\/uploads\/sites\/3\/2022\/04\/logo500x500.jpg\",\"width\":500,\"height\":500,\"caption\":\"Just Now News\"},\"image\":{\"@id\":\"https:\/\/now-news.de\/de\/#\/schema\/logo\/image\/\"},\"sameAs\":[\"https:\/\/www.facebook.com\/wirmachenauf\",\"https:\/\/x.com\/WirMachenAuf_de\"]},{\"@type\":\"Person\",\"@id\":\"https:\/\/now-news.de\/de\/#\/schema\/person\/fb534a4e865501d8b3285208df34a9b5\",\"name\":\"rtnews\",\"image\":{\"@type\":\"ImageObject\",\"inLanguage\":\"de\",\"@id\":\"https:\/\/now-news.de\/de\/#\/schema\/person\/image\/\",\"url\":\"https:\/\/secure.gravatar.com\/avatar\/82aafea7d8127119dd649515f56e2117?s=96&d=mm&r=g\",\"contentUrl\":\"https:\/\/secure.gravatar.com\/avatar\/82aafea7d8127119dd649515f56e2117?s=96&d=mm&r=g\",\"caption\":\"rtnews\"},\"url\":\"https:\/\/now-news.de\/de\/author\/rnews\/\"}]}<\/script>\n<!-- \/ Yoast SEO Premium plugin. -->","yoast_head_json":{"title":"Nach einem Jahr Kanzlerschaft: Deutsche sehen Merz schlechter als Olaf Scholz - just-now.NEWS Deutschland","robots":{"index":"index","follow":"follow","max-snippet":"max-snippet:-1","max-image-preview":"max-image-preview:large","max-video-preview":"max-video-preview:-1"},"canonical":"https:\/\/now-news.de\/de\/deutschland\/nach-einem-jahr-kanzlerschaft-deutsche-sehen-merz-schlechter-als-olaf-scholz\/","og_locale":"de_DE","og_type":"article","og_title":"Nach einem Jahr Kanzlerschaft: Deutsche sehen Merz schlechter als Olaf Scholz","og_description":"Eigentlich keine \u00dcberraschung, nachdem die Liste gebrochener Wahlversprechen stetig l\u00e4nger wird; aber die aktuellen Umfragewerte der Regierung Merz sind fast schon ein historischer Negativrekord. Selbst Scholz wird als besserer Kanzler gesehen &#8230; Die Bild-Zeitung ver\u00f6ffentlichte die Ergebnisse einer von ihr in Auftrag gegebenen Umfrage zur Zufriedenheit der Deutschen mit der aktuellen CDU-SPD-Koalition. Die Ergebnisse waren [&hellip;]","og_url":"https:\/\/now-news.de\/de\/deutschland\/nach-einem-jahr-kanzlerschaft-deutsche-sehen-merz-schlechter-als-olaf-scholz\/","og_site_name":"just-now.NEWS Deutschland","article_publisher":"https:\/\/www.facebook.com\/wirmachenauf","article_published_time":"2026-02-17T14:13:02+00:00","og_image":[{"url":"https:\/\/now-news.de\/de\/wp-content\/uploads\/sites\/3\/2026\/02\/69946d9bb480cc34710c5153.jpg"}],"author":"rtnews","twitter_card":"summary_large_image","twitter_creator":"@WirMachenAuf_de","twitter_site":"@WirMachenAuf_de","twitter_misc":{"Verfasst von":"rtnews","Gesch\u00e4tzte Lesezeit":"2\u00a0Minuten"},"schema":{"@context":"https:\/\/schema.org","@graph":[{"@type":"Article","@id":"https:\/\/now-news.de\/de\/deutschland\/nach-einem-jahr-kanzlerschaft-deutsche-sehen-merz-schlechter-als-olaf-scholz\/#article","isPartOf":{"@id":"https:\/\/now-news.de\/de\/deutschland\/nach-einem-jahr-kanzlerschaft-deutsche-sehen-merz-schlechter-als-olaf-scholz\/"},"author":{"name":"rtnews","@id":"https:\/\/now-news.de\/de\/#\/schema\/person\/fb534a4e865501d8b3285208df34a9b5"},"headline":"Nach einem Jahr Kanzlerschaft: Deutsche sehen Merz schlechter als Olaf Scholz","datePublished":"2026-02-17T14:13:02+00:00","dateModified":"2026-02-17T14:13:02+00:00","mainEntityOfPage":{"@id":"https:\/\/now-news.de\/de\/deutschland\/nach-einem-jahr-kanzlerschaft-deutsche-sehen-merz-schlechter-als-olaf-scholz\/"},"wordCount":477,"commentCount":0,"publisher":{"@id":"https:\/\/now-news.de\/de\/#organization"},"image":{"@id":"https:\/\/now-news.de\/de\/deutschland\/nach-einem-jahr-kanzlerschaft-deutsche-sehen-merz-schlechter-als-olaf-scholz\/#primaryimage"},"thumbnailUrl":"https:\/\/now-news.de\/de\/wp-content\/uploads\/sites\/3\/2026\/02\/Nach-einem-Jahr-Kanzlerschaft-Deutsche-sehen-Merz-schlechter-als-Olaf.jpg","keywords":["als","Deutsche","einem","Jahr","Kanzlerschaft","Merz","nach","Olaf","schlechter","Scholz","sehen"],"articleSection":["Deutschland","Russland"],"inLanguage":"de","potentialAction":[{"@type":"CommentAction","name":"Comment","target":["https:\/\/now-news.de\/de\/deutschland\/nach-einem-jahr-kanzlerschaft-deutsche-sehen-merz-schlechter-als-olaf-scholz\/#respond"]}]},{"@type":"WebPage","@id":"https:\/\/now-news.de\/de\/deutschland\/nach-einem-jahr-kanzlerschaft-deutsche-sehen-merz-schlechter-als-olaf-scholz\/","url":"https:\/\/now-news.de\/de\/deutschland\/nach-einem-jahr-kanzlerschaft-deutsche-sehen-merz-schlechter-als-olaf-scholz\/","name":"Nach einem Jahr Kanzlerschaft: Deutsche sehen Merz schlechter als Olaf Scholz - just-now.NEWS Deutschland","isPartOf":{"@id":"https:\/\/now-news.de\/de\/#website"},"primaryImageOfPage":{"@id":"https:\/\/now-news.de\/de\/deutschland\/nach-einem-jahr-kanzlerschaft-deutsche-sehen-merz-schlechter-als-olaf-scholz\/#primaryimage"},"image":{"@id":"https:\/\/now-news.de\/de\/deutschland\/nach-einem-jahr-kanzlerschaft-deutsche-sehen-merz-schlechter-als-olaf-scholz\/#primaryimage"},"thumbnailUrl":"https:\/\/now-news.de\/de\/wp-content\/uploads\/sites\/3\/2026\/02\/Nach-einem-Jahr-Kanzlerschaft-Deutsche-sehen-Merz-schlechter-als-Olaf.jpg","datePublished":"2026-02-17T14:13:02+00:00","dateModified":"2026-02-17T14:13:02+00:00","breadcrumb":{"@id":"https:\/\/now-news.de\/de\/deutschland\/nach-einem-jahr-kanzlerschaft-deutsche-sehen-merz-schlechter-als-olaf-scholz\/#breadcrumb"},"inLanguage":"de","potentialAction":[{"@type":"ReadAction","target":["https:\/\/now-news.de\/de\/deutschland\/nach-einem-jahr-kanzlerschaft-deutsche-sehen-merz-schlechter-als-olaf-scholz\/"]}]},{"@type":"ImageObject","inLanguage":"de","@id":"https:\/\/now-news.de\/de\/deutschland\/nach-einem-jahr-kanzlerschaft-deutsche-sehen-merz-schlechter-als-olaf-scholz\/#primaryimage","url":"https:\/\/now-news.de\/de\/wp-content\/uploads\/sites\/3\/2026\/02\/Nach-einem-Jahr-Kanzlerschaft-Deutsche-sehen-Merz-schlechter-als-Olaf.jpg","contentUrl":"https:\/\/now-news.de\/de\/wp-content\/uploads\/sites\/3\/2026\/02\/Nach-einem-Jahr-Kanzlerschaft-Deutsche-sehen-Merz-schlechter-als-Olaf.jpg","width":460,"height":259,"caption":"Nach einem Jahr Kanzlerschaft: Deutsche sehen Merz schlechter als Olaf Scholz"},{"@type":"BreadcrumbList","@id":"https:\/\/now-news.de\/de\/deutschland\/nach-einem-jahr-kanzlerschaft-deutsche-sehen-merz-schlechter-als-olaf-scholz\/#breadcrumb","itemListElement":[{"@type":"ListItem","position":1,"name":"Home","item":"https:\/\/now-news.de\/de\/"},{"@type":"ListItem","position":2,"name":"Nach einem Jahr Kanzlerschaft: Deutsche sehen Merz schlechter als Olaf Scholz"}]},{"@type":"WebSite","@id":"https:\/\/now-news.de\/de\/#website","url":"https:\/\/now-news.de\/de\/","name":"just-now.NEWS Deutschland","description":"Das Portal f\u00fcr unzensierte Nachrichten aus der Welt","publisher":{"@id":"https:\/\/now-news.de\/de\/#organization"},"potentialAction":[{"@type":"SearchAction","target":{"@type":"EntryPoint","urlTemplate":"https:\/\/now-news.de\/de\/?s={search_term_string}"},"query-input":"required name=search_term_string"}],"inLanguage":"de"},{"@type":"Organization","@id":"https:\/\/now-news.de\/de\/#organization","name":"Just Now News","url":"https:\/\/now-news.de\/de\/","logo":{"@type":"ImageObject","inLanguage":"de","@id":"https:\/\/now-news.de\/de\/#\/schema\/logo\/image\/","url":"http:\/\/just-now.news\/de\/wp-content\/uploads\/sites\/3\/2022\/04\/logo500x500.jpg","contentUrl":"http:\/\/just-now.news\/de\/wp-content\/uploads\/sites\/3\/2022\/04\/logo500x500.jpg","width":500,"height":500,"caption":"Just Now News"},"image":{"@id":"https:\/\/now-news.de\/de\/#\/schema\/logo\/image\/"},"sameAs":["https:\/\/www.facebook.com\/wirmachenauf","https:\/\/x.com\/WirMachenAuf_de"]},{"@type":"Person","@id":"https:\/\/now-news.de\/de\/#\/schema\/person\/fb534a4e865501d8b3285208df34a9b5","name":"rtnews","image":{"@type":"ImageObject","inLanguage":"de","@id":"https:\/\/now-news.de\/de\/#\/schema\/person\/image\/","url":"https:\/\/secure.gravatar.com\/avatar\/82aafea7d8127119dd649515f56e2117?s=96&d=mm&r=g","contentUrl":"https:\/\/secure.gravatar.com\/avatar\/82aafea7d8127119dd649515f56e2117?s=96&d=mm&r=g","caption":"rtnews"},"url":"https:\/\/now-news.de\/de\/author\/rnews\/"}]}},"_links":{"self":[{"href":"https:\/\/now-news.de\/de\/wp-json\/wp\/v2\/posts\/98998"}],"collection":[{"href":"https:\/\/now-news.de\/de\/wp-json\/wp\/v2\/posts"}],"about":[{"href":"https:\/\/now-news.de\/de\/wp-json\/wp\/v2\/types\/post"}],"author":[{"embeddable":true,"href":"https:\/\/now-news.de\/de\/wp-json\/wp\/v2\/users\/3"}],"replies":[{"embeddable":true,"href":"https:\/\/now-news.de\/de\/wp-json\/wp\/v2\/comments?post=98998"}],"version-history":[{"count":0,"href":"https:\/\/now-news.de\/de\/wp-json\/wp\/v2\/posts\/98998\/revisions"}],"wp:featuredmedia":[{"embeddable":true,"href":"https:\/\/now-news.de\/de\/wp-json\/wp\/v2\/media\/98999"}],"wp:attachment":[{"href":"https:\/\/now-news.de\/de\/wp-json\/wp\/v2\/media?parent=98998"}],"wp:term":[{"taxonomy":"category","embeddable":true,"href":"https:\/\/now-news.de\/de\/wp-json\/wp\/v2\/categories?post=98998"},{"taxonomy":"post_tag","embeddable":true,"href":"https:\/\/now-news.de\/de\/wp-json\/wp\/v2\/tags?post=98998"}],"curies":[{"name":"wp","href":"https:\/\/api.w.org\/{rel}","templated":true}]}}