{"id":9899,"date":"2022-06-05T17:14:00","date_gmt":"2022-06-05T15:14:00","guid":{"rendered":"http:\/\/just-now.news\/de\/usa\/die-einfuehrung-der-covid-impfstoffe-fuehrt-zu-einem-schockierenden-anstieg-der-dauerhaften-behinderungen\/"},"modified":"2022-06-05T17:14:00","modified_gmt":"2022-06-05T15:14:00","slug":"die-einfuehrung-der-covid-impfstoffe-fuehrt-zu-einem-schockierenden-anstieg-der-dauerhaften-behinderungen","status":"publish","type":"post","link":"https:\/\/now-news.de\/de\/usa\/die-einfuehrung-der-covid-impfstoffe-fuehrt-zu-einem-schockierenden-anstieg-der-dauerhaften-behinderungen\/","title":{"rendered":"Die Einf\u00fchrung der COVID-Impfstoffe f\u00fchrt zu einem schockierenden Anstieg der dauerhaften Behinderungen"},"content":{"rendered":"<div class=\"entry-content\">\n<p><\/p>\n<p><strong>Ed Dowd<\/strong>, ein Aktieninvestment-Manager, schloss sich Anfang Mai Steve Bannon bei The War Room an.  Dowd berichtete \u00fcber die Zahlen des ersten Quartals 2022 von Bestattungsunternehmen und Versicherungsunternehmen. <\/p>\n<p>Bereits im M\u00e4rz sagte Dowd dem Publikum von The War Room, dass die US-Millennials im Alter von 25 bis 44 Jahren in den letzten vier Monaten des Jahres 2021 einen rekordverd\u00e4chtigen Anstieg der \u00dcbersterblichkeit um 84 % erlebten.<\/p>\n<div id=\"IC1-ad\" class=\"sponsor IC1\">\n<p class=\"ad-notice flipboard-remove\" fl:fl-noexcerpt=\"true\">Werbung \u2013 die Geschichte geht unten weiter<\/p>\n<div id=\"IC1\">\n<script>\n\t\t\t\t\tif( FFADS.units.IC1 && FFADS.units.IC1.ad_type == 'custom' && FFADS.units.IC1.custom_ads && ! getCookie( 'ff_subbed' ) ) {\n\t\t\t\t\t\tdocument.getElementById( 'IC1' ).innerHTML = FFADS.units.IC1.custom_ads[0].code;\n\t\t\t\t\t\tif( ! FFADS.units.IC1.lazy_load ) eval( FFADS.units.IC1.custom_ads[0].rendering_script );\n\t\t\t\t\t}\n\t\t\t\t\telse if( FFADS.units.IC1 && ! getCookie( 'ff_subbed' ) ) {\n\t\t\t\t\t\tif( 'IC' != 'SB' && 'IC' != 'SA' && FFADS.use_fixed_containers ) {\n\t\t\t\t\t\t\tlet max_wh = firefly_size_list_to_max_wh( FFADS.units.IC1.sizes );\n\t\t\t\t\t\t\tlet el = document.querySelector( '#IC1' );\n\t\t\t\t\t\t\tif( 'IC' != 'SA' && FFADS.slide_pixels ) {\n\t\t\t\t\t\t\t\tmax_wh[1] += parseInt( FFADS.slide_pixels );\n\t\t\t\t\t\t\t\tel.classList.add( 'sliding' );\n\t\t\t\t\t\t\t}\n\t\t\t\t\t\t\tel.style.width = max_wh[0] + 'px';\n\t\t\t\t\t\t\tel.style.height = max_wh[1] + 'px';\n\t\t\t\t\t\t\tel.classList.add( 'fixed-size' );\n\t\t\t\t\t\t}\n\t\t\t\t\t\tgoogletag.cmd.push( function() {\n\t\t\t\t\t\t\tFFADS.debug( 'googletag.displaying IC1' );\n\t\t\t\t\t\t\tgoogletag.display( 'IC1' );\n\t\t\t\t\t\t} );\n\t\t\t\t\t}\n\t\t\t\t\telse {\n\t\t\t\t\t\tdocument.querySelector( '#IC1-ad' ).style.display = 'none';}\n\t\t\t\t<\/script><\/div>\n<\/div>\n<p>Am Freitag gab Ed Dowd ein Update, nachdem die Zahlen f\u00fcr das erste Quartal ver\u00f6ffentlicht wurden.<\/p>\n<blockquote>\n<p><strong>Ed Dowd:<\/strong> \u201eDas \u00fcbergreifende Thema ist, dass die \u00fcberm\u00e4\u00dfige Sterblichkeit zur \u00dcberraschung vieler F\u00fchrungskr\u00e4fte nach wie vor erh\u00f6ht ist \u2026<\/p>\n<p><script>\n\t\t\t\t\tif( ! getCookie( 'ff_subbed' ) ) if( typeof FFADS.replace_ict != 'undefined' ) if( FFADS.replace_ict ) eval( FFADS.replace_ict );\n\t\t\t\t<\/script><\/p>\n<p>\u2026 Wir haben im 1. Quartal \u00fcberz\u00e4hlige Todesf\u00e4lle von rund 20 %.  Wir werden sehen, ob sich das im zweiten Quartal fortsetzt.\u201c<\/p>\n<\/blockquote>\n<p>Das waren erschreckende Zahlen.  Die Mainstream-Medien ignorieren dieses schockierende Detail weiterhin.<\/p>\n<div id=\"IC2-ad\" class=\"sponsor IC2\">\n<p class=\"ad-notice flipboard-remove\" fl:fl-noexcerpt=\"true\">Werbung \u2013 die Geschichte geht unten weiter<\/p>\n<div id=\"IC2\">\n<script>\n\t\t\t\t\tif( FFADS.units.IC2 && FFADS.units.IC2.ad_type == 'custom' && FFADS.units.IC2.custom_ads && ! getCookie( 'ff_subbed' ) ) {\n\t\t\t\t\t\tdocument.getElementById( 'IC2' ).innerHTML = FFADS.units.IC2.custom_ads[0].code;\n\t\t\t\t\t\tif( ! FFADS.units.IC2.lazy_load ) eval( FFADS.units.IC2.custom_ads[0].rendering_script );\n\t\t\t\t\t}\n\t\t\t\t\telse if( FFADS.units.IC2 && ! getCookie( 'ff_subbed' ) ) {\n\t\t\t\t\t\tif( 'IC' != 'SB' && 'IC' != 'SA' && FFADS.use_fixed_containers ) {\n\t\t\t\t\t\t\tlet max_wh = firefly_size_list_to_max_wh( FFADS.units.IC2.sizes );\n\t\t\t\t\t\t\tlet el = document.querySelector( '#IC2' );\n\t\t\t\t\t\t\tif( 'IC' != 'SA' && FFADS.slide_pixels ) {\n\t\t\t\t\t\t\t\tmax_wh[1] += parseInt( FFADS.slide_pixels );\n\t\t\t\t\t\t\t\tel.classList.add( 'sliding' );\n\t\t\t\t\t\t\t}\n\t\t\t\t\t\t\tel.style.width = max_wh[0] + 'px';\n\t\t\t\t\t\t\tel.style.height = max_wh[1] + 'px';\n\t\t\t\t\t\t\tel.classList.add( 'fixed-size' );\n\t\t\t\t\t\t}\n\t\t\t\t\t\tgoogletag.cmd.push( function() {\n\t\t\t\t\t\t\tFFADS.debug( 'googletag.displaying IC2' );\n\t\t\t\t\t\t\tgoogletag.display( 'IC2' );\n\t\t\t\t\t\t} );\n\t\t\t\t\t}\n\t\t\t\t\telse {\n\t\t\t\t\t\tdocument.querySelector( '#IC2-ad' ).style.display = 'none';}\n\t\t\t\t<\/script><\/div>\n<\/div>\n<p>An diesem Wochenende wies Ed Dowd auf eine weitere erstaunliche Statistik hin, die in den Mainstream-Medien keine Schlagzeilen macht.<\/p>\n<p>Der Anstieg der dauerhaft Behinderten hat w\u00e4hrend der COVID-Pandemie stark zugenommen.<\/p>\n<p><img decoding=\"async\" loading=\"lazy\" src=\"http:\/\/just-now.news\/de\/wp-content\/uploads\/sites\/3\/2022\/06\/1654442311_182_Die-Einfuehrung-der-COVID-Impfstoffe-fuehrt-zu-einem-schockierenden-Anstieg-der.jpg\" alt=\"\" width=\"518\" height=\"293\" class=\"alignnone size-full wp-image-741440\"  ><\/p>\n<p>Es ist also nicht nur die Zahl der ungekl\u00e4rten Todesf\u00e4lle und unerw\u00fcnschten medizinischen Ereignisse durch den Impfstoff, sondern es scheint jetzt, dass Tausende von Amerikanern nach der Einf\u00fchrung der COVID-Impfstoffe eine Behinderung bekommen.<\/p>\n<blockquote class=\"twitter-tweet\">\n<p lang=\"en\" dir=\"ltr\">Beweise f\u00fcr das Verbrechen von <a rel=\"nofollow noopener\" target=\"_blank\" href=\"https:\/\/twitter.com\/hashtag\/Democide?src=hash&amp;ref_src=twsrc%5Etfw\">#Demozid<\/a>:<\/p>\n<p>\u2705VAERS-Datenbank <br \/>\u2705CDC Gesamtsterblichkeit <br \/>\u270540\u00a0% Anstieg der Versicherungstodesf\u00e4lle im Jahr 21 <br \/>\u2705Funeral Co ergibt sich gut in 21 &#038; 22<br \/>\u2705DOD-Daten lecken \u00fcber einen enormen prozentualen Anstieg unerw\u00fcnschter medizinischer Ereignisse<\/p>\n<p>Und nun<\/p>\n<p>\u2705Behindertenstatistik vom US Bur of Labor <a rel=\"nofollow noopener\" target=\"_blank\" href=\"https:\/\/t.co\/CH3s6jeEqc\">pic.twitter.com\/CH3s6jeEqc<\/a><\/p>\n<p>\u2014 Ed \u262f\ufe0fFreidenker &#038; Orakel (@DowdEdward) <a rel=\"nofollow noopener\" target=\"_blank\" href=\"https:\/\/twitter.com\/DowdEdward\/status\/1533178594108788737\">4. Juni 2022<\/a><\/p>\n<\/blockquote>\n<div id=\"IC3-ad\" class=\"sponsor IC3\">\n<p class=\"ad-notice flipboard-remove\" fl:fl-noexcerpt=\"true\">Werbung \u2013 die Geschichte geht unten weiter<\/p>\n<div id=\"IC3\">\n<script>\n\t\t\t\t\tif( FFADS.units.IC3 && FFADS.units.IC3.ad_type == 'custom' && FFADS.units.IC3.custom_ads && ! getCookie( 'ff_subbed' ) ) {\n\t\t\t\t\t\tdocument.getElementById( 'IC3' ).innerHTML = FFADS.units.IC3.custom_ads[0].code;\n\t\t\t\t\t\tif( ! FFADS.units.IC3.lazy_load ) eval( FFADS.units.IC3.custom_ads[0].rendering_script );\n\t\t\t\t\t}\n\t\t\t\t\telse if( FFADS.units.IC3 && ! getCookie( 'ff_subbed' ) ) {\n\t\t\t\t\t\tif( 'IC' != 'SB' && 'IC' != 'SA' && FFADS.use_fixed_containers ) {\n\t\t\t\t\t\t\tlet max_wh = firefly_size_list_to_max_wh( FFADS.units.IC3.sizes );\n\t\t\t\t\t\t\tlet el = document.querySelector( '#IC3' );\n\t\t\t\t\t\t\tif( 'IC' != 'SA' && FFADS.slide_pixels ) {\n\t\t\t\t\t\t\t\tmax_wh[1] += parseInt( FFADS.slide_pixels );\n\t\t\t\t\t\t\t\tel.classList.add( 'sliding' );\n\t\t\t\t\t\t\t}\n\t\t\t\t\t\t\tel.style.width = max_wh[0] + 'px';\n\t\t\t\t\t\t\tel.style.height = max_wh[1] + 'px';\n\t\t\t\t\t\t\tel.classList.add( 'fixed-size' );\n\t\t\t\t\t\t}\n\t\t\t\t\t\tgoogletag.cmd.push( function() {\n\t\t\t\t\t\t\tFFADS.debug( 'googletag.displaying IC3' );\n\t\t\t\t\t\t\tgoogletag.display( 'IC3' );\n\t\t\t\t\t\t} );\n\t\t\t\t\t}\n\t\t\t\t\telse {\n\t\t\t\t\t\tdocument.querySelector( '#IC3-ad' ).style.display = 'none';}\n\t\t\t\t<\/script><\/div>\n<\/div>\n<p> <script async src=\"https:\/\/platform.twitter.com\/widgets.js\" charset=\"utf-8\"><\/script><\/p>\n<p class=\"article-ask\"><span class=\"ask\"><script>\n  if( getParameterByName( \"utm_source\" ) == \"testpage\" ) {\n    !function(e,t,a,n,g){e[n]=e[n]||[],e[n].push({\"gtm.start\":(new Date).getTime(),event:\"gtm.js\"});var m=t.getElementsByTagName(a)[0],r=t.createElement(a);r.async=!0,r.src=\"https:\/\/www.googletagmanager.com\/gtm.js?id=GTM-PL4PD49\",m.parentNode.insertBefore(r,m)}(window.parent,window.parent.document,\"script\",\"dataLayer\");\n    var iframe=window.parent.document.createElement(\"iframe\");iframe.src=\"https:\/\/www.googletagmanager.com\/ns.html?id=GTM-PL4PD49\";iframe.height=\"0\";iframe.width=\"0\";iframe.style=\"display:none;visibility:hidden\";window.parent.document.body.appendChild(iframe);\n    window.parent[\"$$mm-analytics\"] = window.parent[\"$$mm-analytics\"] || {};if (typeof window.parent[\"$$mm-analytics\"].firstEmbed === \"undefined\") {window.parent[\"$$mm-analytics\"].firstEmbed = Date.now();}\n    let as1 = document.createElement( \"script\" );\n    as1.src = \"https:\/\/bucket1.mm-syringe.com\/prod\/configs\/ee2300c8-43d2-7f0b-dac0-40aaf31c9d3d.js\";\n    document.body.appendChild( as1 );\n    let as2 = document.createElement( \"script\" );\n    as2.src = \"https:\/\/bucket1.mm-syringe.com\/prod\/injector\/injector.1.5.3.js\";\n    document.body.appendChild( as2 );\n  }\n<\/script><\/p>\n<div class=\"apester-media\" data-token=\"5f10a39f94902bc81d3d59a7\" data-context=\"true\" data-tags=\"\" data-fallback=\"true\" height=\"350\"><\/div>\n<p><script id=\"apester_script\" src=\"https:\/\/static.apester.com\/js\/sdk\/latest\/apester-sdk.js\" async><\/script><script async src=\"https:\/\/www.googletagmanager.com\/gtag\/js?id=G-EFE91RJVSQ\"><\/script><script>\n  window.dataLayer = window.dataLayer || [];\n  function gtag(){dataLayer.push(arguments);}\n  gtag(\\'js\\', new Date());\n  gtag(\\'config\\', \\'G-EFE91RJVSQ\\');\n<\/script><\/span><\/p>\n<\/div>\n<p><br \/>\n<br \/><a href=\"https:\/\/www.thegatewaypundit.com\/2022\/06\/introduction-covid-vaccines-sees-shocking-rise-permanent-disabilities\/\">Source link <\/a><\/p>\n","protected":false},"excerpt":{"rendered":"<p>Ed Dowd, ein Aktieninvestment-Manager, schloss sich Anfang Mai Steve Bannon bei The War Room an. Dowd berichtete \u00fcber die Zahlen des ersten Quartals 2022 von Bestattungsunternehmen und Versicherungsunternehmen. Bereits im M\u00e4rz sagte Dowd dem Publikum von The War Room, dass die US-Millennials im Alter von 25 bis 44 Jahren in den letzten vier Monaten des [&hellip;]<\/p>\n","protected":false},"author":5,"featured_media":6656,"comment_status":"open","ping_status":"open","sticky":false,"template":"","format":"standard","meta":{"wp_automatic_camp":["1161"],"43e37daa5717cb0bb98f68dd66c62b3a":["Die Einf\u00fchrung der COVID-Impfstoffe f\u00fchrt zu einem schockierenden Anstieg der dauerhaften Behinderungen\n"],"original_link":["https:\/\/www.thegatewaypundit.com\/2022\/06\/introduction-covid-vaccines-sees-shocking-rise-permanent-disabilities\/"],"_thumbnail_id":["6656"],"wp_automatic_remove_first_image":["yes"],"jnews_social_counter_last_update":["1777193217"]},"categories":[25],"tags":[19969,23222,19569,23221,82,45,352,930,3525,6615],"yoast_head":"<!-- This site is optimized with the Yoast SEO Premium plugin v22.7 (Yoast SEO v22.7) - https:\/\/yoast.com\/wordpress\/plugins\/seo\/ -->\n<title>Die Einf\u00fchrung der COVID-Impfstoffe f\u00fchrt zu einem schockierenden Anstieg der dauerhaften Behinderungen - just-now.NEWS Deutschland<\/title>\n<meta name=\"robots\" content=\"index, follow, max-snippet:-1, max-image-preview:large, max-video-preview:-1\" \/>\n<link rel=\"canonical\" href=\"https:\/\/now-news.de\/de\/usa\/die-einfuehrung-der-covid-impfstoffe-fuehrt-zu-einem-schockierenden-anstieg-der-dauerhaften-behinderungen\/\" \/>\n<meta property=\"og:locale\" content=\"de_DE\" \/>\n<meta property=\"og:type\" content=\"article\" \/>\n<meta property=\"og:title\" content=\"Die Einf\u00fchrung der COVID-Impfstoffe f\u00fchrt zu einem schockierenden Anstieg der dauerhaften Behinderungen\" \/>\n<meta property=\"og:description\" content=\"Ed Dowd, ein Aktieninvestment-Manager, schloss sich Anfang Mai Steve Bannon bei The War Room an. Dowd berichtete \u00fcber die Zahlen des ersten Quartals 2022 von Bestattungsunternehmen und Versicherungsunternehmen. Bereits im M\u00e4rz sagte Dowd dem Publikum von The War Room, dass die US-Millennials im Alter von 25 bis 44 Jahren in den letzten vier Monaten des [&hellip;]\" \/>\n<meta property=\"og:url\" content=\"https:\/\/now-news.de\/de\/usa\/die-einfuehrung-der-covid-impfstoffe-fuehrt-zu-einem-schockierenden-anstieg-der-dauerhaften-behinderungen\/\" \/>\n<meta property=\"og:site_name\" content=\"just-now.NEWS Deutschland\" \/>\n<meta property=\"article:publisher\" content=\"https:\/\/www.facebook.com\/wirmachenauf\" \/>\n<meta property=\"article:published_time\" content=\"2022-06-05T15:14:00+00:00\" \/>\n<meta property=\"og:image\" content=\"https:\/\/now-news.de\/de\/wp-content\/uploads\/sites\/3\/2022\/05\/Deutsche-Studie-Zahl-derer-die-nach-Einnahme-von-COVID-Impfstoff-unter.jpg\" \/>\n\t<meta property=\"og:image:width\" content=\"2560\" \/>\n\t<meta property=\"og:image:height\" content=\"1707\" \/>\n\t<meta property=\"og:image:type\" content=\"image\/jpeg\" \/>\n<meta name=\"author\" content=\"greatreset\" \/>\n<meta name=\"twitter:card\" content=\"summary_large_image\" \/>\n<meta name=\"twitter:creator\" content=\"@WirMachenAuf_de\" \/>\n<meta name=\"twitter:site\" content=\"@WirMachenAuf_de\" \/>\n<meta name=\"twitter:label1\" content=\"Verfasst von\" \/>\n\t<meta name=\"twitter:data1\" content=\"greatreset\" \/>\n\t<meta name=\"twitter:label2\" content=\"Gesch\u00e4tzte Lesezeit\" \/>\n\t<meta name=\"twitter:data2\" content=\"1\u00a0Minute\" \/>\n<script type=\"application\/ld+json\" class=\"yoast-schema-graph\">{\"@context\":\"https:\/\/schema.org\",\"@graph\":[{\"@type\":\"Article\",\"@id\":\"https:\/\/now-news.de\/de\/usa\/die-einfuehrung-der-covid-impfstoffe-fuehrt-zu-einem-schockierenden-anstieg-der-dauerhaften-behinderungen\/#article\",\"isPartOf\":{\"@id\":\"https:\/\/now-news.de\/de\/usa\/die-einfuehrung-der-covid-impfstoffe-fuehrt-zu-einem-schockierenden-anstieg-der-dauerhaften-behinderungen\/\"},\"author\":{\"name\":\"greatreset\",\"@id\":\"https:\/\/now-news.de\/de\/#\/schema\/person\/8afb4cd92b68572db7902c13a349ffcb\"},\"headline\":\"Die Einf\u00fchrung der COVID-Impfstoffe f\u00fchrt zu einem schockierenden Anstieg der dauerhaften Behinderungen\",\"datePublished\":\"2022-06-05T15:14:00+00:00\",\"dateModified\":\"2022-06-05T15:14:00+00:00\",\"mainEntityOfPage\":{\"@id\":\"https:\/\/now-news.de\/de\/usa\/die-einfuehrung-der-covid-impfstoffe-fuehrt-zu-einem-schockierenden-anstieg-der-dauerhaften-behinderungen\/\"},\"wordCount\":289,\"commentCount\":0,\"publisher\":{\"@id\":\"https:\/\/now-news.de\/de\/#organization\"},\"image\":{\"@id\":\"https:\/\/now-news.de\/de\/usa\/die-einfuehrung-der-covid-impfstoffe-fuehrt-zu-einem-schockierenden-anstieg-der-dauerhaften-behinderungen\/#primaryimage\"},\"thumbnailUrl\":\"https:\/\/now-news.de\/de\/wp-content\/uploads\/sites\/3\/2022\/05\/Deutsche-Studie-Zahl-derer-die-nach-Einnahme-von-COVID-Impfstoff-unter.jpg\",\"keywords\":[\"Anstieg\",\"Behinderungen\",\"COVIDImpfstoffe\",\"dauerhaften\",\"der\",\"die\",\"einem\",\"Einf\u00fchrung\",\"f\u00fchrt\",\"schockierenden\"],\"articleSection\":[\"USA\"],\"inLanguage\":\"de\",\"potentialAction\":[{\"@type\":\"CommentAction\",\"name\":\"Comment\",\"target\":[\"https:\/\/now-news.de\/de\/usa\/die-einfuehrung-der-covid-impfstoffe-fuehrt-zu-einem-schockierenden-anstieg-der-dauerhaften-behinderungen\/#respond\"]}]},{\"@type\":\"WebPage\",\"@id\":\"https:\/\/now-news.de\/de\/usa\/die-einfuehrung-der-covid-impfstoffe-fuehrt-zu-einem-schockierenden-anstieg-der-dauerhaften-behinderungen\/\",\"url\":\"https:\/\/now-news.de\/de\/usa\/die-einfuehrung-der-covid-impfstoffe-fuehrt-zu-einem-schockierenden-anstieg-der-dauerhaften-behinderungen\/\",\"name\":\"Die Einf\u00fchrung der COVID-Impfstoffe f\u00fchrt zu einem schockierenden Anstieg der dauerhaften Behinderungen - just-now.NEWS Deutschland\",\"isPartOf\":{\"@id\":\"https:\/\/now-news.de\/de\/#website\"},\"primaryImageOfPage\":{\"@id\":\"https:\/\/now-news.de\/de\/usa\/die-einfuehrung-der-covid-impfstoffe-fuehrt-zu-einem-schockierenden-anstieg-der-dauerhaften-behinderungen\/#primaryimage\"},\"image\":{\"@id\":\"https:\/\/now-news.de\/de\/usa\/die-einfuehrung-der-covid-impfstoffe-fuehrt-zu-einem-schockierenden-anstieg-der-dauerhaften-behinderungen\/#primaryimage\"},\"thumbnailUrl\":\"https:\/\/now-news.de\/de\/wp-content\/uploads\/sites\/3\/2022\/05\/Deutsche-Studie-Zahl-derer-die-nach-Einnahme-von-COVID-Impfstoff-unter.jpg\",\"datePublished\":\"2022-06-05T15:14:00+00:00\",\"dateModified\":\"2022-06-05T15:14:00+00:00\",\"breadcrumb\":{\"@id\":\"https:\/\/now-news.de\/de\/usa\/die-einfuehrung-der-covid-impfstoffe-fuehrt-zu-einem-schockierenden-anstieg-der-dauerhaften-behinderungen\/#breadcrumb\"},\"inLanguage\":\"de\",\"potentialAction\":[{\"@type\":\"ReadAction\",\"target\":[\"https:\/\/now-news.de\/de\/usa\/die-einfuehrung-der-covid-impfstoffe-fuehrt-zu-einem-schockierenden-anstieg-der-dauerhaften-behinderungen\/\"]}]},{\"@type\":\"ImageObject\",\"inLanguage\":\"de\",\"@id\":\"https:\/\/now-news.de\/de\/usa\/die-einfuehrung-der-covid-impfstoffe-fuehrt-zu-einem-schockierenden-anstieg-der-dauerhaften-behinderungen\/#primaryimage\",\"url\":\"https:\/\/now-news.de\/de\/wp-content\/uploads\/sites\/3\/2022\/05\/Deutsche-Studie-Zahl-derer-die-nach-Einnahme-von-COVID-Impfstoff-unter.jpg\",\"contentUrl\":\"https:\/\/now-news.de\/de\/wp-content\/uploads\/sites\/3\/2022\/05\/Deutsche-Studie-Zahl-derer-die-nach-Einnahme-von-COVID-Impfstoff-unter.jpg\",\"width\":2560,\"height\":1707},{\"@type\":\"BreadcrumbList\",\"@id\":\"https:\/\/now-news.de\/de\/usa\/die-einfuehrung-der-covid-impfstoffe-fuehrt-zu-einem-schockierenden-anstieg-der-dauerhaften-behinderungen\/#breadcrumb\",\"itemListElement\":[{\"@type\":\"ListItem\",\"position\":1,\"name\":\"Home\",\"item\":\"https:\/\/now-news.de\/de\/\"},{\"@type\":\"ListItem\",\"position\":2,\"name\":\"Die Einf\u00fchrung der COVID-Impfstoffe f\u00fchrt zu einem schockierenden Anstieg der dauerhaften Behinderungen\"}]},{\"@type\":\"WebSite\",\"@id\":\"https:\/\/now-news.de\/de\/#website\",\"url\":\"https:\/\/now-news.de\/de\/\",\"name\":\"just-now.NEWS Deutschland\",\"description\":\"Das Portal f\u00fcr unzensierte Nachrichten aus der Welt\",\"publisher\":{\"@id\":\"https:\/\/now-news.de\/de\/#organization\"},\"potentialAction\":[{\"@type\":\"SearchAction\",\"target\":{\"@type\":\"EntryPoint\",\"urlTemplate\":\"https:\/\/now-news.de\/de\/?s={search_term_string}\"},\"query-input\":\"required name=search_term_string\"}],\"inLanguage\":\"de\"},{\"@type\":\"Organization\",\"@id\":\"https:\/\/now-news.de\/de\/#organization\",\"name\":\"Just Now News\",\"url\":\"https:\/\/now-news.de\/de\/\",\"logo\":{\"@type\":\"ImageObject\",\"inLanguage\":\"de\",\"@id\":\"https:\/\/now-news.de\/de\/#\/schema\/logo\/image\/\",\"url\":\"http:\/\/just-now.news\/de\/wp-content\/uploads\/sites\/3\/2022\/04\/logo500x500.jpg\",\"contentUrl\":\"http:\/\/just-now.news\/de\/wp-content\/uploads\/sites\/3\/2022\/04\/logo500x500.jpg\",\"width\":500,\"height\":500,\"caption\":\"Just Now News\"},\"image\":{\"@id\":\"https:\/\/now-news.de\/de\/#\/schema\/logo\/image\/\"},\"sameAs\":[\"https:\/\/www.facebook.com\/wirmachenauf\",\"https:\/\/x.com\/WirMachenAuf_de\"]},{\"@type\":\"Person\",\"@id\":\"https:\/\/now-news.de\/de\/#\/schema\/person\/8afb4cd92b68572db7902c13a349ffcb\",\"name\":\"greatreset\",\"image\":{\"@type\":\"ImageObject\",\"inLanguage\":\"de\",\"@id\":\"https:\/\/now-news.de\/de\/#\/schema\/person\/image\/\",\"url\":\"https:\/\/secure.gravatar.com\/avatar\/a088df625d49991c090e78c8b9542592?s=96&d=mm&r=g\",\"contentUrl\":\"https:\/\/secure.gravatar.com\/avatar\/a088df625d49991c090e78c8b9542592?s=96&d=mm&r=g\",\"caption\":\"greatreset\"},\"url\":\"https:\/\/now-news.de\/de\/author\/greatreset\/\"}]}<\/script>\n<!-- \/ Yoast SEO Premium plugin. -->","yoast_head_json":{"title":"Die Einf\u00fchrung der COVID-Impfstoffe f\u00fchrt zu einem schockierenden Anstieg der dauerhaften Behinderungen - just-now.NEWS Deutschland","robots":{"index":"index","follow":"follow","max-snippet":"max-snippet:-1","max-image-preview":"max-image-preview:large","max-video-preview":"max-video-preview:-1"},"canonical":"https:\/\/now-news.de\/de\/usa\/die-einfuehrung-der-covid-impfstoffe-fuehrt-zu-einem-schockierenden-anstieg-der-dauerhaften-behinderungen\/","og_locale":"de_DE","og_type":"article","og_title":"Die Einf\u00fchrung der COVID-Impfstoffe f\u00fchrt zu einem schockierenden Anstieg der dauerhaften Behinderungen","og_description":"Ed Dowd, ein Aktieninvestment-Manager, schloss sich Anfang Mai Steve Bannon bei The War Room an. Dowd berichtete \u00fcber die Zahlen des ersten Quartals 2022 von Bestattungsunternehmen und Versicherungsunternehmen. Bereits im M\u00e4rz sagte Dowd dem Publikum von The War Room, dass die US-Millennials im Alter von 25 bis 44 Jahren in den letzten vier Monaten des [&hellip;]","og_url":"https:\/\/now-news.de\/de\/usa\/die-einfuehrung-der-covid-impfstoffe-fuehrt-zu-einem-schockierenden-anstieg-der-dauerhaften-behinderungen\/","og_site_name":"just-now.NEWS Deutschland","article_publisher":"https:\/\/www.facebook.com\/wirmachenauf","article_published_time":"2022-06-05T15:14:00+00:00","og_image":[{"width":2560,"height":1707,"url":"https:\/\/now-news.de\/de\/wp-content\/uploads\/sites\/3\/2022\/05\/Deutsche-Studie-Zahl-derer-die-nach-Einnahme-von-COVID-Impfstoff-unter.jpg","type":"image\/jpeg"}],"author":"greatreset","twitter_card":"summary_large_image","twitter_creator":"@WirMachenAuf_de","twitter_site":"@WirMachenAuf_de","twitter_misc":{"Verfasst von":"greatreset","Gesch\u00e4tzte Lesezeit":"1\u00a0Minute"},"schema":{"@context":"https:\/\/schema.org","@graph":[{"@type":"Article","@id":"https:\/\/now-news.de\/de\/usa\/die-einfuehrung-der-covid-impfstoffe-fuehrt-zu-einem-schockierenden-anstieg-der-dauerhaften-behinderungen\/#article","isPartOf":{"@id":"https:\/\/now-news.de\/de\/usa\/die-einfuehrung-der-covid-impfstoffe-fuehrt-zu-einem-schockierenden-anstieg-der-dauerhaften-behinderungen\/"},"author":{"name":"greatreset","@id":"https:\/\/now-news.de\/de\/#\/schema\/person\/8afb4cd92b68572db7902c13a349ffcb"},"headline":"Die Einf\u00fchrung der COVID-Impfstoffe f\u00fchrt zu einem schockierenden Anstieg der dauerhaften Behinderungen","datePublished":"2022-06-05T15:14:00+00:00","dateModified":"2022-06-05T15:14:00+00:00","mainEntityOfPage":{"@id":"https:\/\/now-news.de\/de\/usa\/die-einfuehrung-der-covid-impfstoffe-fuehrt-zu-einem-schockierenden-anstieg-der-dauerhaften-behinderungen\/"},"wordCount":289,"commentCount":0,"publisher":{"@id":"https:\/\/now-news.de\/de\/#organization"},"image":{"@id":"https:\/\/now-news.de\/de\/usa\/die-einfuehrung-der-covid-impfstoffe-fuehrt-zu-einem-schockierenden-anstieg-der-dauerhaften-behinderungen\/#primaryimage"},"thumbnailUrl":"https:\/\/now-news.de\/de\/wp-content\/uploads\/sites\/3\/2022\/05\/Deutsche-Studie-Zahl-derer-die-nach-Einnahme-von-COVID-Impfstoff-unter.jpg","keywords":["Anstieg","Behinderungen","COVIDImpfstoffe","dauerhaften","der","die","einem","Einf\u00fchrung","f\u00fchrt","schockierenden"],"articleSection":["USA"],"inLanguage":"de","potentialAction":[{"@type":"CommentAction","name":"Comment","target":["https:\/\/now-news.de\/de\/usa\/die-einfuehrung-der-covid-impfstoffe-fuehrt-zu-einem-schockierenden-anstieg-der-dauerhaften-behinderungen\/#respond"]}]},{"@type":"WebPage","@id":"https:\/\/now-news.de\/de\/usa\/die-einfuehrung-der-covid-impfstoffe-fuehrt-zu-einem-schockierenden-anstieg-der-dauerhaften-behinderungen\/","url":"https:\/\/now-news.de\/de\/usa\/die-einfuehrung-der-covid-impfstoffe-fuehrt-zu-einem-schockierenden-anstieg-der-dauerhaften-behinderungen\/","name":"Die Einf\u00fchrung der COVID-Impfstoffe f\u00fchrt zu einem schockierenden Anstieg der dauerhaften Behinderungen - just-now.NEWS Deutschland","isPartOf":{"@id":"https:\/\/now-news.de\/de\/#website"},"primaryImageOfPage":{"@id":"https:\/\/now-news.de\/de\/usa\/die-einfuehrung-der-covid-impfstoffe-fuehrt-zu-einem-schockierenden-anstieg-der-dauerhaften-behinderungen\/#primaryimage"},"image":{"@id":"https:\/\/now-news.de\/de\/usa\/die-einfuehrung-der-covid-impfstoffe-fuehrt-zu-einem-schockierenden-anstieg-der-dauerhaften-behinderungen\/#primaryimage"},"thumbnailUrl":"https:\/\/now-news.de\/de\/wp-content\/uploads\/sites\/3\/2022\/05\/Deutsche-Studie-Zahl-derer-die-nach-Einnahme-von-COVID-Impfstoff-unter.jpg","datePublished":"2022-06-05T15:14:00+00:00","dateModified":"2022-06-05T15:14:00+00:00","breadcrumb":{"@id":"https:\/\/now-news.de\/de\/usa\/die-einfuehrung-der-covid-impfstoffe-fuehrt-zu-einem-schockierenden-anstieg-der-dauerhaften-behinderungen\/#breadcrumb"},"inLanguage":"de","potentialAction":[{"@type":"ReadAction","target":["https:\/\/now-news.de\/de\/usa\/die-einfuehrung-der-covid-impfstoffe-fuehrt-zu-einem-schockierenden-anstieg-der-dauerhaften-behinderungen\/"]}]},{"@type":"ImageObject","inLanguage":"de","@id":"https:\/\/now-news.de\/de\/usa\/die-einfuehrung-der-covid-impfstoffe-fuehrt-zu-einem-schockierenden-anstieg-der-dauerhaften-behinderungen\/#primaryimage","url":"https:\/\/now-news.de\/de\/wp-content\/uploads\/sites\/3\/2022\/05\/Deutsche-Studie-Zahl-derer-die-nach-Einnahme-von-COVID-Impfstoff-unter.jpg","contentUrl":"https:\/\/now-news.de\/de\/wp-content\/uploads\/sites\/3\/2022\/05\/Deutsche-Studie-Zahl-derer-die-nach-Einnahme-von-COVID-Impfstoff-unter.jpg","width":2560,"height":1707},{"@type":"BreadcrumbList","@id":"https:\/\/now-news.de\/de\/usa\/die-einfuehrung-der-covid-impfstoffe-fuehrt-zu-einem-schockierenden-anstieg-der-dauerhaften-behinderungen\/#breadcrumb","itemListElement":[{"@type":"ListItem","position":1,"name":"Home","item":"https:\/\/now-news.de\/de\/"},{"@type":"ListItem","position":2,"name":"Die Einf\u00fchrung der COVID-Impfstoffe f\u00fchrt zu einem schockierenden Anstieg der dauerhaften Behinderungen"}]},{"@type":"WebSite","@id":"https:\/\/now-news.de\/de\/#website","url":"https:\/\/now-news.de\/de\/","name":"just-now.NEWS Deutschland","description":"Das Portal f\u00fcr unzensierte Nachrichten aus der Welt","publisher":{"@id":"https:\/\/now-news.de\/de\/#organization"},"potentialAction":[{"@type":"SearchAction","target":{"@type":"EntryPoint","urlTemplate":"https:\/\/now-news.de\/de\/?s={search_term_string}"},"query-input":"required name=search_term_string"}],"inLanguage":"de"},{"@type":"Organization","@id":"https:\/\/now-news.de\/de\/#organization","name":"Just Now News","url":"https:\/\/now-news.de\/de\/","logo":{"@type":"ImageObject","inLanguage":"de","@id":"https:\/\/now-news.de\/de\/#\/schema\/logo\/image\/","url":"http:\/\/just-now.news\/de\/wp-content\/uploads\/sites\/3\/2022\/04\/logo500x500.jpg","contentUrl":"http:\/\/just-now.news\/de\/wp-content\/uploads\/sites\/3\/2022\/04\/logo500x500.jpg","width":500,"height":500,"caption":"Just Now News"},"image":{"@id":"https:\/\/now-news.de\/de\/#\/schema\/logo\/image\/"},"sameAs":["https:\/\/www.facebook.com\/wirmachenauf","https:\/\/x.com\/WirMachenAuf_de"]},{"@type":"Person","@id":"https:\/\/now-news.de\/de\/#\/schema\/person\/8afb4cd92b68572db7902c13a349ffcb","name":"greatreset","image":{"@type":"ImageObject","inLanguage":"de","@id":"https:\/\/now-news.de\/de\/#\/schema\/person\/image\/","url":"https:\/\/secure.gravatar.com\/avatar\/a088df625d49991c090e78c8b9542592?s=96&d=mm&r=g","contentUrl":"https:\/\/secure.gravatar.com\/avatar\/a088df625d49991c090e78c8b9542592?s=96&d=mm&r=g","caption":"greatreset"},"url":"https:\/\/now-news.de\/de\/author\/greatreset\/"}]}},"_links":{"self":[{"href":"https:\/\/now-news.de\/de\/wp-json\/wp\/v2\/posts\/9899"}],"collection":[{"href":"https:\/\/now-news.de\/de\/wp-json\/wp\/v2\/posts"}],"about":[{"href":"https:\/\/now-news.de\/de\/wp-json\/wp\/v2\/types\/post"}],"author":[{"embeddable":true,"href":"https:\/\/now-news.de\/de\/wp-json\/wp\/v2\/users\/5"}],"replies":[{"embeddable":true,"href":"https:\/\/now-news.de\/de\/wp-json\/wp\/v2\/comments?post=9899"}],"version-history":[{"count":0,"href":"https:\/\/now-news.de\/de\/wp-json\/wp\/v2\/posts\/9899\/revisions"}],"wp:featuredmedia":[{"embeddable":true,"href":"https:\/\/now-news.de\/de\/wp-json\/wp\/v2\/media\/6656"}],"wp:attachment":[{"href":"https:\/\/now-news.de\/de\/wp-json\/wp\/v2\/media?parent=9899"}],"wp:term":[{"taxonomy":"category","embeddable":true,"href":"https:\/\/now-news.de\/de\/wp-json\/wp\/v2\/categories?post=9899"},{"taxonomy":"post_tag","embeddable":true,"href":"https:\/\/now-news.de\/de\/wp-json\/wp\/v2\/tags?post=9899"}],"curies":[{"name":"wp","href":"https:\/\/api.w.org\/{rel}","templated":true}]}}