{"id":98960,"date":"2026-02-16T20:00:55","date_gmt":"2026-02-16T18:00:55","guid":{"rendered":"https:\/\/now-news.de\/de\/deutschland\/aufmarsch-der-jubelperser-mit-mordaufrufen-und-naziparolen-fuer-westliche-werte\/"},"modified":"2026-02-16T20:00:55","modified_gmt":"2026-02-16T18:00:55","slug":"aufmarsch-der-jubelperser-mit-mordaufrufen-und-naziparolen-fuer-westliche-werte","status":"publish","type":"post","link":"https:\/\/now-news.de\/de\/deutschland\/aufmarsch-der-jubelperser-mit-mordaufrufen-und-naziparolen-fuer-westliche-werte\/","title":{"rendered":"Aufmarsch der &quot;Jubelperser&quot;: Mit Mordaufrufen und Naziparolen f\u00fcr &quot;westliche Werte&quot;"},"content":{"rendered":"<p><img decoding=\"async\" src=\"https:\/\/now-news.de\/de\/wp-content\/uploads\/sites\/3\/2026\/02\/6993589748fbef50210c6f72.jpg\" \/><\/p>\n<div class=\"Text-root Text-type_1 \">\n                Ein Riesenaufmarsch prowestlicher und proisraelischer Anh\u00e4nger des aus den USA angereisten iranischen Schah-Sohns am Rande der M\u00fcnchner &#8220;Sicherheitskonferenz&#8221; versetzte deutsche Medien und Politiker in Verz\u00fcckung. Die Naziparolen und Mordaufrufe gegen Linke verschwiegen sie.\n            <\/div>\n<p><\/p>\n<div class=\"Text-root Text-type_5 ArticleView-text ViewText-root \">\n<p><em>Von Alexandra Nollok<\/em><\/p>\n<p>So hat es die &#8220;wertewestliche&#8221; Elite gerne: Vor der M\u00fcnchner Sicherheitskonferenz (MSC) wehte am Samstag ein Meer aus Fahnen der iranischen Schah-Diktatur, dazu US-amerikanische, israelische, deutsche und einige Ukraine-Flaggen. Zehntausende Freunde des NATO-Imperialismus, teils angekarrt mit Bussen aus ganz Europa, jubelten dem aus den USA eingeflogenen Schah-Sohn Reza Pahlavi zu, darunter iranische Exil-Monarchisten, fanatische Trump-Anh\u00e4nger, pro-israelische Aktivisten, rechtsextreme Nationalisten und allerlei Pers\u00f6nlichkeiten aus Politik und Wirtschaft. Teilnehmer riefen \u00f6ffentlich zum Mord an Linken auf, Naziparolen erklangen. Das weckt Erinnerungen an den Maidan-Putsch in der Ukraine.<\/p>\n<p><strong>Propaganda f\u00fcr Krieg und Monarchie<\/strong><\/p>\n<p>Der NATO-Presse lieferte der illustre Auflauf von Schah-Anh\u00e4ngern aller Couleur (schon Pahlavis Vater kannte sich mit der Instrumentalisierung sogenannter &#8220;Jubelperser&#8221; aus) jedenfalls die passenden Bilder, um die Teilnehmerzahlen zus\u00e4tzlich aufzublasen, &#8220;westliche Werte&#8221; abzufeiern, implizit israelische Verbrechen zu verharmlosen, einem US-Krieg gegen Iran \u2013 zu dem Pahlavi aufrief \u2013 mehr oder weniger subtil das Wort zu reden und den US-gesponserten Kapital-Monarchen als &#8220;Demokraten&#8221; zu verkl\u00e4ren.<\/p>\n<p>Dass Pahlavis Vater 1953 durch einen von den britischen und US-Geheimdiensten initiierten Putsch (Operation Ajax) an die Macht kam, nachdem der damalige demokratische Pr\u00e4sident Mohammad Mossadegh die iranische \u00d6lindustrie verstaatlicht hatte, und bis zur iranischen Revolution 1979 eine grausame Diktatur f\u00fchrte, die die Bev\u00f6lkerung in Armut hielt und vor allem linke Oppositionelle wegsperren, foltern oder gleich hinrichten lie\u00df, sparten deutsche Leitmedien in ihrer Berichterstattung weitgehend aus.<\/p>\n<p><strong>CIA-gest\u00fctzt und pro-israelisch<\/strong><\/p>\n<p>Mit keinem Wort erw\u00e4hnte die deutsche Presse die expliziten Hinweise auf millionenschwere, gesteuerte <a rel=\"nofollow noopener\" target=\"_blank\" href=\"https:\/\/www.bbc.com\/news\/videos\/cd6wndx24ldo\">Internetkampagnen<\/a> f\u00fcr die angebliche &#8220;Lichtgestalt&#8221; im US-Exil, dessen Vater 1979 vor seiner Flucht aus dem Iran noch rechtzeitig seine zusammengeraubten Millionen gesichert hatte, von denen Pahlavi angeblich bis heute lebt. Dass er von der CIA massiv unterst\u00fctzt wurde, ist zumindest f\u00fcr die Vergangenheit belegt \u2013 und es ist wenig plausibel, dass es damit vorbei sein k\u00f6nnte. Auch zur israelischen Politik pflegt er bis heute beste <a rel=\"nofollow noopener\" target=\"_blank\" href=\"https:\/\/www.juedische-allgemeine.de\/israel\/sohn-von-ex-schah-trifft-top-politiker\/\">Verbindungen<\/a>.\u00a0<\/p>\n<p>Als Marionette der westlichen Oligarchie durfte sich Pahlavi bei\u00a0der MSC medienwirksam als F\u00fchrer des iranischen Widerstands <a rel=\"nofollow noopener\" target=\"_blank\" href=\"https:\/\/www.ardmediathek.de\/video\/br24extra\/reza-pahlavi-muessen-regime-ueberwinden-62-muenchner-sicherheitskonferenz-msc\/br\/Y3JpZDovL2JyLmRlL2Jyb2FkY2FzdC85YzFhMjdjMi0zZmU2LTQwYmQtYjUxMS0zOTAyZDQ1ZGFiMTlfb25saW5lYnJvYWRjYXN0L3NlY3Rpb24vOWMxYTI3YzItM2ZlNi00MGJkLWI1MTEtMzkwMmQ0NWRhYjE5\">inszenieren<\/a>. \u00a0Getarnt als &#8220;neutrale Berichterstattung&#8221; stimmten viele Leitmedien, darunter das <em><a rel=\"nofollow noopener\" target=\"_blank\" href=\"https:\/\/www.zdfheute.de\/politik\/iran-demo-muenchen-protest-sicherheitskonferenz-100.html\">ZDF<\/a><\/em>, in den Chor der &#8220;Jubelperser&#8221; ein.\u00a0<\/p>\n<p><strong>Mordaufrufe und Naziparolen<\/strong><\/p>\n<p>Knallharter Antikommunismus geh\u00f6rt zu Pahlavis Programm. Die <em>Zeit<\/em>\u00a0<a rel=\"nofollow noopener\" target=\"_blank\" href=\"https:\/\/www.zeit.de\/politik\/2026-02\/iran-demonstration-muenchen-schah-reza-pahlavi-sicherheitskonferenz\">berichtete<\/a>, die Demo-Organisatoren h\u00e4tten den Teilnehmern beim Auftakt geraten, entsprechende Parolen semantisch abzumildern: Statt &#8220;Tod den drei Korrupten&#8221; sollten sie rufen: &#8220;Schande \u00fcber die drei Korrupten&#8221;. Der Slogan richtet sich nicht nur gegen die Mullahs, sondern auch gegen deren linke Opposition inner- und au\u00dferhalb Irans.<\/p>\n<p>Was die <em>Zeit<\/em> und andere Medien geflissentlich verschwiegen: Bei diesem Slogan blieb es nicht. Videos belegen, wie Demonstranten lautstark Mordaufrufe auf Persisch <a rel=\"nofollow noopener\" target=\"_blank\" href=\"https:\/\/x.com\/FarNam100\/status\/2023105637941731491\">skandieren<\/a>, darunter: &#8220;Tod den Linken! \u2013 Wir sind Arier, wir verehren keine Araber!&#8221; Pahlavi selbst rief demnach augenscheinlich von der B\u00fchne:<\/p>\n<blockquote>\n<p><em>&#8220;Ein Volk, ein Reich, ein F\u00fchrer!&#8221;<\/em><\/p>\n<\/blockquote>\n<p>Das Publikum zollte der astreinen Naziparole frenetischen Beifall, w\u00e4hrend die Polizei nur zusah. Dass es der Staatsgewalt in M\u00fcnchen an Persisch-\u00dcbersetzern gemangelt haben k\u00f6nnte, ist wohl auszuschlie\u00dfen.<\/p>\n<p><strong>Wer hat das bezahlt?<\/strong><\/p>\n<p>Als Hauptorganisator des M\u00fcnchner Aufmarschs im Rahmen eines &#8220;<a rel=\"nofollow noopener\" target=\"_blank\" href=\"https:\/\/themunichcircle.de\/weltweiter-aktionstag-in-muenchen-am-14-02-2026-munich\/\">weltweiten Aktionstages<\/a>&#8221; der pro-westlichen Schah-Monarchisten firmiert der eher unscheinbare Verein f\u00fcr Exil-Iraner namens &#8220;The Munich Circle&#8221; (Der M\u00fcnchner Zirkel). \u00a0Auf seiner Webseite gibt er sich als &#8220;parteipolitisch neutral&#8221; und &#8220;frei von Ideologien&#8221; aus.<\/p>\n<p>Sein Aufruf gibt derweil ein v\u00f6llig anderes Bild ab. Dort hei\u00dft es in der \u00dcberschrift: &#8220;Solidarit\u00e4t mit der L\u00f6wen- und Sonnenrevolution im Iran.&#8221; Der L\u00f6we und die Sonne sind explizite Schah-Symbole, die Demonstranten massenhaft auf Flaggen zur Schau stellten. F\u00fcr eine R\u00fcckkehr des Schah-Sohns aus den USA als neuer Diktator standen die meisten Demonstranten in Iran ganz sicher nicht \u2013 anders als manch ein Exil-Iraner.<\/p>\n<p>Unklar bleibt, woher das viele Geld denn stammt, das die Gro\u00dfkundgebung verschlungen haben muss \u2013 inklusive wohl hunderter gecharterter Busse, mit denen die iranischen und nicht iranischen <a rel=\"nofollow noopener\" target=\"_blank\" href=\"https:\/\/www.bild.de\/regional\/muenchen\/aufruf-von-reza-pahlavi-250-000-anti-mullah-demonstranten-in-muenchen-699081a64dbaca5052527fb6\">Schah-Anh\u00e4nger<\/a> verbilligt und teils mit ausgiebiger Verpflegung aus dem In- und Ausland angereist waren.\u00a0<\/p>\n<p><strong>Vasallen f\u00fcr die US-Oligarchie<\/strong><\/p>\n<p>Es hat wohl seinen Grund, weshalb sich republikanische US-Politiker wie Senator Lindsey Graham (mit MAGA-K\u00e4ppi) und pro-israelische Propagandisten wie Michel Friedmann auf der B\u00fchne &#8220;die Klinke in die Hand&#8221; <a rel=\"nofollow noopener\" target=\"_blank\" href=\"https:\/\/www.handelsblatt.com\/dpa\/internationale-politik-gross-demos-in-mehreren-laendern-fuer-freiheit-im-iran\/100200541.html\">gaben<\/a>. Hellh\u00f6rig werden sollte man auch, wenn deutsche Medien und hochrangige Politiker von der CDU \u00fcber die SPD und die Gr\u00fcnen bis hin zur AfD, die sich sonst gern als Vorzeigedemokraten (und Tonangeber \u00fcber die ganze Welt) aufspielen, nun pl\u00f6tzlich f\u00fcr einen monarchistischen Umsturz in Iran, made in USA, teils sehr euphorisch werben.<\/p>\n<p>Da darf man schon mal \u00fcber finanzkr\u00e4ftige Unterst\u00fctzer und aktive Propaganda-Netzwerke spekulieren. Die sind eher nicht an Menschenrechten in\u00a0Iran (und anderswo) interessiert, daf\u00fcr wom\u00f6glich an etwas ganz anderem: der globalen Errichtung (faschistischer) Vasallendiktaturen zugunsten der US-Oligarchie, um deren imperiale Weltmacht neu abzusichern. Der Trend geht jedenfalls genau dahin \u2013 auch in Europa.<\/p>\n<p><strong>Mehr zum Thema<\/strong> &#8211;\u00a0 <a rel=\"nofollow noopener\" target=\"_blank\" href=\"https:\/\/freedert.online\/international\/269826-trump-iran-und-illusion-schnellen\/\">Trump, Iran und die Illusion des &#8220;schnellen Sieges&#8221;<\/a><\/p>\n<div class=\"EmbedBlock-root EmbedBlock-externalVideo EmbedBlock-rumble\">\n<div class=\"VkEmbed\"><iframe class=\"lazyload\" data-src=\"https:\/\/rumble.com\/embed\/v73dg9q\" frameborder=\"0\" width=\"853\" height=\"480\" allowfullscreen><\/iframe><\/div>\n<\/div>\n<\/div>\n<p><br \/>\n<br \/><a href=\"https:\/\/de.rt.com\/meinung\/270339-aufmarsch-jubelperser-mit-mordaufrufen-und\/\">Source link <\/a><\/p>\n","protected":false},"excerpt":{"rendered":"<p>Ein Riesenaufmarsch prowestlicher und proisraelischer Anh\u00e4nger des aus den USA angereisten iranischen Schah-Sohns am Rande der M\u00fcnchner &#8220;Sicherheitskonferenz&#8221; versetzte deutsche Medien und Politiker in Verz\u00fcckung. Die Naziparolen und Mordaufrufe gegen Linke verschwiegen sie. Von Alexandra Nollok So hat es die &#8220;wertewestliche&#8221; Elite gerne: Vor der M\u00fcnchner Sicherheitskonferenz (MSC) wehte am Samstag ein Meer aus Fahnen [&hellip;]<\/p>\n","protected":false},"author":3,"featured_media":98961,"comment_status":"open","ping_status":"open","sticky":false,"template":"","format":"standard","meta":{"_yoast_indexnow_last_ping":["1771265359"],"wp_automatic_camp":["217"],"b24add9434080ecca21d0e3275309bcb":["Aufmarsch der &quot;Jubelperser&quot;: Mit Mordaufrufen und Naziparolen f\u00fcr &quot;westliche Werte&quot;"],"original_link":["https:\/\/de.rt.com\/meinung\/270339-aufmarsch-jubelperser-mit-mordaufrufen-und\/"],"_thumbnail_id":["98961"],"jnews_social_counter_last_update":["1777109149"],"_wptgpro_p2tg_sent2tg":["a:1:{i:23737;s:19:\"2026-02-16 20:10:30\";}"]},"categories":[19,23],"tags":[56121,82,221,419,71259,66275,71258,47939,140,27755],"yoast_head":"<!-- This site is optimized with the Yoast SEO Premium plugin v22.7 (Yoast SEO v22.7) - https:\/\/yoast.com\/wordpress\/plugins\/seo\/ -->\n<title>Aufmarsch der &quot;Jubelperser&quot;: Mit Mordaufrufen und Naziparolen f\u00fcr &quot;westliche Werte&quot; - just-now.NEWS Deutschland<\/title>\n<meta name=\"robots\" content=\"index, follow, max-snippet:-1, max-image-preview:large, max-video-preview:-1\" \/>\n<link rel=\"canonical\" href=\"https:\/\/now-news.de\/de\/deutschland\/aufmarsch-der-jubelperser-mit-mordaufrufen-und-naziparolen-fuer-westliche-werte\/\" \/>\n<meta property=\"og:locale\" content=\"de_DE\" \/>\n<meta property=\"og:type\" content=\"article\" \/>\n<meta property=\"og:title\" content=\"Aufmarsch der &quot;Jubelperser&quot;: Mit Mordaufrufen und Naziparolen f\u00fcr &quot;westliche Werte&quot;\" \/>\n<meta property=\"og:description\" content=\"Ein Riesenaufmarsch prowestlicher und proisraelischer Anh\u00e4nger des aus den USA angereisten iranischen Schah-Sohns am Rande der M\u00fcnchner &#8220;Sicherheitskonferenz&#8221; versetzte deutsche Medien und Politiker in Verz\u00fcckung. Die Naziparolen und Mordaufrufe gegen Linke verschwiegen sie. Von Alexandra Nollok So hat es die &#8220;wertewestliche&#8221; Elite gerne: Vor der M\u00fcnchner Sicherheitskonferenz (MSC) wehte am Samstag ein Meer aus Fahnen [&hellip;]\" \/>\n<meta property=\"og:url\" content=\"https:\/\/now-news.de\/de\/deutschland\/aufmarsch-der-jubelperser-mit-mordaufrufen-und-naziparolen-fuer-westliche-werte\/\" \/>\n<meta property=\"og:site_name\" content=\"just-now.NEWS Deutschland\" \/>\n<meta property=\"article:publisher\" content=\"https:\/\/www.facebook.com\/wirmachenauf\" \/>\n<meta property=\"article:published_time\" content=\"2026-02-16T18:00:55+00:00\" \/>\n<meta property=\"og:image\" content=\"https:\/\/now-news.de\/de\/wp-content\/uploads\/sites\/3\/2026\/02\/6993589748fbef50210c6f72.jpg\" \/>\n<meta name=\"author\" content=\"rtnews\" \/>\n<meta name=\"twitter:card\" content=\"summary_large_image\" \/>\n<meta name=\"twitter:creator\" content=\"@WirMachenAuf_de\" \/>\n<meta name=\"twitter:site\" content=\"@WirMachenAuf_de\" \/>\n<meta name=\"twitter:label1\" content=\"Verfasst von\" \/>\n\t<meta name=\"twitter:data1\" content=\"rtnews\" \/>\n\t<meta name=\"twitter:label2\" content=\"Gesch\u00e4tzte Lesezeit\" \/>\n\t<meta name=\"twitter:data2\" content=\"4\u00a0Minuten\" \/>\n<script type=\"application\/ld+json\" class=\"yoast-schema-graph\">{\"@context\":\"https:\/\/schema.org\",\"@graph\":[{\"@type\":\"Article\",\"@id\":\"https:\/\/now-news.de\/de\/deutschland\/aufmarsch-der-jubelperser-mit-mordaufrufen-und-naziparolen-fuer-westliche-werte\/#article\",\"isPartOf\":{\"@id\":\"https:\/\/now-news.de\/de\/deutschland\/aufmarsch-der-jubelperser-mit-mordaufrufen-und-naziparolen-fuer-westliche-werte\/\"},\"author\":{\"name\":\"rtnews\",\"@id\":\"https:\/\/now-news.de\/de\/#\/schema\/person\/fb534a4e865501d8b3285208df34a9b5\"},\"headline\":\"Aufmarsch der &quot;Jubelperser&quot;: Mit Mordaufrufen und Naziparolen f\u00fcr &quot;westliche Werte&quot;\",\"datePublished\":\"2026-02-16T18:00:55+00:00\",\"dateModified\":\"2026-02-16T18:00:55+00:00\",\"mainEntityOfPage\":{\"@id\":\"https:\/\/now-news.de\/de\/deutschland\/aufmarsch-der-jubelperser-mit-mordaufrufen-und-naziparolen-fuer-westliche-werte\/\"},\"wordCount\":867,\"commentCount\":0,\"publisher\":{\"@id\":\"https:\/\/now-news.de\/de\/#organization\"},\"image\":{\"@id\":\"https:\/\/now-news.de\/de\/deutschland\/aufmarsch-der-jubelperser-mit-mordaufrufen-und-naziparolen-fuer-westliche-werte\/#primaryimage\"},\"thumbnailUrl\":\"https:\/\/now-news.de\/de\/wp-content\/uploads\/sites\/3\/2026\/02\/Aufmarsch-der-quotJubelperserquot-Mit-Mordaufrufen-und-Naziparolen-fuer-quotwestliche-Wertequot.jpg\",\"keywords\":[\"Aufmarsch\",\"der\",\"f\u00fcr\",\"mit\",\"Mordaufrufen\",\"NaziParolen\",\"quotJubelperserquot\",\"quotWestliche\",\"und\",\"Wertequot\"],\"articleSection\":[\"Deutschland\",\"Russland\"],\"inLanguage\":\"de\",\"potentialAction\":[{\"@type\":\"CommentAction\",\"name\":\"Comment\",\"target\":[\"https:\/\/now-news.de\/de\/deutschland\/aufmarsch-der-jubelperser-mit-mordaufrufen-und-naziparolen-fuer-westliche-werte\/#respond\"]}]},{\"@type\":\"WebPage\",\"@id\":\"https:\/\/now-news.de\/de\/deutschland\/aufmarsch-der-jubelperser-mit-mordaufrufen-und-naziparolen-fuer-westliche-werte\/\",\"url\":\"https:\/\/now-news.de\/de\/deutschland\/aufmarsch-der-jubelperser-mit-mordaufrufen-und-naziparolen-fuer-westliche-werte\/\",\"name\":\"Aufmarsch der &quot;Jubelperser&quot;: Mit Mordaufrufen und Naziparolen f\u00fcr &quot;westliche Werte&quot; - just-now.NEWS Deutschland\",\"isPartOf\":{\"@id\":\"https:\/\/now-news.de\/de\/#website\"},\"primaryImageOfPage\":{\"@id\":\"https:\/\/now-news.de\/de\/deutschland\/aufmarsch-der-jubelperser-mit-mordaufrufen-und-naziparolen-fuer-westliche-werte\/#primaryimage\"},\"image\":{\"@id\":\"https:\/\/now-news.de\/de\/deutschland\/aufmarsch-der-jubelperser-mit-mordaufrufen-und-naziparolen-fuer-westliche-werte\/#primaryimage\"},\"thumbnailUrl\":\"https:\/\/now-news.de\/de\/wp-content\/uploads\/sites\/3\/2026\/02\/Aufmarsch-der-quotJubelperserquot-Mit-Mordaufrufen-und-Naziparolen-fuer-quotwestliche-Wertequot.jpg\",\"datePublished\":\"2026-02-16T18:00:55+00:00\",\"dateModified\":\"2026-02-16T18:00:55+00:00\",\"breadcrumb\":{\"@id\":\"https:\/\/now-news.de\/de\/deutschland\/aufmarsch-der-jubelperser-mit-mordaufrufen-und-naziparolen-fuer-westliche-werte\/#breadcrumb\"},\"inLanguage\":\"de\",\"potentialAction\":[{\"@type\":\"ReadAction\",\"target\":[\"https:\/\/now-news.de\/de\/deutschland\/aufmarsch-der-jubelperser-mit-mordaufrufen-und-naziparolen-fuer-westliche-werte\/\"]}]},{\"@type\":\"ImageObject\",\"inLanguage\":\"de\",\"@id\":\"https:\/\/now-news.de\/de\/deutschland\/aufmarsch-der-jubelperser-mit-mordaufrufen-und-naziparolen-fuer-westliche-werte\/#primaryimage\",\"url\":\"https:\/\/now-news.de\/de\/wp-content\/uploads\/sites\/3\/2026\/02\/Aufmarsch-der-quotJubelperserquot-Mit-Mordaufrufen-und-Naziparolen-fuer-quotwestliche-Wertequot.jpg\",\"contentUrl\":\"https:\/\/now-news.de\/de\/wp-content\/uploads\/sites\/3\/2026\/02\/Aufmarsch-der-quotJubelperserquot-Mit-Mordaufrufen-und-Naziparolen-fuer-quotwestliche-Wertequot.jpg\",\"width\":460,\"height\":259,\"caption\":\"Aufmarsch der &quot;Jubelperser&quot;: Mit Mordaufrufen und Naziparolen f\u00fcr &quot;westliche Werte&quot;\"},{\"@type\":\"BreadcrumbList\",\"@id\":\"https:\/\/now-news.de\/de\/deutschland\/aufmarsch-der-jubelperser-mit-mordaufrufen-und-naziparolen-fuer-westliche-werte\/#breadcrumb\",\"itemListElement\":[{\"@type\":\"ListItem\",\"position\":1,\"name\":\"Home\",\"item\":\"https:\/\/now-news.de\/de\/\"},{\"@type\":\"ListItem\",\"position\":2,\"name\":\"Aufmarsch der &quot;Jubelperser&quot;: Mit Mordaufrufen und Naziparolen f\u00fcr &quot;westliche Werte&quot;\"}]},{\"@type\":\"WebSite\",\"@id\":\"https:\/\/now-news.de\/de\/#website\",\"url\":\"https:\/\/now-news.de\/de\/\",\"name\":\"just-now.NEWS Deutschland\",\"description\":\"Das Portal f\u00fcr unzensierte Nachrichten aus der Welt\",\"publisher\":{\"@id\":\"https:\/\/now-news.de\/de\/#organization\"},\"potentialAction\":[{\"@type\":\"SearchAction\",\"target\":{\"@type\":\"EntryPoint\",\"urlTemplate\":\"https:\/\/now-news.de\/de\/?s={search_term_string}\"},\"query-input\":\"required name=search_term_string\"}],\"inLanguage\":\"de\"},{\"@type\":\"Organization\",\"@id\":\"https:\/\/now-news.de\/de\/#organization\",\"name\":\"Just Now News\",\"url\":\"https:\/\/now-news.de\/de\/\",\"logo\":{\"@type\":\"ImageObject\",\"inLanguage\":\"de\",\"@id\":\"https:\/\/now-news.de\/de\/#\/schema\/logo\/image\/\",\"url\":\"http:\/\/just-now.news\/de\/wp-content\/uploads\/sites\/3\/2022\/04\/logo500x500.jpg\",\"contentUrl\":\"http:\/\/just-now.news\/de\/wp-content\/uploads\/sites\/3\/2022\/04\/logo500x500.jpg\",\"width\":500,\"height\":500,\"caption\":\"Just Now News\"},\"image\":{\"@id\":\"https:\/\/now-news.de\/de\/#\/schema\/logo\/image\/\"},\"sameAs\":[\"https:\/\/www.facebook.com\/wirmachenauf\",\"https:\/\/x.com\/WirMachenAuf_de\"]},{\"@type\":\"Person\",\"@id\":\"https:\/\/now-news.de\/de\/#\/schema\/person\/fb534a4e865501d8b3285208df34a9b5\",\"name\":\"rtnews\",\"image\":{\"@type\":\"ImageObject\",\"inLanguage\":\"de\",\"@id\":\"https:\/\/now-news.de\/de\/#\/schema\/person\/image\/\",\"url\":\"https:\/\/secure.gravatar.com\/avatar\/82aafea7d8127119dd649515f56e2117?s=96&d=mm&r=g\",\"contentUrl\":\"https:\/\/secure.gravatar.com\/avatar\/82aafea7d8127119dd649515f56e2117?s=96&d=mm&r=g\",\"caption\":\"rtnews\"},\"url\":\"https:\/\/now-news.de\/de\/author\/rnews\/\"}]}<\/script>\n<!-- \/ Yoast SEO Premium plugin. -->","yoast_head_json":{"title":"Aufmarsch der &quot;Jubelperser&quot;: Mit Mordaufrufen und Naziparolen f\u00fcr &quot;westliche Werte&quot; - just-now.NEWS Deutschland","robots":{"index":"index","follow":"follow","max-snippet":"max-snippet:-1","max-image-preview":"max-image-preview:large","max-video-preview":"max-video-preview:-1"},"canonical":"https:\/\/now-news.de\/de\/deutschland\/aufmarsch-der-jubelperser-mit-mordaufrufen-und-naziparolen-fuer-westliche-werte\/","og_locale":"de_DE","og_type":"article","og_title":"Aufmarsch der &quot;Jubelperser&quot;: Mit Mordaufrufen und Naziparolen f\u00fcr &quot;westliche Werte&quot;","og_description":"Ein Riesenaufmarsch prowestlicher und proisraelischer Anh\u00e4nger des aus den USA angereisten iranischen Schah-Sohns am Rande der M\u00fcnchner &#8220;Sicherheitskonferenz&#8221; versetzte deutsche Medien und Politiker in Verz\u00fcckung. Die Naziparolen und Mordaufrufe gegen Linke verschwiegen sie. Von Alexandra Nollok So hat es die &#8220;wertewestliche&#8221; Elite gerne: Vor der M\u00fcnchner Sicherheitskonferenz (MSC) wehte am Samstag ein Meer aus Fahnen [&hellip;]","og_url":"https:\/\/now-news.de\/de\/deutschland\/aufmarsch-der-jubelperser-mit-mordaufrufen-und-naziparolen-fuer-westliche-werte\/","og_site_name":"just-now.NEWS Deutschland","article_publisher":"https:\/\/www.facebook.com\/wirmachenauf","article_published_time":"2026-02-16T18:00:55+00:00","og_image":[{"url":"https:\/\/now-news.de\/de\/wp-content\/uploads\/sites\/3\/2026\/02\/6993589748fbef50210c6f72.jpg"}],"author":"rtnews","twitter_card":"summary_large_image","twitter_creator":"@WirMachenAuf_de","twitter_site":"@WirMachenAuf_de","twitter_misc":{"Verfasst von":"rtnews","Gesch\u00e4tzte Lesezeit":"4\u00a0Minuten"},"schema":{"@context":"https:\/\/schema.org","@graph":[{"@type":"Article","@id":"https:\/\/now-news.de\/de\/deutschland\/aufmarsch-der-jubelperser-mit-mordaufrufen-und-naziparolen-fuer-westliche-werte\/#article","isPartOf":{"@id":"https:\/\/now-news.de\/de\/deutschland\/aufmarsch-der-jubelperser-mit-mordaufrufen-und-naziparolen-fuer-westliche-werte\/"},"author":{"name":"rtnews","@id":"https:\/\/now-news.de\/de\/#\/schema\/person\/fb534a4e865501d8b3285208df34a9b5"},"headline":"Aufmarsch der &quot;Jubelperser&quot;: Mit Mordaufrufen und Naziparolen f\u00fcr &quot;westliche Werte&quot;","datePublished":"2026-02-16T18:00:55+00:00","dateModified":"2026-02-16T18:00:55+00:00","mainEntityOfPage":{"@id":"https:\/\/now-news.de\/de\/deutschland\/aufmarsch-der-jubelperser-mit-mordaufrufen-und-naziparolen-fuer-westliche-werte\/"},"wordCount":867,"commentCount":0,"publisher":{"@id":"https:\/\/now-news.de\/de\/#organization"},"image":{"@id":"https:\/\/now-news.de\/de\/deutschland\/aufmarsch-der-jubelperser-mit-mordaufrufen-und-naziparolen-fuer-westliche-werte\/#primaryimage"},"thumbnailUrl":"https:\/\/now-news.de\/de\/wp-content\/uploads\/sites\/3\/2026\/02\/Aufmarsch-der-quotJubelperserquot-Mit-Mordaufrufen-und-Naziparolen-fuer-quotwestliche-Wertequot.jpg","keywords":["Aufmarsch","der","f\u00fcr","mit","Mordaufrufen","NaziParolen","quotJubelperserquot","quotWestliche","und","Wertequot"],"articleSection":["Deutschland","Russland"],"inLanguage":"de","potentialAction":[{"@type":"CommentAction","name":"Comment","target":["https:\/\/now-news.de\/de\/deutschland\/aufmarsch-der-jubelperser-mit-mordaufrufen-und-naziparolen-fuer-westliche-werte\/#respond"]}]},{"@type":"WebPage","@id":"https:\/\/now-news.de\/de\/deutschland\/aufmarsch-der-jubelperser-mit-mordaufrufen-und-naziparolen-fuer-westliche-werte\/","url":"https:\/\/now-news.de\/de\/deutschland\/aufmarsch-der-jubelperser-mit-mordaufrufen-und-naziparolen-fuer-westliche-werte\/","name":"Aufmarsch der &quot;Jubelperser&quot;: Mit Mordaufrufen und Naziparolen f\u00fcr &quot;westliche Werte&quot; - just-now.NEWS Deutschland","isPartOf":{"@id":"https:\/\/now-news.de\/de\/#website"},"primaryImageOfPage":{"@id":"https:\/\/now-news.de\/de\/deutschland\/aufmarsch-der-jubelperser-mit-mordaufrufen-und-naziparolen-fuer-westliche-werte\/#primaryimage"},"image":{"@id":"https:\/\/now-news.de\/de\/deutschland\/aufmarsch-der-jubelperser-mit-mordaufrufen-und-naziparolen-fuer-westliche-werte\/#primaryimage"},"thumbnailUrl":"https:\/\/now-news.de\/de\/wp-content\/uploads\/sites\/3\/2026\/02\/Aufmarsch-der-quotJubelperserquot-Mit-Mordaufrufen-und-Naziparolen-fuer-quotwestliche-Wertequot.jpg","datePublished":"2026-02-16T18:00:55+00:00","dateModified":"2026-02-16T18:00:55+00:00","breadcrumb":{"@id":"https:\/\/now-news.de\/de\/deutschland\/aufmarsch-der-jubelperser-mit-mordaufrufen-und-naziparolen-fuer-westliche-werte\/#breadcrumb"},"inLanguage":"de","potentialAction":[{"@type":"ReadAction","target":["https:\/\/now-news.de\/de\/deutschland\/aufmarsch-der-jubelperser-mit-mordaufrufen-und-naziparolen-fuer-westliche-werte\/"]}]},{"@type":"ImageObject","inLanguage":"de","@id":"https:\/\/now-news.de\/de\/deutschland\/aufmarsch-der-jubelperser-mit-mordaufrufen-und-naziparolen-fuer-westliche-werte\/#primaryimage","url":"https:\/\/now-news.de\/de\/wp-content\/uploads\/sites\/3\/2026\/02\/Aufmarsch-der-quotJubelperserquot-Mit-Mordaufrufen-und-Naziparolen-fuer-quotwestliche-Wertequot.jpg","contentUrl":"https:\/\/now-news.de\/de\/wp-content\/uploads\/sites\/3\/2026\/02\/Aufmarsch-der-quotJubelperserquot-Mit-Mordaufrufen-und-Naziparolen-fuer-quotwestliche-Wertequot.jpg","width":460,"height":259,"caption":"Aufmarsch der &quot;Jubelperser&quot;: Mit Mordaufrufen und Naziparolen f\u00fcr &quot;westliche Werte&quot;"},{"@type":"BreadcrumbList","@id":"https:\/\/now-news.de\/de\/deutschland\/aufmarsch-der-jubelperser-mit-mordaufrufen-und-naziparolen-fuer-westliche-werte\/#breadcrumb","itemListElement":[{"@type":"ListItem","position":1,"name":"Home","item":"https:\/\/now-news.de\/de\/"},{"@type":"ListItem","position":2,"name":"Aufmarsch der &quot;Jubelperser&quot;: Mit Mordaufrufen und Naziparolen f\u00fcr &quot;westliche Werte&quot;"}]},{"@type":"WebSite","@id":"https:\/\/now-news.de\/de\/#website","url":"https:\/\/now-news.de\/de\/","name":"just-now.NEWS Deutschland","description":"Das Portal f\u00fcr unzensierte Nachrichten aus der Welt","publisher":{"@id":"https:\/\/now-news.de\/de\/#organization"},"potentialAction":[{"@type":"SearchAction","target":{"@type":"EntryPoint","urlTemplate":"https:\/\/now-news.de\/de\/?s={search_term_string}"},"query-input":"required name=search_term_string"}],"inLanguage":"de"},{"@type":"Organization","@id":"https:\/\/now-news.de\/de\/#organization","name":"Just Now News","url":"https:\/\/now-news.de\/de\/","logo":{"@type":"ImageObject","inLanguage":"de","@id":"https:\/\/now-news.de\/de\/#\/schema\/logo\/image\/","url":"http:\/\/just-now.news\/de\/wp-content\/uploads\/sites\/3\/2022\/04\/logo500x500.jpg","contentUrl":"http:\/\/just-now.news\/de\/wp-content\/uploads\/sites\/3\/2022\/04\/logo500x500.jpg","width":500,"height":500,"caption":"Just Now News"},"image":{"@id":"https:\/\/now-news.de\/de\/#\/schema\/logo\/image\/"},"sameAs":["https:\/\/www.facebook.com\/wirmachenauf","https:\/\/x.com\/WirMachenAuf_de"]},{"@type":"Person","@id":"https:\/\/now-news.de\/de\/#\/schema\/person\/fb534a4e865501d8b3285208df34a9b5","name":"rtnews","image":{"@type":"ImageObject","inLanguage":"de","@id":"https:\/\/now-news.de\/de\/#\/schema\/person\/image\/","url":"https:\/\/secure.gravatar.com\/avatar\/82aafea7d8127119dd649515f56e2117?s=96&d=mm&r=g","contentUrl":"https:\/\/secure.gravatar.com\/avatar\/82aafea7d8127119dd649515f56e2117?s=96&d=mm&r=g","caption":"rtnews"},"url":"https:\/\/now-news.de\/de\/author\/rnews\/"}]}},"_links":{"self":[{"href":"https:\/\/now-news.de\/de\/wp-json\/wp\/v2\/posts\/98960"}],"collection":[{"href":"https:\/\/now-news.de\/de\/wp-json\/wp\/v2\/posts"}],"about":[{"href":"https:\/\/now-news.de\/de\/wp-json\/wp\/v2\/types\/post"}],"author":[{"embeddable":true,"href":"https:\/\/now-news.de\/de\/wp-json\/wp\/v2\/users\/3"}],"replies":[{"embeddable":true,"href":"https:\/\/now-news.de\/de\/wp-json\/wp\/v2\/comments?post=98960"}],"version-history":[{"count":0,"href":"https:\/\/now-news.de\/de\/wp-json\/wp\/v2\/posts\/98960\/revisions"}],"wp:featuredmedia":[{"embeddable":true,"href":"https:\/\/now-news.de\/de\/wp-json\/wp\/v2\/media\/98961"}],"wp:attachment":[{"href":"https:\/\/now-news.de\/de\/wp-json\/wp\/v2\/media?parent=98960"}],"wp:term":[{"taxonomy":"category","embeddable":true,"href":"https:\/\/now-news.de\/de\/wp-json\/wp\/v2\/categories?post=98960"},{"taxonomy":"post_tag","embeddable":true,"href":"https:\/\/now-news.de\/de\/wp-json\/wp\/v2\/tags?post=98960"}],"curies":[{"name":"wp","href":"https:\/\/api.w.org\/{rel}","templated":true}]}}