{"id":98930,"date":"2026-02-16T10:09:39","date_gmt":"2026-02-16T08:09:39","guid":{"rendered":"https:\/\/now-news.de\/de\/deutschland\/politologe-verlass-auf-us-sicherheitsschirm-war-strategischer-fehler-europas\/"},"modified":"2026-02-16T10:09:39","modified_gmt":"2026-02-16T08:09:39","slug":"politologe-verlass-auf-us-sicherheitsschirm-war-strategischer-fehler-europas","status":"publish","type":"post","link":"https:\/\/now-news.de\/de\/deutschland\/politologe-verlass-auf-us-sicherheitsschirm-war-strategischer-fehler-europas\/","title":{"rendered":"Politologe: Verlass auf US-Sicherheitsschirm war strategischer Fehler Europas  \u00a0"},"content":{"rendered":"<p><img decoding=\"async\" src=\"https:\/\/now-news.de\/de\/wp-content\/uploads\/sites\/3\/2026\/02\/6991d67cb480cc7d735c08fa.jpg\" \/><\/p>\n<div class=\"Text-root Text-type_1 \">\n                Europa brachte sich durch antirussische Sanktionen in Schwierigkeiten, meint ein \u00e4gyptischer Politologe. Die EU sei nicht in der Lage, Russland allein zu bek\u00e4mpfen.  Die Entscheidung, sich in Sicherheitsfragen von den USA abh\u00e4ngig zu machen, sei falsch gewesen.\n            <\/div>\n<p><\/p>\n<div class=\"Text-root Text-type_5 ArticleView-text ViewText-root \">\n<p>Nach seinem Amtsantritt als US-Pr\u00e4sident hat Donald Trump angek\u00fcndigt, den Konflikt in der Ukraine beenden zu wollen. In der Folge erkannten die europ\u00e4ischen L\u00e4nder, die auf eine Fortsetzung der Feindseligkeiten und damit des Stellvertreterkrieges gegen Russland gesetzt hatten, ihre Unf\u00e4higkeit, das Land unabh\u00e4ngig zu bek\u00e4mpfen. Der \u00e4gyptische Politikwissenschaftler und Experte f\u00fcr internationale Beziehungen, Ismail Turk, \u00e4u\u00dferte sich zu dem Thema in einem Interview mit der Nachrichtenagentur <em>RIA Nowosti<\/em>.<\/p>\n<p>In diesem Zusammenhang f\u00fchrte der \u00e4gyptische Politologe aus:<\/p>\n<blockquote>\n<p><em>&#8220;Europa erkannte, dass es einen strategischen Fehler begangen hatte, als es sich auf den US-amerikanischen Sicherheitsschirm verlassen hat, wobei es selbst nicht in der Lage war, Russland unabh\u00e4ngig entgegenzutreten.&#8221;<\/em><\/p>\n<\/blockquote>\n<p>Laut dem Experten ist Br\u00fcssel in seiner Konfrontation mit Russland und den Sanktionen gegen russische Energieimporte zu weit gegangen. Die Sanktionspolitik der EU habe die Kaufkraft der europ\u00e4ischen B\u00fcrger sowie das Wirtschaftswachstum erheblich beeintr\u00e4chtigt, was den Interessen Europas widerspreche, sagte Turk weiter.<\/p>\n<p>Dar\u00fcber hinaus sei es dem Experten zufolge im Zuge der anhaltenden Krise in der Ukraine zu Meinungsverschiedenheiten innerhalb der Gemeinschaft gekommen.\u00a0<\/p>\n<p>Der Politikwissenschaftler lobte in diesem Zusammenhang den ungarischen Ministerpr\u00e4sidenten Viktor Orb\u00e1n. Dieser sei einer der ersten europ\u00e4ischen Politiker gewesen, die die Aufhebung der westlichen Strafma\u00dfnahmen gegen Russland als Wirtschaftspartner des Landes gefordert haben.<\/p>\n<p>&#8220;Die Ukraine hat den Krieg verloren. Russland hat ihn gewonnen&#8221;, erkl\u00e4rte Orb\u00e1n k\u00fcrzlich in einem Interview. &#8220;Die einzige Frage ist, wann und unter welchen Umst\u00e4nden der Westen dies anerkennen wird und welche Konsequenzen sich daraus ergeben.&#8221;<\/p>\n<p>Russland sei trotz der Sanktionen wirtschaftlich widerstandsf\u00e4hig geblieben, w\u00e4hrend viele EU-Staaten unter Rezessionstendenzen, Wettbewerbsverlusten und sozialen Spannungen litten, betonte Ungarns Premier.<\/p>\n<p><strong>Mehr zum Thema<\/strong> \u2012 <a rel=\"nofollow noopener\" target=\"_blank\" href=\"https:\/\/freedert.online\/international\/270202-orban-wenn-bruessel-seine-politik\/\">Orb\u00e1n: Wenn Br\u00fcssel seine Politik fortsetzt, wird es ein Jahrhundert der Dem\u00fctigung Europas<\/a><\/p>\n<div class=\"EmbedBlock-root EmbedBlock-externalVideo EmbedBlock-rumble\">\n<div class=\"VkEmbed\"><iframe class=\"lazyload\" data-src=\"https:\/\/rumble.com\/embed\/v73kcfc\" frameborder=\"0\" width=\"853\" height=\"480\" allowfullscreen><\/iframe><\/div>\n<\/div>\n<\/div>\n<p><br \/>\n<br \/><a href=\"https:\/\/de.rt.com\/international\/270256-politologe-verlass-auf-us-sicherheitsschirm\/\">Source link <\/a><\/p>\n","protected":false},"excerpt":{"rendered":"<p>Europa brachte sich durch antirussische Sanktionen in Schwierigkeiten, meint ein \u00e4gyptischer Politologe. Die EU sei nicht in der Lage, Russland allein zu bek\u00e4mpfen. Die Entscheidung, sich in Sicherheitsfragen von den USA abh\u00e4ngig zu machen, sei falsch gewesen. Nach seinem Amtsantritt als US-Pr\u00e4sident hat Donald Trump angek\u00fcndigt, den Konflikt in der Ukraine beenden zu wollen. In [&hellip;]<\/p>\n","protected":false},"author":3,"featured_media":98931,"comment_status":"open","ping_status":"open","sticky":false,"template":"","format":"standard","meta":{"_yoast_indexnow_last_ping":["1771229712"],"wp_automatic_camp":["217"],"64b59f654d0f66fd2ff7b7a87a45cb75":["Politologe: Verlass auf US-Sicherheitsschirm war strategischer Fehler Europas  \u00a0"],"original_link":["https:\/\/de.rt.com\/international\/270256-politologe-verlass-auf-us-sicherheitsschirm\/"],"_thumbnail_id":["98931"],"jnews_social_counter_last_update":["1777173542"],"_wptgpro_p2tg_sent2tg":["a:1:{i:23737;s:19:\"2026-02-16 10:16:12\";}"]},"categories":[19,23],"tags":[133,1293,1936,33566,38683,71242,71241,2223],"yoast_head":"<!-- This site is optimized with the Yoast SEO Premium plugin v22.7 (Yoast SEO v22.7) - https:\/\/yoast.com\/wordpress\/plugins\/seo\/ -->\n<title>Politologe: Verlass auf US-Sicherheitsschirm war strategischer Fehler Europas \u00a0 - just-now.NEWS Deutschland<\/title>\n<meta name=\"robots\" content=\"index, follow, max-snippet:-1, max-image-preview:large, max-video-preview:-1\" \/>\n<link rel=\"canonical\" href=\"https:\/\/now-news.de\/de\/deutschland\/politologe-verlass-auf-us-sicherheitsschirm-war-strategischer-fehler-europas\/\" \/>\n<meta property=\"og:locale\" content=\"de_DE\" \/>\n<meta property=\"og:type\" content=\"article\" \/>\n<meta property=\"og:title\" content=\"Politologe: Verlass auf US-Sicherheitsschirm war strategischer Fehler Europas \u00a0\" \/>\n<meta property=\"og:description\" content=\"Europa brachte sich durch antirussische Sanktionen in Schwierigkeiten, meint ein \u00e4gyptischer Politologe. Die EU sei nicht in der Lage, Russland allein zu bek\u00e4mpfen. Die Entscheidung, sich in Sicherheitsfragen von den USA abh\u00e4ngig zu machen, sei falsch gewesen. Nach seinem Amtsantritt als US-Pr\u00e4sident hat Donald Trump angek\u00fcndigt, den Konflikt in der Ukraine beenden zu wollen. In [&hellip;]\" \/>\n<meta property=\"og:url\" content=\"https:\/\/now-news.de\/de\/deutschland\/politologe-verlass-auf-us-sicherheitsschirm-war-strategischer-fehler-europas\/\" \/>\n<meta property=\"og:site_name\" content=\"just-now.NEWS Deutschland\" \/>\n<meta property=\"article:publisher\" content=\"https:\/\/www.facebook.com\/wirmachenauf\" \/>\n<meta property=\"article:published_time\" content=\"2026-02-16T08:09:39+00:00\" \/>\n<meta property=\"og:image\" content=\"https:\/\/now-news.de\/de\/wp-content\/uploads\/sites\/3\/2026\/02\/6991d67cb480cc7d735c08fa.jpg\" \/>\n<meta name=\"author\" content=\"rtnews\" \/>\n<meta name=\"twitter:card\" content=\"summary_large_image\" \/>\n<meta name=\"twitter:creator\" content=\"@WirMachenAuf_de\" \/>\n<meta name=\"twitter:site\" content=\"@WirMachenAuf_de\" \/>\n<meta name=\"twitter:label1\" content=\"Verfasst von\" \/>\n\t<meta name=\"twitter:data1\" content=\"rtnews\" \/>\n\t<meta name=\"twitter:label2\" content=\"Gesch\u00e4tzte Lesezeit\" \/>\n\t<meta name=\"twitter:data2\" content=\"2\u00a0Minuten\" \/>\n<script type=\"application\/ld+json\" class=\"yoast-schema-graph\">{\"@context\":\"https:\/\/schema.org\",\"@graph\":[{\"@type\":\"Article\",\"@id\":\"https:\/\/now-news.de\/de\/deutschland\/politologe-verlass-auf-us-sicherheitsschirm-war-strategischer-fehler-europas\/#article\",\"isPartOf\":{\"@id\":\"https:\/\/now-news.de\/de\/deutschland\/politologe-verlass-auf-us-sicherheitsschirm-war-strategischer-fehler-europas\/\"},\"author\":{\"name\":\"rtnews\",\"@id\":\"https:\/\/now-news.de\/de\/#\/schema\/person\/fb534a4e865501d8b3285208df34a9b5\"},\"headline\":\"Politologe: Verlass auf US-Sicherheitsschirm war strategischer Fehler Europas \u00a0\",\"datePublished\":\"2026-02-16T08:09:39+00:00\",\"dateModified\":\"2026-02-16T08:09:39+00:00\",\"mainEntityOfPage\":{\"@id\":\"https:\/\/now-news.de\/de\/deutschland\/politologe-verlass-auf-us-sicherheitsschirm-war-strategischer-fehler-europas\/\"},\"wordCount\":353,\"commentCount\":0,\"publisher\":{\"@id\":\"https:\/\/now-news.de\/de\/#organization\"},\"image\":{\"@id\":\"https:\/\/now-news.de\/de\/deutschland\/politologe-verlass-auf-us-sicherheitsschirm-war-strategischer-fehler-europas\/#primaryimage\"},\"thumbnailUrl\":\"https:\/\/now-news.de\/de\/wp-content\/uploads\/sites\/3\/2026\/02\/Politologe-Verlass-auf-US-Sicherheitsschirm-war-strategischer-Fehler-Europas.jpg\",\"keywords\":[\"AUF\",\"Europas\",\"Fehler\",\"Politologe\",\"strategischer\",\"USSicherheitsschirm\",\"Verlass\",\"War\"],\"articleSection\":[\"Deutschland\",\"Russland\"],\"inLanguage\":\"de\",\"potentialAction\":[{\"@type\":\"CommentAction\",\"name\":\"Comment\",\"target\":[\"https:\/\/now-news.de\/de\/deutschland\/politologe-verlass-auf-us-sicherheitsschirm-war-strategischer-fehler-europas\/#respond\"]}]},{\"@type\":\"WebPage\",\"@id\":\"https:\/\/now-news.de\/de\/deutschland\/politologe-verlass-auf-us-sicherheitsschirm-war-strategischer-fehler-europas\/\",\"url\":\"https:\/\/now-news.de\/de\/deutschland\/politologe-verlass-auf-us-sicherheitsschirm-war-strategischer-fehler-europas\/\",\"name\":\"Politologe: Verlass auf US-Sicherheitsschirm war strategischer Fehler Europas \u00a0 - just-now.NEWS Deutschland\",\"isPartOf\":{\"@id\":\"https:\/\/now-news.de\/de\/#website\"},\"primaryImageOfPage\":{\"@id\":\"https:\/\/now-news.de\/de\/deutschland\/politologe-verlass-auf-us-sicherheitsschirm-war-strategischer-fehler-europas\/#primaryimage\"},\"image\":{\"@id\":\"https:\/\/now-news.de\/de\/deutschland\/politologe-verlass-auf-us-sicherheitsschirm-war-strategischer-fehler-europas\/#primaryimage\"},\"thumbnailUrl\":\"https:\/\/now-news.de\/de\/wp-content\/uploads\/sites\/3\/2026\/02\/Politologe-Verlass-auf-US-Sicherheitsschirm-war-strategischer-Fehler-Europas.jpg\",\"datePublished\":\"2026-02-16T08:09:39+00:00\",\"dateModified\":\"2026-02-16T08:09:39+00:00\",\"breadcrumb\":{\"@id\":\"https:\/\/now-news.de\/de\/deutschland\/politologe-verlass-auf-us-sicherheitsschirm-war-strategischer-fehler-europas\/#breadcrumb\"},\"inLanguage\":\"de\",\"potentialAction\":[{\"@type\":\"ReadAction\",\"target\":[\"https:\/\/now-news.de\/de\/deutschland\/politologe-verlass-auf-us-sicherheitsschirm-war-strategischer-fehler-europas\/\"]}]},{\"@type\":\"ImageObject\",\"inLanguage\":\"de\",\"@id\":\"https:\/\/now-news.de\/de\/deutschland\/politologe-verlass-auf-us-sicherheitsschirm-war-strategischer-fehler-europas\/#primaryimage\",\"url\":\"https:\/\/now-news.de\/de\/wp-content\/uploads\/sites\/3\/2026\/02\/Politologe-Verlass-auf-US-Sicherheitsschirm-war-strategischer-Fehler-Europas.jpg\",\"contentUrl\":\"https:\/\/now-news.de\/de\/wp-content\/uploads\/sites\/3\/2026\/02\/Politologe-Verlass-auf-US-Sicherheitsschirm-war-strategischer-Fehler-Europas.jpg\",\"width\":460,\"height\":259,\"caption\":\"Politologe: Verlass auf US-Sicherheitsschirm war strategischer Fehler Europas \u00a0\"},{\"@type\":\"BreadcrumbList\",\"@id\":\"https:\/\/now-news.de\/de\/deutschland\/politologe-verlass-auf-us-sicherheitsschirm-war-strategischer-fehler-europas\/#breadcrumb\",\"itemListElement\":[{\"@type\":\"ListItem\",\"position\":1,\"name\":\"Home\",\"item\":\"https:\/\/now-news.de\/de\/\"},{\"@type\":\"ListItem\",\"position\":2,\"name\":\"Politologe: Verlass auf US-Sicherheitsschirm war strategischer Fehler Europas \u00a0\"}]},{\"@type\":\"WebSite\",\"@id\":\"https:\/\/now-news.de\/de\/#website\",\"url\":\"https:\/\/now-news.de\/de\/\",\"name\":\"just-now.NEWS Deutschland\",\"description\":\"Das Portal f\u00fcr unzensierte Nachrichten aus der Welt\",\"publisher\":{\"@id\":\"https:\/\/now-news.de\/de\/#organization\"},\"potentialAction\":[{\"@type\":\"SearchAction\",\"target\":{\"@type\":\"EntryPoint\",\"urlTemplate\":\"https:\/\/now-news.de\/de\/?s={search_term_string}\"},\"query-input\":\"required name=search_term_string\"}],\"inLanguage\":\"de\"},{\"@type\":\"Organization\",\"@id\":\"https:\/\/now-news.de\/de\/#organization\",\"name\":\"Just Now News\",\"url\":\"https:\/\/now-news.de\/de\/\",\"logo\":{\"@type\":\"ImageObject\",\"inLanguage\":\"de\",\"@id\":\"https:\/\/now-news.de\/de\/#\/schema\/logo\/image\/\",\"url\":\"http:\/\/just-now.news\/de\/wp-content\/uploads\/sites\/3\/2022\/04\/logo500x500.jpg\",\"contentUrl\":\"http:\/\/just-now.news\/de\/wp-content\/uploads\/sites\/3\/2022\/04\/logo500x500.jpg\",\"width\":500,\"height\":500,\"caption\":\"Just Now News\"},\"image\":{\"@id\":\"https:\/\/now-news.de\/de\/#\/schema\/logo\/image\/\"},\"sameAs\":[\"https:\/\/www.facebook.com\/wirmachenauf\",\"https:\/\/x.com\/WirMachenAuf_de\"]},{\"@type\":\"Person\",\"@id\":\"https:\/\/now-news.de\/de\/#\/schema\/person\/fb534a4e865501d8b3285208df34a9b5\",\"name\":\"rtnews\",\"image\":{\"@type\":\"ImageObject\",\"inLanguage\":\"de\",\"@id\":\"https:\/\/now-news.de\/de\/#\/schema\/person\/image\/\",\"url\":\"https:\/\/secure.gravatar.com\/avatar\/82aafea7d8127119dd649515f56e2117?s=96&d=mm&r=g\",\"contentUrl\":\"https:\/\/secure.gravatar.com\/avatar\/82aafea7d8127119dd649515f56e2117?s=96&d=mm&r=g\",\"caption\":\"rtnews\"},\"url\":\"https:\/\/now-news.de\/de\/author\/rnews\/\"}]}<\/script>\n<!-- \/ Yoast SEO Premium plugin. -->","yoast_head_json":{"title":"Politologe: Verlass auf US-Sicherheitsschirm war strategischer Fehler Europas \u00a0 - just-now.NEWS Deutschland","robots":{"index":"index","follow":"follow","max-snippet":"max-snippet:-1","max-image-preview":"max-image-preview:large","max-video-preview":"max-video-preview:-1"},"canonical":"https:\/\/now-news.de\/de\/deutschland\/politologe-verlass-auf-us-sicherheitsschirm-war-strategischer-fehler-europas\/","og_locale":"de_DE","og_type":"article","og_title":"Politologe: Verlass auf US-Sicherheitsschirm war strategischer Fehler Europas \u00a0","og_description":"Europa brachte sich durch antirussische Sanktionen in Schwierigkeiten, meint ein \u00e4gyptischer Politologe. Die EU sei nicht in der Lage, Russland allein zu bek\u00e4mpfen. Die Entscheidung, sich in Sicherheitsfragen von den USA abh\u00e4ngig zu machen, sei falsch gewesen. Nach seinem Amtsantritt als US-Pr\u00e4sident hat Donald Trump angek\u00fcndigt, den Konflikt in der Ukraine beenden zu wollen. In [&hellip;]","og_url":"https:\/\/now-news.de\/de\/deutschland\/politologe-verlass-auf-us-sicherheitsschirm-war-strategischer-fehler-europas\/","og_site_name":"just-now.NEWS Deutschland","article_publisher":"https:\/\/www.facebook.com\/wirmachenauf","article_published_time":"2026-02-16T08:09:39+00:00","og_image":[{"url":"https:\/\/now-news.de\/de\/wp-content\/uploads\/sites\/3\/2026\/02\/6991d67cb480cc7d735c08fa.jpg"}],"author":"rtnews","twitter_card":"summary_large_image","twitter_creator":"@WirMachenAuf_de","twitter_site":"@WirMachenAuf_de","twitter_misc":{"Verfasst von":"rtnews","Gesch\u00e4tzte Lesezeit":"2\u00a0Minuten"},"schema":{"@context":"https:\/\/schema.org","@graph":[{"@type":"Article","@id":"https:\/\/now-news.de\/de\/deutschland\/politologe-verlass-auf-us-sicherheitsschirm-war-strategischer-fehler-europas\/#article","isPartOf":{"@id":"https:\/\/now-news.de\/de\/deutschland\/politologe-verlass-auf-us-sicherheitsschirm-war-strategischer-fehler-europas\/"},"author":{"name":"rtnews","@id":"https:\/\/now-news.de\/de\/#\/schema\/person\/fb534a4e865501d8b3285208df34a9b5"},"headline":"Politologe: Verlass auf US-Sicherheitsschirm war strategischer Fehler Europas \u00a0","datePublished":"2026-02-16T08:09:39+00:00","dateModified":"2026-02-16T08:09:39+00:00","mainEntityOfPage":{"@id":"https:\/\/now-news.de\/de\/deutschland\/politologe-verlass-auf-us-sicherheitsschirm-war-strategischer-fehler-europas\/"},"wordCount":353,"commentCount":0,"publisher":{"@id":"https:\/\/now-news.de\/de\/#organization"},"image":{"@id":"https:\/\/now-news.de\/de\/deutschland\/politologe-verlass-auf-us-sicherheitsschirm-war-strategischer-fehler-europas\/#primaryimage"},"thumbnailUrl":"https:\/\/now-news.de\/de\/wp-content\/uploads\/sites\/3\/2026\/02\/Politologe-Verlass-auf-US-Sicherheitsschirm-war-strategischer-Fehler-Europas.jpg","keywords":["AUF","Europas","Fehler","Politologe","strategischer","USSicherheitsschirm","Verlass","War"],"articleSection":["Deutschland","Russland"],"inLanguage":"de","potentialAction":[{"@type":"CommentAction","name":"Comment","target":["https:\/\/now-news.de\/de\/deutschland\/politologe-verlass-auf-us-sicherheitsschirm-war-strategischer-fehler-europas\/#respond"]}]},{"@type":"WebPage","@id":"https:\/\/now-news.de\/de\/deutschland\/politologe-verlass-auf-us-sicherheitsschirm-war-strategischer-fehler-europas\/","url":"https:\/\/now-news.de\/de\/deutschland\/politologe-verlass-auf-us-sicherheitsschirm-war-strategischer-fehler-europas\/","name":"Politologe: Verlass auf US-Sicherheitsschirm war strategischer Fehler Europas \u00a0 - just-now.NEWS Deutschland","isPartOf":{"@id":"https:\/\/now-news.de\/de\/#website"},"primaryImageOfPage":{"@id":"https:\/\/now-news.de\/de\/deutschland\/politologe-verlass-auf-us-sicherheitsschirm-war-strategischer-fehler-europas\/#primaryimage"},"image":{"@id":"https:\/\/now-news.de\/de\/deutschland\/politologe-verlass-auf-us-sicherheitsschirm-war-strategischer-fehler-europas\/#primaryimage"},"thumbnailUrl":"https:\/\/now-news.de\/de\/wp-content\/uploads\/sites\/3\/2026\/02\/Politologe-Verlass-auf-US-Sicherheitsschirm-war-strategischer-Fehler-Europas.jpg","datePublished":"2026-02-16T08:09:39+00:00","dateModified":"2026-02-16T08:09:39+00:00","breadcrumb":{"@id":"https:\/\/now-news.de\/de\/deutschland\/politologe-verlass-auf-us-sicherheitsschirm-war-strategischer-fehler-europas\/#breadcrumb"},"inLanguage":"de","potentialAction":[{"@type":"ReadAction","target":["https:\/\/now-news.de\/de\/deutschland\/politologe-verlass-auf-us-sicherheitsschirm-war-strategischer-fehler-europas\/"]}]},{"@type":"ImageObject","inLanguage":"de","@id":"https:\/\/now-news.de\/de\/deutschland\/politologe-verlass-auf-us-sicherheitsschirm-war-strategischer-fehler-europas\/#primaryimage","url":"https:\/\/now-news.de\/de\/wp-content\/uploads\/sites\/3\/2026\/02\/Politologe-Verlass-auf-US-Sicherheitsschirm-war-strategischer-Fehler-Europas.jpg","contentUrl":"https:\/\/now-news.de\/de\/wp-content\/uploads\/sites\/3\/2026\/02\/Politologe-Verlass-auf-US-Sicherheitsschirm-war-strategischer-Fehler-Europas.jpg","width":460,"height":259,"caption":"Politologe: Verlass auf US-Sicherheitsschirm war strategischer Fehler Europas \u00a0"},{"@type":"BreadcrumbList","@id":"https:\/\/now-news.de\/de\/deutschland\/politologe-verlass-auf-us-sicherheitsschirm-war-strategischer-fehler-europas\/#breadcrumb","itemListElement":[{"@type":"ListItem","position":1,"name":"Home","item":"https:\/\/now-news.de\/de\/"},{"@type":"ListItem","position":2,"name":"Politologe: Verlass auf US-Sicherheitsschirm war strategischer Fehler Europas \u00a0"}]},{"@type":"WebSite","@id":"https:\/\/now-news.de\/de\/#website","url":"https:\/\/now-news.de\/de\/","name":"just-now.NEWS Deutschland","description":"Das Portal f\u00fcr unzensierte Nachrichten aus der Welt","publisher":{"@id":"https:\/\/now-news.de\/de\/#organization"},"potentialAction":[{"@type":"SearchAction","target":{"@type":"EntryPoint","urlTemplate":"https:\/\/now-news.de\/de\/?s={search_term_string}"},"query-input":"required name=search_term_string"}],"inLanguage":"de"},{"@type":"Organization","@id":"https:\/\/now-news.de\/de\/#organization","name":"Just Now News","url":"https:\/\/now-news.de\/de\/","logo":{"@type":"ImageObject","inLanguage":"de","@id":"https:\/\/now-news.de\/de\/#\/schema\/logo\/image\/","url":"http:\/\/just-now.news\/de\/wp-content\/uploads\/sites\/3\/2022\/04\/logo500x500.jpg","contentUrl":"http:\/\/just-now.news\/de\/wp-content\/uploads\/sites\/3\/2022\/04\/logo500x500.jpg","width":500,"height":500,"caption":"Just Now News"},"image":{"@id":"https:\/\/now-news.de\/de\/#\/schema\/logo\/image\/"},"sameAs":["https:\/\/www.facebook.com\/wirmachenauf","https:\/\/x.com\/WirMachenAuf_de"]},{"@type":"Person","@id":"https:\/\/now-news.de\/de\/#\/schema\/person\/fb534a4e865501d8b3285208df34a9b5","name":"rtnews","image":{"@type":"ImageObject","inLanguage":"de","@id":"https:\/\/now-news.de\/de\/#\/schema\/person\/image\/","url":"https:\/\/secure.gravatar.com\/avatar\/82aafea7d8127119dd649515f56e2117?s=96&d=mm&r=g","contentUrl":"https:\/\/secure.gravatar.com\/avatar\/82aafea7d8127119dd649515f56e2117?s=96&d=mm&r=g","caption":"rtnews"},"url":"https:\/\/now-news.de\/de\/author\/rnews\/"}]}},"_links":{"self":[{"href":"https:\/\/now-news.de\/de\/wp-json\/wp\/v2\/posts\/98930"}],"collection":[{"href":"https:\/\/now-news.de\/de\/wp-json\/wp\/v2\/posts"}],"about":[{"href":"https:\/\/now-news.de\/de\/wp-json\/wp\/v2\/types\/post"}],"author":[{"embeddable":true,"href":"https:\/\/now-news.de\/de\/wp-json\/wp\/v2\/users\/3"}],"replies":[{"embeddable":true,"href":"https:\/\/now-news.de\/de\/wp-json\/wp\/v2\/comments?post=98930"}],"version-history":[{"count":0,"href":"https:\/\/now-news.de\/de\/wp-json\/wp\/v2\/posts\/98930\/revisions"}],"wp:featuredmedia":[{"embeddable":true,"href":"https:\/\/now-news.de\/de\/wp-json\/wp\/v2\/media\/98931"}],"wp:attachment":[{"href":"https:\/\/now-news.de\/de\/wp-json\/wp\/v2\/media?parent=98930"}],"wp:term":[{"taxonomy":"category","embeddable":true,"href":"https:\/\/now-news.de\/de\/wp-json\/wp\/v2\/categories?post=98930"},{"taxonomy":"post_tag","embeddable":true,"href":"https:\/\/now-news.de\/de\/wp-json\/wp\/v2\/tags?post=98930"}],"curies":[{"name":"wp","href":"https:\/\/api.w.org\/{rel}","templated":true}]}}