{"id":98904,"date":"2026-02-15T17:24:00","date_gmt":"2026-02-15T15:24:00","guid":{"rendered":"https:\/\/now-news.de\/de\/deutschland\/lyon-ib-aktivist-stirbt-nach-auseinandersetzung-mit-linksextremisten\/"},"modified":"2026-02-15T17:24:00","modified_gmt":"2026-02-15T15:24:00","slug":"lyon-ib-aktivist-stirbt-nach-auseinandersetzung-mit-linksextremisten","status":"publish","type":"post","link":"https:\/\/now-news.de\/de\/deutschland\/lyon-ib-aktivist-stirbt-nach-auseinandersetzung-mit-linksextremisten\/","title":{"rendered":"Lyon: IB-Aktivist stirbt nach Auseinandersetzung mit Linksextremisten"},"content":{"rendered":"<p><img decoding=\"async\" src=\"https:\/\/now-news.de\/de\/wp-content\/uploads\/sites\/3\/2026\/02\/6991d08ab480cc7eb30fb7c0.png\" \/><\/p>\n<div class=\"Text-root Text-type_1 \">\n                Ein 23-J\u00e4hriger wurde bei Protesten in Lyon offenbar zu Tode gepr\u00fcgelt. Der Vorfall versch\u00e4rft die Spannungen zwischen dem rechten und dem linken politischen Lager in Frankreich. F\u00fcr den franz\u00f6sischen Pr\u00e4sidenten ist das allerdings kein Thema.\n            <\/div>\n<p><\/p>\n<div class=\"Text-root Text-type_5 ArticleView-text ViewText-root \">\n<p>Ein 23-j\u00e4hriger Aktivist der Identit\u00e4ren Bewegung (IB) ist laut der Nachrichtenagentur <em>AFP<\/em> am Samstag in Lyon seinen schweren Verletzungen erlegen. Am Donnerstag war er bei einer Auseinandersetzung zwischen rechten und linken Gruppierungen brutal angegriffen worden.<\/p>\n<p>Der als Quentin identifizierte Mann war am Rande von Protesten gegen einen Auftritt der linken Europaabgeordneten Rima Hassan an der Universit\u00e4t Sciences Po attackiert worden, wie die <em>Berliner Zeitung <\/em>berichtet.\u00a0Die Staatsanwaltschaft Lyon best\u00e4tigte gegen\u00fcber der<em> AFP<\/em> den Tod des jungen Mannes und leitete Ermittlungen wegen Totschlags mit erschwerenden Umst\u00e4nden ein.<\/p>\n<p>Frankreichs Staatspr\u00e4sident\u00a0Emmanuel Macron\u00a0reagierte auf den Todesfall mit einem Aufruf zur Besonnenheit. Quentin sei Opfer eines &#8220;beispiellosen Ausbruchs von Gewalt&#8221; geworden,\u00a0schrieb Macron\u00a0auf der Plattform X (vormals Twitter). &#8220;Hass, der t\u00f6tet, hat bei uns keinen Platz. Ich rufe zu Ruhe, Zur\u00fcckhaltung und Respekt auf&#8221;, so der Pr\u00e4sident weiter.\u00a0<\/p>\n<div class=\"EmbedBlock-root EmbedBlock-twitter\">\n<div class=\"TwitterEmbed\">\n<blockquote class=\"twitter-tweet lazyload\" data-twitter=\"twitter-tweet\">\n<p lang=\"fr\" dir=\"ltr\">\u00c0 Lyon, Quentin a \u00e9t\u00e9 victime d\u2019un d\u00e9ferlement de violence inou\u00ef.Il a perdu la vie \u00e0 23 ans seulement.\u00c0 sa famille et \u00e0 ses proches, j\u2019adresse mes pens\u00e9es et le soutien de la Nation.  En R\u00e9publique, aucune cause, aucune id\u00e9ologie ne justifieront jamais que l\u2019on tue.\u2026<\/p>\n<p>\u2014 Emmanuel Macron (@EmmanuelMacron) <a rel=\"nofollow noopener\" target=\"_blank\" href=\"https:\/\/twitter.com\/EmmanuelMacron\/status\/2022742086441746827?ref_src=twsrc%5Etfw\">February 14, 2026<\/a><\/p><\/blockquote>\n<\/div>\n<\/div>\n<p>Der franz\u00f6sische Fernsehsender <em>TF1<\/em> ver\u00f6ffentlichte am Samstagabend Videoaufnahmen, die den Angriff zeigen sollen. Auf den Aufnahmen sind drei am Boden liegende M\u00e4nner zu sehen, die von einer Gruppe Angreifer geschlagen werden. Zwei der Opfer konnten fliehen, eine Person blieb regungslos liegen.<\/p>\n<div class=\"EmbedBlock-root EmbedBlock-twitter\">\n<div class=\"TwitterEmbed\">\n<blockquote class=\"twitter-tweet lazyload\" data-twitter=\"twitter-tweet\">\n<p lang=\"en\" dir=\"ltr\">This is the video footage of the ANTIFA soldiers beating a 23-year-old conservative activist to death in Lyon, France the other day.In Europe, you can now be murdered in broad daylight for holding views on the right-wing of the political spectrum. <a rel=\"nofollow noopener\" target=\"_blank\" href=\"https:\/\/t.co\/CnDUFYUZRS\">pic.twitter.com\/CnDUFYUZRS<\/a><\/p>\n<p>\u2014 Joey Mannarino \ud83c\uddfa\ud83c\uddf8 (@JoeyMannarino) <a rel=\"nofollow noopener\" target=\"_blank\" href=\"https:\/\/twitter.com\/JoeyMannarino\/status\/2022806028874608920?ref_src=twsrc%5Etfw\">February 14, 2026<\/a><\/p><\/blockquote>\n<\/div>\n<\/div>\n<p>Der Anwalt der Familie, Fabien Rajon, bezeichnete die Tat laut der franz\u00f6sischen Zeitung<em>\u00a0Le Monde<\/em>\u00a0als &#8220;methodisch vorbereiteten Hinterhalt&#8221;. Die Angreifer seien &#8220;organisiert und trainiert&#8221; gewesen, in deutlicher \u00dcberzahl aufgetreten und teilweise bewaffnet und maskiert gewesen.\u00a0<em>Le Parisien\u00a0<\/em>zufolge rief die Familie des Verstorbenen ihrerseits zu &#8220;Ruhe und Zur\u00fcckhaltung&#8221; auf.<\/p>\n<p>Nach Angaben des Kollektivs &#8220;N\u00e9m\u00e9sis&#8221;, das dem rechtsextremen Lager nahesteht, geh\u00f6rte Quentin zum Ordnungsdienst, der die Demonstration im Zusammenhang mit dem Auftritt von Rima Hassan absichern sollte. Das Kollektiv beschuldigt Mitglieder einer im Juni von der Regierung verbotenen Antifa-Vereinigung, f\u00fcr den Angriff verantwortlich zu sein.<\/p>\n<p>Politische Reaktionen folgten aus allen Lagern. Die rechte Politikerin Marine Le Pen sprach auf X von einem &#8220;Lynchmord&#8221; und forderte, die &#8220;Barbaren&#8221; m\u00fcssten mit der vollen H\u00e4rte des Gesetzes bestraft werden. Auch aus dem linken Lager kamen Stellungnahmen: Der Abgeordnete Rapha\u00ebl Arnault von der Partei &#8220;La France Insoumise&#8221; sprach der Familie sein Beileid aus und \u00e4u\u00dferte die Hoffnung, dass die Wahrheit \u00fcber die Trag\u00f6die ans Licht komme.<\/p>\n<div class=\"EmbedBlock-root EmbedBlock-twitter\">\n<div class=\"TwitterEmbed\">\n<blockquote class=\"twitter-tweet lazyload\" data-twitter=\"twitter-tweet\">\n<p lang=\"fr\" dir=\"ltr\">Apr\u00e8s s\u2019\u00eatre accroch\u00e9 \u00e0 la vie, Quentin a rendu son dernier souffle. \u00c0 sa famille et \u00e0 ses proches \u00e9prouv\u00e9s par cette terrible \u00e9preuve, j\u2019adresse mes pens\u00e9es \u00e9mues et ma profonde compassion. \u00c0 la douleur insondable de la perte d\u2019un enfant ne doit pas succ\u00e9der l\u2019insupportable\u2026<\/p>\n<p>\u2014 Marine Le Pen (@MLP_officiel) <a rel=\"nofollow noopener\" target=\"_blank\" href=\"https:\/\/twitter.com\/MLP_officiel\/status\/2022761405351407841?ref_src=twsrc%5Etfw\">February 14, 2026<\/a><\/p><\/blockquote>\n<\/div>\n<\/div>\n<p>Innenminister Laurent Nu\u00f1ez wies die Beh\u00f6rden an, die Sicherheitsvorkehrungen bei politischen Veranstaltungen und Wahlkampfb\u00fcros zu verst\u00e4rken. Der Vorfall versch\u00e4rft die Spannungen zwischen dem rechten und linken politischen Lager in\u00a0Frankreich\u00a0im Vorfeld der Pr\u00e4sidentschaftswahlen 2027. Das Land befindet sich in einer nie gekannten Dauerkrise, gespeist aus einer massiven Wirtschaftskrise mitsamt hoher Staatsverschuldung sowie einer Serie linksextremer und islamistischer Gewalt. Diese wird auf eine gescheiterte Einwanderungspolitik im Zusammenhang mit der Zuwanderung aus den ehemaligen franz\u00f6sischen Kolonien in Nord- und Zentralafrika zur\u00fcckgef\u00fchrt.<\/p>\n<p><strong>Mehr zum Thema\u00a0\u2012<\/strong>\u00a0<a rel=\"nofollow noopener\" target=\"_blank\" href=\"https:\/\/freedert.online\/europa\/265520-vance-warnt-vor-islamistisch-ausgerichteten\/\">Vance warnt vor einem &#8220;islamistisch ausgerichteten&#8221; Westeuropa<\/a><\/p>\n<\/p>\n<\/div>\n<p><script async src=\"https:\/\/platform.twitter.com\/widgets.js\" charset=\"utf-8\"><\/script><br \/>\n<br \/><br \/>\n<br \/><a href=\"https:\/\/de.rt.com\/europa\/270255-lyon-aktivist-identitaeren-bewegung-stirbt\/\">Source link <\/a><\/p>\n","protected":false},"excerpt":{"rendered":"<p>Ein 23-J\u00e4hriger wurde bei Protesten in Lyon offenbar zu Tode gepr\u00fcgelt. Der Vorfall versch\u00e4rft die Spannungen zwischen dem rechten und dem linken politischen Lager in Frankreich. F\u00fcr den franz\u00f6sischen Pr\u00e4sidenten ist das allerdings kein Thema. Ein 23-j\u00e4hriger Aktivist der Identit\u00e4ren Bewegung (IB) ist laut der Nachrichtenagentur AFP am Samstag in Lyon seinen schweren Verletzungen erlegen. [&hellip;]<\/p>\n","protected":false},"author":3,"featured_media":98905,"comment_status":"open","ping_status":"open","sticky":false,"template":"","format":"standard","meta":{"_yoast_indexnow_last_ping":["1771170059"],"wp_automatic_camp":["217"],"0d6eb83f52f045eddd2dd1eedeaecc52":["Lyon: IB-Aktivist stirbt nach Auseinandersetzung mit Linksextremisten"],"original_link":["https:\/\/de.rt.com\/europa\/270255-lyon-aktivist-identitaeren-bewegung-stirbt\/"],"_thumbnail_id":["98905"],"jnews_social_counter_last_update":["1777488442"],"_wptgpro_p2tg_sent2tg":["a:1:{i:23737;s:19:\"2026-02-15 17:42:02\";}"]},"categories":[19,23],"tags":[19080,71232,56151,55206,419,979,6143],"yoast_head":"<!-- This site is optimized with the Yoast SEO Premium plugin v22.7 (Yoast SEO v22.7) - https:\/\/yoast.com\/wordpress\/plugins\/seo\/ -->\n<title>Lyon: IB-Aktivist stirbt nach Auseinandersetzung mit Linksextremisten - just-now.NEWS Deutschland<\/title>\n<meta name=\"robots\" content=\"index, follow, max-snippet:-1, max-image-preview:large, max-video-preview:-1\" \/>\n<link rel=\"canonical\" href=\"https:\/\/now-news.de\/de\/deutschland\/lyon-ib-aktivist-stirbt-nach-auseinandersetzung-mit-linksextremisten\/\" \/>\n<meta property=\"og:locale\" content=\"de_DE\" \/>\n<meta property=\"og:type\" content=\"article\" \/>\n<meta property=\"og:title\" content=\"Lyon: IB-Aktivist stirbt nach Auseinandersetzung mit Linksextremisten\" \/>\n<meta property=\"og:description\" content=\"Ein 23-J\u00e4hriger wurde bei Protesten in Lyon offenbar zu Tode gepr\u00fcgelt. Der Vorfall versch\u00e4rft die Spannungen zwischen dem rechten und dem linken politischen Lager in Frankreich. F\u00fcr den franz\u00f6sischen Pr\u00e4sidenten ist das allerdings kein Thema. Ein 23-j\u00e4hriger Aktivist der Identit\u00e4ren Bewegung (IB) ist laut der Nachrichtenagentur AFP am Samstag in Lyon seinen schweren Verletzungen erlegen. [&hellip;]\" \/>\n<meta property=\"og:url\" content=\"https:\/\/now-news.de\/de\/deutschland\/lyon-ib-aktivist-stirbt-nach-auseinandersetzung-mit-linksextremisten\/\" \/>\n<meta property=\"og:site_name\" content=\"just-now.NEWS Deutschland\" \/>\n<meta property=\"article:publisher\" content=\"https:\/\/www.facebook.com\/wirmachenauf\" \/>\n<meta property=\"article:published_time\" content=\"2026-02-15T15:24:00+00:00\" \/>\n<meta property=\"og:image\" content=\"https:\/\/now-news.de\/de\/wp-content\/uploads\/sites\/3\/2026\/02\/6991d08ab480cc7eb30fb7c0.png\" \/>\n<meta name=\"author\" content=\"rtnews\" \/>\n<meta name=\"twitter:card\" content=\"summary_large_image\" \/>\n<meta name=\"twitter:creator\" content=\"@WirMachenAuf_de\" \/>\n<meta name=\"twitter:site\" content=\"@WirMachenAuf_de\" \/>\n<meta name=\"twitter:label1\" content=\"Verfasst von\" \/>\n\t<meta name=\"twitter:data1\" content=\"rtnews\" \/>\n\t<meta name=\"twitter:label2\" content=\"Gesch\u00e4tzte Lesezeit\" \/>\n\t<meta name=\"twitter:data2\" content=\"3\u00a0Minuten\" \/>\n<script type=\"application\/ld+json\" class=\"yoast-schema-graph\">{\"@context\":\"https:\/\/schema.org\",\"@graph\":[{\"@type\":\"Article\",\"@id\":\"https:\/\/now-news.de\/de\/deutschland\/lyon-ib-aktivist-stirbt-nach-auseinandersetzung-mit-linksextremisten\/#article\",\"isPartOf\":{\"@id\":\"https:\/\/now-news.de\/de\/deutschland\/lyon-ib-aktivist-stirbt-nach-auseinandersetzung-mit-linksextremisten\/\"},\"author\":{\"name\":\"rtnews\",\"@id\":\"https:\/\/now-news.de\/de\/#\/schema\/person\/fb534a4e865501d8b3285208df34a9b5\"},\"headline\":\"Lyon: IB-Aktivist stirbt nach Auseinandersetzung mit Linksextremisten\",\"datePublished\":\"2026-02-15T15:24:00+00:00\",\"dateModified\":\"2026-02-15T15:24:00+00:00\",\"mainEntityOfPage\":{\"@id\":\"https:\/\/now-news.de\/de\/deutschland\/lyon-ib-aktivist-stirbt-nach-auseinandersetzung-mit-linksextremisten\/\"},\"wordCount\":672,\"commentCount\":0,\"publisher\":{\"@id\":\"https:\/\/now-news.de\/de\/#organization\"},\"image\":{\"@id\":\"https:\/\/now-news.de\/de\/deutschland\/lyon-ib-aktivist-stirbt-nach-auseinandersetzung-mit-linksextremisten\/#primaryimage\"},\"thumbnailUrl\":\"https:\/\/now-news.de\/de\/wp-content\/uploads\/sites\/3\/2026\/02\/Lyon-IB-Aktivist-stirbt-nach-Auseinandersetzung-mit-Linksextremisten.png\",\"keywords\":[\"Auseinandersetzung\",\"IBAktivist\",\"Linksextremisten\",\"Lyon\",\"mit\",\"nach\",\"stirbt\"],\"articleSection\":[\"Deutschland\",\"Russland\"],\"inLanguage\":\"de\",\"potentialAction\":[{\"@type\":\"CommentAction\",\"name\":\"Comment\",\"target\":[\"https:\/\/now-news.de\/de\/deutschland\/lyon-ib-aktivist-stirbt-nach-auseinandersetzung-mit-linksextremisten\/#respond\"]}]},{\"@type\":\"WebPage\",\"@id\":\"https:\/\/now-news.de\/de\/deutschland\/lyon-ib-aktivist-stirbt-nach-auseinandersetzung-mit-linksextremisten\/\",\"url\":\"https:\/\/now-news.de\/de\/deutschland\/lyon-ib-aktivist-stirbt-nach-auseinandersetzung-mit-linksextremisten\/\",\"name\":\"Lyon: IB-Aktivist stirbt nach Auseinandersetzung mit Linksextremisten - just-now.NEWS Deutschland\",\"isPartOf\":{\"@id\":\"https:\/\/now-news.de\/de\/#website\"},\"primaryImageOfPage\":{\"@id\":\"https:\/\/now-news.de\/de\/deutschland\/lyon-ib-aktivist-stirbt-nach-auseinandersetzung-mit-linksextremisten\/#primaryimage\"},\"image\":{\"@id\":\"https:\/\/now-news.de\/de\/deutschland\/lyon-ib-aktivist-stirbt-nach-auseinandersetzung-mit-linksextremisten\/#primaryimage\"},\"thumbnailUrl\":\"https:\/\/now-news.de\/de\/wp-content\/uploads\/sites\/3\/2026\/02\/Lyon-IB-Aktivist-stirbt-nach-Auseinandersetzung-mit-Linksextremisten.png\",\"datePublished\":\"2026-02-15T15:24:00+00:00\",\"dateModified\":\"2026-02-15T15:24:00+00:00\",\"breadcrumb\":{\"@id\":\"https:\/\/now-news.de\/de\/deutschland\/lyon-ib-aktivist-stirbt-nach-auseinandersetzung-mit-linksextremisten\/#breadcrumb\"},\"inLanguage\":\"de\",\"potentialAction\":[{\"@type\":\"ReadAction\",\"target\":[\"https:\/\/now-news.de\/de\/deutschland\/lyon-ib-aktivist-stirbt-nach-auseinandersetzung-mit-linksextremisten\/\"]}]},{\"@type\":\"ImageObject\",\"inLanguage\":\"de\",\"@id\":\"https:\/\/now-news.de\/de\/deutschland\/lyon-ib-aktivist-stirbt-nach-auseinandersetzung-mit-linksextremisten\/#primaryimage\",\"url\":\"https:\/\/now-news.de\/de\/wp-content\/uploads\/sites\/3\/2026\/02\/Lyon-IB-Aktivist-stirbt-nach-Auseinandersetzung-mit-Linksextremisten.png\",\"contentUrl\":\"https:\/\/now-news.de\/de\/wp-content\/uploads\/sites\/3\/2026\/02\/Lyon-IB-Aktivist-stirbt-nach-Auseinandersetzung-mit-Linksextremisten.png\",\"width\":460,\"height\":259,\"caption\":\"Lyon: IB-Aktivist stirbt nach Auseinandersetzung mit Linksextremisten\"},{\"@type\":\"BreadcrumbList\",\"@id\":\"https:\/\/now-news.de\/de\/deutschland\/lyon-ib-aktivist-stirbt-nach-auseinandersetzung-mit-linksextremisten\/#breadcrumb\",\"itemListElement\":[{\"@type\":\"ListItem\",\"position\":1,\"name\":\"Home\",\"item\":\"https:\/\/now-news.de\/de\/\"},{\"@type\":\"ListItem\",\"position\":2,\"name\":\"Lyon: IB-Aktivist stirbt nach Auseinandersetzung mit Linksextremisten\"}]},{\"@type\":\"WebSite\",\"@id\":\"https:\/\/now-news.de\/de\/#website\",\"url\":\"https:\/\/now-news.de\/de\/\",\"name\":\"just-now.NEWS Deutschland\",\"description\":\"Das Portal f\u00fcr unzensierte Nachrichten aus der Welt\",\"publisher\":{\"@id\":\"https:\/\/now-news.de\/de\/#organization\"},\"potentialAction\":[{\"@type\":\"SearchAction\",\"target\":{\"@type\":\"EntryPoint\",\"urlTemplate\":\"https:\/\/now-news.de\/de\/?s={search_term_string}\"},\"query-input\":\"required name=search_term_string\"}],\"inLanguage\":\"de\"},{\"@type\":\"Organization\",\"@id\":\"https:\/\/now-news.de\/de\/#organization\",\"name\":\"Just Now News\",\"url\":\"https:\/\/now-news.de\/de\/\",\"logo\":{\"@type\":\"ImageObject\",\"inLanguage\":\"de\",\"@id\":\"https:\/\/now-news.de\/de\/#\/schema\/logo\/image\/\",\"url\":\"http:\/\/just-now.news\/de\/wp-content\/uploads\/sites\/3\/2022\/04\/logo500x500.jpg\",\"contentUrl\":\"http:\/\/just-now.news\/de\/wp-content\/uploads\/sites\/3\/2022\/04\/logo500x500.jpg\",\"width\":500,\"height\":500,\"caption\":\"Just Now News\"},\"image\":{\"@id\":\"https:\/\/now-news.de\/de\/#\/schema\/logo\/image\/\"},\"sameAs\":[\"https:\/\/www.facebook.com\/wirmachenauf\",\"https:\/\/x.com\/WirMachenAuf_de\"]},{\"@type\":\"Person\",\"@id\":\"https:\/\/now-news.de\/de\/#\/schema\/person\/fb534a4e865501d8b3285208df34a9b5\",\"name\":\"rtnews\",\"image\":{\"@type\":\"ImageObject\",\"inLanguage\":\"de\",\"@id\":\"https:\/\/now-news.de\/de\/#\/schema\/person\/image\/\",\"url\":\"https:\/\/secure.gravatar.com\/avatar\/82aafea7d8127119dd649515f56e2117?s=96&d=mm&r=g\",\"contentUrl\":\"https:\/\/secure.gravatar.com\/avatar\/82aafea7d8127119dd649515f56e2117?s=96&d=mm&r=g\",\"caption\":\"rtnews\"},\"url\":\"https:\/\/now-news.de\/de\/author\/rnews\/\"}]}<\/script>\n<!-- \/ Yoast SEO Premium plugin. -->","yoast_head_json":{"title":"Lyon: IB-Aktivist stirbt nach Auseinandersetzung mit Linksextremisten - just-now.NEWS Deutschland","robots":{"index":"index","follow":"follow","max-snippet":"max-snippet:-1","max-image-preview":"max-image-preview:large","max-video-preview":"max-video-preview:-1"},"canonical":"https:\/\/now-news.de\/de\/deutschland\/lyon-ib-aktivist-stirbt-nach-auseinandersetzung-mit-linksextremisten\/","og_locale":"de_DE","og_type":"article","og_title":"Lyon: IB-Aktivist stirbt nach Auseinandersetzung mit Linksextremisten","og_description":"Ein 23-J\u00e4hriger wurde bei Protesten in Lyon offenbar zu Tode gepr\u00fcgelt. Der Vorfall versch\u00e4rft die Spannungen zwischen dem rechten und dem linken politischen Lager in Frankreich. F\u00fcr den franz\u00f6sischen Pr\u00e4sidenten ist das allerdings kein Thema. Ein 23-j\u00e4hriger Aktivist der Identit\u00e4ren Bewegung (IB) ist laut der Nachrichtenagentur AFP am Samstag in Lyon seinen schweren Verletzungen erlegen. [&hellip;]","og_url":"https:\/\/now-news.de\/de\/deutschland\/lyon-ib-aktivist-stirbt-nach-auseinandersetzung-mit-linksextremisten\/","og_site_name":"just-now.NEWS Deutschland","article_publisher":"https:\/\/www.facebook.com\/wirmachenauf","article_published_time":"2026-02-15T15:24:00+00:00","og_image":[{"url":"https:\/\/now-news.de\/de\/wp-content\/uploads\/sites\/3\/2026\/02\/6991d08ab480cc7eb30fb7c0.png"}],"author":"rtnews","twitter_card":"summary_large_image","twitter_creator":"@WirMachenAuf_de","twitter_site":"@WirMachenAuf_de","twitter_misc":{"Verfasst von":"rtnews","Gesch\u00e4tzte Lesezeit":"3\u00a0Minuten"},"schema":{"@context":"https:\/\/schema.org","@graph":[{"@type":"Article","@id":"https:\/\/now-news.de\/de\/deutschland\/lyon-ib-aktivist-stirbt-nach-auseinandersetzung-mit-linksextremisten\/#article","isPartOf":{"@id":"https:\/\/now-news.de\/de\/deutschland\/lyon-ib-aktivist-stirbt-nach-auseinandersetzung-mit-linksextremisten\/"},"author":{"name":"rtnews","@id":"https:\/\/now-news.de\/de\/#\/schema\/person\/fb534a4e865501d8b3285208df34a9b5"},"headline":"Lyon: IB-Aktivist stirbt nach Auseinandersetzung mit Linksextremisten","datePublished":"2026-02-15T15:24:00+00:00","dateModified":"2026-02-15T15:24:00+00:00","mainEntityOfPage":{"@id":"https:\/\/now-news.de\/de\/deutschland\/lyon-ib-aktivist-stirbt-nach-auseinandersetzung-mit-linksextremisten\/"},"wordCount":672,"commentCount":0,"publisher":{"@id":"https:\/\/now-news.de\/de\/#organization"},"image":{"@id":"https:\/\/now-news.de\/de\/deutschland\/lyon-ib-aktivist-stirbt-nach-auseinandersetzung-mit-linksextremisten\/#primaryimage"},"thumbnailUrl":"https:\/\/now-news.de\/de\/wp-content\/uploads\/sites\/3\/2026\/02\/Lyon-IB-Aktivist-stirbt-nach-Auseinandersetzung-mit-Linksextremisten.png","keywords":["Auseinandersetzung","IBAktivist","Linksextremisten","Lyon","mit","nach","stirbt"],"articleSection":["Deutschland","Russland"],"inLanguage":"de","potentialAction":[{"@type":"CommentAction","name":"Comment","target":["https:\/\/now-news.de\/de\/deutschland\/lyon-ib-aktivist-stirbt-nach-auseinandersetzung-mit-linksextremisten\/#respond"]}]},{"@type":"WebPage","@id":"https:\/\/now-news.de\/de\/deutschland\/lyon-ib-aktivist-stirbt-nach-auseinandersetzung-mit-linksextremisten\/","url":"https:\/\/now-news.de\/de\/deutschland\/lyon-ib-aktivist-stirbt-nach-auseinandersetzung-mit-linksextremisten\/","name":"Lyon: IB-Aktivist stirbt nach Auseinandersetzung mit Linksextremisten - just-now.NEWS Deutschland","isPartOf":{"@id":"https:\/\/now-news.de\/de\/#website"},"primaryImageOfPage":{"@id":"https:\/\/now-news.de\/de\/deutschland\/lyon-ib-aktivist-stirbt-nach-auseinandersetzung-mit-linksextremisten\/#primaryimage"},"image":{"@id":"https:\/\/now-news.de\/de\/deutschland\/lyon-ib-aktivist-stirbt-nach-auseinandersetzung-mit-linksextremisten\/#primaryimage"},"thumbnailUrl":"https:\/\/now-news.de\/de\/wp-content\/uploads\/sites\/3\/2026\/02\/Lyon-IB-Aktivist-stirbt-nach-Auseinandersetzung-mit-Linksextremisten.png","datePublished":"2026-02-15T15:24:00+00:00","dateModified":"2026-02-15T15:24:00+00:00","breadcrumb":{"@id":"https:\/\/now-news.de\/de\/deutschland\/lyon-ib-aktivist-stirbt-nach-auseinandersetzung-mit-linksextremisten\/#breadcrumb"},"inLanguage":"de","potentialAction":[{"@type":"ReadAction","target":["https:\/\/now-news.de\/de\/deutschland\/lyon-ib-aktivist-stirbt-nach-auseinandersetzung-mit-linksextremisten\/"]}]},{"@type":"ImageObject","inLanguage":"de","@id":"https:\/\/now-news.de\/de\/deutschland\/lyon-ib-aktivist-stirbt-nach-auseinandersetzung-mit-linksextremisten\/#primaryimage","url":"https:\/\/now-news.de\/de\/wp-content\/uploads\/sites\/3\/2026\/02\/Lyon-IB-Aktivist-stirbt-nach-Auseinandersetzung-mit-Linksextremisten.png","contentUrl":"https:\/\/now-news.de\/de\/wp-content\/uploads\/sites\/3\/2026\/02\/Lyon-IB-Aktivist-stirbt-nach-Auseinandersetzung-mit-Linksextremisten.png","width":460,"height":259,"caption":"Lyon: IB-Aktivist stirbt nach Auseinandersetzung mit Linksextremisten"},{"@type":"BreadcrumbList","@id":"https:\/\/now-news.de\/de\/deutschland\/lyon-ib-aktivist-stirbt-nach-auseinandersetzung-mit-linksextremisten\/#breadcrumb","itemListElement":[{"@type":"ListItem","position":1,"name":"Home","item":"https:\/\/now-news.de\/de\/"},{"@type":"ListItem","position":2,"name":"Lyon: IB-Aktivist stirbt nach Auseinandersetzung mit Linksextremisten"}]},{"@type":"WebSite","@id":"https:\/\/now-news.de\/de\/#website","url":"https:\/\/now-news.de\/de\/","name":"just-now.NEWS Deutschland","description":"Das Portal f\u00fcr unzensierte Nachrichten aus der Welt","publisher":{"@id":"https:\/\/now-news.de\/de\/#organization"},"potentialAction":[{"@type":"SearchAction","target":{"@type":"EntryPoint","urlTemplate":"https:\/\/now-news.de\/de\/?s={search_term_string}"},"query-input":"required name=search_term_string"}],"inLanguage":"de"},{"@type":"Organization","@id":"https:\/\/now-news.de\/de\/#organization","name":"Just Now News","url":"https:\/\/now-news.de\/de\/","logo":{"@type":"ImageObject","inLanguage":"de","@id":"https:\/\/now-news.de\/de\/#\/schema\/logo\/image\/","url":"http:\/\/just-now.news\/de\/wp-content\/uploads\/sites\/3\/2022\/04\/logo500x500.jpg","contentUrl":"http:\/\/just-now.news\/de\/wp-content\/uploads\/sites\/3\/2022\/04\/logo500x500.jpg","width":500,"height":500,"caption":"Just Now News"},"image":{"@id":"https:\/\/now-news.de\/de\/#\/schema\/logo\/image\/"},"sameAs":["https:\/\/www.facebook.com\/wirmachenauf","https:\/\/x.com\/WirMachenAuf_de"]},{"@type":"Person","@id":"https:\/\/now-news.de\/de\/#\/schema\/person\/fb534a4e865501d8b3285208df34a9b5","name":"rtnews","image":{"@type":"ImageObject","inLanguage":"de","@id":"https:\/\/now-news.de\/de\/#\/schema\/person\/image\/","url":"https:\/\/secure.gravatar.com\/avatar\/82aafea7d8127119dd649515f56e2117?s=96&d=mm&r=g","contentUrl":"https:\/\/secure.gravatar.com\/avatar\/82aafea7d8127119dd649515f56e2117?s=96&d=mm&r=g","caption":"rtnews"},"url":"https:\/\/now-news.de\/de\/author\/rnews\/"}]}},"_links":{"self":[{"href":"https:\/\/now-news.de\/de\/wp-json\/wp\/v2\/posts\/98904"}],"collection":[{"href":"https:\/\/now-news.de\/de\/wp-json\/wp\/v2\/posts"}],"about":[{"href":"https:\/\/now-news.de\/de\/wp-json\/wp\/v2\/types\/post"}],"author":[{"embeddable":true,"href":"https:\/\/now-news.de\/de\/wp-json\/wp\/v2\/users\/3"}],"replies":[{"embeddable":true,"href":"https:\/\/now-news.de\/de\/wp-json\/wp\/v2\/comments?post=98904"}],"version-history":[{"count":0,"href":"https:\/\/now-news.de\/de\/wp-json\/wp\/v2\/posts\/98904\/revisions"}],"wp:featuredmedia":[{"embeddable":true,"href":"https:\/\/now-news.de\/de\/wp-json\/wp\/v2\/media\/98905"}],"wp:attachment":[{"href":"https:\/\/now-news.de\/de\/wp-json\/wp\/v2\/media?parent=98904"}],"wp:term":[{"taxonomy":"category","embeddable":true,"href":"https:\/\/now-news.de\/de\/wp-json\/wp\/v2\/categories?post=98904"},{"taxonomy":"post_tag","embeddable":true,"href":"https:\/\/now-news.de\/de\/wp-json\/wp\/v2\/tags?post=98904"}],"curies":[{"name":"wp","href":"https:\/\/api.w.org\/{rel}","templated":true}]}}