{"id":98880,"date":"2026-02-14T23:00:01","date_gmt":"2026-02-14T21:00:01","guid":{"rendered":"https:\/\/now-news.de\/de\/deutschland\/suedafrikas-praesident-kuendigt-umfassende-massnahmen-gegen-organisierte-kriminalitaet-an\/"},"modified":"2026-02-14T23:00:01","modified_gmt":"2026-02-14T21:00:01","slug":"suedafrikas-praesident-kuendigt-umfassende-massnahmen-gegen-organisierte-kriminalitaet-an","status":"publish","type":"post","link":"https:\/\/now-news.de\/de\/deutschland\/suedafrikas-praesident-kuendigt-umfassende-massnahmen-gegen-organisierte-kriminalitaet-an\/","title":{"rendered":"S\u00fcdafrikas Pr\u00e4sident k\u00fcndigt umfassende Ma\u00dfnahmen gegen organisierte Kriminalit\u00e4t an"},"content":{"rendered":"<p><img decoding=\"async\" src=\"https:\/\/now-news.de\/de\/wp-content\/uploads\/sites\/3\/2026\/02\/6990789748fbef465f12eed9.jpg\" \/><\/p>\n<div class=\"Text-root Text-type_1 \">\n                Pr\u00e4sident Ramaphosa hat in einer Rede zur Lage der Nation der organisierten Kriminalit\u00e4t in S\u00fcdafrika den Kampf angesagt. Dabei sollen nicht nur Polizisten, sondern auch die Streitkr\u00e4fte eingesetzt werden. Auch gegen Korruption will er noch einmal verst\u00e4rkt vorgehen.\n            <\/div>\n<p><\/p>\n<div class=\"Text-root Text-type_5 ArticleView-text ViewText-root \">\n<p>S\u00fcdafrikas Pr\u00e4sident Cyril Ramaphosa k\u00fcndigte am Donnerstag den Einsatz der Nationalen Verteidigungsstreitkr\u00e4fte (SANDF) zur Bek\u00e4mpfung von Bandengewalt und illegalem Bergbau in den Provinzen Westkap und Gauteng an.<\/p>\n<p>In seiner Rede zur Lage der Nation erkl\u00e4rte Ramaphosa, das organisierte Verbrechen sei eine unmittelbare Bedrohung f\u00fcr die Demokratie in S\u00fcdafrika. Er skizzierte zudem Regierungspl\u00e4ne zur St\u00e4rkung des Kampfes gegen das organisierte Verbrechen:<\/p>\n<p><em>\u00a0&#8220;Unser Hauptaugenmerk liegt in diesem Jahr auf der Intensivierung des Kampfes gegen organisierte Kriminalit\u00e4t und Korruption, und wir werden dies mithilfe von Technologie, nachrichtendienstlichen Erkenntnissen und integrierter Strafverfolgung tun.&#8221;\u00a0<\/em><\/p>\n<p>Weiter erl\u00e4uterte er:<\/p>\n<p><em>&#8220;Wir werden die organisierte Kriminalit\u00e4t bek\u00e4mpfen, indem wir Erkenntnisse auf nationaler Ebene b\u00fcndeln, f\u00fchrende Syndikate identifizieren und handverlesene, multidisziplin\u00e4re Interventionsteams einsetzen, die sich auf die Zerschlagung krimineller Netzwerke konzentrieren.&#8221;<\/em><\/p>\n<p>Ramaphosa k\u00fcndigte au\u00dferdem an, dass er zur Verst\u00e4rkung des Kampfes gegen Bandengewalt und den illegalen Bergbau das Milit\u00e4r zur Unterst\u00fctzung der Polizei einsetzen werde.<\/p>\n<p><em>&#8220;Ich habe den Polizeiminister und die SANDF angewiesen, innerhalb der n\u00e4chsten Tage einen technischen Plan zu entwickeln, wo unsere Sicherheitskr\u00e4fte im Westkap und in Gauteng eingesetzt werden sollen, um gegen Bandengewalt und illegalen Bergbau vorzugehen.&#8221;<\/em><\/p>\n<p>Das Parlament wird \u00fcber den Einsatz und die damit verbundenen Ausgaben informiert. &#8220;Wir m\u00fcssen handeln, um unser Land von Bandengewalt zu befreien&#8221;, sagte Ramaphosa.<\/p>\n<p>Seine Ank\u00fcndigung zum Einsatz der Verteidigungskr\u00e4fte erfolgte Stunden, nachdem der amtierende Minister f\u00fcr Polizeiangelegenheiten, Firoz Cachalia, gegen\u00fcber den Medien einen m\u00f6glichen SANDF-Einsatz angedeutet hatte.<\/p>\n<p>Ramaphosa erkl\u00e4rte zudem, die Regierung verfolge eine integrierte Strategie zur Bek\u00e4mpfung der Ursachen von Kriminalit\u00e4t durch koordinierte Ma\u00dfnahmen. &#8220;Wir werden die Waffenkriminalit\u00e4t durch eine Vereinfachung der Gesetze und Verordnungen zu Lizenzierung, Besitz und Handel mit Schusswaffen und Munition angehen. Wir werden zudem die bestehenden Waffengesetze besser durchsetzen.&#8221;<\/p>\n<p>Der Pr\u00e4sident versprach, die Polizeikr\u00e4fte mit weiteren 5.500\u00a0 Beamten zu verst\u00e4rken. Er f\u00fcgte hinzu, man bek\u00e4mpfe damit die Bedrohung, die vom Schmuggel illegaler und gef\u00e4lschter Waren f\u00fcr s\u00fcdafrikanische Arbeitspl\u00e4tze ausgehe.<\/p>\n<p><em>&#8220;Wir richten ein nationales Programm zur Bek\u00e4mpfung der illegalen Wirtschaft ein, in dem wichtige staatliche Stellen und andere Interessengruppen, einschlie\u00dflich des Privatsektors, durch den effektiven Einsatz von Datenanalysen und k\u00fcnstlicher Intelligenz zusammengebracht werden.&#8221;<\/em><\/p>\n<p>&#8220;Wir werden uns dabei auf Hochrisikosektoren wie Tabak, Kraftstoffe, Alkohol und andere Waren konzentrieren.&#8221;<\/p>\n<p>Ramaphosa erkl\u00e4rte, eine eingesetzte Untersuchungskommission und ein Parlamentsausschuss h\u00e4tten weitverbreitete Korruption innerhalb der s\u00fcdafrikanischen Polizei (SAPS) und der st\u00e4dtischen Polizei aufgedeckt. &#8220;Das k\u00f6nnen wir nicht tolerieren&#8221;, sagte er und f\u00fcgte hinzu, die neu eingesetzte Task Force werde die Untersuchungen zu den von der Kommission aufgeworfenen Fragen z\u00fcgig durchf\u00fchren.<\/p>\n<p>Der Staatssicherheitsdienst wird die F\u00fchrungskr\u00e4fte der s\u00fcdafrikanischen Polizei (SAPS) und der st\u00e4dtischen Polizei erneut \u00fcberpr\u00fcfen. &#8220;Die \u00dcberpr\u00fcfung wird, wie bereits bei fr\u00fcheren Kommissionen erfolgreich durchgef\u00fchrt, auch Lebensstilpr\u00fcfungen umfassen. Wir werden die Empfehlungen der Kommission nutzen, um weitreichende \u00c4nderungen vorzunehmen&#8221;, versicherte er.<\/p>\n<p>Ramaphosa erkl\u00e4rte, man sei fest entschlossen, die Ergebnisse und Empfehlungen der Kommission als Grundlage f\u00fcr eine umfassende Reform des Strafrechtssystems zu nutzen. &#8220;Wir sind zuversichtlich, dass diese Bem\u00fchungen Erfolg haben werden, denn die gro\u00dfe Mehrheit der Polizeibeamten ist dem Schutz des Gesetzes und dem gewissenhaften Dienst am s\u00fcdafrikanischen Volk verpflichtet.&#8221;<\/p>\n<p>Zuvor hatte Ramaphosa die Nation dazu aufgerufen, ihre St\u00e4rke aus den in der Verfassung verankerten Werten zu sch\u00f6pfen. &#8220;Unsere St\u00e4rke entspringt unserer Entschlossenheit und unserem Willen. Sie entspringt unserer Kreativit\u00e4t und Inspiration, mit denen wir uns neuen Herausforderungen stellen.&#8221; Laut Ramaphosa steht S\u00fcdafrika heute besser da als vor einem Jahr:<em>\u00a0<\/em><\/p>\n<p><em>&#8220;Unsere Wirtschaft w\u00e4chst zwar wieder. Wir haben vier Quartale in Folge ein BIP-Wachstum verzeichnet, aber wir wissen, dass es deutlich h\u00f6her und schneller wachsen muss, damit wir unsere sozialen und wirtschaftlichen Herausforderungen bew\u00e4ltigen k\u00f6nnen.&#8221;<\/em><\/p>\n<p>Ramaphosa erkl\u00e4rte au\u00dferdem, die Regierung habe die Defizite hinsichtlich einer stabilen Energieversorgung behoben.\u00a0Man baue ein dynamischeres und widerstandsf\u00e4higeres Energiesystem auf. &#8220;Wir haben Fortschritte bei der Verbesserung der Leistungsf\u00e4higkeit unserer H\u00e4fen und G\u00fcterbahnstrecken erzielt. Das G\u00fcteraufkommen beim Im- und Export erh\u00f6ht sich stetig.&#8221;<\/p>\n<p>Der Pr\u00e4sident f\u00fcgte hinzu, dass die Bek\u00e4mpfung der Korruption im Staatsapparat Fr\u00fcchte tr\u00e4gt. &#8220;Der s\u00fcdafrikanische Steuerdienst ist wieder eine erstklassige Steuerbeh\u00f6rde. Die Ermittlungsdirektion setzt ihre Arbeit fort und erzielt Fortschritte bei der Strafverfolgung derjenigen, die strafrechtlich verfolgt werden m\u00fcssen.&#8221; Ramaphosa erkl\u00e4rte jedoch, dass trotz der erzielten Fortschritte weiterhin Herausforderungen zu bew\u00e4ltigen seien.<\/p>\n<p>&#8220;Obwohl wir Fortschritte machen, d\u00fcrfen wir uns nicht auf unseren Lorbeeren ausruhen. Wir sind noch weit von unserem Ziel entfernt.&#8221; Er merkte an, dass das Leben f\u00fcr zu viele Menschen weiterhin hart sei, Arbeitspl\u00e4tze rar und Chancen unerreichbar seien. &#8220;Die\u00a0Menschen in S\u00fcdafrika sind besorgt \u00fcber Gewaltverbrechen und Korruption. Sie sind besorgt \u00fcber den Zustand der Kommunalverwaltung und deren Unf\u00e4higkeit, in vielen Teilen des Landes grundlegende Dienstleistungen zu erbringen.&#8221;<\/p>\n<p>Ramaphosa verwies allerdings auf die Verfassung, die die Regierung dazu verpflichte, auf eine Gesellschaft hinzuarbeiten, in der jeder S\u00fcdafrikaner eine faire Chance habe, sich ein besseres Leben aufzubauen.<\/p>\n<p><em>Erstver\u00f6ffentlichung durch die s\u00fcdafrikanische Nachrichtenplattform <a rel=\"nofollow noopener\" target=\"_blank\" href=\"https:\/\/iol.co.za\/news\/politics\/2026-02-13-sona-ramaphosa-deploys-sandf-to-combat-gang-violence-and-illegal-mining\/\">IOL<\/a><\/em><\/p>\n<p><strong>Mehr zum Thema<\/strong>\u00a0\u2013 <a rel=\"nofollow noopener\" target=\"_blank\" href=\"https:\/\/freedert.online\/afrika\/266354-somalischer-praesident-somaliland-akzeptiert-umsiedlung-von-palaestinensern\/\">Pr\u00e4sident: Somaliland akzeptiert Umsiedlung von Pal\u00e4stinensern f\u00fcr Anerkennung durch Israel<\/a><\/p>\n<div class=\"EmbedBlock-root EmbedBlock-externalVideo EmbedBlock-rumble\">\n<div class=\"VkEmbed\"><iframe class=\"lazyload\" data-src=\"https:\/\/rumble.com\/embed\/v73j3e6\" frameborder=\"0\" width=\"853\" height=\"480\" allowfullscreen><\/iframe><\/div>\n<\/div>\n<\/div>\n<p><br \/>\n<br \/><a href=\"https:\/\/de.rt.com\/afrika\/270177-suedafrikas-praesident-kuendigt-umfassende-massnahmen\/\">Source link <\/a><\/p>\n","protected":false},"excerpt":{"rendered":"<p>Pr\u00e4sident Ramaphosa hat in einer Rede zur Lage der Nation der organisierten Kriminalit\u00e4t in S\u00fcdafrika den Kampf angesagt. Dabei sollen nicht nur Polizisten, sondern auch die Streitkr\u00e4fte eingesetzt werden. Auch gegen Korruption will er noch einmal verst\u00e4rkt vorgehen. S\u00fcdafrikas Pr\u00e4sident Cyril Ramaphosa k\u00fcndigte am Donnerstag den Einsatz der Nationalen Verteidigungsstreitkr\u00e4fte (SANDF) zur Bek\u00e4mpfung von Bandengewalt [&hellip;]<\/p>\n","protected":false},"author":3,"featured_media":98881,"comment_status":"open","ping_status":"open","sticky":false,"template":"","format":"standard","meta":{"_yoast_indexnow_last_ping":["1771103708"],"wp_automatic_camp":["217"],"e7046bd875260054f970a396ba564c57":["S\u00fcdafrikas Pr\u00e4sident k\u00fcndigt umfassende Ma\u00dfnahmen gegen organisierte Kriminalit\u00e4t an"],"original_link":["https:\/\/de.rt.com\/afrika\/270177-suedafrikas-praesident-kuendigt-umfassende-massnahmen\/"],"_thumbnail_id":["98881"],"jnews_social_counter_last_update":["1777464074"],"_wptgpro_p2tg_sent2tg":["a:1:{i:23737;s:19:\"2026-02-14 23:16:11\";}"]},"categories":[19,23],"tags":[278,19480,4224,6534,24559,3464,25445,14009],"yoast_head":"<!-- This site is optimized with the Yoast SEO Premium plugin v22.7 (Yoast SEO v22.7) - https:\/\/yoast.com\/wordpress\/plugins\/seo\/ -->\n<title>S\u00fcdafrikas Pr\u00e4sident k\u00fcndigt umfassende Ma\u00dfnahmen gegen organisierte Kriminalit\u00e4t an - just-now.NEWS Deutschland<\/title>\n<meta name=\"robots\" content=\"index, follow, max-snippet:-1, max-image-preview:large, max-video-preview:-1\" \/>\n<link rel=\"canonical\" href=\"https:\/\/now-news.de\/de\/deutschland\/suedafrikas-praesident-kuendigt-umfassende-massnahmen-gegen-organisierte-kriminalitaet-an\/\" \/>\n<meta property=\"og:locale\" content=\"de_DE\" \/>\n<meta property=\"og:type\" content=\"article\" \/>\n<meta property=\"og:title\" content=\"S\u00fcdafrikas Pr\u00e4sident k\u00fcndigt umfassende Ma\u00dfnahmen gegen organisierte Kriminalit\u00e4t an\" \/>\n<meta property=\"og:description\" content=\"Pr\u00e4sident Ramaphosa hat in einer Rede zur Lage der Nation der organisierten Kriminalit\u00e4t in S\u00fcdafrika den Kampf angesagt. Dabei sollen nicht nur Polizisten, sondern auch die Streitkr\u00e4fte eingesetzt werden. Auch gegen Korruption will er noch einmal verst\u00e4rkt vorgehen. S\u00fcdafrikas Pr\u00e4sident Cyril Ramaphosa k\u00fcndigte am Donnerstag den Einsatz der Nationalen Verteidigungsstreitkr\u00e4fte (SANDF) zur Bek\u00e4mpfung von Bandengewalt [&hellip;]\" \/>\n<meta property=\"og:url\" content=\"https:\/\/now-news.de\/de\/deutschland\/suedafrikas-praesident-kuendigt-umfassende-massnahmen-gegen-organisierte-kriminalitaet-an\/\" \/>\n<meta property=\"og:site_name\" content=\"just-now.NEWS Deutschland\" \/>\n<meta property=\"article:publisher\" content=\"https:\/\/www.facebook.com\/wirmachenauf\" \/>\n<meta property=\"article:published_time\" content=\"2026-02-14T21:00:01+00:00\" \/>\n<meta property=\"og:image\" content=\"https:\/\/now-news.de\/de\/wp-content\/uploads\/sites\/3\/2026\/02\/6990789748fbef465f12eed9.jpg\" \/>\n<meta name=\"author\" content=\"rtnews\" \/>\n<meta name=\"twitter:card\" content=\"summary_large_image\" \/>\n<meta name=\"twitter:creator\" content=\"@WirMachenAuf_de\" \/>\n<meta name=\"twitter:site\" content=\"@WirMachenAuf_de\" \/>\n<meta name=\"twitter:label1\" content=\"Verfasst von\" \/>\n\t<meta name=\"twitter:data1\" content=\"rtnews\" \/>\n\t<meta name=\"twitter:label2\" content=\"Gesch\u00e4tzte Lesezeit\" \/>\n\t<meta name=\"twitter:data2\" content=\"5\u00a0Minuten\" \/>\n<script type=\"application\/ld+json\" class=\"yoast-schema-graph\">{\"@context\":\"https:\/\/schema.org\",\"@graph\":[{\"@type\":\"Article\",\"@id\":\"https:\/\/now-news.de\/de\/deutschland\/suedafrikas-praesident-kuendigt-umfassende-massnahmen-gegen-organisierte-kriminalitaet-an\/#article\",\"isPartOf\":{\"@id\":\"https:\/\/now-news.de\/de\/deutschland\/suedafrikas-praesident-kuendigt-umfassende-massnahmen-gegen-organisierte-kriminalitaet-an\/\"},\"author\":{\"name\":\"rtnews\",\"@id\":\"https:\/\/now-news.de\/de\/#\/schema\/person\/fb534a4e865501d8b3285208df34a9b5\"},\"headline\":\"S\u00fcdafrikas Pr\u00e4sident k\u00fcndigt umfassende Ma\u00dfnahmen gegen organisierte Kriminalit\u00e4t an\",\"datePublished\":\"2026-02-14T21:00:01+00:00\",\"dateModified\":\"2026-02-14T21:00:01+00:00\",\"mainEntityOfPage\":{\"@id\":\"https:\/\/now-news.de\/de\/deutschland\/suedafrikas-praesident-kuendigt-umfassende-massnahmen-gegen-organisierte-kriminalitaet-an\/\"},\"wordCount\":952,\"commentCount\":0,\"publisher\":{\"@id\":\"https:\/\/now-news.de\/de\/#organization\"},\"image\":{\"@id\":\"https:\/\/now-news.de\/de\/deutschland\/suedafrikas-praesident-kuendigt-umfassende-massnahmen-gegen-organisierte-kriminalitaet-an\/#primaryimage\"},\"thumbnailUrl\":\"https:\/\/now-news.de\/de\/wp-content\/uploads\/sites\/3\/2026\/02\/Suedafrikas-Praesident-kuendigt-umfassende-Massnahmen-gegen-organisierte-Kriminalitaet-an.jpg\",\"keywords\":[\"gegen\",\"Kriminalit\u00e4t\",\"k\u00fcndigt\",\"Massnahmen\",\"organisierte\",\"Pr\u00e4sident\",\"S\u00fcdafrikas\",\"umfassende\"],\"articleSection\":[\"Deutschland\",\"Russland\"],\"inLanguage\":\"de\",\"potentialAction\":[{\"@type\":\"CommentAction\",\"name\":\"Comment\",\"target\":[\"https:\/\/now-news.de\/de\/deutschland\/suedafrikas-praesident-kuendigt-umfassende-massnahmen-gegen-organisierte-kriminalitaet-an\/#respond\"]}]},{\"@type\":\"WebPage\",\"@id\":\"https:\/\/now-news.de\/de\/deutschland\/suedafrikas-praesident-kuendigt-umfassende-massnahmen-gegen-organisierte-kriminalitaet-an\/\",\"url\":\"https:\/\/now-news.de\/de\/deutschland\/suedafrikas-praesident-kuendigt-umfassende-massnahmen-gegen-organisierte-kriminalitaet-an\/\",\"name\":\"S\u00fcdafrikas Pr\u00e4sident k\u00fcndigt umfassende Ma\u00dfnahmen gegen organisierte Kriminalit\u00e4t an - just-now.NEWS Deutschland\",\"isPartOf\":{\"@id\":\"https:\/\/now-news.de\/de\/#website\"},\"primaryImageOfPage\":{\"@id\":\"https:\/\/now-news.de\/de\/deutschland\/suedafrikas-praesident-kuendigt-umfassende-massnahmen-gegen-organisierte-kriminalitaet-an\/#primaryimage\"},\"image\":{\"@id\":\"https:\/\/now-news.de\/de\/deutschland\/suedafrikas-praesident-kuendigt-umfassende-massnahmen-gegen-organisierte-kriminalitaet-an\/#primaryimage\"},\"thumbnailUrl\":\"https:\/\/now-news.de\/de\/wp-content\/uploads\/sites\/3\/2026\/02\/Suedafrikas-Praesident-kuendigt-umfassende-Massnahmen-gegen-organisierte-Kriminalitaet-an.jpg\",\"datePublished\":\"2026-02-14T21:00:01+00:00\",\"dateModified\":\"2026-02-14T21:00:01+00:00\",\"breadcrumb\":{\"@id\":\"https:\/\/now-news.de\/de\/deutschland\/suedafrikas-praesident-kuendigt-umfassende-massnahmen-gegen-organisierte-kriminalitaet-an\/#breadcrumb\"},\"inLanguage\":\"de\",\"potentialAction\":[{\"@type\":\"ReadAction\",\"target\":[\"https:\/\/now-news.de\/de\/deutschland\/suedafrikas-praesident-kuendigt-umfassende-massnahmen-gegen-organisierte-kriminalitaet-an\/\"]}]},{\"@type\":\"ImageObject\",\"inLanguage\":\"de\",\"@id\":\"https:\/\/now-news.de\/de\/deutschland\/suedafrikas-praesident-kuendigt-umfassende-massnahmen-gegen-organisierte-kriminalitaet-an\/#primaryimage\",\"url\":\"https:\/\/now-news.de\/de\/wp-content\/uploads\/sites\/3\/2026\/02\/Suedafrikas-Praesident-kuendigt-umfassende-Massnahmen-gegen-organisierte-Kriminalitaet-an.jpg\",\"contentUrl\":\"https:\/\/now-news.de\/de\/wp-content\/uploads\/sites\/3\/2026\/02\/Suedafrikas-Praesident-kuendigt-umfassende-Massnahmen-gegen-organisierte-Kriminalitaet-an.jpg\",\"width\":460,\"height\":259,\"caption\":\"S\u00fcdafrikas Pr\u00e4sident k\u00fcndigt umfassende Ma\u00dfnahmen gegen organisierte Kriminalit\u00e4t an\"},{\"@type\":\"BreadcrumbList\",\"@id\":\"https:\/\/now-news.de\/de\/deutschland\/suedafrikas-praesident-kuendigt-umfassende-massnahmen-gegen-organisierte-kriminalitaet-an\/#breadcrumb\",\"itemListElement\":[{\"@type\":\"ListItem\",\"position\":1,\"name\":\"Home\",\"item\":\"https:\/\/now-news.de\/de\/\"},{\"@type\":\"ListItem\",\"position\":2,\"name\":\"S\u00fcdafrikas Pr\u00e4sident k\u00fcndigt umfassende Ma\u00dfnahmen gegen organisierte Kriminalit\u00e4t an\"}]},{\"@type\":\"WebSite\",\"@id\":\"https:\/\/now-news.de\/de\/#website\",\"url\":\"https:\/\/now-news.de\/de\/\",\"name\":\"just-now.NEWS Deutschland\",\"description\":\"Das Portal f\u00fcr unzensierte Nachrichten aus der Welt\",\"publisher\":{\"@id\":\"https:\/\/now-news.de\/de\/#organization\"},\"potentialAction\":[{\"@type\":\"SearchAction\",\"target\":{\"@type\":\"EntryPoint\",\"urlTemplate\":\"https:\/\/now-news.de\/de\/?s={search_term_string}\"},\"query-input\":\"required name=search_term_string\"}],\"inLanguage\":\"de\"},{\"@type\":\"Organization\",\"@id\":\"https:\/\/now-news.de\/de\/#organization\",\"name\":\"Just Now News\",\"url\":\"https:\/\/now-news.de\/de\/\",\"logo\":{\"@type\":\"ImageObject\",\"inLanguage\":\"de\",\"@id\":\"https:\/\/now-news.de\/de\/#\/schema\/logo\/image\/\",\"url\":\"http:\/\/just-now.news\/de\/wp-content\/uploads\/sites\/3\/2022\/04\/logo500x500.jpg\",\"contentUrl\":\"http:\/\/just-now.news\/de\/wp-content\/uploads\/sites\/3\/2022\/04\/logo500x500.jpg\",\"width\":500,\"height\":500,\"caption\":\"Just Now News\"},\"image\":{\"@id\":\"https:\/\/now-news.de\/de\/#\/schema\/logo\/image\/\"},\"sameAs\":[\"https:\/\/www.facebook.com\/wirmachenauf\",\"https:\/\/x.com\/WirMachenAuf_de\"]},{\"@type\":\"Person\",\"@id\":\"https:\/\/now-news.de\/de\/#\/schema\/person\/fb534a4e865501d8b3285208df34a9b5\",\"name\":\"rtnews\",\"image\":{\"@type\":\"ImageObject\",\"inLanguage\":\"de\",\"@id\":\"https:\/\/now-news.de\/de\/#\/schema\/person\/image\/\",\"url\":\"https:\/\/secure.gravatar.com\/avatar\/82aafea7d8127119dd649515f56e2117?s=96&d=mm&r=g\",\"contentUrl\":\"https:\/\/secure.gravatar.com\/avatar\/82aafea7d8127119dd649515f56e2117?s=96&d=mm&r=g\",\"caption\":\"rtnews\"},\"url\":\"https:\/\/now-news.de\/de\/author\/rnews\/\"}]}<\/script>\n<!-- \/ Yoast SEO Premium plugin. -->","yoast_head_json":{"title":"S\u00fcdafrikas Pr\u00e4sident k\u00fcndigt umfassende Ma\u00dfnahmen gegen organisierte Kriminalit\u00e4t an - just-now.NEWS Deutschland","robots":{"index":"index","follow":"follow","max-snippet":"max-snippet:-1","max-image-preview":"max-image-preview:large","max-video-preview":"max-video-preview:-1"},"canonical":"https:\/\/now-news.de\/de\/deutschland\/suedafrikas-praesident-kuendigt-umfassende-massnahmen-gegen-organisierte-kriminalitaet-an\/","og_locale":"de_DE","og_type":"article","og_title":"S\u00fcdafrikas Pr\u00e4sident k\u00fcndigt umfassende Ma\u00dfnahmen gegen organisierte Kriminalit\u00e4t an","og_description":"Pr\u00e4sident Ramaphosa hat in einer Rede zur Lage der Nation der organisierten Kriminalit\u00e4t in S\u00fcdafrika den Kampf angesagt. Dabei sollen nicht nur Polizisten, sondern auch die Streitkr\u00e4fte eingesetzt werden. Auch gegen Korruption will er noch einmal verst\u00e4rkt vorgehen. S\u00fcdafrikas Pr\u00e4sident Cyril Ramaphosa k\u00fcndigte am Donnerstag den Einsatz der Nationalen Verteidigungsstreitkr\u00e4fte (SANDF) zur Bek\u00e4mpfung von Bandengewalt [&hellip;]","og_url":"https:\/\/now-news.de\/de\/deutschland\/suedafrikas-praesident-kuendigt-umfassende-massnahmen-gegen-organisierte-kriminalitaet-an\/","og_site_name":"just-now.NEWS Deutschland","article_publisher":"https:\/\/www.facebook.com\/wirmachenauf","article_published_time":"2026-02-14T21:00:01+00:00","og_image":[{"url":"https:\/\/now-news.de\/de\/wp-content\/uploads\/sites\/3\/2026\/02\/6990789748fbef465f12eed9.jpg"}],"author":"rtnews","twitter_card":"summary_large_image","twitter_creator":"@WirMachenAuf_de","twitter_site":"@WirMachenAuf_de","twitter_misc":{"Verfasst von":"rtnews","Gesch\u00e4tzte Lesezeit":"5\u00a0Minuten"},"schema":{"@context":"https:\/\/schema.org","@graph":[{"@type":"Article","@id":"https:\/\/now-news.de\/de\/deutschland\/suedafrikas-praesident-kuendigt-umfassende-massnahmen-gegen-organisierte-kriminalitaet-an\/#article","isPartOf":{"@id":"https:\/\/now-news.de\/de\/deutschland\/suedafrikas-praesident-kuendigt-umfassende-massnahmen-gegen-organisierte-kriminalitaet-an\/"},"author":{"name":"rtnews","@id":"https:\/\/now-news.de\/de\/#\/schema\/person\/fb534a4e865501d8b3285208df34a9b5"},"headline":"S\u00fcdafrikas Pr\u00e4sident k\u00fcndigt umfassende Ma\u00dfnahmen gegen organisierte Kriminalit\u00e4t an","datePublished":"2026-02-14T21:00:01+00:00","dateModified":"2026-02-14T21:00:01+00:00","mainEntityOfPage":{"@id":"https:\/\/now-news.de\/de\/deutschland\/suedafrikas-praesident-kuendigt-umfassende-massnahmen-gegen-organisierte-kriminalitaet-an\/"},"wordCount":952,"commentCount":0,"publisher":{"@id":"https:\/\/now-news.de\/de\/#organization"},"image":{"@id":"https:\/\/now-news.de\/de\/deutschland\/suedafrikas-praesident-kuendigt-umfassende-massnahmen-gegen-organisierte-kriminalitaet-an\/#primaryimage"},"thumbnailUrl":"https:\/\/now-news.de\/de\/wp-content\/uploads\/sites\/3\/2026\/02\/Suedafrikas-Praesident-kuendigt-umfassende-Massnahmen-gegen-organisierte-Kriminalitaet-an.jpg","keywords":["gegen","Kriminalit\u00e4t","k\u00fcndigt","Massnahmen","organisierte","Pr\u00e4sident","S\u00fcdafrikas","umfassende"],"articleSection":["Deutschland","Russland"],"inLanguage":"de","potentialAction":[{"@type":"CommentAction","name":"Comment","target":["https:\/\/now-news.de\/de\/deutschland\/suedafrikas-praesident-kuendigt-umfassende-massnahmen-gegen-organisierte-kriminalitaet-an\/#respond"]}]},{"@type":"WebPage","@id":"https:\/\/now-news.de\/de\/deutschland\/suedafrikas-praesident-kuendigt-umfassende-massnahmen-gegen-organisierte-kriminalitaet-an\/","url":"https:\/\/now-news.de\/de\/deutschland\/suedafrikas-praesident-kuendigt-umfassende-massnahmen-gegen-organisierte-kriminalitaet-an\/","name":"S\u00fcdafrikas Pr\u00e4sident k\u00fcndigt umfassende Ma\u00dfnahmen gegen organisierte Kriminalit\u00e4t an - just-now.NEWS Deutschland","isPartOf":{"@id":"https:\/\/now-news.de\/de\/#website"},"primaryImageOfPage":{"@id":"https:\/\/now-news.de\/de\/deutschland\/suedafrikas-praesident-kuendigt-umfassende-massnahmen-gegen-organisierte-kriminalitaet-an\/#primaryimage"},"image":{"@id":"https:\/\/now-news.de\/de\/deutschland\/suedafrikas-praesident-kuendigt-umfassende-massnahmen-gegen-organisierte-kriminalitaet-an\/#primaryimage"},"thumbnailUrl":"https:\/\/now-news.de\/de\/wp-content\/uploads\/sites\/3\/2026\/02\/Suedafrikas-Praesident-kuendigt-umfassende-Massnahmen-gegen-organisierte-Kriminalitaet-an.jpg","datePublished":"2026-02-14T21:00:01+00:00","dateModified":"2026-02-14T21:00:01+00:00","breadcrumb":{"@id":"https:\/\/now-news.de\/de\/deutschland\/suedafrikas-praesident-kuendigt-umfassende-massnahmen-gegen-organisierte-kriminalitaet-an\/#breadcrumb"},"inLanguage":"de","potentialAction":[{"@type":"ReadAction","target":["https:\/\/now-news.de\/de\/deutschland\/suedafrikas-praesident-kuendigt-umfassende-massnahmen-gegen-organisierte-kriminalitaet-an\/"]}]},{"@type":"ImageObject","inLanguage":"de","@id":"https:\/\/now-news.de\/de\/deutschland\/suedafrikas-praesident-kuendigt-umfassende-massnahmen-gegen-organisierte-kriminalitaet-an\/#primaryimage","url":"https:\/\/now-news.de\/de\/wp-content\/uploads\/sites\/3\/2026\/02\/Suedafrikas-Praesident-kuendigt-umfassende-Massnahmen-gegen-organisierte-Kriminalitaet-an.jpg","contentUrl":"https:\/\/now-news.de\/de\/wp-content\/uploads\/sites\/3\/2026\/02\/Suedafrikas-Praesident-kuendigt-umfassende-Massnahmen-gegen-organisierte-Kriminalitaet-an.jpg","width":460,"height":259,"caption":"S\u00fcdafrikas Pr\u00e4sident k\u00fcndigt umfassende Ma\u00dfnahmen gegen organisierte Kriminalit\u00e4t an"},{"@type":"BreadcrumbList","@id":"https:\/\/now-news.de\/de\/deutschland\/suedafrikas-praesident-kuendigt-umfassende-massnahmen-gegen-organisierte-kriminalitaet-an\/#breadcrumb","itemListElement":[{"@type":"ListItem","position":1,"name":"Home","item":"https:\/\/now-news.de\/de\/"},{"@type":"ListItem","position":2,"name":"S\u00fcdafrikas Pr\u00e4sident k\u00fcndigt umfassende Ma\u00dfnahmen gegen organisierte Kriminalit\u00e4t an"}]},{"@type":"WebSite","@id":"https:\/\/now-news.de\/de\/#website","url":"https:\/\/now-news.de\/de\/","name":"just-now.NEWS Deutschland","description":"Das Portal f\u00fcr unzensierte Nachrichten aus der Welt","publisher":{"@id":"https:\/\/now-news.de\/de\/#organization"},"potentialAction":[{"@type":"SearchAction","target":{"@type":"EntryPoint","urlTemplate":"https:\/\/now-news.de\/de\/?s={search_term_string}"},"query-input":"required name=search_term_string"}],"inLanguage":"de"},{"@type":"Organization","@id":"https:\/\/now-news.de\/de\/#organization","name":"Just Now News","url":"https:\/\/now-news.de\/de\/","logo":{"@type":"ImageObject","inLanguage":"de","@id":"https:\/\/now-news.de\/de\/#\/schema\/logo\/image\/","url":"http:\/\/just-now.news\/de\/wp-content\/uploads\/sites\/3\/2022\/04\/logo500x500.jpg","contentUrl":"http:\/\/just-now.news\/de\/wp-content\/uploads\/sites\/3\/2022\/04\/logo500x500.jpg","width":500,"height":500,"caption":"Just Now News"},"image":{"@id":"https:\/\/now-news.de\/de\/#\/schema\/logo\/image\/"},"sameAs":["https:\/\/www.facebook.com\/wirmachenauf","https:\/\/x.com\/WirMachenAuf_de"]},{"@type":"Person","@id":"https:\/\/now-news.de\/de\/#\/schema\/person\/fb534a4e865501d8b3285208df34a9b5","name":"rtnews","image":{"@type":"ImageObject","inLanguage":"de","@id":"https:\/\/now-news.de\/de\/#\/schema\/person\/image\/","url":"https:\/\/secure.gravatar.com\/avatar\/82aafea7d8127119dd649515f56e2117?s=96&d=mm&r=g","contentUrl":"https:\/\/secure.gravatar.com\/avatar\/82aafea7d8127119dd649515f56e2117?s=96&d=mm&r=g","caption":"rtnews"},"url":"https:\/\/now-news.de\/de\/author\/rnews\/"}]}},"_links":{"self":[{"href":"https:\/\/now-news.de\/de\/wp-json\/wp\/v2\/posts\/98880"}],"collection":[{"href":"https:\/\/now-news.de\/de\/wp-json\/wp\/v2\/posts"}],"about":[{"href":"https:\/\/now-news.de\/de\/wp-json\/wp\/v2\/types\/post"}],"author":[{"embeddable":true,"href":"https:\/\/now-news.de\/de\/wp-json\/wp\/v2\/users\/3"}],"replies":[{"embeddable":true,"href":"https:\/\/now-news.de\/de\/wp-json\/wp\/v2\/comments?post=98880"}],"version-history":[{"count":0,"href":"https:\/\/now-news.de\/de\/wp-json\/wp\/v2\/posts\/98880\/revisions"}],"wp:featuredmedia":[{"embeddable":true,"href":"https:\/\/now-news.de\/de\/wp-json\/wp\/v2\/media\/98881"}],"wp:attachment":[{"href":"https:\/\/now-news.de\/de\/wp-json\/wp\/v2\/media?parent=98880"}],"wp:term":[{"taxonomy":"category","embeddable":true,"href":"https:\/\/now-news.de\/de\/wp-json\/wp\/v2\/categories?post=98880"},{"taxonomy":"post_tag","embeddable":true,"href":"https:\/\/now-news.de\/de\/wp-json\/wp\/v2\/tags?post=98880"}],"curies":[{"name":"wp","href":"https:\/\/api.w.org\/{rel}","templated":true}]}}