{"id":9881,"date":"2022-06-05T10:31:34","date_gmt":"2022-06-05T08:31:34","guid":{"rendered":"http:\/\/just-now.news\/de\/deutschland\/volksabstimmung-ueber-verfassungsaenderungen-in-kasachstan-laeuft\/"},"modified":"2022-06-05T10:31:34","modified_gmt":"2022-06-05T08:31:34","slug":"volksabstimmung-ueber-verfassungsaenderungen-in-kasachstan-laeuft","status":"publish","type":"post","link":"https:\/\/now-news.de\/de\/deutschland\/volksabstimmung-ueber-verfassungsaenderungen-in-kasachstan-laeuft\/","title":{"rendered":"Volksabstimmung \u00fcber Verfassungs\u00e4nderungen in Kasachstan l\u00e4uft"},"content":{"rendered":"<p><img decoding=\"async\" src=\"http:\/\/just-now.news\/de\/wp-content\/uploads\/sites\/3\/2022\/06\/629c5b9648fbef799931d141.jpg\" \/><\/p>\n<div class=\"Text-root Text-type_1 \">\n                Kasachstan stimmt \u00fcber \u00c4nderungen seiner Verfassung ab. Sie w\u00fcrden die Macht des Staatsoberhauptes einschr\u00e4nken, die anderen Regierungszweige st\u00e4rken und die Rolle der B\u00fcrgerinnen und B\u00fcrger im Prozess der Staatsf\u00fchrung ausbauen.\n            <\/div>\n<p><\/p>\n<div class=\"Text-root Text-type_5 ArticleView-text ViewText-root \">\n<p>Seit 7 Uhr morgens l\u00e4uft am 5. Juni in Kasachstan eine Volksabstimmung \u00fcber grundlegende \u00c4nderungen der Verfassung des Landes. Die jetzt zur Abstimmung stehenden Verfassungs\u00e4nderungen sollen den endg\u00fcltigen \u00dcbergang von einer superpr\u00e4sidialen Regierungsform zu einer Pr\u00e4sidialrepublik mit einem starken Parlament und einer kontrollpflichtigen Regierung erm\u00f6glichen. Die \u00fcberm\u00e4\u00dfige Konzentration der Befugnisse des Pr\u00e4sidenten, die bisher das kasachische Staatssystem kennzeichnete, soll damit abgebaut werden.<\/p>\n<p>Die Gesetzes\u00e4nderungen zielen zudem auf eine systematische St\u00e4rkung der Menschenrechte, die Wiedereinsetzung des Verfassungsgerichts und die endg\u00fcltige Abschaffung der Todesstrafe ab.<\/p>\n<p>Nach Angaben von <em>RIA Nowosti <\/em>lag die Wahlbeteiligung beim Verfassungsreferendum in Kasachstan bis 10 Uhr morgens bei 28,59 Prozent, wie die Zentrale Wahlbeh\u00f6rde des Landes mitteilte. Nach Angaben der Beh\u00f6rde seien rund 12 Millionen Personen berechtigt, an dem Volksbegehren teilzunehmen. Der kasachische Pr\u00e4sident Qassym-Schomart Toqajew habe bereits seine Stimme in einem Wahllokal in der Hauptstadt Nur-Sultan abgegeben, berichtete <em>RIA Nowosti.<\/em><\/p>\n<p>Das laufende Verfassungsreferendum werde sicherstellen, dass sich die Unruhen vom Januar nicht wiederholen w\u00fcrden, erkl\u00e4rte der Pr\u00e4sident nach seiner Stimmabgabe vor der Presse.<\/p>\n<p>Wie die Nachrichtenagentur<em> TASS <\/em>berichtet, sagte Toqajew unter anderem:<\/p>\n<blockquote>\n<p><em>&#8220;Wir sind zuversichtlich, dass sich die Trag\u00f6die vom Januar in unserem Land nicht wiederholen wird. \u00dcbrigens ist das heutige Volksbegehren eine Garantie daf\u00fcr. Wir haben also die entsprechenden Konsequenzen gezogen.&#8221;<\/em><\/p>\n<\/blockquote>\n<p>Nach Angaben der Beh\u00f6rden kamen bei den Massenunruhen im Januar des Jahres 2022 in Kasachstan 230 Menschen ums Leben und mehr als 4.500 wurden verletzt.<\/p>\n<p><strong>Mehr zum Thema <\/strong>&#8211;\u00a0<a rel=\"nofollow noopener\" target=\"_blank\" href=\"https:\/\/test.rtde.tech\/international\/133098-kasachstan-unterstuetzt-weder-russland-noch-ukraine\/\">Kasachstan unterst\u00fctzt weder Russland noch die Ukraine <\/a><\/p>\n<\/div>\n<p><br \/>\n<br \/><a href=\"https:\/\/de.rt.com\/asien\/140262-volksabstimmung-ueber-verfassungsaenderungen-in-kasachstan\/\">Source link <\/a><\/p>\n","protected":false},"excerpt":{"rendered":"<p>Kasachstan stimmt \u00fcber \u00c4nderungen seiner Verfassung ab. Sie w\u00fcrden die Macht des Staatsoberhauptes einschr\u00e4nken, die anderen Regierungszweige st\u00e4rken und die Rolle der B\u00fcrgerinnen und B\u00fcrger im Prozess der Staatsf\u00fchrung ausbauen. Seit 7 Uhr morgens l\u00e4uft am 5. Juni in Kasachstan eine Volksabstimmung \u00fcber grundlegende \u00c4nderungen der Verfassung des Landes. Die jetzt zur Abstimmung stehenden Verfassungs\u00e4nderungen [&hellip;]<\/p>\n","protected":false},"author":3,"featured_media":9882,"comment_status":"open","ping_status":"open","sticky":false,"template":"","format":"standard","meta":{"wp_automatic_camp":["217"],"63882610ed83a37c35b7a8b6eadb08bc":["Volksabstimmung \u00fcber Verfassungs\u00e4nderungen in Kasachstan l\u00e4uft"],"original_link":["https:\/\/de.rt.com\/asien\/140262-volksabstimmung-ueber-verfassungsaenderungen-in-kasachstan\/"],"_thumbnail_id":["9882"],"_wptg_p2tg_sent2tg":["2022-06-05 10:35:31"],"jnews_social_counter_last_update":["1777154364"]},"categories":[19,23],"tags":[4841,15743,139,23200,23199],"yoast_head":"<!-- This site is optimized with the Yoast SEO Premium plugin v22.7 (Yoast SEO v22.7) - https:\/\/yoast.com\/wordpress\/plugins\/seo\/ -->\n<title>Volksabstimmung \u00fcber Verfassungs\u00e4nderungen in Kasachstan l\u00e4uft - just-now.NEWS Deutschland<\/title>\n<meta name=\"robots\" content=\"index, follow, max-snippet:-1, max-image-preview:large, max-video-preview:-1\" \/>\n<link rel=\"canonical\" href=\"https:\/\/now-news.de\/de\/deutschland\/volksabstimmung-ueber-verfassungsaenderungen-in-kasachstan-laeuft\/\" \/>\n<meta property=\"og:locale\" content=\"de_DE\" \/>\n<meta property=\"og:type\" content=\"article\" \/>\n<meta property=\"og:title\" content=\"Volksabstimmung \u00fcber Verfassungs\u00e4nderungen in Kasachstan l\u00e4uft\" \/>\n<meta property=\"og:description\" content=\"Kasachstan stimmt \u00fcber \u00c4nderungen seiner Verfassung ab. Sie w\u00fcrden die Macht des Staatsoberhauptes einschr\u00e4nken, die anderen Regierungszweige st\u00e4rken und die Rolle der B\u00fcrgerinnen und B\u00fcrger im Prozess der Staatsf\u00fchrung ausbauen. Seit 7 Uhr morgens l\u00e4uft am 5. Juni in Kasachstan eine Volksabstimmung \u00fcber grundlegende \u00c4nderungen der Verfassung des Landes. Die jetzt zur Abstimmung stehenden Verfassungs\u00e4nderungen [&hellip;]\" \/>\n<meta property=\"og:url\" content=\"https:\/\/now-news.de\/de\/deutschland\/volksabstimmung-ueber-verfassungsaenderungen-in-kasachstan-laeuft\/\" \/>\n<meta property=\"og:site_name\" content=\"just-now.NEWS Deutschland\" \/>\n<meta property=\"article:publisher\" content=\"https:\/\/www.facebook.com\/wirmachenauf\" \/>\n<meta property=\"article:published_time\" content=\"2022-06-05T08:31:34+00:00\" \/>\n<meta property=\"og:image\" content=\"https:\/\/now-news.de\/de\/wp-content\/uploads\/sites\/3\/2022\/06\/Volksabstimmung-ueber-Verfassungsaenderungen-in-Kasachstan-laeuft.jpg\" \/>\n\t<meta property=\"og:image:width\" content=\"460\" \/>\n\t<meta property=\"og:image:height\" content=\"259\" \/>\n\t<meta property=\"og:image:type\" content=\"image\/jpeg\" \/>\n<meta name=\"author\" content=\"rtnews\" \/>\n<meta name=\"twitter:card\" content=\"summary_large_image\" \/>\n<meta name=\"twitter:creator\" content=\"@WirMachenAuf_de\" \/>\n<meta name=\"twitter:site\" content=\"@WirMachenAuf_de\" \/>\n<meta name=\"twitter:label1\" content=\"Verfasst von\" \/>\n\t<meta name=\"twitter:data1\" content=\"rtnews\" \/>\n\t<meta name=\"twitter:label2\" content=\"Gesch\u00e4tzte Lesezeit\" \/>\n\t<meta name=\"twitter:data2\" content=\"1\u00a0Minute\" \/>\n<script type=\"application\/ld+json\" class=\"yoast-schema-graph\">{\"@context\":\"https:\/\/schema.org\",\"@graph\":[{\"@type\":\"Article\",\"@id\":\"https:\/\/now-news.de\/de\/deutschland\/volksabstimmung-ueber-verfassungsaenderungen-in-kasachstan-laeuft\/#article\",\"isPartOf\":{\"@id\":\"https:\/\/now-news.de\/de\/deutschland\/volksabstimmung-ueber-verfassungsaenderungen-in-kasachstan-laeuft\/\"},\"author\":{\"name\":\"rtnews\",\"@id\":\"https:\/\/now-news.de\/de\/#\/schema\/person\/fb534a4e865501d8b3285208df34a9b5\"},\"headline\":\"Volksabstimmung \u00fcber Verfassungs\u00e4nderungen in Kasachstan l\u00e4uft\",\"datePublished\":\"2022-06-05T08:31:34+00:00\",\"dateModified\":\"2022-06-05T08:31:34+00:00\",\"mainEntityOfPage\":{\"@id\":\"https:\/\/now-news.de\/de\/deutschland\/volksabstimmung-ueber-verfassungsaenderungen-in-kasachstan-laeuft\/\"},\"wordCount\":301,\"commentCount\":0,\"publisher\":{\"@id\":\"https:\/\/now-news.de\/de\/#organization\"},\"image\":{\"@id\":\"https:\/\/now-news.de\/de\/deutschland\/volksabstimmung-ueber-verfassungsaenderungen-in-kasachstan-laeuft\/#primaryimage\"},\"thumbnailUrl\":\"https:\/\/now-news.de\/de\/wp-content\/uploads\/sites\/3\/2022\/06\/Volksabstimmung-ueber-Verfassungsaenderungen-in-Kasachstan-laeuft.jpg\",\"keywords\":[\"Kasachstan\",\"l\u00e4uft\",\"\u00fcber\",\"Verfassungs\u00e4nderungen\",\"Volksabstimmung\"],\"articleSection\":[\"Deutschland\",\"Russland\"],\"inLanguage\":\"de\",\"potentialAction\":[{\"@type\":\"CommentAction\",\"name\":\"Comment\",\"target\":[\"https:\/\/now-news.de\/de\/deutschland\/volksabstimmung-ueber-verfassungsaenderungen-in-kasachstan-laeuft\/#respond\"]}]},{\"@type\":\"WebPage\",\"@id\":\"https:\/\/now-news.de\/de\/deutschland\/volksabstimmung-ueber-verfassungsaenderungen-in-kasachstan-laeuft\/\",\"url\":\"https:\/\/now-news.de\/de\/deutschland\/volksabstimmung-ueber-verfassungsaenderungen-in-kasachstan-laeuft\/\",\"name\":\"Volksabstimmung \u00fcber Verfassungs\u00e4nderungen in Kasachstan l\u00e4uft - just-now.NEWS Deutschland\",\"isPartOf\":{\"@id\":\"https:\/\/now-news.de\/de\/#website\"},\"primaryImageOfPage\":{\"@id\":\"https:\/\/now-news.de\/de\/deutschland\/volksabstimmung-ueber-verfassungsaenderungen-in-kasachstan-laeuft\/#primaryimage\"},\"image\":{\"@id\":\"https:\/\/now-news.de\/de\/deutschland\/volksabstimmung-ueber-verfassungsaenderungen-in-kasachstan-laeuft\/#primaryimage\"},\"thumbnailUrl\":\"https:\/\/now-news.de\/de\/wp-content\/uploads\/sites\/3\/2022\/06\/Volksabstimmung-ueber-Verfassungsaenderungen-in-Kasachstan-laeuft.jpg\",\"datePublished\":\"2022-06-05T08:31:34+00:00\",\"dateModified\":\"2022-06-05T08:31:34+00:00\",\"breadcrumb\":{\"@id\":\"https:\/\/now-news.de\/de\/deutschland\/volksabstimmung-ueber-verfassungsaenderungen-in-kasachstan-laeuft\/#breadcrumb\"},\"inLanguage\":\"de\",\"potentialAction\":[{\"@type\":\"ReadAction\",\"target\":[\"https:\/\/now-news.de\/de\/deutschland\/volksabstimmung-ueber-verfassungsaenderungen-in-kasachstan-laeuft\/\"]}]},{\"@type\":\"ImageObject\",\"inLanguage\":\"de\",\"@id\":\"https:\/\/now-news.de\/de\/deutschland\/volksabstimmung-ueber-verfassungsaenderungen-in-kasachstan-laeuft\/#primaryimage\",\"url\":\"https:\/\/now-news.de\/de\/wp-content\/uploads\/sites\/3\/2022\/06\/Volksabstimmung-ueber-Verfassungsaenderungen-in-Kasachstan-laeuft.jpg\",\"contentUrl\":\"https:\/\/now-news.de\/de\/wp-content\/uploads\/sites\/3\/2022\/06\/Volksabstimmung-ueber-Verfassungsaenderungen-in-Kasachstan-laeuft.jpg\",\"width\":460,\"height\":259,\"caption\":\"Volksabstimmung \u00fcber Verfassungs\u00e4nderungen in Kasachstan l\u00e4uft\"},{\"@type\":\"BreadcrumbList\",\"@id\":\"https:\/\/now-news.de\/de\/deutschland\/volksabstimmung-ueber-verfassungsaenderungen-in-kasachstan-laeuft\/#breadcrumb\",\"itemListElement\":[{\"@type\":\"ListItem\",\"position\":1,\"name\":\"Home\",\"item\":\"https:\/\/now-news.de\/de\/\"},{\"@type\":\"ListItem\",\"position\":2,\"name\":\"Volksabstimmung \u00fcber Verfassungs\u00e4nderungen in Kasachstan l\u00e4uft\"}]},{\"@type\":\"WebSite\",\"@id\":\"https:\/\/now-news.de\/de\/#website\",\"url\":\"https:\/\/now-news.de\/de\/\",\"name\":\"just-now.NEWS Deutschland\",\"description\":\"Das Portal f\u00fcr unzensierte Nachrichten aus der Welt\",\"publisher\":{\"@id\":\"https:\/\/now-news.de\/de\/#organization\"},\"potentialAction\":[{\"@type\":\"SearchAction\",\"target\":{\"@type\":\"EntryPoint\",\"urlTemplate\":\"https:\/\/now-news.de\/de\/?s={search_term_string}\"},\"query-input\":\"required name=search_term_string\"}],\"inLanguage\":\"de\"},{\"@type\":\"Organization\",\"@id\":\"https:\/\/now-news.de\/de\/#organization\",\"name\":\"Just Now News\",\"url\":\"https:\/\/now-news.de\/de\/\",\"logo\":{\"@type\":\"ImageObject\",\"inLanguage\":\"de\",\"@id\":\"https:\/\/now-news.de\/de\/#\/schema\/logo\/image\/\",\"url\":\"http:\/\/just-now.news\/de\/wp-content\/uploads\/sites\/3\/2022\/04\/logo500x500.jpg\",\"contentUrl\":\"http:\/\/just-now.news\/de\/wp-content\/uploads\/sites\/3\/2022\/04\/logo500x500.jpg\",\"width\":500,\"height\":500,\"caption\":\"Just Now News\"},\"image\":{\"@id\":\"https:\/\/now-news.de\/de\/#\/schema\/logo\/image\/\"},\"sameAs\":[\"https:\/\/www.facebook.com\/wirmachenauf\",\"https:\/\/x.com\/WirMachenAuf_de\"]},{\"@type\":\"Person\",\"@id\":\"https:\/\/now-news.de\/de\/#\/schema\/person\/fb534a4e865501d8b3285208df34a9b5\",\"name\":\"rtnews\",\"image\":{\"@type\":\"ImageObject\",\"inLanguage\":\"de\",\"@id\":\"https:\/\/now-news.de\/de\/#\/schema\/person\/image\/\",\"url\":\"https:\/\/secure.gravatar.com\/avatar\/82aafea7d8127119dd649515f56e2117?s=96&d=mm&r=g\",\"contentUrl\":\"https:\/\/secure.gravatar.com\/avatar\/82aafea7d8127119dd649515f56e2117?s=96&d=mm&r=g\",\"caption\":\"rtnews\"},\"url\":\"https:\/\/now-news.de\/de\/author\/rnews\/\"}]}<\/script>\n<!-- \/ Yoast SEO Premium plugin. -->","yoast_head_json":{"title":"Volksabstimmung \u00fcber Verfassungs\u00e4nderungen in Kasachstan l\u00e4uft - just-now.NEWS Deutschland","robots":{"index":"index","follow":"follow","max-snippet":"max-snippet:-1","max-image-preview":"max-image-preview:large","max-video-preview":"max-video-preview:-1"},"canonical":"https:\/\/now-news.de\/de\/deutschland\/volksabstimmung-ueber-verfassungsaenderungen-in-kasachstan-laeuft\/","og_locale":"de_DE","og_type":"article","og_title":"Volksabstimmung \u00fcber Verfassungs\u00e4nderungen in Kasachstan l\u00e4uft","og_description":"Kasachstan stimmt \u00fcber \u00c4nderungen seiner Verfassung ab. Sie w\u00fcrden die Macht des Staatsoberhauptes einschr\u00e4nken, die anderen Regierungszweige st\u00e4rken und die Rolle der B\u00fcrgerinnen und B\u00fcrger im Prozess der Staatsf\u00fchrung ausbauen. Seit 7 Uhr morgens l\u00e4uft am 5. Juni in Kasachstan eine Volksabstimmung \u00fcber grundlegende \u00c4nderungen der Verfassung des Landes. Die jetzt zur Abstimmung stehenden Verfassungs\u00e4nderungen [&hellip;]","og_url":"https:\/\/now-news.de\/de\/deutschland\/volksabstimmung-ueber-verfassungsaenderungen-in-kasachstan-laeuft\/","og_site_name":"just-now.NEWS Deutschland","article_publisher":"https:\/\/www.facebook.com\/wirmachenauf","article_published_time":"2022-06-05T08:31:34+00:00","og_image":[{"width":460,"height":259,"url":"https:\/\/now-news.de\/de\/wp-content\/uploads\/sites\/3\/2022\/06\/Volksabstimmung-ueber-Verfassungsaenderungen-in-Kasachstan-laeuft.jpg","type":"image\/jpeg"}],"author":"rtnews","twitter_card":"summary_large_image","twitter_creator":"@WirMachenAuf_de","twitter_site":"@WirMachenAuf_de","twitter_misc":{"Verfasst von":"rtnews","Gesch\u00e4tzte Lesezeit":"1\u00a0Minute"},"schema":{"@context":"https:\/\/schema.org","@graph":[{"@type":"Article","@id":"https:\/\/now-news.de\/de\/deutschland\/volksabstimmung-ueber-verfassungsaenderungen-in-kasachstan-laeuft\/#article","isPartOf":{"@id":"https:\/\/now-news.de\/de\/deutschland\/volksabstimmung-ueber-verfassungsaenderungen-in-kasachstan-laeuft\/"},"author":{"name":"rtnews","@id":"https:\/\/now-news.de\/de\/#\/schema\/person\/fb534a4e865501d8b3285208df34a9b5"},"headline":"Volksabstimmung \u00fcber Verfassungs\u00e4nderungen in Kasachstan l\u00e4uft","datePublished":"2022-06-05T08:31:34+00:00","dateModified":"2022-06-05T08:31:34+00:00","mainEntityOfPage":{"@id":"https:\/\/now-news.de\/de\/deutschland\/volksabstimmung-ueber-verfassungsaenderungen-in-kasachstan-laeuft\/"},"wordCount":301,"commentCount":0,"publisher":{"@id":"https:\/\/now-news.de\/de\/#organization"},"image":{"@id":"https:\/\/now-news.de\/de\/deutschland\/volksabstimmung-ueber-verfassungsaenderungen-in-kasachstan-laeuft\/#primaryimage"},"thumbnailUrl":"https:\/\/now-news.de\/de\/wp-content\/uploads\/sites\/3\/2022\/06\/Volksabstimmung-ueber-Verfassungsaenderungen-in-Kasachstan-laeuft.jpg","keywords":["Kasachstan","l\u00e4uft","\u00fcber","Verfassungs\u00e4nderungen","Volksabstimmung"],"articleSection":["Deutschland","Russland"],"inLanguage":"de","potentialAction":[{"@type":"CommentAction","name":"Comment","target":["https:\/\/now-news.de\/de\/deutschland\/volksabstimmung-ueber-verfassungsaenderungen-in-kasachstan-laeuft\/#respond"]}]},{"@type":"WebPage","@id":"https:\/\/now-news.de\/de\/deutschland\/volksabstimmung-ueber-verfassungsaenderungen-in-kasachstan-laeuft\/","url":"https:\/\/now-news.de\/de\/deutschland\/volksabstimmung-ueber-verfassungsaenderungen-in-kasachstan-laeuft\/","name":"Volksabstimmung \u00fcber Verfassungs\u00e4nderungen in Kasachstan l\u00e4uft - just-now.NEWS Deutschland","isPartOf":{"@id":"https:\/\/now-news.de\/de\/#website"},"primaryImageOfPage":{"@id":"https:\/\/now-news.de\/de\/deutschland\/volksabstimmung-ueber-verfassungsaenderungen-in-kasachstan-laeuft\/#primaryimage"},"image":{"@id":"https:\/\/now-news.de\/de\/deutschland\/volksabstimmung-ueber-verfassungsaenderungen-in-kasachstan-laeuft\/#primaryimage"},"thumbnailUrl":"https:\/\/now-news.de\/de\/wp-content\/uploads\/sites\/3\/2022\/06\/Volksabstimmung-ueber-Verfassungsaenderungen-in-Kasachstan-laeuft.jpg","datePublished":"2022-06-05T08:31:34+00:00","dateModified":"2022-06-05T08:31:34+00:00","breadcrumb":{"@id":"https:\/\/now-news.de\/de\/deutschland\/volksabstimmung-ueber-verfassungsaenderungen-in-kasachstan-laeuft\/#breadcrumb"},"inLanguage":"de","potentialAction":[{"@type":"ReadAction","target":["https:\/\/now-news.de\/de\/deutschland\/volksabstimmung-ueber-verfassungsaenderungen-in-kasachstan-laeuft\/"]}]},{"@type":"ImageObject","inLanguage":"de","@id":"https:\/\/now-news.de\/de\/deutschland\/volksabstimmung-ueber-verfassungsaenderungen-in-kasachstan-laeuft\/#primaryimage","url":"https:\/\/now-news.de\/de\/wp-content\/uploads\/sites\/3\/2022\/06\/Volksabstimmung-ueber-Verfassungsaenderungen-in-Kasachstan-laeuft.jpg","contentUrl":"https:\/\/now-news.de\/de\/wp-content\/uploads\/sites\/3\/2022\/06\/Volksabstimmung-ueber-Verfassungsaenderungen-in-Kasachstan-laeuft.jpg","width":460,"height":259,"caption":"Volksabstimmung \u00fcber Verfassungs\u00e4nderungen in Kasachstan l\u00e4uft"},{"@type":"BreadcrumbList","@id":"https:\/\/now-news.de\/de\/deutschland\/volksabstimmung-ueber-verfassungsaenderungen-in-kasachstan-laeuft\/#breadcrumb","itemListElement":[{"@type":"ListItem","position":1,"name":"Home","item":"https:\/\/now-news.de\/de\/"},{"@type":"ListItem","position":2,"name":"Volksabstimmung \u00fcber Verfassungs\u00e4nderungen in Kasachstan l\u00e4uft"}]},{"@type":"WebSite","@id":"https:\/\/now-news.de\/de\/#website","url":"https:\/\/now-news.de\/de\/","name":"just-now.NEWS Deutschland","description":"Das Portal f\u00fcr unzensierte Nachrichten aus der Welt","publisher":{"@id":"https:\/\/now-news.de\/de\/#organization"},"potentialAction":[{"@type":"SearchAction","target":{"@type":"EntryPoint","urlTemplate":"https:\/\/now-news.de\/de\/?s={search_term_string}"},"query-input":"required name=search_term_string"}],"inLanguage":"de"},{"@type":"Organization","@id":"https:\/\/now-news.de\/de\/#organization","name":"Just Now News","url":"https:\/\/now-news.de\/de\/","logo":{"@type":"ImageObject","inLanguage":"de","@id":"https:\/\/now-news.de\/de\/#\/schema\/logo\/image\/","url":"http:\/\/just-now.news\/de\/wp-content\/uploads\/sites\/3\/2022\/04\/logo500x500.jpg","contentUrl":"http:\/\/just-now.news\/de\/wp-content\/uploads\/sites\/3\/2022\/04\/logo500x500.jpg","width":500,"height":500,"caption":"Just Now News"},"image":{"@id":"https:\/\/now-news.de\/de\/#\/schema\/logo\/image\/"},"sameAs":["https:\/\/www.facebook.com\/wirmachenauf","https:\/\/x.com\/WirMachenAuf_de"]},{"@type":"Person","@id":"https:\/\/now-news.de\/de\/#\/schema\/person\/fb534a4e865501d8b3285208df34a9b5","name":"rtnews","image":{"@type":"ImageObject","inLanguage":"de","@id":"https:\/\/now-news.de\/de\/#\/schema\/person\/image\/","url":"https:\/\/secure.gravatar.com\/avatar\/82aafea7d8127119dd649515f56e2117?s=96&d=mm&r=g","contentUrl":"https:\/\/secure.gravatar.com\/avatar\/82aafea7d8127119dd649515f56e2117?s=96&d=mm&r=g","caption":"rtnews"},"url":"https:\/\/now-news.de\/de\/author\/rnews\/"}]}},"_links":{"self":[{"href":"https:\/\/now-news.de\/de\/wp-json\/wp\/v2\/posts\/9881"}],"collection":[{"href":"https:\/\/now-news.de\/de\/wp-json\/wp\/v2\/posts"}],"about":[{"href":"https:\/\/now-news.de\/de\/wp-json\/wp\/v2\/types\/post"}],"author":[{"embeddable":true,"href":"https:\/\/now-news.de\/de\/wp-json\/wp\/v2\/users\/3"}],"replies":[{"embeddable":true,"href":"https:\/\/now-news.de\/de\/wp-json\/wp\/v2\/comments?post=9881"}],"version-history":[{"count":0,"href":"https:\/\/now-news.de\/de\/wp-json\/wp\/v2\/posts\/9881\/revisions"}],"wp:featuredmedia":[{"embeddable":true,"href":"https:\/\/now-news.de\/de\/wp-json\/wp\/v2\/media\/9882"}],"wp:attachment":[{"href":"https:\/\/now-news.de\/de\/wp-json\/wp\/v2\/media?parent=9881"}],"wp:term":[{"taxonomy":"category","embeddable":true,"href":"https:\/\/now-news.de\/de\/wp-json\/wp\/v2\/categories?post=9881"},{"taxonomy":"post_tag","embeddable":true,"href":"https:\/\/now-news.de\/de\/wp-json\/wp\/v2\/tags?post=9881"}],"curies":[{"name":"wp","href":"https:\/\/api.w.org\/{rel}","templated":true}]}}