{"id":98759,"date":"2026-02-12T12:01:35","date_gmt":"2026-02-12T10:01:35","guid":{"rendered":"https:\/\/now-news.de\/de\/deutschland\/ich-will-ein-genaues-datum-selenskij-fordert-eu-beitritt-als-festen-punkt-im-friedenabkommen\/"},"modified":"2026-02-12T12:01:35","modified_gmt":"2026-02-12T10:01:35","slug":"ich-will-ein-genaues-datum-selenskij-fordert-eu-beitritt-als-festen-punkt-im-friedenabkommen","status":"publish","type":"post","link":"https:\/\/now-news.de\/de\/deutschland\/ich-will-ein-genaues-datum-selenskij-fordert-eu-beitritt-als-festen-punkt-im-friedenabkommen\/","title":{"rendered":"&quot;Ich will ein genaues Datum&quot; \u2013 Selenskij fordert EU-Beitritt als festen Punkt im Friedenabkommen"},"content":{"rendered":"<p><img decoding=\"async\" src=\"https:\/\/now-news.de\/de\/wp-content\/uploads\/sites\/3\/2026\/02\/698d8c43b480cc337d75c520.jpg\" \/><\/p>\n<div class=\"Text-root Text-type_1 \">\n                Der ukrainische Pr\u00e4sident Selenskij formuliert in einem X-Beitrag seine Wunschvorstellungen zum Thema eines m\u00f6glichen Abkommens zur Beendigung des Krieges. Die EU-Au\u00dfenbeauftragte Kallas pr\u00e4sentiert &#8220;eine Liste von Zugest\u00e4ndnissen&#8221;, die Moskau im Rahmen von Friedensverhandlungen zu erf\u00fcllen h\u00e4tte.\n            <\/div>\n<p><\/p>\n<div class=\"Text-root Text-type_5 ArticleView-text ViewText-root \">\n<p>Der ukrainische Pr\u00e4sident Wladimir Selenskij formuliert in den sozialen Medien seine genauen Vorstellungen zu den Inhalten eines m\u00f6glichen Friedensabkommens mit Russland. Das politische Kiew w\u00fcrde unter seiner F\u00fchrung w\u00f6rtlich &#8220;zumindest die wichtigsten Schritte umsetzen&#8221;, die f\u00fcr einen EU-Beitritt der Ukraine &#8220;technisch&#8221; notwendig w\u00e4ren.\u00a0Selenskij fordert daher &#8220;ein konkretes Datum&#8221;.\u00a0Die EU-Au\u00dfenbeauftragte Kaja Kallas k\u00fcndigte bereits am Dienstag an, sie werde &#8220;eine Liste von Zugest\u00e4ndnissen&#8221; pr\u00e4sentieren, die Europa w\u00f6rtlich &#8220;von Russland als Teil einer Einigung zur Beendigung des Krieges in der Ukraine fordern&#8221; sollte.<\/p>\n<p>Wladimir Selenskij erkl\u00e4rte unter anderem auf X seine Vorstellung, wie Inhaltspunkte f\u00fcr ein Friedensabkommen in den laufenden Verhandlungen formuliert und zur Zufriedenheit von Kiew festgelegt werden m\u00fcssten. So hei\u00dft es in dem Beitrag:<\/p>\n<p><em>&#8220;Es ist wichtig, dass die Ukraine alles unternimmt, um bis zum Jahr 2027 technisch f\u00fcr den EU-Beitritt bereit zu sein. Zumindest die wichtigsten Schritte werden wir umsetzen.<\/em><\/p>\n<p><em>Ich m\u00f6chte ein konkretes Datum. Wenn in dem Abkommen, das Amerika, Russland \u2013 insbesondere Putin \u2013, ich als Pr\u00e4sident der Ukraine und Europa unterzeichnen, kein Datum festgelegt ist, wird Russland alles tun, um den Prozess zu blockieren.&#8221;<\/em><\/p>\n<div class=\"EmbedBlock-root EmbedBlock-twitter\">\n<div class=\"TwitterEmbed\">\n<blockquote class=\"twitter-tweet lazyload\" data-twitter=\"twitter-tweet\">\n<p lang=\"en\" dir=\"ltr\">It is important that Ukraine will do everything to be technically ready for EU accession by 2027. At least the main steps we will accomplish.I want a specific date. If in the agreement, under which America, Russia \u2013 specifically Putin \u2013 I as President of Ukraine, and Europe\u2026<\/p>\n<p>\u2014 Volodymyr Zelenskyy \/ \u0412\u043e\u043b\u043e\u0434\u0438\u043c\u0438\u0440 \u0417\u0435\u043b\u0435\u043d\u0441\u044c\u043a\u0438\u0439 (@ZelenskyyUa) <a rel=\"nofollow noopener\" target=\"_blank\" href=\"https:\/\/twitter.com\/ZelenskyyUa\/status\/2021681006542295132?ref_src=twsrc%5Etfw\">February 11, 2026<\/a><\/p><\/blockquote>\n<\/div>\n<\/div>\n<p>Die Unterstellung an den Kreml lautet, dass Moskau laut Selenskijs Wahrnehmung &#8220;nicht einmal mit eigenen Mitteln, sondern \u00fcber bestimmte europ\u00e4ische Vertreter&#8221; agieren w\u00fcrde. Wen er damit explizit meint, lie\u00df er dabei unbeantwortet, um lediglich zu schreiben: &#8220;Wir haben \u00e4hnliche Situationen erlebt.<\/p>\n<p>Die EU sei f\u00fcr sein Land &#8220;eine Sicherheitsgarantie&#8221;.\u00a0Selenskij hatte dabei zu Jahresbeginn Ende Januar bereits einen EU-Beitritt seines Landes zum Jahr 2027 gefordert, was jedoch unter anderem vom deutschen Bundeskanzler Merz als unrealistisch abgelehnt wurde.<\/p>\n<p>Laut <em>Reuters<\/em>-Agenturmeldung hat am Dienstag dieser Woche die\u00a0Au\u00dfenbeauftragte der Europ\u00e4ischen Union, Kaja Kallas, angek\u00fcndigt, sie werde &#8220;eine Liste mit Zugest\u00e4ndnissen vorlegen, die Europa von Russland als Teil einer Einigung zur Beendigung des Krieges in der Ukraine fordern sollte&#8221;.\u00a0<\/p>\n<p>Kallas betonte, dass die jeweiligen Verhandlungsf\u00fchrer aus Moskau, Washington und Kiew zur Kenntnis nehmen sollten, dass die Zustimmung Europas f\u00fcr ein Friedensabkommen &#8220;notwendig ist&#8221;. So erkl\u00e4rte sie gegen\u00fcber einer Gruppe von Nachrichtenagentur-Reportern in Br\u00fcssel:<\/p>\n<p><em>&#8220;Und daf\u00fcr haben wir auch Bedingungen. Diese Bedingungen sollten nicht der bereits unter immensem Druck stehenden Ukraine auferlegt werden, sondern Russland.\u00a0Wenn wir keine Positionen verteidigen, hat es keinen Sinn, am Verhandlungstisch zu sitzen. Es ist wichtig zu diskutieren, welche Zugest\u00e4ndnisse wir von Russland erwarten, um einen dauerhaften Frieden zu erreichen.&#8221;<\/em><\/p>\n<p>Sie werde daher den EU-Mitgliedstaaten &#8220;in den kommenden Tagen&#8221; eine entsprechende Liste vorschlagen. Auf die Frage, was diese Liste enthalten k\u00f6nnte, nannte sie laut Agenturzitat &#8220;die R\u00fcckf\u00fchrung aller w\u00e4hrend des Krieges entf\u00fchrten ukrainischen Kinder und Beschr\u00e4nkungen f\u00fcr die russischen Streitkr\u00e4fte&#8221;.\u00a0<\/p>\n<p>Auf Nachfrage nach weiteren zu erwartenden Forderungen &#8220;ging sie nicht weiter ins Detail&#8221;, so <em>Reuters<\/em>.<\/p>\n<p><strong>Mehr zum Thema <\/strong>\u2013\u00a0<a rel=\"nofollow noopener\" target=\"_blank\" href=\"https:\/\/freedert.online\/europa\/269932-eu-parlament-bewilligt-90-milliarden-an-ukraine\/\">EU-Parlament bewilligt 90 Milliarden f\u00fcr Ukraine \u2013 So stimmten die deutschen Abgeordneten <\/a><\/p>\n<div class=\"EmbedBlock-root EmbedBlock-externalVideo EmbedBlock-rumble\">\n<div class=\"VkEmbed\"><iframe class=\"lazyload\" data-src=\"https:\/\/rumble.com\/embed\/v73frt0\" frameborder=\"0\" width=\"853\" height=\"480\" allowfullscreen><\/iframe><\/div>\n<\/div>\n<\/div>\n<p><script async src=\"https:\/\/platform.twitter.com\/widgets.js\" charset=\"utf-8\"><\/script><br \/>\n<br \/><br \/>\n<br \/><a href=\"https:\/\/de.rt.com\/russland\/269965-ich-will-genaues-datum-selenskij\/\">Source link <\/a><\/p>\n","protected":false},"excerpt":{"rendered":"<p>Der ukrainische Pr\u00e4sident Selenskij formuliert in einem X-Beitrag seine Wunschvorstellungen zum Thema eines m\u00f6glichen Abkommens zur Beendigung des Krieges. Die EU-Au\u00dfenbeauftragte Kallas pr\u00e4sentiert &#8220;eine Liste von Zugest\u00e4ndnissen&#8221;, die Moskau im Rahmen von Friedensverhandlungen zu erf\u00fcllen h\u00e4tte. Der ukrainische Pr\u00e4sident Wladimir Selenskij formuliert in den sozialen Medien seine genauen Vorstellungen zu den Inhalten eines m\u00f6glichen Friedensabkommens [&hellip;]<\/p>\n","protected":false},"author":3,"featured_media":98760,"comment_status":"open","ping_status":"open","sticky":false,"template":"","format":"standard","meta":{"_yoast_indexnow_last_ping":["1770891093"],"wp_automatic_camp":["217"],"8f18e824d12bd2ee2870f2944f0d0471":["&quot;Ich will ein genaues Datum&quot; \u2013 Selenskij fordert EU-Beitritt als festen Punkt im Friedenabkommen"],"original_link":["https:\/\/de.rt.com\/russland\/269965-ich-will-genaues-datum-selenskij\/"],"_thumbnail_id":["98760"],"jnews_social_counter_last_update":["1777053199"],"_wptgpro_p2tg_sent2tg":["a:1:{i:23737;s:19:\"2026-02-12 12:12:39\";}"]},"categories":[19,23],"tags":[273,71164,357,19540,22258,355,71165,32244,18877,7155,6158],"yoast_head":"<!-- This site is optimized with the Yoast SEO Premium plugin v22.7 (Yoast SEO v22.7) - https:\/\/yoast.com\/wordpress\/plugins\/seo\/ -->\n<title>&quot;Ich will ein genaues Datum&quot; \u2013 Selenskij fordert EU-Beitritt als festen Punkt im Friedenabkommen - just-now.NEWS Deutschland<\/title>\n<meta name=\"robots\" content=\"index, follow, max-snippet:-1, max-image-preview:large, max-video-preview:-1\" \/>\n<link rel=\"canonical\" href=\"https:\/\/now-news.de\/de\/deutschland\/ich-will-ein-genaues-datum-selenskij-fordert-eu-beitritt-als-festen-punkt-im-friedenabkommen\/\" \/>\n<meta property=\"og:locale\" content=\"de_DE\" \/>\n<meta property=\"og:type\" content=\"article\" \/>\n<meta property=\"og:title\" content=\"&quot;Ich will ein genaues Datum&quot; \u2013 Selenskij fordert EU-Beitritt als festen Punkt im Friedenabkommen\" \/>\n<meta property=\"og:description\" content=\"Der ukrainische Pr\u00e4sident Selenskij formuliert in einem X-Beitrag seine Wunschvorstellungen zum Thema eines m\u00f6glichen Abkommens zur Beendigung des Krieges. Die EU-Au\u00dfenbeauftragte Kallas pr\u00e4sentiert &#8220;eine Liste von Zugest\u00e4ndnissen&#8221;, die Moskau im Rahmen von Friedensverhandlungen zu erf\u00fcllen h\u00e4tte. Der ukrainische Pr\u00e4sident Wladimir Selenskij formuliert in den sozialen Medien seine genauen Vorstellungen zu den Inhalten eines m\u00f6glichen Friedensabkommens [&hellip;]\" \/>\n<meta property=\"og:url\" content=\"https:\/\/now-news.de\/de\/deutschland\/ich-will-ein-genaues-datum-selenskij-fordert-eu-beitritt-als-festen-punkt-im-friedenabkommen\/\" \/>\n<meta property=\"og:site_name\" content=\"just-now.NEWS Deutschland\" \/>\n<meta property=\"article:publisher\" content=\"https:\/\/www.facebook.com\/wirmachenauf\" \/>\n<meta property=\"article:published_time\" content=\"2026-02-12T10:01:35+00:00\" \/>\n<meta property=\"og:image\" content=\"https:\/\/now-news.de\/de\/wp-content\/uploads\/sites\/3\/2026\/02\/698d8c43b480cc337d75c520.jpg\" \/>\n<meta name=\"author\" content=\"rtnews\" \/>\n<meta name=\"twitter:card\" content=\"summary_large_image\" \/>\n<meta name=\"twitter:creator\" content=\"@WirMachenAuf_de\" \/>\n<meta name=\"twitter:site\" content=\"@WirMachenAuf_de\" \/>\n<meta name=\"twitter:label1\" content=\"Verfasst von\" \/>\n\t<meta name=\"twitter:data1\" content=\"rtnews\" \/>\n\t<meta name=\"twitter:label2\" content=\"Gesch\u00e4tzte Lesezeit\" \/>\n\t<meta name=\"twitter:data2\" content=\"3\u00a0Minuten\" \/>\n<script type=\"application\/ld+json\" class=\"yoast-schema-graph\">{\"@context\":\"https:\/\/schema.org\",\"@graph\":[{\"@type\":\"Article\",\"@id\":\"https:\/\/now-news.de\/de\/deutschland\/ich-will-ein-genaues-datum-selenskij-fordert-eu-beitritt-als-festen-punkt-im-friedenabkommen\/#article\",\"isPartOf\":{\"@id\":\"https:\/\/now-news.de\/de\/deutschland\/ich-will-ein-genaues-datum-selenskij-fordert-eu-beitritt-als-festen-punkt-im-friedenabkommen\/\"},\"author\":{\"name\":\"rtnews\",\"@id\":\"https:\/\/now-news.de\/de\/#\/schema\/person\/fb534a4e865501d8b3285208df34a9b5\"},\"headline\":\"&quot;Ich will ein genaues Datum&quot; \u2013 Selenskij fordert EU-Beitritt als festen Punkt im Friedenabkommen\",\"datePublished\":\"2026-02-12T10:01:35+00:00\",\"dateModified\":\"2026-02-12T10:01:35+00:00\",\"mainEntityOfPage\":{\"@id\":\"https:\/\/now-news.de\/de\/deutschland\/ich-will-ein-genaues-datum-selenskij-fordert-eu-beitritt-als-festen-punkt-im-friedenabkommen\/\"},\"wordCount\":600,\"commentCount\":0,\"publisher\":{\"@id\":\"https:\/\/now-news.de\/de\/#organization\"},\"image\":{\"@id\":\"https:\/\/now-news.de\/de\/deutschland\/ich-will-ein-genaues-datum-selenskij-fordert-eu-beitritt-als-festen-punkt-im-friedenabkommen\/#primaryimage\"},\"thumbnailUrl\":\"https:\/\/now-news.de\/de\/wp-content\/uploads\/sites\/3\/2026\/02\/quotIch-will-ein-genaues-Datumquot-\u2013-Selenskij-fordert-EU-Beitritt-als.jpg\",\"keywords\":[\"als\",\"Datumquot\",\"ein\",\"EUBeitritt\",\"festen\",\"fordert\",\"Friedenabkommen\",\"Genaues\",\"Punkt\",\"quotIch\",\"Selenskij\"],\"articleSection\":[\"Deutschland\",\"Russland\"],\"inLanguage\":\"de\",\"potentialAction\":[{\"@type\":\"CommentAction\",\"name\":\"Comment\",\"target\":[\"https:\/\/now-news.de\/de\/deutschland\/ich-will-ein-genaues-datum-selenskij-fordert-eu-beitritt-als-festen-punkt-im-friedenabkommen\/#respond\"]}]},{\"@type\":\"WebPage\",\"@id\":\"https:\/\/now-news.de\/de\/deutschland\/ich-will-ein-genaues-datum-selenskij-fordert-eu-beitritt-als-festen-punkt-im-friedenabkommen\/\",\"url\":\"https:\/\/now-news.de\/de\/deutschland\/ich-will-ein-genaues-datum-selenskij-fordert-eu-beitritt-als-festen-punkt-im-friedenabkommen\/\",\"name\":\"&quot;Ich will ein genaues Datum&quot; \u2013 Selenskij fordert EU-Beitritt als festen Punkt im Friedenabkommen - just-now.NEWS Deutschland\",\"isPartOf\":{\"@id\":\"https:\/\/now-news.de\/de\/#website\"},\"primaryImageOfPage\":{\"@id\":\"https:\/\/now-news.de\/de\/deutschland\/ich-will-ein-genaues-datum-selenskij-fordert-eu-beitritt-als-festen-punkt-im-friedenabkommen\/#primaryimage\"},\"image\":{\"@id\":\"https:\/\/now-news.de\/de\/deutschland\/ich-will-ein-genaues-datum-selenskij-fordert-eu-beitritt-als-festen-punkt-im-friedenabkommen\/#primaryimage\"},\"thumbnailUrl\":\"https:\/\/now-news.de\/de\/wp-content\/uploads\/sites\/3\/2026\/02\/quotIch-will-ein-genaues-Datumquot-\u2013-Selenskij-fordert-EU-Beitritt-als.jpg\",\"datePublished\":\"2026-02-12T10:01:35+00:00\",\"dateModified\":\"2026-02-12T10:01:35+00:00\",\"breadcrumb\":{\"@id\":\"https:\/\/now-news.de\/de\/deutschland\/ich-will-ein-genaues-datum-selenskij-fordert-eu-beitritt-als-festen-punkt-im-friedenabkommen\/#breadcrumb\"},\"inLanguage\":\"de\",\"potentialAction\":[{\"@type\":\"ReadAction\",\"target\":[\"https:\/\/now-news.de\/de\/deutschland\/ich-will-ein-genaues-datum-selenskij-fordert-eu-beitritt-als-festen-punkt-im-friedenabkommen\/\"]}]},{\"@type\":\"ImageObject\",\"inLanguage\":\"de\",\"@id\":\"https:\/\/now-news.de\/de\/deutschland\/ich-will-ein-genaues-datum-selenskij-fordert-eu-beitritt-als-festen-punkt-im-friedenabkommen\/#primaryimage\",\"url\":\"https:\/\/now-news.de\/de\/wp-content\/uploads\/sites\/3\/2026\/02\/quotIch-will-ein-genaues-Datumquot-\u2013-Selenskij-fordert-EU-Beitritt-als.jpg\",\"contentUrl\":\"https:\/\/now-news.de\/de\/wp-content\/uploads\/sites\/3\/2026\/02\/quotIch-will-ein-genaues-Datumquot-\u2013-Selenskij-fordert-EU-Beitritt-als.jpg\",\"width\":460,\"height\":259,\"caption\":\"&quot;Ich will ein genaues Datum&quot; \u2013 Selenskij fordert EU-Beitritt als festen Punkt im Friedenabkommen\"},{\"@type\":\"BreadcrumbList\",\"@id\":\"https:\/\/now-news.de\/de\/deutschland\/ich-will-ein-genaues-datum-selenskij-fordert-eu-beitritt-als-festen-punkt-im-friedenabkommen\/#breadcrumb\",\"itemListElement\":[{\"@type\":\"ListItem\",\"position\":1,\"name\":\"Home\",\"item\":\"https:\/\/now-news.de\/de\/\"},{\"@type\":\"ListItem\",\"position\":2,\"name\":\"&quot;Ich will ein genaues Datum&quot; \u2013 Selenskij fordert EU-Beitritt als festen Punkt im Friedenabkommen\"}]},{\"@type\":\"WebSite\",\"@id\":\"https:\/\/now-news.de\/de\/#website\",\"url\":\"https:\/\/now-news.de\/de\/\",\"name\":\"just-now.NEWS Deutschland\",\"description\":\"Das Portal f\u00fcr unzensierte Nachrichten aus der Welt\",\"publisher\":{\"@id\":\"https:\/\/now-news.de\/de\/#organization\"},\"potentialAction\":[{\"@type\":\"SearchAction\",\"target\":{\"@type\":\"EntryPoint\",\"urlTemplate\":\"https:\/\/now-news.de\/de\/?s={search_term_string}\"},\"query-input\":\"required name=search_term_string\"}],\"inLanguage\":\"de\"},{\"@type\":\"Organization\",\"@id\":\"https:\/\/now-news.de\/de\/#organization\",\"name\":\"Just Now News\",\"url\":\"https:\/\/now-news.de\/de\/\",\"logo\":{\"@type\":\"ImageObject\",\"inLanguage\":\"de\",\"@id\":\"https:\/\/now-news.de\/de\/#\/schema\/logo\/image\/\",\"url\":\"http:\/\/just-now.news\/de\/wp-content\/uploads\/sites\/3\/2022\/04\/logo500x500.jpg\",\"contentUrl\":\"http:\/\/just-now.news\/de\/wp-content\/uploads\/sites\/3\/2022\/04\/logo500x500.jpg\",\"width\":500,\"height\":500,\"caption\":\"Just Now News\"},\"image\":{\"@id\":\"https:\/\/now-news.de\/de\/#\/schema\/logo\/image\/\"},\"sameAs\":[\"https:\/\/www.facebook.com\/wirmachenauf\",\"https:\/\/x.com\/WirMachenAuf_de\"]},{\"@type\":\"Person\",\"@id\":\"https:\/\/now-news.de\/de\/#\/schema\/person\/fb534a4e865501d8b3285208df34a9b5\",\"name\":\"rtnews\",\"image\":{\"@type\":\"ImageObject\",\"inLanguage\":\"de\",\"@id\":\"https:\/\/now-news.de\/de\/#\/schema\/person\/image\/\",\"url\":\"https:\/\/secure.gravatar.com\/avatar\/82aafea7d8127119dd649515f56e2117?s=96&d=mm&r=g\",\"contentUrl\":\"https:\/\/secure.gravatar.com\/avatar\/82aafea7d8127119dd649515f56e2117?s=96&d=mm&r=g\",\"caption\":\"rtnews\"},\"url\":\"https:\/\/now-news.de\/de\/author\/rnews\/\"}]}<\/script>\n<!-- \/ Yoast SEO Premium plugin. -->","yoast_head_json":{"title":"&quot;Ich will ein genaues Datum&quot; \u2013 Selenskij fordert EU-Beitritt als festen Punkt im Friedenabkommen - just-now.NEWS Deutschland","robots":{"index":"index","follow":"follow","max-snippet":"max-snippet:-1","max-image-preview":"max-image-preview:large","max-video-preview":"max-video-preview:-1"},"canonical":"https:\/\/now-news.de\/de\/deutschland\/ich-will-ein-genaues-datum-selenskij-fordert-eu-beitritt-als-festen-punkt-im-friedenabkommen\/","og_locale":"de_DE","og_type":"article","og_title":"&quot;Ich will ein genaues Datum&quot; \u2013 Selenskij fordert EU-Beitritt als festen Punkt im Friedenabkommen","og_description":"Der ukrainische Pr\u00e4sident Selenskij formuliert in einem X-Beitrag seine Wunschvorstellungen zum Thema eines m\u00f6glichen Abkommens zur Beendigung des Krieges. Die EU-Au\u00dfenbeauftragte Kallas pr\u00e4sentiert &#8220;eine Liste von Zugest\u00e4ndnissen&#8221;, die Moskau im Rahmen von Friedensverhandlungen zu erf\u00fcllen h\u00e4tte. Der ukrainische Pr\u00e4sident Wladimir Selenskij formuliert in den sozialen Medien seine genauen Vorstellungen zu den Inhalten eines m\u00f6glichen Friedensabkommens [&hellip;]","og_url":"https:\/\/now-news.de\/de\/deutschland\/ich-will-ein-genaues-datum-selenskij-fordert-eu-beitritt-als-festen-punkt-im-friedenabkommen\/","og_site_name":"just-now.NEWS Deutschland","article_publisher":"https:\/\/www.facebook.com\/wirmachenauf","article_published_time":"2026-02-12T10:01:35+00:00","og_image":[{"url":"https:\/\/now-news.de\/de\/wp-content\/uploads\/sites\/3\/2026\/02\/698d8c43b480cc337d75c520.jpg"}],"author":"rtnews","twitter_card":"summary_large_image","twitter_creator":"@WirMachenAuf_de","twitter_site":"@WirMachenAuf_de","twitter_misc":{"Verfasst von":"rtnews","Gesch\u00e4tzte Lesezeit":"3\u00a0Minuten"},"schema":{"@context":"https:\/\/schema.org","@graph":[{"@type":"Article","@id":"https:\/\/now-news.de\/de\/deutschland\/ich-will-ein-genaues-datum-selenskij-fordert-eu-beitritt-als-festen-punkt-im-friedenabkommen\/#article","isPartOf":{"@id":"https:\/\/now-news.de\/de\/deutschland\/ich-will-ein-genaues-datum-selenskij-fordert-eu-beitritt-als-festen-punkt-im-friedenabkommen\/"},"author":{"name":"rtnews","@id":"https:\/\/now-news.de\/de\/#\/schema\/person\/fb534a4e865501d8b3285208df34a9b5"},"headline":"&quot;Ich will ein genaues Datum&quot; \u2013 Selenskij fordert EU-Beitritt als festen Punkt im Friedenabkommen","datePublished":"2026-02-12T10:01:35+00:00","dateModified":"2026-02-12T10:01:35+00:00","mainEntityOfPage":{"@id":"https:\/\/now-news.de\/de\/deutschland\/ich-will-ein-genaues-datum-selenskij-fordert-eu-beitritt-als-festen-punkt-im-friedenabkommen\/"},"wordCount":600,"commentCount":0,"publisher":{"@id":"https:\/\/now-news.de\/de\/#organization"},"image":{"@id":"https:\/\/now-news.de\/de\/deutschland\/ich-will-ein-genaues-datum-selenskij-fordert-eu-beitritt-als-festen-punkt-im-friedenabkommen\/#primaryimage"},"thumbnailUrl":"https:\/\/now-news.de\/de\/wp-content\/uploads\/sites\/3\/2026\/02\/quotIch-will-ein-genaues-Datumquot-\u2013-Selenskij-fordert-EU-Beitritt-als.jpg","keywords":["als","Datumquot","ein","EUBeitritt","festen","fordert","Friedenabkommen","Genaues","Punkt","quotIch","Selenskij"],"articleSection":["Deutschland","Russland"],"inLanguage":"de","potentialAction":[{"@type":"CommentAction","name":"Comment","target":["https:\/\/now-news.de\/de\/deutschland\/ich-will-ein-genaues-datum-selenskij-fordert-eu-beitritt-als-festen-punkt-im-friedenabkommen\/#respond"]}]},{"@type":"WebPage","@id":"https:\/\/now-news.de\/de\/deutschland\/ich-will-ein-genaues-datum-selenskij-fordert-eu-beitritt-als-festen-punkt-im-friedenabkommen\/","url":"https:\/\/now-news.de\/de\/deutschland\/ich-will-ein-genaues-datum-selenskij-fordert-eu-beitritt-als-festen-punkt-im-friedenabkommen\/","name":"&quot;Ich will ein genaues Datum&quot; \u2013 Selenskij fordert EU-Beitritt als festen Punkt im Friedenabkommen - just-now.NEWS Deutschland","isPartOf":{"@id":"https:\/\/now-news.de\/de\/#website"},"primaryImageOfPage":{"@id":"https:\/\/now-news.de\/de\/deutschland\/ich-will-ein-genaues-datum-selenskij-fordert-eu-beitritt-als-festen-punkt-im-friedenabkommen\/#primaryimage"},"image":{"@id":"https:\/\/now-news.de\/de\/deutschland\/ich-will-ein-genaues-datum-selenskij-fordert-eu-beitritt-als-festen-punkt-im-friedenabkommen\/#primaryimage"},"thumbnailUrl":"https:\/\/now-news.de\/de\/wp-content\/uploads\/sites\/3\/2026\/02\/quotIch-will-ein-genaues-Datumquot-\u2013-Selenskij-fordert-EU-Beitritt-als.jpg","datePublished":"2026-02-12T10:01:35+00:00","dateModified":"2026-02-12T10:01:35+00:00","breadcrumb":{"@id":"https:\/\/now-news.de\/de\/deutschland\/ich-will-ein-genaues-datum-selenskij-fordert-eu-beitritt-als-festen-punkt-im-friedenabkommen\/#breadcrumb"},"inLanguage":"de","potentialAction":[{"@type":"ReadAction","target":["https:\/\/now-news.de\/de\/deutschland\/ich-will-ein-genaues-datum-selenskij-fordert-eu-beitritt-als-festen-punkt-im-friedenabkommen\/"]}]},{"@type":"ImageObject","inLanguage":"de","@id":"https:\/\/now-news.de\/de\/deutschland\/ich-will-ein-genaues-datum-selenskij-fordert-eu-beitritt-als-festen-punkt-im-friedenabkommen\/#primaryimage","url":"https:\/\/now-news.de\/de\/wp-content\/uploads\/sites\/3\/2026\/02\/quotIch-will-ein-genaues-Datumquot-\u2013-Selenskij-fordert-EU-Beitritt-als.jpg","contentUrl":"https:\/\/now-news.de\/de\/wp-content\/uploads\/sites\/3\/2026\/02\/quotIch-will-ein-genaues-Datumquot-\u2013-Selenskij-fordert-EU-Beitritt-als.jpg","width":460,"height":259,"caption":"&quot;Ich will ein genaues Datum&quot; \u2013 Selenskij fordert EU-Beitritt als festen Punkt im Friedenabkommen"},{"@type":"BreadcrumbList","@id":"https:\/\/now-news.de\/de\/deutschland\/ich-will-ein-genaues-datum-selenskij-fordert-eu-beitritt-als-festen-punkt-im-friedenabkommen\/#breadcrumb","itemListElement":[{"@type":"ListItem","position":1,"name":"Home","item":"https:\/\/now-news.de\/de\/"},{"@type":"ListItem","position":2,"name":"&quot;Ich will ein genaues Datum&quot; \u2013 Selenskij fordert EU-Beitritt als festen Punkt im Friedenabkommen"}]},{"@type":"WebSite","@id":"https:\/\/now-news.de\/de\/#website","url":"https:\/\/now-news.de\/de\/","name":"just-now.NEWS Deutschland","description":"Das Portal f\u00fcr unzensierte Nachrichten aus der Welt","publisher":{"@id":"https:\/\/now-news.de\/de\/#organization"},"potentialAction":[{"@type":"SearchAction","target":{"@type":"EntryPoint","urlTemplate":"https:\/\/now-news.de\/de\/?s={search_term_string}"},"query-input":"required name=search_term_string"}],"inLanguage":"de"},{"@type":"Organization","@id":"https:\/\/now-news.de\/de\/#organization","name":"Just Now News","url":"https:\/\/now-news.de\/de\/","logo":{"@type":"ImageObject","inLanguage":"de","@id":"https:\/\/now-news.de\/de\/#\/schema\/logo\/image\/","url":"http:\/\/just-now.news\/de\/wp-content\/uploads\/sites\/3\/2022\/04\/logo500x500.jpg","contentUrl":"http:\/\/just-now.news\/de\/wp-content\/uploads\/sites\/3\/2022\/04\/logo500x500.jpg","width":500,"height":500,"caption":"Just Now News"},"image":{"@id":"https:\/\/now-news.de\/de\/#\/schema\/logo\/image\/"},"sameAs":["https:\/\/www.facebook.com\/wirmachenauf","https:\/\/x.com\/WirMachenAuf_de"]},{"@type":"Person","@id":"https:\/\/now-news.de\/de\/#\/schema\/person\/fb534a4e865501d8b3285208df34a9b5","name":"rtnews","image":{"@type":"ImageObject","inLanguage":"de","@id":"https:\/\/now-news.de\/de\/#\/schema\/person\/image\/","url":"https:\/\/secure.gravatar.com\/avatar\/82aafea7d8127119dd649515f56e2117?s=96&d=mm&r=g","contentUrl":"https:\/\/secure.gravatar.com\/avatar\/82aafea7d8127119dd649515f56e2117?s=96&d=mm&r=g","caption":"rtnews"},"url":"https:\/\/now-news.de\/de\/author\/rnews\/"}]}},"_links":{"self":[{"href":"https:\/\/now-news.de\/de\/wp-json\/wp\/v2\/posts\/98759"}],"collection":[{"href":"https:\/\/now-news.de\/de\/wp-json\/wp\/v2\/posts"}],"about":[{"href":"https:\/\/now-news.de\/de\/wp-json\/wp\/v2\/types\/post"}],"author":[{"embeddable":true,"href":"https:\/\/now-news.de\/de\/wp-json\/wp\/v2\/users\/3"}],"replies":[{"embeddable":true,"href":"https:\/\/now-news.de\/de\/wp-json\/wp\/v2\/comments?post=98759"}],"version-history":[{"count":0,"href":"https:\/\/now-news.de\/de\/wp-json\/wp\/v2\/posts\/98759\/revisions"}],"wp:featuredmedia":[{"embeddable":true,"href":"https:\/\/now-news.de\/de\/wp-json\/wp\/v2\/media\/98760"}],"wp:attachment":[{"href":"https:\/\/now-news.de\/de\/wp-json\/wp\/v2\/media?parent=98759"}],"wp:term":[{"taxonomy":"category","embeddable":true,"href":"https:\/\/now-news.de\/de\/wp-json\/wp\/v2\/categories?post=98759"},{"taxonomy":"post_tag","embeddable":true,"href":"https:\/\/now-news.de\/de\/wp-json\/wp\/v2\/tags?post=98759"}],"curies":[{"name":"wp","href":"https:\/\/api.w.org\/{rel}","templated":true}]}}