{"id":98674,"date":"2026-02-10T15:25:58","date_gmt":"2026-02-10T13:25:58","guid":{"rendered":"https:\/\/now-news.de\/de\/deutschland\/42-freie-tage-pro-jahr-frankreich-goennt-sich-europas-meisten-urlaub\/"},"modified":"2026-02-10T15:25:58","modified_gmt":"2026-02-10T13:25:58","slug":"42-freie-tage-pro-jahr-frankreich-goennt-sich-europas-meisten-urlaub","status":"publish","type":"post","link":"https:\/\/now-news.de\/de\/deutschland\/42-freie-tage-pro-jahr-frankreich-goennt-sich-europas-meisten-urlaub\/","title":{"rendered":"42 freie Tage pro Jahr: Frankreich g\u00f6nnt sich Europas meisten Urlaub"},"content":{"rendered":"<div class=\"Text-root Text-type_1 \">\n                Ferien sind in Europa fest verankert. Selbst L\u00e4nder im Mittelfeld bieten mehr freie Tage als viele Industrienationen au\u00dferhalb des Kontinents. Frankreich geh\u00f6rt klar zur oberen Gruppe.\n            <\/div>\n<p><\/p>\n<div class=\"Text-root Text-type_5 ArticleView-text ViewText-root \">\n<p data-start=\"0\" data-end=\"232\">Europa liebt Ferien. Und zwar gesetzlich garantiert. Wer hier arbeitet, bekommt nicht nur Lohn, sondern auch ordentlich freie Tage obendrauf. Eine neue Auswertung f\u00fcr 2025 zeigt, wie gro\u00df die Unterschiede zwischen den L\u00e4ndern sind.<\/p>\n<figure class=\"RTImage-root\">\n<div class=\"RTImage-image RTImage-original\"><picture class=\"Picture-root Picture-original\"><!--[if IE 9]><video style=\"display: none;\"><![endif]--><source media=\"(-webkit-min-device-pixel-ratio: 2) and (min-resolution: 120dpi)\" data-srcset=\" \nhttps:\/\/now-news.de\/de\/wp-content\/uploads\/sites\/3\/2026\/02\/698b0ac2b480cc25fb3a27ae.png 850w,\n                https:\/\/now-news.de\/de\/wp-content\/uploads\/sites\/3\/2026\/02\/698b0ac2b480cc25fb3a27ae.png 1960w,            \" ><source data-srcset=\" \nhttps:\/\/now-news.de\/de\/wp-content\/uploads\/sites\/3\/2026\/02\/698b0ac2b480cc25fb3a27ae.png 460w,\n              https:\/\/now-news.de\/de\/wp-content\/uploads\/sites\/3\/2026\/02\/698b0ac2b480cc25fb3a27ae.png 980w,\n            \" ><!--[if IE 9]><\/video><![endif]--><img decoding=\"async\" data- src=\"data:image\/png;base64,iVBORw0KGgoAAAANSUhEUgAAABAAAAAJCAQAAACRI2S5AAAAEElEQVR42mNkIAAYRxWAAQAG9gAKqv6+AwAAAABJRU5ErkJggg==\" class=\"Picture-root Picture-original lazyload\" data-src=\"https:\/\/now-news.de\/de\/wp-content\/uploads\/sites\/3\/2026\/02\/698b0ac2b480cc25fb3a27ae.png\" alt=\"\"><\/source><\/source><\/picture><!-- noscript pattern --><noscript><img decoding=\"async\" src=\"https:\/\/now-news.de\/de\/wp-content\/uploads\/sites\/3\/2026\/02\/698b0ac2b480cc25fb3a27ae.png\" alt=\"\"><\/noscript><\/div><figcaption class=\"RTImage-footer\"><span class=\"RTImage-caption\"><span class=\"RTImage-captionItem\">Urlaubstage im Vergleich: Wer profitiert am meisten<\/span><\/span><span class=\"RTImage-source\"><a rel=\"nofollow noopener\" target=\"_blank\" class=\"RTImage-captionItem Link-root\" href=\"https:\/\/www.visualcapitalist.com\/mapped-paid-vacation-days-across-europe\/\">Printscreen visualcapitalist<\/a><\/span><\/figcaption><\/figure>\n<p data-start=\"234\" data-end=\"450\">Frankreich geh\u00f6rt ganz nach vorne. Besch\u00e4ftigte kommen dort auf 42 bezahlte freie Tage pro Jahr, gerechnet aus Urlaub und gesetzlichen Feiertagen. Damit liegt das Land klar \u00fcber dem europ\u00e4ischen Schnitt von 33 Tagen.<\/p>\n<p data-start=\"452\" data-end=\"701\">Ganz oben steht Andorra. Dort summieren sich Urlaub und Feiertage auf satte 45 Tage. Dahinter folgen Russland mit 42,5 Tagen sowie Luxemburg und Malta mit ebenfalls mehr als 40 freien Tagen pro Jahr. F\u00fcr Arbeitnehmer sind das paradiesische Zust\u00e4nde.<\/p>\n<p data-start=\"703\" data-end=\"1062\">Viele L\u00e4nder bewegen sich im breiten Mittelfeld. Spanien, Polen, Finnland oder \u00d6sterreich kommen auf rund 36 bis 38 Tage. Auch osteurop\u00e4ische Staaten wie Rum\u00e4nien, die Ukraine oder Albanien liegen in diesem Bereich.<\/p>\n<p data-start=\"703\" data-end=\"1062\">Deutschland, Belgien und Irland landen mit rund 30 Tagen im soliden Durchschnitt. Im internationalen Vergleich ist selbst das noch komfortabel.<\/p>\n<p data-start=\"1064\" data-end=\"1310\">Am anderen Ende der Liste wird es deutlich karger. San Marino bildet mit nur 10 bezahlten freien Tagen das Schlusslicht. Auch Jersey, Moldawien und Montenegro liegen weit unter dem europ\u00e4ischen Mittel. Dort bleibt f\u00fcr Erholung deutlich weniger Zeit.<\/p>\n<p data-start=\"1312\" data-end=\"1537\" data-is-last-node=\"\" data-is-only-node=\"\">Unterm Strich zeigt sich ein klarer Trend: In Europa sind Ferien kein Luxus, sondern Standard. Wie gro\u00dfz\u00fcgig dieser Standard ausf\u00e4llt, h\u00e4ngt allerdings stark vom Wohnort ab. Frankreich geh\u00f6rt dabei ganz klar zur oberen Liga.<\/p>\n<p><strong>Mehr zum Thema &#8211;<\/strong>\u00a0<a rel=\"nofollow noopener\" target=\"_blank\" href=\"https:\/\/freedert.online\/oesterreich\/239242-auswirkungen-ramadan-auf-schulen-fpoe\/\">Auswirkungen des Ramadan auf Schulen: FP\u00d6 kritisiert Migrationspolitik<\/a><\/p>\n<div class=\"EmbedBlock-root EmbedBlock-externalVideo EmbedBlock-rumble\">\n<div class=\"VkEmbed\"><iframe class=\"lazyload\" data-src=\"https:\/\/rumble.com\/embed\/v71ldaw\" frameborder=\"0\" width=\"853\" height=\"480\" allowfullscreen><\/iframe><\/div>\n<\/div>\n<p data-start=\"1312\" data-end=\"1537\" data-is-last-node=\"\" data-is-only-node=\"\">\n<\/div>\n<p><br \/>\n<br \/><a href=\"https:\/\/de.rt.com\/europa\/269800-42-freie-tage-pro-jahr\/\">Source link <\/a><\/p>\n","protected":false},"excerpt":{"rendered":"<p>Ferien sind in Europa fest verankert. Selbst L\u00e4nder im Mittelfeld bieten mehr freie Tage als viele Industrienationen au\u00dferhalb des Kontinents. Frankreich geh\u00f6rt klar zur oberen Gruppe. Europa liebt Ferien. Und zwar gesetzlich garantiert. Wer hier arbeitet, bekommt nicht nur Lohn, sondern auch ordentlich freie Tage obendrauf. Eine neue Auswertung f\u00fcr 2025 zeigt, wie gro\u00df die [&hellip;]<\/p>\n","protected":false},"author":3,"featured_media":98675,"comment_status":"open","ping_status":"open","sticky":false,"template":"","format":"standard","meta":{"_yoast_indexnow_last_ping":["1770730972"],"wp_automatic_camp":["217"],"b611ebd86748d60b71032a9c3b6f8192":["42 freie Tage pro Jahr: Frankreich g\u00f6nnt sich Europas meisten Urlaub"],"original_link":["https:\/\/de.rt.com\/europa\/269800-42-freie-tage-pro-jahr\/"],"jnews_social_counter_last_update":["1777479130"],"_thumbnail_id":["98675"],"_wptgpro_p2tg_sent2tg":["a:1:{i:23737;s:19:\"2026-02-10 15:43:52\";}"]},"categories":[19,23],"tags":[1293,3320,20482,57711,1615,22491,9995,434,3654,8953],"yoast_head":"<!-- This site is optimized with the Yoast SEO Premium plugin v22.7 (Yoast SEO v22.7) - https:\/\/yoast.com\/wordpress\/plugins\/seo\/ -->\n<title>42 freie Tage pro Jahr: Frankreich g\u00f6nnt sich Europas meisten Urlaub - just-now.NEWS Deutschland<\/title>\n<meta name=\"robots\" content=\"index, follow, max-snippet:-1, max-image-preview:large, max-video-preview:-1\" \/>\n<link rel=\"canonical\" href=\"https:\/\/now-news.de\/de\/deutschland\/42-freie-tage-pro-jahr-frankreich-goennt-sich-europas-meisten-urlaub\/\" \/>\n<meta property=\"og:locale\" content=\"de_DE\" \/>\n<meta property=\"og:type\" content=\"article\" \/>\n<meta property=\"og:title\" content=\"42 freie Tage pro Jahr: Frankreich g\u00f6nnt sich Europas meisten Urlaub\" \/>\n<meta property=\"og:description\" content=\"Ferien sind in Europa fest verankert. Selbst L\u00e4nder im Mittelfeld bieten mehr freie Tage als viele Industrienationen au\u00dferhalb des Kontinents. Frankreich geh\u00f6rt klar zur oberen Gruppe. Europa liebt Ferien. Und zwar gesetzlich garantiert. Wer hier arbeitet, bekommt nicht nur Lohn, sondern auch ordentlich freie Tage obendrauf. Eine neue Auswertung f\u00fcr 2025 zeigt, wie gro\u00df die [&hellip;]\" \/>\n<meta property=\"og:url\" content=\"https:\/\/now-news.de\/de\/deutschland\/42-freie-tage-pro-jahr-frankreich-goennt-sich-europas-meisten-urlaub\/\" \/>\n<meta property=\"og:site_name\" content=\"just-now.NEWS Deutschland\" \/>\n<meta property=\"article:publisher\" content=\"https:\/\/www.facebook.com\/wirmachenauf\" \/>\n<meta property=\"article:published_time\" content=\"2026-02-10T13:25:58+00:00\" \/>\n<meta property=\"og:image\" content=\"https:\/\/now-news.de\/de\/wp-content\/uploads\/sites\/3\/2026\/02\/698b0ac2b480cc25fb3a27ae.png\" \/>\n<meta name=\"author\" content=\"rtnews\" \/>\n<meta name=\"twitter:card\" content=\"summary_large_image\" \/>\n<meta name=\"twitter:creator\" content=\"@WirMachenAuf_de\" \/>\n<meta name=\"twitter:site\" content=\"@WirMachenAuf_de\" \/>\n<meta name=\"twitter:label1\" content=\"Verfasst von\" \/>\n\t<meta name=\"twitter:data1\" content=\"rtnews\" \/>\n\t<meta name=\"twitter:label2\" content=\"Gesch\u00e4tzte Lesezeit\" \/>\n\t<meta name=\"twitter:data2\" content=\"1\u00a0Minute\" \/>\n<script type=\"application\/ld+json\" class=\"yoast-schema-graph\">{\"@context\":\"https:\/\/schema.org\",\"@graph\":[{\"@type\":\"Article\",\"@id\":\"https:\/\/now-news.de\/de\/deutschland\/42-freie-tage-pro-jahr-frankreich-goennt-sich-europas-meisten-urlaub\/#article\",\"isPartOf\":{\"@id\":\"https:\/\/now-news.de\/de\/deutschland\/42-freie-tage-pro-jahr-frankreich-goennt-sich-europas-meisten-urlaub\/\"},\"author\":{\"name\":\"rtnews\",\"@id\":\"https:\/\/now-news.de\/de\/#\/schema\/person\/fb534a4e865501d8b3285208df34a9b5\"},\"headline\":\"42 freie Tage pro Jahr: Frankreich g\u00f6nnt sich Europas meisten Urlaub\",\"datePublished\":\"2026-02-10T13:25:58+00:00\",\"dateModified\":\"2026-02-10T13:25:58+00:00\",\"mainEntityOfPage\":{\"@id\":\"https:\/\/now-news.de\/de\/deutschland\/42-freie-tage-pro-jahr-frankreich-goennt-sich-europas-meisten-urlaub\/\"},\"wordCount\":301,\"commentCount\":0,\"publisher\":{\"@id\":\"https:\/\/now-news.de\/de\/#organization\"},\"image\":{\"@id\":\"https:\/\/now-news.de\/de\/deutschland\/42-freie-tage-pro-jahr-frankreich-goennt-sich-europas-meisten-urlaub\/#primaryimage\"},\"thumbnailUrl\":\"https:\/\/now-news.de\/de\/wp-content\/uploads\/sites\/3\/2026\/02\/42-freie-Tage-pro-Jahr-Frankreich-goennt-sich-Europas-meisten.png\",\"keywords\":[\"Europas\",\"Frankreich\",\"freie\",\"g\u00f6nnt\",\"Jahr\",\"meisten\",\"pro\",\"sich\",\"Tage\",\"urlaub\"],\"articleSection\":[\"Deutschland\",\"Russland\"],\"inLanguage\":\"de\",\"potentialAction\":[{\"@type\":\"CommentAction\",\"name\":\"Comment\",\"target\":[\"https:\/\/now-news.de\/de\/deutschland\/42-freie-tage-pro-jahr-frankreich-goennt-sich-europas-meisten-urlaub\/#respond\"]}]},{\"@type\":\"WebPage\",\"@id\":\"https:\/\/now-news.de\/de\/deutschland\/42-freie-tage-pro-jahr-frankreich-goennt-sich-europas-meisten-urlaub\/\",\"url\":\"https:\/\/now-news.de\/de\/deutschland\/42-freie-tage-pro-jahr-frankreich-goennt-sich-europas-meisten-urlaub\/\",\"name\":\"42 freie Tage pro Jahr: Frankreich g\u00f6nnt sich Europas meisten Urlaub - just-now.NEWS Deutschland\",\"isPartOf\":{\"@id\":\"https:\/\/now-news.de\/de\/#website\"},\"primaryImageOfPage\":{\"@id\":\"https:\/\/now-news.de\/de\/deutschland\/42-freie-tage-pro-jahr-frankreich-goennt-sich-europas-meisten-urlaub\/#primaryimage\"},\"image\":{\"@id\":\"https:\/\/now-news.de\/de\/deutschland\/42-freie-tage-pro-jahr-frankreich-goennt-sich-europas-meisten-urlaub\/#primaryimage\"},\"thumbnailUrl\":\"https:\/\/now-news.de\/de\/wp-content\/uploads\/sites\/3\/2026\/02\/42-freie-Tage-pro-Jahr-Frankreich-goennt-sich-Europas-meisten.png\",\"datePublished\":\"2026-02-10T13:25:58+00:00\",\"dateModified\":\"2026-02-10T13:25:58+00:00\",\"breadcrumb\":{\"@id\":\"https:\/\/now-news.de\/de\/deutschland\/42-freie-tage-pro-jahr-frankreich-goennt-sich-europas-meisten-urlaub\/#breadcrumb\"},\"inLanguage\":\"de\",\"potentialAction\":[{\"@type\":\"ReadAction\",\"target\":[\"https:\/\/now-news.de\/de\/deutschland\/42-freie-tage-pro-jahr-frankreich-goennt-sich-europas-meisten-urlaub\/\"]}]},{\"@type\":\"ImageObject\",\"inLanguage\":\"de\",\"@id\":\"https:\/\/now-news.de\/de\/deutschland\/42-freie-tage-pro-jahr-frankreich-goennt-sich-europas-meisten-urlaub\/#primaryimage\",\"url\":\"https:\/\/now-news.de\/de\/wp-content\/uploads\/sites\/3\/2026\/02\/42-freie-Tage-pro-Jahr-Frankreich-goennt-sich-Europas-meisten.png\",\"contentUrl\":\"https:\/\/now-news.de\/de\/wp-content\/uploads\/sites\/3\/2026\/02\/42-freie-Tage-pro-Jahr-Frankreich-goennt-sich-Europas-meisten.png\",\"width\":771,\"height\":1080,\"caption\":\"42 freie Tage pro Jahr: Frankreich g\u00f6nnt sich Europas meisten Urlaub\"},{\"@type\":\"BreadcrumbList\",\"@id\":\"https:\/\/now-news.de\/de\/deutschland\/42-freie-tage-pro-jahr-frankreich-goennt-sich-europas-meisten-urlaub\/#breadcrumb\",\"itemListElement\":[{\"@type\":\"ListItem\",\"position\":1,\"name\":\"Home\",\"item\":\"https:\/\/now-news.de\/de\/\"},{\"@type\":\"ListItem\",\"position\":2,\"name\":\"42 freie Tage pro Jahr: Frankreich g\u00f6nnt sich Europas meisten Urlaub\"}]},{\"@type\":\"WebSite\",\"@id\":\"https:\/\/now-news.de\/de\/#website\",\"url\":\"https:\/\/now-news.de\/de\/\",\"name\":\"just-now.NEWS Deutschland\",\"description\":\"Das Portal f\u00fcr unzensierte Nachrichten aus der Welt\",\"publisher\":{\"@id\":\"https:\/\/now-news.de\/de\/#organization\"},\"potentialAction\":[{\"@type\":\"SearchAction\",\"target\":{\"@type\":\"EntryPoint\",\"urlTemplate\":\"https:\/\/now-news.de\/de\/?s={search_term_string}\"},\"query-input\":\"required name=search_term_string\"}],\"inLanguage\":\"de\"},{\"@type\":\"Organization\",\"@id\":\"https:\/\/now-news.de\/de\/#organization\",\"name\":\"Just Now News\",\"url\":\"https:\/\/now-news.de\/de\/\",\"logo\":{\"@type\":\"ImageObject\",\"inLanguage\":\"de\",\"@id\":\"https:\/\/now-news.de\/de\/#\/schema\/logo\/image\/\",\"url\":\"http:\/\/just-now.news\/de\/wp-content\/uploads\/sites\/3\/2022\/04\/logo500x500.jpg\",\"contentUrl\":\"http:\/\/just-now.news\/de\/wp-content\/uploads\/sites\/3\/2022\/04\/logo500x500.jpg\",\"width\":500,\"height\":500,\"caption\":\"Just Now News\"},\"image\":{\"@id\":\"https:\/\/now-news.de\/de\/#\/schema\/logo\/image\/\"},\"sameAs\":[\"https:\/\/www.facebook.com\/wirmachenauf\",\"https:\/\/x.com\/WirMachenAuf_de\"]},{\"@type\":\"Person\",\"@id\":\"https:\/\/now-news.de\/de\/#\/schema\/person\/fb534a4e865501d8b3285208df34a9b5\",\"name\":\"rtnews\",\"image\":{\"@type\":\"ImageObject\",\"inLanguage\":\"de\",\"@id\":\"https:\/\/now-news.de\/de\/#\/schema\/person\/image\/\",\"url\":\"https:\/\/secure.gravatar.com\/avatar\/82aafea7d8127119dd649515f56e2117?s=96&d=mm&r=g\",\"contentUrl\":\"https:\/\/secure.gravatar.com\/avatar\/82aafea7d8127119dd649515f56e2117?s=96&d=mm&r=g\",\"caption\":\"rtnews\"},\"url\":\"https:\/\/now-news.de\/de\/author\/rnews\/\"}]}<\/script>\n<!-- \/ Yoast SEO Premium plugin. -->","yoast_head_json":{"title":"42 freie Tage pro Jahr: Frankreich g\u00f6nnt sich Europas meisten Urlaub - just-now.NEWS Deutschland","robots":{"index":"index","follow":"follow","max-snippet":"max-snippet:-1","max-image-preview":"max-image-preview:large","max-video-preview":"max-video-preview:-1"},"canonical":"https:\/\/now-news.de\/de\/deutschland\/42-freie-tage-pro-jahr-frankreich-goennt-sich-europas-meisten-urlaub\/","og_locale":"de_DE","og_type":"article","og_title":"42 freie Tage pro Jahr: Frankreich g\u00f6nnt sich Europas meisten Urlaub","og_description":"Ferien sind in Europa fest verankert. Selbst L\u00e4nder im Mittelfeld bieten mehr freie Tage als viele Industrienationen au\u00dferhalb des Kontinents. Frankreich geh\u00f6rt klar zur oberen Gruppe. Europa liebt Ferien. Und zwar gesetzlich garantiert. Wer hier arbeitet, bekommt nicht nur Lohn, sondern auch ordentlich freie Tage obendrauf. Eine neue Auswertung f\u00fcr 2025 zeigt, wie gro\u00df die [&hellip;]","og_url":"https:\/\/now-news.de\/de\/deutschland\/42-freie-tage-pro-jahr-frankreich-goennt-sich-europas-meisten-urlaub\/","og_site_name":"just-now.NEWS Deutschland","article_publisher":"https:\/\/www.facebook.com\/wirmachenauf","article_published_time":"2026-02-10T13:25:58+00:00","og_image":[{"url":"https:\/\/now-news.de\/de\/wp-content\/uploads\/sites\/3\/2026\/02\/698b0ac2b480cc25fb3a27ae.png"}],"author":"rtnews","twitter_card":"summary_large_image","twitter_creator":"@WirMachenAuf_de","twitter_site":"@WirMachenAuf_de","twitter_misc":{"Verfasst von":"rtnews","Gesch\u00e4tzte Lesezeit":"1\u00a0Minute"},"schema":{"@context":"https:\/\/schema.org","@graph":[{"@type":"Article","@id":"https:\/\/now-news.de\/de\/deutschland\/42-freie-tage-pro-jahr-frankreich-goennt-sich-europas-meisten-urlaub\/#article","isPartOf":{"@id":"https:\/\/now-news.de\/de\/deutschland\/42-freie-tage-pro-jahr-frankreich-goennt-sich-europas-meisten-urlaub\/"},"author":{"name":"rtnews","@id":"https:\/\/now-news.de\/de\/#\/schema\/person\/fb534a4e865501d8b3285208df34a9b5"},"headline":"42 freie Tage pro Jahr: Frankreich g\u00f6nnt sich Europas meisten Urlaub","datePublished":"2026-02-10T13:25:58+00:00","dateModified":"2026-02-10T13:25:58+00:00","mainEntityOfPage":{"@id":"https:\/\/now-news.de\/de\/deutschland\/42-freie-tage-pro-jahr-frankreich-goennt-sich-europas-meisten-urlaub\/"},"wordCount":301,"commentCount":0,"publisher":{"@id":"https:\/\/now-news.de\/de\/#organization"},"image":{"@id":"https:\/\/now-news.de\/de\/deutschland\/42-freie-tage-pro-jahr-frankreich-goennt-sich-europas-meisten-urlaub\/#primaryimage"},"thumbnailUrl":"https:\/\/now-news.de\/de\/wp-content\/uploads\/sites\/3\/2026\/02\/42-freie-Tage-pro-Jahr-Frankreich-goennt-sich-Europas-meisten.png","keywords":["Europas","Frankreich","freie","g\u00f6nnt","Jahr","meisten","pro","sich","Tage","urlaub"],"articleSection":["Deutschland","Russland"],"inLanguage":"de","potentialAction":[{"@type":"CommentAction","name":"Comment","target":["https:\/\/now-news.de\/de\/deutschland\/42-freie-tage-pro-jahr-frankreich-goennt-sich-europas-meisten-urlaub\/#respond"]}]},{"@type":"WebPage","@id":"https:\/\/now-news.de\/de\/deutschland\/42-freie-tage-pro-jahr-frankreich-goennt-sich-europas-meisten-urlaub\/","url":"https:\/\/now-news.de\/de\/deutschland\/42-freie-tage-pro-jahr-frankreich-goennt-sich-europas-meisten-urlaub\/","name":"42 freie Tage pro Jahr: Frankreich g\u00f6nnt sich Europas meisten Urlaub - just-now.NEWS Deutschland","isPartOf":{"@id":"https:\/\/now-news.de\/de\/#website"},"primaryImageOfPage":{"@id":"https:\/\/now-news.de\/de\/deutschland\/42-freie-tage-pro-jahr-frankreich-goennt-sich-europas-meisten-urlaub\/#primaryimage"},"image":{"@id":"https:\/\/now-news.de\/de\/deutschland\/42-freie-tage-pro-jahr-frankreich-goennt-sich-europas-meisten-urlaub\/#primaryimage"},"thumbnailUrl":"https:\/\/now-news.de\/de\/wp-content\/uploads\/sites\/3\/2026\/02\/42-freie-Tage-pro-Jahr-Frankreich-goennt-sich-Europas-meisten.png","datePublished":"2026-02-10T13:25:58+00:00","dateModified":"2026-02-10T13:25:58+00:00","breadcrumb":{"@id":"https:\/\/now-news.de\/de\/deutschland\/42-freie-tage-pro-jahr-frankreich-goennt-sich-europas-meisten-urlaub\/#breadcrumb"},"inLanguage":"de","potentialAction":[{"@type":"ReadAction","target":["https:\/\/now-news.de\/de\/deutschland\/42-freie-tage-pro-jahr-frankreich-goennt-sich-europas-meisten-urlaub\/"]}]},{"@type":"ImageObject","inLanguage":"de","@id":"https:\/\/now-news.de\/de\/deutschland\/42-freie-tage-pro-jahr-frankreich-goennt-sich-europas-meisten-urlaub\/#primaryimage","url":"https:\/\/now-news.de\/de\/wp-content\/uploads\/sites\/3\/2026\/02\/42-freie-Tage-pro-Jahr-Frankreich-goennt-sich-Europas-meisten.png","contentUrl":"https:\/\/now-news.de\/de\/wp-content\/uploads\/sites\/3\/2026\/02\/42-freie-Tage-pro-Jahr-Frankreich-goennt-sich-Europas-meisten.png","width":771,"height":1080,"caption":"42 freie Tage pro Jahr: Frankreich g\u00f6nnt sich Europas meisten Urlaub"},{"@type":"BreadcrumbList","@id":"https:\/\/now-news.de\/de\/deutschland\/42-freie-tage-pro-jahr-frankreich-goennt-sich-europas-meisten-urlaub\/#breadcrumb","itemListElement":[{"@type":"ListItem","position":1,"name":"Home","item":"https:\/\/now-news.de\/de\/"},{"@type":"ListItem","position":2,"name":"42 freie Tage pro Jahr: Frankreich g\u00f6nnt sich Europas meisten Urlaub"}]},{"@type":"WebSite","@id":"https:\/\/now-news.de\/de\/#website","url":"https:\/\/now-news.de\/de\/","name":"just-now.NEWS Deutschland","description":"Das Portal f\u00fcr unzensierte Nachrichten aus der Welt","publisher":{"@id":"https:\/\/now-news.de\/de\/#organization"},"potentialAction":[{"@type":"SearchAction","target":{"@type":"EntryPoint","urlTemplate":"https:\/\/now-news.de\/de\/?s={search_term_string}"},"query-input":"required name=search_term_string"}],"inLanguage":"de"},{"@type":"Organization","@id":"https:\/\/now-news.de\/de\/#organization","name":"Just Now News","url":"https:\/\/now-news.de\/de\/","logo":{"@type":"ImageObject","inLanguage":"de","@id":"https:\/\/now-news.de\/de\/#\/schema\/logo\/image\/","url":"http:\/\/just-now.news\/de\/wp-content\/uploads\/sites\/3\/2022\/04\/logo500x500.jpg","contentUrl":"http:\/\/just-now.news\/de\/wp-content\/uploads\/sites\/3\/2022\/04\/logo500x500.jpg","width":500,"height":500,"caption":"Just Now News"},"image":{"@id":"https:\/\/now-news.de\/de\/#\/schema\/logo\/image\/"},"sameAs":["https:\/\/www.facebook.com\/wirmachenauf","https:\/\/x.com\/WirMachenAuf_de"]},{"@type":"Person","@id":"https:\/\/now-news.de\/de\/#\/schema\/person\/fb534a4e865501d8b3285208df34a9b5","name":"rtnews","image":{"@type":"ImageObject","inLanguage":"de","@id":"https:\/\/now-news.de\/de\/#\/schema\/person\/image\/","url":"https:\/\/secure.gravatar.com\/avatar\/82aafea7d8127119dd649515f56e2117?s=96&d=mm&r=g","contentUrl":"https:\/\/secure.gravatar.com\/avatar\/82aafea7d8127119dd649515f56e2117?s=96&d=mm&r=g","caption":"rtnews"},"url":"https:\/\/now-news.de\/de\/author\/rnews\/"}]}},"_links":{"self":[{"href":"https:\/\/now-news.de\/de\/wp-json\/wp\/v2\/posts\/98674"}],"collection":[{"href":"https:\/\/now-news.de\/de\/wp-json\/wp\/v2\/posts"}],"about":[{"href":"https:\/\/now-news.de\/de\/wp-json\/wp\/v2\/types\/post"}],"author":[{"embeddable":true,"href":"https:\/\/now-news.de\/de\/wp-json\/wp\/v2\/users\/3"}],"replies":[{"embeddable":true,"href":"https:\/\/now-news.de\/de\/wp-json\/wp\/v2\/comments?post=98674"}],"version-history":[{"count":0,"href":"https:\/\/now-news.de\/de\/wp-json\/wp\/v2\/posts\/98674\/revisions"}],"wp:featuredmedia":[{"embeddable":true,"href":"https:\/\/now-news.de\/de\/wp-json\/wp\/v2\/media\/98675"}],"wp:attachment":[{"href":"https:\/\/now-news.de\/de\/wp-json\/wp\/v2\/media?parent=98674"}],"wp:term":[{"taxonomy":"category","embeddable":true,"href":"https:\/\/now-news.de\/de\/wp-json\/wp\/v2\/categories?post=98674"},{"taxonomy":"post_tag","embeddable":true,"href":"https:\/\/now-news.de\/de\/wp-json\/wp\/v2\/tags?post=98674"}],"curies":[{"name":"wp","href":"https:\/\/api.w.org\/{rel}","templated":true}]}}