{"id":98672,"date":"2026-02-10T15:26:46","date_gmt":"2026-02-10T13:26:46","guid":{"rendered":"https:\/\/now-news.de\/de\/deutschland\/macron-ob-es-gefaellt-oder-nicht-russland-wird-auch-morgen-noch-da-sein\/"},"modified":"2026-02-10T15:26:46","modified_gmt":"2026-02-10T13:26:46","slug":"macron-ob-es-gefaellt-oder-nicht-russland-wird-auch-morgen-noch-da-sein","status":"publish","type":"post","link":"https:\/\/now-news.de\/de\/deutschland\/macron-ob-es-gefaellt-oder-nicht-russland-wird-auch-morgen-noch-da-sein\/","title":{"rendered":"Macron: Ob es gef\u00e4llt oder nicht, Russland wird auch morgen noch da sein"},"content":{"rendered":"<p><img decoding=\"async\" src=\"https:\/\/now-news.de\/de\/wp-content\/uploads\/sites\/3\/2026\/02\/698b16ffb480cc23b51dce6e.jpg\" \/><\/p>\n<div class=\"Text-root Text-type_1 \">\n                Frankreichs Pr\u00e4sident Emmanuel Macron erkl\u00e4rte in Paris gleich mehreren gro\u00dfen europ\u00e4ischen Zeitungen seine aktuellen Wahrnehmungen zu tagespolitischen Themen, so auch zu kommenden Strategien eines Umgangs mit Russland. Laut Macron habe der &#8220;Zerm\u00fcrbungskrieg sein Endstadium erreicht&#8221;.\n            <\/div>\n<p><\/p>\n<div class=\"Text-root Text-type_5 ArticleView-text ViewText-root \">\n<p>Frankreichs Pr\u00e4sident Emmanuel Macron empfing nach entsprechender Terminierung Journalisten der Redaktionen von\u00a0<em>Le Monde<\/em>, der\u00a0<em>Financial Times,<\/em>\u00a0<em>El Pa\u00eds <\/em>und der<em> S\u00fcddeutschen Zeitung <\/em>(jeweils hinter einer Bezahlschranke). Die <em>Le Monde<\/em>-Redaktion w\u00e4hlte als Aufmacher Macrons Forderung, dass die EU &#8220;durch Eurobonds eine gemeinsame Kreditaufnahmef\u00e4higkeit&#8221; einf\u00fchren sollte. <em>El Pa\u00eds<\/em>\u00a0titelte zitierend: &#8220;Die Strategie, sich den USA zu unterwerfen, funktioniert nicht.&#8221; Die <em>SZ<\/em>-Redaktion w\u00e4hlte Macrons Wahrnehmung, dass &#8220;Europa in f\u00fcnf Jahren weggefegt ist&#8221;, sollten nicht entsprechende politische Ma\u00dfnahmen der Mitgliedstaaten erfolgen.<\/p>\n<p>In Paris empfing der franz\u00f6siche Pr\u00e4sident Emmanuel Macron im Rahmen einer Medienoffensive die Redakteure mehrerer internationaler Tageszeitungen, um dann jeweilige Fragen zu beabtworten. Der <em>SZ<\/em>-Artikel startet einleitend mit demnach notwendiger boulevardesker Nebennote:<\/p>\n<p><em>&#8220;Palais de l\u2019\u00c9lys\u00e9e, erster Stock, Vorzimmer des B\u00fcros des franz\u00f6sischen Staatspr\u00e4sidenten. Emmanuel Macron ist wach wie immer, er sucht die Blicke, dr\u00fcckt fest die H\u00e4nde zum Gru\u00df.&#8221;<\/em><\/p>\n<p>Der <em>El Pa\u00eds<\/em>-Kollege beginnt mit sachlicherer Zusammenfassung zur Person Macron:<\/p>\n<p><em>&#8220;Nach neun Jahren als Staatschef Frankreichs hat er praktisch jede Phase durchlaufen. Heute, nach einer Zeit voller politischer Krisen, geht er in die letzte Phase seiner Amtszeit.&#8221;<\/em><\/p>\n<p>Laut <em>Le Monde<\/em>-Artikel\u00a0sprach sich Macron laut Darlegungen zu Beginn &#8220;f\u00fcr eine neue gemeinsame Kreditaufnahmeinitiative der 27 Mitgliedstaaten aus&#8221;, \u00fcber die nach Vorstellungen der Regierungschefs &#8220;strategische Investitionen finanziert werden sollen&#8221;. Gemeinsames Ziel sei es demnach, der Europ\u00e4ischen Union zu erm\u00f6glichen, &#8220;die Vorherrschaft des Dollars zu bek\u00e4mpfen&#8221;, so Macron im Wortlaut.<\/p>\n<p>Diese Wahrnehmung komme zu einem Zeitpunkt, an dem die europ\u00e4ischen Staats- und Regierungschefs sich am 12. Februar in Br\u00fcssel treffen werden, &#8220;um \u00fcber Wettbewerbsf\u00e4higkeit zu beraten.&#8221;<\/p>\n<p>Neben einem breiteren Komplex zum internationalen Agieren Washingtons unter Trump, der Causa Gr\u00f6nland, galt auch der Blick auf die Entwicklung in der Ukraine und das\u00a0Verh\u00e4ltnis der EU zu Russland. Dazu hei\u00dft es bei der <em>S\u00fcddeutschen Zeitung<\/em>\u00a0zum Februar 2022 laut Macrons Erinnerungen:<\/p>\n<p><em>&#8220;Ein beispielloser Schock f\u00fcr Europa, auch der war symmetrisch. Wir haben nur 48 Stunden gebraucht, um Sanktionen gegen Russland zu verh\u00e4ngen. 48 Stunden, um zu beschlie\u00dfen, die Ukraine zu unterst\u00fctzen und ein Programm auf die Beine zu stellen, das unseren Volkswirtschaften half.&#8221;<\/em><\/p>\n<p>Russland, so <em>Le Monde<\/em>,\u00a0h\u00e4tte laut Macron &#8220;eigentlich auf unbegrenzte Zeit g\u00fcnstige Energie liefern sollen, hat dies aber vor drei Jahren eingestellt.&#8221; Beide franz\u00f6sischen Artikel zitieren dann den franz\u00f6sischen Pr\u00e4sidenten mit folgender Wahrnehmung zum Thema des Status quo im Umgang mit Moskau:<\/p>\n<p><em>&#8220;Meine \u00dcberlegungen sind ganz einfach. Wollen wir diese Diskussion [im Rahmen diplomatischer Konsultationen] anderen \u00fcberlassen? Unsere geografische Lage wird sich nicht \u00e4ndern. Ob es uns gef\u00e4llt oder nicht, Russland wird auch morgen noch da sein. Und es liegt direkt vor unserer Haust\u00fcr.&#8221;<\/em><\/p>\n<p>Es sei daher wichtig, so Macron, &#8220;die Wiederaufnahme einer europ\u00e4ischen Debatte mit Russland zu strukturieren&#8221;, um weiter w\u00f6rtlich ausf\u00fchren:<\/p>\n<p><em>&#8220;Ohne naiv zu sein, ohne Druck auf die Ukrainer auszu\u00fcben, aber auch ohne in dieser Debatte von Dritten abh\u00e4ngig zu sein. Und was habe ich nun erreicht? Die Best\u00e4tigung, dass Russland derzeit keinen Frieden will. Vor allem aber haben wir diese Dialogkan\u00e4le auf technischer Ebene wiederhergestellt. Mein Wunsch ist es, dies mit meinen europ\u00e4ischen Partnern zu teilen und einen gut organisierten\u00a0Ansatz zu verfolgen.&#8221;\u00a0<\/em><\/p>\n<p>Gegen\u00fcber dem<em> SZ-<\/em>Mitarbeiter lautete die Darlegung zur Gespr\u00e4chsbereitschaft seitens Paris mit Moskau, dass demnach Macron\u00a0&#8220;vor einigen Monaten&#8221; initiativ\u00a0mehreren europ\u00e4ischen Kollegen vorgeschlagen habe, den Dialog\u00a0wiederaufzunehmen. Dazu erkl\u00e4rte er:<\/p>\n<p><em>&#8220;F\u00fcr einige war es etwas zu fr\u00fch, ihre diplomatischen Berater zu entsenden, so wie wir es [Frankreich] getan haben. Wir haben die Diskussionskan\u00e4le auf einer technischen Ebene wiederhergestellt. Und ich w\u00fcnsche mir, dass dies anschlie\u00dfend mit meinen europ\u00e4ischen Partnern geteilt wird und dass wir einen gut organisierten europ\u00e4ischen Ansatz haben.&#8221;<\/em><\/p>\n<p>Vorab lautete die Erkl\u00e4rung zu den Entwicklungen seit Herbst des Vorjahres:<\/p>\n<p><em>&#8220;Seit einigen Monaten sind wir in diesem Krieg in eine neue Phase getreten. Was hat diese Phase ausgel\u00f6st? Zwei Dinge: Erstens sind wir an einem Punkt angelangt, an dem dieser Zerm\u00fcrbungskrieg sein Endstadium erreicht hat, das hei\u00dft, die Verluste und die Ersch\u00f6pfung auf beiden Seiten machen es legitim, sich die Frage zu stellen, wie man diesen Krieg beenden kann. Und zweitens haben die Amerikaner ihren Willen bekundet, ihn zu beenden.&#8221;<\/em><\/p>\n<p>An dem Tag,\u00a0wo ein finaler Friedensvertrag zwischen Moskau und Kiew erreicht sei, werde &#8220;dieser Frieden auch Europa betreffen&#8221;, so Macrons Darlegung. Seine Ermahnung an die <em>SZ<\/em>-Leser lautet:<\/p>\n<p><em>&#8220;M\u00f6chten Sie lieber, dass dann amerikanische Botschafter und Gesandte in Ihrem Namen, im Namen Europas, \u00fcber das Datum des Beitritts der Ukraine zur Europ\u00e4ischen Union verhandeln lassen? Nein, tut mir leid. Das ist eine Frage des Selbstwertgef\u00fchls. Selbstwertgef\u00fchl ist gut, wir brauchen es. Wir sollten also keine Angst haben, wir selbst zu sein. Das ist im Interesse Europas.&#8221;<\/em><\/p>\n<p>Befragt zu seinem &#8220;speziellen Verhaltnis&#8221; zu US-Pr\u00e4sident donald Trump, erkl\u00e4rte Macron &#8220;lachend&#8221;, so die <em>SZ<\/em>,\u00a0er gehe im Kontakt &#8220;professionell an die Sache&#8221;. Er sei &#8220;also immer respektvoll, berechenbar, aber nicht schwach&#8221;.<\/p>\n<p><strong>Mehr zum Thema &#8211;<\/strong>\u00a0<a rel=\"nofollow noopener\" target=\"_blank\" href=\"https:\/\/freedert.online\/meinung\/269709-nichts-zum-lachen-fuer-europas-russophobe-putin-vor-historischem-sieg\/\">Nichts zum Lachen f\u00fcr Europas Russophobe: &#8220;Putin an der Schwelle eines geschichtstr\u00e4chtigen Sieges&#8221; <\/a><\/p>\n<div class=\"EmbedBlock-root EmbedBlock-externalVideo EmbedBlock-rumble\">\n<div class=\"VkEmbed\"><iframe class=\"lazyload\" data-src=\"https:\/\/rumble.com\/embed\/v73cdma\" frameborder=\"0\" width=\"853\" height=\"480\" allowfullscreen><\/iframe><\/div>\n<\/div>\n<\/div>\n<p><br \/>\n<br \/><a href=\"https:\/\/de.rt.com\/europa\/269807-macron-ob-es-gefaellt-oder\/\">Source link <\/a><\/p>\n","protected":false},"excerpt":{"rendered":"<p>Frankreichs Pr\u00e4sident Emmanuel Macron erkl\u00e4rte in Paris gleich mehreren gro\u00dfen europ\u00e4ischen Zeitungen seine aktuellen Wahrnehmungen zu tagespolitischen Themen, so auch zu kommenden Strategien eines Umgangs mit Russland. Laut Macron habe der &#8220;Zerm\u00fcrbungskrieg sein Endstadium erreicht&#8221;. Frankreichs Pr\u00e4sident Emmanuel Macron empfing nach entsprechender Terminierung Journalisten der Redaktionen von\u00a0Le Monde, der\u00a0Financial Times,\u00a0El Pa\u00eds und der S\u00fcddeutschen Zeitung [&hellip;]<\/p>\n","protected":false},"author":3,"featured_media":98673,"comment_status":"open","ping_status":"open","sticky":false,"template":"","format":"standard","meta":{"_yoast_indexnow_last_ping":["1770730012"],"wp_automatic_camp":["217"],"f4b6f5f198423396088caf104bea3ca7":["Macron: Ob es gef\u00e4llt oder nicht, Russland wird auch morgen noch da sein"],"original_link":["https:\/\/de.rt.com\/europa\/269807-macron-ob-es-gefaellt-oder\/"],"_thumbnail_id":["98673"],"jnews_social_counter_last_update":["1777240744"],"_wptgpro_p2tg_sent2tg":["a:1:{i:23737;s:19:\"2026-02-10 15:27:50\";}"]},"categories":[19,23],"tags":[1475,26463,1711,821,800,1674,268,126,3950,374],"yoast_head":"<!-- This site is optimized with the Yoast SEO Premium plugin v22.7 (Yoast SEO v22.7) - https:\/\/yoast.com\/wordpress\/plugins\/seo\/ -->\n<title>Macron: Ob es gef\u00e4llt oder nicht, Russland wird auch morgen noch da sein - just-now.NEWS Deutschland<\/title>\n<meta name=\"robots\" content=\"index, follow, max-snippet:-1, max-image-preview:large, max-video-preview:-1\" \/>\n<link rel=\"canonical\" href=\"https:\/\/now-news.de\/de\/deutschland\/macron-ob-es-gefaellt-oder-nicht-russland-wird-auch-morgen-noch-da-sein\/\" \/>\n<meta property=\"og:locale\" content=\"de_DE\" \/>\n<meta property=\"og:type\" content=\"article\" \/>\n<meta property=\"og:title\" content=\"Macron: Ob es gef\u00e4llt oder nicht, Russland wird auch morgen noch da sein\" \/>\n<meta property=\"og:description\" content=\"Frankreichs Pr\u00e4sident Emmanuel Macron erkl\u00e4rte in Paris gleich mehreren gro\u00dfen europ\u00e4ischen Zeitungen seine aktuellen Wahrnehmungen zu tagespolitischen Themen, so auch zu kommenden Strategien eines Umgangs mit Russland. Laut Macron habe der &#8220;Zerm\u00fcrbungskrieg sein Endstadium erreicht&#8221;. Frankreichs Pr\u00e4sident Emmanuel Macron empfing nach entsprechender Terminierung Journalisten der Redaktionen von\u00a0Le Monde, der\u00a0Financial Times,\u00a0El Pa\u00eds und der S\u00fcddeutschen Zeitung [&hellip;]\" \/>\n<meta property=\"og:url\" content=\"https:\/\/now-news.de\/de\/deutschland\/macron-ob-es-gefaellt-oder-nicht-russland-wird-auch-morgen-noch-da-sein\/\" \/>\n<meta property=\"og:site_name\" content=\"just-now.NEWS Deutschland\" \/>\n<meta property=\"article:publisher\" content=\"https:\/\/www.facebook.com\/wirmachenauf\" \/>\n<meta property=\"article:published_time\" content=\"2026-02-10T13:26:46+00:00\" \/>\n<meta property=\"og:image\" content=\"https:\/\/now-news.de\/de\/wp-content\/uploads\/sites\/3\/2026\/02\/698b16ffb480cc23b51dce6e.jpg\" \/>\n<meta name=\"author\" content=\"rtnews\" \/>\n<meta name=\"twitter:card\" content=\"summary_large_image\" \/>\n<meta name=\"twitter:creator\" content=\"@WirMachenAuf_de\" \/>\n<meta name=\"twitter:site\" content=\"@WirMachenAuf_de\" \/>\n<meta name=\"twitter:label1\" content=\"Verfasst von\" \/>\n\t<meta name=\"twitter:data1\" content=\"rtnews\" \/>\n\t<meta name=\"twitter:label2\" content=\"Gesch\u00e4tzte Lesezeit\" \/>\n\t<meta name=\"twitter:data2\" content=\"5\u00a0Minuten\" \/>\n<script type=\"application\/ld+json\" class=\"yoast-schema-graph\">{\"@context\":\"https:\/\/schema.org\",\"@graph\":[{\"@type\":\"Article\",\"@id\":\"https:\/\/now-news.de\/de\/deutschland\/macron-ob-es-gefaellt-oder-nicht-russland-wird-auch-morgen-noch-da-sein\/#article\",\"isPartOf\":{\"@id\":\"https:\/\/now-news.de\/de\/deutschland\/macron-ob-es-gefaellt-oder-nicht-russland-wird-auch-morgen-noch-da-sein\/\"},\"author\":{\"name\":\"rtnews\",\"@id\":\"https:\/\/now-news.de\/de\/#\/schema\/person\/fb534a4e865501d8b3285208df34a9b5\"},\"headline\":\"Macron: Ob es gef\u00e4llt oder nicht, Russland wird auch morgen noch da sein\",\"datePublished\":\"2026-02-10T13:26:46+00:00\",\"dateModified\":\"2026-02-10T13:26:46+00:00\",\"mainEntityOfPage\":{\"@id\":\"https:\/\/now-news.de\/de\/deutschland\/macron-ob-es-gefaellt-oder-nicht-russland-wird-auch-morgen-noch-da-sein\/\"},\"wordCount\":924,\"commentCount\":0,\"publisher\":{\"@id\":\"https:\/\/now-news.de\/de\/#organization\"},\"image\":{\"@id\":\"https:\/\/now-news.de\/de\/deutschland\/macron-ob-es-gefaellt-oder-nicht-russland-wird-auch-morgen-noch-da-sein\/#primaryimage\"},\"thumbnailUrl\":\"https:\/\/now-news.de\/de\/wp-content\/uploads\/sites\/3\/2026\/02\/Macron-Ob-es-gefaellt-oder-nicht-Russland-wird-auch-morgen.jpg\",\"keywords\":[\"auch\",\"gef\u00e4llt\",\"macron\",\"Morgen\",\"nicht\",\"noch\",\"oder\",\"russland\",\"sein\",\"wird\"],\"articleSection\":[\"Deutschland\",\"Russland\"],\"inLanguage\":\"de\",\"potentialAction\":[{\"@type\":\"CommentAction\",\"name\":\"Comment\",\"target\":[\"https:\/\/now-news.de\/de\/deutschland\/macron-ob-es-gefaellt-oder-nicht-russland-wird-auch-morgen-noch-da-sein\/#respond\"]}]},{\"@type\":\"WebPage\",\"@id\":\"https:\/\/now-news.de\/de\/deutschland\/macron-ob-es-gefaellt-oder-nicht-russland-wird-auch-morgen-noch-da-sein\/\",\"url\":\"https:\/\/now-news.de\/de\/deutschland\/macron-ob-es-gefaellt-oder-nicht-russland-wird-auch-morgen-noch-da-sein\/\",\"name\":\"Macron: Ob es gef\u00e4llt oder nicht, Russland wird auch morgen noch da sein - just-now.NEWS Deutschland\",\"isPartOf\":{\"@id\":\"https:\/\/now-news.de\/de\/#website\"},\"primaryImageOfPage\":{\"@id\":\"https:\/\/now-news.de\/de\/deutschland\/macron-ob-es-gefaellt-oder-nicht-russland-wird-auch-morgen-noch-da-sein\/#primaryimage\"},\"image\":{\"@id\":\"https:\/\/now-news.de\/de\/deutschland\/macron-ob-es-gefaellt-oder-nicht-russland-wird-auch-morgen-noch-da-sein\/#primaryimage\"},\"thumbnailUrl\":\"https:\/\/now-news.de\/de\/wp-content\/uploads\/sites\/3\/2026\/02\/Macron-Ob-es-gefaellt-oder-nicht-Russland-wird-auch-morgen.jpg\",\"datePublished\":\"2026-02-10T13:26:46+00:00\",\"dateModified\":\"2026-02-10T13:26:46+00:00\",\"breadcrumb\":{\"@id\":\"https:\/\/now-news.de\/de\/deutschland\/macron-ob-es-gefaellt-oder-nicht-russland-wird-auch-morgen-noch-da-sein\/#breadcrumb\"},\"inLanguage\":\"de\",\"potentialAction\":[{\"@type\":\"ReadAction\",\"target\":[\"https:\/\/now-news.de\/de\/deutschland\/macron-ob-es-gefaellt-oder-nicht-russland-wird-auch-morgen-noch-da-sein\/\"]}]},{\"@type\":\"ImageObject\",\"inLanguage\":\"de\",\"@id\":\"https:\/\/now-news.de\/de\/deutschland\/macron-ob-es-gefaellt-oder-nicht-russland-wird-auch-morgen-noch-da-sein\/#primaryimage\",\"url\":\"https:\/\/now-news.de\/de\/wp-content\/uploads\/sites\/3\/2026\/02\/Macron-Ob-es-gefaellt-oder-nicht-Russland-wird-auch-morgen.jpg\",\"contentUrl\":\"https:\/\/now-news.de\/de\/wp-content\/uploads\/sites\/3\/2026\/02\/Macron-Ob-es-gefaellt-oder-nicht-Russland-wird-auch-morgen.jpg\",\"width\":460,\"height\":259,\"caption\":\"Macron: Ob es gef\u00e4llt oder nicht, Russland wird auch morgen noch da sein\"},{\"@type\":\"BreadcrumbList\",\"@id\":\"https:\/\/now-news.de\/de\/deutschland\/macron-ob-es-gefaellt-oder-nicht-russland-wird-auch-morgen-noch-da-sein\/#breadcrumb\",\"itemListElement\":[{\"@type\":\"ListItem\",\"position\":1,\"name\":\"Home\",\"item\":\"https:\/\/now-news.de\/de\/\"},{\"@type\":\"ListItem\",\"position\":2,\"name\":\"Macron: Ob es gef\u00e4llt oder nicht, Russland wird auch morgen noch da sein\"}]},{\"@type\":\"WebSite\",\"@id\":\"https:\/\/now-news.de\/de\/#website\",\"url\":\"https:\/\/now-news.de\/de\/\",\"name\":\"just-now.NEWS Deutschland\",\"description\":\"Das Portal f\u00fcr unzensierte Nachrichten aus der Welt\",\"publisher\":{\"@id\":\"https:\/\/now-news.de\/de\/#organization\"},\"potentialAction\":[{\"@type\":\"SearchAction\",\"target\":{\"@type\":\"EntryPoint\",\"urlTemplate\":\"https:\/\/now-news.de\/de\/?s={search_term_string}\"},\"query-input\":\"required name=search_term_string\"}],\"inLanguage\":\"de\"},{\"@type\":\"Organization\",\"@id\":\"https:\/\/now-news.de\/de\/#organization\",\"name\":\"Just Now News\",\"url\":\"https:\/\/now-news.de\/de\/\",\"logo\":{\"@type\":\"ImageObject\",\"inLanguage\":\"de\",\"@id\":\"https:\/\/now-news.de\/de\/#\/schema\/logo\/image\/\",\"url\":\"http:\/\/just-now.news\/de\/wp-content\/uploads\/sites\/3\/2022\/04\/logo500x500.jpg\",\"contentUrl\":\"http:\/\/just-now.news\/de\/wp-content\/uploads\/sites\/3\/2022\/04\/logo500x500.jpg\",\"width\":500,\"height\":500,\"caption\":\"Just Now News\"},\"image\":{\"@id\":\"https:\/\/now-news.de\/de\/#\/schema\/logo\/image\/\"},\"sameAs\":[\"https:\/\/www.facebook.com\/wirmachenauf\",\"https:\/\/x.com\/WirMachenAuf_de\"]},{\"@type\":\"Person\",\"@id\":\"https:\/\/now-news.de\/de\/#\/schema\/person\/fb534a4e865501d8b3285208df34a9b5\",\"name\":\"rtnews\",\"image\":{\"@type\":\"ImageObject\",\"inLanguage\":\"de\",\"@id\":\"https:\/\/now-news.de\/de\/#\/schema\/person\/image\/\",\"url\":\"https:\/\/secure.gravatar.com\/avatar\/82aafea7d8127119dd649515f56e2117?s=96&d=mm&r=g\",\"contentUrl\":\"https:\/\/secure.gravatar.com\/avatar\/82aafea7d8127119dd649515f56e2117?s=96&d=mm&r=g\",\"caption\":\"rtnews\"},\"url\":\"https:\/\/now-news.de\/de\/author\/rnews\/\"}]}<\/script>\n<!-- \/ Yoast SEO Premium plugin. -->","yoast_head_json":{"title":"Macron: Ob es gef\u00e4llt oder nicht, Russland wird auch morgen noch da sein - just-now.NEWS Deutschland","robots":{"index":"index","follow":"follow","max-snippet":"max-snippet:-1","max-image-preview":"max-image-preview:large","max-video-preview":"max-video-preview:-1"},"canonical":"https:\/\/now-news.de\/de\/deutschland\/macron-ob-es-gefaellt-oder-nicht-russland-wird-auch-morgen-noch-da-sein\/","og_locale":"de_DE","og_type":"article","og_title":"Macron: Ob es gef\u00e4llt oder nicht, Russland wird auch morgen noch da sein","og_description":"Frankreichs Pr\u00e4sident Emmanuel Macron erkl\u00e4rte in Paris gleich mehreren gro\u00dfen europ\u00e4ischen Zeitungen seine aktuellen Wahrnehmungen zu tagespolitischen Themen, so auch zu kommenden Strategien eines Umgangs mit Russland. Laut Macron habe der &#8220;Zerm\u00fcrbungskrieg sein Endstadium erreicht&#8221;. Frankreichs Pr\u00e4sident Emmanuel Macron empfing nach entsprechender Terminierung Journalisten der Redaktionen von\u00a0Le Monde, der\u00a0Financial Times,\u00a0El Pa\u00eds und der S\u00fcddeutschen Zeitung [&hellip;]","og_url":"https:\/\/now-news.de\/de\/deutschland\/macron-ob-es-gefaellt-oder-nicht-russland-wird-auch-morgen-noch-da-sein\/","og_site_name":"just-now.NEWS Deutschland","article_publisher":"https:\/\/www.facebook.com\/wirmachenauf","article_published_time":"2026-02-10T13:26:46+00:00","og_image":[{"url":"https:\/\/now-news.de\/de\/wp-content\/uploads\/sites\/3\/2026\/02\/698b16ffb480cc23b51dce6e.jpg"}],"author":"rtnews","twitter_card":"summary_large_image","twitter_creator":"@WirMachenAuf_de","twitter_site":"@WirMachenAuf_de","twitter_misc":{"Verfasst von":"rtnews","Gesch\u00e4tzte Lesezeit":"5\u00a0Minuten"},"schema":{"@context":"https:\/\/schema.org","@graph":[{"@type":"Article","@id":"https:\/\/now-news.de\/de\/deutschland\/macron-ob-es-gefaellt-oder-nicht-russland-wird-auch-morgen-noch-da-sein\/#article","isPartOf":{"@id":"https:\/\/now-news.de\/de\/deutschland\/macron-ob-es-gefaellt-oder-nicht-russland-wird-auch-morgen-noch-da-sein\/"},"author":{"name":"rtnews","@id":"https:\/\/now-news.de\/de\/#\/schema\/person\/fb534a4e865501d8b3285208df34a9b5"},"headline":"Macron: Ob es gef\u00e4llt oder nicht, Russland wird auch morgen noch da sein","datePublished":"2026-02-10T13:26:46+00:00","dateModified":"2026-02-10T13:26:46+00:00","mainEntityOfPage":{"@id":"https:\/\/now-news.de\/de\/deutschland\/macron-ob-es-gefaellt-oder-nicht-russland-wird-auch-morgen-noch-da-sein\/"},"wordCount":924,"commentCount":0,"publisher":{"@id":"https:\/\/now-news.de\/de\/#organization"},"image":{"@id":"https:\/\/now-news.de\/de\/deutschland\/macron-ob-es-gefaellt-oder-nicht-russland-wird-auch-morgen-noch-da-sein\/#primaryimage"},"thumbnailUrl":"https:\/\/now-news.de\/de\/wp-content\/uploads\/sites\/3\/2026\/02\/Macron-Ob-es-gefaellt-oder-nicht-Russland-wird-auch-morgen.jpg","keywords":["auch","gef\u00e4llt","macron","Morgen","nicht","noch","oder","russland","sein","wird"],"articleSection":["Deutschland","Russland"],"inLanguage":"de","potentialAction":[{"@type":"CommentAction","name":"Comment","target":["https:\/\/now-news.de\/de\/deutschland\/macron-ob-es-gefaellt-oder-nicht-russland-wird-auch-morgen-noch-da-sein\/#respond"]}]},{"@type":"WebPage","@id":"https:\/\/now-news.de\/de\/deutschland\/macron-ob-es-gefaellt-oder-nicht-russland-wird-auch-morgen-noch-da-sein\/","url":"https:\/\/now-news.de\/de\/deutschland\/macron-ob-es-gefaellt-oder-nicht-russland-wird-auch-morgen-noch-da-sein\/","name":"Macron: Ob es gef\u00e4llt oder nicht, Russland wird auch morgen noch da sein - just-now.NEWS Deutschland","isPartOf":{"@id":"https:\/\/now-news.de\/de\/#website"},"primaryImageOfPage":{"@id":"https:\/\/now-news.de\/de\/deutschland\/macron-ob-es-gefaellt-oder-nicht-russland-wird-auch-morgen-noch-da-sein\/#primaryimage"},"image":{"@id":"https:\/\/now-news.de\/de\/deutschland\/macron-ob-es-gefaellt-oder-nicht-russland-wird-auch-morgen-noch-da-sein\/#primaryimage"},"thumbnailUrl":"https:\/\/now-news.de\/de\/wp-content\/uploads\/sites\/3\/2026\/02\/Macron-Ob-es-gefaellt-oder-nicht-Russland-wird-auch-morgen.jpg","datePublished":"2026-02-10T13:26:46+00:00","dateModified":"2026-02-10T13:26:46+00:00","breadcrumb":{"@id":"https:\/\/now-news.de\/de\/deutschland\/macron-ob-es-gefaellt-oder-nicht-russland-wird-auch-morgen-noch-da-sein\/#breadcrumb"},"inLanguage":"de","potentialAction":[{"@type":"ReadAction","target":["https:\/\/now-news.de\/de\/deutschland\/macron-ob-es-gefaellt-oder-nicht-russland-wird-auch-morgen-noch-da-sein\/"]}]},{"@type":"ImageObject","inLanguage":"de","@id":"https:\/\/now-news.de\/de\/deutschland\/macron-ob-es-gefaellt-oder-nicht-russland-wird-auch-morgen-noch-da-sein\/#primaryimage","url":"https:\/\/now-news.de\/de\/wp-content\/uploads\/sites\/3\/2026\/02\/Macron-Ob-es-gefaellt-oder-nicht-Russland-wird-auch-morgen.jpg","contentUrl":"https:\/\/now-news.de\/de\/wp-content\/uploads\/sites\/3\/2026\/02\/Macron-Ob-es-gefaellt-oder-nicht-Russland-wird-auch-morgen.jpg","width":460,"height":259,"caption":"Macron: Ob es gef\u00e4llt oder nicht, Russland wird auch morgen noch da sein"},{"@type":"BreadcrumbList","@id":"https:\/\/now-news.de\/de\/deutschland\/macron-ob-es-gefaellt-oder-nicht-russland-wird-auch-morgen-noch-da-sein\/#breadcrumb","itemListElement":[{"@type":"ListItem","position":1,"name":"Home","item":"https:\/\/now-news.de\/de\/"},{"@type":"ListItem","position":2,"name":"Macron: Ob es gef\u00e4llt oder nicht, Russland wird auch morgen noch da sein"}]},{"@type":"WebSite","@id":"https:\/\/now-news.de\/de\/#website","url":"https:\/\/now-news.de\/de\/","name":"just-now.NEWS Deutschland","description":"Das Portal f\u00fcr unzensierte Nachrichten aus der Welt","publisher":{"@id":"https:\/\/now-news.de\/de\/#organization"},"potentialAction":[{"@type":"SearchAction","target":{"@type":"EntryPoint","urlTemplate":"https:\/\/now-news.de\/de\/?s={search_term_string}"},"query-input":"required name=search_term_string"}],"inLanguage":"de"},{"@type":"Organization","@id":"https:\/\/now-news.de\/de\/#organization","name":"Just Now News","url":"https:\/\/now-news.de\/de\/","logo":{"@type":"ImageObject","inLanguage":"de","@id":"https:\/\/now-news.de\/de\/#\/schema\/logo\/image\/","url":"http:\/\/just-now.news\/de\/wp-content\/uploads\/sites\/3\/2022\/04\/logo500x500.jpg","contentUrl":"http:\/\/just-now.news\/de\/wp-content\/uploads\/sites\/3\/2022\/04\/logo500x500.jpg","width":500,"height":500,"caption":"Just Now News"},"image":{"@id":"https:\/\/now-news.de\/de\/#\/schema\/logo\/image\/"},"sameAs":["https:\/\/www.facebook.com\/wirmachenauf","https:\/\/x.com\/WirMachenAuf_de"]},{"@type":"Person","@id":"https:\/\/now-news.de\/de\/#\/schema\/person\/fb534a4e865501d8b3285208df34a9b5","name":"rtnews","image":{"@type":"ImageObject","inLanguage":"de","@id":"https:\/\/now-news.de\/de\/#\/schema\/person\/image\/","url":"https:\/\/secure.gravatar.com\/avatar\/82aafea7d8127119dd649515f56e2117?s=96&d=mm&r=g","contentUrl":"https:\/\/secure.gravatar.com\/avatar\/82aafea7d8127119dd649515f56e2117?s=96&d=mm&r=g","caption":"rtnews"},"url":"https:\/\/now-news.de\/de\/author\/rnews\/"}]}},"_links":{"self":[{"href":"https:\/\/now-news.de\/de\/wp-json\/wp\/v2\/posts\/98672"}],"collection":[{"href":"https:\/\/now-news.de\/de\/wp-json\/wp\/v2\/posts"}],"about":[{"href":"https:\/\/now-news.de\/de\/wp-json\/wp\/v2\/types\/post"}],"author":[{"embeddable":true,"href":"https:\/\/now-news.de\/de\/wp-json\/wp\/v2\/users\/3"}],"replies":[{"embeddable":true,"href":"https:\/\/now-news.de\/de\/wp-json\/wp\/v2\/comments?post=98672"}],"version-history":[{"count":0,"href":"https:\/\/now-news.de\/de\/wp-json\/wp\/v2\/posts\/98672\/revisions"}],"wp:featuredmedia":[{"embeddable":true,"href":"https:\/\/now-news.de\/de\/wp-json\/wp\/v2\/media\/98673"}],"wp:attachment":[{"href":"https:\/\/now-news.de\/de\/wp-json\/wp\/v2\/media?parent=98672"}],"wp:term":[{"taxonomy":"category","embeddable":true,"href":"https:\/\/now-news.de\/de\/wp-json\/wp\/v2\/categories?post=98672"},{"taxonomy":"post_tag","embeddable":true,"href":"https:\/\/now-news.de\/de\/wp-json\/wp\/v2\/tags?post=98672"}],"curies":[{"name":"wp","href":"https:\/\/api.w.org\/{rel}","templated":true}]}}