{"id":98656,"date":"2026-02-10T07:30:00","date_gmt":"2026-02-10T05:30:00","guid":{"rendered":"https:\/\/now-news.de\/de\/deutschland\/portugals-heimlicher-wahlsieger-33-prozent-der-waehler-sagen-ja-es-reicht\/"},"modified":"2026-02-10T07:30:00","modified_gmt":"2026-02-10T05:30:00","slug":"portugals-heimlicher-wahlsieger-33-prozent-der-waehler-sagen-ja-es-reicht","status":"publish","type":"post","link":"https:\/\/now-news.de\/de\/deutschland\/portugals-heimlicher-wahlsieger-33-prozent-der-waehler-sagen-ja-es-reicht\/","title":{"rendered":"Portugals heimlicher Wahlsieger: 33 Prozent der W\u00e4hler sagen &quot;Ja, es reicht!&quot;"},"content":{"rendered":"<p><img decoding=\"async\" src=\"https:\/\/now-news.de\/de\/wp-content\/uploads\/sites\/3\/2026\/02\/698a197b48fbef2bac42a5ec.jpg\" \/><\/p>\n<div class=\"Text-root Text-type_1 \">\n                Der Vorsitzende der rechten Partei Chega (zu Deutsch: &#8220;Es reicht!&#8221;), Andr\u00e9 Ventura, konnte einen fulminaten W\u00e4hlerzuspruch f\u00fcr seine Ideen verzeichnen. Auch wenn er diesmal noch nicht als Sieger aus den Pr\u00e4sidentschaftswahlen hervorging, zeigt seine Partei den traditionellen Mitte-Links-Parteien angesichts der zahlreichen sozialen Probleme im Land klare Kante.\n            <\/div>\n<p><\/p>\n<div class=\"Text-root Text-type_5 ArticleView-text ViewText-root \">\n<p><em>Von Pierre Levy<\/em><\/p>\n<p>Die zweite Runde der Pr\u00e4sidentschaftswahlen in Portugal fand am 8. Februar in einem Land statt, das von schweren St\u00fcrmen und \u00dcberschwemmungen heimgesucht wurde. Der Sozialist Ant\u00f3nio Jos\u00e9 Seguro wurde mit 66,6\u00a0Prozent der Stimmen gew\u00e4hlt. Er tritt damit die Nachfolge von Marcelo Rebelo de Sousa an, einem Politiker der Rechten, der oft als konsensorientiert beschrieben wird und nach Ablauf seiner zweiten Amtszeit nicht mehr kandidieren durfte.<\/p>\n<p>Doch sein Gegner Andr\u00e9 Ventura, Vorsitzender und Gr\u00fcnder der rechtsextremen Partei Chega, scheint mit 33,3\u00a0Prozent der Stimmen der eigentliche Gewinner zu sein. Er festigt damit den Durchbruch seiner Bewegung, der in den 2020er Jahren begann. In der ersten Wahlrunde am 18. Januar erhielt Ventura 23,5\u00a0Prozent der Stimmen.<\/p>\n<p>Wochen vor der ersten Runde deuteten Umfragen darauf hin, dass f\u00fcnf Kandidaten auf eine Qualifikation f\u00fcr die zweite Runde hoffen konnten, was ein Zeichen f\u00fcr eine neue Fragmentierung der politischen Landschaft Portugals ist, die bisher von zwei gro\u00dfen Kr\u00e4ften dominiert wurde: der Sozialistischen Partei (PS) und der Sozialdemokratischen Partei (PSD, trotz ihres Namens als Mitte-Rechts-Partei eingestuft).<\/p>\n<p>Mit der sp\u00e4ten Unterst\u00fctzung der PS, deren Generalsekret\u00e4r er war, erzielte Seguro im ersten Wahlgang 31,1\u00a0Prozent der Stimmen. Er gilt als rechts von seiner eigenen Partei stehend: Er war 2011 aktiv, als die PS und anschlie\u00dfend die Rechte nach der Schuldenkrise Sparma\u00dfnahmen durchf\u00fchrten \u2013 eine Zeit, in der die Wirtschaftspolitik des Landes direkt von der Europ\u00e4ischen Union und dem IWF gesteuert wurde.<\/p>\n<p>Herr Ventura, ein ehemaliger bekannter Sportjournalist, erzielte seinerseits spektakul\u00e4re Ergebnisse \u2013 insbesondere bei den jungen W\u00e4hlern \u2013, namentlich dank seiner Omnipr\u00e4senz in den sozialen Netzwerken. Mit 23,5\u00a0Prozent der Stimmen am 18. Januar verbesserte er sein Ergebnis um 11,6 Punkte gegen\u00fcber den Pr\u00e4sidentschaftswahlen von 2021, bei denen er schon f\u00fcr eine \u00dcberraschung gesorgt hatte.<\/p>\n<p>Unter den Kandidaten, die nach der ersten Runde ausgeschieden sind, erhielt Jo\u00e3o Cotrim Figueiredo, Kandidat der Liberalen Initiative (ultraliberal, rechts), 16\u00a0Prozent der Stimmen.<\/p>\n<p>Henrique Gouveia e Melo, ein ehemaliger General, trat als unabh\u00e4ngiger Kandidat an. Dank seiner Ausstrahlung, die er durch seine Rolle bei den gewaltigen Br\u00e4nden im Jahr 2017 und seine Effizienz bei der Organisation des Kampfes gegen die COVID-Epidemie im Jahr 2020 erworben hatte,\u00a0wobei er sich selbst als &#8220;\u00fcber der Rechten und der Linken stehend&#8221; bezeichnete und &#8220;Portugal als seine einzige Partei&#8221; beanspruchte, schien eine Zeit lang auf dem Weg zum Sieg zu sein. Doch seine politische Unerfahrenheit machte ihm schlie\u00dflich einen Strich durch die Rechnung \u2013 er erhielt lediglich 12,3\u00a0Prozent der Stimmen.<\/p>\n<p>Luis Marques Mendes, der von der PSD aufgestellt wurde, landete mit 11,3\u00a0Prozent der Stimmen nur auf dem f\u00fcnften Platz. Dies ist eines der drei wichtigsten Merkmale der Wahl: Der vom Premierminister Luis Montenegro unterst\u00fctzte Kandidat erlitt eine brutale Niederlage, wurde daher aus der zweiten Runde ausgeschlossen. Herr Montenegro f\u00fchrt derzeit die Regierung aus der PSD und einer noch weiter rechts stehenden Partei, der CDS.<\/p>\n<p>Technisch gesehen d\u00fcrfte die Zusammenarbeit zwischen dem neuen Pr\u00e4sidenten und dem Regierungschef (der \u00fcber die meisten Hebel verf\u00fcgt) kein Problem darstellen, da der Staatschef keine wesentlichen Befugnisse hat, auch wenn er formell den Premierminister ernennt und die Nationalversammlung aufl\u00f6sen kann. Politisch gesehen ist dies aber ein heftiger R\u00fcckschlag f\u00fcr die seit April 2024 regierende Rechte, deren Unbeliebtheit stetig zugenommen hat.<\/p>\n<p>Zweite Lehre aus der Wahl: Auch wenn die Wahlbeteiligung im ersten Wahlgang gegen\u00fcber 2021 um 12,8 Prozentpunkte gestiegen ist, bleibt sie mit 52,2\u00a0Prozent der registrierten W\u00e4hler besonders niedrig, obwohl ein knappes Ergebnis zu erwarten war.<\/p>\n<p>Dass fast jeder zweite W\u00e4hler den Wahlurnen fernblieb, l\u00e4sst sich zweifellos durch eine im ganzen Land verbreitete Erm\u00fcdung, Abneigung oder Wut erkl\u00e4ren. Die B\u00fcrger waren n\u00e4mlich aufgefordert worden, ihre Abgeordneten vorzeitig im M\u00e4rz 2024 und dann erneut im Mai 2025 neu zu w\u00e4hlen. Mehrere Korruptionsskandale und Interessenkonflikte hatten zu dieser Instabilit\u00e4t gef\u00fchrt.<\/p>\n<p>All dies kam nat\u00fcrlich Andr\u00e9 Ventura und seiner Partei Chega zugute, die ihren Durchbruch best\u00e4tigte \u2013 das ist das dritte Merkmal der Wahl. Bei ihrem ersten Wahlkampf im Jahr 2019 hatte diese &#8220;populistische&#8221; Partei nur 1,3\u00a0Prozent\u00a0der Stimmen erhalten. Im Jahr 2022 stieg sie auf 7,4 Prozent. Im Mai 2024 lag sie bei 18,9 Prozent. Bei den letzten Parlamentswahlen vor neun Monaten \u00fcberschritt sie schlie\u00dflich mit 23,7\u00a0Prozent die 20-Prozent-Marke.<\/p>\n<p>Herr Ventura kann sich also r\u00fchmen, seine Basis gefestigt zu haben, und ist nun die st\u00e4rkste Oppositionskraft vor der &#8220;klassischen&#8221; Rechten (die er aufgefordert hatte, ihn in der zweiten Runde zu unterst\u00fctzen; diese gab jedoch letztlich keine Wahlempfehlung ab).<\/p>\n<p>Seine Anti-Korruptions-Slogans erkl\u00e4ren nicht alles. Seine Kampagne f\u00fcr einen vollst\u00e4ndigen Stopp der Einwanderung fand wahrscheinlich Anklang in einem Land, in dem die PS, die von 2015 bis 2024 an der Macht war, auf Wunsch der Arbeitgeber ab 2019 das Land f\u00fcr ausl\u00e4ndische Arbeitskr\u00e4fte, insbesondere aus S\u00fcdasien, ge\u00f6ffnet hatte. Und das, obwohl Portugal historisch gesehen ein Auswanderungsland ist. Die Einwanderung beschr\u00e4nkte sich traditionell auf Staatsangeh\u00f6rige aus portugiesischsprachigen afrikanischen Staaten. Chega hat auch das Thema Unsicherheit in den Vordergrund gestellt.<\/p>\n<p>Die soziale Lage des Landes hat zweifellos eine wichtige Rolle im Hintergrund gespielt, auch wenn keiner der Kandidaten der drei linken Parteien mehr als 1\u00a0oder 2\u00a0Prozent der Stimmen auf sich vereinen konnte. Die Kommunistische Partei Portugals, eine der wenigen Gruppierungen, die in ihrem Wahlkampf die internationale Politik angesprochen hat, muss sich mit einem Ergebnis von 1,7\u00a0Prozent begn\u00fcgen.<\/p>\n<p>Dennoch konnten soziale Themen nicht aus den Wahlkampfdebatten ausgeklammert werden. Portugal leidet unter einer hohen Arbeitsprekarit\u00e4t, die in den 2010er Jahren durch die von der Troika (Europ\u00e4ische Union, EZB, IWF) auferlegten Ma\u00dfnahmen noch verst\u00e4rkt wurde.<\/p>\n<p>Es ist nach wie vor das westeurop\u00e4ische Land mit dem niedrigsten Lohnniveau; der Mindestlohn\u00a0liegt bei kaum \u00fcber 1.000 Euro brutto pro Monat. Das \u00f6ffentliche Gesundheitswesen wurde durch die Sparma\u00dfnahmen besonders stark beeintr\u00e4chtigt, sodass Herr Seguro versprechen musste, es zu seiner Priorit\u00e4t zu machen.<\/p>\n<p>Die Portugiesen leiden dar\u00fcber hinaus unter einer besonders akuten Wohnungskrise. In zehn Jahren sind die Mieten viermal so schnell gestiegen wie die L\u00f6hne. Die Wohnungssuche ist zu einem erheblichen Problem geworden, insbesondere in Lissabon.<\/p>\n<p>Schlie\u00dflich l\u00f6ste die Infragestellung des Arbeitsrechts durch eine drastische liberale Reform, die die Regierung im vergangenen Jahr auf den Weg gebracht hatte, am 11. Dezember einen Generalstreik aus.<\/p>\n<p>Es ist zweifelhaft,\u00a0ob die neue politische Konstellation nach den Pr\u00e4sidentschaftswahlen zu einem Kurswechsel f\u00fchren wird. Weder die rechtsgerichtete PSD-CDS-Regierung noch der neue Pr\u00e4sident aus der PS erw\u00e4hnen die Verantwortung der Europ\u00e4ischen Union f\u00fcr die Probleme des Landes. Und die Partei Chega, deren Europaabgeordnete derselben Fraktion angeh\u00f6ren wie die Freunde von Marine Le Pen, h\u00fctet sich davor, einen Austritt aus der EU anzuregen.<\/p>\n<p>Auch wenn viele Kommentatoren in Paris oder Berlin den &#8220;Aufstieg der extremen Rechten in einem der letzten L\u00e4nder, das davon verschont geblieben zu sein schien&#8221; beklagen, muss man doch feststellen, dass die europ\u00e4ische Integration eine der Ursachen f\u00fcr diesen Trend zu sein scheint: Fast \u00fcberall sehen sich die W\u00e4hler mit politischen Leitlinien konfrontiert, die von Br\u00fcssel vorgegeben und daher als die einzig m\u00f6glichen dargestellt werden.<\/p>\n<p>Mehr braucht es nicht, um \u00c4rger zu sch\u00fcren&#8230;<\/p>\n<p><strong>Mehr zum Thema<\/strong> &#8211;\u00a0<a rel=\"nofollow noopener\" target=\"_blank\" href=\"https:\/\/freedert.online\/kurzclips\/video\/266381-silvesternacht-unbekannte-feuern-mit-schusswaffen-in-wohnviertel-lissabon-um-sich\/\">Silvesternacht: Unbekannte feuern mit Schusswaffen in Wohnviertel von Lissabon um sich<\/a><\/p>\n<\/div>\n<p><br \/>\n<br \/><a href=\"https:\/\/de.rt.com\/europa\/269724-portugals-heimlicher-wahlsieger-33-prozent\/\">Source link <\/a><\/p>\n","protected":false},"excerpt":{"rendered":"<p>Der Vorsitzende der rechten Partei Chega (zu Deutsch: &#8220;Es reicht!&#8221;), Andr\u00e9 Ventura, konnte einen fulminaten W\u00e4hlerzuspruch f\u00fcr seine Ideen verzeichnen. Auch wenn er diesmal noch nicht als Sieger aus den Pr\u00e4sidentschaftswahlen hervorging, zeigt seine Partei den traditionellen Mitte-Links-Parteien angesichts der zahlreichen sozialen Probleme im Land klare Kante. Von Pierre Levy Die zweite Runde der Pr\u00e4sidentschaftswahlen [&hellip;]<\/p>\n","protected":false},"author":3,"featured_media":98657,"comment_status":"open","ping_status":"open","sticky":false,"template":"","format":"standard","meta":{"_yoast_indexnow_last_ping":["1770702050"],"wp_automatic_camp":["217"],"1d8378f846f0455031f0b52bc4410344":["Portugals heimlicher Wahlsieger: 33 Prozent der W\u00e4hler sagen &quot;Ja, es reicht!&quot;"],"original_link":["https:\/\/de.rt.com\/europa\/269724-portugals-heimlicher-wahlsieger-33-prozent\/"],"jnews_social_counter_last_update":["1777169807"],"_thumbnail_id":["98657"],"_wptgpro_p2tg_sent2tg":["a:1:{i:23737;s:19:\"2026-02-10 07:41:49\";}"]},"categories":[19,23],"tags":[82,32004,71131,1429,35029,71132,3278,13169,41596],"yoast_head":"<!-- This site is optimized with the Yoast SEO Premium plugin v22.7 (Yoast SEO v22.7) - https:\/\/yoast.com\/wordpress\/plugins\/seo\/ -->\n<title>Portugals heimlicher Wahlsieger: 33 Prozent der W\u00e4hler sagen &quot;Ja, es reicht!&quot; - just-now.NEWS Deutschland<\/title>\n<meta name=\"robots\" content=\"index, follow, max-snippet:-1, max-image-preview:large, max-video-preview:-1\" \/>\n<link rel=\"canonical\" href=\"https:\/\/now-news.de\/de\/deutschland\/portugals-heimlicher-wahlsieger-33-prozent-der-waehler-sagen-ja-es-reicht\/\" \/>\n<meta property=\"og:locale\" content=\"de_DE\" \/>\n<meta property=\"og:type\" content=\"article\" \/>\n<meta property=\"og:title\" content=\"Portugals heimlicher Wahlsieger: 33 Prozent der W\u00e4hler sagen &quot;Ja, es reicht!&quot;\" \/>\n<meta property=\"og:description\" content=\"Der Vorsitzende der rechten Partei Chega (zu Deutsch: &#8220;Es reicht!&#8221;), Andr\u00e9 Ventura, konnte einen fulminaten W\u00e4hlerzuspruch f\u00fcr seine Ideen verzeichnen. Auch wenn er diesmal noch nicht als Sieger aus den Pr\u00e4sidentschaftswahlen hervorging, zeigt seine Partei den traditionellen Mitte-Links-Parteien angesichts der zahlreichen sozialen Probleme im Land klare Kante. Von Pierre Levy Die zweite Runde der Pr\u00e4sidentschaftswahlen [&hellip;]\" \/>\n<meta property=\"og:url\" content=\"https:\/\/now-news.de\/de\/deutschland\/portugals-heimlicher-wahlsieger-33-prozent-der-waehler-sagen-ja-es-reicht\/\" \/>\n<meta property=\"og:site_name\" content=\"just-now.NEWS Deutschland\" \/>\n<meta property=\"article:publisher\" content=\"https:\/\/www.facebook.com\/wirmachenauf\" \/>\n<meta property=\"article:published_time\" content=\"2026-02-10T05:30:00+00:00\" \/>\n<meta property=\"og:image\" content=\"https:\/\/now-news.de\/de\/wp-content\/uploads\/sites\/3\/2026\/02\/698a197b48fbef2bac42a5ec.jpg\" \/>\n<meta name=\"author\" content=\"rtnews\" \/>\n<meta name=\"twitter:card\" content=\"summary_large_image\" \/>\n<meta name=\"twitter:creator\" content=\"@WirMachenAuf_de\" \/>\n<meta name=\"twitter:site\" content=\"@WirMachenAuf_de\" \/>\n<meta name=\"twitter:label1\" content=\"Verfasst von\" \/>\n\t<meta name=\"twitter:data1\" content=\"rtnews\" \/>\n\t<meta name=\"twitter:label2\" content=\"Gesch\u00e4tzte Lesezeit\" \/>\n\t<meta name=\"twitter:data2\" content=\"6\u00a0Minuten\" \/>\n<script type=\"application\/ld+json\" class=\"yoast-schema-graph\">{\"@context\":\"https:\/\/schema.org\",\"@graph\":[{\"@type\":\"Article\",\"@id\":\"https:\/\/now-news.de\/de\/deutschland\/portugals-heimlicher-wahlsieger-33-prozent-der-waehler-sagen-ja-es-reicht\/#article\",\"isPartOf\":{\"@id\":\"https:\/\/now-news.de\/de\/deutschland\/portugals-heimlicher-wahlsieger-33-prozent-der-waehler-sagen-ja-es-reicht\/\"},\"author\":{\"name\":\"rtnews\",\"@id\":\"https:\/\/now-news.de\/de\/#\/schema\/person\/fb534a4e865501d8b3285208df34a9b5\"},\"headline\":\"Portugals heimlicher Wahlsieger: 33 Prozent der W\u00e4hler sagen &quot;Ja, es reicht!&quot;\",\"datePublished\":\"2026-02-10T05:30:00+00:00\",\"dateModified\":\"2026-02-10T05:30:00+00:00\",\"mainEntityOfPage\":{\"@id\":\"https:\/\/now-news.de\/de\/deutschland\/portugals-heimlicher-wahlsieger-33-prozent-der-waehler-sagen-ja-es-reicht\/\"},\"wordCount\":1278,\"commentCount\":0,\"publisher\":{\"@id\":\"https:\/\/now-news.de\/de\/#organization\"},\"image\":{\"@id\":\"https:\/\/now-news.de\/de\/deutschland\/portugals-heimlicher-wahlsieger-33-prozent-der-waehler-sagen-ja-es-reicht\/#primaryimage\"},\"thumbnailUrl\":\"https:\/\/now-news.de\/de\/wp-content\/uploads\/sites\/3\/2026\/02\/Portugals-heimlicher-Wahlsieger-33-Prozent-der-Waehler-sagen-quotJa-es.jpg\",\"keywords\":[\"der\",\"heimlicher\",\"Portugals\",\"Prozent\",\"quotJa\",\"reichtquot\",\"sagen\",\"W\u00e4hler\",\"Wahlsieger\"],\"articleSection\":[\"Deutschland\",\"Russland\"],\"inLanguage\":\"de\",\"potentialAction\":[{\"@type\":\"CommentAction\",\"name\":\"Comment\",\"target\":[\"https:\/\/now-news.de\/de\/deutschland\/portugals-heimlicher-wahlsieger-33-prozent-der-waehler-sagen-ja-es-reicht\/#respond\"]}]},{\"@type\":\"WebPage\",\"@id\":\"https:\/\/now-news.de\/de\/deutschland\/portugals-heimlicher-wahlsieger-33-prozent-der-waehler-sagen-ja-es-reicht\/\",\"url\":\"https:\/\/now-news.de\/de\/deutschland\/portugals-heimlicher-wahlsieger-33-prozent-der-waehler-sagen-ja-es-reicht\/\",\"name\":\"Portugals heimlicher Wahlsieger: 33 Prozent der W\u00e4hler sagen &quot;Ja, es reicht!&quot; - just-now.NEWS Deutschland\",\"isPartOf\":{\"@id\":\"https:\/\/now-news.de\/de\/#website\"},\"primaryImageOfPage\":{\"@id\":\"https:\/\/now-news.de\/de\/deutschland\/portugals-heimlicher-wahlsieger-33-prozent-der-waehler-sagen-ja-es-reicht\/#primaryimage\"},\"image\":{\"@id\":\"https:\/\/now-news.de\/de\/deutschland\/portugals-heimlicher-wahlsieger-33-prozent-der-waehler-sagen-ja-es-reicht\/#primaryimage\"},\"thumbnailUrl\":\"https:\/\/now-news.de\/de\/wp-content\/uploads\/sites\/3\/2026\/02\/Portugals-heimlicher-Wahlsieger-33-Prozent-der-Waehler-sagen-quotJa-es.jpg\",\"datePublished\":\"2026-02-10T05:30:00+00:00\",\"dateModified\":\"2026-02-10T05:30:00+00:00\",\"breadcrumb\":{\"@id\":\"https:\/\/now-news.de\/de\/deutschland\/portugals-heimlicher-wahlsieger-33-prozent-der-waehler-sagen-ja-es-reicht\/#breadcrumb\"},\"inLanguage\":\"de\",\"potentialAction\":[{\"@type\":\"ReadAction\",\"target\":[\"https:\/\/now-news.de\/de\/deutschland\/portugals-heimlicher-wahlsieger-33-prozent-der-waehler-sagen-ja-es-reicht\/\"]}]},{\"@type\":\"ImageObject\",\"inLanguage\":\"de\",\"@id\":\"https:\/\/now-news.de\/de\/deutschland\/portugals-heimlicher-wahlsieger-33-prozent-der-waehler-sagen-ja-es-reicht\/#primaryimage\",\"url\":\"https:\/\/now-news.de\/de\/wp-content\/uploads\/sites\/3\/2026\/02\/Portugals-heimlicher-Wahlsieger-33-Prozent-der-Waehler-sagen-quotJa-es.jpg\",\"contentUrl\":\"https:\/\/now-news.de\/de\/wp-content\/uploads\/sites\/3\/2026\/02\/Portugals-heimlicher-Wahlsieger-33-Prozent-der-Waehler-sagen-quotJa-es.jpg\",\"width\":460,\"height\":259,\"caption\":\"Portugals heimlicher Wahlsieger: 33 Prozent der W\u00e4hler sagen &quot;Ja, es reicht!&quot;\"},{\"@type\":\"BreadcrumbList\",\"@id\":\"https:\/\/now-news.de\/de\/deutschland\/portugals-heimlicher-wahlsieger-33-prozent-der-waehler-sagen-ja-es-reicht\/#breadcrumb\",\"itemListElement\":[{\"@type\":\"ListItem\",\"position\":1,\"name\":\"Home\",\"item\":\"https:\/\/now-news.de\/de\/\"},{\"@type\":\"ListItem\",\"position\":2,\"name\":\"Portugals heimlicher Wahlsieger: 33 Prozent der W\u00e4hler sagen &quot;Ja, es reicht!&quot;\"}]},{\"@type\":\"WebSite\",\"@id\":\"https:\/\/now-news.de\/de\/#website\",\"url\":\"https:\/\/now-news.de\/de\/\",\"name\":\"just-now.NEWS Deutschland\",\"description\":\"Das Portal f\u00fcr unzensierte Nachrichten aus der Welt\",\"publisher\":{\"@id\":\"https:\/\/now-news.de\/de\/#organization\"},\"potentialAction\":[{\"@type\":\"SearchAction\",\"target\":{\"@type\":\"EntryPoint\",\"urlTemplate\":\"https:\/\/now-news.de\/de\/?s={search_term_string}\"},\"query-input\":\"required name=search_term_string\"}],\"inLanguage\":\"de\"},{\"@type\":\"Organization\",\"@id\":\"https:\/\/now-news.de\/de\/#organization\",\"name\":\"Just Now News\",\"url\":\"https:\/\/now-news.de\/de\/\",\"logo\":{\"@type\":\"ImageObject\",\"inLanguage\":\"de\",\"@id\":\"https:\/\/now-news.de\/de\/#\/schema\/logo\/image\/\",\"url\":\"http:\/\/just-now.news\/de\/wp-content\/uploads\/sites\/3\/2022\/04\/logo500x500.jpg\",\"contentUrl\":\"http:\/\/just-now.news\/de\/wp-content\/uploads\/sites\/3\/2022\/04\/logo500x500.jpg\",\"width\":500,\"height\":500,\"caption\":\"Just Now News\"},\"image\":{\"@id\":\"https:\/\/now-news.de\/de\/#\/schema\/logo\/image\/\"},\"sameAs\":[\"https:\/\/www.facebook.com\/wirmachenauf\",\"https:\/\/x.com\/WirMachenAuf_de\"]},{\"@type\":\"Person\",\"@id\":\"https:\/\/now-news.de\/de\/#\/schema\/person\/fb534a4e865501d8b3285208df34a9b5\",\"name\":\"rtnews\",\"image\":{\"@type\":\"ImageObject\",\"inLanguage\":\"de\",\"@id\":\"https:\/\/now-news.de\/de\/#\/schema\/person\/image\/\",\"url\":\"https:\/\/secure.gravatar.com\/avatar\/82aafea7d8127119dd649515f56e2117?s=96&d=mm&r=g\",\"contentUrl\":\"https:\/\/secure.gravatar.com\/avatar\/82aafea7d8127119dd649515f56e2117?s=96&d=mm&r=g\",\"caption\":\"rtnews\"},\"url\":\"https:\/\/now-news.de\/de\/author\/rnews\/\"}]}<\/script>\n<!-- \/ Yoast SEO Premium plugin. -->","yoast_head_json":{"title":"Portugals heimlicher Wahlsieger: 33 Prozent der W\u00e4hler sagen &quot;Ja, es reicht!&quot; - just-now.NEWS Deutschland","robots":{"index":"index","follow":"follow","max-snippet":"max-snippet:-1","max-image-preview":"max-image-preview:large","max-video-preview":"max-video-preview:-1"},"canonical":"https:\/\/now-news.de\/de\/deutschland\/portugals-heimlicher-wahlsieger-33-prozent-der-waehler-sagen-ja-es-reicht\/","og_locale":"de_DE","og_type":"article","og_title":"Portugals heimlicher Wahlsieger: 33 Prozent der W\u00e4hler sagen &quot;Ja, es reicht!&quot;","og_description":"Der Vorsitzende der rechten Partei Chega (zu Deutsch: &#8220;Es reicht!&#8221;), Andr\u00e9 Ventura, konnte einen fulminaten W\u00e4hlerzuspruch f\u00fcr seine Ideen verzeichnen. Auch wenn er diesmal noch nicht als Sieger aus den Pr\u00e4sidentschaftswahlen hervorging, zeigt seine Partei den traditionellen Mitte-Links-Parteien angesichts der zahlreichen sozialen Probleme im Land klare Kante. Von Pierre Levy Die zweite Runde der Pr\u00e4sidentschaftswahlen [&hellip;]","og_url":"https:\/\/now-news.de\/de\/deutschland\/portugals-heimlicher-wahlsieger-33-prozent-der-waehler-sagen-ja-es-reicht\/","og_site_name":"just-now.NEWS Deutschland","article_publisher":"https:\/\/www.facebook.com\/wirmachenauf","article_published_time":"2026-02-10T05:30:00+00:00","og_image":[{"url":"https:\/\/now-news.de\/de\/wp-content\/uploads\/sites\/3\/2026\/02\/698a197b48fbef2bac42a5ec.jpg"}],"author":"rtnews","twitter_card":"summary_large_image","twitter_creator":"@WirMachenAuf_de","twitter_site":"@WirMachenAuf_de","twitter_misc":{"Verfasst von":"rtnews","Gesch\u00e4tzte Lesezeit":"6\u00a0Minuten"},"schema":{"@context":"https:\/\/schema.org","@graph":[{"@type":"Article","@id":"https:\/\/now-news.de\/de\/deutschland\/portugals-heimlicher-wahlsieger-33-prozent-der-waehler-sagen-ja-es-reicht\/#article","isPartOf":{"@id":"https:\/\/now-news.de\/de\/deutschland\/portugals-heimlicher-wahlsieger-33-prozent-der-waehler-sagen-ja-es-reicht\/"},"author":{"name":"rtnews","@id":"https:\/\/now-news.de\/de\/#\/schema\/person\/fb534a4e865501d8b3285208df34a9b5"},"headline":"Portugals heimlicher Wahlsieger: 33 Prozent der W\u00e4hler sagen &quot;Ja, es reicht!&quot;","datePublished":"2026-02-10T05:30:00+00:00","dateModified":"2026-02-10T05:30:00+00:00","mainEntityOfPage":{"@id":"https:\/\/now-news.de\/de\/deutschland\/portugals-heimlicher-wahlsieger-33-prozent-der-waehler-sagen-ja-es-reicht\/"},"wordCount":1278,"commentCount":0,"publisher":{"@id":"https:\/\/now-news.de\/de\/#organization"},"image":{"@id":"https:\/\/now-news.de\/de\/deutschland\/portugals-heimlicher-wahlsieger-33-prozent-der-waehler-sagen-ja-es-reicht\/#primaryimage"},"thumbnailUrl":"https:\/\/now-news.de\/de\/wp-content\/uploads\/sites\/3\/2026\/02\/Portugals-heimlicher-Wahlsieger-33-Prozent-der-Waehler-sagen-quotJa-es.jpg","keywords":["der","heimlicher","Portugals","Prozent","quotJa","reichtquot","sagen","W\u00e4hler","Wahlsieger"],"articleSection":["Deutschland","Russland"],"inLanguage":"de","potentialAction":[{"@type":"CommentAction","name":"Comment","target":["https:\/\/now-news.de\/de\/deutschland\/portugals-heimlicher-wahlsieger-33-prozent-der-waehler-sagen-ja-es-reicht\/#respond"]}]},{"@type":"WebPage","@id":"https:\/\/now-news.de\/de\/deutschland\/portugals-heimlicher-wahlsieger-33-prozent-der-waehler-sagen-ja-es-reicht\/","url":"https:\/\/now-news.de\/de\/deutschland\/portugals-heimlicher-wahlsieger-33-prozent-der-waehler-sagen-ja-es-reicht\/","name":"Portugals heimlicher Wahlsieger: 33 Prozent der W\u00e4hler sagen &quot;Ja, es reicht!&quot; - just-now.NEWS Deutschland","isPartOf":{"@id":"https:\/\/now-news.de\/de\/#website"},"primaryImageOfPage":{"@id":"https:\/\/now-news.de\/de\/deutschland\/portugals-heimlicher-wahlsieger-33-prozent-der-waehler-sagen-ja-es-reicht\/#primaryimage"},"image":{"@id":"https:\/\/now-news.de\/de\/deutschland\/portugals-heimlicher-wahlsieger-33-prozent-der-waehler-sagen-ja-es-reicht\/#primaryimage"},"thumbnailUrl":"https:\/\/now-news.de\/de\/wp-content\/uploads\/sites\/3\/2026\/02\/Portugals-heimlicher-Wahlsieger-33-Prozent-der-Waehler-sagen-quotJa-es.jpg","datePublished":"2026-02-10T05:30:00+00:00","dateModified":"2026-02-10T05:30:00+00:00","breadcrumb":{"@id":"https:\/\/now-news.de\/de\/deutschland\/portugals-heimlicher-wahlsieger-33-prozent-der-waehler-sagen-ja-es-reicht\/#breadcrumb"},"inLanguage":"de","potentialAction":[{"@type":"ReadAction","target":["https:\/\/now-news.de\/de\/deutschland\/portugals-heimlicher-wahlsieger-33-prozent-der-waehler-sagen-ja-es-reicht\/"]}]},{"@type":"ImageObject","inLanguage":"de","@id":"https:\/\/now-news.de\/de\/deutschland\/portugals-heimlicher-wahlsieger-33-prozent-der-waehler-sagen-ja-es-reicht\/#primaryimage","url":"https:\/\/now-news.de\/de\/wp-content\/uploads\/sites\/3\/2026\/02\/Portugals-heimlicher-Wahlsieger-33-Prozent-der-Waehler-sagen-quotJa-es.jpg","contentUrl":"https:\/\/now-news.de\/de\/wp-content\/uploads\/sites\/3\/2026\/02\/Portugals-heimlicher-Wahlsieger-33-Prozent-der-Waehler-sagen-quotJa-es.jpg","width":460,"height":259,"caption":"Portugals heimlicher Wahlsieger: 33 Prozent der W\u00e4hler sagen &quot;Ja, es reicht!&quot;"},{"@type":"BreadcrumbList","@id":"https:\/\/now-news.de\/de\/deutschland\/portugals-heimlicher-wahlsieger-33-prozent-der-waehler-sagen-ja-es-reicht\/#breadcrumb","itemListElement":[{"@type":"ListItem","position":1,"name":"Home","item":"https:\/\/now-news.de\/de\/"},{"@type":"ListItem","position":2,"name":"Portugals heimlicher Wahlsieger: 33 Prozent der W\u00e4hler sagen &quot;Ja, es reicht!&quot;"}]},{"@type":"WebSite","@id":"https:\/\/now-news.de\/de\/#website","url":"https:\/\/now-news.de\/de\/","name":"just-now.NEWS Deutschland","description":"Das Portal f\u00fcr unzensierte Nachrichten aus der Welt","publisher":{"@id":"https:\/\/now-news.de\/de\/#organization"},"potentialAction":[{"@type":"SearchAction","target":{"@type":"EntryPoint","urlTemplate":"https:\/\/now-news.de\/de\/?s={search_term_string}"},"query-input":"required name=search_term_string"}],"inLanguage":"de"},{"@type":"Organization","@id":"https:\/\/now-news.de\/de\/#organization","name":"Just Now News","url":"https:\/\/now-news.de\/de\/","logo":{"@type":"ImageObject","inLanguage":"de","@id":"https:\/\/now-news.de\/de\/#\/schema\/logo\/image\/","url":"http:\/\/just-now.news\/de\/wp-content\/uploads\/sites\/3\/2022\/04\/logo500x500.jpg","contentUrl":"http:\/\/just-now.news\/de\/wp-content\/uploads\/sites\/3\/2022\/04\/logo500x500.jpg","width":500,"height":500,"caption":"Just Now News"},"image":{"@id":"https:\/\/now-news.de\/de\/#\/schema\/logo\/image\/"},"sameAs":["https:\/\/www.facebook.com\/wirmachenauf","https:\/\/x.com\/WirMachenAuf_de"]},{"@type":"Person","@id":"https:\/\/now-news.de\/de\/#\/schema\/person\/fb534a4e865501d8b3285208df34a9b5","name":"rtnews","image":{"@type":"ImageObject","inLanguage":"de","@id":"https:\/\/now-news.de\/de\/#\/schema\/person\/image\/","url":"https:\/\/secure.gravatar.com\/avatar\/82aafea7d8127119dd649515f56e2117?s=96&d=mm&r=g","contentUrl":"https:\/\/secure.gravatar.com\/avatar\/82aafea7d8127119dd649515f56e2117?s=96&d=mm&r=g","caption":"rtnews"},"url":"https:\/\/now-news.de\/de\/author\/rnews\/"}]}},"_links":{"self":[{"href":"https:\/\/now-news.de\/de\/wp-json\/wp\/v2\/posts\/98656"}],"collection":[{"href":"https:\/\/now-news.de\/de\/wp-json\/wp\/v2\/posts"}],"about":[{"href":"https:\/\/now-news.de\/de\/wp-json\/wp\/v2\/types\/post"}],"author":[{"embeddable":true,"href":"https:\/\/now-news.de\/de\/wp-json\/wp\/v2\/users\/3"}],"replies":[{"embeddable":true,"href":"https:\/\/now-news.de\/de\/wp-json\/wp\/v2\/comments?post=98656"}],"version-history":[{"count":0,"href":"https:\/\/now-news.de\/de\/wp-json\/wp\/v2\/posts\/98656\/revisions"}],"wp:featuredmedia":[{"embeddable":true,"href":"https:\/\/now-news.de\/de\/wp-json\/wp\/v2\/media\/98657"}],"wp:attachment":[{"href":"https:\/\/now-news.de\/de\/wp-json\/wp\/v2\/media?parent=98656"}],"wp:term":[{"taxonomy":"category","embeddable":true,"href":"https:\/\/now-news.de\/de\/wp-json\/wp\/v2\/categories?post=98656"},{"taxonomy":"post_tag","embeddable":true,"href":"https:\/\/now-news.de\/de\/wp-json\/wp\/v2\/tags?post=98656"}],"curies":[{"name":"wp","href":"https:\/\/api.w.org\/{rel}","templated":true}]}}