{"id":98642,"date":"2026-02-09T22:01:01","date_gmt":"2026-02-09T20:01:01","guid":{"rendered":"https:\/\/now-news.de\/de\/deutschland\/kuba-behoerden-warnen-fluggesellschaften-vor-mangel-an-treibstoff\/"},"modified":"2026-02-09T22:01:01","modified_gmt":"2026-02-09T20:01:01","slug":"kuba-behoerden-warnen-fluggesellschaften-vor-mangel-an-treibstoff","status":"publish","type":"post","link":"https:\/\/now-news.de\/de\/deutschland\/kuba-behoerden-warnen-fluggesellschaften-vor-mangel-an-treibstoff\/","title":{"rendered":"Kuba: Beh\u00f6rden warnen Fluggesellschaften vor Mangel an Treibstoff"},"content":{"rendered":"<p><img decoding=\"async\" src=\"https:\/\/now-news.de\/de\/wp-content\/uploads\/sites\/3\/2026\/02\/6989eb2848fbef2bdf00232d.jpg\" \/><\/p>\n<div class=\"Text-root Text-type_1 \">\n                Kubanische Beh\u00f6rden warnen die internationalen Fluggesellschaften, dass das Auftanken auf den Flugh\u00e4fen der Inselrepublik f\u00fcr den n\u00e4chsten Monat nicht verf\u00fcgbar sein wird. Die Energiekrise auf der Insel verschlimmert sich wegen verst\u00e4rktem Druck der USA.\n            <\/div>\n<p><\/p>\n<div class=\"Text-root Text-type_5 ArticleView-text ViewText-root \">\n<p>Die Regierung von Kuba hat die auf der Insel operierenden internationalen Fluggesellschaften gewarnt, dass dem Land aufgrund der US-\u00d6lblockade ab diesem Montag der Flugtreibstoff ausgehen wird. Wie die Nachrichtenagentur\u00a0<em>EFE<\/em>\u00a0unter Berufung auf die offizielle Mitteilung berichtete, betreffe der Kerosinmangel alle internationalen Flugh\u00e4fen Kubas. Vom 10. Februar bis zum 11. M\u00e4rz wird das Auftanken mit dem Flugzeugtreibstoff Jet A-1 auf neun internationalen Flugh\u00e4fen, einschlie\u00dflich der Hauptstadt Havanna, nicht verf\u00fcgbar sein.<\/p>\n<p>Bislang haben die Fluggesellschaften, haupts\u00e4chlich US-amerikanische, spanische, panamaische und mexikanische, die in Kuba t\u00e4tig sind, noch nicht bekannt gegeben, wie sie unter diesen Umst\u00e4nden agieren w\u00fcrden. Die\u00a0<em>EFE<\/em>\u00a0erinnerte daran, dass die Airlines bei \u00e4hnlichen Situationen in der Vergangenheit ihre Abflugrouten ge\u00e4ndert und zus\u00e4tzliche Tankstopps in Drittl\u00e4ndern gemacht hatten.<\/p>\n<p>Kuba st\u00f6\u00dft auf die Treibstoffknappheit vor dem Hintergrund der Energiekrise, die sich in der vergangenen Woche wegen der US-Politik versch\u00e4rft hat. Ende Januar drohte US-Pr\u00e4sident Donald Trump mit zus\u00e4tzlichen Z\u00f6llen auf Waren aus L\u00e4ndern, die \u00d6l nach Kuba liefern. Er argumentierte dabei, dass Havanna eine Bedrohung f\u00fcr die nationale Sicherheit der USA darstelle. Auch wegen des Stopps der \u00d6llieferungen aus Venezuela st\u00fcnde Kuba kurz vor dem Zusammenbruch.<\/p>\n<p>Russland er\u00f6rtert mit den kubanischen Beh\u00f6rden potenzielle Hilfe als Reaktion auf den Druck der USA, erkl\u00e4rte am Montag Kremlsprecher Dmitri Peskow.\u00a0<em>TASS<\/em>\u00a0zitierte den Beamten:<\/p>\n<blockquote>\n<p><em>&#8220;Tats\u00e4chlich bereiten, sagen wir, W\u00fcrgegriffe der USA dem Land viele Schwierigkeiten. Wir er\u00f6rtern mit unseren kubanischen Freunden m\u00f6gliche L\u00f6sungen f\u00fcr diese Probleme oder zumindest die Bereitstellung zumutbarer Hilfe.&#8221;<\/em><\/p>\n<\/blockquote>\n<p><strong>Mehr zum Thema<\/strong> \u2013 <a rel=\"nofollow noopener\" target=\"_blank\" href=\"https:\/\/freedert.online\/meinung\/268899-kuba-respektlose-bedrohung\/\">Kuba, die respektlose &#8220;Bedrohung&#8221;<\/a><\/p>\n<div class=\"EmbedBlock-root EmbedBlock-externalVideo EmbedBlock-rumble\">\n<div class=\"VkEmbed\"><iframe class=\"lazyload\" data-src=\"https:\/\/rumble.com\/embed\/v72ynqw\" frameborder=\"0\" width=\"853\" height=\"480\" allowfullscreen><\/iframe><\/div>\n<\/div>\n<\/div>\n<p><br \/>\n<br \/><a href=\"https:\/\/de.rt.com\/international\/269732-energiekrise-auf-kuba-behoerden-warnen\/\">Source link <\/a><\/p>\n","protected":false},"excerpt":{"rendered":"<p>Kubanische Beh\u00f6rden warnen die internationalen Fluggesellschaften, dass das Auftanken auf den Flugh\u00e4fen der Inselrepublik f\u00fcr den n\u00e4chsten Monat nicht verf\u00fcgbar sein wird. Die Energiekrise auf der Insel verschlimmert sich wegen verst\u00e4rktem Druck der USA. Die Regierung von Kuba hat die auf der Insel operierenden internationalen Fluggesellschaften gewarnt, dass dem Land aufgrund der US-\u00d6lblockade ab diesem [&hellip;]<\/p>\n","protected":false},"author":3,"featured_media":98643,"comment_status":"open","ping_status":"open","sticky":false,"template":"","format":"standard","meta":{"_yoast_indexnow_last_ping":["1770667370"],"wp_automatic_camp":["217"],"4aaa78222c02d9a1f9ee4bb894737999":["Kuba: Beh\u00f6rden warnen Fluggesellschaften vor Mangel an Treibstoff"],"original_link":["https:\/\/de.rt.com\/international\/269732-energiekrise-auf-kuba-behoerden-warnen\/"],"_thumbnail_id":["98643"],"jnews_social_counter_last_update":["1777797596"],"_wptgpro_p2tg_sent2tg":["a:1:{i:23737;s:19:\"2026-02-09 22:03:50\";}"]},"categories":[19,23],"tags":[3244,57830,6958,531,22658,320,1738],"yoast_head":"<!-- This site is optimized with the Yoast SEO Premium plugin v22.7 (Yoast SEO v22.7) - https:\/\/yoast.com\/wordpress\/plugins\/seo\/ -->\n<title>Kuba: Beh\u00f6rden warnen Fluggesellschaften vor Mangel an Treibstoff - just-now.NEWS Deutschland<\/title>\n<meta name=\"robots\" content=\"index, follow, max-snippet:-1, max-image-preview:large, max-video-preview:-1\" \/>\n<link rel=\"canonical\" href=\"https:\/\/now-news.de\/de\/deutschland\/kuba-behoerden-warnen-fluggesellschaften-vor-mangel-an-treibstoff\/\" \/>\n<meta property=\"og:locale\" content=\"de_DE\" \/>\n<meta property=\"og:type\" content=\"article\" \/>\n<meta property=\"og:title\" content=\"Kuba: Beh\u00f6rden warnen Fluggesellschaften vor Mangel an Treibstoff\" \/>\n<meta property=\"og:description\" content=\"Kubanische Beh\u00f6rden warnen die internationalen Fluggesellschaften, dass das Auftanken auf den Flugh\u00e4fen der Inselrepublik f\u00fcr den n\u00e4chsten Monat nicht verf\u00fcgbar sein wird. Die Energiekrise auf der Insel verschlimmert sich wegen verst\u00e4rktem Druck der USA. Die Regierung von Kuba hat die auf der Insel operierenden internationalen Fluggesellschaften gewarnt, dass dem Land aufgrund der US-\u00d6lblockade ab diesem [&hellip;]\" \/>\n<meta property=\"og:url\" content=\"https:\/\/now-news.de\/de\/deutschland\/kuba-behoerden-warnen-fluggesellschaften-vor-mangel-an-treibstoff\/\" \/>\n<meta property=\"og:site_name\" content=\"just-now.NEWS Deutschland\" \/>\n<meta property=\"article:publisher\" content=\"https:\/\/www.facebook.com\/wirmachenauf\" \/>\n<meta property=\"article:published_time\" content=\"2026-02-09T20:01:01+00:00\" \/>\n<meta property=\"og:image\" content=\"https:\/\/now-news.de\/de\/wp-content\/uploads\/sites\/3\/2026\/02\/6989eb2848fbef2bdf00232d.jpg\" \/>\n<meta name=\"author\" content=\"rtnews\" \/>\n<meta name=\"twitter:card\" content=\"summary_large_image\" \/>\n<meta name=\"twitter:creator\" content=\"@WirMachenAuf_de\" \/>\n<meta name=\"twitter:site\" content=\"@WirMachenAuf_de\" \/>\n<meta name=\"twitter:label1\" content=\"Verfasst von\" \/>\n\t<meta name=\"twitter:data1\" content=\"rtnews\" \/>\n\t<meta name=\"twitter:label2\" content=\"Gesch\u00e4tzte Lesezeit\" \/>\n\t<meta name=\"twitter:data2\" content=\"2\u00a0Minuten\" \/>\n<script type=\"application\/ld+json\" class=\"yoast-schema-graph\">{\"@context\":\"https:\/\/schema.org\",\"@graph\":[{\"@type\":\"Article\",\"@id\":\"https:\/\/now-news.de\/de\/deutschland\/kuba-behoerden-warnen-fluggesellschaften-vor-mangel-an-treibstoff\/#article\",\"isPartOf\":{\"@id\":\"https:\/\/now-news.de\/de\/deutschland\/kuba-behoerden-warnen-fluggesellschaften-vor-mangel-an-treibstoff\/\"},\"author\":{\"name\":\"rtnews\",\"@id\":\"https:\/\/now-news.de\/de\/#\/schema\/person\/fb534a4e865501d8b3285208df34a9b5\"},\"headline\":\"Kuba: Beh\u00f6rden warnen Fluggesellschaften vor Mangel an Treibstoff\",\"datePublished\":\"2026-02-09T20:01:01+00:00\",\"dateModified\":\"2026-02-09T20:01:01+00:00\",\"mainEntityOfPage\":{\"@id\":\"https:\/\/now-news.de\/de\/deutschland\/kuba-behoerden-warnen-fluggesellschaften-vor-mangel-an-treibstoff\/\"},\"wordCount\":326,\"commentCount\":0,\"publisher\":{\"@id\":\"https:\/\/now-news.de\/de\/#organization\"},\"image\":{\"@id\":\"https:\/\/now-news.de\/de\/deutschland\/kuba-behoerden-warnen-fluggesellschaften-vor-mangel-an-treibstoff\/#primaryimage\"},\"thumbnailUrl\":\"https:\/\/now-news.de\/de\/wp-content\/uploads\/sites\/3\/2026\/02\/Kuba-Behoerden-warnen-Fluggesellschaften-vor-Mangel-an-Treibstoff.jpg\",\"keywords\":[\"Beh\u00f6rden\",\"Fluggesellschaften\",\"Kuba\",\"Mangel\",\"Treibstoff\",\"vor\",\"warnen\"],\"articleSection\":[\"Deutschland\",\"Russland\"],\"inLanguage\":\"de\",\"potentialAction\":[{\"@type\":\"CommentAction\",\"name\":\"Comment\",\"target\":[\"https:\/\/now-news.de\/de\/deutschland\/kuba-behoerden-warnen-fluggesellschaften-vor-mangel-an-treibstoff\/#respond\"]}]},{\"@type\":\"WebPage\",\"@id\":\"https:\/\/now-news.de\/de\/deutschland\/kuba-behoerden-warnen-fluggesellschaften-vor-mangel-an-treibstoff\/\",\"url\":\"https:\/\/now-news.de\/de\/deutschland\/kuba-behoerden-warnen-fluggesellschaften-vor-mangel-an-treibstoff\/\",\"name\":\"Kuba: Beh\u00f6rden warnen Fluggesellschaften vor Mangel an Treibstoff - just-now.NEWS Deutschland\",\"isPartOf\":{\"@id\":\"https:\/\/now-news.de\/de\/#website\"},\"primaryImageOfPage\":{\"@id\":\"https:\/\/now-news.de\/de\/deutschland\/kuba-behoerden-warnen-fluggesellschaften-vor-mangel-an-treibstoff\/#primaryimage\"},\"image\":{\"@id\":\"https:\/\/now-news.de\/de\/deutschland\/kuba-behoerden-warnen-fluggesellschaften-vor-mangel-an-treibstoff\/#primaryimage\"},\"thumbnailUrl\":\"https:\/\/now-news.de\/de\/wp-content\/uploads\/sites\/3\/2026\/02\/Kuba-Behoerden-warnen-Fluggesellschaften-vor-Mangel-an-Treibstoff.jpg\",\"datePublished\":\"2026-02-09T20:01:01+00:00\",\"dateModified\":\"2026-02-09T20:01:01+00:00\",\"breadcrumb\":{\"@id\":\"https:\/\/now-news.de\/de\/deutschland\/kuba-behoerden-warnen-fluggesellschaften-vor-mangel-an-treibstoff\/#breadcrumb\"},\"inLanguage\":\"de\",\"potentialAction\":[{\"@type\":\"ReadAction\",\"target\":[\"https:\/\/now-news.de\/de\/deutschland\/kuba-behoerden-warnen-fluggesellschaften-vor-mangel-an-treibstoff\/\"]}]},{\"@type\":\"ImageObject\",\"inLanguage\":\"de\",\"@id\":\"https:\/\/now-news.de\/de\/deutschland\/kuba-behoerden-warnen-fluggesellschaften-vor-mangel-an-treibstoff\/#primaryimage\",\"url\":\"https:\/\/now-news.de\/de\/wp-content\/uploads\/sites\/3\/2026\/02\/Kuba-Behoerden-warnen-Fluggesellschaften-vor-Mangel-an-Treibstoff.jpg\",\"contentUrl\":\"https:\/\/now-news.de\/de\/wp-content\/uploads\/sites\/3\/2026\/02\/Kuba-Behoerden-warnen-Fluggesellschaften-vor-Mangel-an-Treibstoff.jpg\",\"width\":460,\"height\":259,\"caption\":\"Kuba: Beh\u00f6rden warnen Fluggesellschaften vor Mangel an Treibstoff\"},{\"@type\":\"BreadcrumbList\",\"@id\":\"https:\/\/now-news.de\/de\/deutschland\/kuba-behoerden-warnen-fluggesellschaften-vor-mangel-an-treibstoff\/#breadcrumb\",\"itemListElement\":[{\"@type\":\"ListItem\",\"position\":1,\"name\":\"Home\",\"item\":\"https:\/\/now-news.de\/de\/\"},{\"@type\":\"ListItem\",\"position\":2,\"name\":\"Kuba: Beh\u00f6rden warnen Fluggesellschaften vor Mangel an Treibstoff\"}]},{\"@type\":\"WebSite\",\"@id\":\"https:\/\/now-news.de\/de\/#website\",\"url\":\"https:\/\/now-news.de\/de\/\",\"name\":\"just-now.NEWS Deutschland\",\"description\":\"Das Portal f\u00fcr unzensierte Nachrichten aus der Welt\",\"publisher\":{\"@id\":\"https:\/\/now-news.de\/de\/#organization\"},\"potentialAction\":[{\"@type\":\"SearchAction\",\"target\":{\"@type\":\"EntryPoint\",\"urlTemplate\":\"https:\/\/now-news.de\/de\/?s={search_term_string}\"},\"query-input\":\"required name=search_term_string\"}],\"inLanguage\":\"de\"},{\"@type\":\"Organization\",\"@id\":\"https:\/\/now-news.de\/de\/#organization\",\"name\":\"Just Now News\",\"url\":\"https:\/\/now-news.de\/de\/\",\"logo\":{\"@type\":\"ImageObject\",\"inLanguage\":\"de\",\"@id\":\"https:\/\/now-news.de\/de\/#\/schema\/logo\/image\/\",\"url\":\"http:\/\/just-now.news\/de\/wp-content\/uploads\/sites\/3\/2022\/04\/logo500x500.jpg\",\"contentUrl\":\"http:\/\/just-now.news\/de\/wp-content\/uploads\/sites\/3\/2022\/04\/logo500x500.jpg\",\"width\":500,\"height\":500,\"caption\":\"Just Now News\"},\"image\":{\"@id\":\"https:\/\/now-news.de\/de\/#\/schema\/logo\/image\/\"},\"sameAs\":[\"https:\/\/www.facebook.com\/wirmachenauf\",\"https:\/\/x.com\/WirMachenAuf_de\"]},{\"@type\":\"Person\",\"@id\":\"https:\/\/now-news.de\/de\/#\/schema\/person\/fb534a4e865501d8b3285208df34a9b5\",\"name\":\"rtnews\",\"image\":{\"@type\":\"ImageObject\",\"inLanguage\":\"de\",\"@id\":\"https:\/\/now-news.de\/de\/#\/schema\/person\/image\/\",\"url\":\"https:\/\/secure.gravatar.com\/avatar\/82aafea7d8127119dd649515f56e2117?s=96&d=mm&r=g\",\"contentUrl\":\"https:\/\/secure.gravatar.com\/avatar\/82aafea7d8127119dd649515f56e2117?s=96&d=mm&r=g\",\"caption\":\"rtnews\"},\"url\":\"https:\/\/now-news.de\/de\/author\/rnews\/\"}]}<\/script>\n<!-- \/ Yoast SEO Premium plugin. -->","yoast_head_json":{"title":"Kuba: Beh\u00f6rden warnen Fluggesellschaften vor Mangel an Treibstoff - just-now.NEWS Deutschland","robots":{"index":"index","follow":"follow","max-snippet":"max-snippet:-1","max-image-preview":"max-image-preview:large","max-video-preview":"max-video-preview:-1"},"canonical":"https:\/\/now-news.de\/de\/deutschland\/kuba-behoerden-warnen-fluggesellschaften-vor-mangel-an-treibstoff\/","og_locale":"de_DE","og_type":"article","og_title":"Kuba: Beh\u00f6rden warnen Fluggesellschaften vor Mangel an Treibstoff","og_description":"Kubanische Beh\u00f6rden warnen die internationalen Fluggesellschaften, dass das Auftanken auf den Flugh\u00e4fen der Inselrepublik f\u00fcr den n\u00e4chsten Monat nicht verf\u00fcgbar sein wird. Die Energiekrise auf der Insel verschlimmert sich wegen verst\u00e4rktem Druck der USA. Die Regierung von Kuba hat die auf der Insel operierenden internationalen Fluggesellschaften gewarnt, dass dem Land aufgrund der US-\u00d6lblockade ab diesem [&hellip;]","og_url":"https:\/\/now-news.de\/de\/deutschland\/kuba-behoerden-warnen-fluggesellschaften-vor-mangel-an-treibstoff\/","og_site_name":"just-now.NEWS Deutschland","article_publisher":"https:\/\/www.facebook.com\/wirmachenauf","article_published_time":"2026-02-09T20:01:01+00:00","og_image":[{"url":"https:\/\/now-news.de\/de\/wp-content\/uploads\/sites\/3\/2026\/02\/6989eb2848fbef2bdf00232d.jpg"}],"author":"rtnews","twitter_card":"summary_large_image","twitter_creator":"@WirMachenAuf_de","twitter_site":"@WirMachenAuf_de","twitter_misc":{"Verfasst von":"rtnews","Gesch\u00e4tzte Lesezeit":"2\u00a0Minuten"},"schema":{"@context":"https:\/\/schema.org","@graph":[{"@type":"Article","@id":"https:\/\/now-news.de\/de\/deutschland\/kuba-behoerden-warnen-fluggesellschaften-vor-mangel-an-treibstoff\/#article","isPartOf":{"@id":"https:\/\/now-news.de\/de\/deutschland\/kuba-behoerden-warnen-fluggesellschaften-vor-mangel-an-treibstoff\/"},"author":{"name":"rtnews","@id":"https:\/\/now-news.de\/de\/#\/schema\/person\/fb534a4e865501d8b3285208df34a9b5"},"headline":"Kuba: Beh\u00f6rden warnen Fluggesellschaften vor Mangel an Treibstoff","datePublished":"2026-02-09T20:01:01+00:00","dateModified":"2026-02-09T20:01:01+00:00","mainEntityOfPage":{"@id":"https:\/\/now-news.de\/de\/deutschland\/kuba-behoerden-warnen-fluggesellschaften-vor-mangel-an-treibstoff\/"},"wordCount":326,"commentCount":0,"publisher":{"@id":"https:\/\/now-news.de\/de\/#organization"},"image":{"@id":"https:\/\/now-news.de\/de\/deutschland\/kuba-behoerden-warnen-fluggesellschaften-vor-mangel-an-treibstoff\/#primaryimage"},"thumbnailUrl":"https:\/\/now-news.de\/de\/wp-content\/uploads\/sites\/3\/2026\/02\/Kuba-Behoerden-warnen-Fluggesellschaften-vor-Mangel-an-Treibstoff.jpg","keywords":["Beh\u00f6rden","Fluggesellschaften","Kuba","Mangel","Treibstoff","vor","warnen"],"articleSection":["Deutschland","Russland"],"inLanguage":"de","potentialAction":[{"@type":"CommentAction","name":"Comment","target":["https:\/\/now-news.de\/de\/deutschland\/kuba-behoerden-warnen-fluggesellschaften-vor-mangel-an-treibstoff\/#respond"]}]},{"@type":"WebPage","@id":"https:\/\/now-news.de\/de\/deutschland\/kuba-behoerden-warnen-fluggesellschaften-vor-mangel-an-treibstoff\/","url":"https:\/\/now-news.de\/de\/deutschland\/kuba-behoerden-warnen-fluggesellschaften-vor-mangel-an-treibstoff\/","name":"Kuba: Beh\u00f6rden warnen Fluggesellschaften vor Mangel an Treibstoff - just-now.NEWS Deutschland","isPartOf":{"@id":"https:\/\/now-news.de\/de\/#website"},"primaryImageOfPage":{"@id":"https:\/\/now-news.de\/de\/deutschland\/kuba-behoerden-warnen-fluggesellschaften-vor-mangel-an-treibstoff\/#primaryimage"},"image":{"@id":"https:\/\/now-news.de\/de\/deutschland\/kuba-behoerden-warnen-fluggesellschaften-vor-mangel-an-treibstoff\/#primaryimage"},"thumbnailUrl":"https:\/\/now-news.de\/de\/wp-content\/uploads\/sites\/3\/2026\/02\/Kuba-Behoerden-warnen-Fluggesellschaften-vor-Mangel-an-Treibstoff.jpg","datePublished":"2026-02-09T20:01:01+00:00","dateModified":"2026-02-09T20:01:01+00:00","breadcrumb":{"@id":"https:\/\/now-news.de\/de\/deutschland\/kuba-behoerden-warnen-fluggesellschaften-vor-mangel-an-treibstoff\/#breadcrumb"},"inLanguage":"de","potentialAction":[{"@type":"ReadAction","target":["https:\/\/now-news.de\/de\/deutschland\/kuba-behoerden-warnen-fluggesellschaften-vor-mangel-an-treibstoff\/"]}]},{"@type":"ImageObject","inLanguage":"de","@id":"https:\/\/now-news.de\/de\/deutschland\/kuba-behoerden-warnen-fluggesellschaften-vor-mangel-an-treibstoff\/#primaryimage","url":"https:\/\/now-news.de\/de\/wp-content\/uploads\/sites\/3\/2026\/02\/Kuba-Behoerden-warnen-Fluggesellschaften-vor-Mangel-an-Treibstoff.jpg","contentUrl":"https:\/\/now-news.de\/de\/wp-content\/uploads\/sites\/3\/2026\/02\/Kuba-Behoerden-warnen-Fluggesellschaften-vor-Mangel-an-Treibstoff.jpg","width":460,"height":259,"caption":"Kuba: Beh\u00f6rden warnen Fluggesellschaften vor Mangel an Treibstoff"},{"@type":"BreadcrumbList","@id":"https:\/\/now-news.de\/de\/deutschland\/kuba-behoerden-warnen-fluggesellschaften-vor-mangel-an-treibstoff\/#breadcrumb","itemListElement":[{"@type":"ListItem","position":1,"name":"Home","item":"https:\/\/now-news.de\/de\/"},{"@type":"ListItem","position":2,"name":"Kuba: Beh\u00f6rden warnen Fluggesellschaften vor Mangel an Treibstoff"}]},{"@type":"WebSite","@id":"https:\/\/now-news.de\/de\/#website","url":"https:\/\/now-news.de\/de\/","name":"just-now.NEWS Deutschland","description":"Das Portal f\u00fcr unzensierte Nachrichten aus der Welt","publisher":{"@id":"https:\/\/now-news.de\/de\/#organization"},"potentialAction":[{"@type":"SearchAction","target":{"@type":"EntryPoint","urlTemplate":"https:\/\/now-news.de\/de\/?s={search_term_string}"},"query-input":"required name=search_term_string"}],"inLanguage":"de"},{"@type":"Organization","@id":"https:\/\/now-news.de\/de\/#organization","name":"Just Now News","url":"https:\/\/now-news.de\/de\/","logo":{"@type":"ImageObject","inLanguage":"de","@id":"https:\/\/now-news.de\/de\/#\/schema\/logo\/image\/","url":"http:\/\/just-now.news\/de\/wp-content\/uploads\/sites\/3\/2022\/04\/logo500x500.jpg","contentUrl":"http:\/\/just-now.news\/de\/wp-content\/uploads\/sites\/3\/2022\/04\/logo500x500.jpg","width":500,"height":500,"caption":"Just Now News"},"image":{"@id":"https:\/\/now-news.de\/de\/#\/schema\/logo\/image\/"},"sameAs":["https:\/\/www.facebook.com\/wirmachenauf","https:\/\/x.com\/WirMachenAuf_de"]},{"@type":"Person","@id":"https:\/\/now-news.de\/de\/#\/schema\/person\/fb534a4e865501d8b3285208df34a9b5","name":"rtnews","image":{"@type":"ImageObject","inLanguage":"de","@id":"https:\/\/now-news.de\/de\/#\/schema\/person\/image\/","url":"https:\/\/secure.gravatar.com\/avatar\/82aafea7d8127119dd649515f56e2117?s=96&d=mm&r=g","contentUrl":"https:\/\/secure.gravatar.com\/avatar\/82aafea7d8127119dd649515f56e2117?s=96&d=mm&r=g","caption":"rtnews"},"url":"https:\/\/now-news.de\/de\/author\/rnews\/"}]}},"_links":{"self":[{"href":"https:\/\/now-news.de\/de\/wp-json\/wp\/v2\/posts\/98642"}],"collection":[{"href":"https:\/\/now-news.de\/de\/wp-json\/wp\/v2\/posts"}],"about":[{"href":"https:\/\/now-news.de\/de\/wp-json\/wp\/v2\/types\/post"}],"author":[{"embeddable":true,"href":"https:\/\/now-news.de\/de\/wp-json\/wp\/v2\/users\/3"}],"replies":[{"embeddable":true,"href":"https:\/\/now-news.de\/de\/wp-json\/wp\/v2\/comments?post=98642"}],"version-history":[{"count":0,"href":"https:\/\/now-news.de\/de\/wp-json\/wp\/v2\/posts\/98642\/revisions"}],"wp:featuredmedia":[{"embeddable":true,"href":"https:\/\/now-news.de\/de\/wp-json\/wp\/v2\/media\/98643"}],"wp:attachment":[{"href":"https:\/\/now-news.de\/de\/wp-json\/wp\/v2\/media?parent=98642"}],"wp:term":[{"taxonomy":"category","embeddable":true,"href":"https:\/\/now-news.de\/de\/wp-json\/wp\/v2\/categories?post=98642"},{"taxonomy":"post_tag","embeddable":true,"href":"https:\/\/now-news.de\/de\/wp-json\/wp\/v2\/tags?post=98642"}],"curies":[{"name":"wp","href":"https:\/\/api.w.org\/{rel}","templated":true}]}}